{"id":15231,"date":"2026-08-30T06:47:24","date_gmt":"2026-08-30T09:47:24","guid":{"rendered":"https:\/\/www.encontrabelohorizonte.com.br\/guia\/sinfonia-da-alvorada-volta-a-bh-em-homenagem-a-jk\/"},"modified":"2026-08-30T06:47:24","modified_gmt":"2026-08-30T09:47:24","slug":"sinfonia-da-alvorada-volta-a-bh-em-homenagem-a-jk","status":"publish","type":"post","link":"https:\/\/www.encontrabelohorizonte.com.br\/guia\/sinfonia-da-alvorada-volta-a-bh-em-homenagem-a-jk\/","title":{"rendered":"Sinfonia da Alvorada volta a BH em homenagem a JK"},"content":{"rendered":"<h2>O que \u00e9 a Sinfonia da Alvorada?<\/h2>\n<p>A <strong>&#8220;Sinfonia da Alvorada&#8221;<\/strong>, composta por Tom Jobim e Vinicius de Moraes, foi criada para celebrar a inaugura\u00e7\u00e3o de Bras\u00edlia, a nova capital do Brasil. Este importante trabalho musical traz \u00e0 tona a ess\u00eancia do pa\u00eds em um momento hist\u00f3rico, onde o desenvolvimento e a modernidade estavam sendo promovidos com entusiasmo. A obra \u00e9 considerada um poema sinf\u00f4nico que integra elementos da m\u00fasica cl\u00e1ssica e popular, capturando a alma do povo brasileiro.<\/p>\n<h2>Import\u00e2ncia Cultural da Obra<\/h2>\n<p>A <strong>&#8220;Sinfonia da Alvorada&#8221;<\/strong> n\u00e3o \u00e9 apenas uma composi\u00e7\u00e3o musical; ela representa um marco significativo na hist\u00f3ria cultural do Brasil. Criada em 1959, seu lan\u00e7amento mostrou a vis\u00e3o progressista de Juscelino Kubitschek, que buscava unir arte e pol\u00edtica em um projeto grandioso. O impacto cultural da obra foi enorme, pois promoveu n\u00e3o apenas a nova capital, mas tamb\u00e9m um renascimento da m\u00fasica brasileira, contribuindo para a identidade nacional.<\/p>\n<h2>Jonas Bloch e sua Participa\u00e7\u00e3o<\/h2>\n<p>A narra\u00e7\u00e3o da apresenta\u00e7\u00e3o ser\u00e1 feita pelo renomado ator <strong>Jonas Bloch<\/strong>, cuja voz cativante e experi\u00eancia no teatro adicionam uma camada adicional \u00e0 performance. Bloch \u00e9 conhecido por sua habilidade em contar hist\u00f3rias, e sua participa\u00e7\u00e3o enriquece a experi\u00eancia ao conectar o p\u00fablico com a narrativa por tr\u00e1s da obra. Essa parceria entre m\u00fasica e narra\u00e7\u00e3o cria uma experi\u00eancia imersiva e memor\u00e1vel.<\/p>\n<p><img decoding=\"async\" src=\"https:\/\/www.encontrabelohorizonte.com.br\/guia\/wp-content\/uploads\/2026\/08\/sinfonia-da-alvorada-volta-a-bh-em-homenagem-a-jk.webp\" alt=\"Sinfonia da Alvorada\" loading=\"lazy\" \/><\/p>\n<h2>O Papel de Juscelino Kubitschek na M\u00fasica<\/h2>\n<p><strong>Juscelino Kubitschek<\/strong>, presidente do Brasil na \u00e9poca da composi\u00e7\u00e3o, foi uma figura-chave na promo\u00e7\u00e3o da cultura e das artes. Ele convocou Tom Jobim e Vinicius de Moraes, dois dos maiores expoentes da m\u00fasica brasileira, para criar uma obra que celebrasse a nova Bras\u00edlia. Essa uni\u00e3o de esfor\u00e7os ressalta o fortalecimento da arte como elemento central no desenvolvimento do pa\u00eds, mostrando como a m\u00fasica pode unir uma na\u00e7\u00e3o em torno de objetivos comuns.<\/p>\n<h2>Cen\u00e1rio Musical em Belo Horizonte<\/h2>\n<p>Belo Horizonte, conhecida por sua vibrante cena cultural, recebe a <strong>&#8220;Sinfonia da Alvorada&#8221;<\/strong> com grande expectativa. A cidade possui um rico patrim\u00f4nio musical e \u00e9 o lar de v\u00e1rias orquestras e grupos de m\u00fasica. A apresenta\u00e7\u00e3o da obra de Jobim e Moraes no Teatro do Minas T\u00eanis Clube coincide com a crescente valoriza\u00e7\u00e3o da cultura na regi\u00e3o e seu potencial como polo art\u00edstico no Brasil.<\/p>\n<h2>Aspectos da Apresenta\u00e7\u00e3o<\/h2>\n<p>A performance da <strong>&#8220;Sinfonia da Alvorada&#8221;<\/strong> ser\u00e1 realizada no dia 5 de setembro com a participa\u00e7\u00e3o de sete m\u00fasicos da Orquestra Filarm\u00f4nica de Minas Gerais, sob a dire\u00e7\u00e3o de <strong>Paulo Rog\u00e9rio Lage<\/strong>. A combina\u00e7\u00e3o de m\u00fasica sinf\u00f4nica dirigida de forma refinada com a narra\u00e7\u00e3o impactante promete criar uma atmosfera envolvente. A obra ser\u00e1 apresentada em sua totalidade, destacando as nuances emocionais que Jobim e Moraes exploraram em sua composi\u00e7\u00e3o.<\/p>\n<h2>Informa\u00e7\u00f5es sobre o Evento<\/h2>\n<p>A apresenta\u00e7\u00e3o ocorre em um local emblem\u00e1tico, o <strong>Teatro do Minas T\u00eanis Clube<\/strong>, \u00e0s 20h. A escolha desse espa\u00e7o n\u00e3o \u00e9 por acaso, j\u00e1 que ele \u00e9 refer\u00eancia em eventos culturais em Belo Horizonte. O evento, promovendo uma imers\u00e3o na m\u00fasica brasileira, \u00e9 uma verdadeira homenagem ao legado de Juscelino Kubitschek e \u00e0 import\u00e2ncia da arte na sociedade.<\/p>\n<h2>Ingressos e Valores<\/h2>\n<p>Os ingressos variam entre R$ 38,25 e R$ 90, possibilitando que diferentes p\u00fablicos tenham acesso a essa experi\u00eancia cultural. Eles podem ser adquiridos atrav\u00e9s do Sympla ou na bilheteria do teatro, permitindo que todos possam participar desse evento que celebra tanto a m\u00fasica quanto a hist\u00f3ria do Brasil.<\/p>\n<h2>Influ\u00eancia da Sinfonia no Brasil<\/h2>\n<p>A <strong>&#8220;Sinfonia da Alvorada&#8221;<\/strong> influenciou n\u00e3o apenas a m\u00fasica brasileira, mas tamb\u00e9m deixou um legado no cen\u00e1rio cultural do pa\u00eds. Sua mensagem celebra a unidade nacional e inspira artistas at\u00e9 os dias atuais. A obra ressoa como um s\u00edmbolo de esperan\u00e7a e novas possibilidades, refletindo o esp\u00edrito inovador da \u00e9poca e a capacidade da m\u00fasica de transcender barreiras.<\/p>\n<h2>Expectativas para a Performance<\/h2>\n<p>As expectativas para a performance s\u00e3o altas, e a apresenta\u00e7\u00e3o promete ser uma celebra\u00e7\u00e3o n\u00e3o apenas da obra em si, mas tamb\u00e9m da rica heran\u00e7a cultural do Brasil. Com a combina\u00e7\u00e3o de um elenco talentoso e um p\u00fablico entusiasta, a <strong>&#8220;Sinfonia da Alvorada&#8221;<\/strong> ser\u00e1, sem d\u00favida, um evento memor\u00e1vel, aumentando o apelo da m\u00fasica cl\u00e1ssica entre o p\u00fablico geral e refor\u00e7ando a import\u00e2ncia da arte como ve\u00edculo de express\u00e3o e reflex\u00e3o sobre nossa hist\u00f3ria e identidade.<\/p>\n","protected":false},"excerpt":{"rendered":"<p>Sinfonia da Alvorada retorna a Belo Horizonte em uma homenagem a JK.<\/p>\n","protected":false},"author":1,"featured_media":15230,"comment_status":"open","ping_status":"open","sticky":false,"template":"","format":"standard","meta":{"footnotes":""},"categories":[902],"tags":[],"class_list":["post-15231","post","type-post","status-publish","format-standard","has-post-thumbnail","hentry","category-shows","has_thumb"],"yoast_head":"<!-- This site is optimized with the Yoast SEO plugin v28.2 - https:\/\/yoast.com\/product\/yoast-seo-wordpress\/ -->\n<title>Sinfonia da Alvorada volta a BH em homenagem a JK | Guia Comercial de Belo Horizonte MG<\/title>\n<meta name=\"robots\" content=\"index, follow, max-snippet:-1, max-image-preview:large, max-video-preview:-1\" \/>\n<link rel=\"canonical\" href=\"https:\/\/www.encontrabelohorizonte.com.br\/guia\/sinfonia-da-alvorada-volta-a-bh-em-homenagem-a-jk\/\" \/>\n<meta property=\"og:locale\" content=\"pt_BR\" \/>\n<meta property=\"og:type\" content=\"article\" \/>\n<meta property=\"og:title\" content=\"Sinfonia da Alvorada volta a BH em homenagem a JK | Guia Comercial de Belo Horizonte MG\" \/>\n<meta property=\"og:description\" content=\"Sinfonia da Alvorada retorna a Belo Horizonte em uma homenagem a JK.\" \/>\n<meta property=\"og:url\" content=\"https:\/\/www.encontrabelohorizonte.com.br\/guia\/sinfonia-da-alvorada-volta-a-bh-em-homenagem-a-jk\/\" \/>\n<meta property=\"og:site_name\" content=\"Guia Comercial de Belo Horizonte MG\" \/>\n<meta property=\"article:published_time\" content=\"2026-08-30T09:47:24+00:00\" \/>\n<meta property=\"og:image\" content=\"https:\/\/www.encontrabelohorizonte.com.br\/guia\/wp-content\/uploads\/2026\/08\/sinfonia-da-alvorada-volta-a-bh-em-homenagem-a-jk.webp\" \/>\n<meta name=\"author\" content=\"Encontra Belo Horizonte\" \/>\n<meta name=\"twitter:card\" content=\"summary_large_image\" \/>\n<meta name=\"twitter:label1\" content=\"Escrito por\" \/>\n\t<meta name=\"twitter:data1\" content=\"Encontra Belo Horizonte\" \/>\n\t<meta name=\"twitter:label2\" content=\"Est. tempo de leitura\" \/>\n\t<meta name=\"twitter:data2\" content=\"4 minutos\" \/>\n<script type=\"application\/ld+json\" class=\"yoast-schema-graph\">{\"@context\":\"https:\\\/\\\/schema.org\",\"@graph\":[{\"@type\":\"Article\",\"@id\":\"https:\\\/\\\/www.encontrabelohorizonte.com.br\\\/guia\\\/sinfonia-da-alvorada-volta-a-bh-em-homenagem-a-jk\\\/#article\",\"isPartOf\":{\"@id\":\"https:\\\/\\\/www.encontrabelohorizonte.com.br\\\/guia\\\/sinfonia-da-alvorada-volta-a-bh-em-homenagem-a-jk\\\/\"},\"author\":{\"name\":\"Encontra Belo Horizonte\",\"@id\":\"https:\\\/\\\/www.encontrabelohorizonte.com.br\\\/guia\\\/#\\\/schema\\\/person\\\/6b792069f07fee9a700a7caa85fb85a9\"},\"headline\":\"Sinfonia da Alvorada volta a BH em homenagem a JK\",\"datePublished\":\"2026-08-30T09:47:24+00:00\",\"mainEntityOfPage\":{\"@id\":\"https:\\\/\\\/www.encontrabelohorizonte.com.br\\\/guia\\\/sinfonia-da-alvorada-volta-a-bh-em-homenagem-a-jk\\\/\"},\"wordCount\":795,\"commentCount\":0,\"image\":{\"@id\":\"https:\\\/\\\/www.encontrabelohorizonte.com.br\\\/guia\\\/sinfonia-da-alvorada-volta-a-bh-em-homenagem-a-jk\\\/#primaryimage\"},\"thumbnailUrl\":\"https:\\\/\\\/www.encontrabelohorizonte.com.br\\\/guia\\\/wp-content\\\/uploads\\\/2026\\\/08\\\/sinfonia-da-alvorada-volta-a-bh-em-homenagem-a-jk.webp\",\"articleSection\":[\"Shows Belo Horizonte\"],\"inLanguage\":\"pt-BR\",\"potentialAction\":[{\"@type\":\"CommentAction\",\"name\":\"Comment\",\"target\":[\"https:\\\/\\\/www.encontrabelohorizonte.com.br\\\/guia\\\/sinfonia-da-alvorada-volta-a-bh-em-homenagem-a-jk\\\/#respond\"]}]},{\"@type\":\"WebPage\",\"@id\":\"https:\\\/\\\/www.encontrabelohorizonte.com.br\\\/guia\\\/sinfonia-da-alvorada-volta-a-bh-em-homenagem-a-jk\\\/\",\"url\":\"https:\\\/\\\/www.encontrabelohorizonte.com.br\\\/guia\\\/sinfonia-da-alvorada-volta-a-bh-em-homenagem-a-jk\\\/\",\"name\":\"Sinfonia da Alvorada volta a BH em homenagem a JK | Guia Comercial de Belo Horizonte MG\",\"isPartOf\":{\"@id\":\"https:\\\/\\\/www.encontrabelohorizonte.com.br\\\/guia\\\/#website\"},\"primaryImageOfPage\":{\"@id\":\"https:\\\/\\\/www.encontrabelohorizonte.com.br\\\/guia\\\/sinfonia-da-alvorada-volta-a-bh-em-homenagem-a-jk\\\/#primaryimage\"},\"image\":{\"@id\":\"https:\\\/\\\/www.encontrabelohorizonte.com.br\\\/guia\\\/sinfonia-da-alvorada-volta-a-bh-em-homenagem-a-jk\\\/#primaryimage\"},\"thumbnailUrl\":\"https:\\\/\\\/www.encontrabelohorizonte.com.br\\\/guia\\\/wp-content\\\/uploads\\\/2026\\\/08\\\/sinfonia-da-alvorada-volta-a-bh-em-homenagem-a-jk.webp\",\"datePublished\":\"2026-08-30T09:47:24+00:00\",\"author\":{\"@id\":\"https:\\\/\\\/www.encontrabelohorizonte.com.br\\\/guia\\\/#\\\/schema\\\/person\\\/6b792069f07fee9a700a7caa85fb85a9\"},\"inLanguage\":\"pt-BR\",\"potentialAction\":[{\"@type\":\"ReadAction\",\"target\":[\"https:\\\/\\\/www.encontrabelohorizonte.com.br\\\/guia\\\/sinfonia-da-alvorada-volta-a-bh-em-homenagem-a-jk\\\/\"]}]},{\"@type\":\"ImageObject\",\"inLanguage\":\"pt-BR\",\"@id\":\"https:\\\/\\\/www.encontrabelohorizonte.com.br\\\/guia\\\/sinfonia-da-alvorada-volta-a-bh-em-homenagem-a-jk\\\/#primaryimage\",\"url\":\"https:\\\/\\\/www.encontrabelohorizonte.com.br\\\/guia\\\/wp-content\\\/uploads\\\/2026\\\/08\\\/sinfonia-da-alvorada-volta-a-bh-em-homenagem-a-jk.webp\",\"contentUrl\":\"https:\\\/\\\/www.encontrabelohorizonte.com.br\\\/guia\\\/wp-content\\\/uploads\\\/2026\\\/08\\\/sinfonia-da-alvorada-volta-a-bh-em-homenagem-a-jk.webp\",\"width\":280,\"height\":280,\"caption\":\"Sinfonia da Alvorada\"},{\"@type\":\"WebSite\",\"@id\":\"https:\\\/\\\/www.encontrabelohorizonte.com.br\\\/guia\\\/#website\",\"url\":\"https:\\\/\\\/www.encontrabelohorizonte.com.br\\\/guia\\\/\",\"name\":\"Guia Comercial de Belo Horizonte MG\",\"description\":\"ENCONTRA BELO HORIZONTE - O guia comercial de neg\u00f3cios e empresas, cultura e divers\u00e3o na cidade de Belo Horizonte. Feito 100% para voc\u00ea morador!\",\"potentialAction\":[{\"@type\":\"SearchAction\",\"target\":{\"@type\":\"EntryPoint\",\"urlTemplate\":\"https:\\\/\\\/www.encontrabelohorizonte.com.br\\\/guia\\\/?s={search_term_string}\"},\"query-input\":{\"@type\":\"PropertyValueSpecification\",\"valueRequired\":true,\"valueName\":\"search_term_string\"}}],\"inLanguage\":\"pt-BR\"},{\"@type\":\"Person\",\"@id\":\"https:\\\/\\\/www.encontrabelohorizonte.com.br\\\/guia\\\/#\\\/schema\\\/person\\\/6b792069f07fee9a700a7caa85fb85a9\",\"name\":\"Encontra Belo Horizonte\",\"image\":{\"@type\":\"ImageObject\",\"inLanguage\":\"pt-BR\",\"@id\":\"https:\\\/\\\/secure.gravatar.com\\\/avatar\\\/c50c17820bcf322f0a8fd6b110b8c0918141409dc69076470f6fca5fee70a5d4?s=96&d=mm&r=g\",\"url\":\"https:\\\/\\\/secure.gravatar.com\\\/avatar\\\/c50c17820bcf322f0a8fd6b110b8c0918141409dc69076470f6fca5fee70a5d4?s=96&d=mm&r=g\",\"contentUrl\":\"https:\\\/\\\/secure.gravatar.com\\\/avatar\\\/c50c17820bcf322f0a8fd6b110b8c0918141409dc69076470f6fca5fee70a5d4?s=96&d=mm&r=g\",\"caption\":\"Encontra Belo Horizonte\"},\"url\":\"https:\\\/\\\/www.encontrabelohorizonte.com.br\\\/guia\\\/author\\\/encontrabelohorizonte\\\/\"}]}<\/script>\n<!-- \/ Yoast SEO plugin. -->","yoast_head_json":{"title":"Sinfonia da Alvorada volta a BH em homenagem a JK | Guia Comercial de Belo Horizonte MG","robots":{"index":"index","follow":"follow","max-snippet":"max-snippet:-1","max-image-preview":"max-image-preview:large","max-video-preview":"max-video-preview:-1"},"canonical":"https:\/\/www.encontrabelohorizonte.com.br\/guia\/sinfonia-da-alvorada-volta-a-bh-em-homenagem-a-jk\/","og_locale":"pt_BR","og_type":"article","og_title":"Sinfonia da Alvorada volta a BH em homenagem a JK | Guia Comercial de Belo Horizonte MG","og_description":"Sinfonia da Alvorada retorna a Belo Horizonte em uma homenagem a JK.","og_url":"https:\/\/www.encontrabelohorizonte.com.br\/guia\/sinfonia-da-alvorada-volta-a-bh-em-homenagem-a-jk\/","og_site_name":"Guia Comercial de Belo Horizonte MG","article_published_time":"2026-08-30T09:47:24+00:00","og_image":[{"url":"https:\/\/www.encontrabelohorizonte.com.br\/guia\/wp-content\/uploads\/2026\/08\/sinfonia-da-alvorada-volta-a-bh-em-homenagem-a-jk.webp","type":"","width":"","height":""}],"author":"Encontra Belo Horizonte","twitter_card":"summary_large_image","twitter_misc":{"Escrito por":"Encontra Belo Horizonte","Est. tempo de leitura":"4 minutos"},"schema":{"@context":"https:\/\/schema.org","@graph":[{"@type":"Article","@id":"https:\/\/www.encontrabelohorizonte.com.br\/guia\/sinfonia-da-alvorada-volta-a-bh-em-homenagem-a-jk\/#article","isPartOf":{"@id":"https:\/\/www.encontrabelohorizonte.com.br\/guia\/sinfonia-da-alvorada-volta-a-bh-em-homenagem-a-jk\/"},"author":{"name":"Encontra Belo Horizonte","@id":"https:\/\/www.encontrabelohorizonte.com.br\/guia\/#\/schema\/person\/6b792069f07fee9a700a7caa85fb85a9"},"headline":"Sinfonia da Alvorada volta a BH em homenagem a JK","datePublished":"2026-08-30T09:47:24+00:00","mainEntityOfPage":{"@id":"https:\/\/www.encontrabelohorizonte.com.br\/guia\/sinfonia-da-alvorada-volta-a-bh-em-homenagem-a-jk\/"},"wordCount":795,"commentCount":0,"image":{"@id":"https:\/\/www.encontrabelohorizonte.com.br\/guia\/sinfonia-da-alvorada-volta-a-bh-em-homenagem-a-jk\/#primaryimage"},"thumbnailUrl":"https:\/\/www.encontrabelohorizonte.com.br\/guia\/wp-content\/uploads\/2026\/08\/sinfonia-da-alvorada-volta-a-bh-em-homenagem-a-jk.webp","articleSection":["Shows Belo Horizonte"],"inLanguage":"pt-BR","potentialAction":[{"@type":"CommentAction","name":"Comment","target":["https:\/\/www.encontrabelohorizonte.com.br\/guia\/sinfonia-da-alvorada-volta-a-bh-em-homenagem-a-jk\/#respond"]}]},{"@type":"WebPage","@id":"https:\/\/www.encontrabelohorizonte.com.br\/guia\/sinfonia-da-alvorada-volta-a-bh-em-homenagem-a-jk\/","url":"https:\/\/www.encontrabelohorizonte.com.br\/guia\/sinfonia-da-alvorada-volta-a-bh-em-homenagem-a-jk\/","name":"Sinfonia da Alvorada volta a BH em homenagem a JK | Guia Comercial de Belo Horizonte MG","isPartOf":{"@id":"https:\/\/www.encontrabelohorizonte.com.br\/guia\/#website"},"primaryImageOfPage":{"@id":"https:\/\/www.encontrabelohorizonte.com.br\/guia\/sinfonia-da-alvorada-volta-a-bh-em-homenagem-a-jk\/#primaryimage"},"image":{"@id":"https:\/\/www.encontrabelohorizonte.com.br\/guia\/sinfonia-da-alvorada-volta-a-bh-em-homenagem-a-jk\/#primaryimage"},"thumbnailUrl":"https:\/\/www.encontrabelohorizonte.com.br\/guia\/wp-content\/uploads\/2026\/08\/sinfonia-da-alvorada-volta-a-bh-em-homenagem-a-jk.webp","datePublished":"2026-08-30T09:47:24+00:00","author":{"@id":"https:\/\/www.encontrabelohorizonte.com.br\/guia\/#\/schema\/person\/6b792069f07fee9a700a7caa85fb85a9"},"inLanguage":"pt-BR","potentialAction":[{"@type":"ReadAction","target":["https:\/\/www.encontrabelohorizonte.com.br\/guia\/sinfonia-da-alvorada-volta-a-bh-em-homenagem-a-jk\/"]}]},{"@type":"ImageObject","inLanguage":"pt-BR","@id":"https:\/\/www.encontrabelohorizonte.com.br\/guia\/sinfonia-da-alvorada-volta-a-bh-em-homenagem-a-jk\/#primaryimage","url":"https:\/\/www.encontrabelohorizonte.com.br\/guia\/wp-content\/uploads\/2026\/08\/sinfonia-da-alvorada-volta-a-bh-em-homenagem-a-jk.webp","contentUrl":"https:\/\/www.encontrabelohorizonte.com.br\/guia\/wp-content\/uploads\/2026\/08\/sinfonia-da-alvorada-volta-a-bh-em-homenagem-a-jk.webp","width":280,"height":280,"caption":"Sinfonia da Alvorada"},{"@type":"WebSite","@id":"https:\/\/www.encontrabelohorizonte.com.br\/guia\/#website","url":"https:\/\/www.encontrabelohorizonte.com.br\/guia\/","name":"Guia Comercial de Belo Horizonte MG","description":"ENCONTRA BELO HORIZONTE - O guia comercial de neg\u00f3cios e empresas, cultura e divers\u00e3o na cidade de Belo Horizonte. Feito 100% para voc\u00ea morador!","potentialAction":[{"@type":"SearchAction","target":{"@type":"EntryPoint","urlTemplate":"https:\/\/www.encontrabelohorizonte.com.br\/guia\/?s={search_term_string}"},"query-input":{"@type":"PropertyValueSpecification","valueRequired":true,"valueName":"search_term_string"}}],"inLanguage":"pt-BR"},{"@type":"Person","@id":"https:\/\/www.encontrabelohorizonte.com.br\/guia\/#\/schema\/person\/6b792069f07fee9a700a7caa85fb85a9","name":"Encontra Belo Horizonte","image":{"@type":"ImageObject","inLanguage":"pt-BR","@id":"https:\/\/secure.gravatar.com\/avatar\/c50c17820bcf322f0a8fd6b110b8c0918141409dc69076470f6fca5fee70a5d4?s=96&d=mm&r=g","url":"https:\/\/secure.gravatar.com\/avatar\/c50c17820bcf322f0a8fd6b110b8c0918141409dc69076470f6fca5fee70a5d4?s=96&d=mm&r=g","contentUrl":"https:\/\/secure.gravatar.com\/avatar\/c50c17820bcf322f0a8fd6b110b8c0918141409dc69076470f6fca5fee70a5d4?s=96&d=mm&r=g","caption":"Encontra Belo Horizonte"},"url":"https:\/\/www.encontrabelohorizonte.com.br\/guia\/author\/encontrabelohorizonte\/"}]}},"_links":{"self":[{"href":"https:\/\/www.encontrabelohorizonte.com.br\/guia\/wp-json\/wp\/v2\/posts\/15231","targetHints":{"allow":["GET"]}}],"collection":[{"href":"https:\/\/www.encontrabelohorizonte.com.br\/guia\/wp-json\/wp\/v2\/posts"}],"about":[{"href":"https:\/\/www.encontrabelohorizonte.com.br\/guia\/wp-json\/wp\/v2\/types\/post"}],"author":[{"embeddable":true,"href":"https:\/\/www.encontrabelohorizonte.com.br\/guia\/wp-json\/wp\/v2\/users\/1"}],"replies":[{"embeddable":true,"href":"https:\/\/www.encontrabelohorizonte.com.br\/guia\/wp-json\/wp\/v2\/comments?post=15231"}],"version-history":[{"count":0,"href":"https:\/\/www.encontrabelohorizonte.com.br\/guia\/wp-json\/wp\/v2\/posts\/15231\/revisions"}],"wp:featuredmedia":[{"embeddable":true,"href":"https:\/\/www.encontrabelohorizonte.com.br\/guia\/wp-json\/wp\/v2\/media\/15230"}],"wp:attachment":[{"href":"https:\/\/www.encontrabelohorizonte.com.br\/guia\/wp-json\/wp\/v2\/media?parent=15231"}],"wp:term":[{"taxonomy":"category","embeddable":true,"href":"https:\/\/www.encontrabelohorizonte.com.br\/guia\/wp-json\/wp\/v2\/categories?post=15231"},{"taxonomy":"post_tag","embeddable":true,"href":"https:\/\/www.encontrabelohorizonte.com.br\/guia\/wp-json\/wp\/v2\/tags?post=15231"}],"curies":[{"name":"wp","href":"https:\/\/api.w.org\/{rel}","templated":true}]}}