{"id":15259,"date":"2026-09-04T06:11:50","date_gmt":"2026-09-04T09:11:50","guid":{"rendered":"https:\/\/www.encontrabelohorizonte.com.br\/guia\/ibge-inicia-prova\/"},"modified":"2026-09-04T06:11:50","modified_gmt":"2026-09-04T09:11:50","slug":"ibge-inicia-prova","status":"publish","type":"post","link":"https:\/\/www.encontrabelohorizonte.com.br\/guia\/ibge-inicia-prova\/","title":{"rendered":"IBGE inicia prova"},"content":{"rendered":"<h2>Objetivo da Prova Piloto<\/h2>\n<p>A primeira prova-piloto do Censo Nacional da Popula\u00e7\u00e3o em Situa\u00e7\u00e3o de Rua tem como principal objetivo testar e validar as metodologias e procedimentos que ser\u00e3o utilizados no levantamento nacional programado para 2028. Este experimento ser\u00e1 realizado em cinco capitais brasileiras, abrangendo um total de mais de 400 profissionais que desempenhar\u00e3o fun\u00e7\u00f5es variadas, desde recenseadores at\u00e9 supervisores.<\/p>\n<h2>Import\u00e2ncia do Censo<\/h2>\n<p>O Censo Nacional da Popula\u00e7\u00e3o em Situa\u00e7\u00e3o de Rua \u00e9 um marco na coleta de dados sobre uma das popula\u00e7\u00f5es mais vulner\u00e1veis do Brasil. A import\u00e2ncia deste censo reside na necessidade de obter informa\u00e7\u00f5es precisas que ajudem a elaborar pol\u00edticas p\u00fablicas eficazes. Dados confi\u00e1veis possibilitar\u00e3o \u00e0 administra\u00e7\u00e3o p\u00fablica entender melhor as condi\u00e7\u00f5es de vida, os direitos e as necessidades dessa popula\u00e7\u00e3o.<\/p>\n<h2>Cidades Participantes<\/h2>\n<p>As cidades selecionadas para esta fase de testes s\u00e3o:<\/p>\n<p><img decoding=\"async\" src=\"https:\/\/www.encontrabelohorizonte.com.br\/guia\/wp-content\/uploads\/2026\/09\/ibge-inicia-prova.webp\" alt=\"Censo Nacional da Popula\u00e7\u00e3o em Situa\u00e7\u00e3o de Rua\" loading=\"lazy\" \/><\/p>\n<ul>\n<li>Belo Horizonte \/ MG<\/li>\n<li>Florian\u00f3polis \/ SC<\/li>\n<li>Goi\u00e2nia \/ GO<\/li>\n<li>Salvador \/ BA<\/li>\n<li>Manaus \/ AM<\/li>\n<\/ul>\n<p>Estas localidades foram escolhidas devido \u00e0 sua diversidade em termos de realidades sociais e econ\u00f4micas, permitindo uma ampla gama de dados e experi\u00eancias que contribuir\u00e3o para a realiza\u00e7\u00e3o do censo final.<\/p>\n<h2>Metodologia Utilizada<\/h2>\n<p>A metodologia proposta para o censo inclui a realiza\u00e7\u00e3o de abordagens noturnas, que s\u00e3o essenciais para alcan\u00e7ar a popula\u00e7\u00e3o em situa\u00e7\u00e3o de rua, que tende a estar mais vis\u00edvel durante a noite. As equipes estar\u00e3o uniformizadas, utilizando coletes identificativos e crach\u00e1s do IBGE, para garantir a seguran\u00e7a e a confian\u00e7a dos respondentes.<\/p>\n<h2>O Papel do IBGE<\/h2>\n<p>O Instituto Brasileiro de Geografia e Estat\u00edstica (IBGE) desempenha um papel central na coordena\u00e7\u00e3o e na execu\u00e7\u00e3o do censo. Al\u00e9m de se responsabilizar pela supervis\u00e3o dos recenseadores e pela an\u00e1lise dos dados coletados, o IBGE est\u00e1 tamb\u00e9m comprometido em seguir as diretrizes da Pol\u00edtica Nacional para a Popula\u00e7\u00e3o em Situa\u00e7\u00e3o de Rua, assegurando que os direitos das pessoas entrevistadas sejam respeitados.<\/p>\n<h2>Expectativas para o Futuro<\/h2>\n<p>As expectativas em torno do Censo Nacional s\u00e3o altas. Espera-se que os resultados obtenham informa\u00e7\u00f5es detalhadas que ajudem a enquadrar pol\u00edticas sociais mais assertivas, capazes de atender \u00e0s reais necessidades da popula\u00e7\u00e3o em situa\u00e7\u00e3o de rua. Existe um senso de urg\u00eancia entre os gestores e especialistas envolvidos neste projeto.<\/p>\n<h2>Desafios Enfrentados<\/h2>\n<p>Os testes enfrentam diversos desafios, incluindo a resist\u00eancia de algumas pessoas em fornecer informa\u00e7\u00f5es, o que \u00e9 comum ao lidar com popula\u00e7\u00f5es vulner\u00e1veis. A falta de registros formais e a dificuldade de acessar \u00e1reas onde essas popula\u00e7\u00f5es est\u00e3o concentradas tamb\u00e9m representam complica\u00e7\u00f5es. Para mitigar esses desafios, a atua\u00e7\u00e3o de pontos focais, que s\u00e3o representantes de movimentos sociais e do governo, \u00e9 crucial.<\/p>\n<h2>Rea\u00e7\u00f5es de Especialistas<\/h2>\n<p>Especialistas em pol\u00edticas p\u00fablicas t\u00eam demonstrado grande interesse neste projeto. Muitos defendem que os dados coletados ser\u00e3o essenciais para o desenvolvimento de estrat\u00e9gias eficazes que visem a inclus\u00e3o social. A participa\u00e7\u00e3o de representantes da sociedade civil, como o Comit\u00ea Intersetorial de Acompanhamento e Monitoramento da Pol\u00edtica Nacional para a Popula\u00e7\u00e3o em Situa\u00e7\u00e3o de Rua, garante tamb\u00e9m que as vozes dos mais afetados sejam ouvidas.<\/p>\n<h2>Impacto na Sociedade<\/h2>\n<p>A realiza\u00e7\u00e3o deste censo promete gerar um impacto significativo na sociedade, uma vez que os dados obtidos poder\u00e3o ser usados para influenciar pol\u00edticas p\u00fablicas voltadas para a reintegra\u00e7\u00e3o das pessoas em situa\u00e7\u00e3o de rua. Com informa\u00e7\u00f5es sobre as condi\u00e7\u00f5es de vida e necessidades dessa popula\u00e7\u00e3o, ser\u00e1 poss\u00edvel formular respostas mais efetivas e personalizadas.<\/p>\n<h2>Pr\u00f3ximas Etapas do Censo<\/h2>\n<p>Ap\u00f3s a conclus\u00e3o da prova-piloto, os resultados ser\u00e3o analisados e as metodologias poder\u00e3o ser ajustadas antes da implementa\u00e7\u00e3o do censo nacional efetivo. Programado para ocorrer em 2028, o censo buscar\u00e1 esclarecer de vez a situa\u00e7\u00e3o da popula\u00e7\u00e3o em situa\u00e7\u00e3o de rua no Brasil, oferecendo um retrato mais claro e informativo.<\/p>\n","protected":false},"excerpt":{"rendered":"<p>O Censo Nacional da Popula\u00e7\u00e3o em Situa\u00e7\u00e3o de Rua come\u00e7a em BH.<\/p>\n","protected":false},"author":1,"featured_media":15258,"comment_status":"open","ping_status":"open","sticky":false,"template":"","format":"standard","meta":{"footnotes":""},"categories":[5],"tags":[],"class_list":["post-15259","post","type-post","status-publish","format-standard","has-post-thumbnail","hentry","category-noticias","has_thumb"],"yoast_head":"<!-- This site is optimized with the Yoast SEO plugin v28.2 - https:\/\/yoast.com\/product\/yoast-seo-wordpress\/ -->\n<title>IBGE inicia prova | Guia Comercial de Belo Horizonte MG<\/title>\n<meta name=\"robots\" content=\"index, follow, max-snippet:-1, max-image-preview:large, max-video-preview:-1\" \/>\n<link rel=\"canonical\" href=\"https:\/\/www.encontrabelohorizonte.com.br\/guia\/ibge-inicia-prova\/\" \/>\n<meta property=\"og:locale\" content=\"pt_BR\" \/>\n<meta property=\"og:type\" content=\"article\" \/>\n<meta property=\"og:title\" content=\"IBGE inicia prova | Guia Comercial de Belo Horizonte MG\" \/>\n<meta property=\"og:description\" content=\"O Censo Nacional da Popula\u00e7\u00e3o em Situa\u00e7\u00e3o de Rua come\u00e7a em BH.\" \/>\n<meta property=\"og:url\" content=\"https:\/\/www.encontrabelohorizonte.com.br\/guia\/ibge-inicia-prova\/\" \/>\n<meta property=\"og:site_name\" content=\"Guia Comercial de Belo Horizonte MG\" \/>\n<meta property=\"article:published_time\" content=\"2026-09-04T09:11:50+00:00\" \/>\n<meta property=\"og:image\" content=\"https:\/\/www.encontrabelohorizonte.com.br\/guia\/wp-content\/uploads\/2026\/09\/ibge-inicia-prova.webp\" \/>\n<meta name=\"author\" content=\"Encontra Belo Horizonte\" \/>\n<meta name=\"twitter:card\" content=\"summary_large_image\" \/>\n<meta name=\"twitter:label1\" content=\"Escrito por\" \/>\n\t<meta name=\"twitter:data1\" content=\"Encontra Belo Horizonte\" \/>\n\t<meta name=\"twitter:label2\" content=\"Est. tempo de leitura\" \/>\n\t<meta name=\"twitter:data2\" content=\"3 minutos\" \/>\n<script type=\"application\/ld+json\" class=\"yoast-schema-graph\">{\"@context\":\"https:\\\/\\\/schema.org\",\"@graph\":[{\"@type\":\"Article\",\"@id\":\"https:\\\/\\\/www.encontrabelohorizonte.com.br\\\/guia\\\/ibge-inicia-prova\\\/#article\",\"isPartOf\":{\"@id\":\"https:\\\/\\\/www.encontrabelohorizonte.com.br\\\/guia\\\/ibge-inicia-prova\\\/\"},\"author\":{\"name\":\"Encontra Belo Horizonte\",\"@id\":\"https:\\\/\\\/www.encontrabelohorizonte.com.br\\\/guia\\\/#\\\/schema\\\/person\\\/6b792069f07fee9a700a7caa85fb85a9\"},\"headline\":\"IBGE inicia prova\",\"datePublished\":\"2026-09-04T09:11:50+00:00\",\"mainEntityOfPage\":{\"@id\":\"https:\\\/\\\/www.encontrabelohorizonte.com.br\\\/guia\\\/ibge-inicia-prova\\\/\"},\"wordCount\":679,\"commentCount\":0,\"image\":{\"@id\":\"https:\\\/\\\/www.encontrabelohorizonte.com.br\\\/guia\\\/ibge-inicia-prova\\\/#primaryimage\"},\"thumbnailUrl\":\"https:\\\/\\\/www.encontrabelohorizonte.com.br\\\/guia\\\/wp-content\\\/uploads\\\/2026\\\/09\\\/ibge-inicia-prova.webp\",\"articleSection\":[\"Not\u00edcias Belo Horizonte\"],\"inLanguage\":\"pt-BR\",\"potentialAction\":[{\"@type\":\"CommentAction\",\"name\":\"Comment\",\"target\":[\"https:\\\/\\\/www.encontrabelohorizonte.com.br\\\/guia\\\/ibge-inicia-prova\\\/#respond\"]}]},{\"@type\":\"WebPage\",\"@id\":\"https:\\\/\\\/www.encontrabelohorizonte.com.br\\\/guia\\\/ibge-inicia-prova\\\/\",\"url\":\"https:\\\/\\\/www.encontrabelohorizonte.com.br\\\/guia\\\/ibge-inicia-prova\\\/\",\"name\":\"IBGE inicia prova | Guia Comercial de Belo Horizonte MG\",\"isPartOf\":{\"@id\":\"https:\\\/\\\/www.encontrabelohorizonte.com.br\\\/guia\\\/#website\"},\"primaryImageOfPage\":{\"@id\":\"https:\\\/\\\/www.encontrabelohorizonte.com.br\\\/guia\\\/ibge-inicia-prova\\\/#primaryimage\"},\"image\":{\"@id\":\"https:\\\/\\\/www.encontrabelohorizonte.com.br\\\/guia\\\/ibge-inicia-prova\\\/#primaryimage\"},\"thumbnailUrl\":\"https:\\\/\\\/www.encontrabelohorizonte.com.br\\\/guia\\\/wp-content\\\/uploads\\\/2026\\\/09\\\/ibge-inicia-prova.webp\",\"datePublished\":\"2026-09-04T09:11:50+00:00\",\"author\":{\"@id\":\"https:\\\/\\\/www.encontrabelohorizonte.com.br\\\/guia\\\/#\\\/schema\\\/person\\\/6b792069f07fee9a700a7caa85fb85a9\"},\"inLanguage\":\"pt-BR\",\"potentialAction\":[{\"@type\":\"ReadAction\",\"target\":[\"https:\\\/\\\/www.encontrabelohorizonte.com.br\\\/guia\\\/ibge-inicia-prova\\\/\"]}]},{\"@type\":\"ImageObject\",\"inLanguage\":\"pt-BR\",\"@id\":\"https:\\\/\\\/www.encontrabelohorizonte.com.br\\\/guia\\\/ibge-inicia-prova\\\/#primaryimage\",\"url\":\"https:\\\/\\\/www.encontrabelohorizonte.com.br\\\/guia\\\/wp-content\\\/uploads\\\/2026\\\/09\\\/ibge-inicia-prova.webp\",\"contentUrl\":\"https:\\\/\\\/www.encontrabelohorizonte.com.br\\\/guia\\\/wp-content\\\/uploads\\\/2026\\\/09\\\/ibge-inicia-prova.webp\",\"width\":280,\"height\":280,\"caption\":\"Censo Nacional da Popula\u00e7\u00e3o em Situa\u00e7\u00e3o de Rua\"},{\"@type\":\"WebSite\",\"@id\":\"https:\\\/\\\/www.encontrabelohorizonte.com.br\\\/guia\\\/#website\",\"url\":\"https:\\\/\\\/www.encontrabelohorizonte.com.br\\\/guia\\\/\",\"name\":\"Guia Comercial de Belo Horizonte MG\",\"description\":\"ENCONTRA BELO HORIZONTE - O guia comercial de neg\u00f3cios e empresas, cultura e divers\u00e3o na cidade de Belo Horizonte. Feito 100% para voc\u00ea morador!\",\"potentialAction\":[{\"@type\":\"SearchAction\",\"target\":{\"@type\":\"EntryPoint\",\"urlTemplate\":\"https:\\\/\\\/www.encontrabelohorizonte.com.br\\\/guia\\\/?s={search_term_string}\"},\"query-input\":{\"@type\":\"PropertyValueSpecification\",\"valueRequired\":true,\"valueName\":\"search_term_string\"}}],\"inLanguage\":\"pt-BR\"},{\"@type\":\"Person\",\"@id\":\"https:\\\/\\\/www.encontrabelohorizonte.com.br\\\/guia\\\/#\\\/schema\\\/person\\\/6b792069f07fee9a700a7caa85fb85a9\",\"name\":\"Encontra Belo Horizonte\",\"image\":{\"@type\":\"ImageObject\",\"inLanguage\":\"pt-BR\",\"@id\":\"https:\\\/\\\/secure.gravatar.com\\\/avatar\\\/c50c17820bcf322f0a8fd6b110b8c0918141409dc69076470f6fca5fee70a5d4?s=96&d=mm&r=g\",\"url\":\"https:\\\/\\\/secure.gravatar.com\\\/avatar\\\/c50c17820bcf322f0a8fd6b110b8c0918141409dc69076470f6fca5fee70a5d4?s=96&d=mm&r=g\",\"contentUrl\":\"https:\\\/\\\/secure.gravatar.com\\\/avatar\\\/c50c17820bcf322f0a8fd6b110b8c0918141409dc69076470f6fca5fee70a5d4?s=96&d=mm&r=g\",\"caption\":\"Encontra Belo Horizonte\"},\"url\":\"https:\\\/\\\/www.encontrabelohorizonte.com.br\\\/guia\\\/author\\\/encontrabelohorizonte\\\/\"}]}<\/script>\n<!-- \/ Yoast SEO plugin. -->","yoast_head_json":{"title":"IBGE inicia prova | Guia Comercial de Belo Horizonte MG","robots":{"index":"index","follow":"follow","max-snippet":"max-snippet:-1","max-image-preview":"max-image-preview:large","max-video-preview":"max-video-preview:-1"},"canonical":"https:\/\/www.encontrabelohorizonte.com.br\/guia\/ibge-inicia-prova\/","og_locale":"pt_BR","og_type":"article","og_title":"IBGE inicia prova | Guia Comercial de Belo Horizonte MG","og_description":"O Censo Nacional da Popula\u00e7\u00e3o em Situa\u00e7\u00e3o de Rua come\u00e7a em BH.","og_url":"https:\/\/www.encontrabelohorizonte.com.br\/guia\/ibge-inicia-prova\/","og_site_name":"Guia Comercial de Belo Horizonte MG","article_published_time":"2026-09-04T09:11:50+00:00","og_image":[{"url":"https:\/\/www.encontrabelohorizonte.com.br\/guia\/wp-content\/uploads\/2026\/09\/ibge-inicia-prova.webp","type":"","width":"","height":""}],"author":"Encontra Belo Horizonte","twitter_card":"summary_large_image","twitter_misc":{"Escrito por":"Encontra Belo Horizonte","Est. tempo de leitura":"3 minutos"},"schema":{"@context":"https:\/\/schema.org","@graph":[{"@type":"Article","@id":"https:\/\/www.encontrabelohorizonte.com.br\/guia\/ibge-inicia-prova\/#article","isPartOf":{"@id":"https:\/\/www.encontrabelohorizonte.com.br\/guia\/ibge-inicia-prova\/"},"author":{"name":"Encontra Belo Horizonte","@id":"https:\/\/www.encontrabelohorizonte.com.br\/guia\/#\/schema\/person\/6b792069f07fee9a700a7caa85fb85a9"},"headline":"IBGE inicia prova","datePublished":"2026-09-04T09:11:50+00:00","mainEntityOfPage":{"@id":"https:\/\/www.encontrabelohorizonte.com.br\/guia\/ibge-inicia-prova\/"},"wordCount":679,"commentCount":0,"image":{"@id":"https:\/\/www.encontrabelohorizonte.com.br\/guia\/ibge-inicia-prova\/#primaryimage"},"thumbnailUrl":"https:\/\/www.encontrabelohorizonte.com.br\/guia\/wp-content\/uploads\/2026\/09\/ibge-inicia-prova.webp","articleSection":["Not\u00edcias Belo Horizonte"],"inLanguage":"pt-BR","potentialAction":[{"@type":"CommentAction","name":"Comment","target":["https:\/\/www.encontrabelohorizonte.com.br\/guia\/ibge-inicia-prova\/#respond"]}]},{"@type":"WebPage","@id":"https:\/\/www.encontrabelohorizonte.com.br\/guia\/ibge-inicia-prova\/","url":"https:\/\/www.encontrabelohorizonte.com.br\/guia\/ibge-inicia-prova\/","name":"IBGE inicia prova | Guia Comercial de Belo Horizonte MG","isPartOf":{"@id":"https:\/\/www.encontrabelohorizonte.com.br\/guia\/#website"},"primaryImageOfPage":{"@id":"https:\/\/www.encontrabelohorizonte.com.br\/guia\/ibge-inicia-prova\/#primaryimage"},"image":{"@id":"https:\/\/www.encontrabelohorizonte.com.br\/guia\/ibge-inicia-prova\/#primaryimage"},"thumbnailUrl":"https:\/\/www.encontrabelohorizonte.com.br\/guia\/wp-content\/uploads\/2026\/09\/ibge-inicia-prova.webp","datePublished":"2026-09-04T09:11:50+00:00","author":{"@id":"https:\/\/www.encontrabelohorizonte.com.br\/guia\/#\/schema\/person\/6b792069f07fee9a700a7caa85fb85a9"},"inLanguage":"pt-BR","potentialAction":[{"@type":"ReadAction","target":["https:\/\/www.encontrabelohorizonte.com.br\/guia\/ibge-inicia-prova\/"]}]},{"@type":"ImageObject","inLanguage":"pt-BR","@id":"https:\/\/www.encontrabelohorizonte.com.br\/guia\/ibge-inicia-prova\/#primaryimage","url":"https:\/\/www.encontrabelohorizonte.com.br\/guia\/wp-content\/uploads\/2026\/09\/ibge-inicia-prova.webp","contentUrl":"https:\/\/www.encontrabelohorizonte.com.br\/guia\/wp-content\/uploads\/2026\/09\/ibge-inicia-prova.webp","width":280,"height":280,"caption":"Censo Nacional da Popula\u00e7\u00e3o em Situa\u00e7\u00e3o de Rua"},{"@type":"WebSite","@id":"https:\/\/www.encontrabelohorizonte.com.br\/guia\/#website","url":"https:\/\/www.encontrabelohorizonte.com.br\/guia\/","name":"Guia Comercial de Belo Horizonte MG","description":"ENCONTRA BELO HORIZONTE - O guia comercial de neg\u00f3cios e empresas, cultura e divers\u00e3o na cidade de Belo Horizonte. Feito 100% para voc\u00ea morador!","potentialAction":[{"@type":"SearchAction","target":{"@type":"EntryPoint","urlTemplate":"https:\/\/www.encontrabelohorizonte.com.br\/guia\/?s={search_term_string}"},"query-input":{"@type":"PropertyValueSpecification","valueRequired":true,"valueName":"search_term_string"}}],"inLanguage":"pt-BR"},{"@type":"Person","@id":"https:\/\/www.encontrabelohorizonte.com.br\/guia\/#\/schema\/person\/6b792069f07fee9a700a7caa85fb85a9","name":"Encontra Belo Horizonte","image":{"@type":"ImageObject","inLanguage":"pt-BR","@id":"https:\/\/secure.gravatar.com\/avatar\/c50c17820bcf322f0a8fd6b110b8c0918141409dc69076470f6fca5fee70a5d4?s=96&d=mm&r=g","url":"https:\/\/secure.gravatar.com\/avatar\/c50c17820bcf322f0a8fd6b110b8c0918141409dc69076470f6fca5fee70a5d4?s=96&d=mm&r=g","contentUrl":"https:\/\/secure.gravatar.com\/avatar\/c50c17820bcf322f0a8fd6b110b8c0918141409dc69076470f6fca5fee70a5d4?s=96&d=mm&r=g","caption":"Encontra Belo Horizonte"},"url":"https:\/\/www.encontrabelohorizonte.com.br\/guia\/author\/encontrabelohorizonte\/"}]}},"_links":{"self":[{"href":"https:\/\/www.encontrabelohorizonte.com.br\/guia\/wp-json\/wp\/v2\/posts\/15259","targetHints":{"allow":["GET"]}}],"collection":[{"href":"https:\/\/www.encontrabelohorizonte.com.br\/guia\/wp-json\/wp\/v2\/posts"}],"about":[{"href":"https:\/\/www.encontrabelohorizonte.com.br\/guia\/wp-json\/wp\/v2\/types\/post"}],"author":[{"embeddable":true,"href":"https:\/\/www.encontrabelohorizonte.com.br\/guia\/wp-json\/wp\/v2\/users\/1"}],"replies":[{"embeddable":true,"href":"https:\/\/www.encontrabelohorizonte.com.br\/guia\/wp-json\/wp\/v2\/comments?post=15259"}],"version-history":[{"count":0,"href":"https:\/\/www.encontrabelohorizonte.com.br\/guia\/wp-json\/wp\/v2\/posts\/15259\/revisions"}],"wp:featuredmedia":[{"embeddable":true,"href":"https:\/\/www.encontrabelohorizonte.com.br\/guia\/wp-json\/wp\/v2\/media\/15258"}],"wp:attachment":[{"href":"https:\/\/www.encontrabelohorizonte.com.br\/guia\/wp-json\/wp\/v2\/media?parent=15259"}],"wp:term":[{"taxonomy":"category","embeddable":true,"href":"https:\/\/www.encontrabelohorizonte.com.br\/guia\/wp-json\/wp\/v2\/categories?post=15259"},{"taxonomy":"post_tag","embeddable":true,"href":"https:\/\/www.encontrabelohorizonte.com.br\/guia\/wp-json\/wp\/v2\/tags?post=15259"}],"curies":[{"name":"wp","href":"https:\/\/api.w.org\/{rel}","templated":true}]}}