{"id":15263,"date":"2026-09-04T06:13:36","date_gmt":"2026-09-04T09:13:36","guid":{"rendered":"https:\/\/www.encontrabelohorizonte.com.br\/guia\/apos-dias-de-falta-dagua-regiao-oeste-de-bh-tera-nova-intervencao-no-abastecimento-nesta-sexta\/"},"modified":"2026-09-04T06:13:36","modified_gmt":"2026-09-04T09:13:36","slug":"apos-dias-de-falta-dagua-regiao-oeste-de-bh-tera-nova-intervencao-no-abastecimento-nesta-sexta","status":"publish","type":"post","link":"https:\/\/www.encontrabelohorizonte.com.br\/guia\/apos-dias-de-falta-dagua-regiao-oeste-de-bh-tera-nova-intervencao-no-abastecimento-nesta-sexta\/","title":{"rendered":"Ap\u00f3s dias de falta d&#8217;\u00e1gua, Regi\u00e3o Oeste de BH ter\u00e1 nova interven\u00e7\u00e3o no abastecimento nesta sexta"},"content":{"rendered":"<h2>O Que Motiva a Interrup\u00e7\u00e3o de Abastecimento?<\/h2>\n<p>O abastecimento de \u00e1gua na Regi\u00e3o Oeste de Belo Horizonte ser\u00e1 interrompido temporariamente devido a uma interven\u00e7\u00e3o programada pela Copasa. Esta a\u00e7\u00e3o est\u00e1 relacionada \u00e0 interliga\u00e7\u00e3o de uma nova adutora, que visa melhorar a distribui\u00e7\u00e3o de \u00e1gua na \u00e1rea, especialmente ap\u00f3s problemas recorrentes de falta d&#8217;\u00e1gua que afligem a comunidade. A realiza\u00e7\u00e3o do servi\u00e7o ocorrer\u00e1 no dia 4 de setembro, das 8h \u00e0s 18h, como parte das medidas necess\u00e1rias para garantir uma melhoria na infraestrutura de abastecimento.<\/p>\n<p>Essa interven\u00e7\u00e3o \u00e9 particularmente relevante, pois se segue a um per\u00edodo de quase duas semanas em que os moradores enfrentaram dificuldades com o fornecimento de \u00e1gua. A instala\u00e7\u00e3o da nova adutora foi uma resposta ao rompimento de uma tubula\u00e7\u00e3o anterior no bairro Nova Granada, que resultou em danos significativos \u00e0 estrutura de algumas propriedades e um colapso na distribui\u00e7\u00e3o de \u00e1gua a diversas regi\u00f5es.<\/p>\n<h2>Hor\u00e1rio da Interrup\u00e7\u00e3o e Dicas de Prepara\u00e7\u00e3o<\/h2>\n<p>Como mencionado, a interrup\u00e7\u00e3o do abastecimento ocorrer\u00e1 das 8h \u00e0s 18h. Durante esse per\u00edodo, \u00e9 importante que os moradores estejam preparados para minimizar os impactos dessa parada. Aqui v\u00e3o algumas sugest\u00f5es:<\/p>\n<p><img decoding=\"async\" src=\"https:\/\/www.encontrabelohorizonte.com.br\/guia\/wp-content\/uploads\/2026\/09\/apos-dias-de-falta-d-agua-regiao-oeste-de-bh-tera-nova-intervencao-no-abastecimento-nesta-sexta.webp\" alt=\"interrup\u00e7\u00e3o de abastecimento\" loading=\"lazy\" \/><\/p>\n<ul>\n<li><strong>Armazenamento de \u00c1gua:<\/strong> Encha baldes, garrafas e outros recipientes com \u00e1gua para uso durante a interrup\u00e7\u00e3o.<\/li>\n<li><strong>Verifica\u00e7\u00e3o de Caixa d&#8217;\u00c1gua:<\/strong> Certifique-se de que sua caixa d&#8217;\u00e1gua esteja cheia antes da interrup\u00e7\u00e3o para garantir um suprimento tempor\u00e1rio.<\/li>\n<li><strong>Uso Consciente:<\/strong> Utilize a \u00e1gua de forma econ\u00f4mica enquanto durar a interrup\u00e7\u00e3o, mantendo o foco nas necessidades essenciais.<\/li>\n<li><strong>Informa\u00e7\u00e3o:<\/strong> Fique atento a comunicados da Copasa sobre a retomada do abastecimento, que deve ocorrer ap\u00f3s a conclus\u00e3o da interven\u00e7\u00e3o.<\/li>\n<\/ul>\n<h2>Impacto na Vida dos Moradores<\/h2>\n<p>A falta de \u00e1gua pode ter consequ\u00eancias s\u00e9rias para a rotina di\u00e1ria dos moradores. Escolas, com\u00e9rcios e servi\u00e7os essenciais, como hospitais, sentem o impacto direto da falta de abastecimento, o que pode levar a: <\/p>\n<ul>\n<li><strong>Suspens\u00e3o de Aulas:<\/strong> Muitas escolas precisaram interromper as atividades, afetando o aprendizado das crian\u00e7as.<\/li>\n<li><strong>Aumento da Demanda por Caminh\u00f5es-Pipa:<\/strong> A escassez de \u00e1gua incentivou moradores e comerciantes a recorrerem a servi\u00e7os de caminh\u00f5es-pipa, elevando os custos associados ao abastecimento de \u00e1gua.<\/li>\n<li><strong>Altera\u00e7\u00f5es na Rotina Di\u00e1ria:<\/strong> Moradores foram for\u00e7ados a mudar h\u00e1bitos, como a limpeza e cuidados pessoais, devido \u00e0 falta de \u00e1gua dispon\u00edvel.<\/li>\n<\/ul>\n<h2>A Import\u00e2ncia da Nova Adutora<\/h2>\n<p>A constru\u00e7\u00e3o da nova adutora \u00e9 um passo essencial para melhorar a rede de distribui\u00e7\u00e3o de \u00e1gua na Regi\u00e3o Oeste. Este projeto foi idealizado para evitar problemas similares no futuro e oferecer uma solu\u00e7\u00e3o duradoura para a escassez de \u00e1gua. A nova tubula\u00e7\u00e3o ir\u00e1:<\/p>\n<ul>\n<li><strong>Aumentar a Capacidade de Abastecimento:<\/strong> Com a nova adutora, a Copasa espera ampliar a capacidade de distribui\u00e7\u00e3o, atendendo a uma demanda crescente.<\/li>\n<li><strong>Eliminar Oscila\u00e7\u00f5es de Press\u00e3o:<\/strong> A instala\u00e7\u00e3o contribuir\u00e1 para a estabilidade da press\u00e3o na rede de abastecimento, resultando em um fornecimento mais confi\u00e1vel.<\/li>\n<li><strong>Prevenir Fugas e Rompimentos:<\/strong> A nova infraestrutura \u00e9 projetada para ser mais resistente e menos propensa a falhas.<\/li>\n<\/ul>\n<h2>Hist\u00f3rico de Falta D&#8217;\u00e1gua na Regi\u00e3o<\/h2>\n<p>Nos \u00faltimos tempos, a Regi\u00e3o Oeste de Belo Horizonte tem enfrentado um aumento significativo nas queixas relacionadas \u00e0 falta d&#8217;\u00e1gua. O registro de reclama\u00e7\u00f5es cresceu 176%, evidenciando a gravidade do problema. Este aumento reflete a profunda preocupa\u00e7\u00e3o da popula\u00e7\u00e3o e a necessidade urgente de solu\u00e7\u00f5es. A situa\u00e7\u00e3o \u00e9 agravada pelo crescimento populacional, o que potencializa a demanda por \u00e1gua e a torna um tema priorit\u00e1rio para a Copasa e as autoridades locais.<\/p>\n<h2>Reclama\u00e7\u00f5es e A\u00e7\u00f5es da Copasa<\/h2>\n<p>As queixas recebidas pela Ag\u00eancia Reguladora de Saneamento e Energia de Minas Gerais (Arsae-MG) demonstraram uma tend\u00eancia alarmante, passando de 31 reclama\u00e7\u00f5es em agosto para 19 em setembro. A Copasa est\u00e1 ciente desses problemas e tem trabalhado em melhorias na infraestrutura, al\u00e9m de implementar campanhas para conscientizar os usu\u00e1rios sobre o uso respons\u00e1vel da \u00e1gua. A ag\u00eancia reguladora est\u00e1 monitorando a situa\u00e7\u00e3o e fiscalizando as a\u00e7\u00f5es da empresa para garantir que as promessas de melhoria sejam cumpridas.<\/p>\n<h2>Melhores Pr\u00e1ticas para Economizar \u00c1gua<\/h2>\n<p>Durante per\u00edodos de desabastecimento, \u00e9 crucial que os moradores adotem pr\u00e1ticas que ajudem a economizar \u00e1gua. Algumas dicas pr\u00e1ticas incluem:<\/p>\n<ul>\n<li><strong>Uso de Vaso Sanit\u00e1rio:<\/strong> Reduza a quantidade de \u00e1gua usada em cada descarga e considere a instala\u00e7\u00e3o de dispositivos de economia.<\/li>\n<li><strong>Roupas e Lou\u00e7as:<\/strong> Lave roupas e lou\u00e7as apenas quando tiver uma quantidade maior, para evitar desperd\u00edcio.<\/li>\n<li><strong>Reaproveitamento:<\/strong> Use a \u00e1gua da lavagem de frutas e verduras para regar plantas, por exemplo.<\/li>\n<li><strong>Conserto de Vazamentos:<\/strong> Verifique se h\u00e1 vazamentos em torneiras e canos, consertando rapidamente para evitar desperd\u00edcios.<\/li>\n<\/ul>\n<h2>Atendimento Priorit\u00e1rio Durante a Interrup\u00e7\u00e3o<\/h2>\n<p>A Copasa tem um plano de atendimento priorit\u00e1rio durante a interrup\u00e7\u00e3o do abastecimento, visando atender as necessidades mais urgentes. Assim, os hospitais e unidades de sa\u00fade ter\u00e3o acesso dedicado ao abastecimento. De acordo com a empresa, haver\u00e1 um n\u00famero significativo de caminh\u00f5es-pipa preparados para atender situa\u00e7\u00f5es cr\u00edticas, como as de emerg\u00eancia, durante esse per\u00edodo dif\u00edcil.<\/p>\n<h2>Como a Nova Tubula\u00e7\u00e3o Pode Resolver o Problema<\/h2>\n<p>A nova tubula\u00e7\u00e3o desempenha um papel fundamental na resolu\u00e7\u00e3o dos problemas de abastecimento. Com a implementa\u00e7\u00e3o da nova adutora, espera-se:<\/p>\n<ul>\n<li><strong>Melhoria no Fluxo de \u00c1gua:<\/strong> A nova infraestrutura permitir\u00e1 um fluxo mais robusto, beneficiando um maior n\u00famero de resid\u00eancias e estabelecimentos.<\/li>\n<li><strong>Redu\u00e7\u00e3o de Perdas:<\/strong> A tubula\u00e7\u00e3o nova ser\u00e1 menos suscet\u00edvel a rompimentos e vazamentos, garantindo que mais \u00e1gua chegue aos destinos finais.<\/li>\n<li><strong>Implica\u00e7\u00f5es Duradouras:<\/strong> A constru\u00e7\u00e3o da adutora \u00e9 um investimento a longo prazo na sa\u00fade h\u00eddrica da regi\u00e3o, que se reflete na qualidade de vida e na confiabilidade do abastecimento.<\/li>\n<\/ul>\n<h2>A Voz dos Moradores sobre a Falta D&#8217;\u00e1gua<\/h2>\n<p>A opini\u00e3o dos moradores \u00e9 um elemento imprescind\u00edvel em situa\u00e7\u00f5es de desabastecimento. A comunidade expressa sua frustra\u00e7\u00e3o diante das dificuldades enfrentadas e enfatiza a import\u00e2ncia de solu\u00e7\u00f5es efetivas a longo prazo. Muitos moradores relataram a experi\u00eancia angustiante de ter que se adaptar a per\u00edodos sem \u00e1gua e, em alguns casos, a aquisi\u00e7\u00e3o de gal\u00f5es ou caminh\u00f5es-pipa para garantir o fornecimento. A participa\u00e7\u00e3o ativa da comunidade nas discuss\u00f5es sobre abastecimento e suas necessidades deve ser encorajada, para que vozes individuais se tornem coletivas e imporem mudan\u00e7as significativas em suas condi\u00e7\u00f5es.<\/p>\n","protected":false},"excerpt":{"rendered":"<p>Interrup\u00e7\u00e3o de abastecimento na Regi\u00e3o Oeste de BH nesta sexta-feira.<\/p>\n","protected":false},"author":1,"featured_media":15262,"comment_status":"open","ping_status":"open","sticky":false,"template":"","format":"standard","meta":{"footnotes":""},"categories":[904],"tags":[],"class_list":["post-15263","post","type-post","status-publish","format-standard","has-post-thumbnail","hentry","category-transito","has_thumb"],"yoast_head":"<!-- This site is optimized with the Yoast SEO plugin v28.2 - https:\/\/yoast.com\/product\/yoast-seo-wordpress\/ -->\n<title>Ap\u00f3s dias de falta d&#039;\u00e1gua, Regi\u00e3o Oeste de BH ter\u00e1 nova interven\u00e7\u00e3o no abastecimento nesta sexta | Guia Comercial de Belo Horizonte MG<\/title>\n<meta name=\"robots\" content=\"index, follow, max-snippet:-1, max-image-preview:large, max-video-preview:-1\" \/>\n<link rel=\"canonical\" href=\"https:\/\/www.encontrabelohorizonte.com.br\/guia\/apos-dias-de-falta-dagua-regiao-oeste-de-bh-tera-nova-intervencao-no-abastecimento-nesta-sexta\/\" \/>\n<meta property=\"og:locale\" content=\"pt_BR\" \/>\n<meta property=\"og:type\" content=\"article\" \/>\n<meta property=\"og:title\" content=\"Ap\u00f3s dias de falta d&#039;\u00e1gua, Regi\u00e3o Oeste de BH ter\u00e1 nova interven\u00e7\u00e3o no abastecimento nesta sexta | Guia Comercial de Belo Horizonte MG\" \/>\n<meta property=\"og:description\" content=\"Interrup\u00e7\u00e3o de abastecimento na Regi\u00e3o Oeste de BH nesta sexta-feira.\" \/>\n<meta property=\"og:url\" content=\"https:\/\/www.encontrabelohorizonte.com.br\/guia\/apos-dias-de-falta-dagua-regiao-oeste-de-bh-tera-nova-intervencao-no-abastecimento-nesta-sexta\/\" \/>\n<meta property=\"og:site_name\" content=\"Guia Comercial de Belo Horizonte MG\" \/>\n<meta property=\"article:published_time\" content=\"2026-09-04T09:13:36+00:00\" \/>\n<meta property=\"og:image\" content=\"https:\/\/www.encontrabelohorizonte.com.br\/guia\/wp-content\/uploads\/2026\/09\/apos-dias-de-falta-d-agua-regiao-oeste-de-bh-tera-nova-intervencao-no-abastecimento-nesta-sexta.webp\" \/>\n<meta name=\"author\" content=\"Encontra Belo Horizonte\" \/>\n<meta name=\"twitter:card\" content=\"summary_large_image\" \/>\n<meta name=\"twitter:label1\" content=\"Escrito por\" \/>\n\t<meta name=\"twitter:data1\" content=\"Encontra Belo Horizonte\" \/>\n\t<meta name=\"twitter:label2\" content=\"Est. tempo de leitura\" \/>\n\t<meta name=\"twitter:data2\" content=\"5 minutos\" \/>\n<script type=\"application\/ld+json\" class=\"yoast-schema-graph\">{\"@context\":\"https:\\\/\\\/schema.org\",\"@graph\":[{\"@type\":\"Article\",\"@id\":\"https:\\\/\\\/www.encontrabelohorizonte.com.br\\\/guia\\\/apos-dias-de-falta-dagua-regiao-oeste-de-bh-tera-nova-intervencao-no-abastecimento-nesta-sexta\\\/#article\",\"isPartOf\":{\"@id\":\"https:\\\/\\\/www.encontrabelohorizonte.com.br\\\/guia\\\/apos-dias-de-falta-dagua-regiao-oeste-de-bh-tera-nova-intervencao-no-abastecimento-nesta-sexta\\\/\"},\"author\":{\"name\":\"Encontra Belo Horizonte\",\"@id\":\"https:\\\/\\\/www.encontrabelohorizonte.com.br\\\/guia\\\/#\\\/schema\\\/person\\\/6b792069f07fee9a700a7caa85fb85a9\"},\"headline\":\"Ap\u00f3s dias de falta d&#8217;\u00e1gua, Regi\u00e3o Oeste de BH ter\u00e1 nova interven\u00e7\u00e3o no abastecimento nesta sexta\",\"datePublished\":\"2026-09-04T09:13:36+00:00\",\"mainEntityOfPage\":{\"@id\":\"https:\\\/\\\/www.encontrabelohorizonte.com.br\\\/guia\\\/apos-dias-de-falta-dagua-regiao-oeste-de-bh-tera-nova-intervencao-no-abastecimento-nesta-sexta\\\/\"},\"wordCount\":1124,\"commentCount\":0,\"image\":{\"@id\":\"https:\\\/\\\/www.encontrabelohorizonte.com.br\\\/guia\\\/apos-dias-de-falta-dagua-regiao-oeste-de-bh-tera-nova-intervencao-no-abastecimento-nesta-sexta\\\/#primaryimage\"},\"thumbnailUrl\":\"https:\\\/\\\/www.encontrabelohorizonte.com.br\\\/guia\\\/wp-content\\\/uploads\\\/2026\\\/09\\\/apos-dias-de-falta-d-agua-regiao-oeste-de-bh-tera-nova-intervencao-no-abastecimento-nesta-sexta.webp\",\"articleSection\":[\"Tr\u00e2nsito Belo Horizonte\"],\"inLanguage\":\"pt-BR\",\"potentialAction\":[{\"@type\":\"CommentAction\",\"name\":\"Comment\",\"target\":[\"https:\\\/\\\/www.encontrabelohorizonte.com.br\\\/guia\\\/apos-dias-de-falta-dagua-regiao-oeste-de-bh-tera-nova-intervencao-no-abastecimento-nesta-sexta\\\/#respond\"]}]},{\"@type\":\"WebPage\",\"@id\":\"https:\\\/\\\/www.encontrabelohorizonte.com.br\\\/guia\\\/apos-dias-de-falta-dagua-regiao-oeste-de-bh-tera-nova-intervencao-no-abastecimento-nesta-sexta\\\/\",\"url\":\"https:\\\/\\\/www.encontrabelohorizonte.com.br\\\/guia\\\/apos-dias-de-falta-dagua-regiao-oeste-de-bh-tera-nova-intervencao-no-abastecimento-nesta-sexta\\\/\",\"name\":\"Ap\u00f3s dias de falta d'\u00e1gua, Regi\u00e3o Oeste de BH ter\u00e1 nova interven\u00e7\u00e3o no abastecimento nesta sexta | Guia Comercial de Belo Horizonte MG\",\"isPartOf\":{\"@id\":\"https:\\\/\\\/www.encontrabelohorizonte.com.br\\\/guia\\\/#website\"},\"primaryImageOfPage\":{\"@id\":\"https:\\\/\\\/www.encontrabelohorizonte.com.br\\\/guia\\\/apos-dias-de-falta-dagua-regiao-oeste-de-bh-tera-nova-intervencao-no-abastecimento-nesta-sexta\\\/#primaryimage\"},\"image\":{\"@id\":\"https:\\\/\\\/www.encontrabelohorizonte.com.br\\\/guia\\\/apos-dias-de-falta-dagua-regiao-oeste-de-bh-tera-nova-intervencao-no-abastecimento-nesta-sexta\\\/#primaryimage\"},\"thumbnailUrl\":\"https:\\\/\\\/www.encontrabelohorizonte.com.br\\\/guia\\\/wp-content\\\/uploads\\\/2026\\\/09\\\/apos-dias-de-falta-d-agua-regiao-oeste-de-bh-tera-nova-intervencao-no-abastecimento-nesta-sexta.webp\",\"datePublished\":\"2026-09-04T09:13:36+00:00\",\"author\":{\"@id\":\"https:\\\/\\\/www.encontrabelohorizonte.com.br\\\/guia\\\/#\\\/schema\\\/person\\\/6b792069f07fee9a700a7caa85fb85a9\"},\"inLanguage\":\"pt-BR\",\"potentialAction\":[{\"@type\":\"ReadAction\",\"target\":[\"https:\\\/\\\/www.encontrabelohorizonte.com.br\\\/guia\\\/apos-dias-de-falta-dagua-regiao-oeste-de-bh-tera-nova-intervencao-no-abastecimento-nesta-sexta\\\/\"]}]},{\"@type\":\"ImageObject\",\"inLanguage\":\"pt-BR\",\"@id\":\"https:\\\/\\\/www.encontrabelohorizonte.com.br\\\/guia\\\/apos-dias-de-falta-dagua-regiao-oeste-de-bh-tera-nova-intervencao-no-abastecimento-nesta-sexta\\\/#primaryimage\",\"url\":\"https:\\\/\\\/www.encontrabelohorizonte.com.br\\\/guia\\\/wp-content\\\/uploads\\\/2026\\\/09\\\/apos-dias-de-falta-d-agua-regiao-oeste-de-bh-tera-nova-intervencao-no-abastecimento-nesta-sexta.webp\",\"contentUrl\":\"https:\\\/\\\/www.encontrabelohorizonte.com.br\\\/guia\\\/wp-content\\\/uploads\\\/2026\\\/09\\\/apos-dias-de-falta-d-agua-regiao-oeste-de-bh-tera-nova-intervencao-no-abastecimento-nesta-sexta.webp\",\"width\":280,\"height\":280,\"caption\":\"interrup\u00e7\u00e3o de abastecimento\"},{\"@type\":\"WebSite\",\"@id\":\"https:\\\/\\\/www.encontrabelohorizonte.com.br\\\/guia\\\/#website\",\"url\":\"https:\\\/\\\/www.encontrabelohorizonte.com.br\\\/guia\\\/\",\"name\":\"Guia Comercial de Belo Horizonte MG\",\"description\":\"ENCONTRA BELO HORIZONTE - O guia comercial de neg\u00f3cios e empresas, cultura e divers\u00e3o na cidade de Belo Horizonte. Feito 100% para voc\u00ea morador!\",\"potentialAction\":[{\"@type\":\"SearchAction\",\"target\":{\"@type\":\"EntryPoint\",\"urlTemplate\":\"https:\\\/\\\/www.encontrabelohorizonte.com.br\\\/guia\\\/?s={search_term_string}\"},\"query-input\":{\"@type\":\"PropertyValueSpecification\",\"valueRequired\":true,\"valueName\":\"search_term_string\"}}],\"inLanguage\":\"pt-BR\"},{\"@type\":\"Person\",\"@id\":\"https:\\\/\\\/www.encontrabelohorizonte.com.br\\\/guia\\\/#\\\/schema\\\/person\\\/6b792069f07fee9a700a7caa85fb85a9\",\"name\":\"Encontra Belo Horizonte\",\"image\":{\"@type\":\"ImageObject\",\"inLanguage\":\"pt-BR\",\"@id\":\"https:\\\/\\\/secure.gravatar.com\\\/avatar\\\/c50c17820bcf322f0a8fd6b110b8c0918141409dc69076470f6fca5fee70a5d4?s=96&d=mm&r=g\",\"url\":\"https:\\\/\\\/secure.gravatar.com\\\/avatar\\\/c50c17820bcf322f0a8fd6b110b8c0918141409dc69076470f6fca5fee70a5d4?s=96&d=mm&r=g\",\"contentUrl\":\"https:\\\/\\\/secure.gravatar.com\\\/avatar\\\/c50c17820bcf322f0a8fd6b110b8c0918141409dc69076470f6fca5fee70a5d4?s=96&d=mm&r=g\",\"caption\":\"Encontra Belo Horizonte\"},\"url\":\"https:\\\/\\\/www.encontrabelohorizonte.com.br\\\/guia\\\/author\\\/encontrabelohorizonte\\\/\"}]}<\/script>\n<!-- \/ Yoast SEO plugin. -->","yoast_head_json":{"title":"Ap\u00f3s dias de falta d'\u00e1gua, Regi\u00e3o Oeste de BH ter\u00e1 nova interven\u00e7\u00e3o no abastecimento nesta sexta | Guia Comercial de Belo Horizonte MG","robots":{"index":"index","follow":"follow","max-snippet":"max-snippet:-1","max-image-preview":"max-image-preview:large","max-video-preview":"max-video-preview:-1"},"canonical":"https:\/\/www.encontrabelohorizonte.com.br\/guia\/apos-dias-de-falta-dagua-regiao-oeste-de-bh-tera-nova-intervencao-no-abastecimento-nesta-sexta\/","og_locale":"pt_BR","og_type":"article","og_title":"Ap\u00f3s dias de falta d'\u00e1gua, Regi\u00e3o Oeste de BH ter\u00e1 nova interven\u00e7\u00e3o no abastecimento nesta sexta | Guia Comercial de Belo Horizonte MG","og_description":"Interrup\u00e7\u00e3o de abastecimento na Regi\u00e3o Oeste de BH nesta sexta-feira.","og_url":"https:\/\/www.encontrabelohorizonte.com.br\/guia\/apos-dias-de-falta-dagua-regiao-oeste-de-bh-tera-nova-intervencao-no-abastecimento-nesta-sexta\/","og_site_name":"Guia Comercial de Belo Horizonte MG","article_published_time":"2026-09-04T09:13:36+00:00","og_image":[{"url":"https:\/\/www.encontrabelohorizonte.com.br\/guia\/wp-content\/uploads\/2026\/09\/apos-dias-de-falta-d-agua-regiao-oeste-de-bh-tera-nova-intervencao-no-abastecimento-nesta-sexta.webp","type":"","width":"","height":""}],"author":"Encontra Belo Horizonte","twitter_card":"summary_large_image","twitter_misc":{"Escrito por":"Encontra Belo Horizonte","Est. tempo de leitura":"5 minutos"},"schema":{"@context":"https:\/\/schema.org","@graph":[{"@type":"Article","@id":"https:\/\/www.encontrabelohorizonte.com.br\/guia\/apos-dias-de-falta-dagua-regiao-oeste-de-bh-tera-nova-intervencao-no-abastecimento-nesta-sexta\/#article","isPartOf":{"@id":"https:\/\/www.encontrabelohorizonte.com.br\/guia\/apos-dias-de-falta-dagua-regiao-oeste-de-bh-tera-nova-intervencao-no-abastecimento-nesta-sexta\/"},"author":{"name":"Encontra Belo Horizonte","@id":"https:\/\/www.encontrabelohorizonte.com.br\/guia\/#\/schema\/person\/6b792069f07fee9a700a7caa85fb85a9"},"headline":"Ap\u00f3s dias de falta d&#8217;\u00e1gua, Regi\u00e3o Oeste de BH ter\u00e1 nova interven\u00e7\u00e3o no abastecimento nesta sexta","datePublished":"2026-09-04T09:13:36+00:00","mainEntityOfPage":{"@id":"https:\/\/www.encontrabelohorizonte.com.br\/guia\/apos-dias-de-falta-dagua-regiao-oeste-de-bh-tera-nova-intervencao-no-abastecimento-nesta-sexta\/"},"wordCount":1124,"commentCount":0,"image":{"@id":"https:\/\/www.encontrabelohorizonte.com.br\/guia\/apos-dias-de-falta-dagua-regiao-oeste-de-bh-tera-nova-intervencao-no-abastecimento-nesta-sexta\/#primaryimage"},"thumbnailUrl":"https:\/\/www.encontrabelohorizonte.com.br\/guia\/wp-content\/uploads\/2026\/09\/apos-dias-de-falta-d-agua-regiao-oeste-de-bh-tera-nova-intervencao-no-abastecimento-nesta-sexta.webp","articleSection":["Tr\u00e2nsito Belo Horizonte"],"inLanguage":"pt-BR","potentialAction":[{"@type":"CommentAction","name":"Comment","target":["https:\/\/www.encontrabelohorizonte.com.br\/guia\/apos-dias-de-falta-dagua-regiao-oeste-de-bh-tera-nova-intervencao-no-abastecimento-nesta-sexta\/#respond"]}]},{"@type":"WebPage","@id":"https:\/\/www.encontrabelohorizonte.com.br\/guia\/apos-dias-de-falta-dagua-regiao-oeste-de-bh-tera-nova-intervencao-no-abastecimento-nesta-sexta\/","url":"https:\/\/www.encontrabelohorizonte.com.br\/guia\/apos-dias-de-falta-dagua-regiao-oeste-de-bh-tera-nova-intervencao-no-abastecimento-nesta-sexta\/","name":"Ap\u00f3s dias de falta d'\u00e1gua, Regi\u00e3o Oeste de BH ter\u00e1 nova interven\u00e7\u00e3o no abastecimento nesta sexta | Guia Comercial de Belo Horizonte MG","isPartOf":{"@id":"https:\/\/www.encontrabelohorizonte.com.br\/guia\/#website"},"primaryImageOfPage":{"@id":"https:\/\/www.encontrabelohorizonte.com.br\/guia\/apos-dias-de-falta-dagua-regiao-oeste-de-bh-tera-nova-intervencao-no-abastecimento-nesta-sexta\/#primaryimage"},"image":{"@id":"https:\/\/www.encontrabelohorizonte.com.br\/guia\/apos-dias-de-falta-dagua-regiao-oeste-de-bh-tera-nova-intervencao-no-abastecimento-nesta-sexta\/#primaryimage"},"thumbnailUrl":"https:\/\/www.encontrabelohorizonte.com.br\/guia\/wp-content\/uploads\/2026\/09\/apos-dias-de-falta-d-agua-regiao-oeste-de-bh-tera-nova-intervencao-no-abastecimento-nesta-sexta.webp","datePublished":"2026-09-04T09:13:36+00:00","author":{"@id":"https:\/\/www.encontrabelohorizonte.com.br\/guia\/#\/schema\/person\/6b792069f07fee9a700a7caa85fb85a9"},"inLanguage":"pt-BR","potentialAction":[{"@type":"ReadAction","target":["https:\/\/www.encontrabelohorizonte.com.br\/guia\/apos-dias-de-falta-dagua-regiao-oeste-de-bh-tera-nova-intervencao-no-abastecimento-nesta-sexta\/"]}]},{"@type":"ImageObject","inLanguage":"pt-BR","@id":"https:\/\/www.encontrabelohorizonte.com.br\/guia\/apos-dias-de-falta-dagua-regiao-oeste-de-bh-tera-nova-intervencao-no-abastecimento-nesta-sexta\/#primaryimage","url":"https:\/\/www.encontrabelohorizonte.com.br\/guia\/wp-content\/uploads\/2026\/09\/apos-dias-de-falta-d-agua-regiao-oeste-de-bh-tera-nova-intervencao-no-abastecimento-nesta-sexta.webp","contentUrl":"https:\/\/www.encontrabelohorizonte.com.br\/guia\/wp-content\/uploads\/2026\/09\/apos-dias-de-falta-d-agua-regiao-oeste-de-bh-tera-nova-intervencao-no-abastecimento-nesta-sexta.webp","width":280,"height":280,"caption":"interrup\u00e7\u00e3o de abastecimento"},{"@type":"WebSite","@id":"https:\/\/www.encontrabelohorizonte.com.br\/guia\/#website","url":"https:\/\/www.encontrabelohorizonte.com.br\/guia\/","name":"Guia Comercial de Belo Horizonte MG","description":"ENCONTRA BELO HORIZONTE - O guia comercial de neg\u00f3cios e empresas, cultura e divers\u00e3o na cidade de Belo Horizonte. Feito 100% para voc\u00ea morador!","potentialAction":[{"@type":"SearchAction","target":{"@type":"EntryPoint","urlTemplate":"https:\/\/www.encontrabelohorizonte.com.br\/guia\/?s={search_term_string}"},"query-input":{"@type":"PropertyValueSpecification","valueRequired":true,"valueName":"search_term_string"}}],"inLanguage":"pt-BR"},{"@type":"Person","@id":"https:\/\/www.encontrabelohorizonte.com.br\/guia\/#\/schema\/person\/6b792069f07fee9a700a7caa85fb85a9","name":"Encontra Belo Horizonte","image":{"@type":"ImageObject","inLanguage":"pt-BR","@id":"https:\/\/secure.gravatar.com\/avatar\/c50c17820bcf322f0a8fd6b110b8c0918141409dc69076470f6fca5fee70a5d4?s=96&d=mm&r=g","url":"https:\/\/secure.gravatar.com\/avatar\/c50c17820bcf322f0a8fd6b110b8c0918141409dc69076470f6fca5fee70a5d4?s=96&d=mm&r=g","contentUrl":"https:\/\/secure.gravatar.com\/avatar\/c50c17820bcf322f0a8fd6b110b8c0918141409dc69076470f6fca5fee70a5d4?s=96&d=mm&r=g","caption":"Encontra Belo Horizonte"},"url":"https:\/\/www.encontrabelohorizonte.com.br\/guia\/author\/encontrabelohorizonte\/"}]}},"_links":{"self":[{"href":"https:\/\/www.encontrabelohorizonte.com.br\/guia\/wp-json\/wp\/v2\/posts\/15263","targetHints":{"allow":["GET"]}}],"collection":[{"href":"https:\/\/www.encontrabelohorizonte.com.br\/guia\/wp-json\/wp\/v2\/posts"}],"about":[{"href":"https:\/\/www.encontrabelohorizonte.com.br\/guia\/wp-json\/wp\/v2\/types\/post"}],"author":[{"embeddable":true,"href":"https:\/\/www.encontrabelohorizonte.com.br\/guia\/wp-json\/wp\/v2\/users\/1"}],"replies":[{"embeddable":true,"href":"https:\/\/www.encontrabelohorizonte.com.br\/guia\/wp-json\/wp\/v2\/comments?post=15263"}],"version-history":[{"count":0,"href":"https:\/\/www.encontrabelohorizonte.com.br\/guia\/wp-json\/wp\/v2\/posts\/15263\/revisions"}],"wp:featuredmedia":[{"embeddable":true,"href":"https:\/\/www.encontrabelohorizonte.com.br\/guia\/wp-json\/wp\/v2\/media\/15262"}],"wp:attachment":[{"href":"https:\/\/www.encontrabelohorizonte.com.br\/guia\/wp-json\/wp\/v2\/media?parent=15263"}],"wp:term":[{"taxonomy":"category","embeddable":true,"href":"https:\/\/www.encontrabelohorizonte.com.br\/guia\/wp-json\/wp\/v2\/categories?post=15263"},{"taxonomy":"post_tag","embeddable":true,"href":"https:\/\/www.encontrabelohorizonte.com.br\/guia\/wp-json\/wp\/v2\/tags?post=15263"}],"curies":[{"name":"wp","href":"https:\/\/api.w.org\/{rel}","templated":true}]}}