{"id":1001,"date":"2013-01-17T14:13:52","date_gmt":"2013-01-17T14:13:52","guid":{"rendered":"http:\/\/www.encontrabelohorizonte.com.br\/noticias\/?p=1001"},"modified":"2019-04-12T18:35:41","modified_gmt":"2019-04-12T18:35:41","slug":"mercado-da-lagoinha-em-bh-abre-vagas-para-cursos-profissionalizantes-de-culinaria","status":"publish","type":"post","link":"https:\/\/www.encontrabelohorizonte.com.br\/sobre\/mercado-da-lagoinha-em-bh-abre-vagas-para-cursos-profissionalizantes-de-culinaria\/","title":{"rendered":"Mercado da Lagoinha em BH abre vagas para cursos profissionalizantes de culin\u00e1ria"},"content":{"rendered":"<div class=\"2e083cf0b19e2c11948dc6ac054ba979\" data-index=\"1\" style=\"float: none; margin:0px;\">\n<!-- Anuncio display - global -->\r\n<ins class=\"adsbygoogle\"\r\n     style=\"display:block\"\r\n     data-ad-client=\"ca-pub-8585364105181520\"\r\n     data-ad-slot=\"8789329856\"\r\n     data-ad-format=\"auto\"\r\n     data-full-width-responsive=\"true\"><\/ins>\r\n<script>\r\n     (adsbygoogle = window.adsbygoogle || []).push({});\r\n<\/script>\n<\/div>\n<p>Inscri\u00e7\u00f5es est\u00e3o abertas para cursos profissionalizantes gratuitos no Mercado da Lagoinha, em Belo Horizonte. As aulas s\u00e3o voltados para a \u00e1rea de culin\u00e1ria e ter\u00e3o in\u00edcio em diferentes datas que v\u00e3o at\u00e9 mar\u00e7o.<\/p>\n<p>Os interessados devem apresentar carteira de identidade, CPF, PIS, carteira de trabalho e comprovante de resid\u00eancia nos endere\u00e7os abaixo:<\/p>\n<p>&#8211; Avenida Padre Pedro Pinto, 1.055, em Venda Nova;<br \/>\n&#8211; Avenida Santos Dumont, 363, ou pela Rua dos Caet\u00e9s, 342, no Centro;<br \/>\n&#8211; Rua Esp\u00edrito Santo, 505, Centro;<br \/>\n&#8211; Rua Bar\u00e3o de Coromandel, 982, Barreiro.<\/p>\n<p>Veja a lista de\u00a0cursos oferecidos no Mercado da Lagoinha e o per\u00edodo de realiza\u00e7\u00e3o.<\/p>\n<table border=\"1\" cellspacing=\"1\" cellpadding=\"0\" width=\"530\">\n<tbody>\n<tr>\n<td width=\"251\"><strong>CURSO<\/strong><\/td>\n<td width=\"251\"><strong>HORAS- AULA<\/strong><\/td>\n<td width=\"251\"><strong>IN\u00cdCIO<\/strong><\/td>\n<td width=\"251\"><strong>FIM<\/strong><\/td>\n<td width=\"251\"><strong>HOR\u00c1RIO<\/strong><\/td>\n<\/tr>\n<tr>\n<td width=\"251\"><\/td>\n<td width=\"251\"><\/td>\n<td width=\"251\"><\/td>\n<td width=\"251\"><\/td>\n<td width=\"251\"><\/td>\n<\/tr>\n<tr>\n<td width=\"251\">Churrasqueiro<\/td>\n<td width=\"251\">40<\/td>\n<td width=\"251\">22\/1\/2013<\/td>\n<td width=\"251\">6\/2\/2013<\/td>\n<td width=\"251\">18h \u00e0s 22h<\/td>\n<\/tr>\n<tr>\n<td width=\"251\">Confeiteiro<\/td>\n<td width=\"251\">60<\/td>\n<td width=\"251\">18\/2\/2013<\/td>\n<td width=\"251\">8\/3\/2013<\/td>\n<td width=\"251\">13h \u00e0s 17h<\/td>\n<\/tr>\n<tr>\n<td width=\"251\">Cozinha diet\u00e9tica<\/td>\n<td width=\"251\">100<\/td>\n<td width=\"251\">18\/2\/2013<\/td>\n<td width=\"251\">26\/3\/2013<\/td>\n<td width=\"251\">18h \u00e0s 22h<\/td>\n<\/tr>\n<tr>\n<td width=\"251\">Frango desossado, lingui\u00e7a e massas<\/td>\n<td width=\"251\">40<\/td>\n<td width=\"251\">18\/2\/2013<\/td>\n<td width=\"251\">1\/3\/2013<\/td>\n<td width=\"251\">13h \u00e0s 17h<\/td>\n<\/tr>\n<tr>\n<td width=\"251\">Gar\u00e7om<\/td>\n<td width=\"251\">80<\/td>\n<td width=\"251\">18\/2\/2013<\/td>\n<td width=\"251\">21\/3\/2013<\/td>\n<td width=\"251\">18h \u00e0s 22h<\/td>\n<\/tr>\n<tr>\n<td width=\"251\">Doces de festas\/bombons e ovos de p\u00e1scoa<\/td>\n<td width=\"251\">40<\/td>\n<td width=\"251\">19\/2\/2013<\/td>\n<td width=\"251\">6\/3\/2013<\/td>\n<td width=\"251\">18h \u00e0s 22h<\/td>\n<\/tr>\n<tr>\n<td width=\"251\">Bolos decorados<\/td>\n<td width=\"251\">60<\/td>\n<td width=\"251\">25\/2\/2013<\/td>\n<td width=\"251\">15\/3\/2013<\/td>\n<td width=\"251\">8h \u00e0s 12h<\/td>\n<\/tr>\n<tr>\n<td width=\"251\">Quitandas caseiras<\/td>\n<td width=\"251\">60<\/td>\n<td width=\"251\">4\/3\/2013<\/td>\n<td width=\"251\">22\/3\/2013<\/td>\n<td width=\"251\">13h \u00e0s 17h<\/td>\n<\/tr>\n<tr>\n<td width=\"251\">Como montar seu pr\u00f3prio neg\u00f3cio na \u00e1rea de   culin\u00e1ria<\/td>\n<td width=\"251\">60<\/td>\n<td width=\"251\">11\/3\/2013<\/td>\n<td width=\"251\">26\/3\/2013<\/td>\n<td width=\"251\">18h \u00e0s 22h<\/td>\n<\/tr>\n<tr>\n<td width=\"251\">Pizzaiolo<\/td>\n<td width=\"251\">40<\/td>\n<td width=\"251\">12\/3\/2013<\/td>\n<td width=\"251\">26\/3\/2013<\/td>\n<td width=\"251\">13h \u00e0s 17h<\/td>\n<\/tr>\n<\/tbody>\n<\/table>\n<p><em>Fonte: G1<\/em><\/p>\n\n<div style=\"font-size: 0px; height: 0px; line-height: 0px; margin: 0; padding: 0; clear: both;\"><\/div>","protected":false},"excerpt":{"rendered":"<p>Inscri\u00e7\u00f5es est\u00e3o abertas para cursos profissionalizantes gratuitos no Mercado da Lagoinha, em Belo Horizonte. As aulas s\u00e3o voltados para a \u00e1rea de culin\u00e1ria e ter\u00e3o in\u00edcio em diferentes datas que v\u00e3o at\u00e9 mar\u00e7o. Os interessados devem apresentar carteira de identidade, CPF, PIS, carteira de trabalho e comprovante de resid\u00eancia nos endere\u00e7os abaixo: &#8211; Avenida Padre Pedro Pinto, 1.055, em Venda Nova; &#8211; Avenida Santos Dumont, 363, ou pela Rua dos Caet\u00e9s, 342, no Centro; &#8211; Rua Esp\u00edrito Santo, 505, Centro; &#8211; Rua Bar\u00e3o de Coromandel, 982, Barreiro. Veja a lista de\u00a0cursos oferecidos no Mercado da Lagoinha e o per\u00edodo de <\/p>\n","protected":false},"author":1,"featured_media":0,"comment_status":"open","ping_status":"closed","sticky":false,"template":"","format":"standard","meta":{"footnotes":""},"categories":[6],"tags":[15],"class_list":["post-1001","post","type-post","status-publish","format-standard","hentry","category-noticias","tag-belo-horizonte"],"aioseo_notices":[],"aioseo_head":"\n\t\t<!-- All in One SEO 5.0.0.1 - aioseo.com -->\n\t<meta name=\"description\" content=\"Inscri\u00e7\u00f5es est\u00e3o abertas para cursos profissionalizantes gratuitos no Mercado da Lagoinha, em Belo Horizonte. As aulas s\u00e3o voltados para a \u00e1rea de culin\u00e1ria e ter\u00e3o in\u00edcio em diferentes datas que v\u00e3o at\u00e9 mar\u00e7o. Os interessados devem apresentar carteira de identidade, CPF, PIS, carteira de trabalho e comprovante de resid\u00eancia nos endere\u00e7os abaixo: - Avenida Padre\" \/>\n\t<meta name=\"robots\" content=\"max-image-preview:large\" \/>\n\t<meta name=\"author\" content=\"Encontra Belo Horizonte\"\/>\n\t<link rel=\"canonical\" href=\"https:\/\/www.encontrabelohorizonte.com.br\/sobre\/mercado-da-lagoinha-em-bh-abre-vagas-para-cursos-profissionalizantes-de-culinaria\/\" \/>\n\t<meta name=\"generator\" content=\"All in One SEO (AIOSEO) 5.0.0.1\" \/>\n\t\t<meta property=\"og:locale\" content=\"pt_BR\" \/>\n\t\t<meta property=\"og:site_name\" content=\"Encontra Belo Horizonte | Not\u00edcias, eventos, informa\u00e7\u00f5es e dicas da cidade de Belo Horizonte e regi\u00e3o\" \/>\n\t\t<meta property=\"og:type\" content=\"article\" \/>\n\t\t<meta property=\"og:title\" content=\"Mercado da Lagoinha em BH abre vagas para cursos profissionalizantes de culin\u00e1ria | Encontra Belo Horizonte\" \/>\n\t\t<meta property=\"og:description\" content=\"Inscri\u00e7\u00f5es est\u00e3o abertas para cursos profissionalizantes gratuitos no Mercado da Lagoinha, em Belo Horizonte. As aulas s\u00e3o voltados para a \u00e1rea de culin\u00e1ria e ter\u00e3o in\u00edcio em diferentes datas que v\u00e3o at\u00e9 mar\u00e7o. Os interessados devem apresentar carteira de identidade, CPF, PIS, carteira de trabalho e comprovante de resid\u00eancia nos endere\u00e7os abaixo: - Avenida Padre\" \/>\n\t\t<meta property=\"og:url\" content=\"https:\/\/www.encontrabelohorizonte.com.br\/sobre\/mercado-da-lagoinha-em-bh-abre-vagas-para-cursos-profissionalizantes-de-culinaria\/\" \/>\n\t\t<meta property=\"article:published_time\" content=\"2013-01-17T14:13:52+00:00\" \/>\n\t\t<meta property=\"article:modified_time\" content=\"2019-04-12T18:35:41+00:00\" \/>\n\t\t<meta name=\"twitter:card\" content=\"summary\" \/>\n\t\t<meta name=\"twitter:title\" content=\"Mercado da Lagoinha em BH abre vagas para cursos profissionalizantes de culin\u00e1ria | Encontra Belo Horizonte\" \/>\n\t\t<meta name=\"twitter:description\" content=\"Inscri\u00e7\u00f5es est\u00e3o abertas para cursos profissionalizantes gratuitos no Mercado da Lagoinha, em Belo Horizonte. As aulas s\u00e3o voltados para a \u00e1rea de culin\u00e1ria e ter\u00e3o in\u00edcio em diferentes datas que v\u00e3o at\u00e9 mar\u00e7o. Os interessados devem apresentar carteira de identidade, CPF, PIS, carteira de trabalho e comprovante de resid\u00eancia nos endere\u00e7os abaixo: - Avenida Padre\" \/>\n\t\t<script type=\"application\/ld+json\" class=\"aioseo-schema\">\n\t\t\t{\"@context\":\"https:\\\/\\\/schema.org\",\"@graph\":[{\"@type\":\"Article\",\"@id\":\"https:\\\/\\\/www.encontrabelohorizonte.com.br\\\/sobre\\\/mercado-da-lagoinha-em-bh-abre-vagas-para-cursos-profissionalizantes-de-culinaria\\\/#article\",\"name\":\"Mercado da Lagoinha em BH abre vagas para cursos profissionalizantes de culin\\u00e1ria | Encontra Belo Horizonte\",\"headline\":\"Mercado da Lagoinha em BH abre vagas para cursos profissionalizantes de culin\\u00e1ria\",\"author\":{\"@id\":\"https:\\\/\\\/www.encontrabelohorizonte.com.br\\\/sobre\\\/author\\\/ebelohorizonte\\\/#author\"},\"publisher\":{\"@id\":\"https:\\\/\\\/www.encontrabelohorizonte.com.br\\\/sobre\\\/#organization\"},\"datePublished\":\"2013-01-17T14:13:52-02:00\",\"dateModified\":\"2019-04-12T18:35:41-03:00\",\"inLanguage\":\"pt-BR\",\"commentCount\":1,\"mainEntityOfPage\":{\"@id\":\"https:\\\/\\\/www.encontrabelohorizonte.com.br\\\/sobre\\\/mercado-da-lagoinha-em-bh-abre-vagas-para-cursos-profissionalizantes-de-culinaria\\\/#webpage\"},\"isPartOf\":{\"@id\":\"https:\\\/\\\/www.encontrabelohorizonte.com.br\\\/sobre\\\/mercado-da-lagoinha-em-bh-abre-vagas-para-cursos-profissionalizantes-de-culinaria\\\/#webpage\"},\"articleSection\":\"Not\\u00edcias Belo Horizonte, Belo Horizonte\"},{\"@type\":\"BreadcrumbList\",\"@id\":\"https:\\\/\\\/www.encontrabelohorizonte.com.br\\\/sobre\\\/mercado-da-lagoinha-em-bh-abre-vagas-para-cursos-profissionalizantes-de-culinaria\\\/#breadcrumblist\",\"itemListElement\":[{\"@type\":\"ListItem\",\"@id\":\"https:\\\/\\\/www.encontrabelohorizonte.com.br\\\/sobre#listItem\",\"position\":1,\"name\":\"In\\u00edcio\",\"item\":\"https:\\\/\\\/www.encontrabelohorizonte.com.br\\\/sobre\",\"nextItem\":{\"@type\":\"ListItem\",\"@id\":\"https:\\\/\\\/www.encontrabelohorizonte.com.br\\\/sobre\\\/noticias\\\/#listItem\",\"name\":\"Not\\u00edcias Belo Horizonte\"}},{\"@type\":\"ListItem\",\"@id\":\"https:\\\/\\\/www.encontrabelohorizonte.com.br\\\/sobre\\\/noticias\\\/#listItem\",\"position\":2,\"name\":\"Not\\u00edcias Belo Horizonte\",\"item\":\"https:\\\/\\\/www.encontrabelohorizonte.com.br\\\/sobre\\\/noticias\\\/\",\"nextItem\":{\"@type\":\"ListItem\",\"@id\":\"https:\\\/\\\/www.encontrabelohorizonte.com.br\\\/sobre\\\/mercado-da-lagoinha-em-bh-abre-vagas-para-cursos-profissionalizantes-de-culinaria\\\/#listItem\",\"name\":\"Mercado da Lagoinha em BH abre vagas para cursos profissionalizantes de culin\\u00e1ria\"},\"previousItem\":{\"@type\":\"ListItem\",\"@id\":\"https:\\\/\\\/www.encontrabelohorizonte.com.br\\\/sobre#listItem\",\"name\":\"In\\u00edcio\"}},{\"@type\":\"ListItem\",\"@id\":\"https:\\\/\\\/www.encontrabelohorizonte.com.br\\\/sobre\\\/mercado-da-lagoinha-em-bh-abre-vagas-para-cursos-profissionalizantes-de-culinaria\\\/#listItem\",\"position\":3,\"name\":\"Mercado da Lagoinha em BH abre vagas para cursos profissionalizantes de culin\\u00e1ria\",\"previousItem\":{\"@type\":\"ListItem\",\"@id\":\"https:\\\/\\\/www.encontrabelohorizonte.com.br\\\/sobre\\\/noticias\\\/#listItem\",\"name\":\"Not\\u00edcias Belo Horizonte\"}}]},{\"@type\":\"Organization\",\"@id\":\"https:\\\/\\\/www.encontrabelohorizonte.com.br\\\/sobre\\\/#organization\",\"name\":\"Encontra Belo Horizonte\",\"description\":\"Not\\u00edcias, eventos, informa\\u00e7\\u00f5es e dicas da cidade de Belo Horizonte e regi\\u00e3o\",\"url\":\"https:\\\/\\\/www.encontrabelohorizonte.com.br\\\/sobre\\\/\"},{\"@type\":\"Person\",\"@id\":\"https:\\\/\\\/www.encontrabelohorizonte.com.br\\\/sobre\\\/author\\\/ebelohorizonte\\\/#author\",\"url\":\"https:\\\/\\\/www.encontrabelohorizonte.com.br\\\/sobre\\\/author\\\/ebelohorizonte\\\/\",\"name\":\"Encontra Belo Horizonte\",\"image\":{\"@type\":\"ImageObject\",\"@id\":\"https:\\\/\\\/www.encontrabelohorizonte.com.br\\\/sobre\\\/mercado-da-lagoinha-em-bh-abre-vagas-para-cursos-profissionalizantes-de-culinaria\\\/#authorImage\",\"url\":\"https:\\\/\\\/secure.gravatar.com\\\/avatar\\\/507340682b8270222e1f208e23198b6ae7e2c6a1033ae84e99bc6bce4f82a387?s=96&d=mm&r=g\",\"width\":96,\"height\":96,\"caption\":\"Encontra Belo Horizonte\"}},{\"@type\":\"WebPage\",\"@id\":\"https:\\\/\\\/www.encontrabelohorizonte.com.br\\\/sobre\\\/mercado-da-lagoinha-em-bh-abre-vagas-para-cursos-profissionalizantes-de-culinaria\\\/#webpage\",\"url\":\"https:\\\/\\\/www.encontrabelohorizonte.com.br\\\/sobre\\\/mercado-da-lagoinha-em-bh-abre-vagas-para-cursos-profissionalizantes-de-culinaria\\\/\",\"name\":\"Mercado da Lagoinha em BH abre vagas para cursos profissionalizantes de culin\\u00e1ria | Encontra Belo Horizonte\",\"description\":\"Inscri\\u00e7\\u00f5es est\\u00e3o abertas para cursos profissionalizantes gratuitos no Mercado da Lagoinha, em Belo Horizonte. As aulas s\\u00e3o voltados para a \\u00e1rea de culin\\u00e1ria e ter\\u00e3o in\\u00edcio em diferentes datas que v\\u00e3o at\\u00e9 mar\\u00e7o. Os interessados devem apresentar carteira de identidade, CPF, PIS, carteira de trabalho e comprovante de resid\\u00eancia nos endere\\u00e7os abaixo: - Avenida Padre\",\"inLanguage\":\"pt-BR\",\"isPartOf\":{\"@id\":\"https:\\\/\\\/www.encontrabelohorizonte.com.br\\\/sobre\\\/#website\"},\"breadcrumb\":{\"@id\":\"https:\\\/\\\/www.encontrabelohorizonte.com.br\\\/sobre\\\/mercado-da-lagoinha-em-bh-abre-vagas-para-cursos-profissionalizantes-de-culinaria\\\/#breadcrumblist\"},\"author\":{\"@id\":\"https:\\\/\\\/www.encontrabelohorizonte.com.br\\\/sobre\\\/author\\\/ebelohorizonte\\\/#author\"},\"creator\":{\"@id\":\"https:\\\/\\\/www.encontrabelohorizonte.com.br\\\/sobre\\\/author\\\/ebelohorizonte\\\/#author\"},\"datePublished\":\"2013-01-17T14:13:52-02:00\",\"dateModified\":\"2019-04-12T18:35:41-03:00\"},{\"@type\":\"WebSite\",\"@id\":\"https:\\\/\\\/www.encontrabelohorizonte.com.br\\\/sobre\\\/#website\",\"url\":\"https:\\\/\\\/www.encontrabelohorizonte.com.br\\\/sobre\\\/\",\"name\":\"Encontra Belo Horizonte\",\"description\":\"Not\\u00edcias, eventos, informa\\u00e7\\u00f5es e dicas da cidade de Belo Horizonte e regi\\u00e3o\",\"inLanguage\":\"pt-BR\",\"publisher\":{\"@id\":\"https:\\\/\\\/www.encontrabelohorizonte.com.br\\\/sobre\\\/#organization\"}}]}\n\t\t<\/script>\n\t\t<!-- All in One SEO -->\n\n","aioseo_head_json":{"title":"Mercado da Lagoinha em BH abre vagas para cursos profissionalizantes de culin\u00e1ria | Encontra Belo Horizonte","description":"Inscri\u00e7\u00f5es est\u00e3o abertas para cursos profissionalizantes gratuitos no Mercado da Lagoinha, em Belo Horizonte. As aulas s\u00e3o voltados para a \u00e1rea de culin\u00e1ria e ter\u00e3o in\u00edcio em diferentes datas que v\u00e3o at\u00e9 mar\u00e7o. Os interessados devem apresentar carteira de identidade, CPF, PIS, carteira de trabalho e comprovante de resid\u00eancia nos endere\u00e7os abaixo: - Avenida Padre","canonical_url":"https:\/\/www.encontrabelohorizonte.com.br\/sobre\/mercado-da-lagoinha-em-bh-abre-vagas-para-cursos-profissionalizantes-de-culinaria\/","robots":"max-image-preview:large","keywords":"","webmasterTools":{"miscellaneous":""},"schema":{"@context":"https:\/\/schema.org","@graph":[{"@type":"Article","@id":"https:\/\/www.encontrabelohorizonte.com.br\/sobre\/mercado-da-lagoinha-em-bh-abre-vagas-para-cursos-profissionalizantes-de-culinaria\/#article","name":"Mercado da Lagoinha em BH abre vagas para cursos profissionalizantes de culin\u00e1ria | Encontra Belo Horizonte","headline":"Mercado da Lagoinha em BH abre vagas para cursos profissionalizantes de culin\u00e1ria","author":{"@id":"https:\/\/www.encontrabelohorizonte.com.br\/sobre\/author\/ebelohorizonte\/#author"},"publisher":{"@id":"https:\/\/www.encontrabelohorizonte.com.br\/sobre\/#organization"},"datePublished":"2013-01-17T14:13:52-02:00","dateModified":"2019-04-12T18:35:41-03:00","inLanguage":"pt-BR","commentCount":1,"mainEntityOfPage":{"@id":"https:\/\/www.encontrabelohorizonte.com.br\/sobre\/mercado-da-lagoinha-em-bh-abre-vagas-para-cursos-profissionalizantes-de-culinaria\/#webpage"},"isPartOf":{"@id":"https:\/\/www.encontrabelohorizonte.com.br\/sobre\/mercado-da-lagoinha-em-bh-abre-vagas-para-cursos-profissionalizantes-de-culinaria\/#webpage"},"articleSection":"Not\u00edcias Belo Horizonte, Belo Horizonte"},{"@type":"BreadcrumbList","@id":"https:\/\/www.encontrabelohorizonte.com.br\/sobre\/mercado-da-lagoinha-em-bh-abre-vagas-para-cursos-profissionalizantes-de-culinaria\/#breadcrumblist","itemListElement":[{"@type":"ListItem","@id":"https:\/\/www.encontrabelohorizonte.com.br\/sobre#listItem","position":1,"name":"In\u00edcio","item":"https:\/\/www.encontrabelohorizonte.com.br\/sobre","nextItem":{"@type":"ListItem","@id":"https:\/\/www.encontrabelohorizonte.com.br\/sobre\/noticias\/#listItem","name":"Not\u00edcias Belo Horizonte"}},{"@type":"ListItem","@id":"https:\/\/www.encontrabelohorizonte.com.br\/sobre\/noticias\/#listItem","position":2,"name":"Not\u00edcias Belo Horizonte","item":"https:\/\/www.encontrabelohorizonte.com.br\/sobre\/noticias\/","nextItem":{"@type":"ListItem","@id":"https:\/\/www.encontrabelohorizonte.com.br\/sobre\/mercado-da-lagoinha-em-bh-abre-vagas-para-cursos-profissionalizantes-de-culinaria\/#listItem","name":"Mercado da Lagoinha em BH abre vagas para cursos profissionalizantes de culin\u00e1ria"},"previousItem":{"@type":"ListItem","@id":"https:\/\/www.encontrabelohorizonte.com.br\/sobre#listItem","name":"In\u00edcio"}},{"@type":"ListItem","@id":"https:\/\/www.encontrabelohorizonte.com.br\/sobre\/mercado-da-lagoinha-em-bh-abre-vagas-para-cursos-profissionalizantes-de-culinaria\/#listItem","position":3,"name":"Mercado da Lagoinha em BH abre vagas para cursos profissionalizantes de culin\u00e1ria","previousItem":{"@type":"ListItem","@id":"https:\/\/www.encontrabelohorizonte.com.br\/sobre\/noticias\/#listItem","name":"Not\u00edcias Belo Horizonte"}}]},{"@type":"Organization","@id":"https:\/\/www.encontrabelohorizonte.com.br\/sobre\/#organization","name":"Encontra Belo Horizonte","description":"Not\u00edcias, eventos, informa\u00e7\u00f5es e dicas da cidade de Belo Horizonte e regi\u00e3o","url":"https:\/\/www.encontrabelohorizonte.com.br\/sobre\/"},{"@type":"Person","@id":"https:\/\/www.encontrabelohorizonte.com.br\/sobre\/author\/ebelohorizonte\/#author","url":"https:\/\/www.encontrabelohorizonte.com.br\/sobre\/author\/ebelohorizonte\/","name":"Encontra Belo Horizonte","image":{"@type":"ImageObject","@id":"https:\/\/www.encontrabelohorizonte.com.br\/sobre\/mercado-da-lagoinha-em-bh-abre-vagas-para-cursos-profissionalizantes-de-culinaria\/#authorImage","url":"https:\/\/secure.gravatar.com\/avatar\/507340682b8270222e1f208e23198b6ae7e2c6a1033ae84e99bc6bce4f82a387?s=96&d=mm&r=g","width":96,"height":96,"caption":"Encontra Belo Horizonte"}},{"@type":"WebPage","@id":"https:\/\/www.encontrabelohorizonte.com.br\/sobre\/mercado-da-lagoinha-em-bh-abre-vagas-para-cursos-profissionalizantes-de-culinaria\/#webpage","url":"https:\/\/www.encontrabelohorizonte.com.br\/sobre\/mercado-da-lagoinha-em-bh-abre-vagas-para-cursos-profissionalizantes-de-culinaria\/","name":"Mercado da Lagoinha em BH abre vagas para cursos profissionalizantes de culin\u00e1ria | Encontra Belo Horizonte","description":"Inscri\u00e7\u00f5es est\u00e3o abertas para cursos profissionalizantes gratuitos no Mercado da Lagoinha, em Belo Horizonte. As aulas s\u00e3o voltados para a \u00e1rea de culin\u00e1ria e ter\u00e3o in\u00edcio em diferentes datas que v\u00e3o at\u00e9 mar\u00e7o. Os interessados devem apresentar carteira de identidade, CPF, PIS, carteira de trabalho e comprovante de resid\u00eancia nos endere\u00e7os abaixo: - Avenida Padre","inLanguage":"pt-BR","isPartOf":{"@id":"https:\/\/www.encontrabelohorizonte.com.br\/sobre\/#website"},"breadcrumb":{"@id":"https:\/\/www.encontrabelohorizonte.com.br\/sobre\/mercado-da-lagoinha-em-bh-abre-vagas-para-cursos-profissionalizantes-de-culinaria\/#breadcrumblist"},"author":{"@id":"https:\/\/www.encontrabelohorizonte.com.br\/sobre\/author\/ebelohorizonte\/#author"},"creator":{"@id":"https:\/\/www.encontrabelohorizonte.com.br\/sobre\/author\/ebelohorizonte\/#author"},"datePublished":"2013-01-17T14:13:52-02:00","dateModified":"2019-04-12T18:35:41-03:00"},{"@type":"WebSite","@id":"https:\/\/www.encontrabelohorizonte.com.br\/sobre\/#website","url":"https:\/\/www.encontrabelohorizonte.com.br\/sobre\/","name":"Encontra Belo Horizonte","description":"Not\u00edcias, eventos, informa\u00e7\u00f5es e dicas da cidade de Belo Horizonte e regi\u00e3o","inLanguage":"pt-BR","publisher":{"@id":"https:\/\/www.encontrabelohorizonte.com.br\/sobre\/#organization"}}]},"og:locale":"pt_BR","og:site_name":"Encontra Belo Horizonte | Not\u00edcias, eventos, informa\u00e7\u00f5es e dicas da cidade de Belo Horizonte e regi\u00e3o","og:type":"article","og:title":"Mercado da Lagoinha em BH abre vagas para cursos profissionalizantes de culin\u00e1ria | Encontra Belo Horizonte","og:description":"Inscri\u00e7\u00f5es est\u00e3o abertas para cursos profissionalizantes gratuitos no Mercado da Lagoinha, em Belo Horizonte. As aulas s\u00e3o voltados para a \u00e1rea de culin\u00e1ria e ter\u00e3o in\u00edcio em diferentes datas que v\u00e3o at\u00e9 mar\u00e7o. Os interessados devem apresentar carteira de identidade, CPF, PIS, carteira de trabalho e comprovante de resid\u00eancia nos endere\u00e7os abaixo: - Avenida Padre","og:url":"https:\/\/www.encontrabelohorizonte.com.br\/sobre\/mercado-da-lagoinha-em-bh-abre-vagas-para-cursos-profissionalizantes-de-culinaria\/","article:published_time":"2013-01-17T14:13:52+00:00","article:modified_time":"2019-04-12T18:35:41+00:00","twitter:card":"summary","twitter:title":"Mercado da Lagoinha em BH abre vagas para cursos profissionalizantes de culin\u00e1ria | Encontra Belo Horizonte","twitter:description":"Inscri\u00e7\u00f5es est\u00e3o abertas para cursos profissionalizantes gratuitos no Mercado da Lagoinha, em Belo Horizonte. As aulas s\u00e3o voltados para a \u00e1rea de culin\u00e1ria e ter\u00e3o in\u00edcio em diferentes datas que v\u00e3o at\u00e9 mar\u00e7o. Os interessados devem apresentar carteira de identidade, CPF, PIS, carteira de trabalho e comprovante de resid\u00eancia nos endere\u00e7os abaixo: - Avenida Padre"},"aioseo_meta_data":{"post_id":"1001","title":null,"description":null,"keywords":null,"keyphrases":null,"primary_term":null,"canonical_url":null,"og_title":null,"og_description":null,"og_object_type":"default","og_image_type":"default","og_image_url":null,"og_image_width":null,"og_image_height":null,"og_image_custom_url":null,"og_image_custom_fields":null,"og_video":null,"og_custom_url":null,"og_article_section":null,"og_article_tags":null,"twitter_use_og":false,"twitter_card":"default","twitter_image_type":"default","twitter_image_url":null,"twitter_image_custom_url":null,"twitter_image_custom_fields":null,"twitter_title":null,"twitter_description":null,"schema":{"blockGraphs":[],"customGraphs":[],"default":{"data":{"Article":[],"Course":[],"Dataset":[],"FAQPage":[],"Movie":[],"Person":[],"Product":[],"ProductReview":[],"Car":[],"Recipe":[],"Service":[],"SoftwareApplication":[],"WebPage":[]},"graphName":"Article","isEnabled":true},"graphs":[]},"schema_type":null,"schema_type_options":null,"pillar_content":false,"robots_default":true,"robots_noindex":false,"robots_noarchive":false,"robots_nosnippet":false,"robots_nofollow":false,"robots_noimageindex":false,"robots_noodp":false,"robots_notranslate":false,"robots_max_snippet":null,"robots_max_videopreview":null,"robots_max_imagepreview":"large","priority":null,"frequency":null,"local_seo":null,"breadcrumb_settings":null,"limit_modified_date":false,"ai":null,"created":"2021-08-29 10:44:48","updated":"2025-09-27 07:00:12","focus_keyword":null,"additional_keywords":null,"truseo_locale":null,"seo_analyzer_scan_date":null},"aioseo_breadcrumb":"<div class=\"aioseo-breadcrumbs\"><span class=\"aioseo-breadcrumb\">\n\t\t\t<a href=\"https:\/\/www.encontrabelohorizonte.com.br\/sobre\" title=\"In\u00edcio\">In\u00edcio<\/a>\n\t\t<\/span><span class=\"aioseo-breadcrumb-separator\">&raquo;<\/span><span class=\"aioseo-breadcrumb\">\n\t\t\t<a href=\"https:\/\/www.encontrabelohorizonte.com.br\/sobre\/noticias\/\" title=\"Not\u00edcias Belo Horizonte\">Not\u00edcias Belo Horizonte<\/a>\n\t\t<\/span><span class=\"aioseo-breadcrumb-separator\">&raquo;<\/span><span class=\"aioseo-breadcrumb\">\n\t\t\tMercado da Lagoinha em BH abre vagas para cursos profissionalizantes de culin\u00e1ria\n\t\t<\/span><\/div>","aioseo_breadcrumb_json":[{"label":"In\u00edcio","link":"https:\/\/www.encontrabelohorizonte.com.br\/sobre"},{"label":"Not\u00edcias Belo Horizonte","link":"https:\/\/www.encontrabelohorizonte.com.br\/sobre\/noticias\/"},{"label":"Mercado da Lagoinha em BH abre vagas para cursos profissionalizantes de culin\u00e1ria","link":"https:\/\/www.encontrabelohorizonte.com.br\/sobre\/mercado-da-lagoinha-em-bh-abre-vagas-para-cursos-profissionalizantes-de-culinaria\/"}],"_links":{"self":[{"href":"https:\/\/www.encontrabelohorizonte.com.br\/sobre\/wp-json\/wp\/v2\/posts\/1001","targetHints":{"allow":["GET"]}}],"collection":[{"href":"https:\/\/www.encontrabelohorizonte.com.br\/sobre\/wp-json\/wp\/v2\/posts"}],"about":[{"href":"https:\/\/www.encontrabelohorizonte.com.br\/sobre\/wp-json\/wp\/v2\/types\/post"}],"author":[{"embeddable":true,"href":"https:\/\/www.encontrabelohorizonte.com.br\/sobre\/wp-json\/wp\/v2\/users\/1"}],"replies":[{"embeddable":true,"href":"https:\/\/www.encontrabelohorizonte.com.br\/sobre\/wp-json\/wp\/v2\/comments?post=1001"}],"version-history":[{"count":0,"href":"https:\/\/www.encontrabelohorizonte.com.br\/sobre\/wp-json\/wp\/v2\/posts\/1001\/revisions"}],"wp:attachment":[{"href":"https:\/\/www.encontrabelohorizonte.com.br\/sobre\/wp-json\/wp\/v2\/media?parent=1001"}],"wp:term":[{"taxonomy":"category","embeddable":true,"href":"https:\/\/www.encontrabelohorizonte.com.br\/sobre\/wp-json\/wp\/v2\/categories?post=1001"},{"taxonomy":"post_tag","embeddable":true,"href":"https:\/\/www.encontrabelohorizonte.com.br\/sobre\/wp-json\/wp\/v2\/tags?post=1001"}],"curies":[{"name":"wp","href":"https:\/\/api.w.org\/{rel}","templated":true}]}}