{"id":1031,"date":"2013-01-24T00:59:33","date_gmt":"2013-01-24T00:59:33","guid":{"rendered":"http:\/\/www.encontrabelohorizonte.com.br\/noticias\/?p=1031"},"modified":"2019-04-12T18:35:41","modified_gmt":"2019-04-12T18:35:41","slug":"apos-incendio-museu-da-puc-em-bh-fecha-por-tempo-indeterminado","status":"publish","type":"post","link":"https:\/\/www.encontrabelohorizonte.com.br\/sobre\/apos-incendio-museu-da-puc-em-bh-fecha-por-tempo-indeterminado\/","title":{"rendered":"Ap\u00f3s inc\u00eandio, museu da PUC em BH fecha por tempo indeterminado"},"content":{"rendered":"<div class=\"2e083cf0b19e2c11948dc6ac054ba979\" data-index=\"1\" style=\"float: none; margin:0px;\">\n<!-- Anuncio display - global -->\r\n<ins class=\"adsbygoogle\"\r\n     style=\"display:block\"\r\n     data-ad-client=\"ca-pub-8585364105181520\"\r\n     data-ad-slot=\"8789329856\"\r\n     data-ad-format=\"auto\"\r\n     data-full-width-responsive=\"true\"><\/ins>\r\n<script>\r\n     (adsbygoogle = window.adsbygoogle || []).push({});\r\n<\/script>\n<\/div>\n<p>O Museu de Ci\u00eancias Naturais da Pontif\u00edcia Universidade Cat\u00f3lica de Minas Gerais (PUC Minas), no campus Cora\u00e7\u00e3o Eucar\u00edstico, na Regi\u00e3o Noroeste de\u00a0Belo Horizonte, est\u00e1 fechado por tempo indeterminado a partir desta quarta-feira (23). O im\u00f3vel foi parcialmente atingido por um inc\u00eandio. O coordenador do local, Bonif\u00e1cio Jos\u00e9 Teixeira, disse a reportagem<strong> <\/strong>que ainda n\u00e3o sabe qual a extens\u00e3o do preju\u00edzo e quais r\u00e9plicas ou f\u00f3sseis foram queimados. As causas do fogo ainda n\u00e3o foram determinadas. A Pol\u00edcia Civil realiza per\u00edcia para investigar o ocorrido.<\/p>\n<p>Teixeira contou que o fogo destruiu r\u00e9plicas, cen\u00e1rios, fia\u00e7\u00f5es e pisos, mas que no momento era imposs\u00edvel dizer exatamente o que foi perdido. O incidente aconteceu no fim da tarde desta ter\u00e7a-feira (22). De acordo com a assessoria de imprensa da universidade, as chamas come\u00e7aram por volta das 18h e n\u00e3o houve feridos.<\/p>\n<p>De acordo com avalia\u00e7\u00e3o do coordenador do museu, a pregui\u00e7a gigante desabou com o rompimento dos cabos que a sustentavam. Tamb\u00e9m foram atingidas a cabe\u00e7a da r\u00e9plica do dinossauro Uberaba Titan e costelas do dinossauro Carnotauro.<\/p>\n<p>O Corpo de Bombeiros controlou o inc\u00eandio em 40 minutos e fez o trabalho de rescaldo e ventila\u00e7\u00e3o. O fogo atingiu o segundo andar onde estavam exposi\u00e7\u00f5es sobre a vida do paleont\u00f3logo e naturalista Peter W. Lund, sobre a Era Pleistoceno e sobre a Vida no Cerrado. O corpo do gorila Idi Amin, que est\u00e1 em processo de taxidermia (empalhamento), n\u00e3o foi afetado. O primeiro e terceiro andares tamb\u00e9m n\u00e3o foram queimados.<\/p>\n<p>No terceiro andar est\u00e3o exposi\u00e7\u00f5es sobre fauna ex\u00f3tica e vida na \u00e1gua. No primeiro pavimento h\u00e1 exposi\u00e7\u00f5es de r\u00e9pteis, dinossauros e arqueol\u00f3gica.<\/p>\n<p>De acordo com a assessoria de imprensa, o fogo destruiu r\u00e9plicas, mas o acervo das oito cole\u00e7\u00f5es cient\u00edficas e reservas t\u00e9cnicas, que s\u00e3o a base de todo o trabalho do museu, n\u00e3o foi atingido. A estrutura do pr\u00e9dio tamb\u00e9m n\u00e3o foi danificada, de acordo com o Corpo de Bombeiros.<\/p>\n<p>Uma funcion\u00e1ria terceirizada da PUC Minas, do setor de limpeza, aguardou ser resgatada por rapel pelo Corpo de Bombeiros na sacada do terceiro andar e n\u00e3o sofreu ferimentos.<\/p>\n<p><strong>Sobre o museu<\/strong><br \/>\nO Museu de Ci\u00eancias Naturais recebia, diariamente, cerca de 500 visitantes e as atividades s\u00e3o desenvolvidas at\u00e9 as 17h. Ainda n\u00e3o h\u00e1 informa\u00e7\u00f5es sobre o que teria provocado o inc\u00eandio.<\/p>\n<p>O reitor da PUC Minas e bispo auxiliar da Arquidiocese de Belo Horizonte, professor Dom Joaquim Giovani Mol Guimar\u00e3es, acompanhou a chegada e o trabalho do Corpo de Bombeiros.<\/p>\n<p>Ele manifestou o sentimento de desola\u00e7\u00e3o e de tristeza com o ocorrido e ressaltou a import\u00e2ncia da hist\u00f3ria do museu para o estado de Minas Gerais, Belo Horizonte, para Minas Gerais, para o Brasil, para o mundo e, especialmente, para as crian\u00e7as. &#8220;O preju\u00edzo cient\u00edfico foi incalcul\u00e1vel&#8221;.<\/p>\n<p>Dom Joaquim Giovani Mol Guimar\u00e3es afirmou que o museu trabalhar\u00e1 com os parceiros para que seja recuperado. O museu, desde 2012, refaz o caminho percorrido pelo paleont\u00f3logo Peter W. Lund em Minas Gerais.<\/p>\n<p><em>Fonte: G1<\/em><\/p>\n\n<div style=\"font-size: 0px; height: 0px; line-height: 0px; margin: 0; padding: 0; clear: both;\"><\/div>","protected":false},"excerpt":{"rendered":"<p>O Museu de Ci\u00eancias Naturais da Pontif\u00edcia Universidade Cat\u00f3lica de Minas Gerais (PUC Minas), no campus Cora\u00e7\u00e3o Eucar\u00edstico, na Regi\u00e3o Noroeste de\u00a0Belo Horizonte, est\u00e1 fechado por tempo indeterminado a partir desta quarta-feira (23). O im\u00f3vel foi parcialmente atingido por um inc\u00eandio. O coordenador do local, Bonif\u00e1cio Jos\u00e9 Teixeira, disse a reportagem que ainda n\u00e3o sabe qual a extens\u00e3o do preju\u00edzo e quais r\u00e9plicas ou f\u00f3sseis foram queimados. As causas do fogo ainda n\u00e3o foram determinadas. A Pol\u00edcia Civil realiza per\u00edcia para investigar o ocorrido. Teixeira contou que o fogo destruiu r\u00e9plicas, cen\u00e1rios, fia\u00e7\u00f5es e pisos, mas que no momento era <\/p>\n","protected":false},"author":1,"featured_media":0,"comment_status":"open","ping_status":"closed","sticky":false,"template":"","format":"standard","meta":{"footnotes":""},"categories":[6],"tags":[15],"class_list":["post-1031","post","type-post","status-publish","format-standard","hentry","category-noticias","tag-belo-horizonte"],"aioseo_notices":[],"_links":{"self":[{"href":"https:\/\/www.encontrabelohorizonte.com.br\/sobre\/wp-json\/wp\/v2\/posts\/1031","targetHints":{"allow":["GET"]}}],"collection":[{"href":"https:\/\/www.encontrabelohorizonte.com.br\/sobre\/wp-json\/wp\/v2\/posts"}],"about":[{"href":"https:\/\/www.encontrabelohorizonte.com.br\/sobre\/wp-json\/wp\/v2\/types\/post"}],"author":[{"embeddable":true,"href":"https:\/\/www.encontrabelohorizonte.com.br\/sobre\/wp-json\/wp\/v2\/users\/1"}],"replies":[{"embeddable":true,"href":"https:\/\/www.encontrabelohorizonte.com.br\/sobre\/wp-json\/wp\/v2\/comments?post=1031"}],"version-history":[{"count":0,"href":"https:\/\/www.encontrabelohorizonte.com.br\/sobre\/wp-json\/wp\/v2\/posts\/1031\/revisions"}],"wp:attachment":[{"href":"https:\/\/www.encontrabelohorizonte.com.br\/sobre\/wp-json\/wp\/v2\/media?parent=1031"}],"wp:term":[{"taxonomy":"category","embeddable":true,"href":"https:\/\/www.encontrabelohorizonte.com.br\/sobre\/wp-json\/wp\/v2\/categories?post=1031"},{"taxonomy":"post_tag","embeddable":true,"href":"https:\/\/www.encontrabelohorizonte.com.br\/sobre\/wp-json\/wp\/v2\/tags?post=1031"}],"curies":[{"name":"wp","href":"https:\/\/api.w.org\/{rel}","templated":true}]}}