{"id":1036,"date":"2013-01-25T11:35:01","date_gmt":"2013-01-25T11:35:01","guid":{"rendered":"http:\/\/www.encontrabelohorizonte.com.br\/noticias\/?p=1036"},"modified":"2019-04-12T18:35:40","modified_gmt":"2019-04-12T18:35:40","slug":"adelia-prado-ira-participar-de-sarau-gratuito-em-belo-horizonte","status":"publish","type":"post","link":"https:\/\/www.encontrabelohorizonte.com.br\/sobre\/adelia-prado-ira-participar-de-sarau-gratuito-em-belo-horizonte\/","title":{"rendered":"Ad\u00e9lia Prado ir\u00e1 participar de sarau gratuito em Belo Horizonte"},"content":{"rendered":"<div class=\"2e083cf0b19e2c11948dc6ac054ba979\" data-index=\"1\" style=\"float: none; margin:0px;\">\n<!-- Anuncio display - global -->\r\n<ins class=\"adsbygoogle\"\r\n     style=\"display:block\"\r\n     data-ad-client=\"ca-pub-8585364105181520\"\r\n     data-ad-slot=\"8789329856\"\r\n     data-ad-format=\"auto\"\r\n     data-full-width-responsive=\"true\"><\/ins>\r\n<script>\r\n     (adsbygoogle = window.adsbygoogle || []).push({});\r\n<\/script>\n<\/div>\n<p>Neste domingo (27), a escritora e poetisa mineira Ad\u00e9lia Prado ir\u00e1 inaugurar a programa\u00e7\u00e3o de saraus do Memorial Minas Gerais Vale, na Pra\u00e7a da Liberdade. A partir das 13h, Ad\u00e9lia ir\u00e1 falar sobre sua obra e inspira\u00e7\u00f5es po\u00e9ticas. O encontro acontece na\u00a0Casa da \u00d3pera do museu, uma r\u00e9plica da Casa da \u00d3pera de Vila Rica em Ouro Preto (MG).<\/p>\n<p>O projeto \u201cSarau do Memorial\u201d ir\u00e1 promover encontros com artistas mineiros todo \u00faltimo domingo de cada m\u00eas. O evento \u00e9 gratuito, sujeito a lota\u00e7\u00e3o, com senhas \u00a0distribu\u00eddas uma hora antes dos encontros.<\/p>\n<p>J\u00e1 est\u00e3o confirmados os nomes de Ricardo Aleixo, no dia 24 de fevereiro; Guiommar de Grammont, no dia 31 de mar\u00e7o; Jorge Emil, dia 28 de abril e Luciana Tonelli, no dia 26 de maio. Al\u00e9m disso, homenagens especiais ser\u00e3o feitas \u00e0 vida e obra de artistas do estado de \u00a0Minas Gerais, como Guimar\u00e3es Rosa, Carlos Drummond de Andrade, Lygia Clark e Sebasti\u00e3o Salgado.<\/p>\n<p><strong>Ad\u00e9lia Prado<\/strong><\/p>\n<p>Nascida em Divin\u00f3polis, em 13 de dezembro de 1935, Ad\u00e9lia lan\u00e7ou seu primeiro livro em 1976, \u201cBagagem\u201d, que chamou aten\u00e7\u00e3o da cr\u00edtica pela originalidade. Em 1978, com a obra \u201cO Cora\u00e7\u00e3o Disparado\u201d, conquistou o pr\u00eamio Jabuti de Literatura, da\u00a0C\u00e2mara Brasileira do Livro, na cidade de S\u00e3o Paulo.<\/p>\n<p>Ad\u00e9lia tamb\u00e9m \u00e9 autora dos livros \u201cSolte os Cachorros\u201d, \u201cCacos para um Vitral\u201d, \u201cTerra de Santa Cruz\u201d, \u201cComponentes da Banda\u201d, \u201cO Pelicano\u201d, \u201cFilandras\u201d, \u201cO Homem da M\u00e3o Seca\u201d,\u201dQuero Minha M\u00e3e\u201d, \u201cManuscrito de Felipa\u201d e o livro de poemas \u201cOr\u00e1culos de Maio\u201d.<\/p>\n<p>Seu \u00faltimo lan\u00e7amento, em 2010, foi o livro de poesias in\u00e9dito \u201cA dura\u00e7\u00e3o do Dia\u201d, uma compila\u00e7\u00e3o de poemas novos e outros, antigos, que n\u00e3o tinham sido finalizados para publica\u00e7\u00e3o.<\/p>\n<p><span style=\"font-style: italic; font-size: 13px; line-height: 19px;\">Fonte: Na Savassi<\/span><\/p>\n\n<div style=\"font-size: 0px; height: 0px; line-height: 0px; margin: 0; padding: 0; clear: both;\"><\/div>","protected":false},"excerpt":{"rendered":"<p>Neste domingo (27), a escritora e poetisa mineira Ad\u00e9lia Prado ir\u00e1 inaugurar a programa\u00e7\u00e3o de saraus do Memorial Minas Gerais Vale, na Pra\u00e7a da Liberdade. A partir das 13h, Ad\u00e9lia ir\u00e1 falar sobre sua obra e inspira\u00e7\u00f5es po\u00e9ticas. O encontro acontece na\u00a0Casa da \u00d3pera do museu, uma r\u00e9plica da Casa da \u00d3pera de Vila Rica em Ouro Preto (MG). O projeto \u201cSarau do Memorial\u201d ir\u00e1 promover encontros com artistas mineiros todo \u00faltimo domingo de cada m\u00eas. O evento \u00e9 gratuito, sujeito a lota\u00e7\u00e3o, com senhas \u00a0distribu\u00eddas uma hora antes dos encontros. J\u00e1 est\u00e3o confirmados os nomes de Ricardo Aleixo, no <\/p>\n","protected":false},"author":1,"featured_media":0,"comment_status":"open","ping_status":"closed","sticky":false,"template":"","format":"standard","meta":{"footnotes":""},"categories":[6],"tags":[15],"class_list":["post-1036","post","type-post","status-publish","format-standard","hentry","category-noticias","tag-belo-horizonte"],"aioseo_notices":[],"aioseo_head":"\n\t\t<!-- All in One SEO 5.0.0.1 - aioseo.com -->\n\t<meta name=\"description\" content=\"Neste domingo (27), a escritora e poetisa mineira Ad\u00e9lia Prado ir\u00e1 inaugurar a programa\u00e7\u00e3o de saraus do Memorial Minas Gerais Vale, na Pra\u00e7a da Liberdade. A partir das 13h, Ad\u00e9lia ir\u00e1 falar sobre sua obra e inspira\u00e7\u00f5es po\u00e9ticas. O encontro acontece na Casa da \u00d3pera do museu, uma r\u00e9plica da Casa da \u00d3pera de Vila Rica\" \/>\n\t<meta name=\"robots\" content=\"max-image-preview:large\" \/>\n\t<meta name=\"author\" content=\"Encontra Belo Horizonte\"\/>\n\t<link rel=\"canonical\" href=\"https:\/\/www.encontrabelohorizonte.com.br\/sobre\/adelia-prado-ira-participar-de-sarau-gratuito-em-belo-horizonte\/\" \/>\n\t<meta name=\"generator\" content=\"All in One SEO (AIOSEO) 5.0.0.1\" \/>\n\t\t<meta property=\"og:locale\" content=\"pt_BR\" \/>\n\t\t<meta property=\"og:site_name\" content=\"Encontra Belo Horizonte | Not\u00edcias, eventos, informa\u00e7\u00f5es e dicas da cidade de Belo Horizonte e regi\u00e3o\" \/>\n\t\t<meta property=\"og:type\" content=\"article\" \/>\n\t\t<meta property=\"og:title\" content=\"Ad\u00e9lia Prado ir\u00e1 participar de sarau gratuito em Belo Horizonte | Encontra Belo Horizonte\" \/>\n\t\t<meta property=\"og:description\" content=\"Neste domingo (27), a escritora e poetisa mineira Ad\u00e9lia Prado ir\u00e1 inaugurar a programa\u00e7\u00e3o de saraus do Memorial Minas Gerais Vale, na Pra\u00e7a da Liberdade. A partir das 13h, Ad\u00e9lia ir\u00e1 falar sobre sua obra e inspira\u00e7\u00f5es po\u00e9ticas. O encontro acontece na Casa da \u00d3pera do museu, uma r\u00e9plica da Casa da \u00d3pera de Vila Rica\" \/>\n\t\t<meta property=\"og:url\" content=\"https:\/\/www.encontrabelohorizonte.com.br\/sobre\/adelia-prado-ira-participar-de-sarau-gratuito-em-belo-horizonte\/\" \/>\n\t\t<meta property=\"article:published_time\" content=\"2013-01-25T11:35:01+00:00\" \/>\n\t\t<meta property=\"article:modified_time\" content=\"2019-04-12T18:35:40+00:00\" \/>\n\t\t<meta name=\"twitter:card\" content=\"summary\" \/>\n\t\t<meta name=\"twitter:title\" content=\"Ad\u00e9lia Prado ir\u00e1 participar de sarau gratuito em Belo Horizonte | Encontra Belo Horizonte\" \/>\n\t\t<meta name=\"twitter:description\" content=\"Neste domingo (27), a escritora e poetisa mineira Ad\u00e9lia Prado ir\u00e1 inaugurar a programa\u00e7\u00e3o de saraus do Memorial Minas Gerais Vale, na Pra\u00e7a da Liberdade. A partir das 13h, Ad\u00e9lia ir\u00e1 falar sobre sua obra e inspira\u00e7\u00f5es po\u00e9ticas. O encontro acontece na Casa da \u00d3pera do museu, uma r\u00e9plica da Casa da \u00d3pera de Vila Rica\" \/>\n\t\t<script type=\"application\/ld+json\" class=\"aioseo-schema\">\n\t\t\t{\"@context\":\"https:\\\/\\\/schema.org\",\"@graph\":[{\"@type\":\"Article\",\"@id\":\"https:\\\/\\\/www.encontrabelohorizonte.com.br\\\/sobre\\\/adelia-prado-ira-participar-de-sarau-gratuito-em-belo-horizonte\\\/#article\",\"name\":\"Ad\\u00e9lia Prado ir\\u00e1 participar de sarau gratuito em Belo Horizonte | Encontra Belo Horizonte\",\"headline\":\"Ad\\u00e9lia Prado ir\\u00e1 participar de sarau gratuito em Belo Horizonte\",\"author\":{\"@id\":\"https:\\\/\\\/www.encontrabelohorizonte.com.br\\\/sobre\\\/author\\\/ebelohorizonte\\\/#author\"},\"publisher\":{\"@id\":\"https:\\\/\\\/www.encontrabelohorizonte.com.br\\\/sobre\\\/#organization\"},\"datePublished\":\"2013-01-25T11:35:01-02:00\",\"dateModified\":\"2019-04-12T18:35:40-03:00\",\"inLanguage\":\"pt-BR\",\"mainEntityOfPage\":{\"@id\":\"https:\\\/\\\/www.encontrabelohorizonte.com.br\\\/sobre\\\/adelia-prado-ira-participar-de-sarau-gratuito-em-belo-horizonte\\\/#webpage\"},\"isPartOf\":{\"@id\":\"https:\\\/\\\/www.encontrabelohorizonte.com.br\\\/sobre\\\/adelia-prado-ira-participar-de-sarau-gratuito-em-belo-horizonte\\\/#webpage\"},\"articleSection\":\"Not\\u00edcias Belo Horizonte, Belo Horizonte\"},{\"@type\":\"BreadcrumbList\",\"@id\":\"https:\\\/\\\/www.encontrabelohorizonte.com.br\\\/sobre\\\/adelia-prado-ira-participar-de-sarau-gratuito-em-belo-horizonte\\\/#breadcrumblist\",\"itemListElement\":[{\"@type\":\"ListItem\",\"@id\":\"https:\\\/\\\/www.encontrabelohorizonte.com.br\\\/sobre#listItem\",\"position\":1,\"name\":\"In\\u00edcio\",\"item\":\"https:\\\/\\\/www.encontrabelohorizonte.com.br\\\/sobre\",\"nextItem\":{\"@type\":\"ListItem\",\"@id\":\"https:\\\/\\\/www.encontrabelohorizonte.com.br\\\/sobre\\\/noticias\\\/#listItem\",\"name\":\"Not\\u00edcias Belo Horizonte\"}},{\"@type\":\"ListItem\",\"@id\":\"https:\\\/\\\/www.encontrabelohorizonte.com.br\\\/sobre\\\/noticias\\\/#listItem\",\"position\":2,\"name\":\"Not\\u00edcias Belo Horizonte\",\"item\":\"https:\\\/\\\/www.encontrabelohorizonte.com.br\\\/sobre\\\/noticias\\\/\",\"nextItem\":{\"@type\":\"ListItem\",\"@id\":\"https:\\\/\\\/www.encontrabelohorizonte.com.br\\\/sobre\\\/adelia-prado-ira-participar-de-sarau-gratuito-em-belo-horizonte\\\/#listItem\",\"name\":\"Ad\\u00e9lia Prado ir\\u00e1 participar de sarau gratuito em Belo Horizonte\"},\"previousItem\":{\"@type\":\"ListItem\",\"@id\":\"https:\\\/\\\/www.encontrabelohorizonte.com.br\\\/sobre#listItem\",\"name\":\"In\\u00edcio\"}},{\"@type\":\"ListItem\",\"@id\":\"https:\\\/\\\/www.encontrabelohorizonte.com.br\\\/sobre\\\/adelia-prado-ira-participar-de-sarau-gratuito-em-belo-horizonte\\\/#listItem\",\"position\":3,\"name\":\"Ad\\u00e9lia Prado ir\\u00e1 participar de sarau gratuito em Belo Horizonte\",\"previousItem\":{\"@type\":\"ListItem\",\"@id\":\"https:\\\/\\\/www.encontrabelohorizonte.com.br\\\/sobre\\\/noticias\\\/#listItem\",\"name\":\"Not\\u00edcias Belo Horizonte\"}}]},{\"@type\":\"Organization\",\"@id\":\"https:\\\/\\\/www.encontrabelohorizonte.com.br\\\/sobre\\\/#organization\",\"name\":\"Encontra Belo Horizonte\",\"description\":\"Not\\u00edcias, eventos, informa\\u00e7\\u00f5es e dicas da cidade de Belo Horizonte e regi\\u00e3o\",\"url\":\"https:\\\/\\\/www.encontrabelohorizonte.com.br\\\/sobre\\\/\"},{\"@type\":\"Person\",\"@id\":\"https:\\\/\\\/www.encontrabelohorizonte.com.br\\\/sobre\\\/author\\\/ebelohorizonte\\\/#author\",\"url\":\"https:\\\/\\\/www.encontrabelohorizonte.com.br\\\/sobre\\\/author\\\/ebelohorizonte\\\/\",\"name\":\"Encontra Belo Horizonte\",\"image\":{\"@type\":\"ImageObject\",\"@id\":\"https:\\\/\\\/www.encontrabelohorizonte.com.br\\\/sobre\\\/adelia-prado-ira-participar-de-sarau-gratuito-em-belo-horizonte\\\/#authorImage\",\"url\":\"https:\\\/\\\/secure.gravatar.com\\\/avatar\\\/507340682b8270222e1f208e23198b6ae7e2c6a1033ae84e99bc6bce4f82a387?s=96&d=mm&r=g\",\"width\":96,\"height\":96,\"caption\":\"Encontra Belo Horizonte\"}},{\"@type\":\"WebPage\",\"@id\":\"https:\\\/\\\/www.encontrabelohorizonte.com.br\\\/sobre\\\/adelia-prado-ira-participar-de-sarau-gratuito-em-belo-horizonte\\\/#webpage\",\"url\":\"https:\\\/\\\/www.encontrabelohorizonte.com.br\\\/sobre\\\/adelia-prado-ira-participar-de-sarau-gratuito-em-belo-horizonte\\\/\",\"name\":\"Ad\\u00e9lia Prado ir\\u00e1 participar de sarau gratuito em Belo Horizonte | Encontra Belo Horizonte\",\"description\":\"Neste domingo (27), a escritora e poetisa mineira Ad\\u00e9lia Prado ir\\u00e1 inaugurar a programa\\u00e7\\u00e3o de saraus do Memorial Minas Gerais Vale, na Pra\\u00e7a da Liberdade. A partir das 13h, Ad\\u00e9lia ir\\u00e1 falar sobre sua obra e inspira\\u00e7\\u00f5es po\\u00e9ticas. O encontro acontece na Casa da \\u00d3pera do museu, uma r\\u00e9plica da Casa da \\u00d3pera de Vila Rica\",\"inLanguage\":\"pt-BR\",\"isPartOf\":{\"@id\":\"https:\\\/\\\/www.encontrabelohorizonte.com.br\\\/sobre\\\/#website\"},\"breadcrumb\":{\"@id\":\"https:\\\/\\\/www.encontrabelohorizonte.com.br\\\/sobre\\\/adelia-prado-ira-participar-de-sarau-gratuito-em-belo-horizonte\\\/#breadcrumblist\"},\"author\":{\"@id\":\"https:\\\/\\\/www.encontrabelohorizonte.com.br\\\/sobre\\\/author\\\/ebelohorizonte\\\/#author\"},\"creator\":{\"@id\":\"https:\\\/\\\/www.encontrabelohorizonte.com.br\\\/sobre\\\/author\\\/ebelohorizonte\\\/#author\"},\"datePublished\":\"2013-01-25T11:35:01-02:00\",\"dateModified\":\"2019-04-12T18:35:40-03:00\"},{\"@type\":\"WebSite\",\"@id\":\"https:\\\/\\\/www.encontrabelohorizonte.com.br\\\/sobre\\\/#website\",\"url\":\"https:\\\/\\\/www.encontrabelohorizonte.com.br\\\/sobre\\\/\",\"name\":\"Encontra Belo Horizonte\",\"description\":\"Not\\u00edcias, eventos, informa\\u00e7\\u00f5es e dicas da cidade de Belo Horizonte e regi\\u00e3o\",\"inLanguage\":\"pt-BR\",\"publisher\":{\"@id\":\"https:\\\/\\\/www.encontrabelohorizonte.com.br\\\/sobre\\\/#organization\"}}]}\n\t\t<\/script>\n\t\t<!-- All in One SEO -->\n\n","aioseo_head_json":{"title":"Ad\u00e9lia Prado ir\u00e1 participar de sarau gratuito em Belo Horizonte | Encontra Belo Horizonte","description":"Neste domingo (27), a escritora e poetisa mineira Ad\u00e9lia Prado ir\u00e1 inaugurar a programa\u00e7\u00e3o de saraus do Memorial Minas Gerais Vale, na Pra\u00e7a da Liberdade. A partir das 13h, Ad\u00e9lia ir\u00e1 falar sobre sua obra e inspira\u00e7\u00f5es po\u00e9ticas. O encontro acontece na Casa da \u00d3pera do museu, uma r\u00e9plica da Casa da \u00d3pera de Vila Rica","canonical_url":"https:\/\/www.encontrabelohorizonte.com.br\/sobre\/adelia-prado-ira-participar-de-sarau-gratuito-em-belo-horizonte\/","robots":"max-image-preview:large","keywords":"","webmasterTools":{"miscellaneous":""},"schema":{"@context":"https:\/\/schema.org","@graph":[{"@type":"Article","@id":"https:\/\/www.encontrabelohorizonte.com.br\/sobre\/adelia-prado-ira-participar-de-sarau-gratuito-em-belo-horizonte\/#article","name":"Ad\u00e9lia Prado ir\u00e1 participar de sarau gratuito em Belo Horizonte | Encontra Belo Horizonte","headline":"Ad\u00e9lia Prado ir\u00e1 participar de sarau gratuito em Belo Horizonte","author":{"@id":"https:\/\/www.encontrabelohorizonte.com.br\/sobre\/author\/ebelohorizonte\/#author"},"publisher":{"@id":"https:\/\/www.encontrabelohorizonte.com.br\/sobre\/#organization"},"datePublished":"2013-01-25T11:35:01-02:00","dateModified":"2019-04-12T18:35:40-03:00","inLanguage":"pt-BR","mainEntityOfPage":{"@id":"https:\/\/www.encontrabelohorizonte.com.br\/sobre\/adelia-prado-ira-participar-de-sarau-gratuito-em-belo-horizonte\/#webpage"},"isPartOf":{"@id":"https:\/\/www.encontrabelohorizonte.com.br\/sobre\/adelia-prado-ira-participar-de-sarau-gratuito-em-belo-horizonte\/#webpage"},"articleSection":"Not\u00edcias Belo Horizonte, Belo Horizonte"},{"@type":"BreadcrumbList","@id":"https:\/\/www.encontrabelohorizonte.com.br\/sobre\/adelia-prado-ira-participar-de-sarau-gratuito-em-belo-horizonte\/#breadcrumblist","itemListElement":[{"@type":"ListItem","@id":"https:\/\/www.encontrabelohorizonte.com.br\/sobre#listItem","position":1,"name":"In\u00edcio","item":"https:\/\/www.encontrabelohorizonte.com.br\/sobre","nextItem":{"@type":"ListItem","@id":"https:\/\/www.encontrabelohorizonte.com.br\/sobre\/noticias\/#listItem","name":"Not\u00edcias Belo Horizonte"}},{"@type":"ListItem","@id":"https:\/\/www.encontrabelohorizonte.com.br\/sobre\/noticias\/#listItem","position":2,"name":"Not\u00edcias Belo Horizonte","item":"https:\/\/www.encontrabelohorizonte.com.br\/sobre\/noticias\/","nextItem":{"@type":"ListItem","@id":"https:\/\/www.encontrabelohorizonte.com.br\/sobre\/adelia-prado-ira-participar-de-sarau-gratuito-em-belo-horizonte\/#listItem","name":"Ad\u00e9lia Prado ir\u00e1 participar de sarau gratuito em Belo Horizonte"},"previousItem":{"@type":"ListItem","@id":"https:\/\/www.encontrabelohorizonte.com.br\/sobre#listItem","name":"In\u00edcio"}},{"@type":"ListItem","@id":"https:\/\/www.encontrabelohorizonte.com.br\/sobre\/adelia-prado-ira-participar-de-sarau-gratuito-em-belo-horizonte\/#listItem","position":3,"name":"Ad\u00e9lia Prado ir\u00e1 participar de sarau gratuito em Belo Horizonte","previousItem":{"@type":"ListItem","@id":"https:\/\/www.encontrabelohorizonte.com.br\/sobre\/noticias\/#listItem","name":"Not\u00edcias Belo Horizonte"}}]},{"@type":"Organization","@id":"https:\/\/www.encontrabelohorizonte.com.br\/sobre\/#organization","name":"Encontra Belo Horizonte","description":"Not\u00edcias, eventos, informa\u00e7\u00f5es e dicas da cidade de Belo Horizonte e regi\u00e3o","url":"https:\/\/www.encontrabelohorizonte.com.br\/sobre\/"},{"@type":"Person","@id":"https:\/\/www.encontrabelohorizonte.com.br\/sobre\/author\/ebelohorizonte\/#author","url":"https:\/\/www.encontrabelohorizonte.com.br\/sobre\/author\/ebelohorizonte\/","name":"Encontra Belo Horizonte","image":{"@type":"ImageObject","@id":"https:\/\/www.encontrabelohorizonte.com.br\/sobre\/adelia-prado-ira-participar-de-sarau-gratuito-em-belo-horizonte\/#authorImage","url":"https:\/\/secure.gravatar.com\/avatar\/507340682b8270222e1f208e23198b6ae7e2c6a1033ae84e99bc6bce4f82a387?s=96&d=mm&r=g","width":96,"height":96,"caption":"Encontra Belo Horizonte"}},{"@type":"WebPage","@id":"https:\/\/www.encontrabelohorizonte.com.br\/sobre\/adelia-prado-ira-participar-de-sarau-gratuito-em-belo-horizonte\/#webpage","url":"https:\/\/www.encontrabelohorizonte.com.br\/sobre\/adelia-prado-ira-participar-de-sarau-gratuito-em-belo-horizonte\/","name":"Ad\u00e9lia Prado ir\u00e1 participar de sarau gratuito em Belo Horizonte | Encontra Belo Horizonte","description":"Neste domingo (27), a escritora e poetisa mineira Ad\u00e9lia Prado ir\u00e1 inaugurar a programa\u00e7\u00e3o de saraus do Memorial Minas Gerais Vale, na Pra\u00e7a da Liberdade. A partir das 13h, Ad\u00e9lia ir\u00e1 falar sobre sua obra e inspira\u00e7\u00f5es po\u00e9ticas. O encontro acontece na Casa da \u00d3pera do museu, uma r\u00e9plica da Casa da \u00d3pera de Vila Rica","inLanguage":"pt-BR","isPartOf":{"@id":"https:\/\/www.encontrabelohorizonte.com.br\/sobre\/#website"},"breadcrumb":{"@id":"https:\/\/www.encontrabelohorizonte.com.br\/sobre\/adelia-prado-ira-participar-de-sarau-gratuito-em-belo-horizonte\/#breadcrumblist"},"author":{"@id":"https:\/\/www.encontrabelohorizonte.com.br\/sobre\/author\/ebelohorizonte\/#author"},"creator":{"@id":"https:\/\/www.encontrabelohorizonte.com.br\/sobre\/author\/ebelohorizonte\/#author"},"datePublished":"2013-01-25T11:35:01-02:00","dateModified":"2019-04-12T18:35:40-03:00"},{"@type":"WebSite","@id":"https:\/\/www.encontrabelohorizonte.com.br\/sobre\/#website","url":"https:\/\/www.encontrabelohorizonte.com.br\/sobre\/","name":"Encontra Belo Horizonte","description":"Not\u00edcias, eventos, informa\u00e7\u00f5es e dicas da cidade de Belo Horizonte e regi\u00e3o","inLanguage":"pt-BR","publisher":{"@id":"https:\/\/www.encontrabelohorizonte.com.br\/sobre\/#organization"}}]},"og:locale":"pt_BR","og:site_name":"Encontra Belo Horizonte | Not\u00edcias, eventos, informa\u00e7\u00f5es e dicas da cidade de Belo Horizonte e regi\u00e3o","og:type":"article","og:title":"Ad\u00e9lia Prado ir\u00e1 participar de sarau gratuito em Belo Horizonte | Encontra Belo Horizonte","og:description":"Neste domingo (27), a escritora e poetisa mineira Ad\u00e9lia Prado ir\u00e1 inaugurar a programa\u00e7\u00e3o de saraus do Memorial Minas Gerais Vale, na Pra\u00e7a da Liberdade. A partir das 13h, Ad\u00e9lia ir\u00e1 falar sobre sua obra e inspira\u00e7\u00f5es po\u00e9ticas. O encontro acontece na Casa da \u00d3pera do museu, uma r\u00e9plica da Casa da \u00d3pera de Vila Rica","og:url":"https:\/\/www.encontrabelohorizonte.com.br\/sobre\/adelia-prado-ira-participar-de-sarau-gratuito-em-belo-horizonte\/","article:published_time":"2013-01-25T11:35:01+00:00","article:modified_time":"2019-04-12T18:35:40+00:00","twitter:card":"summary","twitter:title":"Ad\u00e9lia Prado ir\u00e1 participar de sarau gratuito em Belo Horizonte | Encontra Belo Horizonte","twitter:description":"Neste domingo (27), a escritora e poetisa mineira Ad\u00e9lia Prado ir\u00e1 inaugurar a programa\u00e7\u00e3o de saraus do Memorial Minas Gerais Vale, na Pra\u00e7a da Liberdade. A partir das 13h, Ad\u00e9lia ir\u00e1 falar sobre sua obra e inspira\u00e7\u00f5es po\u00e9ticas. O encontro acontece na Casa da \u00d3pera do museu, uma r\u00e9plica da Casa da \u00d3pera de Vila Rica"},"aioseo_meta_data":{"post_id":"1036","title":null,"description":null,"keywords":null,"keyphrases":null,"primary_term":null,"canonical_url":null,"og_title":null,"og_description":null,"og_object_type":"default","og_image_type":"default","og_image_url":null,"og_image_width":null,"og_image_height":null,"og_image_custom_url":null,"og_image_custom_fields":null,"og_video":null,"og_custom_url":null,"og_article_section":null,"og_article_tags":null,"twitter_use_og":false,"twitter_card":"default","twitter_image_type":"default","twitter_image_url":null,"twitter_image_custom_url":null,"twitter_image_custom_fields":null,"twitter_title":null,"twitter_description":null,"schema":{"blockGraphs":[],"customGraphs":[],"default":{"data":{"Article":[],"Course":[],"Dataset":[],"FAQPage":[],"Movie":[],"Person":[],"Product":[],"ProductReview":[],"Car":[],"Recipe":[],"Service":[],"SoftwareApplication":[],"WebPage":[]},"graphName":"Article","isEnabled":true},"graphs":[]},"schema_type":null,"schema_type_options":null,"pillar_content":false,"robots_default":true,"robots_noindex":false,"robots_noarchive":false,"robots_nosnippet":false,"robots_nofollow":false,"robots_noimageindex":false,"robots_noodp":false,"robots_notranslate":false,"robots_max_snippet":null,"robots_max_videopreview":null,"robots_max_imagepreview":"large","priority":null,"frequency":null,"local_seo":null,"breadcrumb_settings":null,"limit_modified_date":false,"ai":null,"created":"2022-01-10 18:07:51","updated":"2025-09-27 07:31:50","focus_keyword":null,"additional_keywords":null,"truseo_locale":null,"seo_analyzer_scan_date":null},"aioseo_breadcrumb":"<div class=\"aioseo-breadcrumbs\"><span class=\"aioseo-breadcrumb\">\n\t\t\t<a href=\"https:\/\/www.encontrabelohorizonte.com.br\/sobre\" title=\"In\u00edcio\">In\u00edcio<\/a>\n\t\t<\/span><span class=\"aioseo-breadcrumb-separator\">&raquo;<\/span><span class=\"aioseo-breadcrumb\">\n\t\t\t<a href=\"https:\/\/www.encontrabelohorizonte.com.br\/sobre\/noticias\/\" title=\"Not\u00edcias Belo Horizonte\">Not\u00edcias Belo Horizonte<\/a>\n\t\t<\/span><span class=\"aioseo-breadcrumb-separator\">&raquo;<\/span><span class=\"aioseo-breadcrumb\">\n\t\t\tAd\u00e9lia Prado ir\u00e1 participar de sarau gratuito em Belo Horizonte\n\t\t<\/span><\/div>","aioseo_breadcrumb_json":[{"label":"In\u00edcio","link":"https:\/\/www.encontrabelohorizonte.com.br\/sobre"},{"label":"Not\u00edcias Belo Horizonte","link":"https:\/\/www.encontrabelohorizonte.com.br\/sobre\/noticias\/"},{"label":"Ad\u00e9lia Prado ir\u00e1 participar de sarau gratuito em Belo Horizonte","link":"https:\/\/www.encontrabelohorizonte.com.br\/sobre\/adelia-prado-ira-participar-de-sarau-gratuito-em-belo-horizonte\/"}],"_links":{"self":[{"href":"https:\/\/www.encontrabelohorizonte.com.br\/sobre\/wp-json\/wp\/v2\/posts\/1036","targetHints":{"allow":["GET"]}}],"collection":[{"href":"https:\/\/www.encontrabelohorizonte.com.br\/sobre\/wp-json\/wp\/v2\/posts"}],"about":[{"href":"https:\/\/www.encontrabelohorizonte.com.br\/sobre\/wp-json\/wp\/v2\/types\/post"}],"author":[{"embeddable":true,"href":"https:\/\/www.encontrabelohorizonte.com.br\/sobre\/wp-json\/wp\/v2\/users\/1"}],"replies":[{"embeddable":true,"href":"https:\/\/www.encontrabelohorizonte.com.br\/sobre\/wp-json\/wp\/v2\/comments?post=1036"}],"version-history":[{"count":0,"href":"https:\/\/www.encontrabelohorizonte.com.br\/sobre\/wp-json\/wp\/v2\/posts\/1036\/revisions"}],"wp:attachment":[{"href":"https:\/\/www.encontrabelohorizonte.com.br\/sobre\/wp-json\/wp\/v2\/media?parent=1036"}],"wp:term":[{"taxonomy":"category","embeddable":true,"href":"https:\/\/www.encontrabelohorizonte.com.br\/sobre\/wp-json\/wp\/v2\/categories?post=1036"},{"taxonomy":"post_tag","embeddable":true,"href":"https:\/\/www.encontrabelohorizonte.com.br\/sobre\/wp-json\/wp\/v2\/tags?post=1036"}],"curies":[{"name":"wp","href":"https:\/\/api.w.org\/{rel}","templated":true}]}}