{"id":1076,"date":"2013-02-07T12:26:41","date_gmt":"2013-02-07T12:26:41","guid":{"rendered":"http:\/\/www.encontrabelohorizonte.com.br\/noticias\/?p=1076"},"modified":"2019-04-12T18:35:40","modified_gmt":"2019-04-12T18:35:40","slug":"paralisacao-de-rodoviarios-prejudica-milhares-de-passageiros-em-bh","status":"publish","type":"post","link":"https:\/\/www.encontrabelohorizonte.com.br\/sobre\/paralisacao-de-rodoviarios-prejudica-milhares-de-passageiros-em-bh\/","title":{"rendered":"Paralisa\u00e7\u00e3o de rodovi\u00e1rios prejudica milhares de passageiros em BH"},"content":{"rendered":"<div class=\"2e083cf0b19e2c11948dc6ac054ba979\" data-index=\"1\" style=\"float: none; margin:0px;\">\n<!-- Anuncio display - global -->\r\n<ins class=\"adsbygoogle\"\r\n     style=\"display:block\"\r\n     data-ad-client=\"ca-pub-8585364105181520\"\r\n     data-ad-slot=\"8789329856\"\r\n     data-ad-format=\"auto\"\r\n     data-full-width-responsive=\"true\"><\/ins>\r\n<script>\r\n     (adsbygoogle = window.adsbygoogle || []).push({});\r\n<\/script>\n<\/div>\n<p>Motoristas e cobradores da Via\u00e7\u00e3o Jardins fazem paralisa\u00e7\u00e3o nesta quinta-feira (7) na garagem da empresa, em Justin\u00f3polis, na cidade de\u00a0Ribeir\u00e3o das Neves, na Regi\u00e3o Metropolitana de Belo Horizonte. De acordo com o diretor de imprensa do Sindicato dos Trabalhadores em Transporte Rodovi\u00e1rio da cidade de Belo Horizonte e Regi\u00e3o (STTRBH), Carlos Henrique Marques, 107 \u00f4nibus deixaram de circular, aproximadamente 200 funcion\u00e1rios est\u00e3o de bra\u00e7os cruzados e 60 mil usu\u00e1rios foram prejudicados. As linhas paradas s\u00e3o 609, 626, 627, 630, 631, 633, 635, 2215-B, 2215-C, 2215-D, 2210-C e 5513 e atendem \u00e0s regi\u00f5es Norte e Venda Nova, na capital mineira.<\/p>\n<p>De acordo com Marques, os trabalhadores alegam que os patr\u00f5es est\u00e3o descumprindo um acordo como falta de pagamento de feriado, de retorno de f\u00e9rias e descontos indevidos por causa de diferen\u00e7as nos caixas dos cobradores.<\/p>\n<p>O sindicalista disse que os patr\u00f5es ainda n\u00e3o se dispuseram a fazer negocia\u00e7\u00f5es para encerrar a paralisa\u00e7\u00e3o. Ele falou ainda que n\u00e3o h\u00e1 previs\u00e3o de t\u00e9rmino da manifesta\u00e7\u00e3o.<\/p>\n<p>A reportagem<strong>\u00a0<\/strong>entrou em contato e aguarda o retorno da empresa.<\/p>\n<p><em>Fonte: G1<\/em><\/p>\n\n<div style=\"font-size: 0px; height: 0px; line-height: 0px; margin: 0; padding: 0; clear: both;\"><\/div>","protected":false},"excerpt":{"rendered":"<p>Motoristas e cobradores da Via\u00e7\u00e3o Jardins fazem paralisa\u00e7\u00e3o nesta quinta-feira (7) na garagem da empresa, em Justin\u00f3polis, na cidade de\u00a0Ribeir\u00e3o das Neves, na Regi\u00e3o Metropolitana de Belo Horizonte. De acordo com o diretor de imprensa do Sindicato dos Trabalhadores em Transporte Rodovi\u00e1rio da cidade de Belo Horizonte e Regi\u00e3o (STTRBH), Carlos Henrique Marques, 107 \u00f4nibus deixaram de circular, aproximadamente 200 funcion\u00e1rios est\u00e3o de bra\u00e7os cruzados e 60 mil usu\u00e1rios foram prejudicados. As linhas paradas s\u00e3o 609, 626, 627, 630, 631, 633, 635, 2215-B, 2215-C, 2215-D, 2210-C e 5513 e atendem \u00e0s regi\u00f5es Norte e Venda Nova, na capital mineira. De <\/p>\n","protected":false},"author":1,"featured_media":0,"comment_status":"open","ping_status":"closed","sticky":false,"template":"","format":"standard","meta":{"footnotes":""},"categories":[6],"tags":[22],"class_list":["post-1076","post","type-post","status-publish","format-standard","hentry","category-noticias","tag-bh"],"aioseo_notices":[],"_links":{"self":[{"href":"https:\/\/www.encontrabelohorizonte.com.br\/sobre\/wp-json\/wp\/v2\/posts\/1076","targetHints":{"allow":["GET"]}}],"collection":[{"href":"https:\/\/www.encontrabelohorizonte.com.br\/sobre\/wp-json\/wp\/v2\/posts"}],"about":[{"href":"https:\/\/www.encontrabelohorizonte.com.br\/sobre\/wp-json\/wp\/v2\/types\/post"}],"author":[{"embeddable":true,"href":"https:\/\/www.encontrabelohorizonte.com.br\/sobre\/wp-json\/wp\/v2\/users\/1"}],"replies":[{"embeddable":true,"href":"https:\/\/www.encontrabelohorizonte.com.br\/sobre\/wp-json\/wp\/v2\/comments?post=1076"}],"version-history":[{"count":0,"href":"https:\/\/www.encontrabelohorizonte.com.br\/sobre\/wp-json\/wp\/v2\/posts\/1076\/revisions"}],"wp:attachment":[{"href":"https:\/\/www.encontrabelohorizonte.com.br\/sobre\/wp-json\/wp\/v2\/media?parent=1076"}],"wp:term":[{"taxonomy":"category","embeddable":true,"href":"https:\/\/www.encontrabelohorizonte.com.br\/sobre\/wp-json\/wp\/v2\/categories?post=1076"},{"taxonomy":"post_tag","embeddable":true,"href":"https:\/\/www.encontrabelohorizonte.com.br\/sobre\/wp-json\/wp\/v2\/tags?post=1076"}],"curies":[{"name":"wp","href":"https:\/\/api.w.org\/{rel}","templated":true}]}}