{"id":1099,"date":"2013-02-11T00:11:27","date_gmt":"2013-02-11T00:11:27","guid":{"rendered":"http:\/\/www.encontrabelohorizonte.com.br\/noticias\/?p=1099"},"modified":"2019-04-12T18:35:39","modified_gmt":"2019-04-12T18:35:39","slug":"moradores-se-mobilizam-contra-o-corte-de-arvores-em-belo-horizonte","status":"publish","type":"post","link":"https:\/\/www.encontrabelohorizonte.com.br\/sobre\/moradores-se-mobilizam-contra-o-corte-de-arvores-em-belo-horizonte\/","title":{"rendered":"Moradores se mobilizam contra o corte de \u00e1rvores em Belo Horizonte"},"content":{"rendered":"<div class=\"2e083cf0b19e2c11948dc6ac054ba979\" data-index=\"1\" style=\"float: none; margin:0px;\">\n<!-- Anuncio display - global -->\r\n<ins class=\"adsbygoogle\"\r\n     style=\"display:block\"\r\n     data-ad-client=\"ca-pub-8585364105181520\"\r\n     data-ad-slot=\"8789329856\"\r\n     data-ad-format=\"auto\"\r\n     data-full-width-responsive=\"true\"><\/ins>\r\n<script>\r\n     (adsbygoogle = window.adsbygoogle || []).push({});\r\n<\/script>\n<\/div>\n<p>A fim de chamar a aten\u00e7\u00e3o do poder p\u00fablico sobre as perdas de Belo Horizonte com a extin\u00e7\u00e3o de \u00e1reas verdes para a constru\u00e7\u00e3o de im\u00f3veis na cidade de Belo Horizonte, ambientalistas e lideran\u00e7as comunit\u00e1rias far\u00e3o uma passeata em 23 de mar\u00e7o.<\/p>\n<div>\n<p>O ponto de partida ser\u00e1 a avenida Dom Jo\u00e3o VI, no bairro Palmeiras, na zona Oeste da capital mineira. Como o Hoje em Dia informou na \u00faltima quarta-feira, a Secretaria Municipal de Meio Ambiente (SMMA) autorizou o corte de 1.463 \u00e1rvores no Palmeiras. Entre as esp\u00e9cies que ser\u00e3o derrubadas h\u00e1 27 ip\u00eas e pequizeiros protegidos por leis estadual e federal.<\/p>\n<p>O terreno onde ser\u00e1 feita a supress\u00e3o vegetal, para constru\u00e7\u00e3o de um conjunto residencial, \u00e9 vizinho ao Parque Municipal Jacques Cousteau. \u201cSer\u00e3o constru\u00eddas torres de 17 metros de altura em volta de nascentes que abastecem o parque. Defendemos a amplia\u00e7\u00e3o da \u00e1rea verde, inaugurada com 450 mil metros quadrados, e que hoje tem 220 mil metros quadrados\u201d, lamenta o secret\u00e1rio-executivo da ONG Redegeoambiental (RegaBH), Rodrigo Bolivar.<\/p>\n<\/div>\n<div>\n<p>Segundo ele, a passeata ser\u00e1 encerrada na rua Rubens Caporali Ribeiro, no Buritis, tamb\u00e9m na zona Oeste. \u201cPlantaremos mudas no local, como ato simb\u00f3lico\u201d, diz Bolivar.<\/p>\n<p><strong>Planejamento<\/strong><br \/>\nO coordenador do\u00a0Movimento\u00a0das Associa\u00e7\u00f5es de Moradores de BH, Fernando Santana, est\u00e1 preocupado com a possibilidade do corte de \u00e1rvores em uma \u00e1rea do bairro Jardim Am\u00e9rica (Oeste).<\/p>\n<\/div>\n<p>\u201c\u00c9 preciso melhor planejamento urbano, para que a\u00a0cidade\u00a0n\u00e3o tenha que abrir m\u00e3o de suas \u00faltimas \u00e1reas verdes\u201d.<\/p>\n<p><em>Fonte: Hoje em Dia<\/em><\/p>\n\n<div style=\"font-size: 0px; height: 0px; line-height: 0px; margin: 0; padding: 0; clear: both;\"><\/div>","protected":false},"excerpt":{"rendered":"<p>A fim de chamar a aten\u00e7\u00e3o do poder p\u00fablico sobre as perdas de Belo Horizonte com a extin\u00e7\u00e3o de \u00e1reas verdes para a constru\u00e7\u00e3o de im\u00f3veis na cidade de Belo Horizonte, ambientalistas e lideran\u00e7as comunit\u00e1rias far\u00e3o uma passeata em 23 de mar\u00e7o. O ponto de partida ser\u00e1 a avenida Dom Jo\u00e3o VI, no bairro Palmeiras, na zona Oeste da capital mineira. Como o Hoje em Dia informou na \u00faltima quarta-feira, a Secretaria Municipal de Meio Ambiente (SMMA) autorizou o corte de 1.463 \u00e1rvores no Palmeiras. Entre as esp\u00e9cies que ser\u00e3o derrubadas h\u00e1 27 ip\u00eas e pequizeiros protegidos por leis estadual <\/p>\n","protected":false},"author":1,"featured_media":0,"comment_status":"open","ping_status":"closed","sticky":false,"template":"","format":"standard","meta":{"footnotes":""},"categories":[6],"tags":[22],"class_list":["post-1099","post","type-post","status-publish","format-standard","hentry","category-noticias","tag-bh"],"aioseo_notices":[],"aioseo_head":"\n\t\t<!-- All in One SEO 5.0.0.1 - aioseo.com -->\n\t<meta name=\"description\" content=\"A fim de chamar a aten\u00e7\u00e3o do poder p\u00fablico sobre as perdas de Belo Horizonte com a extin\u00e7\u00e3o de \u00e1reas verdes para a constru\u00e7\u00e3o de im\u00f3veis na cidade de Belo Horizonte, ambientalistas e lideran\u00e7as comunit\u00e1rias far\u00e3o uma passeata em 23 de mar\u00e7o. O ponto de partida ser\u00e1 a avenida Dom Jo\u00e3o VI, no bairro Palmeiras,\" \/>\n\t<meta name=\"robots\" content=\"max-image-preview:large\" \/>\n\t<meta name=\"author\" content=\"Encontra Belo Horizonte\"\/>\n\t<link rel=\"canonical\" href=\"https:\/\/www.encontrabelohorizonte.com.br\/sobre\/moradores-se-mobilizam-contra-o-corte-de-arvores-em-belo-horizonte\/\" \/>\n\t<meta name=\"generator\" content=\"All in One SEO (AIOSEO) 5.0.0.1\" \/>\n\t\t<meta property=\"og:locale\" content=\"pt_BR\" \/>\n\t\t<meta property=\"og:site_name\" content=\"Encontra Belo Horizonte | Not\u00edcias, eventos, informa\u00e7\u00f5es e dicas da cidade de Belo Horizonte e regi\u00e3o\" \/>\n\t\t<meta property=\"og:type\" content=\"article\" \/>\n\t\t<meta property=\"og:title\" content=\"Moradores se mobilizam contra o corte de \u00e1rvores em Belo Horizonte | Encontra Belo Horizonte\" \/>\n\t\t<meta property=\"og:description\" content=\"A fim de chamar a aten\u00e7\u00e3o do poder p\u00fablico sobre as perdas de Belo Horizonte com a extin\u00e7\u00e3o de \u00e1reas verdes para a constru\u00e7\u00e3o de im\u00f3veis na cidade de Belo Horizonte, ambientalistas e lideran\u00e7as comunit\u00e1rias far\u00e3o uma passeata em 23 de mar\u00e7o. O ponto de partida ser\u00e1 a avenida Dom Jo\u00e3o VI, no bairro Palmeiras,\" \/>\n\t\t<meta property=\"og:url\" content=\"https:\/\/www.encontrabelohorizonte.com.br\/sobre\/moradores-se-mobilizam-contra-o-corte-de-arvores-em-belo-horizonte\/\" \/>\n\t\t<meta property=\"article:published_time\" content=\"2013-02-11T00:11:27+00:00\" \/>\n\t\t<meta property=\"article:modified_time\" content=\"2019-04-12T18:35:39+00:00\" \/>\n\t\t<meta name=\"twitter:card\" content=\"summary\" \/>\n\t\t<meta name=\"twitter:title\" content=\"Moradores se mobilizam contra o corte de \u00e1rvores em Belo Horizonte | Encontra Belo Horizonte\" \/>\n\t\t<meta name=\"twitter:description\" content=\"A fim de chamar a aten\u00e7\u00e3o do poder p\u00fablico sobre as perdas de Belo Horizonte com a extin\u00e7\u00e3o de \u00e1reas verdes para a constru\u00e7\u00e3o de im\u00f3veis na cidade de Belo Horizonte, ambientalistas e lideran\u00e7as comunit\u00e1rias far\u00e3o uma passeata em 23 de mar\u00e7o. O ponto de partida ser\u00e1 a avenida Dom Jo\u00e3o VI, no bairro Palmeiras,\" \/>\n\t\t<script type=\"application\/ld+json\" class=\"aioseo-schema\">\n\t\t\t{\"@context\":\"https:\\\/\\\/schema.org\",\"@graph\":[{\"@type\":\"Article\",\"@id\":\"https:\\\/\\\/www.encontrabelohorizonte.com.br\\\/sobre\\\/moradores-se-mobilizam-contra-o-corte-de-arvores-em-belo-horizonte\\\/#article\",\"name\":\"Moradores se mobilizam contra o corte de \\u00e1rvores em Belo Horizonte | Encontra Belo Horizonte\",\"headline\":\"Moradores se mobilizam contra o corte de \\u00e1rvores em Belo Horizonte\",\"author\":{\"@id\":\"https:\\\/\\\/www.encontrabelohorizonte.com.br\\\/sobre\\\/author\\\/ebelohorizonte\\\/#author\"},\"publisher\":{\"@id\":\"https:\\\/\\\/www.encontrabelohorizonte.com.br\\\/sobre\\\/#organization\"},\"datePublished\":\"2013-02-11T00:11:27-02:00\",\"dateModified\":\"2019-04-12T18:35:39-03:00\",\"inLanguage\":\"pt-BR\",\"mainEntityOfPage\":{\"@id\":\"https:\\\/\\\/www.encontrabelohorizonte.com.br\\\/sobre\\\/moradores-se-mobilizam-contra-o-corte-de-arvores-em-belo-horizonte\\\/#webpage\"},\"isPartOf\":{\"@id\":\"https:\\\/\\\/www.encontrabelohorizonte.com.br\\\/sobre\\\/moradores-se-mobilizam-contra-o-corte-de-arvores-em-belo-horizonte\\\/#webpage\"},\"articleSection\":\"Not\\u00edcias Belo Horizonte, BH\"},{\"@type\":\"BreadcrumbList\",\"@id\":\"https:\\\/\\\/www.encontrabelohorizonte.com.br\\\/sobre\\\/moradores-se-mobilizam-contra-o-corte-de-arvores-em-belo-horizonte\\\/#breadcrumblist\",\"itemListElement\":[{\"@type\":\"ListItem\",\"@id\":\"https:\\\/\\\/www.encontrabelohorizonte.com.br\\\/sobre#listItem\",\"position\":1,\"name\":\"In\\u00edcio\",\"item\":\"https:\\\/\\\/www.encontrabelohorizonte.com.br\\\/sobre\",\"nextItem\":{\"@type\":\"ListItem\",\"@id\":\"https:\\\/\\\/www.encontrabelohorizonte.com.br\\\/sobre\\\/noticias\\\/#listItem\",\"name\":\"Not\\u00edcias Belo Horizonte\"}},{\"@type\":\"ListItem\",\"@id\":\"https:\\\/\\\/www.encontrabelohorizonte.com.br\\\/sobre\\\/noticias\\\/#listItem\",\"position\":2,\"name\":\"Not\\u00edcias Belo Horizonte\",\"item\":\"https:\\\/\\\/www.encontrabelohorizonte.com.br\\\/sobre\\\/noticias\\\/\",\"nextItem\":{\"@type\":\"ListItem\",\"@id\":\"https:\\\/\\\/www.encontrabelohorizonte.com.br\\\/sobre\\\/moradores-se-mobilizam-contra-o-corte-de-arvores-em-belo-horizonte\\\/#listItem\",\"name\":\"Moradores se mobilizam contra o corte de \\u00e1rvores em Belo Horizonte\"},\"previousItem\":{\"@type\":\"ListItem\",\"@id\":\"https:\\\/\\\/www.encontrabelohorizonte.com.br\\\/sobre#listItem\",\"name\":\"In\\u00edcio\"}},{\"@type\":\"ListItem\",\"@id\":\"https:\\\/\\\/www.encontrabelohorizonte.com.br\\\/sobre\\\/moradores-se-mobilizam-contra-o-corte-de-arvores-em-belo-horizonte\\\/#listItem\",\"position\":3,\"name\":\"Moradores se mobilizam contra o corte de \\u00e1rvores em Belo Horizonte\",\"previousItem\":{\"@type\":\"ListItem\",\"@id\":\"https:\\\/\\\/www.encontrabelohorizonte.com.br\\\/sobre\\\/noticias\\\/#listItem\",\"name\":\"Not\\u00edcias Belo Horizonte\"}}]},{\"@type\":\"Organization\",\"@id\":\"https:\\\/\\\/www.encontrabelohorizonte.com.br\\\/sobre\\\/#organization\",\"name\":\"Encontra Belo Horizonte\",\"description\":\"Not\\u00edcias, eventos, informa\\u00e7\\u00f5es e dicas da cidade de Belo Horizonte e regi\\u00e3o\",\"url\":\"https:\\\/\\\/www.encontrabelohorizonte.com.br\\\/sobre\\\/\"},{\"@type\":\"Person\",\"@id\":\"https:\\\/\\\/www.encontrabelohorizonte.com.br\\\/sobre\\\/author\\\/ebelohorizonte\\\/#author\",\"url\":\"https:\\\/\\\/www.encontrabelohorizonte.com.br\\\/sobre\\\/author\\\/ebelohorizonte\\\/\",\"name\":\"Encontra Belo Horizonte\",\"image\":{\"@type\":\"ImageObject\",\"@id\":\"https:\\\/\\\/www.encontrabelohorizonte.com.br\\\/sobre\\\/moradores-se-mobilizam-contra-o-corte-de-arvores-em-belo-horizonte\\\/#authorImage\",\"url\":\"https:\\\/\\\/secure.gravatar.com\\\/avatar\\\/507340682b8270222e1f208e23198b6ae7e2c6a1033ae84e99bc6bce4f82a387?s=96&d=mm&r=g\",\"width\":96,\"height\":96,\"caption\":\"Encontra Belo Horizonte\"}},{\"@type\":\"WebPage\",\"@id\":\"https:\\\/\\\/www.encontrabelohorizonte.com.br\\\/sobre\\\/moradores-se-mobilizam-contra-o-corte-de-arvores-em-belo-horizonte\\\/#webpage\",\"url\":\"https:\\\/\\\/www.encontrabelohorizonte.com.br\\\/sobre\\\/moradores-se-mobilizam-contra-o-corte-de-arvores-em-belo-horizonte\\\/\",\"name\":\"Moradores se mobilizam contra o corte de \\u00e1rvores em Belo Horizonte | Encontra Belo Horizonte\",\"description\":\"A fim de chamar a aten\\u00e7\\u00e3o do poder p\\u00fablico sobre as perdas de Belo Horizonte com a extin\\u00e7\\u00e3o de \\u00e1reas verdes para a constru\\u00e7\\u00e3o de im\\u00f3veis na cidade de Belo Horizonte, ambientalistas e lideran\\u00e7as comunit\\u00e1rias far\\u00e3o uma passeata em 23 de mar\\u00e7o. O ponto de partida ser\\u00e1 a avenida Dom Jo\\u00e3o VI, no bairro Palmeiras,\",\"inLanguage\":\"pt-BR\",\"isPartOf\":{\"@id\":\"https:\\\/\\\/www.encontrabelohorizonte.com.br\\\/sobre\\\/#website\"},\"breadcrumb\":{\"@id\":\"https:\\\/\\\/www.encontrabelohorizonte.com.br\\\/sobre\\\/moradores-se-mobilizam-contra-o-corte-de-arvores-em-belo-horizonte\\\/#breadcrumblist\"},\"author\":{\"@id\":\"https:\\\/\\\/www.encontrabelohorizonte.com.br\\\/sobre\\\/author\\\/ebelohorizonte\\\/#author\"},\"creator\":{\"@id\":\"https:\\\/\\\/www.encontrabelohorizonte.com.br\\\/sobre\\\/author\\\/ebelohorizonte\\\/#author\"},\"datePublished\":\"2013-02-11T00:11:27-02:00\",\"dateModified\":\"2019-04-12T18:35:39-03:00\"},{\"@type\":\"WebSite\",\"@id\":\"https:\\\/\\\/www.encontrabelohorizonte.com.br\\\/sobre\\\/#website\",\"url\":\"https:\\\/\\\/www.encontrabelohorizonte.com.br\\\/sobre\\\/\",\"name\":\"Encontra Belo Horizonte\",\"description\":\"Not\\u00edcias, eventos, informa\\u00e7\\u00f5es e dicas da cidade de Belo Horizonte e regi\\u00e3o\",\"inLanguage\":\"pt-BR\",\"publisher\":{\"@id\":\"https:\\\/\\\/www.encontrabelohorizonte.com.br\\\/sobre\\\/#organization\"}}]}\n\t\t<\/script>\n\t\t<!-- All in One SEO -->\n\n","aioseo_head_json":{"title":"Moradores se mobilizam contra o corte de \u00e1rvores em Belo Horizonte | Encontra Belo Horizonte","description":"A fim de chamar a aten\u00e7\u00e3o do poder p\u00fablico sobre as perdas de Belo Horizonte com a extin\u00e7\u00e3o de \u00e1reas verdes para a constru\u00e7\u00e3o de im\u00f3veis na cidade de Belo Horizonte, ambientalistas e lideran\u00e7as comunit\u00e1rias far\u00e3o uma passeata em 23 de mar\u00e7o. O ponto de partida ser\u00e1 a avenida Dom Jo\u00e3o VI, no bairro Palmeiras,","canonical_url":"https:\/\/www.encontrabelohorizonte.com.br\/sobre\/moradores-se-mobilizam-contra-o-corte-de-arvores-em-belo-horizonte\/","robots":"max-image-preview:large","keywords":"","webmasterTools":{"miscellaneous":""},"schema":{"@context":"https:\/\/schema.org","@graph":[{"@type":"Article","@id":"https:\/\/www.encontrabelohorizonte.com.br\/sobre\/moradores-se-mobilizam-contra-o-corte-de-arvores-em-belo-horizonte\/#article","name":"Moradores se mobilizam contra o corte de \u00e1rvores em Belo Horizonte | Encontra Belo Horizonte","headline":"Moradores se mobilizam contra o corte de \u00e1rvores em Belo Horizonte","author":{"@id":"https:\/\/www.encontrabelohorizonte.com.br\/sobre\/author\/ebelohorizonte\/#author"},"publisher":{"@id":"https:\/\/www.encontrabelohorizonte.com.br\/sobre\/#organization"},"datePublished":"2013-02-11T00:11:27-02:00","dateModified":"2019-04-12T18:35:39-03:00","inLanguage":"pt-BR","mainEntityOfPage":{"@id":"https:\/\/www.encontrabelohorizonte.com.br\/sobre\/moradores-se-mobilizam-contra-o-corte-de-arvores-em-belo-horizonte\/#webpage"},"isPartOf":{"@id":"https:\/\/www.encontrabelohorizonte.com.br\/sobre\/moradores-se-mobilizam-contra-o-corte-de-arvores-em-belo-horizonte\/#webpage"},"articleSection":"Not\u00edcias Belo Horizonte, BH"},{"@type":"BreadcrumbList","@id":"https:\/\/www.encontrabelohorizonte.com.br\/sobre\/moradores-se-mobilizam-contra-o-corte-de-arvores-em-belo-horizonte\/#breadcrumblist","itemListElement":[{"@type":"ListItem","@id":"https:\/\/www.encontrabelohorizonte.com.br\/sobre#listItem","position":1,"name":"In\u00edcio","item":"https:\/\/www.encontrabelohorizonte.com.br\/sobre","nextItem":{"@type":"ListItem","@id":"https:\/\/www.encontrabelohorizonte.com.br\/sobre\/noticias\/#listItem","name":"Not\u00edcias Belo Horizonte"}},{"@type":"ListItem","@id":"https:\/\/www.encontrabelohorizonte.com.br\/sobre\/noticias\/#listItem","position":2,"name":"Not\u00edcias Belo Horizonte","item":"https:\/\/www.encontrabelohorizonte.com.br\/sobre\/noticias\/","nextItem":{"@type":"ListItem","@id":"https:\/\/www.encontrabelohorizonte.com.br\/sobre\/moradores-se-mobilizam-contra-o-corte-de-arvores-em-belo-horizonte\/#listItem","name":"Moradores se mobilizam contra o corte de \u00e1rvores em Belo Horizonte"},"previousItem":{"@type":"ListItem","@id":"https:\/\/www.encontrabelohorizonte.com.br\/sobre#listItem","name":"In\u00edcio"}},{"@type":"ListItem","@id":"https:\/\/www.encontrabelohorizonte.com.br\/sobre\/moradores-se-mobilizam-contra-o-corte-de-arvores-em-belo-horizonte\/#listItem","position":3,"name":"Moradores se mobilizam contra o corte de \u00e1rvores em Belo Horizonte","previousItem":{"@type":"ListItem","@id":"https:\/\/www.encontrabelohorizonte.com.br\/sobre\/noticias\/#listItem","name":"Not\u00edcias Belo Horizonte"}}]},{"@type":"Organization","@id":"https:\/\/www.encontrabelohorizonte.com.br\/sobre\/#organization","name":"Encontra Belo Horizonte","description":"Not\u00edcias, eventos, informa\u00e7\u00f5es e dicas da cidade de Belo Horizonte e regi\u00e3o","url":"https:\/\/www.encontrabelohorizonte.com.br\/sobre\/"},{"@type":"Person","@id":"https:\/\/www.encontrabelohorizonte.com.br\/sobre\/author\/ebelohorizonte\/#author","url":"https:\/\/www.encontrabelohorizonte.com.br\/sobre\/author\/ebelohorizonte\/","name":"Encontra Belo Horizonte","image":{"@type":"ImageObject","@id":"https:\/\/www.encontrabelohorizonte.com.br\/sobre\/moradores-se-mobilizam-contra-o-corte-de-arvores-em-belo-horizonte\/#authorImage","url":"https:\/\/secure.gravatar.com\/avatar\/507340682b8270222e1f208e23198b6ae7e2c6a1033ae84e99bc6bce4f82a387?s=96&d=mm&r=g","width":96,"height":96,"caption":"Encontra Belo Horizonte"}},{"@type":"WebPage","@id":"https:\/\/www.encontrabelohorizonte.com.br\/sobre\/moradores-se-mobilizam-contra-o-corte-de-arvores-em-belo-horizonte\/#webpage","url":"https:\/\/www.encontrabelohorizonte.com.br\/sobre\/moradores-se-mobilizam-contra-o-corte-de-arvores-em-belo-horizonte\/","name":"Moradores se mobilizam contra o corte de \u00e1rvores em Belo Horizonte | Encontra Belo Horizonte","description":"A fim de chamar a aten\u00e7\u00e3o do poder p\u00fablico sobre as perdas de Belo Horizonte com a extin\u00e7\u00e3o de \u00e1reas verdes para a constru\u00e7\u00e3o de im\u00f3veis na cidade de Belo Horizonte, ambientalistas e lideran\u00e7as comunit\u00e1rias far\u00e3o uma passeata em 23 de mar\u00e7o. O ponto de partida ser\u00e1 a avenida Dom Jo\u00e3o VI, no bairro Palmeiras,","inLanguage":"pt-BR","isPartOf":{"@id":"https:\/\/www.encontrabelohorizonte.com.br\/sobre\/#website"},"breadcrumb":{"@id":"https:\/\/www.encontrabelohorizonte.com.br\/sobre\/moradores-se-mobilizam-contra-o-corte-de-arvores-em-belo-horizonte\/#breadcrumblist"},"author":{"@id":"https:\/\/www.encontrabelohorizonte.com.br\/sobre\/author\/ebelohorizonte\/#author"},"creator":{"@id":"https:\/\/www.encontrabelohorizonte.com.br\/sobre\/author\/ebelohorizonte\/#author"},"datePublished":"2013-02-11T00:11:27-02:00","dateModified":"2019-04-12T18:35:39-03:00"},{"@type":"WebSite","@id":"https:\/\/www.encontrabelohorizonte.com.br\/sobre\/#website","url":"https:\/\/www.encontrabelohorizonte.com.br\/sobre\/","name":"Encontra Belo Horizonte","description":"Not\u00edcias, eventos, informa\u00e7\u00f5es e dicas da cidade de Belo Horizonte e regi\u00e3o","inLanguage":"pt-BR","publisher":{"@id":"https:\/\/www.encontrabelohorizonte.com.br\/sobre\/#organization"}}]},"og:locale":"pt_BR","og:site_name":"Encontra Belo Horizonte | Not\u00edcias, eventos, informa\u00e7\u00f5es e dicas da cidade de Belo Horizonte e regi\u00e3o","og:type":"article","og:title":"Moradores se mobilizam contra o corte de \u00e1rvores em Belo Horizonte | Encontra Belo Horizonte","og:description":"A fim de chamar a aten\u00e7\u00e3o do poder p\u00fablico sobre as perdas de Belo Horizonte com a extin\u00e7\u00e3o de \u00e1reas verdes para a constru\u00e7\u00e3o de im\u00f3veis na cidade de Belo Horizonte, ambientalistas e lideran\u00e7as comunit\u00e1rias far\u00e3o uma passeata em 23 de mar\u00e7o. O ponto de partida ser\u00e1 a avenida Dom Jo\u00e3o VI, no bairro Palmeiras,","og:url":"https:\/\/www.encontrabelohorizonte.com.br\/sobre\/moradores-se-mobilizam-contra-o-corte-de-arvores-em-belo-horizonte\/","article:published_time":"2013-02-11T00:11:27+00:00","article:modified_time":"2019-04-12T18:35:39+00:00","twitter:card":"summary","twitter:title":"Moradores se mobilizam contra o corte de \u00e1rvores em Belo Horizonte | Encontra Belo Horizonte","twitter:description":"A fim de chamar a aten\u00e7\u00e3o do poder p\u00fablico sobre as perdas de Belo Horizonte com a extin\u00e7\u00e3o de \u00e1reas verdes para a constru\u00e7\u00e3o de im\u00f3veis na cidade de Belo Horizonte, ambientalistas e lideran\u00e7as comunit\u00e1rias far\u00e3o uma passeata em 23 de mar\u00e7o. O ponto de partida ser\u00e1 a avenida Dom Jo\u00e3o VI, no bairro Palmeiras,"},"aioseo_meta_data":{"post_id":"1099","title":null,"description":null,"keywords":null,"keyphrases":null,"primary_term":null,"canonical_url":null,"og_title":null,"og_description":null,"og_object_type":"default","og_image_type":"default","og_image_url":null,"og_image_width":null,"og_image_height":null,"og_image_custom_url":null,"og_image_custom_fields":null,"og_video":null,"og_custom_url":null,"og_article_section":null,"og_article_tags":null,"twitter_use_og":false,"twitter_card":"default","twitter_image_type":"default","twitter_image_url":null,"twitter_image_custom_url":null,"twitter_image_custom_fields":null,"twitter_title":null,"twitter_description":null,"schema":{"blockGraphs":[],"customGraphs":[],"default":{"data":{"Article":[],"Course":[],"Dataset":[],"FAQPage":[],"Movie":[],"Person":[],"Product":[],"ProductReview":[],"Car":[],"Recipe":[],"Service":[],"SoftwareApplication":[],"WebPage":[]},"graphName":"Article","isEnabled":true},"graphs":[]},"schema_type":null,"schema_type_options":null,"pillar_content":false,"robots_default":true,"robots_noindex":false,"robots_noarchive":false,"robots_nosnippet":false,"robots_nofollow":false,"robots_noimageindex":false,"robots_noodp":false,"robots_notranslate":false,"robots_max_snippet":null,"robots_max_videopreview":null,"robots_max_imagepreview":"large","priority":null,"frequency":null,"local_seo":null,"breadcrumb_settings":null,"limit_modified_date":false,"ai":null,"created":"2022-01-10 18:07:51","updated":"2025-09-27 08:07:06","focus_keyword":null,"additional_keywords":null,"truseo_locale":null,"seo_analyzer_scan_date":null},"aioseo_breadcrumb":"<div class=\"aioseo-breadcrumbs\"><span class=\"aioseo-breadcrumb\">\n\t\t\t<a href=\"https:\/\/www.encontrabelohorizonte.com.br\/sobre\" title=\"In\u00edcio\">In\u00edcio<\/a>\n\t\t<\/span><span class=\"aioseo-breadcrumb-separator\">&raquo;<\/span><span class=\"aioseo-breadcrumb\">\n\t\t\t<a href=\"https:\/\/www.encontrabelohorizonte.com.br\/sobre\/noticias\/\" title=\"Not\u00edcias Belo Horizonte\">Not\u00edcias Belo Horizonte<\/a>\n\t\t<\/span><span class=\"aioseo-breadcrumb-separator\">&raquo;<\/span><span class=\"aioseo-breadcrumb\">\n\t\t\tMoradores se mobilizam contra o corte de \u00e1rvores em Belo Horizonte\n\t\t<\/span><\/div>","aioseo_breadcrumb_json":[{"label":"In\u00edcio","link":"https:\/\/www.encontrabelohorizonte.com.br\/sobre"},{"label":"Not\u00edcias Belo Horizonte","link":"https:\/\/www.encontrabelohorizonte.com.br\/sobre\/noticias\/"},{"label":"Moradores se mobilizam contra o corte de \u00e1rvores em Belo Horizonte","link":"https:\/\/www.encontrabelohorizonte.com.br\/sobre\/moradores-se-mobilizam-contra-o-corte-de-arvores-em-belo-horizonte\/"}],"_links":{"self":[{"href":"https:\/\/www.encontrabelohorizonte.com.br\/sobre\/wp-json\/wp\/v2\/posts\/1099","targetHints":{"allow":["GET"]}}],"collection":[{"href":"https:\/\/www.encontrabelohorizonte.com.br\/sobre\/wp-json\/wp\/v2\/posts"}],"about":[{"href":"https:\/\/www.encontrabelohorizonte.com.br\/sobre\/wp-json\/wp\/v2\/types\/post"}],"author":[{"embeddable":true,"href":"https:\/\/www.encontrabelohorizonte.com.br\/sobre\/wp-json\/wp\/v2\/users\/1"}],"replies":[{"embeddable":true,"href":"https:\/\/www.encontrabelohorizonte.com.br\/sobre\/wp-json\/wp\/v2\/comments?post=1099"}],"version-history":[{"count":0,"href":"https:\/\/www.encontrabelohorizonte.com.br\/sobre\/wp-json\/wp\/v2\/posts\/1099\/revisions"}],"wp:attachment":[{"href":"https:\/\/www.encontrabelohorizonte.com.br\/sobre\/wp-json\/wp\/v2\/media?parent=1099"}],"wp:term":[{"taxonomy":"category","embeddable":true,"href":"https:\/\/www.encontrabelohorizonte.com.br\/sobre\/wp-json\/wp\/v2\/categories?post=1099"},{"taxonomy":"post_tag","embeddable":true,"href":"https:\/\/www.encontrabelohorizonte.com.br\/sobre\/wp-json\/wp\/v2\/tags?post=1099"}],"curies":[{"name":"wp","href":"https:\/\/api.w.org\/{rel}","templated":true}]}}