{"id":1170,"date":"2013-02-20T12:03:24","date_gmt":"2013-02-20T12:03:24","guid":{"rendered":"http:\/\/www.encontrabelohorizonte.com.br\/noticias\/?p=1170"},"modified":"2019-04-12T18:35:38","modified_gmt":"2019-04-12T18:35:38","slug":"procon-aponta-variacao-no-preco-do-pao-de-forma-de-mais-de-140-por-cento-em-bh","status":"publish","type":"post","link":"https:\/\/www.encontrabelohorizonte.com.br\/sobre\/procon-aponta-variacao-no-preco-do-pao-de-forma-de-mais-de-140-por-cento-em-bh\/","title":{"rendered":"Procon aponta varia\u00e7\u00e3o no pre\u00e7o do p\u00e3o de forma de mais de 140 por cento em BH"},"content":{"rendered":"<div class=\"2e083cf0b19e2c11948dc6ac054ba979\" data-index=\"1\" style=\"float: none; margin:0px;\">\n<!-- Anuncio display - global -->\r\n<ins class=\"adsbygoogle\"\r\n     style=\"display:block\"\r\n     data-ad-client=\"ca-pub-8585364105181520\"\r\n     data-ad-slot=\"8789329856\"\r\n     data-ad-format=\"auto\"\r\n     data-full-width-responsive=\"true\"><\/ins>\r\n<script>\r\n     (adsbygoogle = window.adsbygoogle || []).push({});\r\n<\/script>\n<\/div>\n<p>Uma pesquisa do Movimento das Donas de Casa, da Prote\u00e7\u00e3o e Defesa do Consumidor (Procon), divulgada nesta segunda-feira (18), mostrou que h\u00e1 uma varia\u00e7\u00e3o de quase 146% no pre\u00e7o do p\u00e3o de forma em\u00a0Belo Horizonte. O levantamento foi feito em 28 padarias da cidade de Belo Horizonte em fevereiro.<\/p>\n<p>Al\u00e9m do pre\u00e7o, os diversos tipos de p\u00e3es nas prateleiras dos supermercados tamb\u00e9m dificultam na hora de escolher o melhor produto para comprar. A nutricionista Ol\u00edvia Matos explica que o consumidor deve sempre dar prefer\u00eancia aos alimentos integrais. \u201cA fibra ajuda na redu\u00e7\u00e3o do colesterol, da glicemia, al\u00e9m de dar mais saciedade\u201d, explica.<\/p>\n<p><em>Fonte: G1<\/em><\/p>\n\n<div style=\"font-size: 0px; height: 0px; line-height: 0px; margin: 0; padding: 0; clear: both;\"><\/div>","protected":false},"excerpt":{"rendered":"<p>Uma pesquisa do Movimento das Donas de Casa, da Prote\u00e7\u00e3o e Defesa do Consumidor (Procon), divulgada nesta segunda-feira (18), mostrou que h\u00e1 uma varia\u00e7\u00e3o de quase 146% no pre\u00e7o do p\u00e3o de forma em\u00a0Belo Horizonte. O levantamento foi feito em 28 padarias da cidade de Belo Horizonte em fevereiro. Al\u00e9m do pre\u00e7o, os diversos tipos de p\u00e3es nas prateleiras dos supermercados tamb\u00e9m dificultam na hora de escolher o melhor produto para comprar. A nutricionista Ol\u00edvia Matos explica que o consumidor deve sempre dar prefer\u00eancia aos alimentos integrais. \u201cA fibra ajuda na redu\u00e7\u00e3o do colesterol, da glicemia, al\u00e9m de dar mais <\/p>\n","protected":false},"author":1,"featured_media":0,"comment_status":"open","ping_status":"closed","sticky":false,"template":"","format":"standard","meta":{"footnotes":""},"categories":[6],"tags":[15],"class_list":["post-1170","post","type-post","status-publish","format-standard","hentry","category-noticias","tag-belo-horizonte"],"aioseo_notices":[],"_links":{"self":[{"href":"https:\/\/www.encontrabelohorizonte.com.br\/sobre\/wp-json\/wp\/v2\/posts\/1170","targetHints":{"allow":["GET"]}}],"collection":[{"href":"https:\/\/www.encontrabelohorizonte.com.br\/sobre\/wp-json\/wp\/v2\/posts"}],"about":[{"href":"https:\/\/www.encontrabelohorizonte.com.br\/sobre\/wp-json\/wp\/v2\/types\/post"}],"author":[{"embeddable":true,"href":"https:\/\/www.encontrabelohorizonte.com.br\/sobre\/wp-json\/wp\/v2\/users\/1"}],"replies":[{"embeddable":true,"href":"https:\/\/www.encontrabelohorizonte.com.br\/sobre\/wp-json\/wp\/v2\/comments?post=1170"}],"version-history":[{"count":0,"href":"https:\/\/www.encontrabelohorizonte.com.br\/sobre\/wp-json\/wp\/v2\/posts\/1170\/revisions"}],"wp:attachment":[{"href":"https:\/\/www.encontrabelohorizonte.com.br\/sobre\/wp-json\/wp\/v2\/media?parent=1170"}],"wp:term":[{"taxonomy":"category","embeddable":true,"href":"https:\/\/www.encontrabelohorizonte.com.br\/sobre\/wp-json\/wp\/v2\/categories?post=1170"},{"taxonomy":"post_tag","embeddable":true,"href":"https:\/\/www.encontrabelohorizonte.com.br\/sobre\/wp-json\/wp\/v2\/tags?post=1170"}],"curies":[{"name":"wp","href":"https:\/\/api.w.org\/{rel}","templated":true}]}}