{"id":1298,"date":"2013-03-18T00:15:14","date_gmt":"2013-03-18T00:15:14","guid":{"rendered":"http:\/\/www.encontrabelohorizonte.com.br\/noticias\/?p=1298"},"modified":"2019-04-12T18:35:36","modified_gmt":"2019-04-12T18:35:36","slug":"moradores-se-reuniram-em-protesto-contra-poda-de-arvores-em-bh","status":"publish","type":"post","link":"https:\/\/www.encontrabelohorizonte.com.br\/sobre\/moradores-se-reuniram-em-protesto-contra-poda-de-arvores-em-bh\/","title":{"rendered":"Moradores se reuniram em protesto contra poda de \u00e1rvores em BH"},"content":{"rendered":"<div class=\"2e083cf0b19e2c11948dc6ac054ba979\" data-index=\"1\" style=\"float: none; margin:0px;\">\n<!-- Anuncio display - global -->\r\n<ins class=\"adsbygoogle\"\r\n     style=\"display:block\"\r\n     data-ad-client=\"ca-pub-8585364105181520\"\r\n     data-ad-slot=\"8789329856\"\r\n     data-ad-format=\"auto\"\r\n     data-full-width-responsive=\"true\"><\/ins>\r\n<script>\r\n     (adsbygoogle = window.adsbygoogle || []).push({});\r\n<\/script>\n<\/div>\n<p>Toalha e lanche para um piquenique. Em pouco tempo, parte do bairro Santa Efig\u00eania, na Regi\u00e3o Centro-Sul de\u00a0Belo Horizonte, foi enchendo de gente, entre adultos e crian\u00e7as, na tarde deste s\u00e1bado (16). Todos em defesa dos centen\u00e1rios p\u00e9s de f\u00edcus da Avenida Bernardo Monteiro, uma das paisagens mais tradicionais da capital mineira. Muitos deles tiveram galhos cortados pela <a href=\"http:\/\/www.encontrabelohorizonte.com.br\/belo-horizonte\/prefeitura-municipal-de-belo-horizonte.shtml\" target=\"_blank\">Prefeitura de Belo Horizonte<\/a> (PBH), no \u00faltimo fevereiro.<\/p>\n<p>De acordo com a Secretaria Municipal de Meio Ambiente, o trabalho precisou ser realizado porque os 43 exemplares da esp\u00e9cie f\u00edcus foram atacados por moscas brancas. A aposentada M\u00e1rcia Viana Bahia disse que querem tirar os f\u00edcus para fazer um estacionamento ou uma esta\u00e7\u00e3o de metr\u00f4. \u201cHoje, a gente n\u00e3o sabe mais em que a gente acredita\u201d, afirmou M\u00e1rcia.<\/p>\n<p>O convite, que foi feito pelas redes sociais, reuniu m\u00fasicos, artistas pl\u00e1sticos na cidade de Belo Horizonte, al\u00e9m de estudantes e moradores da regi\u00e3o. Em um varal estendido no local, uma exposi\u00e7\u00e3o de fotografias trazia a lembran\u00e7a de uma Belo Horizonte mais arborizada.<\/p>\n<p>O movimento \u201cFica F\u00edcus &#8211; por uma BH mais verde\u201d surgiu ap\u00f3s a poda das \u00e1rvores centen\u00e1rias. Mas, o objetivo se ampliou. Os manifestantes pretendem lutar tamb\u00e9m pelo aumento de \u00e1reas verdes na cidade.<\/p>\n<p>De acordo com a PBH, existe um grupo de monitoramento das \u00e1rvores e todas as pessoas podem participar das reuni\u00f5es, que s\u00e3o semanais. A administra\u00e7\u00e3o municipal informou ainda que testes laboratoriais e aplica\u00e7\u00e3o de inseticidas est\u00e3o sendo realizados na tentativa de combater as pragas que atacaram os f\u00edcus.<\/p>\n<p><em>Fonte: G1<\/em><\/p>\n\n<div style=\"font-size: 0px; height: 0px; line-height: 0px; margin: 0; padding: 0; clear: both;\"><\/div>","protected":false},"excerpt":{"rendered":"<p>Toalha e lanche para um piquenique. Em pouco tempo, parte do bairro Santa Efig\u00eania, na Regi\u00e3o Centro-Sul de\u00a0Belo Horizonte, foi enchendo de gente, entre adultos e crian\u00e7as, na tarde deste s\u00e1bado (16). Todos em defesa dos centen\u00e1rios p\u00e9s de f\u00edcus da Avenida Bernardo Monteiro, uma das paisagens mais tradicionais da capital mineira. Muitos deles tiveram galhos cortados pela Prefeitura de Belo Horizonte (PBH), no \u00faltimo fevereiro. De acordo com a Secretaria Municipal de Meio Ambiente, o trabalho precisou ser realizado porque os 43 exemplares da esp\u00e9cie f\u00edcus foram atacados por moscas brancas. A aposentada M\u00e1rcia Viana Bahia disse que querem <\/p>\n","protected":false},"author":1,"featured_media":0,"comment_status":"open","ping_status":"closed","sticky":false,"template":"","format":"standard","meta":{"footnotes":""},"categories":[6],"tags":[15],"class_list":["post-1298","post","type-post","status-publish","format-standard","hentry","category-noticias","tag-belo-horizonte"],"aioseo_notices":[],"aioseo_head":"\n\t\t<!-- All in One SEO 5.0.0.1 - aioseo.com -->\n\t<meta name=\"description\" content=\"Toalha e lanche para um piquenique. Em pouco tempo, parte do bairro Santa Efig\u00eania, na Regi\u00e3o Centro-Sul de Belo Horizonte, foi enchendo de gente, entre adultos e crian\u00e7as, na tarde deste s\u00e1bado (16). Todos em defesa dos centen\u00e1rios p\u00e9s de f\u00edcus da Avenida Bernardo Monteiro, uma das paisagens mais tradicionais da capital mineira. Muitos deles tiveram\" \/>\n\t<meta name=\"robots\" content=\"max-image-preview:large\" \/>\n\t<meta name=\"author\" content=\"Encontra Belo Horizonte\"\/>\n\t<link rel=\"canonical\" href=\"https:\/\/www.encontrabelohorizonte.com.br\/sobre\/moradores-se-reuniram-em-protesto-contra-poda-de-arvores-em-bh\/\" \/>\n\t<meta name=\"generator\" content=\"All in One SEO (AIOSEO) 5.0.0.1\" \/>\n\t\t<meta property=\"og:locale\" content=\"pt_BR\" \/>\n\t\t<meta property=\"og:site_name\" content=\"Encontra Belo Horizonte | Not\u00edcias, eventos, informa\u00e7\u00f5es e dicas da cidade de Belo Horizonte e regi\u00e3o\" \/>\n\t\t<meta property=\"og:type\" content=\"article\" \/>\n\t\t<meta property=\"og:title\" content=\"Moradores se reuniram em protesto contra poda de \u00e1rvores em BH | Encontra Belo Horizonte\" \/>\n\t\t<meta property=\"og:description\" content=\"Toalha e lanche para um piquenique. Em pouco tempo, parte do bairro Santa Efig\u00eania, na Regi\u00e3o Centro-Sul de Belo Horizonte, foi enchendo de gente, entre adultos e crian\u00e7as, na tarde deste s\u00e1bado (16). Todos em defesa dos centen\u00e1rios p\u00e9s de f\u00edcus da Avenida Bernardo Monteiro, uma das paisagens mais tradicionais da capital mineira. Muitos deles tiveram\" \/>\n\t\t<meta property=\"og:url\" content=\"https:\/\/www.encontrabelohorizonte.com.br\/sobre\/moradores-se-reuniram-em-protesto-contra-poda-de-arvores-em-bh\/\" \/>\n\t\t<meta property=\"article:published_time\" content=\"2013-03-18T00:15:14+00:00\" \/>\n\t\t<meta property=\"article:modified_time\" content=\"2019-04-12T18:35:36+00:00\" \/>\n\t\t<meta name=\"twitter:card\" content=\"summary\" \/>\n\t\t<meta name=\"twitter:title\" content=\"Moradores se reuniram em protesto contra poda de \u00e1rvores em BH | Encontra Belo Horizonte\" \/>\n\t\t<meta name=\"twitter:description\" content=\"Toalha e lanche para um piquenique. Em pouco tempo, parte do bairro Santa Efig\u00eania, na Regi\u00e3o Centro-Sul de Belo Horizonte, foi enchendo de gente, entre adultos e crian\u00e7as, na tarde deste s\u00e1bado (16). Todos em defesa dos centen\u00e1rios p\u00e9s de f\u00edcus da Avenida Bernardo Monteiro, uma das paisagens mais tradicionais da capital mineira. Muitos deles tiveram\" \/>\n\t\t<script type=\"application\/ld+json\" class=\"aioseo-schema\">\n\t\t\t{\"@context\":\"https:\\\/\\\/schema.org\",\"@graph\":[{\"@type\":\"Article\",\"@id\":\"https:\\\/\\\/www.encontrabelohorizonte.com.br\\\/sobre\\\/moradores-se-reuniram-em-protesto-contra-poda-de-arvores-em-bh\\\/#article\",\"name\":\"Moradores se reuniram em protesto contra poda de \\u00e1rvores em BH | Encontra Belo Horizonte\",\"headline\":\"Moradores se reuniram em protesto contra poda de \\u00e1rvores em BH\",\"author\":{\"@id\":\"https:\\\/\\\/www.encontrabelohorizonte.com.br\\\/sobre\\\/author\\\/ebelohorizonte\\\/#author\"},\"publisher\":{\"@id\":\"https:\\\/\\\/www.encontrabelohorizonte.com.br\\\/sobre\\\/#organization\"},\"datePublished\":\"2013-03-18T00:15:14-03:00\",\"dateModified\":\"2019-04-12T18:35:36-03:00\",\"inLanguage\":\"pt-BR\",\"mainEntityOfPage\":{\"@id\":\"https:\\\/\\\/www.encontrabelohorizonte.com.br\\\/sobre\\\/moradores-se-reuniram-em-protesto-contra-poda-de-arvores-em-bh\\\/#webpage\"},\"isPartOf\":{\"@id\":\"https:\\\/\\\/www.encontrabelohorizonte.com.br\\\/sobre\\\/moradores-se-reuniram-em-protesto-contra-poda-de-arvores-em-bh\\\/#webpage\"},\"articleSection\":\"Not\\u00edcias Belo Horizonte, Belo Horizonte\"},{\"@type\":\"BreadcrumbList\",\"@id\":\"https:\\\/\\\/www.encontrabelohorizonte.com.br\\\/sobre\\\/moradores-se-reuniram-em-protesto-contra-poda-de-arvores-em-bh\\\/#breadcrumblist\",\"itemListElement\":[{\"@type\":\"ListItem\",\"@id\":\"https:\\\/\\\/www.encontrabelohorizonte.com.br\\\/sobre#listItem\",\"position\":1,\"name\":\"In\\u00edcio\",\"item\":\"https:\\\/\\\/www.encontrabelohorizonte.com.br\\\/sobre\",\"nextItem\":{\"@type\":\"ListItem\",\"@id\":\"https:\\\/\\\/www.encontrabelohorizonte.com.br\\\/sobre\\\/noticias\\\/#listItem\",\"name\":\"Not\\u00edcias Belo Horizonte\"}},{\"@type\":\"ListItem\",\"@id\":\"https:\\\/\\\/www.encontrabelohorizonte.com.br\\\/sobre\\\/noticias\\\/#listItem\",\"position\":2,\"name\":\"Not\\u00edcias Belo Horizonte\",\"item\":\"https:\\\/\\\/www.encontrabelohorizonte.com.br\\\/sobre\\\/noticias\\\/\",\"nextItem\":{\"@type\":\"ListItem\",\"@id\":\"https:\\\/\\\/www.encontrabelohorizonte.com.br\\\/sobre\\\/moradores-se-reuniram-em-protesto-contra-poda-de-arvores-em-bh\\\/#listItem\",\"name\":\"Moradores se reuniram em protesto contra poda de \\u00e1rvores em BH\"},\"previousItem\":{\"@type\":\"ListItem\",\"@id\":\"https:\\\/\\\/www.encontrabelohorizonte.com.br\\\/sobre#listItem\",\"name\":\"In\\u00edcio\"}},{\"@type\":\"ListItem\",\"@id\":\"https:\\\/\\\/www.encontrabelohorizonte.com.br\\\/sobre\\\/moradores-se-reuniram-em-protesto-contra-poda-de-arvores-em-bh\\\/#listItem\",\"position\":3,\"name\":\"Moradores se reuniram em protesto contra poda de \\u00e1rvores em BH\",\"previousItem\":{\"@type\":\"ListItem\",\"@id\":\"https:\\\/\\\/www.encontrabelohorizonte.com.br\\\/sobre\\\/noticias\\\/#listItem\",\"name\":\"Not\\u00edcias Belo Horizonte\"}}]},{\"@type\":\"Organization\",\"@id\":\"https:\\\/\\\/www.encontrabelohorizonte.com.br\\\/sobre\\\/#organization\",\"name\":\"Encontra Belo Horizonte\",\"description\":\"Not\\u00edcias, eventos, informa\\u00e7\\u00f5es e dicas da cidade de Belo Horizonte e regi\\u00e3o\",\"url\":\"https:\\\/\\\/www.encontrabelohorizonte.com.br\\\/sobre\\\/\"},{\"@type\":\"Person\",\"@id\":\"https:\\\/\\\/www.encontrabelohorizonte.com.br\\\/sobre\\\/author\\\/ebelohorizonte\\\/#author\",\"url\":\"https:\\\/\\\/www.encontrabelohorizonte.com.br\\\/sobre\\\/author\\\/ebelohorizonte\\\/\",\"name\":\"Encontra Belo Horizonte\",\"image\":{\"@type\":\"ImageObject\",\"@id\":\"https:\\\/\\\/www.encontrabelohorizonte.com.br\\\/sobre\\\/moradores-se-reuniram-em-protesto-contra-poda-de-arvores-em-bh\\\/#authorImage\",\"url\":\"https:\\\/\\\/secure.gravatar.com\\\/avatar\\\/507340682b8270222e1f208e23198b6ae7e2c6a1033ae84e99bc6bce4f82a387?s=96&d=mm&r=g\",\"width\":96,\"height\":96,\"caption\":\"Encontra Belo Horizonte\"}},{\"@type\":\"WebPage\",\"@id\":\"https:\\\/\\\/www.encontrabelohorizonte.com.br\\\/sobre\\\/moradores-se-reuniram-em-protesto-contra-poda-de-arvores-em-bh\\\/#webpage\",\"url\":\"https:\\\/\\\/www.encontrabelohorizonte.com.br\\\/sobre\\\/moradores-se-reuniram-em-protesto-contra-poda-de-arvores-em-bh\\\/\",\"name\":\"Moradores se reuniram em protesto contra poda de \\u00e1rvores em BH | Encontra Belo Horizonte\",\"description\":\"Toalha e lanche para um piquenique. Em pouco tempo, parte do bairro Santa Efig\\u00eania, na Regi\\u00e3o Centro-Sul de Belo Horizonte, foi enchendo de gente, entre adultos e crian\\u00e7as, na tarde deste s\\u00e1bado (16). Todos em defesa dos centen\\u00e1rios p\\u00e9s de f\\u00edcus da Avenida Bernardo Monteiro, uma das paisagens mais tradicionais da capital mineira. Muitos deles tiveram\",\"inLanguage\":\"pt-BR\",\"isPartOf\":{\"@id\":\"https:\\\/\\\/www.encontrabelohorizonte.com.br\\\/sobre\\\/#website\"},\"breadcrumb\":{\"@id\":\"https:\\\/\\\/www.encontrabelohorizonte.com.br\\\/sobre\\\/moradores-se-reuniram-em-protesto-contra-poda-de-arvores-em-bh\\\/#breadcrumblist\"},\"author\":{\"@id\":\"https:\\\/\\\/www.encontrabelohorizonte.com.br\\\/sobre\\\/author\\\/ebelohorizonte\\\/#author\"},\"creator\":{\"@id\":\"https:\\\/\\\/www.encontrabelohorizonte.com.br\\\/sobre\\\/author\\\/ebelohorizonte\\\/#author\"},\"datePublished\":\"2013-03-18T00:15:14-03:00\",\"dateModified\":\"2019-04-12T18:35:36-03:00\"},{\"@type\":\"WebSite\",\"@id\":\"https:\\\/\\\/www.encontrabelohorizonte.com.br\\\/sobre\\\/#website\",\"url\":\"https:\\\/\\\/www.encontrabelohorizonte.com.br\\\/sobre\\\/\",\"name\":\"Encontra Belo Horizonte\",\"description\":\"Not\\u00edcias, eventos, informa\\u00e7\\u00f5es e dicas da cidade de Belo Horizonte e regi\\u00e3o\",\"inLanguage\":\"pt-BR\",\"publisher\":{\"@id\":\"https:\\\/\\\/www.encontrabelohorizonte.com.br\\\/sobre\\\/#organization\"}}]}\n\t\t<\/script>\n\t\t<!-- All in One SEO -->\n\n","aioseo_head_json":{"title":"Moradores se reuniram em protesto contra poda de \u00e1rvores em BH | Encontra Belo Horizonte","description":"Toalha e lanche para um piquenique. Em pouco tempo, parte do bairro Santa Efig\u00eania, na Regi\u00e3o Centro-Sul de Belo Horizonte, foi enchendo de gente, entre adultos e crian\u00e7as, na tarde deste s\u00e1bado (16). Todos em defesa dos centen\u00e1rios p\u00e9s de f\u00edcus da Avenida Bernardo Monteiro, uma das paisagens mais tradicionais da capital mineira. Muitos deles tiveram","canonical_url":"https:\/\/www.encontrabelohorizonte.com.br\/sobre\/moradores-se-reuniram-em-protesto-contra-poda-de-arvores-em-bh\/","robots":"max-image-preview:large","keywords":"","webmasterTools":{"miscellaneous":""},"schema":{"@context":"https:\/\/schema.org","@graph":[{"@type":"Article","@id":"https:\/\/www.encontrabelohorizonte.com.br\/sobre\/moradores-se-reuniram-em-protesto-contra-poda-de-arvores-em-bh\/#article","name":"Moradores se reuniram em protesto contra poda de \u00e1rvores em BH | Encontra Belo Horizonte","headline":"Moradores se reuniram em protesto contra poda de \u00e1rvores em BH","author":{"@id":"https:\/\/www.encontrabelohorizonte.com.br\/sobre\/author\/ebelohorizonte\/#author"},"publisher":{"@id":"https:\/\/www.encontrabelohorizonte.com.br\/sobre\/#organization"},"datePublished":"2013-03-18T00:15:14-03:00","dateModified":"2019-04-12T18:35:36-03:00","inLanguage":"pt-BR","mainEntityOfPage":{"@id":"https:\/\/www.encontrabelohorizonte.com.br\/sobre\/moradores-se-reuniram-em-protesto-contra-poda-de-arvores-em-bh\/#webpage"},"isPartOf":{"@id":"https:\/\/www.encontrabelohorizonte.com.br\/sobre\/moradores-se-reuniram-em-protesto-contra-poda-de-arvores-em-bh\/#webpage"},"articleSection":"Not\u00edcias Belo Horizonte, Belo Horizonte"},{"@type":"BreadcrumbList","@id":"https:\/\/www.encontrabelohorizonte.com.br\/sobre\/moradores-se-reuniram-em-protesto-contra-poda-de-arvores-em-bh\/#breadcrumblist","itemListElement":[{"@type":"ListItem","@id":"https:\/\/www.encontrabelohorizonte.com.br\/sobre#listItem","position":1,"name":"In\u00edcio","item":"https:\/\/www.encontrabelohorizonte.com.br\/sobre","nextItem":{"@type":"ListItem","@id":"https:\/\/www.encontrabelohorizonte.com.br\/sobre\/noticias\/#listItem","name":"Not\u00edcias Belo Horizonte"}},{"@type":"ListItem","@id":"https:\/\/www.encontrabelohorizonte.com.br\/sobre\/noticias\/#listItem","position":2,"name":"Not\u00edcias Belo Horizonte","item":"https:\/\/www.encontrabelohorizonte.com.br\/sobre\/noticias\/","nextItem":{"@type":"ListItem","@id":"https:\/\/www.encontrabelohorizonte.com.br\/sobre\/moradores-se-reuniram-em-protesto-contra-poda-de-arvores-em-bh\/#listItem","name":"Moradores se reuniram em protesto contra poda de \u00e1rvores em BH"},"previousItem":{"@type":"ListItem","@id":"https:\/\/www.encontrabelohorizonte.com.br\/sobre#listItem","name":"In\u00edcio"}},{"@type":"ListItem","@id":"https:\/\/www.encontrabelohorizonte.com.br\/sobre\/moradores-se-reuniram-em-protesto-contra-poda-de-arvores-em-bh\/#listItem","position":3,"name":"Moradores se reuniram em protesto contra poda de \u00e1rvores em BH","previousItem":{"@type":"ListItem","@id":"https:\/\/www.encontrabelohorizonte.com.br\/sobre\/noticias\/#listItem","name":"Not\u00edcias Belo Horizonte"}}]},{"@type":"Organization","@id":"https:\/\/www.encontrabelohorizonte.com.br\/sobre\/#organization","name":"Encontra Belo Horizonte","description":"Not\u00edcias, eventos, informa\u00e7\u00f5es e dicas da cidade de Belo Horizonte e regi\u00e3o","url":"https:\/\/www.encontrabelohorizonte.com.br\/sobre\/"},{"@type":"Person","@id":"https:\/\/www.encontrabelohorizonte.com.br\/sobre\/author\/ebelohorizonte\/#author","url":"https:\/\/www.encontrabelohorizonte.com.br\/sobre\/author\/ebelohorizonte\/","name":"Encontra Belo Horizonte","image":{"@type":"ImageObject","@id":"https:\/\/www.encontrabelohorizonte.com.br\/sobre\/moradores-se-reuniram-em-protesto-contra-poda-de-arvores-em-bh\/#authorImage","url":"https:\/\/secure.gravatar.com\/avatar\/507340682b8270222e1f208e23198b6ae7e2c6a1033ae84e99bc6bce4f82a387?s=96&d=mm&r=g","width":96,"height":96,"caption":"Encontra Belo Horizonte"}},{"@type":"WebPage","@id":"https:\/\/www.encontrabelohorizonte.com.br\/sobre\/moradores-se-reuniram-em-protesto-contra-poda-de-arvores-em-bh\/#webpage","url":"https:\/\/www.encontrabelohorizonte.com.br\/sobre\/moradores-se-reuniram-em-protesto-contra-poda-de-arvores-em-bh\/","name":"Moradores se reuniram em protesto contra poda de \u00e1rvores em BH | Encontra Belo Horizonte","description":"Toalha e lanche para um piquenique. Em pouco tempo, parte do bairro Santa Efig\u00eania, na Regi\u00e3o Centro-Sul de Belo Horizonte, foi enchendo de gente, entre adultos e crian\u00e7as, na tarde deste s\u00e1bado (16). Todos em defesa dos centen\u00e1rios p\u00e9s de f\u00edcus da Avenida Bernardo Monteiro, uma das paisagens mais tradicionais da capital mineira. Muitos deles tiveram","inLanguage":"pt-BR","isPartOf":{"@id":"https:\/\/www.encontrabelohorizonte.com.br\/sobre\/#website"},"breadcrumb":{"@id":"https:\/\/www.encontrabelohorizonte.com.br\/sobre\/moradores-se-reuniram-em-protesto-contra-poda-de-arvores-em-bh\/#breadcrumblist"},"author":{"@id":"https:\/\/www.encontrabelohorizonte.com.br\/sobre\/author\/ebelohorizonte\/#author"},"creator":{"@id":"https:\/\/www.encontrabelohorizonte.com.br\/sobre\/author\/ebelohorizonte\/#author"},"datePublished":"2013-03-18T00:15:14-03:00","dateModified":"2019-04-12T18:35:36-03:00"},{"@type":"WebSite","@id":"https:\/\/www.encontrabelohorizonte.com.br\/sobre\/#website","url":"https:\/\/www.encontrabelohorizonte.com.br\/sobre\/","name":"Encontra Belo Horizonte","description":"Not\u00edcias, eventos, informa\u00e7\u00f5es e dicas da cidade de Belo Horizonte e regi\u00e3o","inLanguage":"pt-BR","publisher":{"@id":"https:\/\/www.encontrabelohorizonte.com.br\/sobre\/#organization"}}]},"og:locale":"pt_BR","og:site_name":"Encontra Belo Horizonte | Not\u00edcias, eventos, informa\u00e7\u00f5es e dicas da cidade de Belo Horizonte e regi\u00e3o","og:type":"article","og:title":"Moradores se reuniram em protesto contra poda de \u00e1rvores em BH | Encontra Belo Horizonte","og:description":"Toalha e lanche para um piquenique. Em pouco tempo, parte do bairro Santa Efig\u00eania, na Regi\u00e3o Centro-Sul de Belo Horizonte, foi enchendo de gente, entre adultos e crian\u00e7as, na tarde deste s\u00e1bado (16). Todos em defesa dos centen\u00e1rios p\u00e9s de f\u00edcus da Avenida Bernardo Monteiro, uma das paisagens mais tradicionais da capital mineira. Muitos deles tiveram","og:url":"https:\/\/www.encontrabelohorizonte.com.br\/sobre\/moradores-se-reuniram-em-protesto-contra-poda-de-arvores-em-bh\/","article:published_time":"2013-03-18T00:15:14+00:00","article:modified_time":"2019-04-12T18:35:36+00:00","twitter:card":"summary","twitter:title":"Moradores se reuniram em protesto contra poda de \u00e1rvores em BH | Encontra Belo Horizonte","twitter:description":"Toalha e lanche para um piquenique. Em pouco tempo, parte do bairro Santa Efig\u00eania, na Regi\u00e3o Centro-Sul de Belo Horizonte, foi enchendo de gente, entre adultos e crian\u00e7as, na tarde deste s\u00e1bado (16). Todos em defesa dos centen\u00e1rios p\u00e9s de f\u00edcus da Avenida Bernardo Monteiro, uma das paisagens mais tradicionais da capital mineira. Muitos deles tiveram"},"aioseo_meta_data":{"post_id":"1298","title":null,"description":null,"keywords":null,"keyphrases":null,"primary_term":null,"canonical_url":null,"og_title":null,"og_description":null,"og_object_type":"default","og_image_type":"default","og_image_url":null,"og_image_width":null,"og_image_height":null,"og_image_custom_url":null,"og_image_custom_fields":null,"og_video":null,"og_custom_url":null,"og_article_section":null,"og_article_tags":null,"twitter_use_og":false,"twitter_card":"default","twitter_image_type":"default","twitter_image_url":null,"twitter_image_custom_url":null,"twitter_image_custom_fields":null,"twitter_title":null,"twitter_description":null,"schema":{"blockGraphs":[],"customGraphs":[],"default":{"data":{"Article":[],"Course":[],"Dataset":[],"FAQPage":[],"Movie":[],"Person":[],"Product":[],"ProductReview":[],"Car":[],"Recipe":[],"Service":[],"SoftwareApplication":[],"WebPage":[]},"graphName":"Article","isEnabled":true},"graphs":[]},"schema_type":null,"schema_type_options":null,"pillar_content":false,"robots_default":true,"robots_noindex":false,"robots_noarchive":false,"robots_nosnippet":false,"robots_nofollow":false,"robots_noimageindex":false,"robots_noodp":false,"robots_notranslate":false,"robots_max_snippet":null,"robots_max_videopreview":null,"robots_max_imagepreview":"large","priority":null,"frequency":null,"local_seo":null,"breadcrumb_settings":null,"limit_modified_date":false,"ai":null,"created":"2022-01-06 21:08:00","updated":"2025-09-27 10:38:59","focus_keyword":null,"additional_keywords":null,"truseo_locale":null,"seo_analyzer_scan_date":null},"aioseo_breadcrumb":"<div class=\"aioseo-breadcrumbs\"><span class=\"aioseo-breadcrumb\">\n\t\t\t<a href=\"https:\/\/www.encontrabelohorizonte.com.br\/sobre\" title=\"In\u00edcio\">In\u00edcio<\/a>\n\t\t<\/span><span class=\"aioseo-breadcrumb-separator\">&raquo;<\/span><span class=\"aioseo-breadcrumb\">\n\t\t\t<a href=\"https:\/\/www.encontrabelohorizonte.com.br\/sobre\/noticias\/\" title=\"Not\u00edcias Belo Horizonte\">Not\u00edcias Belo Horizonte<\/a>\n\t\t<\/span><span class=\"aioseo-breadcrumb-separator\">&raquo;<\/span><span class=\"aioseo-breadcrumb\">\n\t\t\tMoradores se reuniram em protesto contra poda de \u00e1rvores em BH\n\t\t<\/span><\/div>","aioseo_breadcrumb_json":[{"label":"In\u00edcio","link":"https:\/\/www.encontrabelohorizonte.com.br\/sobre"},{"label":"Not\u00edcias Belo Horizonte","link":"https:\/\/www.encontrabelohorizonte.com.br\/sobre\/noticias\/"},{"label":"Moradores se reuniram em protesto contra poda de \u00e1rvores em BH","link":"https:\/\/www.encontrabelohorizonte.com.br\/sobre\/moradores-se-reuniram-em-protesto-contra-poda-de-arvores-em-bh\/"}],"_links":{"self":[{"href":"https:\/\/www.encontrabelohorizonte.com.br\/sobre\/wp-json\/wp\/v2\/posts\/1298","targetHints":{"allow":["GET"]}}],"collection":[{"href":"https:\/\/www.encontrabelohorizonte.com.br\/sobre\/wp-json\/wp\/v2\/posts"}],"about":[{"href":"https:\/\/www.encontrabelohorizonte.com.br\/sobre\/wp-json\/wp\/v2\/types\/post"}],"author":[{"embeddable":true,"href":"https:\/\/www.encontrabelohorizonte.com.br\/sobre\/wp-json\/wp\/v2\/users\/1"}],"replies":[{"embeddable":true,"href":"https:\/\/www.encontrabelohorizonte.com.br\/sobre\/wp-json\/wp\/v2\/comments?post=1298"}],"version-history":[{"count":0,"href":"https:\/\/www.encontrabelohorizonte.com.br\/sobre\/wp-json\/wp\/v2\/posts\/1298\/revisions"}],"wp:attachment":[{"href":"https:\/\/www.encontrabelohorizonte.com.br\/sobre\/wp-json\/wp\/v2\/media?parent=1298"}],"wp:term":[{"taxonomy":"category","embeddable":true,"href":"https:\/\/www.encontrabelohorizonte.com.br\/sobre\/wp-json\/wp\/v2\/categories?post=1298"},{"taxonomy":"post_tag","embeddable":true,"href":"https:\/\/www.encontrabelohorizonte.com.br\/sobre\/wp-json\/wp\/v2\/tags?post=1298"}],"curies":[{"name":"wp","href":"https:\/\/api.w.org\/{rel}","templated":true}]}}