{"id":171,"date":"2012-04-11T19:53:22","date_gmt":"2012-04-11T19:53:22","guid":{"rendered":"http:\/\/www.encontrabelohorizonte.com.br\/noticias\/?p=171"},"modified":"2019-04-12T18:36:56","modified_gmt":"2019-04-12T18:36:56","slug":"abertas-inscricoes-para-meia-maratona-internacional-de-belo-horizonte","status":"publish","type":"post","link":"https:\/\/www.encontrabelohorizonte.com.br\/sobre\/abertas-inscricoes-para-meia-maratona-internacional-de-belo-horizonte\/","title":{"rendered":"Abertas inscri\u00e7\u00f5es para Meia Maratona Internacional de Belo Horizonte"},"content":{"rendered":"<div class=\"2e083cf0b19e2c11948dc6ac054ba979\" data-index=\"1\" style=\"float: none; margin:0px;\">\n<!-- Anuncio display - global -->\r\n<ins class=\"adsbygoogle\"\r\n     style=\"display:block\"\r\n     data-ad-client=\"ca-pub-8585364105181520\"\r\n     data-ad-slot=\"8789329856\"\r\n     data-ad-format=\"auto\"\r\n     data-full-width-responsive=\"true\"><\/ins>\r\n<script>\r\n     (adsbygoogle = window.adsbygoogle || []).push({});\r\n<\/script>\n<\/div>\n<p>Os amantes da corrida t\u00eam mais um motivo para acelerar a prepara\u00e7\u00e3o. Est\u00e3o abertas as inscri\u00e7\u00f5es para a 3\u00aa edi\u00e7\u00e3o da Meia Maratona Internacional da cidade Belo Horizonte, \u00fanica prova da Am\u00e9rica Latina a ter parte do percurso dentro de um Zool\u00f3gico.<\/p>\n<p>A competi\u00e7\u00e3o ser\u00e1 realizada em 3 de junho, a partir das 7h30, na Pampulha.<\/p>\n<p>Com exatos 21.097 metros, aferidos e certificados pela Confedera\u00e7\u00e3o Brasileira de Atletismo, o percurso escolhido engloba os principais pontos tur\u00edsticos da cidade como a Igrejinha de S\u00e3o Francisco de Assis, o Mineir\u00e3o e o Museu de Arte.<\/p>\n<p>A largada e chegada ser\u00e3o realizadas no mesmo local, na Pra\u00e7a Nova da Pampulha (Avenida Otac\u00edlio Negr\u00e3o de Lima esquina com rua Exp. Celso Racioppi) e a idade m\u00ednima para participa\u00e7\u00e3o na prova \u00e9 de 18 anos.<\/p>\n<p>A organiza\u00e7\u00e3o da MMIBH desenvolveu um percurso mais curto, de 5km, para iniciantes. Os corredores devem ter, no m\u00ednimo, 16 anos.<\/p>\n<p>As categorias foram definidas como Elite (Feminina e Masculina), Deficientes, Pelot\u00f5es B, C e D (subdividido pelas faixas et\u00e1rias dos corredores) e Pelot\u00e3o geral. Quem j\u00e1 participou de outras maratonas com percurso acima de 10 km e deseja correr nos grupos principais, deve informar no momento da inscri\u00e7\u00e3o o melhor tempo realizado em eventos entre 2010 e 2012.<\/p>\n<p>Valem apenas os tempos homologados pela sua Federa\u00e7\u00e3o Estadual de Atletismo ou Confedera\u00e7\u00e3o Brasileira de Atletismo.<\/p>\n<p>As inscri\u00e7\u00f5es podem ser feitas pelo site\u00a0meiamaratonadebh.com.br ou na Casa do Corredor (Rua Esp\u00edrito Santo, 845 \u2013 Centro). Membros do Clube do Assinante do jornal Estado de Minas ter\u00e3o desconto de 10%.<\/p>\n<p>Fonte: <em>superesportes.com.br<\/em><\/p>\n\n<div style=\"font-size: 0px; height: 0px; line-height: 0px; margin: 0; padding: 0; clear: both;\"><\/div>","protected":false},"excerpt":{"rendered":"<p>Os amantes da corrida t\u00eam mais um motivo para acelerar a prepara\u00e7\u00e3o. Est\u00e3o abertas as inscri\u00e7\u00f5es para a 3\u00aa edi\u00e7\u00e3o da Meia Maratona Internacional da cidade Belo Horizonte, \u00fanica prova da Am\u00e9rica Latina a ter parte do percurso dentro de um Zool\u00f3gico. A competi\u00e7\u00e3o ser\u00e1 realizada em 3 de junho, a partir das 7h30, na Pampulha. Com exatos 21.097 metros, aferidos e certificados pela Confedera\u00e7\u00e3o Brasileira de Atletismo, o percurso escolhido engloba os principais pontos tur\u00edsticos da cidade como a Igrejinha de S\u00e3o Francisco de Assis, o Mineir\u00e3o e o Museu de Arte. A largada e chegada ser\u00e3o realizadas no <\/p>\n","protected":false},"author":1,"featured_media":0,"comment_status":"open","ping_status":"closed","sticky":false,"template":"","format":"standard","meta":{"footnotes":""},"categories":[6],"tags":[15],"class_list":["post-171","post","type-post","status-publish","format-standard","hentry","category-noticias","tag-belo-horizonte"],"aioseo_notices":[],"aioseo_head":"\n\t\t<!-- All in One SEO 5.0.0.1 - aioseo.com -->\n\t<meta name=\"description\" content=\"Os amantes da corrida t\u00eam mais um motivo para acelerar a prepara\u00e7\u00e3o. Est\u00e3o abertas as inscri\u00e7\u00f5es para a 3\u00aa edi\u00e7\u00e3o da Meia Maratona Internacional da cidade Belo Horizonte, \u00fanica prova da Am\u00e9rica Latina a ter parte do percurso dentro de um Zool\u00f3gico. A competi\u00e7\u00e3o ser\u00e1 realizada em 3 de junho, a partir das 7h30, na\" \/>\n\t<meta name=\"robots\" content=\"max-image-preview:large\" \/>\n\t<meta name=\"author\" content=\"Encontra Belo Horizonte\"\/>\n\t<link rel=\"canonical\" href=\"https:\/\/www.encontrabelohorizonte.com.br\/sobre\/abertas-inscricoes-para-meia-maratona-internacional-de-belo-horizonte\/\" \/>\n\t<meta name=\"generator\" content=\"All in One SEO (AIOSEO) 5.0.0.1\" \/>\n\t\t<meta property=\"og:locale\" content=\"pt_BR\" \/>\n\t\t<meta property=\"og:site_name\" content=\"Encontra Belo Horizonte | Not\u00edcias, eventos, informa\u00e7\u00f5es e dicas da cidade de Belo Horizonte e regi\u00e3o\" \/>\n\t\t<meta property=\"og:type\" content=\"article\" \/>\n\t\t<meta property=\"og:title\" content=\"Abertas inscri\u00e7\u00f5es para Meia Maratona Internacional de Belo Horizonte | Encontra Belo Horizonte\" \/>\n\t\t<meta property=\"og:description\" content=\"Os amantes da corrida t\u00eam mais um motivo para acelerar a prepara\u00e7\u00e3o. Est\u00e3o abertas as inscri\u00e7\u00f5es para a 3\u00aa edi\u00e7\u00e3o da Meia Maratona Internacional da cidade Belo Horizonte, \u00fanica prova da Am\u00e9rica Latina a ter parte do percurso dentro de um Zool\u00f3gico. A competi\u00e7\u00e3o ser\u00e1 realizada em 3 de junho, a partir das 7h30, na\" \/>\n\t\t<meta property=\"og:url\" content=\"https:\/\/www.encontrabelohorizonte.com.br\/sobre\/abertas-inscricoes-para-meia-maratona-internacional-de-belo-horizonte\/\" \/>\n\t\t<meta property=\"article:published_time\" content=\"2012-04-11T19:53:22+00:00\" \/>\n\t\t<meta property=\"article:modified_time\" content=\"2019-04-12T18:36:56+00:00\" \/>\n\t\t<meta name=\"twitter:card\" content=\"summary\" \/>\n\t\t<meta name=\"twitter:title\" content=\"Abertas inscri\u00e7\u00f5es para Meia Maratona Internacional de Belo Horizonte | Encontra Belo Horizonte\" \/>\n\t\t<meta name=\"twitter:description\" content=\"Os amantes da corrida t\u00eam mais um motivo para acelerar a prepara\u00e7\u00e3o. Est\u00e3o abertas as inscri\u00e7\u00f5es para a 3\u00aa edi\u00e7\u00e3o da Meia Maratona Internacional da cidade Belo Horizonte, \u00fanica prova da Am\u00e9rica Latina a ter parte do percurso dentro de um Zool\u00f3gico. A competi\u00e7\u00e3o ser\u00e1 realizada em 3 de junho, a partir das 7h30, na\" \/>\n\t\t<script type=\"application\/ld+json\" class=\"aioseo-schema\">\n\t\t\t{\"@context\":\"https:\\\/\\\/schema.org\",\"@graph\":[{\"@type\":\"Article\",\"@id\":\"https:\\\/\\\/www.encontrabelohorizonte.com.br\\\/sobre\\\/abertas-inscricoes-para-meia-maratona-internacional-de-belo-horizonte\\\/#article\",\"name\":\"Abertas inscri\\u00e7\\u00f5es para Meia Maratona Internacional de Belo Horizonte | Encontra Belo Horizonte\",\"headline\":\"Abertas inscri\\u00e7\\u00f5es para Meia Maratona Internacional de Belo Horizonte\",\"author\":{\"@id\":\"https:\\\/\\\/www.encontrabelohorizonte.com.br\\\/sobre\\\/author\\\/ebelohorizonte\\\/#author\"},\"publisher\":{\"@id\":\"https:\\\/\\\/www.encontrabelohorizonte.com.br\\\/sobre\\\/#organization\"},\"datePublished\":\"2012-04-11T19:53:22-03:00\",\"dateModified\":\"2019-04-12T18:36:56-03:00\",\"inLanguage\":\"pt-BR\",\"mainEntityOfPage\":{\"@id\":\"https:\\\/\\\/www.encontrabelohorizonte.com.br\\\/sobre\\\/abertas-inscricoes-para-meia-maratona-internacional-de-belo-horizonte\\\/#webpage\"},\"isPartOf\":{\"@id\":\"https:\\\/\\\/www.encontrabelohorizonte.com.br\\\/sobre\\\/abertas-inscricoes-para-meia-maratona-internacional-de-belo-horizonte\\\/#webpage\"},\"articleSection\":\"Not\\u00edcias Belo Horizonte, Belo Horizonte\"},{\"@type\":\"BreadcrumbList\",\"@id\":\"https:\\\/\\\/www.encontrabelohorizonte.com.br\\\/sobre\\\/abertas-inscricoes-para-meia-maratona-internacional-de-belo-horizonte\\\/#breadcrumblist\",\"itemListElement\":[{\"@type\":\"ListItem\",\"@id\":\"https:\\\/\\\/www.encontrabelohorizonte.com.br\\\/sobre#listItem\",\"position\":1,\"name\":\"In\\u00edcio\",\"item\":\"https:\\\/\\\/www.encontrabelohorizonte.com.br\\\/sobre\",\"nextItem\":{\"@type\":\"ListItem\",\"@id\":\"https:\\\/\\\/www.encontrabelohorizonte.com.br\\\/sobre\\\/noticias\\\/#listItem\",\"name\":\"Not\\u00edcias Belo Horizonte\"}},{\"@type\":\"ListItem\",\"@id\":\"https:\\\/\\\/www.encontrabelohorizonte.com.br\\\/sobre\\\/noticias\\\/#listItem\",\"position\":2,\"name\":\"Not\\u00edcias Belo Horizonte\",\"item\":\"https:\\\/\\\/www.encontrabelohorizonte.com.br\\\/sobre\\\/noticias\\\/\",\"nextItem\":{\"@type\":\"ListItem\",\"@id\":\"https:\\\/\\\/www.encontrabelohorizonte.com.br\\\/sobre\\\/abertas-inscricoes-para-meia-maratona-internacional-de-belo-horizonte\\\/#listItem\",\"name\":\"Abertas inscri\\u00e7\\u00f5es para Meia Maratona Internacional de Belo Horizonte\"},\"previousItem\":{\"@type\":\"ListItem\",\"@id\":\"https:\\\/\\\/www.encontrabelohorizonte.com.br\\\/sobre#listItem\",\"name\":\"In\\u00edcio\"}},{\"@type\":\"ListItem\",\"@id\":\"https:\\\/\\\/www.encontrabelohorizonte.com.br\\\/sobre\\\/abertas-inscricoes-para-meia-maratona-internacional-de-belo-horizonte\\\/#listItem\",\"position\":3,\"name\":\"Abertas inscri\\u00e7\\u00f5es para Meia Maratona Internacional de Belo Horizonte\",\"previousItem\":{\"@type\":\"ListItem\",\"@id\":\"https:\\\/\\\/www.encontrabelohorizonte.com.br\\\/sobre\\\/noticias\\\/#listItem\",\"name\":\"Not\\u00edcias Belo Horizonte\"}}]},{\"@type\":\"Organization\",\"@id\":\"https:\\\/\\\/www.encontrabelohorizonte.com.br\\\/sobre\\\/#organization\",\"name\":\"Encontra Belo Horizonte\",\"description\":\"Not\\u00edcias, eventos, informa\\u00e7\\u00f5es e dicas da cidade de Belo Horizonte e regi\\u00e3o\",\"url\":\"https:\\\/\\\/www.encontrabelohorizonte.com.br\\\/sobre\\\/\"},{\"@type\":\"Person\",\"@id\":\"https:\\\/\\\/www.encontrabelohorizonte.com.br\\\/sobre\\\/author\\\/ebelohorizonte\\\/#author\",\"url\":\"https:\\\/\\\/www.encontrabelohorizonte.com.br\\\/sobre\\\/author\\\/ebelohorizonte\\\/\",\"name\":\"Encontra Belo Horizonte\",\"image\":{\"@type\":\"ImageObject\",\"@id\":\"https:\\\/\\\/www.encontrabelohorizonte.com.br\\\/sobre\\\/abertas-inscricoes-para-meia-maratona-internacional-de-belo-horizonte\\\/#authorImage\",\"url\":\"https:\\\/\\\/secure.gravatar.com\\\/avatar\\\/507340682b8270222e1f208e23198b6ae7e2c6a1033ae84e99bc6bce4f82a387?s=96&d=mm&r=g\",\"width\":96,\"height\":96,\"caption\":\"Encontra Belo Horizonte\"}},{\"@type\":\"WebPage\",\"@id\":\"https:\\\/\\\/www.encontrabelohorizonte.com.br\\\/sobre\\\/abertas-inscricoes-para-meia-maratona-internacional-de-belo-horizonte\\\/#webpage\",\"url\":\"https:\\\/\\\/www.encontrabelohorizonte.com.br\\\/sobre\\\/abertas-inscricoes-para-meia-maratona-internacional-de-belo-horizonte\\\/\",\"name\":\"Abertas inscri\\u00e7\\u00f5es para Meia Maratona Internacional de Belo Horizonte | Encontra Belo Horizonte\",\"description\":\"Os amantes da corrida t\\u00eam mais um motivo para acelerar a prepara\\u00e7\\u00e3o. Est\\u00e3o abertas as inscri\\u00e7\\u00f5es para a 3\\u00aa edi\\u00e7\\u00e3o da Meia Maratona Internacional da cidade Belo Horizonte, \\u00fanica prova da Am\\u00e9rica Latina a ter parte do percurso dentro de um Zool\\u00f3gico. A competi\\u00e7\\u00e3o ser\\u00e1 realizada em 3 de junho, a partir das 7h30, na\",\"inLanguage\":\"pt-BR\",\"isPartOf\":{\"@id\":\"https:\\\/\\\/www.encontrabelohorizonte.com.br\\\/sobre\\\/#website\"},\"breadcrumb\":{\"@id\":\"https:\\\/\\\/www.encontrabelohorizonte.com.br\\\/sobre\\\/abertas-inscricoes-para-meia-maratona-internacional-de-belo-horizonte\\\/#breadcrumblist\"},\"author\":{\"@id\":\"https:\\\/\\\/www.encontrabelohorizonte.com.br\\\/sobre\\\/author\\\/ebelohorizonte\\\/#author\"},\"creator\":{\"@id\":\"https:\\\/\\\/www.encontrabelohorizonte.com.br\\\/sobre\\\/author\\\/ebelohorizonte\\\/#author\"},\"datePublished\":\"2012-04-11T19:53:22-03:00\",\"dateModified\":\"2019-04-12T18:36:56-03:00\"},{\"@type\":\"WebSite\",\"@id\":\"https:\\\/\\\/www.encontrabelohorizonte.com.br\\\/sobre\\\/#website\",\"url\":\"https:\\\/\\\/www.encontrabelohorizonte.com.br\\\/sobre\\\/\",\"name\":\"Encontra Belo Horizonte\",\"description\":\"Not\\u00edcias, eventos, informa\\u00e7\\u00f5es e dicas da cidade de Belo Horizonte e regi\\u00e3o\",\"inLanguage\":\"pt-BR\",\"publisher\":{\"@id\":\"https:\\\/\\\/www.encontrabelohorizonte.com.br\\\/sobre\\\/#organization\"}}]}\n\t\t<\/script>\n\t\t<!-- All in One SEO -->\n\n","aioseo_head_json":{"title":"Abertas inscri\u00e7\u00f5es para Meia Maratona Internacional de Belo Horizonte | Encontra Belo Horizonte","description":"Os amantes da corrida t\u00eam mais um motivo para acelerar a prepara\u00e7\u00e3o. Est\u00e3o abertas as inscri\u00e7\u00f5es para a 3\u00aa edi\u00e7\u00e3o da Meia Maratona Internacional da cidade Belo Horizonte, \u00fanica prova da Am\u00e9rica Latina a ter parte do percurso dentro de um Zool\u00f3gico. A competi\u00e7\u00e3o ser\u00e1 realizada em 3 de junho, a partir das 7h30, na","canonical_url":"https:\/\/www.encontrabelohorizonte.com.br\/sobre\/abertas-inscricoes-para-meia-maratona-internacional-de-belo-horizonte\/","robots":"max-image-preview:large","keywords":"","webmasterTools":{"miscellaneous":""},"schema":{"@context":"https:\/\/schema.org","@graph":[{"@type":"Article","@id":"https:\/\/www.encontrabelohorizonte.com.br\/sobre\/abertas-inscricoes-para-meia-maratona-internacional-de-belo-horizonte\/#article","name":"Abertas inscri\u00e7\u00f5es para Meia Maratona Internacional de Belo Horizonte | Encontra Belo Horizonte","headline":"Abertas inscri\u00e7\u00f5es para Meia Maratona Internacional de Belo Horizonte","author":{"@id":"https:\/\/www.encontrabelohorizonte.com.br\/sobre\/author\/ebelohorizonte\/#author"},"publisher":{"@id":"https:\/\/www.encontrabelohorizonte.com.br\/sobre\/#organization"},"datePublished":"2012-04-11T19:53:22-03:00","dateModified":"2019-04-12T18:36:56-03:00","inLanguage":"pt-BR","mainEntityOfPage":{"@id":"https:\/\/www.encontrabelohorizonte.com.br\/sobre\/abertas-inscricoes-para-meia-maratona-internacional-de-belo-horizonte\/#webpage"},"isPartOf":{"@id":"https:\/\/www.encontrabelohorizonte.com.br\/sobre\/abertas-inscricoes-para-meia-maratona-internacional-de-belo-horizonte\/#webpage"},"articleSection":"Not\u00edcias Belo Horizonte, Belo Horizonte"},{"@type":"BreadcrumbList","@id":"https:\/\/www.encontrabelohorizonte.com.br\/sobre\/abertas-inscricoes-para-meia-maratona-internacional-de-belo-horizonte\/#breadcrumblist","itemListElement":[{"@type":"ListItem","@id":"https:\/\/www.encontrabelohorizonte.com.br\/sobre#listItem","position":1,"name":"In\u00edcio","item":"https:\/\/www.encontrabelohorizonte.com.br\/sobre","nextItem":{"@type":"ListItem","@id":"https:\/\/www.encontrabelohorizonte.com.br\/sobre\/noticias\/#listItem","name":"Not\u00edcias Belo Horizonte"}},{"@type":"ListItem","@id":"https:\/\/www.encontrabelohorizonte.com.br\/sobre\/noticias\/#listItem","position":2,"name":"Not\u00edcias Belo Horizonte","item":"https:\/\/www.encontrabelohorizonte.com.br\/sobre\/noticias\/","nextItem":{"@type":"ListItem","@id":"https:\/\/www.encontrabelohorizonte.com.br\/sobre\/abertas-inscricoes-para-meia-maratona-internacional-de-belo-horizonte\/#listItem","name":"Abertas inscri\u00e7\u00f5es para Meia Maratona Internacional de Belo Horizonte"},"previousItem":{"@type":"ListItem","@id":"https:\/\/www.encontrabelohorizonte.com.br\/sobre#listItem","name":"In\u00edcio"}},{"@type":"ListItem","@id":"https:\/\/www.encontrabelohorizonte.com.br\/sobre\/abertas-inscricoes-para-meia-maratona-internacional-de-belo-horizonte\/#listItem","position":3,"name":"Abertas inscri\u00e7\u00f5es para Meia Maratona Internacional de Belo Horizonte","previousItem":{"@type":"ListItem","@id":"https:\/\/www.encontrabelohorizonte.com.br\/sobre\/noticias\/#listItem","name":"Not\u00edcias Belo Horizonte"}}]},{"@type":"Organization","@id":"https:\/\/www.encontrabelohorizonte.com.br\/sobre\/#organization","name":"Encontra Belo Horizonte","description":"Not\u00edcias, eventos, informa\u00e7\u00f5es e dicas da cidade de Belo Horizonte e regi\u00e3o","url":"https:\/\/www.encontrabelohorizonte.com.br\/sobre\/"},{"@type":"Person","@id":"https:\/\/www.encontrabelohorizonte.com.br\/sobre\/author\/ebelohorizonte\/#author","url":"https:\/\/www.encontrabelohorizonte.com.br\/sobre\/author\/ebelohorizonte\/","name":"Encontra Belo Horizonte","image":{"@type":"ImageObject","@id":"https:\/\/www.encontrabelohorizonte.com.br\/sobre\/abertas-inscricoes-para-meia-maratona-internacional-de-belo-horizonte\/#authorImage","url":"https:\/\/secure.gravatar.com\/avatar\/507340682b8270222e1f208e23198b6ae7e2c6a1033ae84e99bc6bce4f82a387?s=96&d=mm&r=g","width":96,"height":96,"caption":"Encontra Belo Horizonte"}},{"@type":"WebPage","@id":"https:\/\/www.encontrabelohorizonte.com.br\/sobre\/abertas-inscricoes-para-meia-maratona-internacional-de-belo-horizonte\/#webpage","url":"https:\/\/www.encontrabelohorizonte.com.br\/sobre\/abertas-inscricoes-para-meia-maratona-internacional-de-belo-horizonte\/","name":"Abertas inscri\u00e7\u00f5es para Meia Maratona Internacional de Belo Horizonte | Encontra Belo Horizonte","description":"Os amantes da corrida t\u00eam mais um motivo para acelerar a prepara\u00e7\u00e3o. Est\u00e3o abertas as inscri\u00e7\u00f5es para a 3\u00aa edi\u00e7\u00e3o da Meia Maratona Internacional da cidade Belo Horizonte, \u00fanica prova da Am\u00e9rica Latina a ter parte do percurso dentro de um Zool\u00f3gico. A competi\u00e7\u00e3o ser\u00e1 realizada em 3 de junho, a partir das 7h30, na","inLanguage":"pt-BR","isPartOf":{"@id":"https:\/\/www.encontrabelohorizonte.com.br\/sobre\/#website"},"breadcrumb":{"@id":"https:\/\/www.encontrabelohorizonte.com.br\/sobre\/abertas-inscricoes-para-meia-maratona-internacional-de-belo-horizonte\/#breadcrumblist"},"author":{"@id":"https:\/\/www.encontrabelohorizonte.com.br\/sobre\/author\/ebelohorizonte\/#author"},"creator":{"@id":"https:\/\/www.encontrabelohorizonte.com.br\/sobre\/author\/ebelohorizonte\/#author"},"datePublished":"2012-04-11T19:53:22-03:00","dateModified":"2019-04-12T18:36:56-03:00"},{"@type":"WebSite","@id":"https:\/\/www.encontrabelohorizonte.com.br\/sobre\/#website","url":"https:\/\/www.encontrabelohorizonte.com.br\/sobre\/","name":"Encontra Belo Horizonte","description":"Not\u00edcias, eventos, informa\u00e7\u00f5es e dicas da cidade de Belo Horizonte e regi\u00e3o","inLanguage":"pt-BR","publisher":{"@id":"https:\/\/www.encontrabelohorizonte.com.br\/sobre\/#organization"}}]},"og:locale":"pt_BR","og:site_name":"Encontra Belo Horizonte | Not\u00edcias, eventos, informa\u00e7\u00f5es e dicas da cidade de Belo Horizonte e regi\u00e3o","og:type":"article","og:title":"Abertas inscri\u00e7\u00f5es para Meia Maratona Internacional de Belo Horizonte | Encontra Belo Horizonte","og:description":"Os amantes da corrida t\u00eam mais um motivo para acelerar a prepara\u00e7\u00e3o. Est\u00e3o abertas as inscri\u00e7\u00f5es para a 3\u00aa edi\u00e7\u00e3o da Meia Maratona Internacional da cidade Belo Horizonte, \u00fanica prova da Am\u00e9rica Latina a ter parte do percurso dentro de um Zool\u00f3gico. A competi\u00e7\u00e3o ser\u00e1 realizada em 3 de junho, a partir das 7h30, na","og:url":"https:\/\/www.encontrabelohorizonte.com.br\/sobre\/abertas-inscricoes-para-meia-maratona-internacional-de-belo-horizonte\/","article:published_time":"2012-04-11T19:53:22+00:00","article:modified_time":"2019-04-12T18:36:56+00:00","twitter:card":"summary","twitter:title":"Abertas inscri\u00e7\u00f5es para Meia Maratona Internacional de Belo Horizonte | Encontra Belo Horizonte","twitter:description":"Os amantes da corrida t\u00eam mais um motivo para acelerar a prepara\u00e7\u00e3o. Est\u00e3o abertas as inscri\u00e7\u00f5es para a 3\u00aa edi\u00e7\u00e3o da Meia Maratona Internacional da cidade Belo Horizonte, \u00fanica prova da Am\u00e9rica Latina a ter parte do percurso dentro de um Zool\u00f3gico. A competi\u00e7\u00e3o ser\u00e1 realizada em 3 de junho, a partir das 7h30, na"},"aioseo_meta_data":{"post_id":"171","title":null,"description":null,"keywords":null,"keyphrases":null,"primary_term":null,"canonical_url":null,"og_title":null,"og_description":null,"og_object_type":"default","og_image_type":"default","og_image_url":null,"og_image_width":null,"og_image_height":null,"og_image_custom_url":null,"og_image_custom_fields":null,"og_video":null,"og_custom_url":null,"og_article_section":null,"og_article_tags":null,"twitter_use_og":false,"twitter_card":"default","twitter_image_type":"default","twitter_image_url":null,"twitter_image_custom_url":null,"twitter_image_custom_fields":null,"twitter_title":null,"twitter_description":null,"schema":{"blockGraphs":[],"customGraphs":[],"default":{"data":{"Article":[],"Course":[],"Dataset":[],"FAQPage":[],"Movie":[],"Person":[],"Product":[],"ProductReview":[],"Car":[],"Recipe":[],"Service":[],"SoftwareApplication":[],"WebPage":[]},"graphName":"Article","isEnabled":true},"graphs":[]},"schema_type":null,"schema_type_options":null,"pillar_content":false,"robots_default":true,"robots_noindex":false,"robots_noarchive":false,"robots_nosnippet":false,"robots_nofollow":false,"robots_noimageindex":false,"robots_noodp":false,"robots_notranslate":false,"robots_max_snippet":null,"robots_max_videopreview":null,"robots_max_imagepreview":"large","priority":null,"frequency":null,"local_seo":null,"breadcrumb_settings":null,"limit_modified_date":false,"ai":null,"created":"2021-08-29 09:32:17","updated":"2025-09-26 23:29:05","focus_keyword":null,"additional_keywords":null,"truseo_locale":null,"seo_analyzer_scan_date":null},"aioseo_breadcrumb":"<div class=\"aioseo-breadcrumbs\"><span class=\"aioseo-breadcrumb\">\n\t\t\t<a href=\"https:\/\/www.encontrabelohorizonte.com.br\/sobre\" title=\"In\u00edcio\">In\u00edcio<\/a>\n\t\t<\/span><span class=\"aioseo-breadcrumb-separator\">&raquo;<\/span><span class=\"aioseo-breadcrumb\">\n\t\t\t<a href=\"https:\/\/www.encontrabelohorizonte.com.br\/sobre\/noticias\/\" title=\"Not\u00edcias Belo Horizonte\">Not\u00edcias Belo Horizonte<\/a>\n\t\t<\/span><span class=\"aioseo-breadcrumb-separator\">&raquo;<\/span><span class=\"aioseo-breadcrumb\">\n\t\t\tAbertas inscri\u00e7\u00f5es para Meia Maratona Internacional de Belo Horizonte\n\t\t<\/span><\/div>","aioseo_breadcrumb_json":[{"label":"In\u00edcio","link":"https:\/\/www.encontrabelohorizonte.com.br\/sobre"},{"label":"Not\u00edcias Belo Horizonte","link":"https:\/\/www.encontrabelohorizonte.com.br\/sobre\/noticias\/"},{"label":"Abertas inscri\u00e7\u00f5es para Meia Maratona Internacional de Belo Horizonte","link":"https:\/\/www.encontrabelohorizonte.com.br\/sobre\/abertas-inscricoes-para-meia-maratona-internacional-de-belo-horizonte\/"}],"_links":{"self":[{"href":"https:\/\/www.encontrabelohorizonte.com.br\/sobre\/wp-json\/wp\/v2\/posts\/171","targetHints":{"allow":["GET"]}}],"collection":[{"href":"https:\/\/www.encontrabelohorizonte.com.br\/sobre\/wp-json\/wp\/v2\/posts"}],"about":[{"href":"https:\/\/www.encontrabelohorizonte.com.br\/sobre\/wp-json\/wp\/v2\/types\/post"}],"author":[{"embeddable":true,"href":"https:\/\/www.encontrabelohorizonte.com.br\/sobre\/wp-json\/wp\/v2\/users\/1"}],"replies":[{"embeddable":true,"href":"https:\/\/www.encontrabelohorizonte.com.br\/sobre\/wp-json\/wp\/v2\/comments?post=171"}],"version-history":[{"count":0,"href":"https:\/\/www.encontrabelohorizonte.com.br\/sobre\/wp-json\/wp\/v2\/posts\/171\/revisions"}],"wp:attachment":[{"href":"https:\/\/www.encontrabelohorizonte.com.br\/sobre\/wp-json\/wp\/v2\/media?parent=171"}],"wp:term":[{"taxonomy":"category","embeddable":true,"href":"https:\/\/www.encontrabelohorizonte.com.br\/sobre\/wp-json\/wp\/v2\/categories?post=171"},{"taxonomy":"post_tag","embeddable":true,"href":"https:\/\/www.encontrabelohorizonte.com.br\/sobre\/wp-json\/wp\/v2\/tags?post=171"}],"curies":[{"name":"wp","href":"https:\/\/api.w.org\/{rel}","templated":true}]}}