{"id":177,"date":"2012-04-11T20:01:18","date_gmt":"2012-04-11T20:01:18","guid":{"rendered":"http:\/\/www.encontrabelohorizonte.com.br\/noticias\/?p=177"},"modified":"2019-04-12T18:36:56","modified_gmt":"2019-04-12T18:36:56","slug":"a-sete-meses-da-eleicao-moradores-de-belo-horizonte-recebem-torpedo-politico","status":"publish","type":"post","link":"https:\/\/www.encontrabelohorizonte.com.br\/sobre\/a-sete-meses-da-eleicao-moradores-de-belo-horizonte-recebem-torpedo-politico\/","title":{"rendered":"A sete meses da elei\u00e7\u00e3o, moradores de Belo Horizonte recebem torpedo pol\u00edtico"},"content":{"rendered":"<div class=\"2e083cf0b19e2c11948dc6ac054ba979\" data-index=\"1\" style=\"float: none; margin:0px;\">\n<!-- Anuncio display - global -->\r\n<ins class=\"adsbygoogle\"\r\n     style=\"display:block\"\r\n     data-ad-client=\"ca-pub-8585364105181520\"\r\n     data-ad-slot=\"8789329856\"\r\n     data-ad-format=\"auto\"\r\n     data-full-width-responsive=\"true\"><\/ins>\r\n<script>\r\n     (adsbygoogle = window.adsbygoogle || []).push({});\r\n<\/script>\n<\/div>\n<p>Alvo de uma campanha da popula\u00e7\u00e3o de Belo Horizonte contra o aumento de sal\u00e1rio para vereadores, o presidente da C\u00e2mara Municipal da cidade Belo Horizonte, L\u00e9o Burgu\u00eas (PSDB), \u00e9 citado em mensagens de texto enviadas para celulares de internautas. As pessoas que receberam postaram em redes de relacionamento a mensagem: \u201cLeo Burgu\u00eas quer acabar com 14\u00ba e 15\u00ba sal\u00e1rios dos vereadores, prefeito e secret\u00e1rios de BH\u201d.<\/p>\n<p>A mensagem refere-se a um projeto de lei de autoria da mesa diretora da C\u00e2mara Municipal, que visa justamente acabar com o 14\u00ba e o 15\u00ba sal\u00e1rios para os poderes Executivo e Legislativo.<\/p>\n<p>Desgastado por den\u00fancias de contrata\u00e7\u00e3o de servi\u00e7os do buffet de sua madrasta, Burgu\u00eas procura melhorar sua imagem junto ao eleitorado desde o final do ano passado. Ele deve tentar a reelei\u00e7\u00e3o neste ano.<\/p>\n<p>Fonte: <em>ig.com.br<\/em><\/p>\n\n<div style=\"font-size: 0px; height: 0px; line-height: 0px; margin: 0; padding: 0; clear: both;\"><\/div>","protected":false},"excerpt":{"rendered":"<p>Alvo de uma campanha da popula\u00e7\u00e3o de Belo Horizonte contra o aumento de sal\u00e1rio para vereadores, o presidente da C\u00e2mara Municipal da cidade Belo Horizonte, L\u00e9o Burgu\u00eas (PSDB), \u00e9 citado em mensagens de texto enviadas para celulares de internautas. As pessoas que receberam postaram em redes de relacionamento a mensagem: \u201cLeo Burgu\u00eas quer acabar com 14\u00ba e 15\u00ba sal\u00e1rios dos vereadores, prefeito e secret\u00e1rios de BH\u201d. A mensagem refere-se a um projeto de lei de autoria da mesa diretora da C\u00e2mara Municipal, que visa justamente acabar com o 14\u00ba e o 15\u00ba sal\u00e1rios para os poderes Executivo e Legislativo. Desgastado <\/p>\n","protected":false},"author":1,"featured_media":0,"comment_status":"open","ping_status":"closed","sticky":false,"template":"","format":"standard","meta":{"footnotes":""},"categories":[6],"tags":[15],"class_list":["post-177","post","type-post","status-publish","format-standard","hentry","category-noticias","tag-belo-horizonte"],"aioseo_notices":[],"_links":{"self":[{"href":"https:\/\/www.encontrabelohorizonte.com.br\/sobre\/wp-json\/wp\/v2\/posts\/177","targetHints":{"allow":["GET"]}}],"collection":[{"href":"https:\/\/www.encontrabelohorizonte.com.br\/sobre\/wp-json\/wp\/v2\/posts"}],"about":[{"href":"https:\/\/www.encontrabelohorizonte.com.br\/sobre\/wp-json\/wp\/v2\/types\/post"}],"author":[{"embeddable":true,"href":"https:\/\/www.encontrabelohorizonte.com.br\/sobre\/wp-json\/wp\/v2\/users\/1"}],"replies":[{"embeddable":true,"href":"https:\/\/www.encontrabelohorizonte.com.br\/sobre\/wp-json\/wp\/v2\/comments?post=177"}],"version-history":[{"count":0,"href":"https:\/\/www.encontrabelohorizonte.com.br\/sobre\/wp-json\/wp\/v2\/posts\/177\/revisions"}],"wp:attachment":[{"href":"https:\/\/www.encontrabelohorizonte.com.br\/sobre\/wp-json\/wp\/v2\/media?parent=177"}],"wp:term":[{"taxonomy":"category","embeddable":true,"href":"https:\/\/www.encontrabelohorizonte.com.br\/sobre\/wp-json\/wp\/v2\/categories?post=177"},{"taxonomy":"post_tag","embeddable":true,"href":"https:\/\/www.encontrabelohorizonte.com.br\/sobre\/wp-json\/wp\/v2\/tags?post=177"}],"curies":[{"name":"wp","href":"https:\/\/api.w.org\/{rel}","templated":true}]}}