{"id":180,"date":"2012-04-11T20:04:24","date_gmt":"2012-04-11T20:04:24","guid":{"rendered":"http:\/\/www.encontrabelohorizonte.com.br\/noticias\/?p=180"},"modified":"2019-04-12T18:36:56","modified_gmt":"2019-04-12T18:36:56","slug":"belo-horizonte-tem-menor-inflacao-na-previa-de-abril","status":"publish","type":"post","link":"https:\/\/www.encontrabelohorizonte.com.br\/sobre\/belo-horizonte-tem-menor-inflacao-na-previa-de-abril\/","title":{"rendered":"Belo Horizonte tem menor infla\u00e7\u00e3o na pr\u00e9via de abril"},"content":{"rendered":"<div class=\"2e083cf0b19e2c11948dc6ac054ba979\" data-index=\"1\" style=\"float: none; margin:0px;\">\n<!-- Anuncio display - global -->\r\n<ins class=\"adsbygoogle\"\r\n     style=\"display:block\"\r\n     data-ad-client=\"ca-pub-8585364105181520\"\r\n     data-ad-slot=\"8789329856\"\r\n     data-ad-format=\"auto\"\r\n     data-full-width-responsive=\"true\"><\/ins>\r\n<script>\r\n     (adsbygoogle = window.adsbygoogle || []).push({});\r\n<\/script>\n<\/div>\n<p>De acordo com dados divulgados, o maior decr\u00e9scimo foi observado na cidade Belo Horizonte, onde a taxa passou de 0,51%, na semana de 31 de mar\u00e7o, para 0,33%, na semana de 7 de abril, o que representa uma diminui\u00e7\u00e3o de 0,18 ponto percentual.<\/p>\n<p>As demais capitais que apresentaram decr\u00e9scimos em suas taxas foram Bras\u00edlia (de 0,84% para 0,72%), Salvador (de 0,56% para 0,44%) e Porto Alegre (de 0,64% para 0,63%).<\/p>\n<p>Por outro lado, a infla\u00e7\u00e3o medida pelo IPC-S ganhou for\u00e7a em S\u00e3o Paulo (de 0,53% para 0,59%), capital com maior peso na forma\u00e7\u00e3o do \u00edndice, no Rio de Janeiro (de 0,56% para 0,57%) e em Recife (de 0,76% para 0,79%).<\/p>\n<p>O IPC-S mede, toda semana, a infla\u00e7\u00e3o mensal nas classes de despesa alimenta\u00e7\u00e3o; habita\u00e7\u00e3o; vestu\u00e1rio; sa\u00fade e cuidados pessoais; educa\u00e7\u00e3o, leitura e recrea\u00e7\u00e3o; transportes; e despesas diversas.<\/p>\n<p>Na primeira apura\u00e7\u00e3o de abril, a taxa m\u00e9dia ficou em 0,58%, 0,02 ponto percentual abaixo da registrada no levantamento anterior.<\/p>\n<p>Fonte: \u00a0<em>vermelho.org.br<\/em><\/p>\n\n<div style=\"font-size: 0px; height: 0px; line-height: 0px; margin: 0; padding: 0; clear: both;\"><\/div>","protected":false},"excerpt":{"rendered":"<p>De acordo com dados divulgados, o maior decr\u00e9scimo foi observado na cidade Belo Horizonte, onde a taxa passou de 0,51%, na semana de 31 de mar\u00e7o, para 0,33%, na semana de 7 de abril, o que representa uma diminui\u00e7\u00e3o de 0,18 ponto percentual. As demais capitais que apresentaram decr\u00e9scimos em suas taxas foram Bras\u00edlia (de 0,84% para 0,72%), Salvador (de 0,56% para 0,44%) e Porto Alegre (de 0,64% para 0,63%). Por outro lado, a infla\u00e7\u00e3o medida pelo IPC-S ganhou for\u00e7a em S\u00e3o Paulo (de 0,53% para 0,59%), capital com maior peso na forma\u00e7\u00e3o do \u00edndice, no Rio de Janeiro (de <\/p>\n","protected":false},"author":1,"featured_media":0,"comment_status":"open","ping_status":"closed","sticky":false,"template":"","format":"standard","meta":{"footnotes":""},"categories":[6],"tags":[15],"class_list":["post-180","post","type-post","status-publish","format-standard","hentry","category-noticias","tag-belo-horizonte"],"aioseo_notices":[],"aioseo_head":"\n\t\t<!-- All in One SEO 5.0.0.1 - aioseo.com -->\n\t<meta name=\"description\" content=\"De acordo com dados divulgados, o maior decr\u00e9scimo foi observado na cidade Belo Horizonte, onde a taxa passou de 0,51%, na semana de 31 de mar\u00e7o, para 0,33%, na semana de 7 de abril, o que representa uma diminui\u00e7\u00e3o de 0,18 ponto percentual. As demais capitais que apresentaram decr\u00e9scimos em suas taxas foram Bras\u00edlia (de\" \/>\n\t<meta name=\"robots\" content=\"max-image-preview:large\" \/>\n\t<meta name=\"author\" content=\"Encontra Belo Horizonte\"\/>\n\t<link rel=\"canonical\" href=\"https:\/\/www.encontrabelohorizonte.com.br\/sobre\/belo-horizonte-tem-menor-inflacao-na-previa-de-abril\/\" \/>\n\t<meta name=\"generator\" content=\"All in One SEO (AIOSEO) 5.0.0.1\" \/>\n\t\t<meta property=\"og:locale\" content=\"pt_BR\" \/>\n\t\t<meta property=\"og:site_name\" content=\"Encontra Belo Horizonte | Not\u00edcias, eventos, informa\u00e7\u00f5es e dicas da cidade de Belo Horizonte e regi\u00e3o\" \/>\n\t\t<meta property=\"og:type\" content=\"article\" \/>\n\t\t<meta property=\"og:title\" content=\"Belo Horizonte tem menor infla\u00e7\u00e3o na pr\u00e9via de abril | Encontra Belo Horizonte\" \/>\n\t\t<meta property=\"og:description\" content=\"De acordo com dados divulgados, o maior decr\u00e9scimo foi observado na cidade Belo Horizonte, onde a taxa passou de 0,51%, na semana de 31 de mar\u00e7o, para 0,33%, na semana de 7 de abril, o que representa uma diminui\u00e7\u00e3o de 0,18 ponto percentual. As demais capitais que apresentaram decr\u00e9scimos em suas taxas foram Bras\u00edlia (de\" \/>\n\t\t<meta property=\"og:url\" content=\"https:\/\/www.encontrabelohorizonte.com.br\/sobre\/belo-horizonte-tem-menor-inflacao-na-previa-de-abril\/\" \/>\n\t\t<meta property=\"article:published_time\" content=\"2012-04-11T20:04:24+00:00\" \/>\n\t\t<meta property=\"article:modified_time\" content=\"2019-04-12T18:36:56+00:00\" \/>\n\t\t<meta name=\"twitter:card\" content=\"summary\" \/>\n\t\t<meta name=\"twitter:title\" content=\"Belo Horizonte tem menor infla\u00e7\u00e3o na pr\u00e9via de abril | Encontra Belo Horizonte\" \/>\n\t\t<meta name=\"twitter:description\" content=\"De acordo com dados divulgados, o maior decr\u00e9scimo foi observado na cidade Belo Horizonte, onde a taxa passou de 0,51%, na semana de 31 de mar\u00e7o, para 0,33%, na semana de 7 de abril, o que representa uma diminui\u00e7\u00e3o de 0,18 ponto percentual. As demais capitais que apresentaram decr\u00e9scimos em suas taxas foram Bras\u00edlia (de\" \/>\n\t\t<script type=\"application\/ld+json\" class=\"aioseo-schema\">\n\t\t\t{\"@context\":\"https:\\\/\\\/schema.org\",\"@graph\":[{\"@type\":\"Article\",\"@id\":\"https:\\\/\\\/www.encontrabelohorizonte.com.br\\\/sobre\\\/belo-horizonte-tem-menor-inflacao-na-previa-de-abril\\\/#article\",\"name\":\"Belo Horizonte tem menor infla\\u00e7\\u00e3o na pr\\u00e9via de abril | Encontra Belo Horizonte\",\"headline\":\"Belo Horizonte tem menor infla\\u00e7\\u00e3o na pr\\u00e9via de abril\",\"author\":{\"@id\":\"https:\\\/\\\/www.encontrabelohorizonte.com.br\\\/sobre\\\/author\\\/ebelohorizonte\\\/#author\"},\"publisher\":{\"@id\":\"https:\\\/\\\/www.encontrabelohorizonte.com.br\\\/sobre\\\/#organization\"},\"datePublished\":\"2012-04-11T20:04:24-03:00\",\"dateModified\":\"2019-04-12T18:36:56-03:00\",\"inLanguage\":\"pt-BR\",\"mainEntityOfPage\":{\"@id\":\"https:\\\/\\\/www.encontrabelohorizonte.com.br\\\/sobre\\\/belo-horizonte-tem-menor-inflacao-na-previa-de-abril\\\/#webpage\"},\"isPartOf\":{\"@id\":\"https:\\\/\\\/www.encontrabelohorizonte.com.br\\\/sobre\\\/belo-horizonte-tem-menor-inflacao-na-previa-de-abril\\\/#webpage\"},\"articleSection\":\"Not\\u00edcias Belo Horizonte, Belo Horizonte\"},{\"@type\":\"BreadcrumbList\",\"@id\":\"https:\\\/\\\/www.encontrabelohorizonte.com.br\\\/sobre\\\/belo-horizonte-tem-menor-inflacao-na-previa-de-abril\\\/#breadcrumblist\",\"itemListElement\":[{\"@type\":\"ListItem\",\"@id\":\"https:\\\/\\\/www.encontrabelohorizonte.com.br\\\/sobre#listItem\",\"position\":1,\"name\":\"In\\u00edcio\",\"item\":\"https:\\\/\\\/www.encontrabelohorizonte.com.br\\\/sobre\",\"nextItem\":{\"@type\":\"ListItem\",\"@id\":\"https:\\\/\\\/www.encontrabelohorizonte.com.br\\\/sobre\\\/noticias\\\/#listItem\",\"name\":\"Not\\u00edcias Belo Horizonte\"}},{\"@type\":\"ListItem\",\"@id\":\"https:\\\/\\\/www.encontrabelohorizonte.com.br\\\/sobre\\\/noticias\\\/#listItem\",\"position\":2,\"name\":\"Not\\u00edcias Belo Horizonte\",\"item\":\"https:\\\/\\\/www.encontrabelohorizonte.com.br\\\/sobre\\\/noticias\\\/\",\"nextItem\":{\"@type\":\"ListItem\",\"@id\":\"https:\\\/\\\/www.encontrabelohorizonte.com.br\\\/sobre\\\/belo-horizonte-tem-menor-inflacao-na-previa-de-abril\\\/#listItem\",\"name\":\"Belo Horizonte tem menor infla\\u00e7\\u00e3o na pr\\u00e9via de abril\"},\"previousItem\":{\"@type\":\"ListItem\",\"@id\":\"https:\\\/\\\/www.encontrabelohorizonte.com.br\\\/sobre#listItem\",\"name\":\"In\\u00edcio\"}},{\"@type\":\"ListItem\",\"@id\":\"https:\\\/\\\/www.encontrabelohorizonte.com.br\\\/sobre\\\/belo-horizonte-tem-menor-inflacao-na-previa-de-abril\\\/#listItem\",\"position\":3,\"name\":\"Belo Horizonte tem menor infla\\u00e7\\u00e3o na pr\\u00e9via de abril\",\"previousItem\":{\"@type\":\"ListItem\",\"@id\":\"https:\\\/\\\/www.encontrabelohorizonte.com.br\\\/sobre\\\/noticias\\\/#listItem\",\"name\":\"Not\\u00edcias Belo Horizonte\"}}]},{\"@type\":\"Organization\",\"@id\":\"https:\\\/\\\/www.encontrabelohorizonte.com.br\\\/sobre\\\/#organization\",\"name\":\"Encontra Belo Horizonte\",\"description\":\"Not\\u00edcias, eventos, informa\\u00e7\\u00f5es e dicas da cidade de Belo Horizonte e regi\\u00e3o\",\"url\":\"https:\\\/\\\/www.encontrabelohorizonte.com.br\\\/sobre\\\/\"},{\"@type\":\"Person\",\"@id\":\"https:\\\/\\\/www.encontrabelohorizonte.com.br\\\/sobre\\\/author\\\/ebelohorizonte\\\/#author\",\"url\":\"https:\\\/\\\/www.encontrabelohorizonte.com.br\\\/sobre\\\/author\\\/ebelohorizonte\\\/\",\"name\":\"Encontra Belo Horizonte\",\"image\":{\"@type\":\"ImageObject\",\"@id\":\"https:\\\/\\\/www.encontrabelohorizonte.com.br\\\/sobre\\\/belo-horizonte-tem-menor-inflacao-na-previa-de-abril\\\/#authorImage\",\"url\":\"https:\\\/\\\/secure.gravatar.com\\\/avatar\\\/507340682b8270222e1f208e23198b6ae7e2c6a1033ae84e99bc6bce4f82a387?s=96&d=mm&r=g\",\"width\":96,\"height\":96,\"caption\":\"Encontra Belo Horizonte\"}},{\"@type\":\"WebPage\",\"@id\":\"https:\\\/\\\/www.encontrabelohorizonte.com.br\\\/sobre\\\/belo-horizonte-tem-menor-inflacao-na-previa-de-abril\\\/#webpage\",\"url\":\"https:\\\/\\\/www.encontrabelohorizonte.com.br\\\/sobre\\\/belo-horizonte-tem-menor-inflacao-na-previa-de-abril\\\/\",\"name\":\"Belo Horizonte tem menor infla\\u00e7\\u00e3o na pr\\u00e9via de abril | Encontra Belo Horizonte\",\"description\":\"De acordo com dados divulgados, o maior decr\\u00e9scimo foi observado na cidade Belo Horizonte, onde a taxa passou de 0,51%, na semana de 31 de mar\\u00e7o, para 0,33%, na semana de 7 de abril, o que representa uma diminui\\u00e7\\u00e3o de 0,18 ponto percentual. As demais capitais que apresentaram decr\\u00e9scimos em suas taxas foram Bras\\u00edlia (de\",\"inLanguage\":\"pt-BR\",\"isPartOf\":{\"@id\":\"https:\\\/\\\/www.encontrabelohorizonte.com.br\\\/sobre\\\/#website\"},\"breadcrumb\":{\"@id\":\"https:\\\/\\\/www.encontrabelohorizonte.com.br\\\/sobre\\\/belo-horizonte-tem-menor-inflacao-na-previa-de-abril\\\/#breadcrumblist\"},\"author\":{\"@id\":\"https:\\\/\\\/www.encontrabelohorizonte.com.br\\\/sobre\\\/author\\\/ebelohorizonte\\\/#author\"},\"creator\":{\"@id\":\"https:\\\/\\\/www.encontrabelohorizonte.com.br\\\/sobre\\\/author\\\/ebelohorizonte\\\/#author\"},\"datePublished\":\"2012-04-11T20:04:24-03:00\",\"dateModified\":\"2019-04-12T18:36:56-03:00\"},{\"@type\":\"WebSite\",\"@id\":\"https:\\\/\\\/www.encontrabelohorizonte.com.br\\\/sobre\\\/#website\",\"url\":\"https:\\\/\\\/www.encontrabelohorizonte.com.br\\\/sobre\\\/\",\"name\":\"Encontra Belo Horizonte\",\"description\":\"Not\\u00edcias, eventos, informa\\u00e7\\u00f5es e dicas da cidade de Belo Horizonte e regi\\u00e3o\",\"inLanguage\":\"pt-BR\",\"publisher\":{\"@id\":\"https:\\\/\\\/www.encontrabelohorizonte.com.br\\\/sobre\\\/#organization\"}}]}\n\t\t<\/script>\n\t\t<!-- All in One SEO -->\n\n","aioseo_head_json":{"title":"Belo Horizonte tem menor infla\u00e7\u00e3o na pr\u00e9via de abril | Encontra Belo Horizonte","description":"De acordo com dados divulgados, o maior decr\u00e9scimo foi observado na cidade Belo Horizonte, onde a taxa passou de 0,51%, na semana de 31 de mar\u00e7o, para 0,33%, na semana de 7 de abril, o que representa uma diminui\u00e7\u00e3o de 0,18 ponto percentual. As demais capitais que apresentaram decr\u00e9scimos em suas taxas foram Bras\u00edlia (de","canonical_url":"https:\/\/www.encontrabelohorizonte.com.br\/sobre\/belo-horizonte-tem-menor-inflacao-na-previa-de-abril\/","robots":"max-image-preview:large","keywords":"","webmasterTools":{"miscellaneous":""},"schema":{"@context":"https:\/\/schema.org","@graph":[{"@type":"Article","@id":"https:\/\/www.encontrabelohorizonte.com.br\/sobre\/belo-horizonte-tem-menor-inflacao-na-previa-de-abril\/#article","name":"Belo Horizonte tem menor infla\u00e7\u00e3o na pr\u00e9via de abril | Encontra Belo Horizonte","headline":"Belo Horizonte tem menor infla\u00e7\u00e3o na pr\u00e9via de abril","author":{"@id":"https:\/\/www.encontrabelohorizonte.com.br\/sobre\/author\/ebelohorizonte\/#author"},"publisher":{"@id":"https:\/\/www.encontrabelohorizonte.com.br\/sobre\/#organization"},"datePublished":"2012-04-11T20:04:24-03:00","dateModified":"2019-04-12T18:36:56-03:00","inLanguage":"pt-BR","mainEntityOfPage":{"@id":"https:\/\/www.encontrabelohorizonte.com.br\/sobre\/belo-horizonte-tem-menor-inflacao-na-previa-de-abril\/#webpage"},"isPartOf":{"@id":"https:\/\/www.encontrabelohorizonte.com.br\/sobre\/belo-horizonte-tem-menor-inflacao-na-previa-de-abril\/#webpage"},"articleSection":"Not\u00edcias Belo Horizonte, Belo Horizonte"},{"@type":"BreadcrumbList","@id":"https:\/\/www.encontrabelohorizonte.com.br\/sobre\/belo-horizonte-tem-menor-inflacao-na-previa-de-abril\/#breadcrumblist","itemListElement":[{"@type":"ListItem","@id":"https:\/\/www.encontrabelohorizonte.com.br\/sobre#listItem","position":1,"name":"In\u00edcio","item":"https:\/\/www.encontrabelohorizonte.com.br\/sobre","nextItem":{"@type":"ListItem","@id":"https:\/\/www.encontrabelohorizonte.com.br\/sobre\/noticias\/#listItem","name":"Not\u00edcias Belo Horizonte"}},{"@type":"ListItem","@id":"https:\/\/www.encontrabelohorizonte.com.br\/sobre\/noticias\/#listItem","position":2,"name":"Not\u00edcias Belo Horizonte","item":"https:\/\/www.encontrabelohorizonte.com.br\/sobre\/noticias\/","nextItem":{"@type":"ListItem","@id":"https:\/\/www.encontrabelohorizonte.com.br\/sobre\/belo-horizonte-tem-menor-inflacao-na-previa-de-abril\/#listItem","name":"Belo Horizonte tem menor infla\u00e7\u00e3o na pr\u00e9via de abril"},"previousItem":{"@type":"ListItem","@id":"https:\/\/www.encontrabelohorizonte.com.br\/sobre#listItem","name":"In\u00edcio"}},{"@type":"ListItem","@id":"https:\/\/www.encontrabelohorizonte.com.br\/sobre\/belo-horizonte-tem-menor-inflacao-na-previa-de-abril\/#listItem","position":3,"name":"Belo Horizonte tem menor infla\u00e7\u00e3o na pr\u00e9via de abril","previousItem":{"@type":"ListItem","@id":"https:\/\/www.encontrabelohorizonte.com.br\/sobre\/noticias\/#listItem","name":"Not\u00edcias Belo Horizonte"}}]},{"@type":"Organization","@id":"https:\/\/www.encontrabelohorizonte.com.br\/sobre\/#organization","name":"Encontra Belo Horizonte","description":"Not\u00edcias, eventos, informa\u00e7\u00f5es e dicas da cidade de Belo Horizonte e regi\u00e3o","url":"https:\/\/www.encontrabelohorizonte.com.br\/sobre\/"},{"@type":"Person","@id":"https:\/\/www.encontrabelohorizonte.com.br\/sobre\/author\/ebelohorizonte\/#author","url":"https:\/\/www.encontrabelohorizonte.com.br\/sobre\/author\/ebelohorizonte\/","name":"Encontra Belo Horizonte","image":{"@type":"ImageObject","@id":"https:\/\/www.encontrabelohorizonte.com.br\/sobre\/belo-horizonte-tem-menor-inflacao-na-previa-de-abril\/#authorImage","url":"https:\/\/secure.gravatar.com\/avatar\/507340682b8270222e1f208e23198b6ae7e2c6a1033ae84e99bc6bce4f82a387?s=96&d=mm&r=g","width":96,"height":96,"caption":"Encontra Belo Horizonte"}},{"@type":"WebPage","@id":"https:\/\/www.encontrabelohorizonte.com.br\/sobre\/belo-horizonte-tem-menor-inflacao-na-previa-de-abril\/#webpage","url":"https:\/\/www.encontrabelohorizonte.com.br\/sobre\/belo-horizonte-tem-menor-inflacao-na-previa-de-abril\/","name":"Belo Horizonte tem menor infla\u00e7\u00e3o na pr\u00e9via de abril | Encontra Belo Horizonte","description":"De acordo com dados divulgados, o maior decr\u00e9scimo foi observado na cidade Belo Horizonte, onde a taxa passou de 0,51%, na semana de 31 de mar\u00e7o, para 0,33%, na semana de 7 de abril, o que representa uma diminui\u00e7\u00e3o de 0,18 ponto percentual. As demais capitais que apresentaram decr\u00e9scimos em suas taxas foram Bras\u00edlia (de","inLanguage":"pt-BR","isPartOf":{"@id":"https:\/\/www.encontrabelohorizonte.com.br\/sobre\/#website"},"breadcrumb":{"@id":"https:\/\/www.encontrabelohorizonte.com.br\/sobre\/belo-horizonte-tem-menor-inflacao-na-previa-de-abril\/#breadcrumblist"},"author":{"@id":"https:\/\/www.encontrabelohorizonte.com.br\/sobre\/author\/ebelohorizonte\/#author"},"creator":{"@id":"https:\/\/www.encontrabelohorizonte.com.br\/sobre\/author\/ebelohorizonte\/#author"},"datePublished":"2012-04-11T20:04:24-03:00","dateModified":"2019-04-12T18:36:56-03:00"},{"@type":"WebSite","@id":"https:\/\/www.encontrabelohorizonte.com.br\/sobre\/#website","url":"https:\/\/www.encontrabelohorizonte.com.br\/sobre\/","name":"Encontra Belo Horizonte","description":"Not\u00edcias, eventos, informa\u00e7\u00f5es e dicas da cidade de Belo Horizonte e regi\u00e3o","inLanguage":"pt-BR","publisher":{"@id":"https:\/\/www.encontrabelohorizonte.com.br\/sobre\/#organization"}}]},"og:locale":"pt_BR","og:site_name":"Encontra Belo Horizonte | Not\u00edcias, eventos, informa\u00e7\u00f5es e dicas da cidade de Belo Horizonte e regi\u00e3o","og:type":"article","og:title":"Belo Horizonte tem menor infla\u00e7\u00e3o na pr\u00e9via de abril | Encontra Belo Horizonte","og:description":"De acordo com dados divulgados, o maior decr\u00e9scimo foi observado na cidade Belo Horizonte, onde a taxa passou de 0,51%, na semana de 31 de mar\u00e7o, para 0,33%, na semana de 7 de abril, o que representa uma diminui\u00e7\u00e3o de 0,18 ponto percentual. As demais capitais que apresentaram decr\u00e9scimos em suas taxas foram Bras\u00edlia (de","og:url":"https:\/\/www.encontrabelohorizonte.com.br\/sobre\/belo-horizonte-tem-menor-inflacao-na-previa-de-abril\/","article:published_time":"2012-04-11T20:04:24+00:00","article:modified_time":"2019-04-12T18:36:56+00:00","twitter:card":"summary","twitter:title":"Belo Horizonte tem menor infla\u00e7\u00e3o na pr\u00e9via de abril | Encontra Belo Horizonte","twitter:description":"De acordo com dados divulgados, o maior decr\u00e9scimo foi observado na cidade Belo Horizonte, onde a taxa passou de 0,51%, na semana de 31 de mar\u00e7o, para 0,33%, na semana de 7 de abril, o que representa uma diminui\u00e7\u00e3o de 0,18 ponto percentual. As demais capitais que apresentaram decr\u00e9scimos em suas taxas foram Bras\u00edlia (de"},"aioseo_meta_data":{"post_id":"180","title":null,"description":null,"keywords":null,"keyphrases":null,"primary_term":null,"canonical_url":null,"og_title":null,"og_description":null,"og_object_type":"default","og_image_type":"default","og_image_url":null,"og_image_width":null,"og_image_height":null,"og_image_custom_url":null,"og_image_custom_fields":null,"og_video":null,"og_custom_url":null,"og_article_section":null,"og_article_tags":null,"twitter_use_og":false,"twitter_card":"default","twitter_image_type":"default","twitter_image_url":null,"twitter_image_custom_url":null,"twitter_image_custom_fields":null,"twitter_title":null,"twitter_description":null,"schema":{"blockGraphs":[],"customGraphs":[],"default":{"data":{"Article":[],"Course":[],"Dataset":[],"FAQPage":[],"Movie":[],"Person":[],"Product":[],"ProductReview":[],"Car":[],"Recipe":[],"Service":[],"SoftwareApplication":[],"WebPage":[]},"graphName":"Article","isEnabled":true},"graphs":[]},"schema_type":null,"schema_type_options":null,"pillar_content":false,"robots_default":true,"robots_noindex":false,"robots_noarchive":false,"robots_nosnippet":false,"robots_nofollow":false,"robots_noimageindex":false,"robots_noodp":false,"robots_notranslate":false,"robots_max_snippet":null,"robots_max_videopreview":null,"robots_max_imagepreview":"large","priority":null,"frequency":null,"local_seo":null,"breadcrumb_settings":null,"limit_modified_date":false,"ai":null,"created":"2022-01-15 03:35:12","updated":"2025-09-26 23:29:05","focus_keyword":null,"additional_keywords":null,"truseo_locale":null,"seo_analyzer_scan_date":null},"aioseo_breadcrumb":"<div class=\"aioseo-breadcrumbs\"><span class=\"aioseo-breadcrumb\">\n\t\t\t<a href=\"https:\/\/www.encontrabelohorizonte.com.br\/sobre\" title=\"In\u00edcio\">In\u00edcio<\/a>\n\t\t<\/span><span class=\"aioseo-breadcrumb-separator\">&raquo;<\/span><span class=\"aioseo-breadcrumb\">\n\t\t\t<a href=\"https:\/\/www.encontrabelohorizonte.com.br\/sobre\/noticias\/\" title=\"Not\u00edcias Belo Horizonte\">Not\u00edcias Belo Horizonte<\/a>\n\t\t<\/span><span class=\"aioseo-breadcrumb-separator\">&raquo;<\/span><span class=\"aioseo-breadcrumb\">\n\t\t\tBelo Horizonte tem menor infla\u00e7\u00e3o na pr\u00e9via de abril\n\t\t<\/span><\/div>","aioseo_breadcrumb_json":[{"label":"In\u00edcio","link":"https:\/\/www.encontrabelohorizonte.com.br\/sobre"},{"label":"Not\u00edcias Belo Horizonte","link":"https:\/\/www.encontrabelohorizonte.com.br\/sobre\/noticias\/"},{"label":"Belo Horizonte tem menor infla\u00e7\u00e3o na pr\u00e9via de abril","link":"https:\/\/www.encontrabelohorizonte.com.br\/sobre\/belo-horizonte-tem-menor-inflacao-na-previa-de-abril\/"}],"_links":{"self":[{"href":"https:\/\/www.encontrabelohorizonte.com.br\/sobre\/wp-json\/wp\/v2\/posts\/180","targetHints":{"allow":["GET"]}}],"collection":[{"href":"https:\/\/www.encontrabelohorizonte.com.br\/sobre\/wp-json\/wp\/v2\/posts"}],"about":[{"href":"https:\/\/www.encontrabelohorizonte.com.br\/sobre\/wp-json\/wp\/v2\/types\/post"}],"author":[{"embeddable":true,"href":"https:\/\/www.encontrabelohorizonte.com.br\/sobre\/wp-json\/wp\/v2\/users\/1"}],"replies":[{"embeddable":true,"href":"https:\/\/www.encontrabelohorizonte.com.br\/sobre\/wp-json\/wp\/v2\/comments?post=180"}],"version-history":[{"count":0,"href":"https:\/\/www.encontrabelohorizonte.com.br\/sobre\/wp-json\/wp\/v2\/posts\/180\/revisions"}],"wp:attachment":[{"href":"https:\/\/www.encontrabelohorizonte.com.br\/sobre\/wp-json\/wp\/v2\/media?parent=180"}],"wp:term":[{"taxonomy":"category","embeddable":true,"href":"https:\/\/www.encontrabelohorizonte.com.br\/sobre\/wp-json\/wp\/v2\/categories?post=180"},{"taxonomy":"post_tag","embeddable":true,"href":"https:\/\/www.encontrabelohorizonte.com.br\/sobre\/wp-json\/wp\/v2\/tags?post=180"}],"curies":[{"name":"wp","href":"https:\/\/api.w.org\/{rel}","templated":true}]}}