{"id":203,"date":"2012-05-15T12:54:08","date_gmt":"2012-05-15T12:54:08","guid":{"rendered":"http:\/\/www.encontrabelohorizonte.com.br\/noticias\/?p=203"},"modified":"2019-04-12T18:36:55","modified_gmt":"2019-04-12T18:36:55","slug":"emicida-explica-motivo-de-sua-detencao-apos-show-em-belo-horizonte","status":"publish","type":"post","link":"https:\/\/www.encontrabelohorizonte.com.br\/sobre\/emicida-explica-motivo-de-sua-detencao-apos-show-em-belo-horizonte\/","title":{"rendered":"Emicida explica motivo de sua deten\u00e7\u00e3o ap\u00f3s show em Belo Horizonte"},"content":{"rendered":"<div class=\"2e083cf0b19e2c11948dc6ac054ba979\" data-index=\"1\" style=\"float: none; margin:0px;\">\n<!-- Anuncio display - global -->\r\n<ins class=\"adsbygoogle\"\r\n     style=\"display:block\"\r\n     data-ad-client=\"ca-pub-8585364105181520\"\r\n     data-ad-slot=\"8789329856\"\r\n     data-ad-format=\"auto\"\r\n     data-full-width-responsive=\"true\"><\/ins>\r\n<script>\r\n     (adsbygoogle = window.adsbygoogle || []).push({});\r\n<\/script>\n<\/div>\n<p>Segundo nota publicada no site oficial do rapper Emicida, o motivo de sua deten\u00e7\u00e3o na cidade Belo Horizonte foi o pronunciamento que o cantor fez antes da m\u00fasica\u00a0<em>Dedo na Ferida<\/em>, a primeira do show. Emicida afirmou: &#8220;antes de mais nada, somos todos Eliana Silva, certo?<\/p>\n<p>Levanta o seu dedo do meio para a pol\u00edcia que desocupa as fam\u00edlias mais humildes, levanta o seu dedo do meio para os pol\u00edticos que n\u00e3o respeitam a popula\u00e7\u00e3o e vem com &#8216;noiz&#8217; nessa aqui, \u00f3. Mandando todos eles se f&#8230;, certo, BH? A rua \u00e9 &#8216;noiz'&#8221;.<\/p>\n<p>O m\u00fasico foi encaminhado para o 39\u00ba DP da capital mineira com a acusa\u00e7\u00e3o de desacato \u00e0 autoridade. Policiais militares que prestavam servi\u00e7o no evento consideraram o coment\u00e1rio ofensivo. Eles esperaram que Emicida terminasse seu show e deram voz de pris\u00e3o ao m\u00fasico que foi levado ao 39\u00ba DP pouco depois das 19h30 e liberado por volta das 22h30.<\/p>\n<p>Segundo a nota, o rapper se recusou a assinar o Boletim de Ocorr\u00eancia (B.O.) porque a vers\u00e3o registrava que os policiais relataram que Emicida teriam dito uma frase diferente da que o m\u00fasico abriu seu show.<\/p>\n<p>Os policiais teriam afirmado que Emicida disse que apoiava a invas\u00e3o do terreno Eliana Silva, regi\u00e3o do Barreiro. O texto publicado no site do cantor destaca: &#8220;em nenhum momento o rapper se dirigiu diretamente aos policiais militares que trabalhavam no evento ou pediu que o p\u00fablico fizesse algum gesto obsceno a eles. O show ocorreu sem nenhuma confus\u00e3o&#8221;.<\/p>\n<p>Fonte:<\/p>\n\n<div style=\"font-size: 0px; height: 0px; line-height: 0px; margin: 0; padding: 0; clear: both;\"><\/div>","protected":false},"excerpt":{"rendered":"<p>Segundo nota publicada no site oficial do rapper Emicida, o motivo de sua deten\u00e7\u00e3o na cidade Belo Horizonte foi o pronunciamento que o cantor fez antes da m\u00fasica\u00a0Dedo na Ferida, a primeira do show. Emicida afirmou: &#8220;antes de mais nada, somos todos Eliana Silva, certo? Levanta o seu dedo do meio para a pol\u00edcia que desocupa as fam\u00edlias mais humildes, levanta o seu dedo do meio para os pol\u00edticos que n\u00e3o respeitam a popula\u00e7\u00e3o e vem com &#8216;noiz&#8217; nessa aqui, \u00f3. Mandando todos eles se f&#8230;, certo, BH? A rua \u00e9 &#8216;noiz&#8217;&#8221;. O m\u00fasico foi encaminhado para o 39\u00ba DP <\/p>\n","protected":false},"author":1,"featured_media":0,"comment_status":"open","ping_status":"closed","sticky":false,"template":"","format":"standard","meta":{"footnotes":""},"categories":[6],"tags":[15],"class_list":["post-203","post","type-post","status-publish","format-standard","hentry","category-noticias","tag-belo-horizonte"],"aioseo_notices":[],"aioseo_head":"\n\t\t<!-- All in One SEO 5.0.0.1 - aioseo.com -->\n\t<meta name=\"description\" content=\"Segundo nota publicada no site oficial do rapper Emicida, o motivo de sua deten\u00e7\u00e3o na cidade Belo Horizonte foi o pronunciamento que o cantor fez antes da m\u00fasica Dedo na Ferida, a primeira do show. Emicida afirmou: &quot;antes de mais nada, somos todos Eliana Silva, certo? Levanta o seu dedo do meio para a pol\u00edcia que\" \/>\n\t<meta name=\"robots\" content=\"max-image-preview:large\" \/>\n\t<meta name=\"author\" content=\"Encontra Belo Horizonte\"\/>\n\t<link rel=\"canonical\" href=\"https:\/\/www.encontrabelohorizonte.com.br\/sobre\/emicida-explica-motivo-de-sua-detencao-apos-show-em-belo-horizonte\/\" \/>\n\t<meta name=\"generator\" content=\"All in One SEO (AIOSEO) 5.0.0.1\" \/>\n\t\t<meta property=\"og:locale\" content=\"pt_BR\" \/>\n\t\t<meta property=\"og:site_name\" content=\"Encontra Belo Horizonte | Not\u00edcias, eventos, informa\u00e7\u00f5es e dicas da cidade de Belo Horizonte e regi\u00e3o\" \/>\n\t\t<meta property=\"og:type\" content=\"article\" \/>\n\t\t<meta property=\"og:title\" content=\"Emicida explica motivo de sua deten\u00e7\u00e3o ap\u00f3s show em Belo Horizonte | Encontra Belo Horizonte\" \/>\n\t\t<meta property=\"og:description\" content=\"Segundo nota publicada no site oficial do rapper Emicida, o motivo de sua deten\u00e7\u00e3o na cidade Belo Horizonte foi o pronunciamento que o cantor fez antes da m\u00fasica Dedo na Ferida, a primeira do show. Emicida afirmou: &quot;antes de mais nada, somos todos Eliana Silva, certo? Levanta o seu dedo do meio para a pol\u00edcia que\" \/>\n\t\t<meta property=\"og:url\" content=\"https:\/\/www.encontrabelohorizonte.com.br\/sobre\/emicida-explica-motivo-de-sua-detencao-apos-show-em-belo-horizonte\/\" \/>\n\t\t<meta property=\"article:published_time\" content=\"2012-05-15T12:54:08+00:00\" \/>\n\t\t<meta property=\"article:modified_time\" content=\"2019-04-12T18:36:55+00:00\" \/>\n\t\t<meta name=\"twitter:card\" content=\"summary\" \/>\n\t\t<meta name=\"twitter:title\" content=\"Emicida explica motivo de sua deten\u00e7\u00e3o ap\u00f3s show em Belo Horizonte | Encontra Belo Horizonte\" \/>\n\t\t<meta name=\"twitter:description\" content=\"Segundo nota publicada no site oficial do rapper Emicida, o motivo de sua deten\u00e7\u00e3o na cidade Belo Horizonte foi o pronunciamento que o cantor fez antes da m\u00fasica Dedo na Ferida, a primeira do show. Emicida afirmou: &quot;antes de mais nada, somos todos Eliana Silva, certo? Levanta o seu dedo do meio para a pol\u00edcia que\" \/>\n\t\t<script type=\"application\/ld+json\" class=\"aioseo-schema\">\n\t\t\t{\"@context\":\"https:\\\/\\\/schema.org\",\"@graph\":[{\"@type\":\"Article\",\"@id\":\"https:\\\/\\\/www.encontrabelohorizonte.com.br\\\/sobre\\\/emicida-explica-motivo-de-sua-detencao-apos-show-em-belo-horizonte\\\/#article\",\"name\":\"Emicida explica motivo de sua deten\\u00e7\\u00e3o ap\\u00f3s show em Belo Horizonte | Encontra Belo Horizonte\",\"headline\":\"Emicida explica motivo de sua deten\\u00e7\\u00e3o ap\\u00f3s show em Belo Horizonte\",\"author\":{\"@id\":\"https:\\\/\\\/www.encontrabelohorizonte.com.br\\\/sobre\\\/author\\\/ebelohorizonte\\\/#author\"},\"publisher\":{\"@id\":\"https:\\\/\\\/www.encontrabelohorizonte.com.br\\\/sobre\\\/#organization\"},\"datePublished\":\"2012-05-15T12:54:08-03:00\",\"dateModified\":\"2019-04-12T18:36:55-03:00\",\"inLanguage\":\"pt-BR\",\"mainEntityOfPage\":{\"@id\":\"https:\\\/\\\/www.encontrabelohorizonte.com.br\\\/sobre\\\/emicida-explica-motivo-de-sua-detencao-apos-show-em-belo-horizonte\\\/#webpage\"},\"isPartOf\":{\"@id\":\"https:\\\/\\\/www.encontrabelohorizonte.com.br\\\/sobre\\\/emicida-explica-motivo-de-sua-detencao-apos-show-em-belo-horizonte\\\/#webpage\"},\"articleSection\":\"Not\\u00edcias Belo Horizonte, Belo Horizonte\"},{\"@type\":\"BreadcrumbList\",\"@id\":\"https:\\\/\\\/www.encontrabelohorizonte.com.br\\\/sobre\\\/emicida-explica-motivo-de-sua-detencao-apos-show-em-belo-horizonte\\\/#breadcrumblist\",\"itemListElement\":[{\"@type\":\"ListItem\",\"@id\":\"https:\\\/\\\/www.encontrabelohorizonte.com.br\\\/sobre#listItem\",\"position\":1,\"name\":\"In\\u00edcio\",\"item\":\"https:\\\/\\\/www.encontrabelohorizonte.com.br\\\/sobre\",\"nextItem\":{\"@type\":\"ListItem\",\"@id\":\"https:\\\/\\\/www.encontrabelohorizonte.com.br\\\/sobre\\\/noticias\\\/#listItem\",\"name\":\"Not\\u00edcias Belo Horizonte\"}},{\"@type\":\"ListItem\",\"@id\":\"https:\\\/\\\/www.encontrabelohorizonte.com.br\\\/sobre\\\/noticias\\\/#listItem\",\"position\":2,\"name\":\"Not\\u00edcias Belo Horizonte\",\"item\":\"https:\\\/\\\/www.encontrabelohorizonte.com.br\\\/sobre\\\/noticias\\\/\",\"nextItem\":{\"@type\":\"ListItem\",\"@id\":\"https:\\\/\\\/www.encontrabelohorizonte.com.br\\\/sobre\\\/emicida-explica-motivo-de-sua-detencao-apos-show-em-belo-horizonte\\\/#listItem\",\"name\":\"Emicida explica motivo de sua deten\\u00e7\\u00e3o ap\\u00f3s show em Belo Horizonte\"},\"previousItem\":{\"@type\":\"ListItem\",\"@id\":\"https:\\\/\\\/www.encontrabelohorizonte.com.br\\\/sobre#listItem\",\"name\":\"In\\u00edcio\"}},{\"@type\":\"ListItem\",\"@id\":\"https:\\\/\\\/www.encontrabelohorizonte.com.br\\\/sobre\\\/emicida-explica-motivo-de-sua-detencao-apos-show-em-belo-horizonte\\\/#listItem\",\"position\":3,\"name\":\"Emicida explica motivo de sua deten\\u00e7\\u00e3o ap\\u00f3s show em Belo Horizonte\",\"previousItem\":{\"@type\":\"ListItem\",\"@id\":\"https:\\\/\\\/www.encontrabelohorizonte.com.br\\\/sobre\\\/noticias\\\/#listItem\",\"name\":\"Not\\u00edcias Belo Horizonte\"}}]},{\"@type\":\"Organization\",\"@id\":\"https:\\\/\\\/www.encontrabelohorizonte.com.br\\\/sobre\\\/#organization\",\"name\":\"Encontra Belo Horizonte\",\"description\":\"Not\\u00edcias, eventos, informa\\u00e7\\u00f5es e dicas da cidade de Belo Horizonte e regi\\u00e3o\",\"url\":\"https:\\\/\\\/www.encontrabelohorizonte.com.br\\\/sobre\\\/\"},{\"@type\":\"Person\",\"@id\":\"https:\\\/\\\/www.encontrabelohorizonte.com.br\\\/sobre\\\/author\\\/ebelohorizonte\\\/#author\",\"url\":\"https:\\\/\\\/www.encontrabelohorizonte.com.br\\\/sobre\\\/author\\\/ebelohorizonte\\\/\",\"name\":\"Encontra Belo Horizonte\",\"image\":{\"@type\":\"ImageObject\",\"@id\":\"https:\\\/\\\/www.encontrabelohorizonte.com.br\\\/sobre\\\/emicida-explica-motivo-de-sua-detencao-apos-show-em-belo-horizonte\\\/#authorImage\",\"url\":\"https:\\\/\\\/secure.gravatar.com\\\/avatar\\\/507340682b8270222e1f208e23198b6ae7e2c6a1033ae84e99bc6bce4f82a387?s=96&d=mm&r=g\",\"width\":96,\"height\":96,\"caption\":\"Encontra Belo Horizonte\"}},{\"@type\":\"WebPage\",\"@id\":\"https:\\\/\\\/www.encontrabelohorizonte.com.br\\\/sobre\\\/emicida-explica-motivo-de-sua-detencao-apos-show-em-belo-horizonte\\\/#webpage\",\"url\":\"https:\\\/\\\/www.encontrabelohorizonte.com.br\\\/sobre\\\/emicida-explica-motivo-de-sua-detencao-apos-show-em-belo-horizonte\\\/\",\"name\":\"Emicida explica motivo de sua deten\\u00e7\\u00e3o ap\\u00f3s show em Belo Horizonte | Encontra Belo Horizonte\",\"description\":\"Segundo nota publicada no site oficial do rapper Emicida, o motivo de sua deten\\u00e7\\u00e3o na cidade Belo Horizonte foi o pronunciamento que o cantor fez antes da m\\u00fasica Dedo na Ferida, a primeira do show. Emicida afirmou: \\\"antes de mais nada, somos todos Eliana Silva, certo? Levanta o seu dedo do meio para a pol\\u00edcia que\",\"inLanguage\":\"pt-BR\",\"isPartOf\":{\"@id\":\"https:\\\/\\\/www.encontrabelohorizonte.com.br\\\/sobre\\\/#website\"},\"breadcrumb\":{\"@id\":\"https:\\\/\\\/www.encontrabelohorizonte.com.br\\\/sobre\\\/emicida-explica-motivo-de-sua-detencao-apos-show-em-belo-horizonte\\\/#breadcrumblist\"},\"author\":{\"@id\":\"https:\\\/\\\/www.encontrabelohorizonte.com.br\\\/sobre\\\/author\\\/ebelohorizonte\\\/#author\"},\"creator\":{\"@id\":\"https:\\\/\\\/www.encontrabelohorizonte.com.br\\\/sobre\\\/author\\\/ebelohorizonte\\\/#author\"},\"datePublished\":\"2012-05-15T12:54:08-03:00\",\"dateModified\":\"2019-04-12T18:36:55-03:00\"},{\"@type\":\"WebSite\",\"@id\":\"https:\\\/\\\/www.encontrabelohorizonte.com.br\\\/sobre\\\/#website\",\"url\":\"https:\\\/\\\/www.encontrabelohorizonte.com.br\\\/sobre\\\/\",\"name\":\"Encontra Belo Horizonte\",\"description\":\"Not\\u00edcias, eventos, informa\\u00e7\\u00f5es e dicas da cidade de Belo Horizonte e regi\\u00e3o\",\"inLanguage\":\"pt-BR\",\"publisher\":{\"@id\":\"https:\\\/\\\/www.encontrabelohorizonte.com.br\\\/sobre\\\/#organization\"}}]}\n\t\t<\/script>\n\t\t<!-- All in One SEO -->\n\n","aioseo_head_json":{"title":"Emicida explica motivo de sua deten\u00e7\u00e3o ap\u00f3s show em Belo Horizonte | Encontra Belo Horizonte","description":"Segundo nota publicada no site oficial do rapper Emicida, o motivo de sua deten\u00e7\u00e3o na cidade Belo Horizonte foi o pronunciamento que o cantor fez antes da m\u00fasica Dedo na Ferida, a primeira do show. Emicida afirmou: \"antes de mais nada, somos todos Eliana Silva, certo? Levanta o seu dedo do meio para a pol\u00edcia que","canonical_url":"https:\/\/www.encontrabelohorizonte.com.br\/sobre\/emicida-explica-motivo-de-sua-detencao-apos-show-em-belo-horizonte\/","robots":"max-image-preview:large","keywords":"","webmasterTools":{"miscellaneous":""},"schema":{"@context":"https:\/\/schema.org","@graph":[{"@type":"Article","@id":"https:\/\/www.encontrabelohorizonte.com.br\/sobre\/emicida-explica-motivo-de-sua-detencao-apos-show-em-belo-horizonte\/#article","name":"Emicida explica motivo de sua deten\u00e7\u00e3o ap\u00f3s show em Belo Horizonte | Encontra Belo Horizonte","headline":"Emicida explica motivo de sua deten\u00e7\u00e3o ap\u00f3s show em Belo Horizonte","author":{"@id":"https:\/\/www.encontrabelohorizonte.com.br\/sobre\/author\/ebelohorizonte\/#author"},"publisher":{"@id":"https:\/\/www.encontrabelohorizonte.com.br\/sobre\/#organization"},"datePublished":"2012-05-15T12:54:08-03:00","dateModified":"2019-04-12T18:36:55-03:00","inLanguage":"pt-BR","mainEntityOfPage":{"@id":"https:\/\/www.encontrabelohorizonte.com.br\/sobre\/emicida-explica-motivo-de-sua-detencao-apos-show-em-belo-horizonte\/#webpage"},"isPartOf":{"@id":"https:\/\/www.encontrabelohorizonte.com.br\/sobre\/emicida-explica-motivo-de-sua-detencao-apos-show-em-belo-horizonte\/#webpage"},"articleSection":"Not\u00edcias Belo Horizonte, Belo Horizonte"},{"@type":"BreadcrumbList","@id":"https:\/\/www.encontrabelohorizonte.com.br\/sobre\/emicida-explica-motivo-de-sua-detencao-apos-show-em-belo-horizonte\/#breadcrumblist","itemListElement":[{"@type":"ListItem","@id":"https:\/\/www.encontrabelohorizonte.com.br\/sobre#listItem","position":1,"name":"In\u00edcio","item":"https:\/\/www.encontrabelohorizonte.com.br\/sobre","nextItem":{"@type":"ListItem","@id":"https:\/\/www.encontrabelohorizonte.com.br\/sobre\/noticias\/#listItem","name":"Not\u00edcias Belo Horizonte"}},{"@type":"ListItem","@id":"https:\/\/www.encontrabelohorizonte.com.br\/sobre\/noticias\/#listItem","position":2,"name":"Not\u00edcias Belo Horizonte","item":"https:\/\/www.encontrabelohorizonte.com.br\/sobre\/noticias\/","nextItem":{"@type":"ListItem","@id":"https:\/\/www.encontrabelohorizonte.com.br\/sobre\/emicida-explica-motivo-de-sua-detencao-apos-show-em-belo-horizonte\/#listItem","name":"Emicida explica motivo de sua deten\u00e7\u00e3o ap\u00f3s show em Belo Horizonte"},"previousItem":{"@type":"ListItem","@id":"https:\/\/www.encontrabelohorizonte.com.br\/sobre#listItem","name":"In\u00edcio"}},{"@type":"ListItem","@id":"https:\/\/www.encontrabelohorizonte.com.br\/sobre\/emicida-explica-motivo-de-sua-detencao-apos-show-em-belo-horizonte\/#listItem","position":3,"name":"Emicida explica motivo de sua deten\u00e7\u00e3o ap\u00f3s show em Belo Horizonte","previousItem":{"@type":"ListItem","@id":"https:\/\/www.encontrabelohorizonte.com.br\/sobre\/noticias\/#listItem","name":"Not\u00edcias Belo Horizonte"}}]},{"@type":"Organization","@id":"https:\/\/www.encontrabelohorizonte.com.br\/sobre\/#organization","name":"Encontra Belo Horizonte","description":"Not\u00edcias, eventos, informa\u00e7\u00f5es e dicas da cidade de Belo Horizonte e regi\u00e3o","url":"https:\/\/www.encontrabelohorizonte.com.br\/sobre\/"},{"@type":"Person","@id":"https:\/\/www.encontrabelohorizonte.com.br\/sobre\/author\/ebelohorizonte\/#author","url":"https:\/\/www.encontrabelohorizonte.com.br\/sobre\/author\/ebelohorizonte\/","name":"Encontra Belo Horizonte","image":{"@type":"ImageObject","@id":"https:\/\/www.encontrabelohorizonte.com.br\/sobre\/emicida-explica-motivo-de-sua-detencao-apos-show-em-belo-horizonte\/#authorImage","url":"https:\/\/secure.gravatar.com\/avatar\/507340682b8270222e1f208e23198b6ae7e2c6a1033ae84e99bc6bce4f82a387?s=96&d=mm&r=g","width":96,"height":96,"caption":"Encontra Belo Horizonte"}},{"@type":"WebPage","@id":"https:\/\/www.encontrabelohorizonte.com.br\/sobre\/emicida-explica-motivo-de-sua-detencao-apos-show-em-belo-horizonte\/#webpage","url":"https:\/\/www.encontrabelohorizonte.com.br\/sobre\/emicida-explica-motivo-de-sua-detencao-apos-show-em-belo-horizonte\/","name":"Emicida explica motivo de sua deten\u00e7\u00e3o ap\u00f3s show em Belo Horizonte | Encontra Belo Horizonte","description":"Segundo nota publicada no site oficial do rapper Emicida, o motivo de sua deten\u00e7\u00e3o na cidade Belo Horizonte foi o pronunciamento que o cantor fez antes da m\u00fasica Dedo na Ferida, a primeira do show. Emicida afirmou: \"antes de mais nada, somos todos Eliana Silva, certo? Levanta o seu dedo do meio para a pol\u00edcia que","inLanguage":"pt-BR","isPartOf":{"@id":"https:\/\/www.encontrabelohorizonte.com.br\/sobre\/#website"},"breadcrumb":{"@id":"https:\/\/www.encontrabelohorizonte.com.br\/sobre\/emicida-explica-motivo-de-sua-detencao-apos-show-em-belo-horizonte\/#breadcrumblist"},"author":{"@id":"https:\/\/www.encontrabelohorizonte.com.br\/sobre\/author\/ebelohorizonte\/#author"},"creator":{"@id":"https:\/\/www.encontrabelohorizonte.com.br\/sobre\/author\/ebelohorizonte\/#author"},"datePublished":"2012-05-15T12:54:08-03:00","dateModified":"2019-04-12T18:36:55-03:00"},{"@type":"WebSite","@id":"https:\/\/www.encontrabelohorizonte.com.br\/sobre\/#website","url":"https:\/\/www.encontrabelohorizonte.com.br\/sobre\/","name":"Encontra Belo Horizonte","description":"Not\u00edcias, eventos, informa\u00e7\u00f5es e dicas da cidade de Belo Horizonte e regi\u00e3o","inLanguage":"pt-BR","publisher":{"@id":"https:\/\/www.encontrabelohorizonte.com.br\/sobre\/#organization"}}]},"og:locale":"pt_BR","og:site_name":"Encontra Belo Horizonte | Not\u00edcias, eventos, informa\u00e7\u00f5es e dicas da cidade de Belo Horizonte e regi\u00e3o","og:type":"article","og:title":"Emicida explica motivo de sua deten\u00e7\u00e3o ap\u00f3s show em Belo Horizonte | Encontra Belo Horizonte","og:description":"Segundo nota publicada no site oficial do rapper Emicida, o motivo de sua deten\u00e7\u00e3o na cidade Belo Horizonte foi o pronunciamento que o cantor fez antes da m\u00fasica Dedo na Ferida, a primeira do show. Emicida afirmou: &quot;antes de mais nada, somos todos Eliana Silva, certo? Levanta o seu dedo do meio para a pol\u00edcia que","og:url":"https:\/\/www.encontrabelohorizonte.com.br\/sobre\/emicida-explica-motivo-de-sua-detencao-apos-show-em-belo-horizonte\/","article:published_time":"2012-05-15T12:54:08+00:00","article:modified_time":"2019-04-12T18:36:55+00:00","twitter:card":"summary","twitter:title":"Emicida explica motivo de sua deten\u00e7\u00e3o ap\u00f3s show em Belo Horizonte | Encontra Belo Horizonte","twitter:description":"Segundo nota publicada no site oficial do rapper Emicida, o motivo de sua deten\u00e7\u00e3o na cidade Belo Horizonte foi o pronunciamento que o cantor fez antes da m\u00fasica Dedo na Ferida, a primeira do show. Emicida afirmou: &quot;antes de mais nada, somos todos Eliana Silva, certo? Levanta o seu dedo do meio para a pol\u00edcia que"},"aioseo_meta_data":{"post_id":"203","title":null,"description":null,"keywords":null,"keyphrases":null,"primary_term":null,"canonical_url":null,"og_title":null,"og_description":null,"og_object_type":"default","og_image_type":"default","og_image_url":null,"og_image_width":null,"og_image_height":null,"og_image_custom_url":null,"og_image_custom_fields":null,"og_video":null,"og_custom_url":null,"og_article_section":null,"og_article_tags":null,"twitter_use_og":false,"twitter_card":"default","twitter_image_type":"default","twitter_image_url":null,"twitter_image_custom_url":null,"twitter_image_custom_fields":null,"twitter_title":null,"twitter_description":null,"schema":{"blockGraphs":[],"customGraphs":[],"default":{"data":{"Article":[],"Course":[],"Dataset":[],"FAQPage":[],"Movie":[],"Person":[],"Product":[],"ProductReview":[],"Car":[],"Recipe":[],"Service":[],"SoftwareApplication":[],"WebPage":[]},"graphName":"Article","isEnabled":true},"graphs":[]},"schema_type":null,"schema_type_options":null,"pillar_content":false,"robots_default":true,"robots_noindex":false,"robots_noarchive":false,"robots_nosnippet":false,"robots_nofollow":false,"robots_noimageindex":false,"robots_noodp":false,"robots_notranslate":false,"robots_max_snippet":null,"robots_max_videopreview":null,"robots_max_imagepreview":"large","priority":null,"frequency":null,"local_seo":null,"breadcrumb_settings":null,"limit_modified_date":false,"ai":null,"created":"2021-11-02 11:33:24","updated":"2025-09-26 23:32:20","focus_keyword":null,"additional_keywords":null,"truseo_locale":null,"seo_analyzer_scan_date":null},"aioseo_breadcrumb":"<div class=\"aioseo-breadcrumbs\"><span class=\"aioseo-breadcrumb\">\n\t\t\t<a href=\"https:\/\/www.encontrabelohorizonte.com.br\/sobre\" title=\"In\u00edcio\">In\u00edcio<\/a>\n\t\t<\/span><span class=\"aioseo-breadcrumb-separator\">&raquo;<\/span><span class=\"aioseo-breadcrumb\">\n\t\t\t<a href=\"https:\/\/www.encontrabelohorizonte.com.br\/sobre\/noticias\/\" title=\"Not\u00edcias Belo Horizonte\">Not\u00edcias Belo Horizonte<\/a>\n\t\t<\/span><span class=\"aioseo-breadcrumb-separator\">&raquo;<\/span><span class=\"aioseo-breadcrumb\">\n\t\t\tEmicida explica motivo de sua deten\u00e7\u00e3o ap\u00f3s show em Belo Horizonte\n\t\t<\/span><\/div>","aioseo_breadcrumb_json":[{"label":"In\u00edcio","link":"https:\/\/www.encontrabelohorizonte.com.br\/sobre"},{"label":"Not\u00edcias Belo Horizonte","link":"https:\/\/www.encontrabelohorizonte.com.br\/sobre\/noticias\/"},{"label":"Emicida explica motivo de sua deten\u00e7\u00e3o ap\u00f3s show em Belo Horizonte","link":"https:\/\/www.encontrabelohorizonte.com.br\/sobre\/emicida-explica-motivo-de-sua-detencao-apos-show-em-belo-horizonte\/"}],"_links":{"self":[{"href":"https:\/\/www.encontrabelohorizonte.com.br\/sobre\/wp-json\/wp\/v2\/posts\/203","targetHints":{"allow":["GET"]}}],"collection":[{"href":"https:\/\/www.encontrabelohorizonte.com.br\/sobre\/wp-json\/wp\/v2\/posts"}],"about":[{"href":"https:\/\/www.encontrabelohorizonte.com.br\/sobre\/wp-json\/wp\/v2\/types\/post"}],"author":[{"embeddable":true,"href":"https:\/\/www.encontrabelohorizonte.com.br\/sobre\/wp-json\/wp\/v2\/users\/1"}],"replies":[{"embeddable":true,"href":"https:\/\/www.encontrabelohorizonte.com.br\/sobre\/wp-json\/wp\/v2\/comments?post=203"}],"version-history":[{"count":0,"href":"https:\/\/www.encontrabelohorizonte.com.br\/sobre\/wp-json\/wp\/v2\/posts\/203\/revisions"}],"wp:attachment":[{"href":"https:\/\/www.encontrabelohorizonte.com.br\/sobre\/wp-json\/wp\/v2\/media?parent=203"}],"wp:term":[{"taxonomy":"category","embeddable":true,"href":"https:\/\/www.encontrabelohorizonte.com.br\/sobre\/wp-json\/wp\/v2\/categories?post=203"},{"taxonomy":"post_tag","embeddable":true,"href":"https:\/\/www.encontrabelohorizonte.com.br\/sobre\/wp-json\/wp\/v2\/tags?post=203"}],"curies":[{"name":"wp","href":"https:\/\/api.w.org\/{rel}","templated":true}]}}