{"id":2128,"date":"2013-09-23T00:34:53","date_gmt":"2013-09-23T00:34:53","guid":{"rendered":"http:\/\/www.encontrabelohorizonte.com.br\/noticias\/?p=2128"},"modified":"2019-04-12T18:31:07","modified_gmt":"2019-04-12T18:31:07","slug":"museus-de-bh-apresentam-ampla-programacao-na-setima-primavera-dos-museus","status":"publish","type":"post","link":"https:\/\/www.encontrabelohorizonte.com.br\/sobre\/museus-de-bh-apresentam-ampla-programacao-na-setima-primavera-dos-museus\/","title":{"rendered":"Museus de BH apresentam ampla programa\u00e7\u00e3o na S\u00e9tima Primavera dos Museus"},"content":{"rendered":"<div class=\"2e083cf0b19e2c11948dc6ac054ba979\" data-index=\"1\" style=\"float: none; margin:0px;\">\n<!-- Anuncio display - global -->\r\n<ins class=\"adsbygoogle\"\r\n     style=\"display:block\"\r\n     data-ad-client=\"ca-pub-8585364105181520\"\r\n     data-ad-slot=\"8789329856\"\r\n     data-ad-format=\"auto\"\r\n     data-full-width-responsive=\"true\"><\/ins>\r\n<script>\r\n     (adsbygoogle = window.adsbygoogle || []).push({});\r\n<\/script>\n<\/div>\n<p>Os espa\u00e7os museol\u00f3gicos geridos pela Funda\u00e7\u00e3o Municipal de Cultura (FMC) prepararam uma ampla grade de programa\u00e7\u00e3o para participar da 7\u00aa Primavera dos Museus, promovido pelo Instituto Brasileiro de Museus (Ibram). O evento come\u00e7a na segunda, dia 23, e vai at\u00e9 o domingo seguinte, dia 29, e tem como tema \u201cMuseus, Mem\u00f3ria e Cultura Afro-brasileira\u201d. As atividades, que s\u00e3o gratuitas, incluem palestras, mesas redondas, passeios educativos e ainda uma programa\u00e7\u00e3o gastron\u00f4mica.<\/p>\n<p>O Museu Hist\u00f3rico Ab\u00edlio Barreto (MHAB) traz diversas atra\u00e7\u00f5es para a Primavera dos Museus. Na abertura oficial, na quarta, dia 25, a partir das 18h30, o Muquifu (Museu dos Quilombos e Favelas Urbanos) leva ao MHAB uma mesa redonda que ir\u00e1 debater a hist\u00f3ria e tutela do patrim\u00f4nio afro-brasileiro. Durante a semana o MHAB tamb\u00e9m inaugura duas mostras de curta dura\u00e7\u00e3o, a \u201cPe\u00e7a em Destaque\u201d, que apresenta mem\u00f3rias do Teatro Municipal e do Cine Metr\u00f3pole, e a \u201cPinacoteca MHAB\u201d com pinturas de Mauro Silper.<\/p>\n<p>Outra atra\u00e7\u00e3o de destaque do MHAB na Primavera de Museus ser\u00e1 um encontro de capoeiristas e roda de conversas no s\u00e1bado, dia 28, durante todo o dia. A atividade ser\u00e1 realizada em parceria com o Instituto do Patrim\u00f4nio Hist\u00f3rico e Art\u00edstico Nacional (Iphan) e ter\u00e1 a participa\u00e7\u00e3o de Marcos Llobus e Renato Rasera.<\/p>\n<p>O Museu de Arte da Pampulha (MAP) ter\u00e1 uma programa\u00e7\u00e3o inspirada na gastronomia africana. Entre os dias 25 e 29, quarta e domingo, sempre \u00e0s 14h, o MAP abre sua \u201ccozinha\u201d oferecendo aos visitantes alimentos e bebidas ligados \u00e0s ra\u00edzes africanas. Tamb\u00e9m est\u00e3o programadas uma palestra sobre produtos de origem africana na mesa brasileira, com o professor Beto Haddad (dia 25, quarta, \u00e0s 19h) e uma feira de quitandas, com a participa\u00e7\u00e3o de quitandeiras de Minas Gerais (dia 29, domingo, das 9h \u00e0s 16h). A programa\u00e7\u00e3o foi composta em parceria com a OSCIP Conspira\u00e7\u00e3o Gastron\u00f4mica.<\/p>\n<p><strong>Palestra e caminhada educativa<\/strong><\/p>\n<p>A Casa do Baile promove na quinta, dia 26, \u00e0s 14h30, a palestra \u201cEspa\u00e7os Museol\u00f3gicos e a Diversidade Cultural Afro-brasileira\u201d, com Ros\u00e1lia Diogo, doutora em Letras e Literatura pela PUC Minas. No dia seguinte, tamb\u00e9m \u00e0s 14h30, o espa\u00e7o promove uma caminhada educativa na Pampulha at\u00e9 o Monumento \u00e0 Iemanj\u00e1, um portal da mem\u00f3ria, cultura e religiosidade. A caminhada ter\u00e1 a participa\u00e7\u00e3o do artista Jorge dos Anjos.<\/p>\n<p><strong>Festival de cinema<\/strong><\/p>\n<p>O Centro de Refer\u00eancia da Moda (CRModa) promove, em parceria com a Embaixada da \u00cdndia em Bras\u00edlia, o festival \u201c100 anos do Cinema Indiano\u201d, com cinco dias de exibi\u00e7\u00e3o in\u00e9dita de filmes premiados que representam o panorama do moderno cinema indiano. Os filmes podem ser vistos entre os dias 23 e 27, segunda e sexta, \u00e0s 17h e \u00e0s 20h.<\/p>\n<p><strong>Servi\u00e7o<\/strong><\/p>\n<p><strong>Endere\u00e7os dos locais das atra\u00e7\u00f5es<\/strong><\/p>\n<p>\u2022 Museu Hist\u00f3rico Ab\u00edlio Barreto (avenida Prudente de Morais, 202, bairro Cidade Jardim)<br \/>\n\u2022 Museu de Arte da Pampulha (avenida Otac\u00edlio Negr\u00e3o de Lima, 16.585, Pampulha)<br \/>\n\u2022 Casa do Baile (avenida Otac\u00edlio Negr\u00e3o de Lima, 751, S\u00e3o Lu\u00eds)<br \/>\n\u2022 Centro de Refer\u00eancia da Moda (rua da Bahia, 1.149, Centro)<\/p>\n\n<div style=\"font-size: 0px; height: 0px; line-height: 0px; margin: 0; padding: 0; clear: both;\"><\/div>","protected":false},"excerpt":{"rendered":"<p>Os espa\u00e7os museol\u00f3gicos geridos pela Funda\u00e7\u00e3o Municipal de Cultura (FMC) prepararam uma ampla grade de programa\u00e7\u00e3o para participar da 7\u00aa Primavera dos Museus, promovido pelo Instituto Brasileiro de Museus (Ibram). O evento come\u00e7a na segunda, dia 23, e vai at\u00e9 o domingo seguinte, dia 29, e tem como tema \u201cMuseus, Mem\u00f3ria e Cultura Afro-brasileira\u201d. As atividades, que s\u00e3o gratuitas, incluem palestras, mesas redondas, passeios educativos e ainda uma programa\u00e7\u00e3o gastron\u00f4mica. O Museu Hist\u00f3rico Ab\u00edlio Barreto (MHAB) traz diversas atra\u00e7\u00f5es para a Primavera dos Museus. Na abertura oficial, na quarta, dia 25, a partir das 18h30, o Muquifu (Museu dos Quilombos <\/p>\n","protected":false},"author":1,"featured_media":0,"comment_status":"open","ping_status":"closed","sticky":false,"template":"","format":"standard","meta":{"footnotes":""},"categories":[6],"tags":[],"class_list":["post-2128","post","type-post","status-publish","format-standard","hentry","category-noticias"],"aioseo_notices":[],"aioseo_head":"\n\t\t<!-- All in One SEO 5.0.0.1 - aioseo.com -->\n\t<meta name=\"description\" content=\"Os espa\u00e7os museol\u00f3gicos geridos pela Funda\u00e7\u00e3o Municipal de Cultura (FMC) prepararam uma ampla grade de programa\u00e7\u00e3o para participar da 7\u00aa Primavera dos Museus, promovido pelo Instituto Brasileiro de Museus (Ibram). O evento come\u00e7a na segunda, dia 23, e vai at\u00e9 o domingo seguinte, dia 29, e tem como tema \u201cMuseus, Mem\u00f3ria e Cultura Afro-brasileira\u201d. As\" \/>\n\t<meta name=\"robots\" content=\"max-image-preview:large\" \/>\n\t<meta name=\"author\" content=\"Encontra Belo Horizonte\"\/>\n\t<link rel=\"canonical\" href=\"https:\/\/www.encontrabelohorizonte.com.br\/sobre\/museus-de-bh-apresentam-ampla-programacao-na-setima-primavera-dos-museus\/\" \/>\n\t<meta name=\"generator\" content=\"All in One SEO (AIOSEO) 5.0.0.1\" \/>\n\t\t<meta property=\"og:locale\" content=\"pt_BR\" \/>\n\t\t<meta property=\"og:site_name\" content=\"Encontra Belo Horizonte | Not\u00edcias, eventos, informa\u00e7\u00f5es e dicas da cidade de Belo Horizonte e regi\u00e3o\" \/>\n\t\t<meta property=\"og:type\" content=\"article\" \/>\n\t\t<meta property=\"og:title\" content=\"Museus de BH apresentam ampla programa\u00e7\u00e3o na S\u00e9tima Primavera dos Museus | Encontra Belo Horizonte\" \/>\n\t\t<meta property=\"og:description\" content=\"Os espa\u00e7os museol\u00f3gicos geridos pela Funda\u00e7\u00e3o Municipal de Cultura (FMC) prepararam uma ampla grade de programa\u00e7\u00e3o para participar da 7\u00aa Primavera dos Museus, promovido pelo Instituto Brasileiro de Museus (Ibram). O evento come\u00e7a na segunda, dia 23, e vai at\u00e9 o domingo seguinte, dia 29, e tem como tema \u201cMuseus, Mem\u00f3ria e Cultura Afro-brasileira\u201d. As\" \/>\n\t\t<meta property=\"og:url\" content=\"https:\/\/www.encontrabelohorizonte.com.br\/sobre\/museus-de-bh-apresentam-ampla-programacao-na-setima-primavera-dos-museus\/\" \/>\n\t\t<meta property=\"article:published_time\" content=\"2013-09-23T00:34:53+00:00\" \/>\n\t\t<meta property=\"article:modified_time\" content=\"2019-04-12T18:31:07+00:00\" \/>\n\t\t<meta name=\"twitter:card\" content=\"summary\" \/>\n\t\t<meta name=\"twitter:title\" content=\"Museus de BH apresentam ampla programa\u00e7\u00e3o na S\u00e9tima Primavera dos Museus | Encontra Belo Horizonte\" \/>\n\t\t<meta name=\"twitter:description\" content=\"Os espa\u00e7os museol\u00f3gicos geridos pela Funda\u00e7\u00e3o Municipal de Cultura (FMC) prepararam uma ampla grade de programa\u00e7\u00e3o para participar da 7\u00aa Primavera dos Museus, promovido pelo Instituto Brasileiro de Museus (Ibram). O evento come\u00e7a na segunda, dia 23, e vai at\u00e9 o domingo seguinte, dia 29, e tem como tema \u201cMuseus, Mem\u00f3ria e Cultura Afro-brasileira\u201d. As\" \/>\n\t\t<script type=\"application\/ld+json\" class=\"aioseo-schema\">\n\t\t\t{\"@context\":\"https:\\\/\\\/schema.org\",\"@graph\":[{\"@type\":\"Article\",\"@id\":\"https:\\\/\\\/www.encontrabelohorizonte.com.br\\\/sobre\\\/museus-de-bh-apresentam-ampla-programacao-na-setima-primavera-dos-museus\\\/#article\",\"name\":\"Museus de BH apresentam ampla programa\\u00e7\\u00e3o na S\\u00e9tima Primavera dos Museus | Encontra Belo Horizonte\",\"headline\":\"Museus de BH apresentam ampla programa\\u00e7\\u00e3o na S\\u00e9tima Primavera dos Museus\",\"author\":{\"@id\":\"https:\\\/\\\/www.encontrabelohorizonte.com.br\\\/sobre\\\/author\\\/ebelohorizonte\\\/#author\"},\"publisher\":{\"@id\":\"https:\\\/\\\/www.encontrabelohorizonte.com.br\\\/sobre\\\/#organization\"},\"datePublished\":\"2013-09-23T00:34:53-03:00\",\"dateModified\":\"2019-04-12T18:31:07-03:00\",\"inLanguage\":\"pt-BR\",\"mainEntityOfPage\":{\"@id\":\"https:\\\/\\\/www.encontrabelohorizonte.com.br\\\/sobre\\\/museus-de-bh-apresentam-ampla-programacao-na-setima-primavera-dos-museus\\\/#webpage\"},\"isPartOf\":{\"@id\":\"https:\\\/\\\/www.encontrabelohorizonte.com.br\\\/sobre\\\/museus-de-bh-apresentam-ampla-programacao-na-setima-primavera-dos-museus\\\/#webpage\"},\"articleSection\":\"Not\\u00edcias Belo Horizonte\"},{\"@type\":\"BreadcrumbList\",\"@id\":\"https:\\\/\\\/www.encontrabelohorizonte.com.br\\\/sobre\\\/museus-de-bh-apresentam-ampla-programacao-na-setima-primavera-dos-museus\\\/#breadcrumblist\",\"itemListElement\":[{\"@type\":\"ListItem\",\"@id\":\"https:\\\/\\\/www.encontrabelohorizonte.com.br\\\/sobre#listItem\",\"position\":1,\"name\":\"In\\u00edcio\",\"item\":\"https:\\\/\\\/www.encontrabelohorizonte.com.br\\\/sobre\",\"nextItem\":{\"@type\":\"ListItem\",\"@id\":\"https:\\\/\\\/www.encontrabelohorizonte.com.br\\\/sobre\\\/noticias\\\/#listItem\",\"name\":\"Not\\u00edcias Belo Horizonte\"}},{\"@type\":\"ListItem\",\"@id\":\"https:\\\/\\\/www.encontrabelohorizonte.com.br\\\/sobre\\\/noticias\\\/#listItem\",\"position\":2,\"name\":\"Not\\u00edcias Belo Horizonte\",\"item\":\"https:\\\/\\\/www.encontrabelohorizonte.com.br\\\/sobre\\\/noticias\\\/\",\"nextItem\":{\"@type\":\"ListItem\",\"@id\":\"https:\\\/\\\/www.encontrabelohorizonte.com.br\\\/sobre\\\/museus-de-bh-apresentam-ampla-programacao-na-setima-primavera-dos-museus\\\/#listItem\",\"name\":\"Museus de BH apresentam ampla programa\\u00e7\\u00e3o na S\\u00e9tima Primavera dos Museus\"},\"previousItem\":{\"@type\":\"ListItem\",\"@id\":\"https:\\\/\\\/www.encontrabelohorizonte.com.br\\\/sobre#listItem\",\"name\":\"In\\u00edcio\"}},{\"@type\":\"ListItem\",\"@id\":\"https:\\\/\\\/www.encontrabelohorizonte.com.br\\\/sobre\\\/museus-de-bh-apresentam-ampla-programacao-na-setima-primavera-dos-museus\\\/#listItem\",\"position\":3,\"name\":\"Museus de BH apresentam ampla programa\\u00e7\\u00e3o na S\\u00e9tima Primavera dos Museus\",\"previousItem\":{\"@type\":\"ListItem\",\"@id\":\"https:\\\/\\\/www.encontrabelohorizonte.com.br\\\/sobre\\\/noticias\\\/#listItem\",\"name\":\"Not\\u00edcias Belo Horizonte\"}}]},{\"@type\":\"Organization\",\"@id\":\"https:\\\/\\\/www.encontrabelohorizonte.com.br\\\/sobre\\\/#organization\",\"name\":\"Encontra Belo Horizonte\",\"description\":\"Not\\u00edcias, eventos, informa\\u00e7\\u00f5es e dicas da cidade de Belo Horizonte e regi\\u00e3o\",\"url\":\"https:\\\/\\\/www.encontrabelohorizonte.com.br\\\/sobre\\\/\"},{\"@type\":\"Person\",\"@id\":\"https:\\\/\\\/www.encontrabelohorizonte.com.br\\\/sobre\\\/author\\\/ebelohorizonte\\\/#author\",\"url\":\"https:\\\/\\\/www.encontrabelohorizonte.com.br\\\/sobre\\\/author\\\/ebelohorizonte\\\/\",\"name\":\"Encontra Belo Horizonte\",\"image\":{\"@type\":\"ImageObject\",\"@id\":\"https:\\\/\\\/www.encontrabelohorizonte.com.br\\\/sobre\\\/museus-de-bh-apresentam-ampla-programacao-na-setima-primavera-dos-museus\\\/#authorImage\",\"url\":\"https:\\\/\\\/secure.gravatar.com\\\/avatar\\\/507340682b8270222e1f208e23198b6ae7e2c6a1033ae84e99bc6bce4f82a387?s=96&d=mm&r=g\",\"width\":96,\"height\":96,\"caption\":\"Encontra Belo Horizonte\"}},{\"@type\":\"WebPage\",\"@id\":\"https:\\\/\\\/www.encontrabelohorizonte.com.br\\\/sobre\\\/museus-de-bh-apresentam-ampla-programacao-na-setima-primavera-dos-museus\\\/#webpage\",\"url\":\"https:\\\/\\\/www.encontrabelohorizonte.com.br\\\/sobre\\\/museus-de-bh-apresentam-ampla-programacao-na-setima-primavera-dos-museus\\\/\",\"name\":\"Museus de BH apresentam ampla programa\\u00e7\\u00e3o na S\\u00e9tima Primavera dos Museus | Encontra Belo Horizonte\",\"description\":\"Os espa\\u00e7os museol\\u00f3gicos geridos pela Funda\\u00e7\\u00e3o Municipal de Cultura (FMC) prepararam uma ampla grade de programa\\u00e7\\u00e3o para participar da 7\\u00aa Primavera dos Museus, promovido pelo Instituto Brasileiro de Museus (Ibram). O evento come\\u00e7a na segunda, dia 23, e vai at\\u00e9 o domingo seguinte, dia 29, e tem como tema \\u201cMuseus, Mem\\u00f3ria e Cultura Afro-brasileira\\u201d. As\",\"inLanguage\":\"pt-BR\",\"isPartOf\":{\"@id\":\"https:\\\/\\\/www.encontrabelohorizonte.com.br\\\/sobre\\\/#website\"},\"breadcrumb\":{\"@id\":\"https:\\\/\\\/www.encontrabelohorizonte.com.br\\\/sobre\\\/museus-de-bh-apresentam-ampla-programacao-na-setima-primavera-dos-museus\\\/#breadcrumblist\"},\"author\":{\"@id\":\"https:\\\/\\\/www.encontrabelohorizonte.com.br\\\/sobre\\\/author\\\/ebelohorizonte\\\/#author\"},\"creator\":{\"@id\":\"https:\\\/\\\/www.encontrabelohorizonte.com.br\\\/sobre\\\/author\\\/ebelohorizonte\\\/#author\"},\"datePublished\":\"2013-09-23T00:34:53-03:00\",\"dateModified\":\"2019-04-12T18:31:07-03:00\"},{\"@type\":\"WebSite\",\"@id\":\"https:\\\/\\\/www.encontrabelohorizonte.com.br\\\/sobre\\\/#website\",\"url\":\"https:\\\/\\\/www.encontrabelohorizonte.com.br\\\/sobre\\\/\",\"name\":\"Encontra Belo Horizonte\",\"description\":\"Not\\u00edcias, eventos, informa\\u00e7\\u00f5es e dicas da cidade de Belo Horizonte e regi\\u00e3o\",\"inLanguage\":\"pt-BR\",\"publisher\":{\"@id\":\"https:\\\/\\\/www.encontrabelohorizonte.com.br\\\/sobre\\\/#organization\"}}]}\n\t\t<\/script>\n\t\t<!-- All in One SEO -->\n\n","aioseo_head_json":{"title":"Museus de BH apresentam ampla programa\u00e7\u00e3o na S\u00e9tima Primavera dos Museus | Encontra Belo Horizonte","description":"Os espa\u00e7os museol\u00f3gicos geridos pela Funda\u00e7\u00e3o Municipal de Cultura (FMC) prepararam uma ampla grade de programa\u00e7\u00e3o para participar da 7\u00aa Primavera dos Museus, promovido pelo Instituto Brasileiro de Museus (Ibram). O evento come\u00e7a na segunda, dia 23, e vai at\u00e9 o domingo seguinte, dia 29, e tem como tema \u201cMuseus, Mem\u00f3ria e Cultura Afro-brasileira\u201d. As","canonical_url":"https:\/\/www.encontrabelohorizonte.com.br\/sobre\/museus-de-bh-apresentam-ampla-programacao-na-setima-primavera-dos-museus\/","robots":"max-image-preview:large","keywords":"","webmasterTools":{"miscellaneous":""},"schema":{"@context":"https:\/\/schema.org","@graph":[{"@type":"Article","@id":"https:\/\/www.encontrabelohorizonte.com.br\/sobre\/museus-de-bh-apresentam-ampla-programacao-na-setima-primavera-dos-museus\/#article","name":"Museus de BH apresentam ampla programa\u00e7\u00e3o na S\u00e9tima Primavera dos Museus | Encontra Belo Horizonte","headline":"Museus de BH apresentam ampla programa\u00e7\u00e3o na S\u00e9tima Primavera dos Museus","author":{"@id":"https:\/\/www.encontrabelohorizonte.com.br\/sobre\/author\/ebelohorizonte\/#author"},"publisher":{"@id":"https:\/\/www.encontrabelohorizonte.com.br\/sobre\/#organization"},"datePublished":"2013-09-23T00:34:53-03:00","dateModified":"2019-04-12T18:31:07-03:00","inLanguage":"pt-BR","mainEntityOfPage":{"@id":"https:\/\/www.encontrabelohorizonte.com.br\/sobre\/museus-de-bh-apresentam-ampla-programacao-na-setima-primavera-dos-museus\/#webpage"},"isPartOf":{"@id":"https:\/\/www.encontrabelohorizonte.com.br\/sobre\/museus-de-bh-apresentam-ampla-programacao-na-setima-primavera-dos-museus\/#webpage"},"articleSection":"Not\u00edcias Belo Horizonte"},{"@type":"BreadcrumbList","@id":"https:\/\/www.encontrabelohorizonte.com.br\/sobre\/museus-de-bh-apresentam-ampla-programacao-na-setima-primavera-dos-museus\/#breadcrumblist","itemListElement":[{"@type":"ListItem","@id":"https:\/\/www.encontrabelohorizonte.com.br\/sobre#listItem","position":1,"name":"In\u00edcio","item":"https:\/\/www.encontrabelohorizonte.com.br\/sobre","nextItem":{"@type":"ListItem","@id":"https:\/\/www.encontrabelohorizonte.com.br\/sobre\/noticias\/#listItem","name":"Not\u00edcias Belo Horizonte"}},{"@type":"ListItem","@id":"https:\/\/www.encontrabelohorizonte.com.br\/sobre\/noticias\/#listItem","position":2,"name":"Not\u00edcias Belo Horizonte","item":"https:\/\/www.encontrabelohorizonte.com.br\/sobre\/noticias\/","nextItem":{"@type":"ListItem","@id":"https:\/\/www.encontrabelohorizonte.com.br\/sobre\/museus-de-bh-apresentam-ampla-programacao-na-setima-primavera-dos-museus\/#listItem","name":"Museus de BH apresentam ampla programa\u00e7\u00e3o na S\u00e9tima Primavera dos Museus"},"previousItem":{"@type":"ListItem","@id":"https:\/\/www.encontrabelohorizonte.com.br\/sobre#listItem","name":"In\u00edcio"}},{"@type":"ListItem","@id":"https:\/\/www.encontrabelohorizonte.com.br\/sobre\/museus-de-bh-apresentam-ampla-programacao-na-setima-primavera-dos-museus\/#listItem","position":3,"name":"Museus de BH apresentam ampla programa\u00e7\u00e3o na S\u00e9tima Primavera dos Museus","previousItem":{"@type":"ListItem","@id":"https:\/\/www.encontrabelohorizonte.com.br\/sobre\/noticias\/#listItem","name":"Not\u00edcias Belo Horizonte"}}]},{"@type":"Organization","@id":"https:\/\/www.encontrabelohorizonte.com.br\/sobre\/#organization","name":"Encontra Belo Horizonte","description":"Not\u00edcias, eventos, informa\u00e7\u00f5es e dicas da cidade de Belo Horizonte e regi\u00e3o","url":"https:\/\/www.encontrabelohorizonte.com.br\/sobre\/"},{"@type":"Person","@id":"https:\/\/www.encontrabelohorizonte.com.br\/sobre\/author\/ebelohorizonte\/#author","url":"https:\/\/www.encontrabelohorizonte.com.br\/sobre\/author\/ebelohorizonte\/","name":"Encontra Belo Horizonte","image":{"@type":"ImageObject","@id":"https:\/\/www.encontrabelohorizonte.com.br\/sobre\/museus-de-bh-apresentam-ampla-programacao-na-setima-primavera-dos-museus\/#authorImage","url":"https:\/\/secure.gravatar.com\/avatar\/507340682b8270222e1f208e23198b6ae7e2c6a1033ae84e99bc6bce4f82a387?s=96&d=mm&r=g","width":96,"height":96,"caption":"Encontra Belo Horizonte"}},{"@type":"WebPage","@id":"https:\/\/www.encontrabelohorizonte.com.br\/sobre\/museus-de-bh-apresentam-ampla-programacao-na-setima-primavera-dos-museus\/#webpage","url":"https:\/\/www.encontrabelohorizonte.com.br\/sobre\/museus-de-bh-apresentam-ampla-programacao-na-setima-primavera-dos-museus\/","name":"Museus de BH apresentam ampla programa\u00e7\u00e3o na S\u00e9tima Primavera dos Museus | Encontra Belo Horizonte","description":"Os espa\u00e7os museol\u00f3gicos geridos pela Funda\u00e7\u00e3o Municipal de Cultura (FMC) prepararam uma ampla grade de programa\u00e7\u00e3o para participar da 7\u00aa Primavera dos Museus, promovido pelo Instituto Brasileiro de Museus (Ibram). O evento come\u00e7a na segunda, dia 23, e vai at\u00e9 o domingo seguinte, dia 29, e tem como tema \u201cMuseus, Mem\u00f3ria e Cultura Afro-brasileira\u201d. As","inLanguage":"pt-BR","isPartOf":{"@id":"https:\/\/www.encontrabelohorizonte.com.br\/sobre\/#website"},"breadcrumb":{"@id":"https:\/\/www.encontrabelohorizonte.com.br\/sobre\/museus-de-bh-apresentam-ampla-programacao-na-setima-primavera-dos-museus\/#breadcrumblist"},"author":{"@id":"https:\/\/www.encontrabelohorizonte.com.br\/sobre\/author\/ebelohorizonte\/#author"},"creator":{"@id":"https:\/\/www.encontrabelohorizonte.com.br\/sobre\/author\/ebelohorizonte\/#author"},"datePublished":"2013-09-23T00:34:53-03:00","dateModified":"2019-04-12T18:31:07-03:00"},{"@type":"WebSite","@id":"https:\/\/www.encontrabelohorizonte.com.br\/sobre\/#website","url":"https:\/\/www.encontrabelohorizonte.com.br\/sobre\/","name":"Encontra Belo Horizonte","description":"Not\u00edcias, eventos, informa\u00e7\u00f5es e dicas da cidade de Belo Horizonte e regi\u00e3o","inLanguage":"pt-BR","publisher":{"@id":"https:\/\/www.encontrabelohorizonte.com.br\/sobre\/#organization"}}]},"og:locale":"pt_BR","og:site_name":"Encontra Belo Horizonte | Not\u00edcias, eventos, informa\u00e7\u00f5es e dicas da cidade de Belo Horizonte e regi\u00e3o","og:type":"article","og:title":"Museus de BH apresentam ampla programa\u00e7\u00e3o na S\u00e9tima Primavera dos Museus | Encontra Belo Horizonte","og:description":"Os espa\u00e7os museol\u00f3gicos geridos pela Funda\u00e7\u00e3o Municipal de Cultura (FMC) prepararam uma ampla grade de programa\u00e7\u00e3o para participar da 7\u00aa Primavera dos Museus, promovido pelo Instituto Brasileiro de Museus (Ibram). O evento come\u00e7a na segunda, dia 23, e vai at\u00e9 o domingo seguinte, dia 29, e tem como tema \u201cMuseus, Mem\u00f3ria e Cultura Afro-brasileira\u201d. As","og:url":"https:\/\/www.encontrabelohorizonte.com.br\/sobre\/museus-de-bh-apresentam-ampla-programacao-na-setima-primavera-dos-museus\/","article:published_time":"2013-09-23T00:34:53+00:00","article:modified_time":"2019-04-12T18:31:07+00:00","twitter:card":"summary","twitter:title":"Museus de BH apresentam ampla programa\u00e7\u00e3o na S\u00e9tima Primavera dos Museus | Encontra Belo Horizonte","twitter:description":"Os espa\u00e7os museol\u00f3gicos geridos pela Funda\u00e7\u00e3o Municipal de Cultura (FMC) prepararam uma ampla grade de programa\u00e7\u00e3o para participar da 7\u00aa Primavera dos Museus, promovido pelo Instituto Brasileiro de Museus (Ibram). O evento come\u00e7a na segunda, dia 23, e vai at\u00e9 o domingo seguinte, dia 29, e tem como tema \u201cMuseus, Mem\u00f3ria e Cultura Afro-brasileira\u201d. As"},"aioseo_meta_data":{"post_id":"2128","title":null,"description":null,"keywords":null,"keyphrases":null,"primary_term":null,"canonical_url":null,"og_title":null,"og_description":null,"og_object_type":"default","og_image_type":"default","og_image_url":null,"og_image_width":null,"og_image_height":null,"og_image_custom_url":null,"og_image_custom_fields":null,"og_video":null,"og_custom_url":null,"og_article_section":null,"og_article_tags":null,"twitter_use_og":false,"twitter_card":"default","twitter_image_type":"default","twitter_image_url":null,"twitter_image_custom_url":null,"twitter_image_custom_fields":null,"twitter_title":null,"twitter_description":null,"schema":{"blockGraphs":[],"customGraphs":[],"default":{"data":{"Article":[],"Course":[],"Dataset":[],"FAQPage":[],"Movie":[],"Person":[],"Product":[],"ProductReview":[],"Car":[],"Recipe":[],"Service":[],"SoftwareApplication":[],"WebPage":[]},"graphName":"Article","isEnabled":true},"graphs":[]},"schema_type":null,"schema_type_options":null,"pillar_content":false,"robots_default":true,"robots_noindex":false,"robots_noarchive":false,"robots_nosnippet":false,"robots_nofollow":false,"robots_noimageindex":false,"robots_noodp":false,"robots_notranslate":false,"robots_max_snippet":null,"robots_max_videopreview":null,"robots_max_imagepreview":"large","priority":null,"frequency":null,"local_seo":null,"breadcrumb_settings":null,"limit_modified_date":false,"ai":null,"created":"2021-09-07 22:19:00","updated":"2025-09-27 12:20:25","focus_keyword":null,"additional_keywords":null,"truseo_locale":null,"seo_analyzer_scan_date":null},"aioseo_breadcrumb":"<div class=\"aioseo-breadcrumbs\"><span class=\"aioseo-breadcrumb\">\n\t\t\t<a href=\"https:\/\/www.encontrabelohorizonte.com.br\/sobre\" title=\"In\u00edcio\">In\u00edcio<\/a>\n\t\t<\/span><span class=\"aioseo-breadcrumb-separator\">&raquo;<\/span><span class=\"aioseo-breadcrumb\">\n\t\t\t<a href=\"https:\/\/www.encontrabelohorizonte.com.br\/sobre\/noticias\/\" title=\"Not\u00edcias Belo Horizonte\">Not\u00edcias Belo Horizonte<\/a>\n\t\t<\/span><span class=\"aioseo-breadcrumb-separator\">&raquo;<\/span><span class=\"aioseo-breadcrumb\">\n\t\t\tMuseus de BH apresentam ampla programa\u00e7\u00e3o na S\u00e9tima Primavera dos Museus\n\t\t<\/span><\/div>","aioseo_breadcrumb_json":[{"label":"In\u00edcio","link":"https:\/\/www.encontrabelohorizonte.com.br\/sobre"},{"label":"Not\u00edcias Belo Horizonte","link":"https:\/\/www.encontrabelohorizonte.com.br\/sobre\/noticias\/"},{"label":"Museus de BH apresentam ampla programa\u00e7\u00e3o na S\u00e9tima Primavera dos Museus","link":"https:\/\/www.encontrabelohorizonte.com.br\/sobre\/museus-de-bh-apresentam-ampla-programacao-na-setima-primavera-dos-museus\/"}],"_links":{"self":[{"href":"https:\/\/www.encontrabelohorizonte.com.br\/sobre\/wp-json\/wp\/v2\/posts\/2128","targetHints":{"allow":["GET"]}}],"collection":[{"href":"https:\/\/www.encontrabelohorizonte.com.br\/sobre\/wp-json\/wp\/v2\/posts"}],"about":[{"href":"https:\/\/www.encontrabelohorizonte.com.br\/sobre\/wp-json\/wp\/v2\/types\/post"}],"author":[{"embeddable":true,"href":"https:\/\/www.encontrabelohorizonte.com.br\/sobre\/wp-json\/wp\/v2\/users\/1"}],"replies":[{"embeddable":true,"href":"https:\/\/www.encontrabelohorizonte.com.br\/sobre\/wp-json\/wp\/v2\/comments?post=2128"}],"version-history":[{"count":0,"href":"https:\/\/www.encontrabelohorizonte.com.br\/sobre\/wp-json\/wp\/v2\/posts\/2128\/revisions"}],"wp:attachment":[{"href":"https:\/\/www.encontrabelohorizonte.com.br\/sobre\/wp-json\/wp\/v2\/media?parent=2128"}],"wp:term":[{"taxonomy":"category","embeddable":true,"href":"https:\/\/www.encontrabelohorizonte.com.br\/sobre\/wp-json\/wp\/v2\/categories?post=2128"},{"taxonomy":"post_tag","embeddable":true,"href":"https:\/\/www.encontrabelohorizonte.com.br\/sobre\/wp-json\/wp\/v2\/tags?post=2128"}],"curies":[{"name":"wp","href":"https:\/\/api.w.org\/{rel}","templated":true}]}}