{"id":2142,"date":"2013-11-15T00:56:47","date_gmt":"2013-11-15T00:56:47","guid":{"rendered":"http:\/\/www.encontrabelohorizonte.com.br\/noticias\/?p=2142"},"modified":"2019-04-12T18:31:07","modified_gmt":"2019-04-12T18:31:07","slug":"confira-a-programacao-dos-centros-culturais-de-belo-horizonte-no-mes-da-consciencia-negra","status":"publish","type":"post","link":"https:\/\/www.encontrabelohorizonte.com.br\/sobre\/confira-a-programacao-dos-centros-culturais-de-belo-horizonte-no-mes-da-consciencia-negra\/","title":{"rendered":"Confira a programa\u00e7\u00e3o dos Centros Culturais de Belo Horizonte no M\u00eas da Consci\u00eancia Negra"},"content":{"rendered":"<div class=\"2e083cf0b19e2c11948dc6ac054ba979\" data-index=\"1\" style=\"float: none; margin:0px;\">\n<!-- Anuncio display - global -->\r\n<ins class=\"adsbygoogle\"\r\n     style=\"display:block\"\r\n     data-ad-client=\"ca-pub-8585364105181520\"\r\n     data-ad-slot=\"8789329856\"\r\n     data-ad-format=\"auto\"\r\n     data-full-width-responsive=\"true\"><\/ins>\r\n<script>\r\n     (adsbygoogle = window.adsbygoogle || []).push({});\r\n<\/script>\n<\/div>\n<p>Exposi\u00e7\u00f5es, shows musicais, exibi\u00e7\u00e3o de filmes e espet\u00e1culos teatrais. Neste m\u00eas, os centros culturais da Funda\u00e7\u00e3o Municipal de Cultura prepararam uma programa\u00e7\u00e3o especial para celebrar o M\u00eas da Consci\u00eancia Negra, com todas as atividades gratuitas. A programa\u00e7\u00e3o completa est\u00e1 dispon\u00edvel no site bhfazcultura.pbh.gov.br.<\/p>\n<p>Entre as exposi\u00e7\u00f5es, destaque para a mostra \u201cMwana-Mwana: P\u00e9rolas do \u00cdndico\u201d, do jornalista mo\u00e7ambicano Albino Mois\u00e9s. Em cartaz no Centro Cultural Lindeia Regina (rua Aristolino Bas\u00edlio de Oliveira, 445, bairro Regina) at\u00e9 o fim do m\u00eas, a exposi\u00e7\u00e3o apresenta o olhar fotogr\u00e1fico de Albino Mois\u00e9s sobre as crian\u00e7as.<\/p>\n<p>No Centro Cultural Padre Eust\u00e1quio (rua Jacutinga, 821, Padre Eust\u00e1quio), acontece entre os dias 19 e 30 a \u201cExpoesia: Poesias de Poetas Negros Brasileiros\u201d, uma mostra de poesias realizada em parceria com o Grupo Gestor de Promo\u00e7\u00e3o da Igualdade Racial Noroeste. Vale destacar tamb\u00e9m a mostra \u201cG\u00eanesis\u201d, no Centro Cultural Salgado Filho (rua Nova Ponte, 22, bairro Salgado Filho), com o trabalho do artista pl\u00e1stico Marcial \u00c1vila sobre a cultura negra e sua est\u00e9tica.<\/p>\n<p>J\u00e1 o Centro Cultural S\u00e3o Bernardo (rua Edna Quintel, 320, bairro S\u00e3o Bernardo) apresenta no dia 23 o especial \u201cPeRiF\u00e9RiCO Samba\u201d, com a apresenta\u00e7\u00e3o dos grupos Capim Seco, Geraiz\u00earo do Arrai\u00e1, Mestre Conga, Ieda Carvalho e DO projeto A Mulher e a M\u00fasica do S\u00e9culo 20.<\/p>\n<p>No mesmo dia ser\u00e3o exibidos filmes com temas relacionados ao samba. No fim do m\u00eas, dia 30, o Centro Cultural Lindeia Regina recebe o espet\u00e1culo \u201cConglomano\u201d, com a dupla Dokttor Bhu e Shab\u00ea. Eles apresentam poesia e m\u00fasica com conte\u00fado que vai desde o descaso p\u00fablico at\u00e9 o amor ao pr\u00f3ximo.<\/p>\n<p>Quem gosta de teatro pode conferir o espet\u00e1culo \u201cCirco Negro conta Benjamim de Oliveira\u201d. A pe\u00e7a utiliza as linguagens do circo, da dan\u00e7a e do teatro para apresentar a valoriza\u00e7\u00e3o da diversidade de ra\u00e7as por meio do compromisso com as quest\u00f5es que circulam na sociedade brasileira, como a promo\u00e7\u00e3o e a afirma\u00e7\u00e3o da cultura afro-brasileira. O espet\u00e1culo ser\u00e1 apresentado no Centro Cultural Vila Mar\u00e7ola (rua Mangabeira da Serra, 320, bairro Serra), no dia 13, \u00e0s 19h30, e no Centro Cultural Lindeia Regina, no dia 27, \u00e0s 19h30).<\/p>\n\n<div style=\"font-size: 0px; height: 0px; line-height: 0px; margin: 0; padding: 0; clear: both;\"><\/div>","protected":false},"excerpt":{"rendered":"<p>Exposi\u00e7\u00f5es, shows musicais, exibi\u00e7\u00e3o de filmes e espet\u00e1culos teatrais. Neste m\u00eas, os centros culturais da Funda\u00e7\u00e3o Municipal de Cultura prepararam uma programa\u00e7\u00e3o especial para celebrar o M\u00eas da Consci\u00eancia Negra, com todas as atividades gratuitas. A programa\u00e7\u00e3o completa est\u00e1 dispon\u00edvel no site bhfazcultura.pbh.gov.br. Entre as exposi\u00e7\u00f5es, destaque para a mostra \u201cMwana-Mwana: P\u00e9rolas do \u00cdndico\u201d, do jornalista mo\u00e7ambicano Albino Mois\u00e9s. Em cartaz no Centro Cultural Lindeia Regina (rua Aristolino Bas\u00edlio de Oliveira, 445, bairro Regina) at\u00e9 o fim do m\u00eas, a exposi\u00e7\u00e3o apresenta o olhar fotogr\u00e1fico de Albino Mois\u00e9s sobre as crian\u00e7as. No Centro Cultural Padre Eust\u00e1quio (rua Jacutinga, 821, Padre <\/p>\n","protected":false},"author":1,"featured_media":0,"comment_status":"open","ping_status":"closed","sticky":false,"template":"","format":"standard","meta":{"footnotes":""},"categories":[6],"tags":[],"class_list":["post-2142","post","type-post","status-publish","format-standard","hentry","category-noticias"],"aioseo_notices":[],"aioseo_head":"\n\t\t<!-- All in One SEO 5.0.0.1 - aioseo.com -->\n\t<meta name=\"description\" content=\"Exposi\u00e7\u00f5es, shows musicais, exibi\u00e7\u00e3o de filmes e espet\u00e1culos teatrais. Neste m\u00eas, os centros culturais da Funda\u00e7\u00e3o Municipal de Cultura prepararam uma programa\u00e7\u00e3o especial para celebrar o M\u00eas da Consci\u00eancia Negra, com todas as atividades gratuitas. A programa\u00e7\u00e3o completa est\u00e1 dispon\u00edvel no site bhfazcultura.pbh.gov.br. Entre as exposi\u00e7\u00f5es, destaque para a mostra \u201cMwana-Mwana: P\u00e9rolas do \u00cdndico\u201d, do\" \/>\n\t<meta name=\"robots\" content=\"max-image-preview:large\" \/>\n\t<meta name=\"author\" content=\"Encontra Belo Horizonte\"\/>\n\t<link rel=\"canonical\" href=\"https:\/\/www.encontrabelohorizonte.com.br\/sobre\/confira-a-programacao-dos-centros-culturais-de-belo-horizonte-no-mes-da-consciencia-negra\/\" \/>\n\t<meta name=\"generator\" content=\"All in One SEO (AIOSEO) 5.0.0.1\" \/>\n\t\t<meta property=\"og:locale\" content=\"pt_BR\" \/>\n\t\t<meta property=\"og:site_name\" content=\"Encontra Belo Horizonte | Not\u00edcias, eventos, informa\u00e7\u00f5es e dicas da cidade de Belo Horizonte e regi\u00e3o\" \/>\n\t\t<meta property=\"og:type\" content=\"article\" \/>\n\t\t<meta property=\"og:title\" content=\"Confira a programa\u00e7\u00e3o dos Centros Culturais de Belo Horizonte no M\u00eas da Consci\u00eancia Negra | Encontra Belo Horizonte\" \/>\n\t\t<meta property=\"og:description\" content=\"Exposi\u00e7\u00f5es, shows musicais, exibi\u00e7\u00e3o de filmes e espet\u00e1culos teatrais. Neste m\u00eas, os centros culturais da Funda\u00e7\u00e3o Municipal de Cultura prepararam uma programa\u00e7\u00e3o especial para celebrar o M\u00eas da Consci\u00eancia Negra, com todas as atividades gratuitas. A programa\u00e7\u00e3o completa est\u00e1 dispon\u00edvel no site bhfazcultura.pbh.gov.br. Entre as exposi\u00e7\u00f5es, destaque para a mostra \u201cMwana-Mwana: P\u00e9rolas do \u00cdndico\u201d, do\" \/>\n\t\t<meta property=\"og:url\" content=\"https:\/\/www.encontrabelohorizonte.com.br\/sobre\/confira-a-programacao-dos-centros-culturais-de-belo-horizonte-no-mes-da-consciencia-negra\/\" \/>\n\t\t<meta property=\"article:published_time\" content=\"2013-11-15T00:56:47+00:00\" \/>\n\t\t<meta property=\"article:modified_time\" content=\"2019-04-12T18:31:07+00:00\" \/>\n\t\t<meta name=\"twitter:card\" content=\"summary\" \/>\n\t\t<meta name=\"twitter:title\" content=\"Confira a programa\u00e7\u00e3o dos Centros Culturais de Belo Horizonte no M\u00eas da Consci\u00eancia Negra | Encontra Belo Horizonte\" \/>\n\t\t<meta name=\"twitter:description\" content=\"Exposi\u00e7\u00f5es, shows musicais, exibi\u00e7\u00e3o de filmes e espet\u00e1culos teatrais. Neste m\u00eas, os centros culturais da Funda\u00e7\u00e3o Municipal de Cultura prepararam uma programa\u00e7\u00e3o especial para celebrar o M\u00eas da Consci\u00eancia Negra, com todas as atividades gratuitas. A programa\u00e7\u00e3o completa est\u00e1 dispon\u00edvel no site bhfazcultura.pbh.gov.br. Entre as exposi\u00e7\u00f5es, destaque para a mostra \u201cMwana-Mwana: P\u00e9rolas do \u00cdndico\u201d, do\" \/>\n\t\t<script type=\"application\/ld+json\" class=\"aioseo-schema\">\n\t\t\t{\"@context\":\"https:\\\/\\\/schema.org\",\"@graph\":[{\"@type\":\"Article\",\"@id\":\"https:\\\/\\\/www.encontrabelohorizonte.com.br\\\/sobre\\\/confira-a-programacao-dos-centros-culturais-de-belo-horizonte-no-mes-da-consciencia-negra\\\/#article\",\"name\":\"Confira a programa\\u00e7\\u00e3o dos Centros Culturais de Belo Horizonte no M\\u00eas da Consci\\u00eancia Negra | Encontra Belo Horizonte\",\"headline\":\"Confira a programa\\u00e7\\u00e3o dos Centros Culturais de Belo Horizonte no M\\u00eas da Consci\\u00eancia Negra\",\"author\":{\"@id\":\"https:\\\/\\\/www.encontrabelohorizonte.com.br\\\/sobre\\\/author\\\/ebelohorizonte\\\/#author\"},\"publisher\":{\"@id\":\"https:\\\/\\\/www.encontrabelohorizonte.com.br\\\/sobre\\\/#organization\"},\"datePublished\":\"2013-11-15T00:56:47-02:00\",\"dateModified\":\"2019-04-12T18:31:07-03:00\",\"inLanguage\":\"pt-BR\",\"mainEntityOfPage\":{\"@id\":\"https:\\\/\\\/www.encontrabelohorizonte.com.br\\\/sobre\\\/confira-a-programacao-dos-centros-culturais-de-belo-horizonte-no-mes-da-consciencia-negra\\\/#webpage\"},\"isPartOf\":{\"@id\":\"https:\\\/\\\/www.encontrabelohorizonte.com.br\\\/sobre\\\/confira-a-programacao-dos-centros-culturais-de-belo-horizonte-no-mes-da-consciencia-negra\\\/#webpage\"},\"articleSection\":\"Not\\u00edcias Belo Horizonte\"},{\"@type\":\"BreadcrumbList\",\"@id\":\"https:\\\/\\\/www.encontrabelohorizonte.com.br\\\/sobre\\\/confira-a-programacao-dos-centros-culturais-de-belo-horizonte-no-mes-da-consciencia-negra\\\/#breadcrumblist\",\"itemListElement\":[{\"@type\":\"ListItem\",\"@id\":\"https:\\\/\\\/www.encontrabelohorizonte.com.br\\\/sobre#listItem\",\"position\":1,\"name\":\"In\\u00edcio\",\"item\":\"https:\\\/\\\/www.encontrabelohorizonte.com.br\\\/sobre\",\"nextItem\":{\"@type\":\"ListItem\",\"@id\":\"https:\\\/\\\/www.encontrabelohorizonte.com.br\\\/sobre\\\/noticias\\\/#listItem\",\"name\":\"Not\\u00edcias Belo Horizonte\"}},{\"@type\":\"ListItem\",\"@id\":\"https:\\\/\\\/www.encontrabelohorizonte.com.br\\\/sobre\\\/noticias\\\/#listItem\",\"position\":2,\"name\":\"Not\\u00edcias Belo Horizonte\",\"item\":\"https:\\\/\\\/www.encontrabelohorizonte.com.br\\\/sobre\\\/noticias\\\/\",\"nextItem\":{\"@type\":\"ListItem\",\"@id\":\"https:\\\/\\\/www.encontrabelohorizonte.com.br\\\/sobre\\\/confira-a-programacao-dos-centros-culturais-de-belo-horizonte-no-mes-da-consciencia-negra\\\/#listItem\",\"name\":\"Confira a programa\\u00e7\\u00e3o dos Centros Culturais de Belo Horizonte no M\\u00eas da Consci\\u00eancia Negra\"},\"previousItem\":{\"@type\":\"ListItem\",\"@id\":\"https:\\\/\\\/www.encontrabelohorizonte.com.br\\\/sobre#listItem\",\"name\":\"In\\u00edcio\"}},{\"@type\":\"ListItem\",\"@id\":\"https:\\\/\\\/www.encontrabelohorizonte.com.br\\\/sobre\\\/confira-a-programacao-dos-centros-culturais-de-belo-horizonte-no-mes-da-consciencia-negra\\\/#listItem\",\"position\":3,\"name\":\"Confira a programa\\u00e7\\u00e3o dos Centros Culturais de Belo Horizonte no M\\u00eas da Consci\\u00eancia Negra\",\"previousItem\":{\"@type\":\"ListItem\",\"@id\":\"https:\\\/\\\/www.encontrabelohorizonte.com.br\\\/sobre\\\/noticias\\\/#listItem\",\"name\":\"Not\\u00edcias Belo Horizonte\"}}]},{\"@type\":\"Organization\",\"@id\":\"https:\\\/\\\/www.encontrabelohorizonte.com.br\\\/sobre\\\/#organization\",\"name\":\"Encontra Belo Horizonte\",\"description\":\"Not\\u00edcias, eventos, informa\\u00e7\\u00f5es e dicas da cidade de Belo Horizonte e regi\\u00e3o\",\"url\":\"https:\\\/\\\/www.encontrabelohorizonte.com.br\\\/sobre\\\/\"},{\"@type\":\"Person\",\"@id\":\"https:\\\/\\\/www.encontrabelohorizonte.com.br\\\/sobre\\\/author\\\/ebelohorizonte\\\/#author\",\"url\":\"https:\\\/\\\/www.encontrabelohorizonte.com.br\\\/sobre\\\/author\\\/ebelohorizonte\\\/\",\"name\":\"Encontra Belo Horizonte\",\"image\":{\"@type\":\"ImageObject\",\"@id\":\"https:\\\/\\\/www.encontrabelohorizonte.com.br\\\/sobre\\\/confira-a-programacao-dos-centros-culturais-de-belo-horizonte-no-mes-da-consciencia-negra\\\/#authorImage\",\"url\":\"https:\\\/\\\/secure.gravatar.com\\\/avatar\\\/507340682b8270222e1f208e23198b6ae7e2c6a1033ae84e99bc6bce4f82a387?s=96&d=mm&r=g\",\"width\":96,\"height\":96,\"caption\":\"Encontra Belo Horizonte\"}},{\"@type\":\"WebPage\",\"@id\":\"https:\\\/\\\/www.encontrabelohorizonte.com.br\\\/sobre\\\/confira-a-programacao-dos-centros-culturais-de-belo-horizonte-no-mes-da-consciencia-negra\\\/#webpage\",\"url\":\"https:\\\/\\\/www.encontrabelohorizonte.com.br\\\/sobre\\\/confira-a-programacao-dos-centros-culturais-de-belo-horizonte-no-mes-da-consciencia-negra\\\/\",\"name\":\"Confira a programa\\u00e7\\u00e3o dos Centros Culturais de Belo Horizonte no M\\u00eas da Consci\\u00eancia Negra | Encontra Belo Horizonte\",\"description\":\"Exposi\\u00e7\\u00f5es, shows musicais, exibi\\u00e7\\u00e3o de filmes e espet\\u00e1culos teatrais. Neste m\\u00eas, os centros culturais da Funda\\u00e7\\u00e3o Municipal de Cultura prepararam uma programa\\u00e7\\u00e3o especial para celebrar o M\\u00eas da Consci\\u00eancia Negra, com todas as atividades gratuitas. A programa\\u00e7\\u00e3o completa est\\u00e1 dispon\\u00edvel no site bhfazcultura.pbh.gov.br. Entre as exposi\\u00e7\\u00f5es, destaque para a mostra \\u201cMwana-Mwana: P\\u00e9rolas do \\u00cdndico\\u201d, do\",\"inLanguage\":\"pt-BR\",\"isPartOf\":{\"@id\":\"https:\\\/\\\/www.encontrabelohorizonte.com.br\\\/sobre\\\/#website\"},\"breadcrumb\":{\"@id\":\"https:\\\/\\\/www.encontrabelohorizonte.com.br\\\/sobre\\\/confira-a-programacao-dos-centros-culturais-de-belo-horizonte-no-mes-da-consciencia-negra\\\/#breadcrumblist\"},\"author\":{\"@id\":\"https:\\\/\\\/www.encontrabelohorizonte.com.br\\\/sobre\\\/author\\\/ebelohorizonte\\\/#author\"},\"creator\":{\"@id\":\"https:\\\/\\\/www.encontrabelohorizonte.com.br\\\/sobre\\\/author\\\/ebelohorizonte\\\/#author\"},\"datePublished\":\"2013-11-15T00:56:47-02:00\",\"dateModified\":\"2019-04-12T18:31:07-03:00\"},{\"@type\":\"WebSite\",\"@id\":\"https:\\\/\\\/www.encontrabelohorizonte.com.br\\\/sobre\\\/#website\",\"url\":\"https:\\\/\\\/www.encontrabelohorizonte.com.br\\\/sobre\\\/\",\"name\":\"Encontra Belo Horizonte\",\"description\":\"Not\\u00edcias, eventos, informa\\u00e7\\u00f5es e dicas da cidade de Belo Horizonte e regi\\u00e3o\",\"inLanguage\":\"pt-BR\",\"publisher\":{\"@id\":\"https:\\\/\\\/www.encontrabelohorizonte.com.br\\\/sobre\\\/#organization\"}}]}\n\t\t<\/script>\n\t\t<!-- All in One SEO -->\n\n","aioseo_head_json":{"title":"Confira a programa\u00e7\u00e3o dos Centros Culturais de Belo Horizonte no M\u00eas da Consci\u00eancia Negra | Encontra Belo Horizonte","description":"Exposi\u00e7\u00f5es, shows musicais, exibi\u00e7\u00e3o de filmes e espet\u00e1culos teatrais. Neste m\u00eas, os centros culturais da Funda\u00e7\u00e3o Municipal de Cultura prepararam uma programa\u00e7\u00e3o especial para celebrar o M\u00eas da Consci\u00eancia Negra, com todas as atividades gratuitas. A programa\u00e7\u00e3o completa est\u00e1 dispon\u00edvel no site bhfazcultura.pbh.gov.br. Entre as exposi\u00e7\u00f5es, destaque para a mostra \u201cMwana-Mwana: P\u00e9rolas do \u00cdndico\u201d, do","canonical_url":"https:\/\/www.encontrabelohorizonte.com.br\/sobre\/confira-a-programacao-dos-centros-culturais-de-belo-horizonte-no-mes-da-consciencia-negra\/","robots":"max-image-preview:large","keywords":"","webmasterTools":{"miscellaneous":""},"schema":{"@context":"https:\/\/schema.org","@graph":[{"@type":"Article","@id":"https:\/\/www.encontrabelohorizonte.com.br\/sobre\/confira-a-programacao-dos-centros-culturais-de-belo-horizonte-no-mes-da-consciencia-negra\/#article","name":"Confira a programa\u00e7\u00e3o dos Centros Culturais de Belo Horizonte no M\u00eas da Consci\u00eancia Negra | Encontra Belo Horizonte","headline":"Confira a programa\u00e7\u00e3o dos Centros Culturais de Belo Horizonte no M\u00eas da Consci\u00eancia Negra","author":{"@id":"https:\/\/www.encontrabelohorizonte.com.br\/sobre\/author\/ebelohorizonte\/#author"},"publisher":{"@id":"https:\/\/www.encontrabelohorizonte.com.br\/sobre\/#organization"},"datePublished":"2013-11-15T00:56:47-02:00","dateModified":"2019-04-12T18:31:07-03:00","inLanguage":"pt-BR","mainEntityOfPage":{"@id":"https:\/\/www.encontrabelohorizonte.com.br\/sobre\/confira-a-programacao-dos-centros-culturais-de-belo-horizonte-no-mes-da-consciencia-negra\/#webpage"},"isPartOf":{"@id":"https:\/\/www.encontrabelohorizonte.com.br\/sobre\/confira-a-programacao-dos-centros-culturais-de-belo-horizonte-no-mes-da-consciencia-negra\/#webpage"},"articleSection":"Not\u00edcias Belo Horizonte"},{"@type":"BreadcrumbList","@id":"https:\/\/www.encontrabelohorizonte.com.br\/sobre\/confira-a-programacao-dos-centros-culturais-de-belo-horizonte-no-mes-da-consciencia-negra\/#breadcrumblist","itemListElement":[{"@type":"ListItem","@id":"https:\/\/www.encontrabelohorizonte.com.br\/sobre#listItem","position":1,"name":"In\u00edcio","item":"https:\/\/www.encontrabelohorizonte.com.br\/sobre","nextItem":{"@type":"ListItem","@id":"https:\/\/www.encontrabelohorizonte.com.br\/sobre\/noticias\/#listItem","name":"Not\u00edcias Belo Horizonte"}},{"@type":"ListItem","@id":"https:\/\/www.encontrabelohorizonte.com.br\/sobre\/noticias\/#listItem","position":2,"name":"Not\u00edcias Belo Horizonte","item":"https:\/\/www.encontrabelohorizonte.com.br\/sobre\/noticias\/","nextItem":{"@type":"ListItem","@id":"https:\/\/www.encontrabelohorizonte.com.br\/sobre\/confira-a-programacao-dos-centros-culturais-de-belo-horizonte-no-mes-da-consciencia-negra\/#listItem","name":"Confira a programa\u00e7\u00e3o dos Centros Culturais de Belo Horizonte no M\u00eas da Consci\u00eancia Negra"},"previousItem":{"@type":"ListItem","@id":"https:\/\/www.encontrabelohorizonte.com.br\/sobre#listItem","name":"In\u00edcio"}},{"@type":"ListItem","@id":"https:\/\/www.encontrabelohorizonte.com.br\/sobre\/confira-a-programacao-dos-centros-culturais-de-belo-horizonte-no-mes-da-consciencia-negra\/#listItem","position":3,"name":"Confira a programa\u00e7\u00e3o dos Centros Culturais de Belo Horizonte no M\u00eas da Consci\u00eancia Negra","previousItem":{"@type":"ListItem","@id":"https:\/\/www.encontrabelohorizonte.com.br\/sobre\/noticias\/#listItem","name":"Not\u00edcias Belo Horizonte"}}]},{"@type":"Organization","@id":"https:\/\/www.encontrabelohorizonte.com.br\/sobre\/#organization","name":"Encontra Belo Horizonte","description":"Not\u00edcias, eventos, informa\u00e7\u00f5es e dicas da cidade de Belo Horizonte e regi\u00e3o","url":"https:\/\/www.encontrabelohorizonte.com.br\/sobre\/"},{"@type":"Person","@id":"https:\/\/www.encontrabelohorizonte.com.br\/sobre\/author\/ebelohorizonte\/#author","url":"https:\/\/www.encontrabelohorizonte.com.br\/sobre\/author\/ebelohorizonte\/","name":"Encontra Belo Horizonte","image":{"@type":"ImageObject","@id":"https:\/\/www.encontrabelohorizonte.com.br\/sobre\/confira-a-programacao-dos-centros-culturais-de-belo-horizonte-no-mes-da-consciencia-negra\/#authorImage","url":"https:\/\/secure.gravatar.com\/avatar\/507340682b8270222e1f208e23198b6ae7e2c6a1033ae84e99bc6bce4f82a387?s=96&d=mm&r=g","width":96,"height":96,"caption":"Encontra Belo Horizonte"}},{"@type":"WebPage","@id":"https:\/\/www.encontrabelohorizonte.com.br\/sobre\/confira-a-programacao-dos-centros-culturais-de-belo-horizonte-no-mes-da-consciencia-negra\/#webpage","url":"https:\/\/www.encontrabelohorizonte.com.br\/sobre\/confira-a-programacao-dos-centros-culturais-de-belo-horizonte-no-mes-da-consciencia-negra\/","name":"Confira a programa\u00e7\u00e3o dos Centros Culturais de Belo Horizonte no M\u00eas da Consci\u00eancia Negra | Encontra Belo Horizonte","description":"Exposi\u00e7\u00f5es, shows musicais, exibi\u00e7\u00e3o de filmes e espet\u00e1culos teatrais. Neste m\u00eas, os centros culturais da Funda\u00e7\u00e3o Municipal de Cultura prepararam uma programa\u00e7\u00e3o especial para celebrar o M\u00eas da Consci\u00eancia Negra, com todas as atividades gratuitas. A programa\u00e7\u00e3o completa est\u00e1 dispon\u00edvel no site bhfazcultura.pbh.gov.br. Entre as exposi\u00e7\u00f5es, destaque para a mostra \u201cMwana-Mwana: P\u00e9rolas do \u00cdndico\u201d, do","inLanguage":"pt-BR","isPartOf":{"@id":"https:\/\/www.encontrabelohorizonte.com.br\/sobre\/#website"},"breadcrumb":{"@id":"https:\/\/www.encontrabelohorizonte.com.br\/sobre\/confira-a-programacao-dos-centros-culturais-de-belo-horizonte-no-mes-da-consciencia-negra\/#breadcrumblist"},"author":{"@id":"https:\/\/www.encontrabelohorizonte.com.br\/sobre\/author\/ebelohorizonte\/#author"},"creator":{"@id":"https:\/\/www.encontrabelohorizonte.com.br\/sobre\/author\/ebelohorizonte\/#author"},"datePublished":"2013-11-15T00:56:47-02:00","dateModified":"2019-04-12T18:31:07-03:00"},{"@type":"WebSite","@id":"https:\/\/www.encontrabelohorizonte.com.br\/sobre\/#website","url":"https:\/\/www.encontrabelohorizonte.com.br\/sobre\/","name":"Encontra Belo Horizonte","description":"Not\u00edcias, eventos, informa\u00e7\u00f5es e dicas da cidade de Belo Horizonte e regi\u00e3o","inLanguage":"pt-BR","publisher":{"@id":"https:\/\/www.encontrabelohorizonte.com.br\/sobre\/#organization"}}]},"og:locale":"pt_BR","og:site_name":"Encontra Belo Horizonte | Not\u00edcias, eventos, informa\u00e7\u00f5es e dicas da cidade de Belo Horizonte e regi\u00e3o","og:type":"article","og:title":"Confira a programa\u00e7\u00e3o dos Centros Culturais de Belo Horizonte no M\u00eas da Consci\u00eancia Negra | Encontra Belo Horizonte","og:description":"Exposi\u00e7\u00f5es, shows musicais, exibi\u00e7\u00e3o de filmes e espet\u00e1culos teatrais. Neste m\u00eas, os centros culturais da Funda\u00e7\u00e3o Municipal de Cultura prepararam uma programa\u00e7\u00e3o especial para celebrar o M\u00eas da Consci\u00eancia Negra, com todas as atividades gratuitas. A programa\u00e7\u00e3o completa est\u00e1 dispon\u00edvel no site bhfazcultura.pbh.gov.br. Entre as exposi\u00e7\u00f5es, destaque para a mostra \u201cMwana-Mwana: P\u00e9rolas do \u00cdndico\u201d, do","og:url":"https:\/\/www.encontrabelohorizonte.com.br\/sobre\/confira-a-programacao-dos-centros-culturais-de-belo-horizonte-no-mes-da-consciencia-negra\/","article:published_time":"2013-11-15T00:56:47+00:00","article:modified_time":"2019-04-12T18:31:07+00:00","twitter:card":"summary","twitter:title":"Confira a programa\u00e7\u00e3o dos Centros Culturais de Belo Horizonte no M\u00eas da Consci\u00eancia Negra | Encontra Belo Horizonte","twitter:description":"Exposi\u00e7\u00f5es, shows musicais, exibi\u00e7\u00e3o de filmes e espet\u00e1culos teatrais. Neste m\u00eas, os centros culturais da Funda\u00e7\u00e3o Municipal de Cultura prepararam uma programa\u00e7\u00e3o especial para celebrar o M\u00eas da Consci\u00eancia Negra, com todas as atividades gratuitas. A programa\u00e7\u00e3o completa est\u00e1 dispon\u00edvel no site bhfazcultura.pbh.gov.br. Entre as exposi\u00e7\u00f5es, destaque para a mostra \u201cMwana-Mwana: P\u00e9rolas do \u00cdndico\u201d, do"},"aioseo_meta_data":{"post_id":"2142","title":null,"description":null,"keywords":null,"keyphrases":null,"primary_term":null,"canonical_url":null,"og_title":null,"og_description":null,"og_object_type":"default","og_image_type":"default","og_image_url":null,"og_image_width":null,"og_image_height":null,"og_image_custom_url":null,"og_image_custom_fields":null,"og_video":null,"og_custom_url":null,"og_article_section":null,"og_article_tags":null,"twitter_use_og":false,"twitter_card":"default","twitter_image_type":"default","twitter_image_url":null,"twitter_image_custom_url":null,"twitter_image_custom_fields":null,"twitter_title":null,"twitter_description":null,"schema":{"blockGraphs":[],"customGraphs":[],"default":{"data":{"Article":[],"Course":[],"Dataset":[],"FAQPage":[],"Movie":[],"Person":[],"Product":[],"ProductReview":[],"Car":[],"Recipe":[],"Service":[],"SoftwareApplication":[],"WebPage":[]},"graphName":"Article","isEnabled":true},"graphs":[]},"schema_type":null,"schema_type_options":null,"pillar_content":false,"robots_default":true,"robots_noindex":false,"robots_noarchive":false,"robots_nosnippet":false,"robots_nofollow":false,"robots_noimageindex":false,"robots_noodp":false,"robots_notranslate":false,"robots_max_snippet":null,"robots_max_videopreview":null,"robots_max_imagepreview":"large","priority":null,"frequency":null,"local_seo":null,"breadcrumb_settings":null,"limit_modified_date":false,"ai":null,"created":"2022-01-06 20:21:03","updated":"2025-09-27 12:31:04","focus_keyword":null,"additional_keywords":null,"truseo_locale":null,"seo_analyzer_scan_date":null},"aioseo_breadcrumb":"<div class=\"aioseo-breadcrumbs\"><span class=\"aioseo-breadcrumb\">\n\t\t\t<a href=\"https:\/\/www.encontrabelohorizonte.com.br\/sobre\" title=\"In\u00edcio\">In\u00edcio<\/a>\n\t\t<\/span><span class=\"aioseo-breadcrumb-separator\">&raquo;<\/span><span class=\"aioseo-breadcrumb\">\n\t\t\t<a href=\"https:\/\/www.encontrabelohorizonte.com.br\/sobre\/noticias\/\" title=\"Not\u00edcias Belo Horizonte\">Not\u00edcias Belo Horizonte<\/a>\n\t\t<\/span><span class=\"aioseo-breadcrumb-separator\">&raquo;<\/span><span class=\"aioseo-breadcrumb\">\n\t\t\tConfira a programa\u00e7\u00e3o dos Centros Culturais de Belo Horizonte no M\u00eas da Consci\u00eancia Negra\n\t\t<\/span><\/div>","aioseo_breadcrumb_json":[{"label":"In\u00edcio","link":"https:\/\/www.encontrabelohorizonte.com.br\/sobre"},{"label":"Not\u00edcias Belo Horizonte","link":"https:\/\/www.encontrabelohorizonte.com.br\/sobre\/noticias\/"},{"label":"Confira a programa\u00e7\u00e3o dos Centros Culturais de Belo Horizonte no M\u00eas da Consci\u00eancia Negra","link":"https:\/\/www.encontrabelohorizonte.com.br\/sobre\/confira-a-programacao-dos-centros-culturais-de-belo-horizonte-no-mes-da-consciencia-negra\/"}],"_links":{"self":[{"href":"https:\/\/www.encontrabelohorizonte.com.br\/sobre\/wp-json\/wp\/v2\/posts\/2142","targetHints":{"allow":["GET"]}}],"collection":[{"href":"https:\/\/www.encontrabelohorizonte.com.br\/sobre\/wp-json\/wp\/v2\/posts"}],"about":[{"href":"https:\/\/www.encontrabelohorizonte.com.br\/sobre\/wp-json\/wp\/v2\/types\/post"}],"author":[{"embeddable":true,"href":"https:\/\/www.encontrabelohorizonte.com.br\/sobre\/wp-json\/wp\/v2\/users\/1"}],"replies":[{"embeddable":true,"href":"https:\/\/www.encontrabelohorizonte.com.br\/sobre\/wp-json\/wp\/v2\/comments?post=2142"}],"version-history":[{"count":0,"href":"https:\/\/www.encontrabelohorizonte.com.br\/sobre\/wp-json\/wp\/v2\/posts\/2142\/revisions"}],"wp:attachment":[{"href":"https:\/\/www.encontrabelohorizonte.com.br\/sobre\/wp-json\/wp\/v2\/media?parent=2142"}],"wp:term":[{"taxonomy":"category","embeddable":true,"href":"https:\/\/www.encontrabelohorizonte.com.br\/sobre\/wp-json\/wp\/v2\/categories?post=2142"},{"taxonomy":"post_tag","embeddable":true,"href":"https:\/\/www.encontrabelohorizonte.com.br\/sobre\/wp-json\/wp\/v2\/tags?post=2142"}],"curies":[{"name":"wp","href":"https:\/\/api.w.org\/{rel}","templated":true}]}}