{"id":2163,"date":"2014-01-06T12:29:08","date_gmt":"2014-01-06T12:29:08","guid":{"rendered":"http:\/\/www.encontrabelohorizonte.com.br\/noticias\/?p=2163"},"modified":"2019-04-12T18:31:06","modified_gmt":"2019-04-12T18:31:06","slug":"abertas-as-inscricoes-para-eleicao-da-corte-momesca-do-carnaval-de-bh-2014","status":"publish","type":"post","link":"https:\/\/www.encontrabelohorizonte.com.br\/sobre\/abertas-as-inscricoes-para-eleicao-da-corte-momesca-do-carnaval-de-bh-2014\/","title":{"rendered":"Abertas as inscri\u00e7\u00f5es para elei\u00e7\u00e3o da Corte Momesca do Carnaval de BH 2014"},"content":{"rendered":"<div class=\"2e083cf0b19e2c11948dc6ac054ba979\" data-index=\"1\" style=\"float: none; margin:0px;\">\n<!-- Anuncio display - global -->\r\n<ins class=\"adsbygoogle\"\r\n     style=\"display:block\"\r\n     data-ad-client=\"ca-pub-8585364105181520\"\r\n     data-ad-slot=\"8789329856\"\r\n     data-ad-format=\"auto\"\r\n     data-full-width-responsive=\"true\"><\/ins>\r\n<script>\r\n     (adsbygoogle = window.adsbygoogle || []).push({});\r\n<\/script>\n<\/div>\n<p>Este ano, o Carnaval come\u00e7a oficialmente em mar\u00e7o, mas at\u00e9 l\u00e1 a capital mineira j\u00e1 ter\u00e1 escolhido o Rei, a Rainha e a Princesa da folia de 2014. Os eleitos ir\u00e3o integrar a Corte Real Momesca do Carnaval de Belo Horizonte e ser\u00e3o os embaixadores da festa, levando alegria e muito samba para os eventos que antecedem o Carnaval e durante a folia na cidade. As inscri\u00e7\u00f5es para a elei\u00e7\u00e3o da Corte Real Momesca est\u00e3o abertas at\u00e9 o pr\u00f3ximo dia 10, e o regulamento foi publicado no Di\u00e1rio Oficial do Munic\u00edpio (DOM) de quinta-feira, dia 2.<\/p>\n<p>Homens e mulheres, com no m\u00ednimo 18 anos, moradores de Belo Horizonte e com o primeiro grau completo, amantes do samba e da folia carnavalesca podem se inscrever. N\u00e3o poder\u00e3o participar os ganhadores do concurso de 2013. A elei\u00e7\u00e3o para escolha da Corte ser\u00e1 realizada no dia 18 de janeiro, a partir das 20h, no Music Hall, no bairro Santa Efig\u00eania.<\/p>\n<p><strong>Premia\u00e7\u00e3o e inscri\u00e7\u00e3o<\/strong><\/p>\n<p>As candidatas a Rainha ser\u00e3o julgadas pela beleza do rosto e harmonia das formas f\u00edsicas. O Rei do Carnaval ser\u00e1 avaliado pela qualidade do samba e alegria. Quesitos como dom\u00ednio do samba, esp\u00edrito carnavalesco, express\u00e3o e simpatia tamb\u00e9m ser\u00e3o avaliados. Os vencedores como Rei e Rainha do Carnaval 2014 receber\u00e3o da Belotur o pr\u00eamio de R$ 5 mil; e a Princesa eleita receber\u00e1 R$ 3 mil.<\/p>\n<p>A inscri\u00e7\u00e3o \u00e9 gratuita e pode ser feita pessoalmente das 10h \u00e0s 17h, no Departamento de Opera\u00e7\u00f5es e Eventos da Belotur (rua da Bahia, 888 &#8211; 4\u00ba andar \u2013 Centro). No ato da inscri\u00e7\u00e3o, os candidatos dever\u00e3o apresentar c\u00f3pias, acompanhadas dos originais, dos seguintes documentos: carteira de identidade; CPF; comprovante de resid\u00eancia; certificado ou declara\u00e7\u00e3o de escolaridade; n\u00famero de inscri\u00e7\u00e3o no INSS\/PIS ou PASEP (se tiver); atestado de bons antecedentes; atestado m\u00e9dico de aptid\u00e3o f\u00edsica, atestando \u00f3timas condi\u00e7\u00f5es de sa\u00fade do candidato, e certificado de reservista para os candidatos a Rei Momo.<\/p>\n<p><strong>Novo formato<\/strong><\/p>\n<p>Neste ano, a folia em Belo Horizonte ser\u00e1 ainda maior do que em 2013, e a expectativa \u00e9 de que mais de um milh\u00e3o de foli\u00f5es saia \u00e0s ruas da cidade para se divertir com o desfile das escolas de samba, blocos caricatos, ou brincar pelas ruas da capital com os blocos de rua.<\/p>\n<p>Uma das principais mudan\u00e7as na festa deste ano \u00e9 o retorno dos desfiles das escolas de samba e blocos caricatos para a avenida Afonso Pena, depois de 23 anos. O percurso se estender\u00e1 da avenida Caranda\u00ed at\u00e9 a rua da Bahia, transformando esse trecho da Afonso Pena no samb\u00f3dromo da capital mineira.<\/p>\n<p>J\u00e1 a Esta\u00e7\u00e3o do Samba, tradicionalmente localizada na Pra\u00e7a da Esta\u00e7\u00e3o, ser\u00e1 ampliada e a programa\u00e7\u00e3o musical estar\u00e1 distribu\u00edda por 12 palcos. As pra\u00e7as da Esta\u00e7\u00e3o, da Savassi e Dino Barbieri, na Pampulha, v\u00e3o contar com palcos estrat\u00e9gicos que v\u00e3o servir de ponto de encontro para foli\u00f5es curtirem diversos shows, de artistas locais e nacionais do samba. E, ainda, nas nove regionais da cidade, palcos garantir\u00e3o que nenhum foli\u00e3o fique de fora da festa. \u00c9 esperada a participa\u00e7\u00e3o de mais de 70 artistas do samba.<\/p>\n<p><strong>Blocos de rua poder\u00e3o realizar cadastro por meio de hotsite<\/strong><\/p>\n<p>A Belotur lan\u00e7ou um hotsite para cadastramento dos blocos de rua que pretendem desfilar este ano. O endere\u00e7o eletr\u00f4nico para o cadastramento dos blocos de rua \u00e9: www.carnavaldebh.com.br . No formul\u00e1rio online, que ficar\u00e1 aberto para inscri\u00e7\u00e3o at\u00e9 o dia 15 de janeiro, o organizador do bloco de rua preencher\u00e1 informa\u00e7\u00f5es como local detalhado em que o bloco se apresentar\u00e1, data e hor\u00e1rio do desfile, estimativa de p\u00fablico de 2013 e previs\u00e3o para 2014, percurso do desfile, entre outros dados. Este ano, a previs\u00e3o \u00e9 de que mais de 200 blocos desfilem nas ruas de Belo Horizonte.<\/p>\n<p><strong>Crescimento do Carnaval<\/strong><\/p>\n<p>A <a title=\"Prefeitura de Belo Horizonte\" href=\"http:\/\/www.encontrabelohorizonte.com.br\/belo-horizonte\/prefeitura-municipal-de-belo-horizonte.shtml\" target=\"_blank\">Prefeitura de Belo Horizonte<\/a> estima um investimento de R$ 5 milh\u00f5es na folia belo-horizontina, entre recursos pr\u00f3prios e de patrocinadores, o que corresponde a um aporte de 43% a mais do que no ano passado. Em 2013, a PBH, por interm\u00e9dio da Belotur, aplicou R$ 3,5 milh\u00f5es em a\u00e7\u00f5es de estrutura\u00e7\u00e3o e produ\u00e7\u00e3o do Carnaval na capital mineira. O n\u00famero demonstra o crescimento da festa na cidade nos \u00faltimos anos.<\/p>\n\n<div style=\"font-size: 0px; height: 0px; line-height: 0px; margin: 0; padding: 0; clear: both;\"><\/div>","protected":false},"excerpt":{"rendered":"<p>Este ano, o Carnaval come\u00e7a oficialmente em mar\u00e7o, mas at\u00e9 l\u00e1 a capital mineira j\u00e1 ter\u00e1 escolhido o Rei, a Rainha e a Princesa da folia de 2014. Os eleitos ir\u00e3o integrar a Corte Real Momesca do Carnaval de Belo Horizonte e ser\u00e3o os embaixadores da festa, levando alegria e muito samba para os eventos que antecedem o Carnaval e durante a folia na cidade. As inscri\u00e7\u00f5es para a elei\u00e7\u00e3o da Corte Real Momesca est\u00e3o abertas at\u00e9 o pr\u00f3ximo dia 10, e o regulamento foi publicado no Di\u00e1rio Oficial do Munic\u00edpio (DOM) de quinta-feira, dia 2. Homens e mulheres, com <\/p>\n","protected":false},"author":1,"featured_media":0,"comment_status":"open","ping_status":"closed","sticky":false,"template":"","format":"standard","meta":{"footnotes":""},"categories":[6],"tags":[],"class_list":["post-2163","post","type-post","status-publish","format-standard","hentry","category-noticias"],"aioseo_notices":[],"aioseo_head":"\n\t\t<!-- All in One SEO 5.0.0.1 - aioseo.com -->\n\t<meta name=\"description\" content=\"Este ano, o Carnaval come\u00e7a oficialmente em mar\u00e7o, mas at\u00e9 l\u00e1 a capital mineira j\u00e1 ter\u00e1 escolhido o Rei, a Rainha e a Princesa da folia de 2014. Os eleitos ir\u00e3o integrar a Corte Real Momesca do Carnaval de Belo Horizonte e ser\u00e3o os embaixadores da festa, levando alegria e muito samba para os eventos\" \/>\n\t<meta name=\"robots\" content=\"max-image-preview:large\" \/>\n\t<meta name=\"author\" content=\"Encontra Belo Horizonte\"\/>\n\t<link rel=\"canonical\" href=\"https:\/\/www.encontrabelohorizonte.com.br\/sobre\/abertas-as-inscricoes-para-eleicao-da-corte-momesca-do-carnaval-de-bh-2014\/\" \/>\n\t<meta name=\"generator\" content=\"All in One SEO (AIOSEO) 5.0.0.1\" \/>\n\t\t<meta property=\"og:locale\" content=\"pt_BR\" \/>\n\t\t<meta property=\"og:site_name\" content=\"Encontra Belo Horizonte | Not\u00edcias, eventos, informa\u00e7\u00f5es e dicas da cidade de Belo Horizonte e regi\u00e3o\" \/>\n\t\t<meta property=\"og:type\" content=\"article\" \/>\n\t\t<meta property=\"og:title\" content=\"Abertas as inscri\u00e7\u00f5es para elei\u00e7\u00e3o da Corte Momesca do Carnaval de BH 2014 | Encontra Belo Horizonte\" \/>\n\t\t<meta property=\"og:description\" content=\"Este ano, o Carnaval come\u00e7a oficialmente em mar\u00e7o, mas at\u00e9 l\u00e1 a capital mineira j\u00e1 ter\u00e1 escolhido o Rei, a Rainha e a Princesa da folia de 2014. Os eleitos ir\u00e3o integrar a Corte Real Momesca do Carnaval de Belo Horizonte e ser\u00e3o os embaixadores da festa, levando alegria e muito samba para os eventos\" \/>\n\t\t<meta property=\"og:url\" content=\"https:\/\/www.encontrabelohorizonte.com.br\/sobre\/abertas-as-inscricoes-para-eleicao-da-corte-momesca-do-carnaval-de-bh-2014\/\" \/>\n\t\t<meta property=\"article:published_time\" content=\"2014-01-06T12:29:08+00:00\" \/>\n\t\t<meta property=\"article:modified_time\" content=\"2019-04-12T18:31:06+00:00\" \/>\n\t\t<meta name=\"twitter:card\" content=\"summary\" \/>\n\t\t<meta name=\"twitter:title\" content=\"Abertas as inscri\u00e7\u00f5es para elei\u00e7\u00e3o da Corte Momesca do Carnaval de BH 2014 | Encontra Belo Horizonte\" \/>\n\t\t<meta name=\"twitter:description\" content=\"Este ano, o Carnaval come\u00e7a oficialmente em mar\u00e7o, mas at\u00e9 l\u00e1 a capital mineira j\u00e1 ter\u00e1 escolhido o Rei, a Rainha e a Princesa da folia de 2014. Os eleitos ir\u00e3o integrar a Corte Real Momesca do Carnaval de Belo Horizonte e ser\u00e3o os embaixadores da festa, levando alegria e muito samba para os eventos\" \/>\n\t\t<script type=\"application\/ld+json\" class=\"aioseo-schema\">\n\t\t\t{\"@context\":\"https:\\\/\\\/schema.org\",\"@graph\":[{\"@type\":\"Article\",\"@id\":\"https:\\\/\\\/www.encontrabelohorizonte.com.br\\\/sobre\\\/abertas-as-inscricoes-para-eleicao-da-corte-momesca-do-carnaval-de-bh-2014\\\/#article\",\"name\":\"Abertas as inscri\\u00e7\\u00f5es para elei\\u00e7\\u00e3o da Corte Momesca do Carnaval de BH 2014 | Encontra Belo Horizonte\",\"headline\":\"Abertas as inscri\\u00e7\\u00f5es para elei\\u00e7\\u00e3o da Corte Momesca do Carnaval de BH 2014\",\"author\":{\"@id\":\"https:\\\/\\\/www.encontrabelohorizonte.com.br\\\/sobre\\\/author\\\/ebelohorizonte\\\/#author\"},\"publisher\":{\"@id\":\"https:\\\/\\\/www.encontrabelohorizonte.com.br\\\/sobre\\\/#organization\"},\"datePublished\":\"2014-01-06T12:29:08-02:00\",\"dateModified\":\"2019-04-12T18:31:06-03:00\",\"inLanguage\":\"pt-BR\",\"mainEntityOfPage\":{\"@id\":\"https:\\\/\\\/www.encontrabelohorizonte.com.br\\\/sobre\\\/abertas-as-inscricoes-para-eleicao-da-corte-momesca-do-carnaval-de-bh-2014\\\/#webpage\"},\"isPartOf\":{\"@id\":\"https:\\\/\\\/www.encontrabelohorizonte.com.br\\\/sobre\\\/abertas-as-inscricoes-para-eleicao-da-corte-momesca-do-carnaval-de-bh-2014\\\/#webpage\"},\"articleSection\":\"Not\\u00edcias Belo Horizonte\"},{\"@type\":\"BreadcrumbList\",\"@id\":\"https:\\\/\\\/www.encontrabelohorizonte.com.br\\\/sobre\\\/abertas-as-inscricoes-para-eleicao-da-corte-momesca-do-carnaval-de-bh-2014\\\/#breadcrumblist\",\"itemListElement\":[{\"@type\":\"ListItem\",\"@id\":\"https:\\\/\\\/www.encontrabelohorizonte.com.br\\\/sobre#listItem\",\"position\":1,\"name\":\"In\\u00edcio\",\"item\":\"https:\\\/\\\/www.encontrabelohorizonte.com.br\\\/sobre\",\"nextItem\":{\"@type\":\"ListItem\",\"@id\":\"https:\\\/\\\/www.encontrabelohorizonte.com.br\\\/sobre\\\/noticias\\\/#listItem\",\"name\":\"Not\\u00edcias Belo Horizonte\"}},{\"@type\":\"ListItem\",\"@id\":\"https:\\\/\\\/www.encontrabelohorizonte.com.br\\\/sobre\\\/noticias\\\/#listItem\",\"position\":2,\"name\":\"Not\\u00edcias Belo Horizonte\",\"item\":\"https:\\\/\\\/www.encontrabelohorizonte.com.br\\\/sobre\\\/noticias\\\/\",\"nextItem\":{\"@type\":\"ListItem\",\"@id\":\"https:\\\/\\\/www.encontrabelohorizonte.com.br\\\/sobre\\\/abertas-as-inscricoes-para-eleicao-da-corte-momesca-do-carnaval-de-bh-2014\\\/#listItem\",\"name\":\"Abertas as inscri\\u00e7\\u00f5es para elei\\u00e7\\u00e3o da Corte Momesca do Carnaval de BH 2014\"},\"previousItem\":{\"@type\":\"ListItem\",\"@id\":\"https:\\\/\\\/www.encontrabelohorizonte.com.br\\\/sobre#listItem\",\"name\":\"In\\u00edcio\"}},{\"@type\":\"ListItem\",\"@id\":\"https:\\\/\\\/www.encontrabelohorizonte.com.br\\\/sobre\\\/abertas-as-inscricoes-para-eleicao-da-corte-momesca-do-carnaval-de-bh-2014\\\/#listItem\",\"position\":3,\"name\":\"Abertas as inscri\\u00e7\\u00f5es para elei\\u00e7\\u00e3o da Corte Momesca do Carnaval de BH 2014\",\"previousItem\":{\"@type\":\"ListItem\",\"@id\":\"https:\\\/\\\/www.encontrabelohorizonte.com.br\\\/sobre\\\/noticias\\\/#listItem\",\"name\":\"Not\\u00edcias Belo Horizonte\"}}]},{\"@type\":\"Organization\",\"@id\":\"https:\\\/\\\/www.encontrabelohorizonte.com.br\\\/sobre\\\/#organization\",\"name\":\"Encontra Belo Horizonte\",\"description\":\"Not\\u00edcias, eventos, informa\\u00e7\\u00f5es e dicas da cidade de Belo Horizonte e regi\\u00e3o\",\"url\":\"https:\\\/\\\/www.encontrabelohorizonte.com.br\\\/sobre\\\/\"},{\"@type\":\"Person\",\"@id\":\"https:\\\/\\\/www.encontrabelohorizonte.com.br\\\/sobre\\\/author\\\/ebelohorizonte\\\/#author\",\"url\":\"https:\\\/\\\/www.encontrabelohorizonte.com.br\\\/sobre\\\/author\\\/ebelohorizonte\\\/\",\"name\":\"Encontra Belo Horizonte\",\"image\":{\"@type\":\"ImageObject\",\"@id\":\"https:\\\/\\\/www.encontrabelohorizonte.com.br\\\/sobre\\\/abertas-as-inscricoes-para-eleicao-da-corte-momesca-do-carnaval-de-bh-2014\\\/#authorImage\",\"url\":\"https:\\\/\\\/secure.gravatar.com\\\/avatar\\\/507340682b8270222e1f208e23198b6ae7e2c6a1033ae84e99bc6bce4f82a387?s=96&d=mm&r=g\",\"width\":96,\"height\":96,\"caption\":\"Encontra Belo Horizonte\"}},{\"@type\":\"WebPage\",\"@id\":\"https:\\\/\\\/www.encontrabelohorizonte.com.br\\\/sobre\\\/abertas-as-inscricoes-para-eleicao-da-corte-momesca-do-carnaval-de-bh-2014\\\/#webpage\",\"url\":\"https:\\\/\\\/www.encontrabelohorizonte.com.br\\\/sobre\\\/abertas-as-inscricoes-para-eleicao-da-corte-momesca-do-carnaval-de-bh-2014\\\/\",\"name\":\"Abertas as inscri\\u00e7\\u00f5es para elei\\u00e7\\u00e3o da Corte Momesca do Carnaval de BH 2014 | Encontra Belo Horizonte\",\"description\":\"Este ano, o Carnaval come\\u00e7a oficialmente em mar\\u00e7o, mas at\\u00e9 l\\u00e1 a capital mineira j\\u00e1 ter\\u00e1 escolhido o Rei, a Rainha e a Princesa da folia de 2014. Os eleitos ir\\u00e3o integrar a Corte Real Momesca do Carnaval de Belo Horizonte e ser\\u00e3o os embaixadores da festa, levando alegria e muito samba para os eventos\",\"inLanguage\":\"pt-BR\",\"isPartOf\":{\"@id\":\"https:\\\/\\\/www.encontrabelohorizonte.com.br\\\/sobre\\\/#website\"},\"breadcrumb\":{\"@id\":\"https:\\\/\\\/www.encontrabelohorizonte.com.br\\\/sobre\\\/abertas-as-inscricoes-para-eleicao-da-corte-momesca-do-carnaval-de-bh-2014\\\/#breadcrumblist\"},\"author\":{\"@id\":\"https:\\\/\\\/www.encontrabelohorizonte.com.br\\\/sobre\\\/author\\\/ebelohorizonte\\\/#author\"},\"creator\":{\"@id\":\"https:\\\/\\\/www.encontrabelohorizonte.com.br\\\/sobre\\\/author\\\/ebelohorizonte\\\/#author\"},\"datePublished\":\"2014-01-06T12:29:08-02:00\",\"dateModified\":\"2019-04-12T18:31:06-03:00\"},{\"@type\":\"WebSite\",\"@id\":\"https:\\\/\\\/www.encontrabelohorizonte.com.br\\\/sobre\\\/#website\",\"url\":\"https:\\\/\\\/www.encontrabelohorizonte.com.br\\\/sobre\\\/\",\"name\":\"Encontra Belo Horizonte\",\"description\":\"Not\\u00edcias, eventos, informa\\u00e7\\u00f5es e dicas da cidade de Belo Horizonte e regi\\u00e3o\",\"inLanguage\":\"pt-BR\",\"publisher\":{\"@id\":\"https:\\\/\\\/www.encontrabelohorizonte.com.br\\\/sobre\\\/#organization\"}}]}\n\t\t<\/script>\n\t\t<!-- All in One SEO -->\n\n","aioseo_head_json":{"title":"Abertas as inscri\u00e7\u00f5es para elei\u00e7\u00e3o da Corte Momesca do Carnaval de BH 2014 | Encontra Belo Horizonte","description":"Este ano, o Carnaval come\u00e7a oficialmente em mar\u00e7o, mas at\u00e9 l\u00e1 a capital mineira j\u00e1 ter\u00e1 escolhido o Rei, a Rainha e a Princesa da folia de 2014. Os eleitos ir\u00e3o integrar a Corte Real Momesca do Carnaval de Belo Horizonte e ser\u00e3o os embaixadores da festa, levando alegria e muito samba para os eventos","canonical_url":"https:\/\/www.encontrabelohorizonte.com.br\/sobre\/abertas-as-inscricoes-para-eleicao-da-corte-momesca-do-carnaval-de-bh-2014\/","robots":"max-image-preview:large","keywords":"","webmasterTools":{"miscellaneous":""},"schema":{"@context":"https:\/\/schema.org","@graph":[{"@type":"Article","@id":"https:\/\/www.encontrabelohorizonte.com.br\/sobre\/abertas-as-inscricoes-para-eleicao-da-corte-momesca-do-carnaval-de-bh-2014\/#article","name":"Abertas as inscri\u00e7\u00f5es para elei\u00e7\u00e3o da Corte Momesca do Carnaval de BH 2014 | Encontra Belo Horizonte","headline":"Abertas as inscri\u00e7\u00f5es para elei\u00e7\u00e3o da Corte Momesca do Carnaval de BH 2014","author":{"@id":"https:\/\/www.encontrabelohorizonte.com.br\/sobre\/author\/ebelohorizonte\/#author"},"publisher":{"@id":"https:\/\/www.encontrabelohorizonte.com.br\/sobre\/#organization"},"datePublished":"2014-01-06T12:29:08-02:00","dateModified":"2019-04-12T18:31:06-03:00","inLanguage":"pt-BR","mainEntityOfPage":{"@id":"https:\/\/www.encontrabelohorizonte.com.br\/sobre\/abertas-as-inscricoes-para-eleicao-da-corte-momesca-do-carnaval-de-bh-2014\/#webpage"},"isPartOf":{"@id":"https:\/\/www.encontrabelohorizonte.com.br\/sobre\/abertas-as-inscricoes-para-eleicao-da-corte-momesca-do-carnaval-de-bh-2014\/#webpage"},"articleSection":"Not\u00edcias Belo Horizonte"},{"@type":"BreadcrumbList","@id":"https:\/\/www.encontrabelohorizonte.com.br\/sobre\/abertas-as-inscricoes-para-eleicao-da-corte-momesca-do-carnaval-de-bh-2014\/#breadcrumblist","itemListElement":[{"@type":"ListItem","@id":"https:\/\/www.encontrabelohorizonte.com.br\/sobre#listItem","position":1,"name":"In\u00edcio","item":"https:\/\/www.encontrabelohorizonte.com.br\/sobre","nextItem":{"@type":"ListItem","@id":"https:\/\/www.encontrabelohorizonte.com.br\/sobre\/noticias\/#listItem","name":"Not\u00edcias Belo Horizonte"}},{"@type":"ListItem","@id":"https:\/\/www.encontrabelohorizonte.com.br\/sobre\/noticias\/#listItem","position":2,"name":"Not\u00edcias Belo Horizonte","item":"https:\/\/www.encontrabelohorizonte.com.br\/sobre\/noticias\/","nextItem":{"@type":"ListItem","@id":"https:\/\/www.encontrabelohorizonte.com.br\/sobre\/abertas-as-inscricoes-para-eleicao-da-corte-momesca-do-carnaval-de-bh-2014\/#listItem","name":"Abertas as inscri\u00e7\u00f5es para elei\u00e7\u00e3o da Corte Momesca do Carnaval de BH 2014"},"previousItem":{"@type":"ListItem","@id":"https:\/\/www.encontrabelohorizonte.com.br\/sobre#listItem","name":"In\u00edcio"}},{"@type":"ListItem","@id":"https:\/\/www.encontrabelohorizonte.com.br\/sobre\/abertas-as-inscricoes-para-eleicao-da-corte-momesca-do-carnaval-de-bh-2014\/#listItem","position":3,"name":"Abertas as inscri\u00e7\u00f5es para elei\u00e7\u00e3o da Corte Momesca do Carnaval de BH 2014","previousItem":{"@type":"ListItem","@id":"https:\/\/www.encontrabelohorizonte.com.br\/sobre\/noticias\/#listItem","name":"Not\u00edcias Belo Horizonte"}}]},{"@type":"Organization","@id":"https:\/\/www.encontrabelohorizonte.com.br\/sobre\/#organization","name":"Encontra Belo Horizonte","description":"Not\u00edcias, eventos, informa\u00e7\u00f5es e dicas da cidade de Belo Horizonte e regi\u00e3o","url":"https:\/\/www.encontrabelohorizonte.com.br\/sobre\/"},{"@type":"Person","@id":"https:\/\/www.encontrabelohorizonte.com.br\/sobre\/author\/ebelohorizonte\/#author","url":"https:\/\/www.encontrabelohorizonte.com.br\/sobre\/author\/ebelohorizonte\/","name":"Encontra Belo Horizonte","image":{"@type":"ImageObject","@id":"https:\/\/www.encontrabelohorizonte.com.br\/sobre\/abertas-as-inscricoes-para-eleicao-da-corte-momesca-do-carnaval-de-bh-2014\/#authorImage","url":"https:\/\/secure.gravatar.com\/avatar\/507340682b8270222e1f208e23198b6ae7e2c6a1033ae84e99bc6bce4f82a387?s=96&d=mm&r=g","width":96,"height":96,"caption":"Encontra Belo Horizonte"}},{"@type":"WebPage","@id":"https:\/\/www.encontrabelohorizonte.com.br\/sobre\/abertas-as-inscricoes-para-eleicao-da-corte-momesca-do-carnaval-de-bh-2014\/#webpage","url":"https:\/\/www.encontrabelohorizonte.com.br\/sobre\/abertas-as-inscricoes-para-eleicao-da-corte-momesca-do-carnaval-de-bh-2014\/","name":"Abertas as inscri\u00e7\u00f5es para elei\u00e7\u00e3o da Corte Momesca do Carnaval de BH 2014 | Encontra Belo Horizonte","description":"Este ano, o Carnaval come\u00e7a oficialmente em mar\u00e7o, mas at\u00e9 l\u00e1 a capital mineira j\u00e1 ter\u00e1 escolhido o Rei, a Rainha e a Princesa da folia de 2014. Os eleitos ir\u00e3o integrar a Corte Real Momesca do Carnaval de Belo Horizonte e ser\u00e3o os embaixadores da festa, levando alegria e muito samba para os eventos","inLanguage":"pt-BR","isPartOf":{"@id":"https:\/\/www.encontrabelohorizonte.com.br\/sobre\/#website"},"breadcrumb":{"@id":"https:\/\/www.encontrabelohorizonte.com.br\/sobre\/abertas-as-inscricoes-para-eleicao-da-corte-momesca-do-carnaval-de-bh-2014\/#breadcrumblist"},"author":{"@id":"https:\/\/www.encontrabelohorizonte.com.br\/sobre\/author\/ebelohorizonte\/#author"},"creator":{"@id":"https:\/\/www.encontrabelohorizonte.com.br\/sobre\/author\/ebelohorizonte\/#author"},"datePublished":"2014-01-06T12:29:08-02:00","dateModified":"2019-04-12T18:31:06-03:00"},{"@type":"WebSite","@id":"https:\/\/www.encontrabelohorizonte.com.br\/sobre\/#website","url":"https:\/\/www.encontrabelohorizonte.com.br\/sobre\/","name":"Encontra Belo Horizonte","description":"Not\u00edcias, eventos, informa\u00e7\u00f5es e dicas da cidade de Belo Horizonte e regi\u00e3o","inLanguage":"pt-BR","publisher":{"@id":"https:\/\/www.encontrabelohorizonte.com.br\/sobre\/#organization"}}]},"og:locale":"pt_BR","og:site_name":"Encontra Belo Horizonte | Not\u00edcias, eventos, informa\u00e7\u00f5es e dicas da cidade de Belo Horizonte e regi\u00e3o","og:type":"article","og:title":"Abertas as inscri\u00e7\u00f5es para elei\u00e7\u00e3o da Corte Momesca do Carnaval de BH 2014 | Encontra Belo Horizonte","og:description":"Este ano, o Carnaval come\u00e7a oficialmente em mar\u00e7o, mas at\u00e9 l\u00e1 a capital mineira j\u00e1 ter\u00e1 escolhido o Rei, a Rainha e a Princesa da folia de 2014. Os eleitos ir\u00e3o integrar a Corte Real Momesca do Carnaval de Belo Horizonte e ser\u00e3o os embaixadores da festa, levando alegria e muito samba para os eventos","og:url":"https:\/\/www.encontrabelohorizonte.com.br\/sobre\/abertas-as-inscricoes-para-eleicao-da-corte-momesca-do-carnaval-de-bh-2014\/","article:published_time":"2014-01-06T12:29:08+00:00","article:modified_time":"2019-04-12T18:31:06+00:00","twitter:card":"summary","twitter:title":"Abertas as inscri\u00e7\u00f5es para elei\u00e7\u00e3o da Corte Momesca do Carnaval de BH 2014 | Encontra Belo Horizonte","twitter:description":"Este ano, o Carnaval come\u00e7a oficialmente em mar\u00e7o, mas at\u00e9 l\u00e1 a capital mineira j\u00e1 ter\u00e1 escolhido o Rei, a Rainha e a Princesa da folia de 2014. Os eleitos ir\u00e3o integrar a Corte Real Momesca do Carnaval de Belo Horizonte e ser\u00e3o os embaixadores da festa, levando alegria e muito samba para os eventos"},"aioseo_meta_data":{"post_id":"2163","title":null,"description":null,"keywords":null,"keyphrases":null,"primary_term":null,"canonical_url":null,"og_title":null,"og_description":null,"og_object_type":"default","og_image_type":"default","og_image_url":null,"og_image_width":null,"og_image_height":null,"og_image_custom_url":null,"og_image_custom_fields":null,"og_video":null,"og_custom_url":null,"og_article_section":null,"og_article_tags":null,"twitter_use_og":false,"twitter_card":"default","twitter_image_type":"default","twitter_image_url":null,"twitter_image_custom_url":null,"twitter_image_custom_fields":null,"twitter_title":null,"twitter_description":null,"schema":{"blockGraphs":[],"customGraphs":[],"default":{"data":{"Article":[],"Course":[],"Dataset":[],"FAQPage":[],"Movie":[],"Person":[],"Product":[],"ProductReview":[],"Car":[],"Recipe":[],"Service":[],"SoftwareApplication":[],"WebPage":[]},"graphName":"Article","isEnabled":true},"graphs":[]},"schema_type":null,"schema_type_options":null,"pillar_content":false,"robots_default":true,"robots_noindex":false,"robots_noarchive":false,"robots_nosnippet":false,"robots_nofollow":false,"robots_noimageindex":false,"robots_noodp":false,"robots_notranslate":false,"robots_max_snippet":null,"robots_max_videopreview":null,"robots_max_imagepreview":"large","priority":null,"frequency":null,"local_seo":null,"breadcrumb_settings":null,"limit_modified_date":false,"ai":null,"created":"2022-01-06 20:21:03","updated":"2025-09-27 12:31:04","focus_keyword":null,"additional_keywords":null,"truseo_locale":null,"seo_analyzer_scan_date":null},"aioseo_breadcrumb":"<div class=\"aioseo-breadcrumbs\"><span class=\"aioseo-breadcrumb\">\n\t\t\t<a href=\"https:\/\/www.encontrabelohorizonte.com.br\/sobre\" title=\"In\u00edcio\">In\u00edcio<\/a>\n\t\t<\/span><span class=\"aioseo-breadcrumb-separator\">&raquo;<\/span><span class=\"aioseo-breadcrumb\">\n\t\t\t<a href=\"https:\/\/www.encontrabelohorizonte.com.br\/sobre\/noticias\/\" title=\"Not\u00edcias Belo Horizonte\">Not\u00edcias Belo Horizonte<\/a>\n\t\t<\/span><span class=\"aioseo-breadcrumb-separator\">&raquo;<\/span><span class=\"aioseo-breadcrumb\">\n\t\t\tAbertas as inscri\u00e7\u00f5es para elei\u00e7\u00e3o da Corte Momesca do Carnaval de BH 2014\n\t\t<\/span><\/div>","aioseo_breadcrumb_json":[{"label":"In\u00edcio","link":"https:\/\/www.encontrabelohorizonte.com.br\/sobre"},{"label":"Not\u00edcias Belo Horizonte","link":"https:\/\/www.encontrabelohorizonte.com.br\/sobre\/noticias\/"},{"label":"Abertas as inscri\u00e7\u00f5es para elei\u00e7\u00e3o da Corte Momesca do Carnaval de BH 2014","link":"https:\/\/www.encontrabelohorizonte.com.br\/sobre\/abertas-as-inscricoes-para-eleicao-da-corte-momesca-do-carnaval-de-bh-2014\/"}],"_links":{"self":[{"href":"https:\/\/www.encontrabelohorizonte.com.br\/sobre\/wp-json\/wp\/v2\/posts\/2163","targetHints":{"allow":["GET"]}}],"collection":[{"href":"https:\/\/www.encontrabelohorizonte.com.br\/sobre\/wp-json\/wp\/v2\/posts"}],"about":[{"href":"https:\/\/www.encontrabelohorizonte.com.br\/sobre\/wp-json\/wp\/v2\/types\/post"}],"author":[{"embeddable":true,"href":"https:\/\/www.encontrabelohorizonte.com.br\/sobre\/wp-json\/wp\/v2\/users\/1"}],"replies":[{"embeddable":true,"href":"https:\/\/www.encontrabelohorizonte.com.br\/sobre\/wp-json\/wp\/v2\/comments?post=2163"}],"version-history":[{"count":0,"href":"https:\/\/www.encontrabelohorizonte.com.br\/sobre\/wp-json\/wp\/v2\/posts\/2163\/revisions"}],"wp:attachment":[{"href":"https:\/\/www.encontrabelohorizonte.com.br\/sobre\/wp-json\/wp\/v2\/media?parent=2163"}],"wp:term":[{"taxonomy":"category","embeddable":true,"href":"https:\/\/www.encontrabelohorizonte.com.br\/sobre\/wp-json\/wp\/v2\/categories?post=2163"},{"taxonomy":"post_tag","embeddable":true,"href":"https:\/\/www.encontrabelohorizonte.com.br\/sobre\/wp-json\/wp\/v2\/tags?post=2163"}],"curies":[{"name":"wp","href":"https:\/\/api.w.org\/{rel}","templated":true}]}}