{"id":238,"date":"2012-06-15T15:14:48","date_gmt":"2012-06-15T15:14:48","guid":{"rendered":"http:\/\/www.encontrabelohorizonte.com.br\/noticias\/?p=238"},"modified":"2019-04-12T18:36:54","modified_gmt":"2019-04-12T18:36:54","slug":"semana-oficial-do-ufc-147-vai-agitar-belo-horizonte","status":"publish","type":"post","link":"https:\/\/www.encontrabelohorizonte.com.br\/sobre\/semana-oficial-do-ufc-147-vai-agitar-belo-horizonte\/","title":{"rendered":"Semana oficial do UFC 147 vai agitar Belo Horizonte"},"content":{"rendered":"<div class=\"2e083cf0b19e2c11948dc6ac054ba979\" data-index=\"1\" style=\"float: none; margin:0px;\">\n<!-- Anuncio display - global -->\r\n<ins class=\"adsbygoogle\"\r\n     style=\"display:block\"\r\n     data-ad-client=\"ca-pub-8585364105181520\"\r\n     data-ad-slot=\"8789329856\"\r\n     data-ad-format=\"auto\"\r\n     data-full-width-responsive=\"true\"><\/ins>\r\n<script>\r\n     (adsbygoogle = window.adsbygoogle || []).push({});\r\n<\/script>\n<\/div>\n<p>A semana oficial de atividades do UFC 147 vai agitar a cidade Belo Horizonte. O primeiro evento ser\u00e1 o treinamento aberto ao p\u00fablico j\u00e1 na quarta-feira (20), na Pra\u00e7a da Esta\u00e7\u00e3o, com a presen\u00e7a de oito atletas do card oficial de lutas.<\/p>\n<p>Na sexta-feira (22) est\u00e1 marcada a pesagem oficial para o gin\u00e1sio Mineirinho.<\/p>\n<p>No s\u00e1bado (23), dia do evento, os port\u00f5es abrem para o p\u00fablico a partir das 18h.<\/p>\n<p>Os eventos oficiais contar\u00e3o com a presen\u00e7a dos guest fighters Chuck Liddell, Maur\u00edcio Shogun, Thiago Tavares e Rousimar Toquinho. Junior Cigano, campe\u00e3o dos pesos pesados, chega \u00e0 capital mineira na sexta-feira.<\/p>\n<p>Al\u00e9m dos tr\u00eas principais eventos oficiais, est\u00e3o programadas atividades surpresas e duas sess\u00f5es de aut\u00f3grafos ainda a serem definidas. Para as atividades surpresas, a dica \u00e9 ficar atento ao Twitter oficial do UFC Brasil (@ufc_brasil).<\/p>\n<p>Fonte: <em>g1.globo.com<\/em><\/p>\n\n<div style=\"font-size: 0px; height: 0px; line-height: 0px; margin: 0; padding: 0; clear: both;\"><\/div>","protected":false},"excerpt":{"rendered":"<p>A semana oficial de atividades do UFC 147 vai agitar a cidade Belo Horizonte. O primeiro evento ser\u00e1 o treinamento aberto ao p\u00fablico j\u00e1 na quarta-feira (20), na Pra\u00e7a da Esta\u00e7\u00e3o, com a presen\u00e7a de oito atletas do card oficial de lutas. Na sexta-feira (22) est\u00e1 marcada a pesagem oficial para o gin\u00e1sio Mineirinho. No s\u00e1bado (23), dia do evento, os port\u00f5es abrem para o p\u00fablico a partir das 18h. Os eventos oficiais contar\u00e3o com a presen\u00e7a dos guest fighters Chuck Liddell, Maur\u00edcio Shogun, Thiago Tavares e Rousimar Toquinho. Junior Cigano, campe\u00e3o dos pesos pesados, chega \u00e0 capital mineira na <\/p>\n","protected":false},"author":1,"featured_media":0,"comment_status":"open","ping_status":"closed","sticky":false,"template":"","format":"standard","meta":{"footnotes":""},"categories":[6],"tags":[15],"class_list":["post-238","post","type-post","status-publish","format-standard","hentry","category-noticias","tag-belo-horizonte"],"aioseo_notices":[],"_links":{"self":[{"href":"https:\/\/www.encontrabelohorizonte.com.br\/sobre\/wp-json\/wp\/v2\/posts\/238","targetHints":{"allow":["GET"]}}],"collection":[{"href":"https:\/\/www.encontrabelohorizonte.com.br\/sobre\/wp-json\/wp\/v2\/posts"}],"about":[{"href":"https:\/\/www.encontrabelohorizonte.com.br\/sobre\/wp-json\/wp\/v2\/types\/post"}],"author":[{"embeddable":true,"href":"https:\/\/www.encontrabelohorizonte.com.br\/sobre\/wp-json\/wp\/v2\/users\/1"}],"replies":[{"embeddable":true,"href":"https:\/\/www.encontrabelohorizonte.com.br\/sobre\/wp-json\/wp\/v2\/comments?post=238"}],"version-history":[{"count":0,"href":"https:\/\/www.encontrabelohorizonte.com.br\/sobre\/wp-json\/wp\/v2\/posts\/238\/revisions"}],"wp:attachment":[{"href":"https:\/\/www.encontrabelohorizonte.com.br\/sobre\/wp-json\/wp\/v2\/media?parent=238"}],"wp:term":[{"taxonomy":"category","embeddable":true,"href":"https:\/\/www.encontrabelohorizonte.com.br\/sobre\/wp-json\/wp\/v2\/categories?post=238"},{"taxonomy":"post_tag","embeddable":true,"href":"https:\/\/www.encontrabelohorizonte.com.br\/sobre\/wp-json\/wp\/v2\/tags?post=238"}],"curies":[{"name":"wp","href":"https:\/\/api.w.org\/{rel}","templated":true}]}}