{"id":250,"date":"2012-06-15T15:40:03","date_gmt":"2012-06-15T15:40:03","guid":{"rendered":"http:\/\/www.encontrabelohorizonte.com.br\/noticias\/?p=250"},"modified":"2019-04-12T18:36:54","modified_gmt":"2019-04-12T18:36:54","slug":"incendio-destroi-galpao-com-pecas-de-carros-em-belo-horizonte","status":"publish","type":"post","link":"https:\/\/www.encontrabelohorizonte.com.br\/sobre\/incendio-destroi-galpao-com-pecas-de-carros-em-belo-horizonte\/","title":{"rendered":"Inc\u00eandio destr\u00f3i galp\u00e3o com pe\u00e7as de carros em Belo Horizonte"},"content":{"rendered":"<div class=\"2e083cf0b19e2c11948dc6ac054ba979\" data-index=\"1\" style=\"float: none; margin:0px;\">\n<!-- Anuncio display - global -->\r\n<ins class=\"adsbygoogle\"\r\n     style=\"display:block\"\r\n     data-ad-client=\"ca-pub-8585364105181520\"\r\n     data-ad-slot=\"8789329856\"\r\n     data-ad-format=\"auto\"\r\n     data-full-width-responsive=\"true\"><\/ins>\r\n<script>\r\n     (adsbygoogle = window.adsbygoogle || []).push({});\r\n<\/script>\n<\/div>\n<p>Um inc\u00eandio de grande propor\u00e7\u00e3o destruiu um galp\u00e3o que armazenava pe\u00e7as para autom\u00f3veis na avenida Dom Pedro 2\u00ba, no Jardim Montanh\u00eas, na cidade Belo Horizonte (MG), na noite de quarta-feira (13). N\u00e3o h\u00e1 informa\u00e7\u00f5es de feridos.<\/p>\n<p>Segundo os bombeiros, o fogo come\u00e7ou por volta das 22h, se alastrou rapidamente. Ao menos 13 equipes do Corpo de Bombeiros trabalharam no combate ao fogo que foi controlado por volta da 0h desta quinta-feira.<\/p>\n<p>Os bombeiros passaram a madrugada no local fazendo o trabalho de rescaldo para evitar o surgimento de novos focos de fogo.<\/p>\n<p>O inc\u00eandio tamb\u00e9m danificou a rede el\u00e9trica e t\u00e9cnicos da Cemig estiveram no local para realizar reparos.<\/p>\n<p>As causas do inc\u00eandio ser\u00e3o investigadas, de acordo com os bombeiros.<\/p>\n<p>Fonte: <em>jornalfloripa.com.br<\/em><\/p>\n\n<div style=\"font-size: 0px; height: 0px; line-height: 0px; margin: 0; padding: 0; clear: both;\"><\/div>","protected":false},"excerpt":{"rendered":"<p>Um inc\u00eandio de grande propor\u00e7\u00e3o destruiu um galp\u00e3o que armazenava pe\u00e7as para autom\u00f3veis na avenida Dom Pedro 2\u00ba, no Jardim Montanh\u00eas, na cidade Belo Horizonte (MG), na noite de quarta-feira (13). N\u00e3o h\u00e1 informa\u00e7\u00f5es de feridos. Segundo os bombeiros, o fogo come\u00e7ou por volta das 22h, se alastrou rapidamente. Ao menos 13 equipes do Corpo de Bombeiros trabalharam no combate ao fogo que foi controlado por volta da 0h desta quinta-feira. Os bombeiros passaram a madrugada no local fazendo o trabalho de rescaldo para evitar o surgimento de novos focos de fogo. O inc\u00eandio tamb\u00e9m danificou a rede el\u00e9trica e <\/p>\n","protected":false},"author":1,"featured_media":0,"comment_status":"open","ping_status":"closed","sticky":false,"template":"","format":"standard","meta":{"footnotes":""},"categories":[6],"tags":[15],"class_list":["post-250","post","type-post","status-publish","format-standard","hentry","category-noticias","tag-belo-horizonte"],"aioseo_notices":[],"aioseo_head":"\n\t\t<!-- All in One SEO 5.0.0.1 - aioseo.com -->\n\t<meta name=\"description\" content=\"Um inc\u00eandio de grande propor\u00e7\u00e3o destruiu um galp\u00e3o que armazenava pe\u00e7as para autom\u00f3veis na avenida Dom Pedro 2\u00ba, no Jardim Montanh\u00eas, na cidade Belo Horizonte (MG), na noite de quarta-feira (13). N\u00e3o h\u00e1 informa\u00e7\u00f5es de feridos. Segundo os bombeiros, o fogo come\u00e7ou por volta das 22h, se alastrou rapidamente. Ao menos 13 equipes do Corpo\" \/>\n\t<meta name=\"robots\" content=\"max-image-preview:large\" \/>\n\t<meta name=\"author\" content=\"Encontra Belo Horizonte\"\/>\n\t<link rel=\"canonical\" href=\"https:\/\/www.encontrabelohorizonte.com.br\/sobre\/incendio-destroi-galpao-com-pecas-de-carros-em-belo-horizonte\/\" \/>\n\t<meta name=\"generator\" content=\"All in One SEO (AIOSEO) 5.0.0.1\" \/>\n\t\t<meta property=\"og:locale\" content=\"pt_BR\" \/>\n\t\t<meta property=\"og:site_name\" content=\"Encontra Belo Horizonte | Not\u00edcias, eventos, informa\u00e7\u00f5es e dicas da cidade de Belo Horizonte e regi\u00e3o\" \/>\n\t\t<meta property=\"og:type\" content=\"article\" \/>\n\t\t<meta property=\"og:title\" content=\"Inc\u00eandio destr\u00f3i galp\u00e3o com pe\u00e7as de carros em Belo Horizonte | Encontra Belo Horizonte\" \/>\n\t\t<meta property=\"og:description\" content=\"Um inc\u00eandio de grande propor\u00e7\u00e3o destruiu um galp\u00e3o que armazenava pe\u00e7as para autom\u00f3veis na avenida Dom Pedro 2\u00ba, no Jardim Montanh\u00eas, na cidade Belo Horizonte (MG), na noite de quarta-feira (13). N\u00e3o h\u00e1 informa\u00e7\u00f5es de feridos. Segundo os bombeiros, o fogo come\u00e7ou por volta das 22h, se alastrou rapidamente. Ao menos 13 equipes do Corpo\" \/>\n\t\t<meta property=\"og:url\" content=\"https:\/\/www.encontrabelohorizonte.com.br\/sobre\/incendio-destroi-galpao-com-pecas-de-carros-em-belo-horizonte\/\" \/>\n\t\t<meta property=\"article:published_time\" content=\"2012-06-15T15:40:03+00:00\" \/>\n\t\t<meta property=\"article:modified_time\" content=\"2019-04-12T18:36:54+00:00\" \/>\n\t\t<meta name=\"twitter:card\" content=\"summary\" \/>\n\t\t<meta name=\"twitter:title\" content=\"Inc\u00eandio destr\u00f3i galp\u00e3o com pe\u00e7as de carros em Belo Horizonte | Encontra Belo Horizonte\" \/>\n\t\t<meta name=\"twitter:description\" content=\"Um inc\u00eandio de grande propor\u00e7\u00e3o destruiu um galp\u00e3o que armazenava pe\u00e7as para autom\u00f3veis na avenida Dom Pedro 2\u00ba, no Jardim Montanh\u00eas, na cidade Belo Horizonte (MG), na noite de quarta-feira (13). N\u00e3o h\u00e1 informa\u00e7\u00f5es de feridos. Segundo os bombeiros, o fogo come\u00e7ou por volta das 22h, se alastrou rapidamente. Ao menos 13 equipes do Corpo\" \/>\n\t\t<script type=\"application\/ld+json\" class=\"aioseo-schema\">\n\t\t\t{\"@context\":\"https:\\\/\\\/schema.org\",\"@graph\":[{\"@type\":\"Article\",\"@id\":\"https:\\\/\\\/www.encontrabelohorizonte.com.br\\\/sobre\\\/incendio-destroi-galpao-com-pecas-de-carros-em-belo-horizonte\\\/#article\",\"name\":\"Inc\\u00eandio destr\\u00f3i galp\\u00e3o com pe\\u00e7as de carros em Belo Horizonte | Encontra Belo Horizonte\",\"headline\":\"Inc\\u00eandio destr\\u00f3i galp\\u00e3o com pe\\u00e7as de carros em Belo Horizonte\",\"author\":{\"@id\":\"https:\\\/\\\/www.encontrabelohorizonte.com.br\\\/sobre\\\/author\\\/ebelohorizonte\\\/#author\"},\"publisher\":{\"@id\":\"https:\\\/\\\/www.encontrabelohorizonte.com.br\\\/sobre\\\/#organization\"},\"datePublished\":\"2012-06-15T15:40:03-03:00\",\"dateModified\":\"2019-04-12T18:36:54-03:00\",\"inLanguage\":\"pt-BR\",\"mainEntityOfPage\":{\"@id\":\"https:\\\/\\\/www.encontrabelohorizonte.com.br\\\/sobre\\\/incendio-destroi-galpao-com-pecas-de-carros-em-belo-horizonte\\\/#webpage\"},\"isPartOf\":{\"@id\":\"https:\\\/\\\/www.encontrabelohorizonte.com.br\\\/sobre\\\/incendio-destroi-galpao-com-pecas-de-carros-em-belo-horizonte\\\/#webpage\"},\"articleSection\":\"Not\\u00edcias Belo Horizonte, Belo Horizonte\"},{\"@type\":\"BreadcrumbList\",\"@id\":\"https:\\\/\\\/www.encontrabelohorizonte.com.br\\\/sobre\\\/incendio-destroi-galpao-com-pecas-de-carros-em-belo-horizonte\\\/#breadcrumblist\",\"itemListElement\":[{\"@type\":\"ListItem\",\"@id\":\"https:\\\/\\\/www.encontrabelohorizonte.com.br\\\/sobre#listItem\",\"position\":1,\"name\":\"In\\u00edcio\",\"item\":\"https:\\\/\\\/www.encontrabelohorizonte.com.br\\\/sobre\",\"nextItem\":{\"@type\":\"ListItem\",\"@id\":\"https:\\\/\\\/www.encontrabelohorizonte.com.br\\\/sobre\\\/noticias\\\/#listItem\",\"name\":\"Not\\u00edcias Belo Horizonte\"}},{\"@type\":\"ListItem\",\"@id\":\"https:\\\/\\\/www.encontrabelohorizonte.com.br\\\/sobre\\\/noticias\\\/#listItem\",\"position\":2,\"name\":\"Not\\u00edcias Belo Horizonte\",\"item\":\"https:\\\/\\\/www.encontrabelohorizonte.com.br\\\/sobre\\\/noticias\\\/\",\"nextItem\":{\"@type\":\"ListItem\",\"@id\":\"https:\\\/\\\/www.encontrabelohorizonte.com.br\\\/sobre\\\/incendio-destroi-galpao-com-pecas-de-carros-em-belo-horizonte\\\/#listItem\",\"name\":\"Inc\\u00eandio destr\\u00f3i galp\\u00e3o com pe\\u00e7as de carros em Belo Horizonte\"},\"previousItem\":{\"@type\":\"ListItem\",\"@id\":\"https:\\\/\\\/www.encontrabelohorizonte.com.br\\\/sobre#listItem\",\"name\":\"In\\u00edcio\"}},{\"@type\":\"ListItem\",\"@id\":\"https:\\\/\\\/www.encontrabelohorizonte.com.br\\\/sobre\\\/incendio-destroi-galpao-com-pecas-de-carros-em-belo-horizonte\\\/#listItem\",\"position\":3,\"name\":\"Inc\\u00eandio destr\\u00f3i galp\\u00e3o com pe\\u00e7as de carros em Belo Horizonte\",\"previousItem\":{\"@type\":\"ListItem\",\"@id\":\"https:\\\/\\\/www.encontrabelohorizonte.com.br\\\/sobre\\\/noticias\\\/#listItem\",\"name\":\"Not\\u00edcias Belo Horizonte\"}}]},{\"@type\":\"Organization\",\"@id\":\"https:\\\/\\\/www.encontrabelohorizonte.com.br\\\/sobre\\\/#organization\",\"name\":\"Encontra Belo Horizonte\",\"description\":\"Not\\u00edcias, eventos, informa\\u00e7\\u00f5es e dicas da cidade de Belo Horizonte e regi\\u00e3o\",\"url\":\"https:\\\/\\\/www.encontrabelohorizonte.com.br\\\/sobre\\\/\"},{\"@type\":\"Person\",\"@id\":\"https:\\\/\\\/www.encontrabelohorizonte.com.br\\\/sobre\\\/author\\\/ebelohorizonte\\\/#author\",\"url\":\"https:\\\/\\\/www.encontrabelohorizonte.com.br\\\/sobre\\\/author\\\/ebelohorizonte\\\/\",\"name\":\"Encontra Belo Horizonte\",\"image\":{\"@type\":\"ImageObject\",\"@id\":\"https:\\\/\\\/www.encontrabelohorizonte.com.br\\\/sobre\\\/incendio-destroi-galpao-com-pecas-de-carros-em-belo-horizonte\\\/#authorImage\",\"url\":\"https:\\\/\\\/secure.gravatar.com\\\/avatar\\\/507340682b8270222e1f208e23198b6ae7e2c6a1033ae84e99bc6bce4f82a387?s=96&d=mm&r=g\",\"width\":96,\"height\":96,\"caption\":\"Encontra Belo Horizonte\"}},{\"@type\":\"WebPage\",\"@id\":\"https:\\\/\\\/www.encontrabelohorizonte.com.br\\\/sobre\\\/incendio-destroi-galpao-com-pecas-de-carros-em-belo-horizonte\\\/#webpage\",\"url\":\"https:\\\/\\\/www.encontrabelohorizonte.com.br\\\/sobre\\\/incendio-destroi-galpao-com-pecas-de-carros-em-belo-horizonte\\\/\",\"name\":\"Inc\\u00eandio destr\\u00f3i galp\\u00e3o com pe\\u00e7as de carros em Belo Horizonte | Encontra Belo Horizonte\",\"description\":\"Um inc\\u00eandio de grande propor\\u00e7\\u00e3o destruiu um galp\\u00e3o que armazenava pe\\u00e7as para autom\\u00f3veis na avenida Dom Pedro 2\\u00ba, no Jardim Montanh\\u00eas, na cidade Belo Horizonte (MG), na noite de quarta-feira (13). N\\u00e3o h\\u00e1 informa\\u00e7\\u00f5es de feridos. Segundo os bombeiros, o fogo come\\u00e7ou por volta das 22h, se alastrou rapidamente. Ao menos 13 equipes do Corpo\",\"inLanguage\":\"pt-BR\",\"isPartOf\":{\"@id\":\"https:\\\/\\\/www.encontrabelohorizonte.com.br\\\/sobre\\\/#website\"},\"breadcrumb\":{\"@id\":\"https:\\\/\\\/www.encontrabelohorizonte.com.br\\\/sobre\\\/incendio-destroi-galpao-com-pecas-de-carros-em-belo-horizonte\\\/#breadcrumblist\"},\"author\":{\"@id\":\"https:\\\/\\\/www.encontrabelohorizonte.com.br\\\/sobre\\\/author\\\/ebelohorizonte\\\/#author\"},\"creator\":{\"@id\":\"https:\\\/\\\/www.encontrabelohorizonte.com.br\\\/sobre\\\/author\\\/ebelohorizonte\\\/#author\"},\"datePublished\":\"2012-06-15T15:40:03-03:00\",\"dateModified\":\"2019-04-12T18:36:54-03:00\"},{\"@type\":\"WebSite\",\"@id\":\"https:\\\/\\\/www.encontrabelohorizonte.com.br\\\/sobre\\\/#website\",\"url\":\"https:\\\/\\\/www.encontrabelohorizonte.com.br\\\/sobre\\\/\",\"name\":\"Encontra Belo Horizonte\",\"description\":\"Not\\u00edcias, eventos, informa\\u00e7\\u00f5es e dicas da cidade de Belo Horizonte e regi\\u00e3o\",\"inLanguage\":\"pt-BR\",\"publisher\":{\"@id\":\"https:\\\/\\\/www.encontrabelohorizonte.com.br\\\/sobre\\\/#organization\"}}]}\n\t\t<\/script>\n\t\t<!-- All in One SEO -->\n\n","aioseo_head_json":{"title":"Inc\u00eandio destr\u00f3i galp\u00e3o com pe\u00e7as de carros em Belo Horizonte | Encontra Belo Horizonte","description":"Um inc\u00eandio de grande propor\u00e7\u00e3o destruiu um galp\u00e3o que armazenava pe\u00e7as para autom\u00f3veis na avenida Dom Pedro 2\u00ba, no Jardim Montanh\u00eas, na cidade Belo Horizonte (MG), na noite de quarta-feira (13). N\u00e3o h\u00e1 informa\u00e7\u00f5es de feridos. Segundo os bombeiros, o fogo come\u00e7ou por volta das 22h, se alastrou rapidamente. Ao menos 13 equipes do Corpo","canonical_url":"https:\/\/www.encontrabelohorizonte.com.br\/sobre\/incendio-destroi-galpao-com-pecas-de-carros-em-belo-horizonte\/","robots":"max-image-preview:large","keywords":"","webmasterTools":{"miscellaneous":""},"schema":{"@context":"https:\/\/schema.org","@graph":[{"@type":"Article","@id":"https:\/\/www.encontrabelohorizonte.com.br\/sobre\/incendio-destroi-galpao-com-pecas-de-carros-em-belo-horizonte\/#article","name":"Inc\u00eandio destr\u00f3i galp\u00e3o com pe\u00e7as de carros em Belo Horizonte | Encontra Belo Horizonte","headline":"Inc\u00eandio destr\u00f3i galp\u00e3o com pe\u00e7as de carros em Belo Horizonte","author":{"@id":"https:\/\/www.encontrabelohorizonte.com.br\/sobre\/author\/ebelohorizonte\/#author"},"publisher":{"@id":"https:\/\/www.encontrabelohorizonte.com.br\/sobre\/#organization"},"datePublished":"2012-06-15T15:40:03-03:00","dateModified":"2019-04-12T18:36:54-03:00","inLanguage":"pt-BR","mainEntityOfPage":{"@id":"https:\/\/www.encontrabelohorizonte.com.br\/sobre\/incendio-destroi-galpao-com-pecas-de-carros-em-belo-horizonte\/#webpage"},"isPartOf":{"@id":"https:\/\/www.encontrabelohorizonte.com.br\/sobre\/incendio-destroi-galpao-com-pecas-de-carros-em-belo-horizonte\/#webpage"},"articleSection":"Not\u00edcias Belo Horizonte, Belo Horizonte"},{"@type":"BreadcrumbList","@id":"https:\/\/www.encontrabelohorizonte.com.br\/sobre\/incendio-destroi-galpao-com-pecas-de-carros-em-belo-horizonte\/#breadcrumblist","itemListElement":[{"@type":"ListItem","@id":"https:\/\/www.encontrabelohorizonte.com.br\/sobre#listItem","position":1,"name":"In\u00edcio","item":"https:\/\/www.encontrabelohorizonte.com.br\/sobre","nextItem":{"@type":"ListItem","@id":"https:\/\/www.encontrabelohorizonte.com.br\/sobre\/noticias\/#listItem","name":"Not\u00edcias Belo Horizonte"}},{"@type":"ListItem","@id":"https:\/\/www.encontrabelohorizonte.com.br\/sobre\/noticias\/#listItem","position":2,"name":"Not\u00edcias Belo Horizonte","item":"https:\/\/www.encontrabelohorizonte.com.br\/sobre\/noticias\/","nextItem":{"@type":"ListItem","@id":"https:\/\/www.encontrabelohorizonte.com.br\/sobre\/incendio-destroi-galpao-com-pecas-de-carros-em-belo-horizonte\/#listItem","name":"Inc\u00eandio destr\u00f3i galp\u00e3o com pe\u00e7as de carros em Belo Horizonte"},"previousItem":{"@type":"ListItem","@id":"https:\/\/www.encontrabelohorizonte.com.br\/sobre#listItem","name":"In\u00edcio"}},{"@type":"ListItem","@id":"https:\/\/www.encontrabelohorizonte.com.br\/sobre\/incendio-destroi-galpao-com-pecas-de-carros-em-belo-horizonte\/#listItem","position":3,"name":"Inc\u00eandio destr\u00f3i galp\u00e3o com pe\u00e7as de carros em Belo Horizonte","previousItem":{"@type":"ListItem","@id":"https:\/\/www.encontrabelohorizonte.com.br\/sobre\/noticias\/#listItem","name":"Not\u00edcias Belo Horizonte"}}]},{"@type":"Organization","@id":"https:\/\/www.encontrabelohorizonte.com.br\/sobre\/#organization","name":"Encontra Belo Horizonte","description":"Not\u00edcias, eventos, informa\u00e7\u00f5es e dicas da cidade de Belo Horizonte e regi\u00e3o","url":"https:\/\/www.encontrabelohorizonte.com.br\/sobre\/"},{"@type":"Person","@id":"https:\/\/www.encontrabelohorizonte.com.br\/sobre\/author\/ebelohorizonte\/#author","url":"https:\/\/www.encontrabelohorizonte.com.br\/sobre\/author\/ebelohorizonte\/","name":"Encontra Belo Horizonte","image":{"@type":"ImageObject","@id":"https:\/\/www.encontrabelohorizonte.com.br\/sobre\/incendio-destroi-galpao-com-pecas-de-carros-em-belo-horizonte\/#authorImage","url":"https:\/\/secure.gravatar.com\/avatar\/507340682b8270222e1f208e23198b6ae7e2c6a1033ae84e99bc6bce4f82a387?s=96&d=mm&r=g","width":96,"height":96,"caption":"Encontra Belo Horizonte"}},{"@type":"WebPage","@id":"https:\/\/www.encontrabelohorizonte.com.br\/sobre\/incendio-destroi-galpao-com-pecas-de-carros-em-belo-horizonte\/#webpage","url":"https:\/\/www.encontrabelohorizonte.com.br\/sobre\/incendio-destroi-galpao-com-pecas-de-carros-em-belo-horizonte\/","name":"Inc\u00eandio destr\u00f3i galp\u00e3o com pe\u00e7as de carros em Belo Horizonte | Encontra Belo Horizonte","description":"Um inc\u00eandio de grande propor\u00e7\u00e3o destruiu um galp\u00e3o que armazenava pe\u00e7as para autom\u00f3veis na avenida Dom Pedro 2\u00ba, no Jardim Montanh\u00eas, na cidade Belo Horizonte (MG), na noite de quarta-feira (13). N\u00e3o h\u00e1 informa\u00e7\u00f5es de feridos. Segundo os bombeiros, o fogo come\u00e7ou por volta das 22h, se alastrou rapidamente. Ao menos 13 equipes do Corpo","inLanguage":"pt-BR","isPartOf":{"@id":"https:\/\/www.encontrabelohorizonte.com.br\/sobre\/#website"},"breadcrumb":{"@id":"https:\/\/www.encontrabelohorizonte.com.br\/sobre\/incendio-destroi-galpao-com-pecas-de-carros-em-belo-horizonte\/#breadcrumblist"},"author":{"@id":"https:\/\/www.encontrabelohorizonte.com.br\/sobre\/author\/ebelohorizonte\/#author"},"creator":{"@id":"https:\/\/www.encontrabelohorizonte.com.br\/sobre\/author\/ebelohorizonte\/#author"},"datePublished":"2012-06-15T15:40:03-03:00","dateModified":"2019-04-12T18:36:54-03:00"},{"@type":"WebSite","@id":"https:\/\/www.encontrabelohorizonte.com.br\/sobre\/#website","url":"https:\/\/www.encontrabelohorizonte.com.br\/sobre\/","name":"Encontra Belo Horizonte","description":"Not\u00edcias, eventos, informa\u00e7\u00f5es e dicas da cidade de Belo Horizonte e regi\u00e3o","inLanguage":"pt-BR","publisher":{"@id":"https:\/\/www.encontrabelohorizonte.com.br\/sobre\/#organization"}}]},"og:locale":"pt_BR","og:site_name":"Encontra Belo Horizonte | Not\u00edcias, eventos, informa\u00e7\u00f5es e dicas da cidade de Belo Horizonte e regi\u00e3o","og:type":"article","og:title":"Inc\u00eandio destr\u00f3i galp\u00e3o com pe\u00e7as de carros em Belo Horizonte | Encontra Belo Horizonte","og:description":"Um inc\u00eandio de grande propor\u00e7\u00e3o destruiu um galp\u00e3o que armazenava pe\u00e7as para autom\u00f3veis na avenida Dom Pedro 2\u00ba, no Jardim Montanh\u00eas, na cidade Belo Horizonte (MG), na noite de quarta-feira (13). N\u00e3o h\u00e1 informa\u00e7\u00f5es de feridos. Segundo os bombeiros, o fogo come\u00e7ou por volta das 22h, se alastrou rapidamente. Ao menos 13 equipes do Corpo","og:url":"https:\/\/www.encontrabelohorizonte.com.br\/sobre\/incendio-destroi-galpao-com-pecas-de-carros-em-belo-horizonte\/","article:published_time":"2012-06-15T15:40:03+00:00","article:modified_time":"2019-04-12T18:36:54+00:00","twitter:card":"summary","twitter:title":"Inc\u00eandio destr\u00f3i galp\u00e3o com pe\u00e7as de carros em Belo Horizonte | Encontra Belo Horizonte","twitter:description":"Um inc\u00eandio de grande propor\u00e7\u00e3o destruiu um galp\u00e3o que armazenava pe\u00e7as para autom\u00f3veis na avenida Dom Pedro 2\u00ba, no Jardim Montanh\u00eas, na cidade Belo Horizonte (MG), na noite de quarta-feira (13). N\u00e3o h\u00e1 informa\u00e7\u00f5es de feridos. Segundo os bombeiros, o fogo come\u00e7ou por volta das 22h, se alastrou rapidamente. Ao menos 13 equipes do Corpo"},"aioseo_meta_data":{"post_id":"250","title":null,"description":null,"keywords":null,"keyphrases":null,"primary_term":null,"canonical_url":null,"og_title":null,"og_description":null,"og_object_type":"default","og_image_type":"default","og_image_url":null,"og_image_width":null,"og_image_height":null,"og_image_custom_url":null,"og_image_custom_fields":null,"og_video":null,"og_custom_url":null,"og_article_section":null,"og_article_tags":null,"twitter_use_og":false,"twitter_card":"default","twitter_image_type":"default","twitter_image_url":null,"twitter_image_custom_url":null,"twitter_image_custom_fields":null,"twitter_title":null,"twitter_description":null,"schema":{"blockGraphs":[],"customGraphs":[],"default":{"data":{"Article":[],"Course":[],"Dataset":[],"FAQPage":[],"Movie":[],"Person":[],"Product":[],"ProductReview":[],"Car":[],"Recipe":[],"Service":[],"SoftwareApplication":[],"WebPage":[]},"graphName":"Article","isEnabled":true},"graphs":[]},"schema_type":null,"schema_type_options":null,"pillar_content":false,"robots_default":true,"robots_noindex":false,"robots_noarchive":false,"robots_nosnippet":false,"robots_nofollow":false,"robots_noimageindex":false,"robots_noodp":false,"robots_notranslate":false,"robots_max_snippet":null,"robots_max_videopreview":null,"robots_max_imagepreview":"large","priority":null,"frequency":null,"local_seo":null,"breadcrumb_settings":null,"limit_modified_date":false,"ai":null,"created":"2022-01-19 14:24:42","updated":"2025-09-26 23:35:36","focus_keyword":null,"additional_keywords":null,"truseo_locale":null,"seo_analyzer_scan_date":null},"aioseo_breadcrumb":"<div class=\"aioseo-breadcrumbs\"><span class=\"aioseo-breadcrumb\">\n\t\t\t<a href=\"https:\/\/www.encontrabelohorizonte.com.br\/sobre\" title=\"In\u00edcio\">In\u00edcio<\/a>\n\t\t<\/span><span class=\"aioseo-breadcrumb-separator\">&raquo;<\/span><span class=\"aioseo-breadcrumb\">\n\t\t\t<a href=\"https:\/\/www.encontrabelohorizonte.com.br\/sobre\/noticias\/\" title=\"Not\u00edcias Belo Horizonte\">Not\u00edcias Belo Horizonte<\/a>\n\t\t<\/span><span class=\"aioseo-breadcrumb-separator\">&raquo;<\/span><span class=\"aioseo-breadcrumb\">\n\t\t\tInc\u00eandio destr\u00f3i galp\u00e3o com pe\u00e7as de carros em Belo Horizonte\n\t\t<\/span><\/div>","aioseo_breadcrumb_json":[{"label":"In\u00edcio","link":"https:\/\/www.encontrabelohorizonte.com.br\/sobre"},{"label":"Not\u00edcias Belo Horizonte","link":"https:\/\/www.encontrabelohorizonte.com.br\/sobre\/noticias\/"},{"label":"Inc\u00eandio destr\u00f3i galp\u00e3o com pe\u00e7as de carros em Belo Horizonte","link":"https:\/\/www.encontrabelohorizonte.com.br\/sobre\/incendio-destroi-galpao-com-pecas-de-carros-em-belo-horizonte\/"}],"_links":{"self":[{"href":"https:\/\/www.encontrabelohorizonte.com.br\/sobre\/wp-json\/wp\/v2\/posts\/250","targetHints":{"allow":["GET"]}}],"collection":[{"href":"https:\/\/www.encontrabelohorizonte.com.br\/sobre\/wp-json\/wp\/v2\/posts"}],"about":[{"href":"https:\/\/www.encontrabelohorizonte.com.br\/sobre\/wp-json\/wp\/v2\/types\/post"}],"author":[{"embeddable":true,"href":"https:\/\/www.encontrabelohorizonte.com.br\/sobre\/wp-json\/wp\/v2\/users\/1"}],"replies":[{"embeddable":true,"href":"https:\/\/www.encontrabelohorizonte.com.br\/sobre\/wp-json\/wp\/v2\/comments?post=250"}],"version-history":[{"count":0,"href":"https:\/\/www.encontrabelohorizonte.com.br\/sobre\/wp-json\/wp\/v2\/posts\/250\/revisions"}],"wp:attachment":[{"href":"https:\/\/www.encontrabelohorizonte.com.br\/sobre\/wp-json\/wp\/v2\/media?parent=250"}],"wp:term":[{"taxonomy":"category","embeddable":true,"href":"https:\/\/www.encontrabelohorizonte.com.br\/sobre\/wp-json\/wp\/v2\/categories?post=250"},{"taxonomy":"post_tag","embeddable":true,"href":"https:\/\/www.encontrabelohorizonte.com.br\/sobre\/wp-json\/wp\/v2\/tags?post=250"}],"curies":[{"name":"wp","href":"https:\/\/api.w.org\/{rel}","templated":true}]}}