{"id":307,"date":"2012-07-27T00:02:32","date_gmt":"2012-07-27T00:02:32","guid":{"rendered":"http:\/\/www.encontrabelohorizonte.com.br\/noticias\/?p=307"},"modified":"2019-04-12T18:36:53","modified_gmt":"2019-04-12T18:36:53","slug":"fundacao-ezequiel-dias-prorroga-prazo-para-151-vagas","status":"publish","type":"post","link":"https:\/\/www.encontrabelohorizonte.com.br\/sobre\/fundacao-ezequiel-dias-prorroga-prazo-para-151-vagas\/","title":{"rendered":"Funda\u00e7\u00e3o Ezequiel Dias prorroga prazo para 151 vagas em BH"},"content":{"rendered":"<div class=\"2e083cf0b19e2c11948dc6ac054ba979\" data-index=\"1\" style=\"float: none; margin:0px;\">\n<!-- Anuncio display - global -->\r\n<ins class=\"adsbygoogle\"\r\n     style=\"display:block\"\r\n     data-ad-client=\"ca-pub-8585364105181520\"\r\n     data-ad-slot=\"8789329856\"\r\n     data-ad-format=\"auto\"\r\n     data-full-width-responsive=\"true\"><\/ins>\r\n<script>\r\n     (adsbygoogle = window.adsbygoogle || []).push({});\r\n<\/script>\n<\/div>\n<p>A Funda\u00e7\u00e3o Ezequiel Dias (Funec), do estado de Minas Gerais, prorrogou as inscri\u00e7\u00f5es do concurso para 151 vagas em cargos de n\u00edvel m\u00e9dio\/ t\u00e9cnico e superior. Os sal\u00e1rios variam de R$ 825,16 a R$ 3.963,91. Todas as vagas s\u00e3o para Belo Horizonte.<\/p>\n<p>As vagas de n\u00edvel m\u00e9dio\/ t\u00e9cnico s\u00e3o para administrativo, auxiliar de produ\u00e7\u00e3o\/ almoxarife\/ codificador\/ embalador\/ operador de m\u00e1quina, manipulador\/ fracionador, t\u00e9cnico em administra\u00e7\u00e3o\/ contabilidade, t\u00e9cnico em automa\u00e7\u00e3o, t\u00e9cnico em edifica\u00e7\u00e3o, t\u00e9cnico em eletrot\u00e9cnica\/ eletr\u00f4nica, t\u00e9cnico em inform\u00e1tica, t\u00e9cnico em instrumenta\u00e7\u00e3o, t\u00e9cnico em mec\u00e2nica, t\u00e9cnico em meio ambiente, t\u00e9cnico em patologia cl\u00ednica\/ biotecnologia, t\u00e9cnico em qu\u00edmica e t\u00e9cnico em seguran\u00e7a do trabalho.<\/p>\n<p>Os cargos de n\u00edvel superior s\u00e3o para planejamento de produ\u00e7\u00e3o administrativo, engenharia\/ arquitetura e urbanismo, gest\u00e3o de pessoas, vigil\u00e2ncia sanit\u00e1ria, epidemiologia e produ\u00e7\u00e3o de meio de cultura, biologia molecular e cultivo celular, financeira, gest\u00e3o de suprimentos, gest\u00e3o ambiental, engenharia\/ engenharia civil, gest\u00e3o da qualidade\/ engenharia mec\u00e2nica, produ\u00e7\u00e3o farmac\u00eautica\/ assuntos regulat\u00f3rios\/ controle de qualidade\/ desenvolvimento\/ garantia da qualidade\/ valida\u00e7\u00e3o, vigil\u00e2ncia sanit\u00e1ria\/ farm\u00e1cia, serpent\u00e1rio\/ produ\u00e7\u00e3o imunobiol\u00f3gicos\/ controle de qualidade, planejamento de produ\u00e7\u00e3o, controle de qualidade e vigil\u00e2ncia sanit\u00e1ria, tecnologia da informa\u00e7\u00e3o, gest\u00e3o da qualidade\/ inova\u00e7\u00e3o\/ prote\u00e7\u00e3o ao conhecimento, administra\u00e7\u00e3o pedag\u00f3gica de recursos humanos, ci\u00eancias biol\u00f3gicas\/ biomedicina\/ direito sanit\u00e1rio\/ microbiologia, educa\u00e7\u00e3o f\u00edsica, enfermagem, engenharia\/ arquitetura, farm\u00e1cia, medicina, odontologia, biologia, biomedicina\/ medicina veterin\u00e1ria e ci\u00eancias biol\u00f3gicas\/ bioqu\u00edmica.<\/p>\n<p>As inscri\u00e7\u00f5es podem ser feitas at\u00e9 21 de setembro pelo site\u00a0ibfc.org.br. A taxa vai de R$ 40 a R$ 70.<\/p>\n<p>A prova objetiva ser\u00e1 aplicada no dia 21 de outubro, na cidade de Belo Horizonte.<\/p>\n<p>O concurso p\u00fablico tem dois anos de validade e pode ser prorrogado.<\/p>\n<table>\n<thead>\n<tr>\n<th>Funda\u00e7\u00e3o Ezequiel Dias<\/th>\n<\/tr>\n<\/thead>\n<tbody>\n<tr>\n<td><strong>Inscri\u00e7\u00f5es<\/strong><\/td>\n<\/tr>\n<tr>\n<td>At\u00e9 21 de setembro<\/td>\n<\/tr>\n<tr>\n<td><strong>Vagas<br \/>\n<\/strong><\/td>\n<\/tr>\n<tr>\n<td>151<\/td>\n<\/tr>\n<tr>\n<td><strong>Sal\u00e1rio<br \/>\n<\/strong><\/td>\n<\/tr>\n<tr>\n<td>De R$ 825,16 a R$ 3.963,91<\/td>\n<\/tr>\n<tr>\n<td><strong>Taxa<br \/>\n<\/strong><\/td>\n<\/tr>\n<tr>\n<td>De R$ 40 e R$ 70<\/td>\n<\/tr>\n<tr>\n<td><strong>Provas<br \/>\n<\/strong><\/td>\n<\/tr>\n<tr>\n<td>21 de outubro<\/td>\n<\/tr>\n<\/tbody>\n<\/table>\n<p><em>Fonte: G1<\/em><\/p>\n\n<div style=\"font-size: 0px; height: 0px; line-height: 0px; margin: 0; padding: 0; clear: both;\"><\/div>","protected":false},"excerpt":{"rendered":"<p>A Funda\u00e7\u00e3o Ezequiel Dias (Funec), do estado de Minas Gerais, prorrogou as inscri\u00e7\u00f5es do concurso para 151 vagas em cargos de n\u00edvel m\u00e9dio\/ t\u00e9cnico e superior. Os sal\u00e1rios variam de R$ 825,16 a R$ 3.963,91. Todas as vagas s\u00e3o para Belo Horizonte. As vagas de n\u00edvel m\u00e9dio\/ t\u00e9cnico s\u00e3o para administrativo, auxiliar de produ\u00e7\u00e3o\/ almoxarife\/ codificador\/ embalador\/ operador de m\u00e1quina, manipulador\/ fracionador, t\u00e9cnico em administra\u00e7\u00e3o\/ contabilidade, t\u00e9cnico em automa\u00e7\u00e3o, t\u00e9cnico em edifica\u00e7\u00e3o, t\u00e9cnico em eletrot\u00e9cnica\/ eletr\u00f4nica, t\u00e9cnico em inform\u00e1tica, t\u00e9cnico em instrumenta\u00e7\u00e3o, t\u00e9cnico em mec\u00e2nica, t\u00e9cnico em meio ambiente, t\u00e9cnico em patologia cl\u00ednica\/ biotecnologia, t\u00e9cnico em qu\u00edmica e t\u00e9cnico em <\/p>\n","protected":false},"author":1,"featured_media":0,"comment_status":"open","ping_status":"closed","sticky":false,"template":"","format":"standard","meta":{"footnotes":""},"categories":[4],"tags":[],"class_list":["post-307","post","type-post","status-publish","format-standard","hentry","category-empregos"],"aioseo_notices":[],"aioseo_head":"\n\t\t<!-- All in One SEO 5.0.0.1 - aioseo.com -->\n\t<meta name=\"description\" content=\"A Funda\u00e7\u00e3o Ezequiel Dias (Funec), do estado de Minas Gerais, prorrogou as inscri\u00e7\u00f5es do concurso para 151 vagas em cargos de n\u00edvel m\u00e9dio\/ t\u00e9cnico e superior. Os sal\u00e1rios variam de R$ 825,16 a R$ 3.963,91. Todas as vagas s\u00e3o para Belo Horizonte. As vagas de n\u00edvel m\u00e9dio\/ t\u00e9cnico s\u00e3o para administrativo, auxiliar de produ\u00e7\u00e3o\/ almoxarife\/\" \/>\n\t<meta name=\"robots\" content=\"max-image-preview:large\" \/>\n\t<meta name=\"author\" content=\"Encontra Belo Horizonte\"\/>\n\t<link rel=\"canonical\" href=\"https:\/\/www.encontrabelohorizonte.com.br\/sobre\/fundacao-ezequiel-dias-prorroga-prazo-para-151-vagas\/\" \/>\n\t<meta name=\"generator\" content=\"All in One SEO (AIOSEO) 5.0.0.1\" \/>\n\t\t<meta property=\"og:locale\" content=\"pt_BR\" \/>\n\t\t<meta property=\"og:site_name\" content=\"Encontra Belo Horizonte | Not\u00edcias, eventos, informa\u00e7\u00f5es e dicas da cidade de Belo Horizonte e regi\u00e3o\" \/>\n\t\t<meta property=\"og:type\" content=\"article\" \/>\n\t\t<meta property=\"og:title\" content=\"Funda\u00e7\u00e3o Ezequiel Dias prorroga prazo para 151 vagas em BH | Encontra Belo Horizonte\" \/>\n\t\t<meta property=\"og:description\" content=\"A Funda\u00e7\u00e3o Ezequiel Dias (Funec), do estado de Minas Gerais, prorrogou as inscri\u00e7\u00f5es do concurso para 151 vagas em cargos de n\u00edvel m\u00e9dio\/ t\u00e9cnico e superior. Os sal\u00e1rios variam de R$ 825,16 a R$ 3.963,91. Todas as vagas s\u00e3o para Belo Horizonte. As vagas de n\u00edvel m\u00e9dio\/ t\u00e9cnico s\u00e3o para administrativo, auxiliar de produ\u00e7\u00e3o\/ almoxarife\/\" \/>\n\t\t<meta property=\"og:url\" content=\"https:\/\/www.encontrabelohorizonte.com.br\/sobre\/fundacao-ezequiel-dias-prorroga-prazo-para-151-vagas\/\" \/>\n\t\t<meta property=\"article:published_time\" content=\"2012-07-27T00:02:32+00:00\" \/>\n\t\t<meta property=\"article:modified_time\" content=\"2019-04-12T18:36:53+00:00\" \/>\n\t\t<meta name=\"twitter:card\" content=\"summary\" \/>\n\t\t<meta name=\"twitter:title\" content=\"Funda\u00e7\u00e3o Ezequiel Dias prorroga prazo para 151 vagas em BH | Encontra Belo Horizonte\" \/>\n\t\t<meta name=\"twitter:description\" content=\"A Funda\u00e7\u00e3o Ezequiel Dias (Funec), do estado de Minas Gerais, prorrogou as inscri\u00e7\u00f5es do concurso para 151 vagas em cargos de n\u00edvel m\u00e9dio\/ t\u00e9cnico e superior. Os sal\u00e1rios variam de R$ 825,16 a R$ 3.963,91. Todas as vagas s\u00e3o para Belo Horizonte. As vagas de n\u00edvel m\u00e9dio\/ t\u00e9cnico s\u00e3o para administrativo, auxiliar de produ\u00e7\u00e3o\/ almoxarife\/\" \/>\n\t\t<script type=\"application\/ld+json\" class=\"aioseo-schema\">\n\t\t\t{\"@context\":\"https:\\\/\\\/schema.org\",\"@graph\":[{\"@type\":\"Article\",\"@id\":\"https:\\\/\\\/www.encontrabelohorizonte.com.br\\\/sobre\\\/fundacao-ezequiel-dias-prorroga-prazo-para-151-vagas\\\/#article\",\"name\":\"Funda\\u00e7\\u00e3o Ezequiel Dias prorroga prazo para 151 vagas em BH | Encontra Belo Horizonte\",\"headline\":\"Funda\\u00e7\\u00e3o Ezequiel Dias prorroga prazo para 151 vagas em BH\",\"author\":{\"@id\":\"https:\\\/\\\/www.encontrabelohorizonte.com.br\\\/sobre\\\/author\\\/ebelohorizonte\\\/#author\"},\"publisher\":{\"@id\":\"https:\\\/\\\/www.encontrabelohorizonte.com.br\\\/sobre\\\/#organization\"},\"datePublished\":\"2012-07-27T00:02:32-03:00\",\"dateModified\":\"2019-04-12T18:36:53-03:00\",\"inLanguage\":\"pt-BR\",\"mainEntityOfPage\":{\"@id\":\"https:\\\/\\\/www.encontrabelohorizonte.com.br\\\/sobre\\\/fundacao-ezequiel-dias-prorroga-prazo-para-151-vagas\\\/#webpage\"},\"isPartOf\":{\"@id\":\"https:\\\/\\\/www.encontrabelohorizonte.com.br\\\/sobre\\\/fundacao-ezequiel-dias-prorroga-prazo-para-151-vagas\\\/#webpage\"},\"articleSection\":\"Empregos Belo Horizonte\"},{\"@type\":\"BreadcrumbList\",\"@id\":\"https:\\\/\\\/www.encontrabelohorizonte.com.br\\\/sobre\\\/fundacao-ezequiel-dias-prorroga-prazo-para-151-vagas\\\/#breadcrumblist\",\"itemListElement\":[{\"@type\":\"ListItem\",\"@id\":\"https:\\\/\\\/www.encontrabelohorizonte.com.br\\\/sobre#listItem\",\"position\":1,\"name\":\"In\\u00edcio\",\"item\":\"https:\\\/\\\/www.encontrabelohorizonte.com.br\\\/sobre\",\"nextItem\":{\"@type\":\"ListItem\",\"@id\":\"https:\\\/\\\/www.encontrabelohorizonte.com.br\\\/sobre\\\/empregos\\\/#listItem\",\"name\":\"Empregos Belo Horizonte\"}},{\"@type\":\"ListItem\",\"@id\":\"https:\\\/\\\/www.encontrabelohorizonte.com.br\\\/sobre\\\/empregos\\\/#listItem\",\"position\":2,\"name\":\"Empregos Belo Horizonte\",\"item\":\"https:\\\/\\\/www.encontrabelohorizonte.com.br\\\/sobre\\\/empregos\\\/\",\"nextItem\":{\"@type\":\"ListItem\",\"@id\":\"https:\\\/\\\/www.encontrabelohorizonte.com.br\\\/sobre\\\/fundacao-ezequiel-dias-prorroga-prazo-para-151-vagas\\\/#listItem\",\"name\":\"Funda\\u00e7\\u00e3o Ezequiel Dias prorroga prazo para 151 vagas em BH\"},\"previousItem\":{\"@type\":\"ListItem\",\"@id\":\"https:\\\/\\\/www.encontrabelohorizonte.com.br\\\/sobre#listItem\",\"name\":\"In\\u00edcio\"}},{\"@type\":\"ListItem\",\"@id\":\"https:\\\/\\\/www.encontrabelohorizonte.com.br\\\/sobre\\\/fundacao-ezequiel-dias-prorroga-prazo-para-151-vagas\\\/#listItem\",\"position\":3,\"name\":\"Funda\\u00e7\\u00e3o Ezequiel Dias prorroga prazo para 151 vagas em BH\",\"previousItem\":{\"@type\":\"ListItem\",\"@id\":\"https:\\\/\\\/www.encontrabelohorizonte.com.br\\\/sobre\\\/empregos\\\/#listItem\",\"name\":\"Empregos Belo Horizonte\"}}]},{\"@type\":\"Organization\",\"@id\":\"https:\\\/\\\/www.encontrabelohorizonte.com.br\\\/sobre\\\/#organization\",\"name\":\"Encontra Belo Horizonte\",\"description\":\"Not\\u00edcias, eventos, informa\\u00e7\\u00f5es e dicas da cidade de Belo Horizonte e regi\\u00e3o\",\"url\":\"https:\\\/\\\/www.encontrabelohorizonte.com.br\\\/sobre\\\/\"},{\"@type\":\"Person\",\"@id\":\"https:\\\/\\\/www.encontrabelohorizonte.com.br\\\/sobre\\\/author\\\/ebelohorizonte\\\/#author\",\"url\":\"https:\\\/\\\/www.encontrabelohorizonte.com.br\\\/sobre\\\/author\\\/ebelohorizonte\\\/\",\"name\":\"Encontra Belo Horizonte\",\"image\":{\"@type\":\"ImageObject\",\"@id\":\"https:\\\/\\\/www.encontrabelohorizonte.com.br\\\/sobre\\\/fundacao-ezequiel-dias-prorroga-prazo-para-151-vagas\\\/#authorImage\",\"url\":\"https:\\\/\\\/secure.gravatar.com\\\/avatar\\\/507340682b8270222e1f208e23198b6ae7e2c6a1033ae84e99bc6bce4f82a387?s=96&d=mm&r=g\",\"width\":96,\"height\":96,\"caption\":\"Encontra Belo Horizonte\"}},{\"@type\":\"WebPage\",\"@id\":\"https:\\\/\\\/www.encontrabelohorizonte.com.br\\\/sobre\\\/fundacao-ezequiel-dias-prorroga-prazo-para-151-vagas\\\/#webpage\",\"url\":\"https:\\\/\\\/www.encontrabelohorizonte.com.br\\\/sobre\\\/fundacao-ezequiel-dias-prorroga-prazo-para-151-vagas\\\/\",\"name\":\"Funda\\u00e7\\u00e3o Ezequiel Dias prorroga prazo para 151 vagas em BH | Encontra Belo Horizonte\",\"description\":\"A Funda\\u00e7\\u00e3o Ezequiel Dias (Funec), do estado de Minas Gerais, prorrogou as inscri\\u00e7\\u00f5es do concurso para 151 vagas em cargos de n\\u00edvel m\\u00e9dio\\\/ t\\u00e9cnico e superior. Os sal\\u00e1rios variam de R$ 825,16 a R$ 3.963,91. Todas as vagas s\\u00e3o para Belo Horizonte. As vagas de n\\u00edvel m\\u00e9dio\\\/ t\\u00e9cnico s\\u00e3o para administrativo, auxiliar de produ\\u00e7\\u00e3o\\\/ almoxarife\\\/\",\"inLanguage\":\"pt-BR\",\"isPartOf\":{\"@id\":\"https:\\\/\\\/www.encontrabelohorizonte.com.br\\\/sobre\\\/#website\"},\"breadcrumb\":{\"@id\":\"https:\\\/\\\/www.encontrabelohorizonte.com.br\\\/sobre\\\/fundacao-ezequiel-dias-prorroga-prazo-para-151-vagas\\\/#breadcrumblist\"},\"author\":{\"@id\":\"https:\\\/\\\/www.encontrabelohorizonte.com.br\\\/sobre\\\/author\\\/ebelohorizonte\\\/#author\"},\"creator\":{\"@id\":\"https:\\\/\\\/www.encontrabelohorizonte.com.br\\\/sobre\\\/author\\\/ebelohorizonte\\\/#author\"},\"datePublished\":\"2012-07-27T00:02:32-03:00\",\"dateModified\":\"2019-04-12T18:36:53-03:00\"},{\"@type\":\"WebSite\",\"@id\":\"https:\\\/\\\/www.encontrabelohorizonte.com.br\\\/sobre\\\/#website\",\"url\":\"https:\\\/\\\/www.encontrabelohorizonte.com.br\\\/sobre\\\/\",\"name\":\"Encontra Belo Horizonte\",\"description\":\"Not\\u00edcias, eventos, informa\\u00e7\\u00f5es e dicas da cidade de Belo Horizonte e regi\\u00e3o\",\"inLanguage\":\"pt-BR\",\"publisher\":{\"@id\":\"https:\\\/\\\/www.encontrabelohorizonte.com.br\\\/sobre\\\/#organization\"}}]}\n\t\t<\/script>\n\t\t<!-- All in One SEO -->\n\n","aioseo_head_json":{"title":"Funda\u00e7\u00e3o Ezequiel Dias prorroga prazo para 151 vagas em BH | Encontra Belo Horizonte","description":"A Funda\u00e7\u00e3o Ezequiel Dias (Funec), do estado de Minas Gerais, prorrogou as inscri\u00e7\u00f5es do concurso para 151 vagas em cargos de n\u00edvel m\u00e9dio\/ t\u00e9cnico e superior. Os sal\u00e1rios variam de R$ 825,16 a R$ 3.963,91. Todas as vagas s\u00e3o para Belo Horizonte. As vagas de n\u00edvel m\u00e9dio\/ t\u00e9cnico s\u00e3o para administrativo, auxiliar de produ\u00e7\u00e3o\/ almoxarife\/","canonical_url":"https:\/\/www.encontrabelohorizonte.com.br\/sobre\/fundacao-ezequiel-dias-prorroga-prazo-para-151-vagas\/","robots":"max-image-preview:large","keywords":"","webmasterTools":{"miscellaneous":""},"schema":{"@context":"https:\/\/schema.org","@graph":[{"@type":"Article","@id":"https:\/\/www.encontrabelohorizonte.com.br\/sobre\/fundacao-ezequiel-dias-prorroga-prazo-para-151-vagas\/#article","name":"Funda\u00e7\u00e3o Ezequiel Dias prorroga prazo para 151 vagas em BH | Encontra Belo Horizonte","headline":"Funda\u00e7\u00e3o Ezequiel Dias prorroga prazo para 151 vagas em BH","author":{"@id":"https:\/\/www.encontrabelohorizonte.com.br\/sobre\/author\/ebelohorizonte\/#author"},"publisher":{"@id":"https:\/\/www.encontrabelohorizonte.com.br\/sobre\/#organization"},"datePublished":"2012-07-27T00:02:32-03:00","dateModified":"2019-04-12T18:36:53-03:00","inLanguage":"pt-BR","mainEntityOfPage":{"@id":"https:\/\/www.encontrabelohorizonte.com.br\/sobre\/fundacao-ezequiel-dias-prorroga-prazo-para-151-vagas\/#webpage"},"isPartOf":{"@id":"https:\/\/www.encontrabelohorizonte.com.br\/sobre\/fundacao-ezequiel-dias-prorroga-prazo-para-151-vagas\/#webpage"},"articleSection":"Empregos Belo Horizonte"},{"@type":"BreadcrumbList","@id":"https:\/\/www.encontrabelohorizonte.com.br\/sobre\/fundacao-ezequiel-dias-prorroga-prazo-para-151-vagas\/#breadcrumblist","itemListElement":[{"@type":"ListItem","@id":"https:\/\/www.encontrabelohorizonte.com.br\/sobre#listItem","position":1,"name":"In\u00edcio","item":"https:\/\/www.encontrabelohorizonte.com.br\/sobre","nextItem":{"@type":"ListItem","@id":"https:\/\/www.encontrabelohorizonte.com.br\/sobre\/empregos\/#listItem","name":"Empregos Belo Horizonte"}},{"@type":"ListItem","@id":"https:\/\/www.encontrabelohorizonte.com.br\/sobre\/empregos\/#listItem","position":2,"name":"Empregos Belo Horizonte","item":"https:\/\/www.encontrabelohorizonte.com.br\/sobre\/empregos\/","nextItem":{"@type":"ListItem","@id":"https:\/\/www.encontrabelohorizonte.com.br\/sobre\/fundacao-ezequiel-dias-prorroga-prazo-para-151-vagas\/#listItem","name":"Funda\u00e7\u00e3o Ezequiel Dias prorroga prazo para 151 vagas em BH"},"previousItem":{"@type":"ListItem","@id":"https:\/\/www.encontrabelohorizonte.com.br\/sobre#listItem","name":"In\u00edcio"}},{"@type":"ListItem","@id":"https:\/\/www.encontrabelohorizonte.com.br\/sobre\/fundacao-ezequiel-dias-prorroga-prazo-para-151-vagas\/#listItem","position":3,"name":"Funda\u00e7\u00e3o Ezequiel Dias prorroga prazo para 151 vagas em BH","previousItem":{"@type":"ListItem","@id":"https:\/\/www.encontrabelohorizonte.com.br\/sobre\/empregos\/#listItem","name":"Empregos Belo Horizonte"}}]},{"@type":"Organization","@id":"https:\/\/www.encontrabelohorizonte.com.br\/sobre\/#organization","name":"Encontra Belo Horizonte","description":"Not\u00edcias, eventos, informa\u00e7\u00f5es e dicas da cidade de Belo Horizonte e regi\u00e3o","url":"https:\/\/www.encontrabelohorizonte.com.br\/sobre\/"},{"@type":"Person","@id":"https:\/\/www.encontrabelohorizonte.com.br\/sobre\/author\/ebelohorizonte\/#author","url":"https:\/\/www.encontrabelohorizonte.com.br\/sobre\/author\/ebelohorizonte\/","name":"Encontra Belo Horizonte","image":{"@type":"ImageObject","@id":"https:\/\/www.encontrabelohorizonte.com.br\/sobre\/fundacao-ezequiel-dias-prorroga-prazo-para-151-vagas\/#authorImage","url":"https:\/\/secure.gravatar.com\/avatar\/507340682b8270222e1f208e23198b6ae7e2c6a1033ae84e99bc6bce4f82a387?s=96&d=mm&r=g","width":96,"height":96,"caption":"Encontra Belo Horizonte"}},{"@type":"WebPage","@id":"https:\/\/www.encontrabelohorizonte.com.br\/sobre\/fundacao-ezequiel-dias-prorroga-prazo-para-151-vagas\/#webpage","url":"https:\/\/www.encontrabelohorizonte.com.br\/sobre\/fundacao-ezequiel-dias-prorroga-prazo-para-151-vagas\/","name":"Funda\u00e7\u00e3o Ezequiel Dias prorroga prazo para 151 vagas em BH | Encontra Belo Horizonte","description":"A Funda\u00e7\u00e3o Ezequiel Dias (Funec), do estado de Minas Gerais, prorrogou as inscri\u00e7\u00f5es do concurso para 151 vagas em cargos de n\u00edvel m\u00e9dio\/ t\u00e9cnico e superior. Os sal\u00e1rios variam de R$ 825,16 a R$ 3.963,91. Todas as vagas s\u00e3o para Belo Horizonte. As vagas de n\u00edvel m\u00e9dio\/ t\u00e9cnico s\u00e3o para administrativo, auxiliar de produ\u00e7\u00e3o\/ almoxarife\/","inLanguage":"pt-BR","isPartOf":{"@id":"https:\/\/www.encontrabelohorizonte.com.br\/sobre\/#website"},"breadcrumb":{"@id":"https:\/\/www.encontrabelohorizonte.com.br\/sobre\/fundacao-ezequiel-dias-prorroga-prazo-para-151-vagas\/#breadcrumblist"},"author":{"@id":"https:\/\/www.encontrabelohorizonte.com.br\/sobre\/author\/ebelohorizonte\/#author"},"creator":{"@id":"https:\/\/www.encontrabelohorizonte.com.br\/sobre\/author\/ebelohorizonte\/#author"},"datePublished":"2012-07-27T00:02:32-03:00","dateModified":"2019-04-12T18:36:53-03:00"},{"@type":"WebSite","@id":"https:\/\/www.encontrabelohorizonte.com.br\/sobre\/#website","url":"https:\/\/www.encontrabelohorizonte.com.br\/sobre\/","name":"Encontra Belo Horizonte","description":"Not\u00edcias, eventos, informa\u00e7\u00f5es e dicas da cidade de Belo Horizonte e regi\u00e3o","inLanguage":"pt-BR","publisher":{"@id":"https:\/\/www.encontrabelohorizonte.com.br\/sobre\/#organization"}}]},"og:locale":"pt_BR","og:site_name":"Encontra Belo Horizonte | Not\u00edcias, eventos, informa\u00e7\u00f5es e dicas da cidade de Belo Horizonte e regi\u00e3o","og:type":"article","og:title":"Funda\u00e7\u00e3o Ezequiel Dias prorroga prazo para 151 vagas em BH | Encontra Belo Horizonte","og:description":"A Funda\u00e7\u00e3o Ezequiel Dias (Funec), do estado de Minas Gerais, prorrogou as inscri\u00e7\u00f5es do concurso para 151 vagas em cargos de n\u00edvel m\u00e9dio\/ t\u00e9cnico e superior. Os sal\u00e1rios variam de R$ 825,16 a R$ 3.963,91. Todas as vagas s\u00e3o para Belo Horizonte. As vagas de n\u00edvel m\u00e9dio\/ t\u00e9cnico s\u00e3o para administrativo, auxiliar de produ\u00e7\u00e3o\/ almoxarife\/","og:url":"https:\/\/www.encontrabelohorizonte.com.br\/sobre\/fundacao-ezequiel-dias-prorroga-prazo-para-151-vagas\/","article:published_time":"2012-07-27T00:02:32+00:00","article:modified_time":"2019-04-12T18:36:53+00:00","twitter:card":"summary","twitter:title":"Funda\u00e7\u00e3o Ezequiel Dias prorroga prazo para 151 vagas em BH | Encontra Belo Horizonte","twitter:description":"A Funda\u00e7\u00e3o Ezequiel Dias (Funec), do estado de Minas Gerais, prorrogou as inscri\u00e7\u00f5es do concurso para 151 vagas em cargos de n\u00edvel m\u00e9dio\/ t\u00e9cnico e superior. Os sal\u00e1rios variam de R$ 825,16 a R$ 3.963,91. Todas as vagas s\u00e3o para Belo Horizonte. As vagas de n\u00edvel m\u00e9dio\/ t\u00e9cnico s\u00e3o para administrativo, auxiliar de produ\u00e7\u00e3o\/ almoxarife\/"},"aioseo_meta_data":{"post_id":"307","title":null,"description":null,"keywords":null,"keyphrases":null,"primary_term":null,"canonical_url":null,"og_title":null,"og_description":null,"og_object_type":"default","og_image_type":"default","og_image_url":null,"og_image_width":null,"og_image_height":null,"og_image_custom_url":null,"og_image_custom_fields":null,"og_video":null,"og_custom_url":null,"og_article_section":null,"og_article_tags":null,"twitter_use_og":false,"twitter_card":"default","twitter_image_type":"default","twitter_image_url":null,"twitter_image_custom_url":null,"twitter_image_custom_fields":null,"twitter_title":null,"twitter_description":null,"schema":{"blockGraphs":[],"customGraphs":[],"default":{"data":{"Article":[],"Course":[],"Dataset":[],"FAQPage":[],"Movie":[],"Person":[],"Product":[],"ProductReview":[],"Car":[],"Recipe":[],"Service":[],"SoftwareApplication":[],"WebPage":[]},"graphName":"Article","isEnabled":true},"graphs":[]},"schema_type":null,"schema_type_options":null,"pillar_content":false,"robots_default":true,"robots_noindex":false,"robots_noarchive":false,"robots_nosnippet":false,"robots_nofollow":false,"robots_noimageindex":false,"robots_noodp":false,"robots_notranslate":false,"robots_max_snippet":null,"robots_max_videopreview":null,"robots_max_imagepreview":"large","priority":null,"frequency":null,"local_seo":null,"breadcrumb_settings":null,"limit_modified_date":false,"ai":null,"created":"2022-01-19 14:24:42","updated":"2025-09-27 00:05:59","focus_keyword":null,"additional_keywords":null,"truseo_locale":null,"seo_analyzer_scan_date":null},"aioseo_breadcrumb":"<div class=\"aioseo-breadcrumbs\"><span class=\"aioseo-breadcrumb\">\n\t\t\t<a href=\"https:\/\/www.encontrabelohorizonte.com.br\/sobre\" title=\"In\u00edcio\">In\u00edcio<\/a>\n\t\t<\/span><span class=\"aioseo-breadcrumb-separator\">&raquo;<\/span><span class=\"aioseo-breadcrumb\">\n\t\t\t<a href=\"https:\/\/www.encontrabelohorizonte.com.br\/sobre\/empregos\/\" title=\"Empregos Belo Horizonte\">Empregos Belo Horizonte<\/a>\n\t\t<\/span><span class=\"aioseo-breadcrumb-separator\">&raquo;<\/span><span class=\"aioseo-breadcrumb\">\n\t\t\tFunda\u00e7\u00e3o Ezequiel Dias prorroga prazo para 151 vagas em BH\n\t\t<\/span><\/div>","aioseo_breadcrumb_json":[{"label":"In\u00edcio","link":"https:\/\/www.encontrabelohorizonte.com.br\/sobre"},{"label":"Empregos Belo Horizonte","link":"https:\/\/www.encontrabelohorizonte.com.br\/sobre\/empregos\/"},{"label":"Funda\u00e7\u00e3o Ezequiel Dias prorroga prazo para 151 vagas em BH","link":"https:\/\/www.encontrabelohorizonte.com.br\/sobre\/fundacao-ezequiel-dias-prorroga-prazo-para-151-vagas\/"}],"_links":{"self":[{"href":"https:\/\/www.encontrabelohorizonte.com.br\/sobre\/wp-json\/wp\/v2\/posts\/307","targetHints":{"allow":["GET"]}}],"collection":[{"href":"https:\/\/www.encontrabelohorizonte.com.br\/sobre\/wp-json\/wp\/v2\/posts"}],"about":[{"href":"https:\/\/www.encontrabelohorizonte.com.br\/sobre\/wp-json\/wp\/v2\/types\/post"}],"author":[{"embeddable":true,"href":"https:\/\/www.encontrabelohorizonte.com.br\/sobre\/wp-json\/wp\/v2\/users\/1"}],"replies":[{"embeddable":true,"href":"https:\/\/www.encontrabelohorizonte.com.br\/sobre\/wp-json\/wp\/v2\/comments?post=307"}],"version-history":[{"count":0,"href":"https:\/\/www.encontrabelohorizonte.com.br\/sobre\/wp-json\/wp\/v2\/posts\/307\/revisions"}],"wp:attachment":[{"href":"https:\/\/www.encontrabelohorizonte.com.br\/sobre\/wp-json\/wp\/v2\/media?parent=307"}],"wp:term":[{"taxonomy":"category","embeddable":true,"href":"https:\/\/www.encontrabelohorizonte.com.br\/sobre\/wp-json\/wp\/v2\/categories?post=307"},{"taxonomy":"post_tag","embeddable":true,"href":"https:\/\/www.encontrabelohorizonte.com.br\/sobre\/wp-json\/wp\/v2\/tags?post=307"}],"curies":[{"name":"wp","href":"https:\/\/api.w.org\/{rel}","templated":true}]}}