{"id":312,"date":"2012-07-27T00:15:47","date_gmt":"2012-07-27T00:15:47","guid":{"rendered":"http:\/\/www.encontrabelohorizonte.com.br\/noticias\/?p=312"},"modified":"2019-04-12T18:36:53","modified_gmt":"2019-04-12T18:36:53","slug":"corte-de-ipe-revolta-moradores-de-belo-horizonte","status":"publish","type":"post","link":"https:\/\/www.encontrabelohorizonte.com.br\/sobre\/corte-de-ipe-revolta-moradores-de-belo-horizonte\/","title":{"rendered":"Corte de ip\u00ea revolta moradores de Belo Horizonte"},"content":{"rendered":"<div class=\"2e083cf0b19e2c11948dc6ac054ba979\" data-index=\"1\" style=\"float: none; margin:0px;\">\n<!-- Anuncio display - global -->\r\n<ins class=\"adsbygoogle\"\r\n     style=\"display:block\"\r\n     data-ad-client=\"ca-pub-8585364105181520\"\r\n     data-ad-slot=\"8789329856\"\r\n     data-ad-format=\"auto\"\r\n     data-full-width-responsive=\"true\"><\/ins>\r\n<script>\r\n     (adsbygoogle = window.adsbygoogle || []).push({});\r\n<\/script>\n<\/div>\n<p>Um dos moradores mais famosos do Bairro Cai\u00e7ara, Regi\u00e3o Noroeste de Belo Horizonte, morreu na manh\u00e3 de ontem. O ip\u00ea amarelo que estava plantado no meio da movimentada Rua Itagua\u00ed foi decepado por funcion\u00e1rios da prefeitura. \u201c\u00c9 como se tivesse perdido uma pessoa da fam\u00edlia. Estou chateado demais\u201d, lamenta o aposentado Adilson Ferreira Dias, de 54 anos, que visitava a \u00e1rvore todos os dias.<\/p>\n<p>Amigos do ip\u00ea se espantaram ao verem apenas o toco no canteiro da planta, na altura do n\u00famero 441 da Itagua\u00ed. \u201cLevei um choque. Se estivesse na hora, n\u00e3o teria deixado\u201d, diz Adilson, que mora na mesma rua, a algumas casas dali. \u201cNingu\u00e9m est\u00e1 acreditando no que aconteceu. Era um ip\u00ea maravilhoso. Fazia parte da vida do bairro. Foi uma covardia. O cara vem, corta e n\u00e3o nos d\u00e1 satisfa\u00e7\u00e3o alguma\u201d, reclama o engenheiro civil Fernando Pereira, de 51.<\/p>\n<p>Segundo vizinhos, o ip\u00ea foi plantado em 2003, no mesmo canteiro ocupado h\u00e1 d\u00e9cadas por uma copa\u00edba sobrevivente da \u00e9poca em que o lugar era uma fazenda. A copa\u00edba, ou pau-de-\u00f3leo, foi tombada em abril de 1996 pela Diretoria de Patrim\u00f4nio Cultural de BH, mas morreu de velhice e precisou ser cortada em 2010. Ao ip\u00ea, ent\u00e3o, coube manter a tradi\u00e7\u00e3o. \u201cNo Cai\u00e7ara, qualquer um sabe onde fica a rua com uma \u00e1rvore no meio\u201d, constata Adilson.<\/p>\n<p>O ip\u00ea tamb\u00e9m herdou o carinho que se devotava \u00e0 falecida copa\u00edba. \u201cQuando eu era moleque, a gente ficava embaixo da \u00e1rvore, batendo papo, fazendo piada. Era um ponto de refer\u00eancia para n\u00f3s\u201d, conta o caminhoneiro Wander Campos, de 55, que desde sempre mora em frente ao canteiro. \u201cEra um s\u00edmbolo da minha inf\u00e2ncia, da \u00e9poca em que tudo isso era ch\u00e3o de terra e aqui era uma ro\u00e7a\u201d, recorda Adilson.<\/p>\n<p>No canteiro, ainda tem a placa de metal gravada com o poema \u201cA \u00e1rvore\u201d, escrito pelo aposentado em homenagem \u00e0 copa\u00edba. Apesar do luto de alguns, a morte do ip\u00ea n\u00e3o foi de todo ruim, na opini\u00e3o do cabeleireiro Mateus Guerra, dono de um sal\u00e3o a poucos metros da \u00e1rvore que ajudou a plantar. \u201cEra uma refer\u00eancia, mas o canteiro atrapalha o tr\u00e2nsito\u201d, observa. De vez em quando, o pessoal estaciona o carro ali perto e obstrui a passagem de outros ve\u00edculos.<\/p>\n<p>Por meio de nota oficial, a prefeitura apenas informou que \u201co servi\u00e7o foi executado mediante laudo t\u00e9cnico emitido por engenheiro florestal, ap\u00f3s vistoriar o local e constatar a necessidade\u201d. A nota \u00e9 assinada pela Ger\u00eancia Regional de Manuten\u00e7\u00e3o da Secretaria de Administra\u00e7\u00e3o Municipal Regional Noroeste.<\/p>\n<p><em>Fonte: Di\u00e1rio de Pernambuco<\/em><\/p>\n\n<div style=\"font-size: 0px; height: 0px; line-height: 0px; margin: 0; padding: 0; clear: both;\"><\/div>","protected":false},"excerpt":{"rendered":"<p>Um dos moradores mais famosos do Bairro Cai\u00e7ara, Regi\u00e3o Noroeste de Belo Horizonte, morreu na manh\u00e3 de ontem. O ip\u00ea amarelo que estava plantado no meio da movimentada Rua Itagua\u00ed foi decepado por funcion\u00e1rios da prefeitura. \u201c\u00c9 como se tivesse perdido uma pessoa da fam\u00edlia. Estou chateado demais\u201d, lamenta o aposentado Adilson Ferreira Dias, de 54 anos, que visitava a \u00e1rvore todos os dias. Amigos do ip\u00ea se espantaram ao verem apenas o toco no canteiro da planta, na altura do n\u00famero 441 da Itagua\u00ed. \u201cLevei um choque. Se estivesse na hora, n\u00e3o teria deixado\u201d, diz Adilson, que mora na <\/p>\n","protected":false},"author":1,"featured_media":0,"comment_status":"open","ping_status":"closed","sticky":false,"template":"","format":"standard","meta":{"footnotes":""},"categories":[6],"tags":[],"class_list":["post-312","post","type-post","status-publish","format-standard","hentry","category-noticias"],"aioseo_notices":[],"aioseo_head":"\n\t\t<!-- All in One SEO 5.0.0.1 - aioseo.com -->\n\t<meta name=\"description\" content=\"Um dos moradores mais famosos do Bairro Cai\u00e7ara, Regi\u00e3o Noroeste de Belo Horizonte, morreu na manh\u00e3 de ontem. O ip\u00ea amarelo que estava plantado no meio da movimentada Rua Itagua\u00ed foi decepado por funcion\u00e1rios da prefeitura. \u201c\u00c9 como se tivesse perdido uma pessoa da fam\u00edlia. Estou chateado demais\u201d, lamenta o aposentado Adilson Ferreira Dias, de\" \/>\n\t<meta name=\"robots\" content=\"max-image-preview:large\" \/>\n\t<meta name=\"author\" content=\"Encontra Belo Horizonte\"\/>\n\t<link rel=\"canonical\" href=\"https:\/\/www.encontrabelohorizonte.com.br\/sobre\/corte-de-ipe-revolta-moradores-de-belo-horizonte\/\" \/>\n\t<meta name=\"generator\" content=\"All in One SEO (AIOSEO) 5.0.0.1\" \/>\n\t\t<meta property=\"og:locale\" content=\"pt_BR\" \/>\n\t\t<meta property=\"og:site_name\" content=\"Encontra Belo Horizonte | Not\u00edcias, eventos, informa\u00e7\u00f5es e dicas da cidade de Belo Horizonte e regi\u00e3o\" \/>\n\t\t<meta property=\"og:type\" content=\"article\" \/>\n\t\t<meta property=\"og:title\" content=\"Corte de ip\u00ea revolta moradores de Belo Horizonte | Encontra Belo Horizonte\" \/>\n\t\t<meta property=\"og:description\" content=\"Um dos moradores mais famosos do Bairro Cai\u00e7ara, Regi\u00e3o Noroeste de Belo Horizonte, morreu na manh\u00e3 de ontem. O ip\u00ea amarelo que estava plantado no meio da movimentada Rua Itagua\u00ed foi decepado por funcion\u00e1rios da prefeitura. \u201c\u00c9 como se tivesse perdido uma pessoa da fam\u00edlia. Estou chateado demais\u201d, lamenta o aposentado Adilson Ferreira Dias, de\" \/>\n\t\t<meta property=\"og:url\" content=\"https:\/\/www.encontrabelohorizonte.com.br\/sobre\/corte-de-ipe-revolta-moradores-de-belo-horizonte\/\" \/>\n\t\t<meta property=\"article:published_time\" content=\"2012-07-27T00:15:47+00:00\" \/>\n\t\t<meta property=\"article:modified_time\" content=\"2019-04-12T18:36:53+00:00\" \/>\n\t\t<meta name=\"twitter:card\" content=\"summary\" \/>\n\t\t<meta name=\"twitter:title\" content=\"Corte de ip\u00ea revolta moradores de Belo Horizonte | Encontra Belo Horizonte\" \/>\n\t\t<meta name=\"twitter:description\" content=\"Um dos moradores mais famosos do Bairro Cai\u00e7ara, Regi\u00e3o Noroeste de Belo Horizonte, morreu na manh\u00e3 de ontem. O ip\u00ea amarelo que estava plantado no meio da movimentada Rua Itagua\u00ed foi decepado por funcion\u00e1rios da prefeitura. \u201c\u00c9 como se tivesse perdido uma pessoa da fam\u00edlia. Estou chateado demais\u201d, lamenta o aposentado Adilson Ferreira Dias, de\" \/>\n\t\t<script type=\"application\/ld+json\" class=\"aioseo-schema\">\n\t\t\t{\"@context\":\"https:\\\/\\\/schema.org\",\"@graph\":[{\"@type\":\"Article\",\"@id\":\"https:\\\/\\\/www.encontrabelohorizonte.com.br\\\/sobre\\\/corte-de-ipe-revolta-moradores-de-belo-horizonte\\\/#article\",\"name\":\"Corte de ip\\u00ea revolta moradores de Belo Horizonte | Encontra Belo Horizonte\",\"headline\":\"Corte de ip\\u00ea revolta moradores de Belo Horizonte\",\"author\":{\"@id\":\"https:\\\/\\\/www.encontrabelohorizonte.com.br\\\/sobre\\\/author\\\/ebelohorizonte\\\/#author\"},\"publisher\":{\"@id\":\"https:\\\/\\\/www.encontrabelohorizonte.com.br\\\/sobre\\\/#organization\"},\"datePublished\":\"2012-07-27T00:15:47-03:00\",\"dateModified\":\"2019-04-12T18:36:53-03:00\",\"inLanguage\":\"pt-BR\",\"mainEntityOfPage\":{\"@id\":\"https:\\\/\\\/www.encontrabelohorizonte.com.br\\\/sobre\\\/corte-de-ipe-revolta-moradores-de-belo-horizonte\\\/#webpage\"},\"isPartOf\":{\"@id\":\"https:\\\/\\\/www.encontrabelohorizonte.com.br\\\/sobre\\\/corte-de-ipe-revolta-moradores-de-belo-horizonte\\\/#webpage\"},\"articleSection\":\"Not\\u00edcias Belo Horizonte\"},{\"@type\":\"BreadcrumbList\",\"@id\":\"https:\\\/\\\/www.encontrabelohorizonte.com.br\\\/sobre\\\/corte-de-ipe-revolta-moradores-de-belo-horizonte\\\/#breadcrumblist\",\"itemListElement\":[{\"@type\":\"ListItem\",\"@id\":\"https:\\\/\\\/www.encontrabelohorizonte.com.br\\\/sobre#listItem\",\"position\":1,\"name\":\"In\\u00edcio\",\"item\":\"https:\\\/\\\/www.encontrabelohorizonte.com.br\\\/sobre\",\"nextItem\":{\"@type\":\"ListItem\",\"@id\":\"https:\\\/\\\/www.encontrabelohorizonte.com.br\\\/sobre\\\/noticias\\\/#listItem\",\"name\":\"Not\\u00edcias Belo Horizonte\"}},{\"@type\":\"ListItem\",\"@id\":\"https:\\\/\\\/www.encontrabelohorizonte.com.br\\\/sobre\\\/noticias\\\/#listItem\",\"position\":2,\"name\":\"Not\\u00edcias Belo Horizonte\",\"item\":\"https:\\\/\\\/www.encontrabelohorizonte.com.br\\\/sobre\\\/noticias\\\/\",\"nextItem\":{\"@type\":\"ListItem\",\"@id\":\"https:\\\/\\\/www.encontrabelohorizonte.com.br\\\/sobre\\\/corte-de-ipe-revolta-moradores-de-belo-horizonte\\\/#listItem\",\"name\":\"Corte de ip\\u00ea revolta moradores de Belo Horizonte\"},\"previousItem\":{\"@type\":\"ListItem\",\"@id\":\"https:\\\/\\\/www.encontrabelohorizonte.com.br\\\/sobre#listItem\",\"name\":\"In\\u00edcio\"}},{\"@type\":\"ListItem\",\"@id\":\"https:\\\/\\\/www.encontrabelohorizonte.com.br\\\/sobre\\\/corte-de-ipe-revolta-moradores-de-belo-horizonte\\\/#listItem\",\"position\":3,\"name\":\"Corte de ip\\u00ea revolta moradores de Belo Horizonte\",\"previousItem\":{\"@type\":\"ListItem\",\"@id\":\"https:\\\/\\\/www.encontrabelohorizonte.com.br\\\/sobre\\\/noticias\\\/#listItem\",\"name\":\"Not\\u00edcias Belo Horizonte\"}}]},{\"@type\":\"Organization\",\"@id\":\"https:\\\/\\\/www.encontrabelohorizonte.com.br\\\/sobre\\\/#organization\",\"name\":\"Encontra Belo Horizonte\",\"description\":\"Not\\u00edcias, eventos, informa\\u00e7\\u00f5es e dicas da cidade de Belo Horizonte e regi\\u00e3o\",\"url\":\"https:\\\/\\\/www.encontrabelohorizonte.com.br\\\/sobre\\\/\"},{\"@type\":\"Person\",\"@id\":\"https:\\\/\\\/www.encontrabelohorizonte.com.br\\\/sobre\\\/author\\\/ebelohorizonte\\\/#author\",\"url\":\"https:\\\/\\\/www.encontrabelohorizonte.com.br\\\/sobre\\\/author\\\/ebelohorizonte\\\/\",\"name\":\"Encontra Belo Horizonte\",\"image\":{\"@type\":\"ImageObject\",\"@id\":\"https:\\\/\\\/www.encontrabelohorizonte.com.br\\\/sobre\\\/corte-de-ipe-revolta-moradores-de-belo-horizonte\\\/#authorImage\",\"url\":\"https:\\\/\\\/secure.gravatar.com\\\/avatar\\\/507340682b8270222e1f208e23198b6ae7e2c6a1033ae84e99bc6bce4f82a387?s=96&d=mm&r=g\",\"width\":96,\"height\":96,\"caption\":\"Encontra Belo Horizonte\"}},{\"@type\":\"WebPage\",\"@id\":\"https:\\\/\\\/www.encontrabelohorizonte.com.br\\\/sobre\\\/corte-de-ipe-revolta-moradores-de-belo-horizonte\\\/#webpage\",\"url\":\"https:\\\/\\\/www.encontrabelohorizonte.com.br\\\/sobre\\\/corte-de-ipe-revolta-moradores-de-belo-horizonte\\\/\",\"name\":\"Corte de ip\\u00ea revolta moradores de Belo Horizonte | Encontra Belo Horizonte\",\"description\":\"Um dos moradores mais famosos do Bairro Cai\\u00e7ara, Regi\\u00e3o Noroeste de Belo Horizonte, morreu na manh\\u00e3 de ontem. O ip\\u00ea amarelo que estava plantado no meio da movimentada Rua Itagua\\u00ed foi decepado por funcion\\u00e1rios da prefeitura. \\u201c\\u00c9 como se tivesse perdido uma pessoa da fam\\u00edlia. Estou chateado demais\\u201d, lamenta o aposentado Adilson Ferreira Dias, de\",\"inLanguage\":\"pt-BR\",\"isPartOf\":{\"@id\":\"https:\\\/\\\/www.encontrabelohorizonte.com.br\\\/sobre\\\/#website\"},\"breadcrumb\":{\"@id\":\"https:\\\/\\\/www.encontrabelohorizonte.com.br\\\/sobre\\\/corte-de-ipe-revolta-moradores-de-belo-horizonte\\\/#breadcrumblist\"},\"author\":{\"@id\":\"https:\\\/\\\/www.encontrabelohorizonte.com.br\\\/sobre\\\/author\\\/ebelohorizonte\\\/#author\"},\"creator\":{\"@id\":\"https:\\\/\\\/www.encontrabelohorizonte.com.br\\\/sobre\\\/author\\\/ebelohorizonte\\\/#author\"},\"datePublished\":\"2012-07-27T00:15:47-03:00\",\"dateModified\":\"2019-04-12T18:36:53-03:00\"},{\"@type\":\"WebSite\",\"@id\":\"https:\\\/\\\/www.encontrabelohorizonte.com.br\\\/sobre\\\/#website\",\"url\":\"https:\\\/\\\/www.encontrabelohorizonte.com.br\\\/sobre\\\/\",\"name\":\"Encontra Belo Horizonte\",\"description\":\"Not\\u00edcias, eventos, informa\\u00e7\\u00f5es e dicas da cidade de Belo Horizonte e regi\\u00e3o\",\"inLanguage\":\"pt-BR\",\"publisher\":{\"@id\":\"https:\\\/\\\/www.encontrabelohorizonte.com.br\\\/sobre\\\/#organization\"}}]}\n\t\t<\/script>\n\t\t<!-- All in One SEO -->\n\n","aioseo_head_json":{"title":"Corte de ip\u00ea revolta moradores de Belo Horizonte | Encontra Belo Horizonte","description":"Um dos moradores mais famosos do Bairro Cai\u00e7ara, Regi\u00e3o Noroeste de Belo Horizonte, morreu na manh\u00e3 de ontem. O ip\u00ea amarelo que estava plantado no meio da movimentada Rua Itagua\u00ed foi decepado por funcion\u00e1rios da prefeitura. \u201c\u00c9 como se tivesse perdido uma pessoa da fam\u00edlia. Estou chateado demais\u201d, lamenta o aposentado Adilson Ferreira Dias, de","canonical_url":"https:\/\/www.encontrabelohorizonte.com.br\/sobre\/corte-de-ipe-revolta-moradores-de-belo-horizonte\/","robots":"max-image-preview:large","keywords":"","webmasterTools":{"miscellaneous":""},"schema":{"@context":"https:\/\/schema.org","@graph":[{"@type":"Article","@id":"https:\/\/www.encontrabelohorizonte.com.br\/sobre\/corte-de-ipe-revolta-moradores-de-belo-horizonte\/#article","name":"Corte de ip\u00ea revolta moradores de Belo Horizonte | Encontra Belo Horizonte","headline":"Corte de ip\u00ea revolta moradores de Belo Horizonte","author":{"@id":"https:\/\/www.encontrabelohorizonte.com.br\/sobre\/author\/ebelohorizonte\/#author"},"publisher":{"@id":"https:\/\/www.encontrabelohorizonte.com.br\/sobre\/#organization"},"datePublished":"2012-07-27T00:15:47-03:00","dateModified":"2019-04-12T18:36:53-03:00","inLanguage":"pt-BR","mainEntityOfPage":{"@id":"https:\/\/www.encontrabelohorizonte.com.br\/sobre\/corte-de-ipe-revolta-moradores-de-belo-horizonte\/#webpage"},"isPartOf":{"@id":"https:\/\/www.encontrabelohorizonte.com.br\/sobre\/corte-de-ipe-revolta-moradores-de-belo-horizonte\/#webpage"},"articleSection":"Not\u00edcias Belo Horizonte"},{"@type":"BreadcrumbList","@id":"https:\/\/www.encontrabelohorizonte.com.br\/sobre\/corte-de-ipe-revolta-moradores-de-belo-horizonte\/#breadcrumblist","itemListElement":[{"@type":"ListItem","@id":"https:\/\/www.encontrabelohorizonte.com.br\/sobre#listItem","position":1,"name":"In\u00edcio","item":"https:\/\/www.encontrabelohorizonte.com.br\/sobre","nextItem":{"@type":"ListItem","@id":"https:\/\/www.encontrabelohorizonte.com.br\/sobre\/noticias\/#listItem","name":"Not\u00edcias Belo Horizonte"}},{"@type":"ListItem","@id":"https:\/\/www.encontrabelohorizonte.com.br\/sobre\/noticias\/#listItem","position":2,"name":"Not\u00edcias Belo Horizonte","item":"https:\/\/www.encontrabelohorizonte.com.br\/sobre\/noticias\/","nextItem":{"@type":"ListItem","@id":"https:\/\/www.encontrabelohorizonte.com.br\/sobre\/corte-de-ipe-revolta-moradores-de-belo-horizonte\/#listItem","name":"Corte de ip\u00ea revolta moradores de Belo Horizonte"},"previousItem":{"@type":"ListItem","@id":"https:\/\/www.encontrabelohorizonte.com.br\/sobre#listItem","name":"In\u00edcio"}},{"@type":"ListItem","@id":"https:\/\/www.encontrabelohorizonte.com.br\/sobre\/corte-de-ipe-revolta-moradores-de-belo-horizonte\/#listItem","position":3,"name":"Corte de ip\u00ea revolta moradores de Belo Horizonte","previousItem":{"@type":"ListItem","@id":"https:\/\/www.encontrabelohorizonte.com.br\/sobre\/noticias\/#listItem","name":"Not\u00edcias Belo Horizonte"}}]},{"@type":"Organization","@id":"https:\/\/www.encontrabelohorizonte.com.br\/sobre\/#organization","name":"Encontra Belo Horizonte","description":"Not\u00edcias, eventos, informa\u00e7\u00f5es e dicas da cidade de Belo Horizonte e regi\u00e3o","url":"https:\/\/www.encontrabelohorizonte.com.br\/sobre\/"},{"@type":"Person","@id":"https:\/\/www.encontrabelohorizonte.com.br\/sobre\/author\/ebelohorizonte\/#author","url":"https:\/\/www.encontrabelohorizonte.com.br\/sobre\/author\/ebelohorizonte\/","name":"Encontra Belo Horizonte","image":{"@type":"ImageObject","@id":"https:\/\/www.encontrabelohorizonte.com.br\/sobre\/corte-de-ipe-revolta-moradores-de-belo-horizonte\/#authorImage","url":"https:\/\/secure.gravatar.com\/avatar\/507340682b8270222e1f208e23198b6ae7e2c6a1033ae84e99bc6bce4f82a387?s=96&d=mm&r=g","width":96,"height":96,"caption":"Encontra Belo Horizonte"}},{"@type":"WebPage","@id":"https:\/\/www.encontrabelohorizonte.com.br\/sobre\/corte-de-ipe-revolta-moradores-de-belo-horizonte\/#webpage","url":"https:\/\/www.encontrabelohorizonte.com.br\/sobre\/corte-de-ipe-revolta-moradores-de-belo-horizonte\/","name":"Corte de ip\u00ea revolta moradores de Belo Horizonte | Encontra Belo Horizonte","description":"Um dos moradores mais famosos do Bairro Cai\u00e7ara, Regi\u00e3o Noroeste de Belo Horizonte, morreu na manh\u00e3 de ontem. O ip\u00ea amarelo que estava plantado no meio da movimentada Rua Itagua\u00ed foi decepado por funcion\u00e1rios da prefeitura. \u201c\u00c9 como se tivesse perdido uma pessoa da fam\u00edlia. Estou chateado demais\u201d, lamenta o aposentado Adilson Ferreira Dias, de","inLanguage":"pt-BR","isPartOf":{"@id":"https:\/\/www.encontrabelohorizonte.com.br\/sobre\/#website"},"breadcrumb":{"@id":"https:\/\/www.encontrabelohorizonte.com.br\/sobre\/corte-de-ipe-revolta-moradores-de-belo-horizonte\/#breadcrumblist"},"author":{"@id":"https:\/\/www.encontrabelohorizonte.com.br\/sobre\/author\/ebelohorizonte\/#author"},"creator":{"@id":"https:\/\/www.encontrabelohorizonte.com.br\/sobre\/author\/ebelohorizonte\/#author"},"datePublished":"2012-07-27T00:15:47-03:00","dateModified":"2019-04-12T18:36:53-03:00"},{"@type":"WebSite","@id":"https:\/\/www.encontrabelohorizonte.com.br\/sobre\/#website","url":"https:\/\/www.encontrabelohorizonte.com.br\/sobre\/","name":"Encontra Belo Horizonte","description":"Not\u00edcias, eventos, informa\u00e7\u00f5es e dicas da cidade de Belo Horizonte e regi\u00e3o","inLanguage":"pt-BR","publisher":{"@id":"https:\/\/www.encontrabelohorizonte.com.br\/sobre\/#organization"}}]},"og:locale":"pt_BR","og:site_name":"Encontra Belo Horizonte | Not\u00edcias, eventos, informa\u00e7\u00f5es e dicas da cidade de Belo Horizonte e regi\u00e3o","og:type":"article","og:title":"Corte de ip\u00ea revolta moradores de Belo Horizonte | Encontra Belo Horizonte","og:description":"Um dos moradores mais famosos do Bairro Cai\u00e7ara, Regi\u00e3o Noroeste de Belo Horizonte, morreu na manh\u00e3 de ontem. O ip\u00ea amarelo que estava plantado no meio da movimentada Rua Itagua\u00ed foi decepado por funcion\u00e1rios da prefeitura. \u201c\u00c9 como se tivesse perdido uma pessoa da fam\u00edlia. Estou chateado demais\u201d, lamenta o aposentado Adilson Ferreira Dias, de","og:url":"https:\/\/www.encontrabelohorizonte.com.br\/sobre\/corte-de-ipe-revolta-moradores-de-belo-horizonte\/","article:published_time":"2012-07-27T00:15:47+00:00","article:modified_time":"2019-04-12T18:36:53+00:00","twitter:card":"summary","twitter:title":"Corte de ip\u00ea revolta moradores de Belo Horizonte | Encontra Belo Horizonte","twitter:description":"Um dos moradores mais famosos do Bairro Cai\u00e7ara, Regi\u00e3o Noroeste de Belo Horizonte, morreu na manh\u00e3 de ontem. O ip\u00ea amarelo que estava plantado no meio da movimentada Rua Itagua\u00ed foi decepado por funcion\u00e1rios da prefeitura. \u201c\u00c9 como se tivesse perdido uma pessoa da fam\u00edlia. Estou chateado demais\u201d, lamenta o aposentado Adilson Ferreira Dias, de"},"aioseo_meta_data":{"post_id":"312","title":null,"description":null,"keywords":null,"keyphrases":null,"primary_term":null,"canonical_url":null,"og_title":null,"og_description":null,"og_object_type":"default","og_image_type":"default","og_image_url":null,"og_image_width":null,"og_image_height":null,"og_image_custom_url":null,"og_image_custom_fields":null,"og_video":null,"og_custom_url":null,"og_article_section":null,"og_article_tags":null,"twitter_use_og":false,"twitter_card":"default","twitter_image_type":"default","twitter_image_url":null,"twitter_image_custom_url":null,"twitter_image_custom_fields":null,"twitter_title":null,"twitter_description":null,"schema":{"blockGraphs":[],"customGraphs":[],"default":{"data":{"Article":[],"Course":[],"Dataset":[],"FAQPage":[],"Movie":[],"Person":[],"Product":[],"ProductReview":[],"Car":[],"Recipe":[],"Service":[],"SoftwareApplication":[],"WebPage":[]},"graphName":"Article","isEnabled":true},"graphs":[]},"schema_type":null,"schema_type_options":null,"pillar_content":false,"robots_default":true,"robots_noindex":false,"robots_noarchive":false,"robots_nosnippet":false,"robots_nofollow":false,"robots_noimageindex":false,"robots_noodp":false,"robots_notranslate":false,"robots_max_snippet":null,"robots_max_videopreview":null,"robots_max_imagepreview":"large","priority":null,"frequency":null,"local_seo":null,"breadcrumb_settings":null,"limit_modified_date":false,"ai":null,"created":"2022-01-19 14:24:42","updated":"2025-09-27 00:05:59","focus_keyword":null,"additional_keywords":null,"truseo_locale":null,"seo_analyzer_scan_date":null},"aioseo_breadcrumb":"<div class=\"aioseo-breadcrumbs\"><span class=\"aioseo-breadcrumb\">\n\t\t\t<a href=\"https:\/\/www.encontrabelohorizonte.com.br\/sobre\" title=\"In\u00edcio\">In\u00edcio<\/a>\n\t\t<\/span><span class=\"aioseo-breadcrumb-separator\">&raquo;<\/span><span class=\"aioseo-breadcrumb\">\n\t\t\t<a href=\"https:\/\/www.encontrabelohorizonte.com.br\/sobre\/noticias\/\" title=\"Not\u00edcias Belo Horizonte\">Not\u00edcias Belo Horizonte<\/a>\n\t\t<\/span><span class=\"aioseo-breadcrumb-separator\">&raquo;<\/span><span class=\"aioseo-breadcrumb\">\n\t\t\tCorte de ip\u00ea revolta moradores de Belo Horizonte\n\t\t<\/span><\/div>","aioseo_breadcrumb_json":[{"label":"In\u00edcio","link":"https:\/\/www.encontrabelohorizonte.com.br\/sobre"},{"label":"Not\u00edcias Belo Horizonte","link":"https:\/\/www.encontrabelohorizonte.com.br\/sobre\/noticias\/"},{"label":"Corte de ip\u00ea revolta moradores de Belo Horizonte","link":"https:\/\/www.encontrabelohorizonte.com.br\/sobre\/corte-de-ipe-revolta-moradores-de-belo-horizonte\/"}],"_links":{"self":[{"href":"https:\/\/www.encontrabelohorizonte.com.br\/sobre\/wp-json\/wp\/v2\/posts\/312","targetHints":{"allow":["GET"]}}],"collection":[{"href":"https:\/\/www.encontrabelohorizonte.com.br\/sobre\/wp-json\/wp\/v2\/posts"}],"about":[{"href":"https:\/\/www.encontrabelohorizonte.com.br\/sobre\/wp-json\/wp\/v2\/types\/post"}],"author":[{"embeddable":true,"href":"https:\/\/www.encontrabelohorizonte.com.br\/sobre\/wp-json\/wp\/v2\/users\/1"}],"replies":[{"embeddable":true,"href":"https:\/\/www.encontrabelohorizonte.com.br\/sobre\/wp-json\/wp\/v2\/comments?post=312"}],"version-history":[{"count":0,"href":"https:\/\/www.encontrabelohorizonte.com.br\/sobre\/wp-json\/wp\/v2\/posts\/312\/revisions"}],"wp:attachment":[{"href":"https:\/\/www.encontrabelohorizonte.com.br\/sobre\/wp-json\/wp\/v2\/media?parent=312"}],"wp:term":[{"taxonomy":"category","embeddable":true,"href":"https:\/\/www.encontrabelohorizonte.com.br\/sobre\/wp-json\/wp\/v2\/categories?post=312"},{"taxonomy":"post_tag","embeddable":true,"href":"https:\/\/www.encontrabelohorizonte.com.br\/sobre\/wp-json\/wp\/v2\/tags?post=312"}],"curies":[{"name":"wp","href":"https:\/\/api.w.org\/{rel}","templated":true}]}}