{"id":3123,"date":"2025-10-23T07:07:00","date_gmt":"2025-10-23T10:07:00","guid":{"rendered":"https:\/\/www.encontrabelohorizonte.com.br\/sobre\/confira-a-programacao-do-dialogo-publico-minas-gerais\/"},"modified":"2025-10-23T07:07:00","modified_gmt":"2025-10-23T10:07:00","slug":"confira-a-programacao-do-dialogo-publico-minas-gerais","status":"publish","type":"post","link":"https:\/\/www.encontrabelohorizonte.com.br\/sobre\/confira-a-programacao-do-dialogo-publico-minas-gerais\/","title":{"rendered":"Confira a programa\u00e7\u00e3o do Di\u00e1logo P\u00fablico Minas Gerais"},"content":{"rendered":"<div class=\"2e083cf0b19e2c11948dc6ac054ba979\" data-index=\"1\" style=\"float: none; margin:0px;\">\n<!-- Anuncio display - global -->\r\n<ins class=\"adsbygoogle\"\r\n     style=\"display:block\"\r\n     data-ad-client=\"ca-pub-8585364105181520\"\r\n     data-ad-slot=\"8789329856\"\r\n     data-ad-format=\"auto\"\r\n     data-full-width-responsive=\"true\"><\/ins>\r\n<script>\r\n     (adsbygoogle = window.adsbygoogle || []).push({});\r\n<\/script>\n<\/div>\n<h2>Objetivo do Di\u00e1logo P\u00fablico<\/h2>\n<p>O <strong>Di\u00e1logo P\u00fablico<\/strong> em Minas Gerais tem como principal objetivo promover uma <em>discuss\u00e3o aberta<\/em> entre cidad\u00e3os, governo e especialistas sobre temas relevantes que afetam a sociedade mineira. Esta iniciativa visa criar um espa\u00e7o onde todos possam expressar suas opini\u00f5es, preocupa\u00e7\u00f5es e sugest\u00f5es, contribuindo para a constru\u00e7\u00e3o de pol\u00edticas p\u00fablicas mais eficientes e que atendam \u00e0s necessidades reais da comunidade.<\/p>\n<p>Durante o evento, diversos temas de interesse ter\u00e3o destaque, como igualdade social, desenvolvimento sustent\u00e1vel e sa\u00fade p\u00fablica. O <strong>Di\u00e1logo P\u00fablico<\/strong> \u00e9 uma oportunidade para ouvir a popula\u00e7\u00e3o e entender suas demandas, permitindo que os gestores p\u00fablicos ajustem suas a\u00e7\u00f5es e programas.<\/p>\n<h2>P\u00fablico-Alvo do Evento<\/h2>\n<p>O <strong>Di\u00e1logo P\u00fablico Minas Gerais<\/strong> \u00e9 destinado a todos os cidad\u00e3os, especialmente aqueles que s\u00e3o diretamente impactados pelas pol\u00edticas p\u00fablicas. O evento visa incluir:<\/p>\n<ul>\n<li><strong>Comunidades Locais:<\/strong> Moradores que desejam participar ativamente nas decis\u00f5es que afetam suas vidas.<\/li>\n<li><strong>Organiza\u00e7\u00f5es da Sociedade Civil:<\/strong> Grupos e associa\u00e7\u00f5es que atuam em diversas \u00e1reas sociais e ambientais.<\/li>\n<li><strong>Estudantes e Acad\u00eamicos:<\/strong> Jovens que buscam compreender o funcionamento do governo e se interessam por pol\u00edtica.<\/li>\n<li><strong>Profissionais e Especialistas:<\/strong> Aqueles que podem contribuir com sua experi\u00eancia e conhecimentos t\u00e9cnicos sobre temas discutidos.<\/li>\n<\/ul>\n<h2>Data e Local do Evento<\/h2>\n<p>A pr\u00f3xima edi\u00e7\u00e3o do <strong>Di\u00e1logo P\u00fablico<\/strong> ocorrer\u00e1 no dia <em>[inserir data]<\/em>, no <strong>[nome do local]<\/strong>, que est\u00e1 situado em <strong>[endere\u00e7o]<\/strong>. Este local foi escolhido por sua <em>acessibilidade<\/em> e por ser um espa\u00e7o que permite uma ampla participa\u00e7\u00e3o do p\u00fablico. As portas do evento se abrir\u00e3o \u00e0s <strong>[hor\u00e1rio]<\/strong>, e a expectativa \u00e9 que todos tenham a oportunidade de se manifestar e engajar no debate.<\/p>\n<h2>Programa\u00e7\u00e3o de Palestras<\/h2>\n<p>A programa\u00e7\u00e3o do evento \u00e9 rica e diversificada, trazendo especialistas de renome e personalidades da sociedade civil. Algumas das palestras confirmadas incluem:<\/p>\n<ul>\n<li><strong>[Nome do Palestrante]<\/strong>: Com tema <em>[tema da palestra]<\/em>.<\/li>\n<li><strong>[Nome do Palestrante]<\/strong>: Com tema <em>[tema da palestra]<\/em>.<\/li>\n<li><strong>[Nome do Palestrante]<\/strong>: Com tema <em>[tema da palestra]<\/em>.<\/li>\n<\/ul>\n<p>Al\u00e9m das palestras, haver\u00e1 sess\u00f5es de perguntas e respostas, permitindo que o p\u00fablico interaja diretamente com os palestrantes, esclarecendo d\u00favidas e aprofundando os t\u00f3picos discutidos.<\/p>\n<h2>Inscri\u00e7\u00f5es Abertas<\/h2>\n<p>As inscri\u00e7\u00f5es para o <strong>Di\u00e1logo P\u00fablico<\/strong> est\u00e3o abertas e podem ser feitas atrav\u00e9s do site oficial <em>[inserir URL do site]<\/em>. \u00c9 importante que os interessados se inscrevam com anteced\u00eancia, pois as vagas s\u00e3o limitadas. O processo de inscri\u00e7\u00e3o \u00e9 simples e pode ser feito em poucos minutos.<\/p>\n<h2>Semin\u00e1rio CFEM e Seus Benef\u00edcios<\/h2>\n<p>Um dos destaques do <strong>Di\u00e1logo P\u00fablico<\/strong> ser\u00e1 o semin\u00e1rio sobre a <strong>Compensa\u00e7\u00e3o Financeira pela Explora\u00e7\u00e3o de Recursos Minerais (CFEM)<\/strong>. Esse semin\u00e1rio abordar\u00e1 como a CFEM impacta as comunidades e quais s\u00e3o os benef\u00edcios que podem ser gerados a partir dela. Os participantes ter\u00e3o a oportunidade de entender como esses recursos s\u00e3o aplicados, e como a popula\u00e7\u00e3o pode se beneficiar.<\/p>\n<p>O CFEM \u00e9 uma import\u00e2ncia fundamental, pois garante que parte dos recursos gerados pela minera\u00e7\u00e3o volte para as comunidades afetadas. Discutir isso no <strong>Di\u00e1logo P\u00fablico<\/strong> \u00e9 essencial para que a popula\u00e7\u00e3o se torne mais consciente e ativa.<\/p>\n<h2>Oficina do ISC: O que Esperar<\/h2>\n<p>Durante o evento, haver\u00e1 uma oficina organizada pelo <strong>Instituto de Sustentabilidade e Cidadania (ISC)<\/strong>. Esta oficina ter\u00e1 como foco as pr\u00e1ticas de cidadania ativa e como os cidad\u00e3os podem se mobilizar para influenciar as pol\u00edticas p\u00fablicas em suas comunidades.<\/p>\n<p>Os participantes poder\u00e3o esperar uma abordagem pr\u00e1tica, onde ser\u00e3o oferecidos <strong>ferramentas<\/strong> e <strong>estrat\u00e9gias<\/strong> para come\u00e7ar a fazer a diferen\u00e7a. O ISC tem um hist\u00f3rico de sucesso na promo\u00e7\u00e3o de iniciativas cidad\u00e3s e sua participa\u00e7\u00e3o no <strong>Di\u00e1logo P\u00fablico<\/strong> certamente enriquecer\u00e1 a discuss\u00e3o.<\/p>\n<h2>Impactos nas Comunidades<\/h2>\n<p>Os impactos do <strong>Di\u00e1logo P\u00fablico<\/strong> nas comunidades s\u00e3o diversos e significativos. Ao promover um espa\u00e7o de debate, o evento:<\/p>\n<ul>\n<li><strong>Fortalece a Cidadania:<\/strong> A participa\u00e7\u00e3o ativa no di\u00e1logo estimula o engajamento c\u00edvico e fortalece a rela\u00e7\u00e3o dos cidad\u00e3os com a gest\u00e3o p\u00fablica.<\/li>\n<li><strong>Gera Conscientiza\u00e7\u00e3o:<\/strong> Atrav\u00e9s das palestras e debates, a popula\u00e7\u00e3o se torna mais consciente de seus direitos e deveres, assim como das quest\u00f5es que a afetam.<\/li>\n<li><strong>Cria Redes de Colabora\u00e7\u00e3o:<\/strong> O evento possibilita a forma\u00e7\u00e3o de novas parcerias entre cidad\u00e3os, organiza\u00e7\u00f5es e governo.<\/li>\n<\/ul>\n<h2>Import\u00e2ncia da Participa\u00e7\u00e3o P\u00fablica<\/h2>\n<p>Participar do <strong>Di\u00e1logo P\u00fablico<\/strong> \u00e9 essencial porque:<\/p>\n<ul>\n<li><strong>Voz Ativa:<\/strong> Cada cidad\u00e3o tem a chance de ser ouvido, compartilhando suas preocupa\u00e7\u00f5es e anseios.<\/li>\n<li><strong>Influ\u00eancia nas Decis\u00f5es:<\/strong> A participa\u00e7\u00e3o efetiva pode influenciar a formula\u00e7\u00e3o e implementa\u00e7\u00e3o de pol\u00edticas p\u00fablicas.<\/li>\n<li><strong>Transpar\u00eancia:<\/strong> Estar presente \u00e9 uma forma de exigir transpar\u00eancia e responsabilidade do governo.<\/li>\n<\/ul>\n<p>Esperamos que o m\u00e1ximo de pessoas compare\u00e7a, pois cada voz importa e faz diferen\u00e7a.<\/p>\n<h2>Contato para Mais Informa\u00e7\u00f5es<\/h2>\n<p>Para mais informa\u00e7\u00f5es sobre o <strong>Di\u00e1logo P\u00fablico Minas Gerais<\/strong>, entre em contato atrav\u00e9s de:<\/p>\n<ul>\n<li><strong>Email:<\/strong> <em>[inserir email]<\/em><\/li>\n<li><strong>Telefone:<\/strong> <em>[inserir telefone]<\/em><\/li>\n<li><strong>Website:<\/strong> <em>[inserir URL do site]<\/em><\/li>\n<\/ul>\n<p>N\u00e3o perca a chance de participar desse momento \u00fanico e contribuir para o futuro de Minas Gerais. Sua voz \u00e9 importante!<\/p>\n\n<div style=\"font-size: 0px; height: 0px; line-height: 0px; margin: 0; padding: 0; clear: both;\"><\/div>","protected":false},"excerpt":{"rendered":"<p>Di\u00e1logo P\u00fablico Minas Gerais: um evento imperd\u00edvel para gestores p\u00fablicos!<\/p>\n","protected":false},"author":1,"featured_media":3122,"comment_status":"closed","ping_status":"closed","sticky":false,"template":"","format":"standard","meta":{"footnotes":""},"categories":[6],"tags":[],"class_list":["post-3123","post","type-post","status-publish","format-standard","has-post-thumbnail","hentry","category-noticias","has_thumb"],"aioseo_notices":[],"aioseo_head":"\n\t\t<!-- All in One SEO 5.0.0.1 - aioseo.com -->\n\t<meta name=\"description\" content=\"Di\u00e1logo P\u00fablico Minas Gerais: um evento imperd\u00edvel para gestores p\u00fablicos!\" \/>\n\t<meta name=\"robots\" content=\"max-image-preview:large\" \/>\n\t<meta name=\"author\" content=\"Encontra Belo Horizonte\"\/>\n\t<link rel=\"canonical\" href=\"https:\/\/www.encontrabelohorizonte.com.br\/sobre\/confira-a-programacao-do-dialogo-publico-minas-gerais\/\" \/>\n\t<meta name=\"generator\" content=\"All in One SEO (AIOSEO) 5.0.0.1\" \/>\n\t\t<meta property=\"og:locale\" content=\"pt_BR\" \/>\n\t\t<meta property=\"og:site_name\" content=\"Encontra Belo Horizonte | Not\u00edcias, eventos, informa\u00e7\u00f5es e dicas da cidade de Belo Horizonte e regi\u00e3o\" \/>\n\t\t<meta property=\"og:type\" content=\"article\" \/>\n\t\t<meta property=\"og:title\" content=\"Confira a programa\u00e7\u00e3o do Di\u00e1logo P\u00fablico Minas Gerais | Encontra Belo Horizonte\" \/>\n\t\t<meta property=\"og:description\" content=\"Di\u00e1logo P\u00fablico Minas Gerais: um evento imperd\u00edvel para gestores p\u00fablicos!\" \/>\n\t\t<meta property=\"og:url\" content=\"https:\/\/www.encontrabelohorizonte.com.br\/sobre\/confira-a-programacao-do-dialogo-publico-minas-gerais\/\" \/>\n\t\t<meta property=\"article:published_time\" content=\"2025-10-23T10:07:00+00:00\" \/>\n\t\t<meta property=\"article:modified_time\" content=\"2025-10-23T10:07:00+00:00\" \/>\n\t\t<meta name=\"twitter:card\" content=\"summary\" \/>\n\t\t<meta name=\"twitter:title\" content=\"Confira a programa\u00e7\u00e3o do Di\u00e1logo P\u00fablico Minas Gerais | Encontra Belo Horizonte\" \/>\n\t\t<meta name=\"twitter:description\" content=\"Di\u00e1logo P\u00fablico Minas Gerais: um evento imperd\u00edvel para gestores p\u00fablicos!\" \/>\n\t\t<script type=\"application\/ld+json\" class=\"aioseo-schema\">\n\t\t\t{\"@context\":\"https:\\\/\\\/schema.org\",\"@graph\":[{\"@type\":\"Article\",\"@id\":\"https:\\\/\\\/www.encontrabelohorizonte.com.br\\\/sobre\\\/confira-a-programacao-do-dialogo-publico-minas-gerais\\\/#article\",\"name\":\"Confira a programa\\u00e7\\u00e3o do Di\\u00e1logo P\\u00fablico Minas Gerais | Encontra Belo Horizonte\",\"headline\":\"Confira a programa\\u00e7\\u00e3o do Di\\u00e1logo P\\u00fablico Minas Gerais\",\"author\":{\"@id\":\"https:\\\/\\\/www.encontrabelohorizonte.com.br\\\/sobre\\\/author\\\/ebelohorizonte\\\/#author\"},\"publisher\":{\"@id\":\"https:\\\/\\\/www.encontrabelohorizonte.com.br\\\/sobre\\\/#organization\"},\"image\":{\"@type\":\"ImageObject\",\"url\":\"https:\\\/\\\/www.encontrabelohorizonte.com.br\\\/sobre\\\/wp-content\\\/uploads\\\/confira-a-programacao-do-dialogo-publico-minas-gerais.webp\",\"width\":320,\"height\":280,\"caption\":\"Di\\u00e1logo P\\u00fablico Minas Gerais\"},\"datePublished\":\"2025-10-23T07:07:00-03:00\",\"dateModified\":\"2025-10-23T07:07:00-03:00\",\"inLanguage\":\"pt-BR\",\"mainEntityOfPage\":{\"@id\":\"https:\\\/\\\/www.encontrabelohorizonte.com.br\\\/sobre\\\/confira-a-programacao-do-dialogo-publico-minas-gerais\\\/#webpage\"},\"isPartOf\":{\"@id\":\"https:\\\/\\\/www.encontrabelohorizonte.com.br\\\/sobre\\\/confira-a-programacao-do-dialogo-publico-minas-gerais\\\/#webpage\"},\"articleSection\":\"Not\\u00edcias Belo Horizonte\"},{\"@type\":\"BreadcrumbList\",\"@id\":\"https:\\\/\\\/www.encontrabelohorizonte.com.br\\\/sobre\\\/confira-a-programacao-do-dialogo-publico-minas-gerais\\\/#breadcrumblist\",\"itemListElement\":[{\"@type\":\"ListItem\",\"@id\":\"https:\\\/\\\/www.encontrabelohorizonte.com.br\\\/sobre#listItem\",\"position\":1,\"name\":\"In\\u00edcio\",\"item\":\"https:\\\/\\\/www.encontrabelohorizonte.com.br\\\/sobre\",\"nextItem\":{\"@type\":\"ListItem\",\"@id\":\"https:\\\/\\\/www.encontrabelohorizonte.com.br\\\/sobre\\\/noticias\\\/#listItem\",\"name\":\"Not\\u00edcias Belo Horizonte\"}},{\"@type\":\"ListItem\",\"@id\":\"https:\\\/\\\/www.encontrabelohorizonte.com.br\\\/sobre\\\/noticias\\\/#listItem\",\"position\":2,\"name\":\"Not\\u00edcias Belo Horizonte\",\"item\":\"https:\\\/\\\/www.encontrabelohorizonte.com.br\\\/sobre\\\/noticias\\\/\",\"nextItem\":{\"@type\":\"ListItem\",\"@id\":\"https:\\\/\\\/www.encontrabelohorizonte.com.br\\\/sobre\\\/confira-a-programacao-do-dialogo-publico-minas-gerais\\\/#listItem\",\"name\":\"Confira a programa\\u00e7\\u00e3o do Di\\u00e1logo P\\u00fablico Minas Gerais\"},\"previousItem\":{\"@type\":\"ListItem\",\"@id\":\"https:\\\/\\\/www.encontrabelohorizonte.com.br\\\/sobre#listItem\",\"name\":\"In\\u00edcio\"}},{\"@type\":\"ListItem\",\"@id\":\"https:\\\/\\\/www.encontrabelohorizonte.com.br\\\/sobre\\\/confira-a-programacao-do-dialogo-publico-minas-gerais\\\/#listItem\",\"position\":3,\"name\":\"Confira a programa\\u00e7\\u00e3o do Di\\u00e1logo P\\u00fablico Minas Gerais\",\"previousItem\":{\"@type\":\"ListItem\",\"@id\":\"https:\\\/\\\/www.encontrabelohorizonte.com.br\\\/sobre\\\/noticias\\\/#listItem\",\"name\":\"Not\\u00edcias Belo Horizonte\"}}]},{\"@type\":\"Organization\",\"@id\":\"https:\\\/\\\/www.encontrabelohorizonte.com.br\\\/sobre\\\/#organization\",\"name\":\"Encontra Belo Horizonte\",\"description\":\"Not\\u00edcias, eventos, informa\\u00e7\\u00f5es e dicas da cidade de Belo Horizonte e regi\\u00e3o\",\"url\":\"https:\\\/\\\/www.encontrabelohorizonte.com.br\\\/sobre\\\/\"},{\"@type\":\"Person\",\"@id\":\"https:\\\/\\\/www.encontrabelohorizonte.com.br\\\/sobre\\\/author\\\/ebelohorizonte\\\/#author\",\"url\":\"https:\\\/\\\/www.encontrabelohorizonte.com.br\\\/sobre\\\/author\\\/ebelohorizonte\\\/\",\"name\":\"Encontra Belo Horizonte\",\"image\":{\"@type\":\"ImageObject\",\"@id\":\"https:\\\/\\\/www.encontrabelohorizonte.com.br\\\/sobre\\\/confira-a-programacao-do-dialogo-publico-minas-gerais\\\/#authorImage\",\"url\":\"https:\\\/\\\/secure.gravatar.com\\\/avatar\\\/507340682b8270222e1f208e23198b6ae7e2c6a1033ae84e99bc6bce4f82a387?s=96&d=mm&r=g\",\"width\":96,\"height\":96,\"caption\":\"Encontra Belo Horizonte\"}},{\"@type\":\"WebPage\",\"@id\":\"https:\\\/\\\/www.encontrabelohorizonte.com.br\\\/sobre\\\/confira-a-programacao-do-dialogo-publico-minas-gerais\\\/#webpage\",\"url\":\"https:\\\/\\\/www.encontrabelohorizonte.com.br\\\/sobre\\\/confira-a-programacao-do-dialogo-publico-minas-gerais\\\/\",\"name\":\"Confira a programa\\u00e7\\u00e3o do Di\\u00e1logo P\\u00fablico Minas Gerais | Encontra Belo Horizonte\",\"description\":\"Di\\u00e1logo P\\u00fablico Minas Gerais: um evento imperd\\u00edvel para gestores p\\u00fablicos!\",\"inLanguage\":\"pt-BR\",\"isPartOf\":{\"@id\":\"https:\\\/\\\/www.encontrabelohorizonte.com.br\\\/sobre\\\/#website\"},\"breadcrumb\":{\"@id\":\"https:\\\/\\\/www.encontrabelohorizonte.com.br\\\/sobre\\\/confira-a-programacao-do-dialogo-publico-minas-gerais\\\/#breadcrumblist\"},\"author\":{\"@id\":\"https:\\\/\\\/www.encontrabelohorizonte.com.br\\\/sobre\\\/author\\\/ebelohorizonte\\\/#author\"},\"creator\":{\"@id\":\"https:\\\/\\\/www.encontrabelohorizonte.com.br\\\/sobre\\\/author\\\/ebelohorizonte\\\/#author\"},\"image\":{\"@type\":\"ImageObject\",\"url\":\"https:\\\/\\\/www.encontrabelohorizonte.com.br\\\/sobre\\\/wp-content\\\/uploads\\\/confira-a-programacao-do-dialogo-publico-minas-gerais.webp\",\"@id\":\"https:\\\/\\\/www.encontrabelohorizonte.com.br\\\/sobre\\\/confira-a-programacao-do-dialogo-publico-minas-gerais\\\/#mainImage\",\"width\":320,\"height\":280,\"caption\":\"Di\\u00e1logo P\\u00fablico Minas Gerais\"},\"primaryImageOfPage\":{\"@id\":\"https:\\\/\\\/www.encontrabelohorizonte.com.br\\\/sobre\\\/confira-a-programacao-do-dialogo-publico-minas-gerais\\\/#mainImage\"},\"datePublished\":\"2025-10-23T07:07:00-03:00\",\"dateModified\":\"2025-10-23T07:07:00-03:00\"},{\"@type\":\"WebSite\",\"@id\":\"https:\\\/\\\/www.encontrabelohorizonte.com.br\\\/sobre\\\/#website\",\"url\":\"https:\\\/\\\/www.encontrabelohorizonte.com.br\\\/sobre\\\/\",\"name\":\"Encontra Belo Horizonte\",\"description\":\"Not\\u00edcias, eventos, informa\\u00e7\\u00f5es e dicas da cidade de Belo Horizonte e regi\\u00e3o\",\"inLanguage\":\"pt-BR\",\"publisher\":{\"@id\":\"https:\\\/\\\/www.encontrabelohorizonte.com.br\\\/sobre\\\/#organization\"}}]}\n\t\t<\/script>\n\t\t<!-- All in One SEO -->\n\n","aioseo_head_json":{"title":"Confira a programa\u00e7\u00e3o do Di\u00e1logo P\u00fablico Minas Gerais | Encontra Belo Horizonte","description":"Di\u00e1logo P\u00fablico Minas Gerais: um evento imperd\u00edvel para gestores p\u00fablicos!","canonical_url":"https:\/\/www.encontrabelohorizonte.com.br\/sobre\/confira-a-programacao-do-dialogo-publico-minas-gerais\/","robots":"max-image-preview:large","keywords":"","webmasterTools":{"miscellaneous":""},"schema":{"@context":"https:\/\/schema.org","@graph":[{"@type":"Article","@id":"https:\/\/www.encontrabelohorizonte.com.br\/sobre\/confira-a-programacao-do-dialogo-publico-minas-gerais\/#article","name":"Confira a programa\u00e7\u00e3o do Di\u00e1logo P\u00fablico Minas Gerais | Encontra Belo Horizonte","headline":"Confira a programa\u00e7\u00e3o do Di\u00e1logo P\u00fablico Minas Gerais","author":{"@id":"https:\/\/www.encontrabelohorizonte.com.br\/sobre\/author\/ebelohorizonte\/#author"},"publisher":{"@id":"https:\/\/www.encontrabelohorizonte.com.br\/sobre\/#organization"},"image":{"@type":"ImageObject","url":"https:\/\/www.encontrabelohorizonte.com.br\/sobre\/wp-content\/uploads\/confira-a-programacao-do-dialogo-publico-minas-gerais.webp","width":320,"height":280,"caption":"Di\u00e1logo P\u00fablico Minas Gerais"},"datePublished":"2025-10-23T07:07:00-03:00","dateModified":"2025-10-23T07:07:00-03:00","inLanguage":"pt-BR","mainEntityOfPage":{"@id":"https:\/\/www.encontrabelohorizonte.com.br\/sobre\/confira-a-programacao-do-dialogo-publico-minas-gerais\/#webpage"},"isPartOf":{"@id":"https:\/\/www.encontrabelohorizonte.com.br\/sobre\/confira-a-programacao-do-dialogo-publico-minas-gerais\/#webpage"},"articleSection":"Not\u00edcias Belo Horizonte"},{"@type":"BreadcrumbList","@id":"https:\/\/www.encontrabelohorizonte.com.br\/sobre\/confira-a-programacao-do-dialogo-publico-minas-gerais\/#breadcrumblist","itemListElement":[{"@type":"ListItem","@id":"https:\/\/www.encontrabelohorizonte.com.br\/sobre#listItem","position":1,"name":"In\u00edcio","item":"https:\/\/www.encontrabelohorizonte.com.br\/sobre","nextItem":{"@type":"ListItem","@id":"https:\/\/www.encontrabelohorizonte.com.br\/sobre\/noticias\/#listItem","name":"Not\u00edcias Belo Horizonte"}},{"@type":"ListItem","@id":"https:\/\/www.encontrabelohorizonte.com.br\/sobre\/noticias\/#listItem","position":2,"name":"Not\u00edcias Belo Horizonte","item":"https:\/\/www.encontrabelohorizonte.com.br\/sobre\/noticias\/","nextItem":{"@type":"ListItem","@id":"https:\/\/www.encontrabelohorizonte.com.br\/sobre\/confira-a-programacao-do-dialogo-publico-minas-gerais\/#listItem","name":"Confira a programa\u00e7\u00e3o do Di\u00e1logo P\u00fablico Minas Gerais"},"previousItem":{"@type":"ListItem","@id":"https:\/\/www.encontrabelohorizonte.com.br\/sobre#listItem","name":"In\u00edcio"}},{"@type":"ListItem","@id":"https:\/\/www.encontrabelohorizonte.com.br\/sobre\/confira-a-programacao-do-dialogo-publico-minas-gerais\/#listItem","position":3,"name":"Confira a programa\u00e7\u00e3o do Di\u00e1logo P\u00fablico Minas Gerais","previousItem":{"@type":"ListItem","@id":"https:\/\/www.encontrabelohorizonte.com.br\/sobre\/noticias\/#listItem","name":"Not\u00edcias Belo Horizonte"}}]},{"@type":"Organization","@id":"https:\/\/www.encontrabelohorizonte.com.br\/sobre\/#organization","name":"Encontra Belo Horizonte","description":"Not\u00edcias, eventos, informa\u00e7\u00f5es e dicas da cidade de Belo Horizonte e regi\u00e3o","url":"https:\/\/www.encontrabelohorizonte.com.br\/sobre\/"},{"@type":"Person","@id":"https:\/\/www.encontrabelohorizonte.com.br\/sobre\/author\/ebelohorizonte\/#author","url":"https:\/\/www.encontrabelohorizonte.com.br\/sobre\/author\/ebelohorizonte\/","name":"Encontra Belo Horizonte","image":{"@type":"ImageObject","@id":"https:\/\/www.encontrabelohorizonte.com.br\/sobre\/confira-a-programacao-do-dialogo-publico-minas-gerais\/#authorImage","url":"https:\/\/secure.gravatar.com\/avatar\/507340682b8270222e1f208e23198b6ae7e2c6a1033ae84e99bc6bce4f82a387?s=96&d=mm&r=g","width":96,"height":96,"caption":"Encontra Belo Horizonte"}},{"@type":"WebPage","@id":"https:\/\/www.encontrabelohorizonte.com.br\/sobre\/confira-a-programacao-do-dialogo-publico-minas-gerais\/#webpage","url":"https:\/\/www.encontrabelohorizonte.com.br\/sobre\/confira-a-programacao-do-dialogo-publico-minas-gerais\/","name":"Confira a programa\u00e7\u00e3o do Di\u00e1logo P\u00fablico Minas Gerais | Encontra Belo Horizonte","description":"Di\u00e1logo P\u00fablico Minas Gerais: um evento imperd\u00edvel para gestores p\u00fablicos!","inLanguage":"pt-BR","isPartOf":{"@id":"https:\/\/www.encontrabelohorizonte.com.br\/sobre\/#website"},"breadcrumb":{"@id":"https:\/\/www.encontrabelohorizonte.com.br\/sobre\/confira-a-programacao-do-dialogo-publico-minas-gerais\/#breadcrumblist"},"author":{"@id":"https:\/\/www.encontrabelohorizonte.com.br\/sobre\/author\/ebelohorizonte\/#author"},"creator":{"@id":"https:\/\/www.encontrabelohorizonte.com.br\/sobre\/author\/ebelohorizonte\/#author"},"image":{"@type":"ImageObject","url":"https:\/\/www.encontrabelohorizonte.com.br\/sobre\/wp-content\/uploads\/confira-a-programacao-do-dialogo-publico-minas-gerais.webp","@id":"https:\/\/www.encontrabelohorizonte.com.br\/sobre\/confira-a-programacao-do-dialogo-publico-minas-gerais\/#mainImage","width":320,"height":280,"caption":"Di\u00e1logo P\u00fablico Minas Gerais"},"primaryImageOfPage":{"@id":"https:\/\/www.encontrabelohorizonte.com.br\/sobre\/confira-a-programacao-do-dialogo-publico-minas-gerais\/#mainImage"},"datePublished":"2025-10-23T07:07:00-03:00","dateModified":"2025-10-23T07:07:00-03:00"},{"@type":"WebSite","@id":"https:\/\/www.encontrabelohorizonte.com.br\/sobre\/#website","url":"https:\/\/www.encontrabelohorizonte.com.br\/sobre\/","name":"Encontra Belo Horizonte","description":"Not\u00edcias, eventos, informa\u00e7\u00f5es e dicas da cidade de Belo Horizonte e regi\u00e3o","inLanguage":"pt-BR","publisher":{"@id":"https:\/\/www.encontrabelohorizonte.com.br\/sobre\/#organization"}}]},"og:locale":"pt_BR","og:site_name":"Encontra Belo Horizonte | Not\u00edcias, eventos, informa\u00e7\u00f5es e dicas da cidade de Belo Horizonte e regi\u00e3o","og:type":"article","og:title":"Confira a programa\u00e7\u00e3o do Di\u00e1logo P\u00fablico Minas Gerais | Encontra Belo Horizonte","og:description":"Di\u00e1logo P\u00fablico Minas Gerais: um evento imperd\u00edvel para gestores p\u00fablicos!","og:url":"https:\/\/www.encontrabelohorizonte.com.br\/sobre\/confira-a-programacao-do-dialogo-publico-minas-gerais\/","article:published_time":"2025-10-23T10:07:00+00:00","article:modified_time":"2025-10-23T10:07:00+00:00","twitter:card":"summary","twitter:title":"Confira a programa\u00e7\u00e3o do Di\u00e1logo P\u00fablico Minas Gerais | Encontra Belo Horizonte","twitter:description":"Di\u00e1logo P\u00fablico Minas Gerais: um evento imperd\u00edvel para gestores p\u00fablicos!"},"aioseo_meta_data":{"post_id":"3123","title":null,"description":null,"keywords":null,"keyphrases":null,"primary_term":null,"canonical_url":null,"og_title":null,"og_description":null,"og_object_type":"default","og_image_type":"default","og_image_url":null,"og_image_width":null,"og_image_height":null,"og_image_custom_url":null,"og_image_custom_fields":null,"og_video":null,"og_custom_url":null,"og_article_section":null,"og_article_tags":null,"twitter_use_og":false,"twitter_card":"default","twitter_image_type":"default","twitter_image_url":null,"twitter_image_custom_url":null,"twitter_image_custom_fields":null,"twitter_title":null,"twitter_description":null,"schema":{"blockGraphs":[],"customGraphs":[],"default":{"data":{"Article":[],"Course":[],"Dataset":[],"FAQPage":[],"Movie":[],"Person":[],"Product":[],"ProductReview":[],"Car":[],"Recipe":[],"Service":[],"SoftwareApplication":[],"WebPage":[]},"graphName":"Article","isEnabled":true},"graphs":[]},"schema_type":"default","schema_type_options":null,"pillar_content":false,"robots_default":true,"robots_noindex":false,"robots_noarchive":false,"robots_nosnippet":false,"robots_nofollow":false,"robots_noimageindex":false,"robots_noodp":false,"robots_notranslate":false,"robots_max_snippet":null,"robots_max_videopreview":null,"robots_max_imagepreview":"large","priority":null,"frequency":null,"local_seo":null,"breadcrumb_settings":null,"limit_modified_date":false,"ai":null,"created":"2025-10-23 17:16:34","updated":"2025-10-23 17:33:26","focus_keyword":null,"additional_keywords":null,"truseo_locale":null,"seo_analyzer_scan_date":null},"aioseo_breadcrumb":"<div class=\"aioseo-breadcrumbs\"><span class=\"aioseo-breadcrumb\">\n\t\t\t<a href=\"https:\/\/www.encontrabelohorizonte.com.br\/sobre\" title=\"In\u00edcio\">In\u00edcio<\/a>\n\t\t<\/span><span class=\"aioseo-breadcrumb-separator\">&raquo;<\/span><span class=\"aioseo-breadcrumb\">\n\t\t\t<a href=\"https:\/\/www.encontrabelohorizonte.com.br\/sobre\/noticias\/\" title=\"Not\u00edcias Belo Horizonte\">Not\u00edcias Belo Horizonte<\/a>\n\t\t<\/span><span class=\"aioseo-breadcrumb-separator\">&raquo;<\/span><span class=\"aioseo-breadcrumb\">\n\t\t\tConfira a programa\u00e7\u00e3o do Di\u00e1logo P\u00fablico Minas Gerais\n\t\t<\/span><\/div>","aioseo_breadcrumb_json":[{"label":"In\u00edcio","link":"https:\/\/www.encontrabelohorizonte.com.br\/sobre"},{"label":"Not\u00edcias Belo Horizonte","link":"https:\/\/www.encontrabelohorizonte.com.br\/sobre\/noticias\/"},{"label":"Confira a programa\u00e7\u00e3o do Di\u00e1logo P\u00fablico Minas Gerais","link":"https:\/\/www.encontrabelohorizonte.com.br\/sobre\/confira-a-programacao-do-dialogo-publico-minas-gerais\/"}],"_links":{"self":[{"href":"https:\/\/www.encontrabelohorizonte.com.br\/sobre\/wp-json\/wp\/v2\/posts\/3123","targetHints":{"allow":["GET"]}}],"collection":[{"href":"https:\/\/www.encontrabelohorizonte.com.br\/sobre\/wp-json\/wp\/v2\/posts"}],"about":[{"href":"https:\/\/www.encontrabelohorizonte.com.br\/sobre\/wp-json\/wp\/v2\/types\/post"}],"author":[{"embeddable":true,"href":"https:\/\/www.encontrabelohorizonte.com.br\/sobre\/wp-json\/wp\/v2\/users\/1"}],"replies":[{"embeddable":true,"href":"https:\/\/www.encontrabelohorizonte.com.br\/sobre\/wp-json\/wp\/v2\/comments?post=3123"}],"version-history":[{"count":0,"href":"https:\/\/www.encontrabelohorizonte.com.br\/sobre\/wp-json\/wp\/v2\/posts\/3123\/revisions"}],"wp:featuredmedia":[{"embeddable":true,"href":"https:\/\/www.encontrabelohorizonte.com.br\/sobre\/wp-json\/wp\/v2\/media\/3122"}],"wp:attachment":[{"href":"https:\/\/www.encontrabelohorizonte.com.br\/sobre\/wp-json\/wp\/v2\/media?parent=3123"}],"wp:term":[{"taxonomy":"category","embeddable":true,"href":"https:\/\/www.encontrabelohorizonte.com.br\/sobre\/wp-json\/wp\/v2\/categories?post=3123"},{"taxonomy":"post_tag","embeddable":true,"href":"https:\/\/www.encontrabelohorizonte.com.br\/sobre\/wp-json\/wp\/v2\/tags?post=3123"}],"curies":[{"name":"wp","href":"https:\/\/api.w.org\/{rel}","templated":true}]}}