{"id":3127,"date":"2025-10-24T07:56:00","date_gmt":"2025-10-24T10:56:00","guid":{"rendered":"https:\/\/www.encontrabelohorizonte.com.br\/sobre\/belo-horizonte-tera-semana-com-clima-seco-e-possibilidade-de-chuva\/"},"modified":"2025-10-24T07:56:00","modified_gmt":"2025-10-24T10:56:00","slug":"belo-horizonte-tera-semana-com-clima-seco-e-possibilidade-de-chuva","status":"publish","type":"post","link":"https:\/\/www.encontrabelohorizonte.com.br\/sobre\/belo-horizonte-tera-semana-com-clima-seco-e-possibilidade-de-chuva\/","title":{"rendered":"Belo Horizonte ter\u00e1 semana com clima seco e possibilidade de chuva"},"content":{"rendered":"<div class=\"2e083cf0b19e2c11948dc6ac054ba979\" data-index=\"1\" style=\"float: none; margin:0px;\">\n<!-- Anuncio display - global -->\r\n<ins class=\"adsbygoogle\"\r\n     style=\"display:block\"\r\n     data-ad-client=\"ca-pub-8585364105181520\"\r\n     data-ad-slot=\"8789329856\"\r\n     data-ad-format=\"auto\"\r\n     data-full-width-responsive=\"true\"><\/ins>\r\n<script>\r\n     (adsbygoogle = window.adsbygoogle || []).push({});\r\n<\/script>\n<\/div>\n<h2>Previs\u00e3o do Tempo para Belo Horizonte<\/h2>\n<p>A previs\u00e3o do clima para Belo Horizonte \u00e9 essencial para quem planeja a semana. Neste per\u00edodo, o clima \u00e9 seco, mas n\u00e3o se deve descartar a possibilidade de chuvas. A meteorologia indica que os moradores da cidade devem se preparar para dias de calor intenso, intercalados com momentos de precipita\u00e7\u00e3o. <strong>Fique atento \u00e0s atualiza\u00e7\u00f5es di\u00e1rias<\/strong> para n\u00e3o ser pego de surpresa.<\/p>\n<h2>Temperaturas e Umidade do Ar<\/h2>\n<p>As <strong>temperaturas<\/strong> em Belo Horizonte nesta semana devem variar bastante. Durante o dia, os term\u00f4metros podem alcan\u00e7ar picos de at\u00e9 30\u00b0C, enquanto \u00e0 noite as temperaturas devem cair, atingindo cerca de 15\u00b0C. A umidade relativa do ar tamb\u00e9m apresenta varia\u00e7\u00f5es, com n\u00edveis m\u00ednimos chegando a 25%, o que pode provocar desconforto, especialmente nos dias mais quentes.<\/p>\n<ul>\n<li><strong>Segunda-feira:<\/strong> M\u00e1xima de 29\u00b0C e m\u00ednima de 16\u00b0C<\/li>\n<li><strong>Ter\u00e7a-feira:<\/strong> M\u00e1xima de 30\u00b0C e m\u00ednima de 17\u00b0C<\/li>\n<li><strong>Quarta-feira:<\/strong> M\u00e1xima de 28\u00b0C e m\u00ednima de 15\u00b0C<\/li>\n<li><strong>Quinta-feira:<\/strong> M\u00e1xima de 27\u00b0C e m\u00ednima de 16\u00b0C<\/li>\n<li><strong>Sexta-feira:<\/strong> M\u00e1xima de 29\u00b0C e m\u00ednima de 17\u00b0C<\/li>\n<\/ul>\n<h2>\u00cdndices Ultravioleta Altos<\/h2>\n<p>Nos pr\u00f3ximos dias, os <strong>\u00edndices de radia\u00e7\u00e3o UV<\/strong> devem estar altos, em torno de 8 a 10. Isso significa que \u00e9 fundamental proteger-se adequadamente ao sair ao ar livre. Use chap\u00e9us, \u00f3culos escuros e aplique protetor solar, mesmo em dias nublados. A exposi\u00e7\u00e3o indevida \u00e0 radia\u00e7\u00e3o pode causar danos \u00e0 pele e aumentar o risco de c\u00e2ncer de pele.<\/p>\n<h2>Chuva Leve na Quinta-Feira<\/h2>\n<p>A previs\u00e3o de chuva leve para <strong>quinta-feira<\/strong> traz al\u00edvio para o clima seco. Espera-se que as precipita\u00e7\u00f5es sejam r\u00e1pidas e n\u00e3o representem um grande volume, mas podem ajudar a aliviar a poeira e melhorar a qualidade do ar. \u00c9 uma boa oportunidade para os jardins e plantas que precisam de \u00e1gua.<\/p>\n<h2>O que Esperar do Clima<\/h2>\n<p>Durante a semana, as expectativas s\u00e3o de mudan\u00e7as no clima. As temperaturas elevadas devem ser intercaladas por ventos que podem trazer um pouco mais de conforto. O clima seco permanecer\u00e1 predominante, mas \u00e9 importante ficar atento \u00e0s mudan\u00e7as repentinas que podem ocorrer.<\/p>\n<h2>Condi\u00e7\u00f5es para os Dias da Semana<\/h2>\n<p>As condi\u00e7\u00f5es est\u00e3o favor\u00e1veis para atividades ao ar livre durante a maior parte da semana. No entanto, recomenda-se que as atividades sejam realizadas nas partes da manh\u00e3 ou no final da tarde, quando as temperaturas s\u00e3o mais amenas. Em dias de calor intenso, o ideal \u00e9 procurar locais frescos ou com sombra.<\/p>\n<h2>Ventos e Suas Velocidades<\/h2>\n<p>A velocidade dos <strong>ventos<\/strong> deve variar de leve a moderada, entre 10 a 20 km\/h. Esta circula\u00e7\u00e3o de ar pode proporcionar um al\u00edvio moment\u00e2neo do calor. Nas partes da tarde, os ventos costumam aumentar, o que pode trazer uma sensa\u00e7\u00e3o agrad\u00e1vel, mas \u00e9 necess\u00e1rio estar atento, pois a intensidade pode mudar rapidamente.<\/p>\n<h2>Dicas para se Proteger do Sol<\/h2>\n<p>Para aproveitar o que Belo Horizonte tem a oferecer sem se expor aos riscos do sol, considere as seguintes dicas:<\/p>\n<ul>\n<li><strong>Use Roupas Leves:<\/strong> Escolha roupas de algod\u00e3o e em cores claras que ajudem na ventila\u00e7\u00e3o.<\/li>\n<li><strong>Mantenha-se Hidratado:<\/strong> Beba bastante \u00e1gua ao longo do dia para evitar a desidrata\u00e7\u00e3o.<\/li>\n<li><strong>Cubra-se:<\/strong> Utilize chap\u00e9us de aba larga e \u00f3culos escuros para prote\u00e7\u00e3o adicional.<\/li>\n<li><strong>Evite o Sol Entre as 10h e 16h:<\/strong> \u00c9 quando a radia\u00e7\u00e3o UV \u00e9 mais forte.<\/li>\n<\/ul>\n<h2>Impacto das Condi\u00e7\u00f5es Clim\u00e1ticas<\/h2>\n<p>O clima afeta n\u00e3o s\u00f3 o bem-estar das pessoas, mas tamb\u00e9m a sa\u00fade de plantas e animais. Em dias de clima extremamente seco, \u00e9 crucial observar como isso pode influenciar a polui\u00e7\u00e3o ambiental e a sa\u00fade p\u00fablica. Al\u00e9m disso, os agricultores devem estar atentos \u00e0s previs\u00f5es para maximizar a produ\u00e7\u00e3o agr\u00edcola e proteger suas colheitas das eventuais chuvas.<\/p>\n<h2>Considera\u00e7\u00f5es Finais sobre o Clima<\/h2>\n<p>O clima em Belo Horizonte nesta semana exige aten\u00e7\u00e3o especial das pessoas, pois as condi\u00e7\u00f5es variam entre seco e momentos de chuvas leves. Preparar-se adequadamente para enfrentar o calor e os altos \u00edndices de radia\u00e7\u00e3o \u00e9 essencial. Mantenha-se informado sobre as atualiza\u00e7\u00f5es meteorol\u00f3gicas e ajuste seus planos conforme necess\u00e1rio para garantir o conforto e a seguran\u00e7a ao longo da semana.<\/p>\n\n<div style=\"font-size: 0px; height: 0px; line-height: 0px; margin: 0; padding: 0; clear: both;\"><\/div>","protected":false},"excerpt":{"rendered":"<p>Belo Horizonte ter\u00e1 uma semana com clima seco e possibilidade de chuvas leves na quinta-feira.<\/p>\n","protected":false},"author":1,"featured_media":3126,"comment_status":"closed","ping_status":"closed","sticky":false,"template":"","format":"standard","meta":{"footnotes":""},"categories":[6],"tags":[],"class_list":["post-3127","post","type-post","status-publish","format-standard","has-post-thumbnail","hentry","category-noticias","has_thumb"],"aioseo_notices":[],"aioseo_head":"\n\t\t<!-- All in One SEO 5.0.0.1 - aioseo.com -->\n\t<meta name=\"description\" content=\"Belo Horizonte ter\u00e1 uma semana com clima seco e possibilidade de chuvas leves na quinta-feira.\" \/>\n\t<meta name=\"robots\" content=\"max-image-preview:large\" \/>\n\t<meta name=\"author\" content=\"Encontra Belo Horizonte\"\/>\n\t<link rel=\"canonical\" href=\"https:\/\/www.encontrabelohorizonte.com.br\/sobre\/belo-horizonte-tera-semana-com-clima-seco-e-possibilidade-de-chuva\/\" \/>\n\t<meta name=\"generator\" content=\"All in One SEO (AIOSEO) 5.0.0.1\" \/>\n\t\t<meta property=\"og:locale\" content=\"pt_BR\" \/>\n\t\t<meta property=\"og:site_name\" content=\"Encontra Belo Horizonte | Not\u00edcias, eventos, informa\u00e7\u00f5es e dicas da cidade de Belo Horizonte e regi\u00e3o\" \/>\n\t\t<meta property=\"og:type\" content=\"article\" \/>\n\t\t<meta property=\"og:title\" content=\"Belo Horizonte ter\u00e1 semana com clima seco e possibilidade de chuva | Encontra Belo Horizonte\" \/>\n\t\t<meta property=\"og:description\" content=\"Belo Horizonte ter\u00e1 uma semana com clima seco e possibilidade de chuvas leves na quinta-feira.\" \/>\n\t\t<meta property=\"og:url\" content=\"https:\/\/www.encontrabelohorizonte.com.br\/sobre\/belo-horizonte-tera-semana-com-clima-seco-e-possibilidade-de-chuva\/\" \/>\n\t\t<meta property=\"article:published_time\" content=\"2025-10-24T10:56:00+00:00\" \/>\n\t\t<meta property=\"article:modified_time\" content=\"2025-10-24T10:56:00+00:00\" \/>\n\t\t<meta name=\"twitter:card\" content=\"summary\" \/>\n\t\t<meta name=\"twitter:title\" content=\"Belo Horizonte ter\u00e1 semana com clima seco e possibilidade de chuva | Encontra Belo Horizonte\" \/>\n\t\t<meta name=\"twitter:description\" content=\"Belo Horizonte ter\u00e1 uma semana com clima seco e possibilidade de chuvas leves na quinta-feira.\" \/>\n\t\t<script type=\"application\/ld+json\" class=\"aioseo-schema\">\n\t\t\t{\"@context\":\"https:\\\/\\\/schema.org\",\"@graph\":[{\"@type\":\"Article\",\"@id\":\"https:\\\/\\\/www.encontrabelohorizonte.com.br\\\/sobre\\\/belo-horizonte-tera-semana-com-clima-seco-e-possibilidade-de-chuva\\\/#article\",\"name\":\"Belo Horizonte ter\\u00e1 semana com clima seco e possibilidade de chuva | Encontra Belo Horizonte\",\"headline\":\"Belo Horizonte ter\\u00e1 semana com clima seco e possibilidade de chuva\",\"author\":{\"@id\":\"https:\\\/\\\/www.encontrabelohorizonte.com.br\\\/sobre\\\/author\\\/ebelohorizonte\\\/#author\"},\"publisher\":{\"@id\":\"https:\\\/\\\/www.encontrabelohorizonte.com.br\\\/sobre\\\/#organization\"},\"image\":{\"@type\":\"ImageObject\",\"url\":\"https:\\\/\\\/www.encontrabelohorizonte.com.br\\\/sobre\\\/wp-content\\\/uploads\\\/belo-horizonte-tera-semana-com-clima-seco-e-possibilidade-de-chuva.webp\",\"width\":320,\"height\":280,\"caption\":\"Belo Horizonte clima\"},\"datePublished\":\"2025-10-24T07:56:00-03:00\",\"dateModified\":\"2025-10-24T07:56:00-03:00\",\"inLanguage\":\"pt-BR\",\"mainEntityOfPage\":{\"@id\":\"https:\\\/\\\/www.encontrabelohorizonte.com.br\\\/sobre\\\/belo-horizonte-tera-semana-com-clima-seco-e-possibilidade-de-chuva\\\/#webpage\"},\"isPartOf\":{\"@id\":\"https:\\\/\\\/www.encontrabelohorizonte.com.br\\\/sobre\\\/belo-horizonte-tera-semana-com-clima-seco-e-possibilidade-de-chuva\\\/#webpage\"},\"articleSection\":\"Not\\u00edcias Belo Horizonte\"},{\"@type\":\"BreadcrumbList\",\"@id\":\"https:\\\/\\\/www.encontrabelohorizonte.com.br\\\/sobre\\\/belo-horizonte-tera-semana-com-clima-seco-e-possibilidade-de-chuva\\\/#breadcrumblist\",\"itemListElement\":[{\"@type\":\"ListItem\",\"@id\":\"https:\\\/\\\/www.encontrabelohorizonte.com.br\\\/sobre#listItem\",\"position\":1,\"name\":\"In\\u00edcio\",\"item\":\"https:\\\/\\\/www.encontrabelohorizonte.com.br\\\/sobre\",\"nextItem\":{\"@type\":\"ListItem\",\"@id\":\"https:\\\/\\\/www.encontrabelohorizonte.com.br\\\/sobre\\\/noticias\\\/#listItem\",\"name\":\"Not\\u00edcias Belo Horizonte\"}},{\"@type\":\"ListItem\",\"@id\":\"https:\\\/\\\/www.encontrabelohorizonte.com.br\\\/sobre\\\/noticias\\\/#listItem\",\"position\":2,\"name\":\"Not\\u00edcias Belo Horizonte\",\"item\":\"https:\\\/\\\/www.encontrabelohorizonte.com.br\\\/sobre\\\/noticias\\\/\",\"nextItem\":{\"@type\":\"ListItem\",\"@id\":\"https:\\\/\\\/www.encontrabelohorizonte.com.br\\\/sobre\\\/belo-horizonte-tera-semana-com-clima-seco-e-possibilidade-de-chuva\\\/#listItem\",\"name\":\"Belo Horizonte ter\\u00e1 semana com clima seco e possibilidade de chuva\"},\"previousItem\":{\"@type\":\"ListItem\",\"@id\":\"https:\\\/\\\/www.encontrabelohorizonte.com.br\\\/sobre#listItem\",\"name\":\"In\\u00edcio\"}},{\"@type\":\"ListItem\",\"@id\":\"https:\\\/\\\/www.encontrabelohorizonte.com.br\\\/sobre\\\/belo-horizonte-tera-semana-com-clima-seco-e-possibilidade-de-chuva\\\/#listItem\",\"position\":3,\"name\":\"Belo Horizonte ter\\u00e1 semana com clima seco e possibilidade de chuva\",\"previousItem\":{\"@type\":\"ListItem\",\"@id\":\"https:\\\/\\\/www.encontrabelohorizonte.com.br\\\/sobre\\\/noticias\\\/#listItem\",\"name\":\"Not\\u00edcias Belo Horizonte\"}}]},{\"@type\":\"Organization\",\"@id\":\"https:\\\/\\\/www.encontrabelohorizonte.com.br\\\/sobre\\\/#organization\",\"name\":\"Encontra Belo Horizonte\",\"description\":\"Not\\u00edcias, eventos, informa\\u00e7\\u00f5es e dicas da cidade de Belo Horizonte e regi\\u00e3o\",\"url\":\"https:\\\/\\\/www.encontrabelohorizonte.com.br\\\/sobre\\\/\"},{\"@type\":\"Person\",\"@id\":\"https:\\\/\\\/www.encontrabelohorizonte.com.br\\\/sobre\\\/author\\\/ebelohorizonte\\\/#author\",\"url\":\"https:\\\/\\\/www.encontrabelohorizonte.com.br\\\/sobre\\\/author\\\/ebelohorizonte\\\/\",\"name\":\"Encontra Belo Horizonte\",\"image\":{\"@type\":\"ImageObject\",\"@id\":\"https:\\\/\\\/www.encontrabelohorizonte.com.br\\\/sobre\\\/belo-horizonte-tera-semana-com-clima-seco-e-possibilidade-de-chuva\\\/#authorImage\",\"url\":\"https:\\\/\\\/secure.gravatar.com\\\/avatar\\\/507340682b8270222e1f208e23198b6ae7e2c6a1033ae84e99bc6bce4f82a387?s=96&d=mm&r=g\",\"width\":96,\"height\":96,\"caption\":\"Encontra Belo Horizonte\"}},{\"@type\":\"WebPage\",\"@id\":\"https:\\\/\\\/www.encontrabelohorizonte.com.br\\\/sobre\\\/belo-horizonte-tera-semana-com-clima-seco-e-possibilidade-de-chuva\\\/#webpage\",\"url\":\"https:\\\/\\\/www.encontrabelohorizonte.com.br\\\/sobre\\\/belo-horizonte-tera-semana-com-clima-seco-e-possibilidade-de-chuva\\\/\",\"name\":\"Belo Horizonte ter\\u00e1 semana com clima seco e possibilidade de chuva | Encontra Belo Horizonte\",\"description\":\"Belo Horizonte ter\\u00e1 uma semana com clima seco e possibilidade de chuvas leves na quinta-feira.\",\"inLanguage\":\"pt-BR\",\"isPartOf\":{\"@id\":\"https:\\\/\\\/www.encontrabelohorizonte.com.br\\\/sobre\\\/#website\"},\"breadcrumb\":{\"@id\":\"https:\\\/\\\/www.encontrabelohorizonte.com.br\\\/sobre\\\/belo-horizonte-tera-semana-com-clima-seco-e-possibilidade-de-chuva\\\/#breadcrumblist\"},\"author\":{\"@id\":\"https:\\\/\\\/www.encontrabelohorizonte.com.br\\\/sobre\\\/author\\\/ebelohorizonte\\\/#author\"},\"creator\":{\"@id\":\"https:\\\/\\\/www.encontrabelohorizonte.com.br\\\/sobre\\\/author\\\/ebelohorizonte\\\/#author\"},\"image\":{\"@type\":\"ImageObject\",\"url\":\"https:\\\/\\\/www.encontrabelohorizonte.com.br\\\/sobre\\\/wp-content\\\/uploads\\\/belo-horizonte-tera-semana-com-clima-seco-e-possibilidade-de-chuva.webp\",\"@id\":\"https:\\\/\\\/www.encontrabelohorizonte.com.br\\\/sobre\\\/belo-horizonte-tera-semana-com-clima-seco-e-possibilidade-de-chuva\\\/#mainImage\",\"width\":320,\"height\":280,\"caption\":\"Belo Horizonte clima\"},\"primaryImageOfPage\":{\"@id\":\"https:\\\/\\\/www.encontrabelohorizonte.com.br\\\/sobre\\\/belo-horizonte-tera-semana-com-clima-seco-e-possibilidade-de-chuva\\\/#mainImage\"},\"datePublished\":\"2025-10-24T07:56:00-03:00\",\"dateModified\":\"2025-10-24T07:56:00-03:00\"},{\"@type\":\"WebSite\",\"@id\":\"https:\\\/\\\/www.encontrabelohorizonte.com.br\\\/sobre\\\/#website\",\"url\":\"https:\\\/\\\/www.encontrabelohorizonte.com.br\\\/sobre\\\/\",\"name\":\"Encontra Belo Horizonte\",\"description\":\"Not\\u00edcias, eventos, informa\\u00e7\\u00f5es e dicas da cidade de Belo Horizonte e regi\\u00e3o\",\"inLanguage\":\"pt-BR\",\"publisher\":{\"@id\":\"https:\\\/\\\/www.encontrabelohorizonte.com.br\\\/sobre\\\/#organization\"}}]}\n\t\t<\/script>\n\t\t<!-- All in One SEO -->\n\n","aioseo_head_json":{"title":"Belo Horizonte ter\u00e1 semana com clima seco e possibilidade de chuva | Encontra Belo Horizonte","description":"Belo Horizonte ter\u00e1 uma semana com clima seco e possibilidade de chuvas leves na quinta-feira.","canonical_url":"https:\/\/www.encontrabelohorizonte.com.br\/sobre\/belo-horizonte-tera-semana-com-clima-seco-e-possibilidade-de-chuva\/","robots":"max-image-preview:large","keywords":"","webmasterTools":{"miscellaneous":""},"schema":{"@context":"https:\/\/schema.org","@graph":[{"@type":"Article","@id":"https:\/\/www.encontrabelohorizonte.com.br\/sobre\/belo-horizonte-tera-semana-com-clima-seco-e-possibilidade-de-chuva\/#article","name":"Belo Horizonte ter\u00e1 semana com clima seco e possibilidade de chuva | Encontra Belo Horizonte","headline":"Belo Horizonte ter\u00e1 semana com clima seco e possibilidade de chuva","author":{"@id":"https:\/\/www.encontrabelohorizonte.com.br\/sobre\/author\/ebelohorizonte\/#author"},"publisher":{"@id":"https:\/\/www.encontrabelohorizonte.com.br\/sobre\/#organization"},"image":{"@type":"ImageObject","url":"https:\/\/www.encontrabelohorizonte.com.br\/sobre\/wp-content\/uploads\/belo-horizonte-tera-semana-com-clima-seco-e-possibilidade-de-chuva.webp","width":320,"height":280,"caption":"Belo Horizonte clima"},"datePublished":"2025-10-24T07:56:00-03:00","dateModified":"2025-10-24T07:56:00-03:00","inLanguage":"pt-BR","mainEntityOfPage":{"@id":"https:\/\/www.encontrabelohorizonte.com.br\/sobre\/belo-horizonte-tera-semana-com-clima-seco-e-possibilidade-de-chuva\/#webpage"},"isPartOf":{"@id":"https:\/\/www.encontrabelohorizonte.com.br\/sobre\/belo-horizonte-tera-semana-com-clima-seco-e-possibilidade-de-chuva\/#webpage"},"articleSection":"Not\u00edcias Belo Horizonte"},{"@type":"BreadcrumbList","@id":"https:\/\/www.encontrabelohorizonte.com.br\/sobre\/belo-horizonte-tera-semana-com-clima-seco-e-possibilidade-de-chuva\/#breadcrumblist","itemListElement":[{"@type":"ListItem","@id":"https:\/\/www.encontrabelohorizonte.com.br\/sobre#listItem","position":1,"name":"In\u00edcio","item":"https:\/\/www.encontrabelohorizonte.com.br\/sobre","nextItem":{"@type":"ListItem","@id":"https:\/\/www.encontrabelohorizonte.com.br\/sobre\/noticias\/#listItem","name":"Not\u00edcias Belo Horizonte"}},{"@type":"ListItem","@id":"https:\/\/www.encontrabelohorizonte.com.br\/sobre\/noticias\/#listItem","position":2,"name":"Not\u00edcias Belo Horizonte","item":"https:\/\/www.encontrabelohorizonte.com.br\/sobre\/noticias\/","nextItem":{"@type":"ListItem","@id":"https:\/\/www.encontrabelohorizonte.com.br\/sobre\/belo-horizonte-tera-semana-com-clima-seco-e-possibilidade-de-chuva\/#listItem","name":"Belo Horizonte ter\u00e1 semana com clima seco e possibilidade de chuva"},"previousItem":{"@type":"ListItem","@id":"https:\/\/www.encontrabelohorizonte.com.br\/sobre#listItem","name":"In\u00edcio"}},{"@type":"ListItem","@id":"https:\/\/www.encontrabelohorizonte.com.br\/sobre\/belo-horizonte-tera-semana-com-clima-seco-e-possibilidade-de-chuva\/#listItem","position":3,"name":"Belo Horizonte ter\u00e1 semana com clima seco e possibilidade de chuva","previousItem":{"@type":"ListItem","@id":"https:\/\/www.encontrabelohorizonte.com.br\/sobre\/noticias\/#listItem","name":"Not\u00edcias Belo Horizonte"}}]},{"@type":"Organization","@id":"https:\/\/www.encontrabelohorizonte.com.br\/sobre\/#organization","name":"Encontra Belo Horizonte","description":"Not\u00edcias, eventos, informa\u00e7\u00f5es e dicas da cidade de Belo Horizonte e regi\u00e3o","url":"https:\/\/www.encontrabelohorizonte.com.br\/sobre\/"},{"@type":"Person","@id":"https:\/\/www.encontrabelohorizonte.com.br\/sobre\/author\/ebelohorizonte\/#author","url":"https:\/\/www.encontrabelohorizonte.com.br\/sobre\/author\/ebelohorizonte\/","name":"Encontra Belo Horizonte","image":{"@type":"ImageObject","@id":"https:\/\/www.encontrabelohorizonte.com.br\/sobre\/belo-horizonte-tera-semana-com-clima-seco-e-possibilidade-de-chuva\/#authorImage","url":"https:\/\/secure.gravatar.com\/avatar\/507340682b8270222e1f208e23198b6ae7e2c6a1033ae84e99bc6bce4f82a387?s=96&d=mm&r=g","width":96,"height":96,"caption":"Encontra Belo Horizonte"}},{"@type":"WebPage","@id":"https:\/\/www.encontrabelohorizonte.com.br\/sobre\/belo-horizonte-tera-semana-com-clima-seco-e-possibilidade-de-chuva\/#webpage","url":"https:\/\/www.encontrabelohorizonte.com.br\/sobre\/belo-horizonte-tera-semana-com-clima-seco-e-possibilidade-de-chuva\/","name":"Belo Horizonte ter\u00e1 semana com clima seco e possibilidade de chuva | Encontra Belo Horizonte","description":"Belo Horizonte ter\u00e1 uma semana com clima seco e possibilidade de chuvas leves na quinta-feira.","inLanguage":"pt-BR","isPartOf":{"@id":"https:\/\/www.encontrabelohorizonte.com.br\/sobre\/#website"},"breadcrumb":{"@id":"https:\/\/www.encontrabelohorizonte.com.br\/sobre\/belo-horizonte-tera-semana-com-clima-seco-e-possibilidade-de-chuva\/#breadcrumblist"},"author":{"@id":"https:\/\/www.encontrabelohorizonte.com.br\/sobre\/author\/ebelohorizonte\/#author"},"creator":{"@id":"https:\/\/www.encontrabelohorizonte.com.br\/sobre\/author\/ebelohorizonte\/#author"},"image":{"@type":"ImageObject","url":"https:\/\/www.encontrabelohorizonte.com.br\/sobre\/wp-content\/uploads\/belo-horizonte-tera-semana-com-clima-seco-e-possibilidade-de-chuva.webp","@id":"https:\/\/www.encontrabelohorizonte.com.br\/sobre\/belo-horizonte-tera-semana-com-clima-seco-e-possibilidade-de-chuva\/#mainImage","width":320,"height":280,"caption":"Belo Horizonte clima"},"primaryImageOfPage":{"@id":"https:\/\/www.encontrabelohorizonte.com.br\/sobre\/belo-horizonte-tera-semana-com-clima-seco-e-possibilidade-de-chuva\/#mainImage"},"datePublished":"2025-10-24T07:56:00-03:00","dateModified":"2025-10-24T07:56:00-03:00"},{"@type":"WebSite","@id":"https:\/\/www.encontrabelohorizonte.com.br\/sobre\/#website","url":"https:\/\/www.encontrabelohorizonte.com.br\/sobre\/","name":"Encontra Belo Horizonte","description":"Not\u00edcias, eventos, informa\u00e7\u00f5es e dicas da cidade de Belo Horizonte e regi\u00e3o","inLanguage":"pt-BR","publisher":{"@id":"https:\/\/www.encontrabelohorizonte.com.br\/sobre\/#organization"}}]},"og:locale":"pt_BR","og:site_name":"Encontra Belo Horizonte | Not\u00edcias, eventos, informa\u00e7\u00f5es e dicas da cidade de Belo Horizonte e regi\u00e3o","og:type":"article","og:title":"Belo Horizonte ter\u00e1 semana com clima seco e possibilidade de chuva | Encontra Belo Horizonte","og:description":"Belo Horizonte ter\u00e1 uma semana com clima seco e possibilidade de chuvas leves na quinta-feira.","og:url":"https:\/\/www.encontrabelohorizonte.com.br\/sobre\/belo-horizonte-tera-semana-com-clima-seco-e-possibilidade-de-chuva\/","article:published_time":"2025-10-24T10:56:00+00:00","article:modified_time":"2025-10-24T10:56:00+00:00","twitter:card":"summary","twitter:title":"Belo Horizonte ter\u00e1 semana com clima seco e possibilidade de chuva | Encontra Belo Horizonte","twitter:description":"Belo Horizonte ter\u00e1 uma semana com clima seco e possibilidade de chuvas leves na quinta-feira."},"aioseo_meta_data":{"post_id":"3127","title":null,"description":null,"keywords":null,"keyphrases":null,"primary_term":null,"canonical_url":null,"og_title":null,"og_description":null,"og_object_type":"default","og_image_type":"default","og_image_url":null,"og_image_width":null,"og_image_height":null,"og_image_custom_url":null,"og_image_custom_fields":null,"og_video":null,"og_custom_url":null,"og_article_section":null,"og_article_tags":null,"twitter_use_og":false,"twitter_card":"default","twitter_image_type":"default","twitter_image_url":null,"twitter_image_custom_url":null,"twitter_image_custom_fields":null,"twitter_title":null,"twitter_description":null,"schema":{"blockGraphs":[],"customGraphs":[],"default":{"data":{"Article":[],"Course":[],"Dataset":[],"FAQPage":[],"Movie":[],"Person":[],"Product":[],"ProductReview":[],"Car":[],"Recipe":[],"Service":[],"SoftwareApplication":[],"WebPage":[]},"graphName":"Article","isEnabled":true},"graphs":[]},"schema_type":"default","schema_type_options":null,"pillar_content":false,"robots_default":true,"robots_noindex":false,"robots_noarchive":false,"robots_nosnippet":false,"robots_nofollow":false,"robots_noimageindex":false,"robots_noodp":false,"robots_notranslate":false,"robots_max_snippet":null,"robots_max_videopreview":null,"robots_max_imagepreview":"large","priority":null,"frequency":null,"local_seo":null,"breadcrumb_settings":null,"limit_modified_date":false,"ai":null,"created":"2025-10-24 13:17:47","updated":"2025-10-24 13:23:49","focus_keyword":null,"additional_keywords":null,"truseo_locale":null,"seo_analyzer_scan_date":null},"aioseo_breadcrumb":"<div class=\"aioseo-breadcrumbs\"><span class=\"aioseo-breadcrumb\">\n\t\t\t<a href=\"https:\/\/www.encontrabelohorizonte.com.br\/sobre\" title=\"In\u00edcio\">In\u00edcio<\/a>\n\t\t<\/span><span class=\"aioseo-breadcrumb-separator\">&raquo;<\/span><span class=\"aioseo-breadcrumb\">\n\t\t\t<a href=\"https:\/\/www.encontrabelohorizonte.com.br\/sobre\/noticias\/\" title=\"Not\u00edcias Belo Horizonte\">Not\u00edcias Belo Horizonte<\/a>\n\t\t<\/span><span class=\"aioseo-breadcrumb-separator\">&raquo;<\/span><span class=\"aioseo-breadcrumb\">\n\t\t\tBelo Horizonte ter\u00e1 semana com clima seco e possibilidade de chuva\n\t\t<\/span><\/div>","aioseo_breadcrumb_json":[{"label":"In\u00edcio","link":"https:\/\/www.encontrabelohorizonte.com.br\/sobre"},{"label":"Not\u00edcias Belo Horizonte","link":"https:\/\/www.encontrabelohorizonte.com.br\/sobre\/noticias\/"},{"label":"Belo Horizonte ter\u00e1 semana com clima seco e possibilidade de chuva","link":"https:\/\/www.encontrabelohorizonte.com.br\/sobre\/belo-horizonte-tera-semana-com-clima-seco-e-possibilidade-de-chuva\/"}],"_links":{"self":[{"href":"https:\/\/www.encontrabelohorizonte.com.br\/sobre\/wp-json\/wp\/v2\/posts\/3127","targetHints":{"allow":["GET"]}}],"collection":[{"href":"https:\/\/www.encontrabelohorizonte.com.br\/sobre\/wp-json\/wp\/v2\/posts"}],"about":[{"href":"https:\/\/www.encontrabelohorizonte.com.br\/sobre\/wp-json\/wp\/v2\/types\/post"}],"author":[{"embeddable":true,"href":"https:\/\/www.encontrabelohorizonte.com.br\/sobre\/wp-json\/wp\/v2\/users\/1"}],"replies":[{"embeddable":true,"href":"https:\/\/www.encontrabelohorizonte.com.br\/sobre\/wp-json\/wp\/v2\/comments?post=3127"}],"version-history":[{"count":0,"href":"https:\/\/www.encontrabelohorizonte.com.br\/sobre\/wp-json\/wp\/v2\/posts\/3127\/revisions"}],"wp:featuredmedia":[{"embeddable":true,"href":"https:\/\/www.encontrabelohorizonte.com.br\/sobre\/wp-json\/wp\/v2\/media\/3126"}],"wp:attachment":[{"href":"https:\/\/www.encontrabelohorizonte.com.br\/sobre\/wp-json\/wp\/v2\/media?parent=3127"}],"wp:term":[{"taxonomy":"category","embeddable":true,"href":"https:\/\/www.encontrabelohorizonte.com.br\/sobre\/wp-json\/wp\/v2\/categories?post=3127"},{"taxonomy":"post_tag","embeddable":true,"href":"https:\/\/www.encontrabelohorizonte.com.br\/sobre\/wp-json\/wp\/v2\/tags?post=3127"}],"curies":[{"name":"wp","href":"https:\/\/api.w.org\/{rel}","templated":true}]}}