{"id":3144,"date":"2025-10-27T06:48:00","date_gmt":"2025-10-27T09:48:00","guid":{"rendered":"https:\/\/www.encontrabelohorizonte.com.br\/sobre\/apagao-nacional-deixa-pelo-menos-16-milhao-de-imoveis-sem-luz-em-mg-fornecimento-ja-foi-restabelecido-diz-cemig\/"},"modified":"2025-10-27T06:48:00","modified_gmt":"2025-10-27T09:48:00","slug":"apagao-nacional-deixa-pelo-menos-16-milhao-de-imoveis-sem-luz-em-mg-fornecimento-ja-foi-restabelecido-diz-cemig","status":"publish","type":"post","link":"https:\/\/www.encontrabelohorizonte.com.br\/sobre\/apagao-nacional-deixa-pelo-menos-16-milhao-de-imoveis-sem-luz-em-mg-fornecimento-ja-foi-restabelecido-diz-cemig\/","title":{"rendered":"Apag\u00e3o nacional deixa pelo menos 1,6 milh\u00e3o de im\u00f3veis sem luz em MG; fornecimento j\u00e1 foi restabelecido, diz Cemig"},"content":{"rendered":"<div class=\"2e083cf0b19e2c11948dc6ac054ba979\" data-index=\"1\" style=\"float: none; margin:0px;\">\n<!-- Anuncio display - global -->\r\n<ins class=\"adsbygoogle\"\r\n     style=\"display:block\"\r\n     data-ad-client=\"ca-pub-8585364105181520\"\r\n     data-ad-slot=\"8789329856\"\r\n     data-ad-format=\"auto\"\r\n     data-full-width-responsive=\"true\"><\/ins>\r\n<script>\r\n     (adsbygoogle = window.adsbygoogle || []).push({});\r\n<\/script>\n<\/div>\n<h2>Causas do Apag\u00e3o Nacional<\/h2>\n<p>O apag\u00e3o nacional que afetou Minas Gerais, especialmente a capital, Belo Horizonte, ocorreu devido a uma s\u00e9rie de fatores interligados. Dentre os principais motivos, podemos destacar:<\/p>\n<ul>\n<li><strong>Problemas na Gera\u00e7\u00e3o de Energia:<\/strong> A baixa gera\u00e7\u00e3o de energia em algumas usinas, causada por fatores clim\u00e1ticos como a seca, comprometeu o abastecimento.<\/li>\n<li><strong>Overload no Sistema:<\/strong> Em dias de alta demanda, o sistema de distribui\u00e7\u00e3o de energia enfrentou sobrecarga, levando a falhas e interrup\u00e7\u00f5es.<\/li>\n<li><strong>Manuten\u00e7\u00f5es N\u00e3o Programadas:<\/strong> Interven\u00e7\u00f5es emergenciais em linhas de transmiss\u00e3o e subesta\u00e7\u00f5es sem aviso pr\u00e9vio afetaram a continuidade do fornecimento.<\/li>\n<li><strong>Defeitos T\u00e9cnicos:<\/strong> Falhas em equipamentos de grande porte, que costumam ser vitais para a distribui\u00e7\u00e3o, contribu\u00edram para a crise.<\/li>\n<li><strong>Falta de Investimentos:<\/strong> A escassez de investimentos na infraestrutura de energia nos \u00faltimos anos deixou o sistema vulner\u00e1vel a quedas de energia.<\/li>\n<\/ul>\n<h2>Impactos Imediatos em Minas Gerais<\/h2>\n<p>Os impactos imediatos do apag\u00e3o nacional em Minas Gerais foram sentidos de v\u00e1rias maneiras. A popula\u00e7\u00e3o enfrentou:<\/p>\n<ul>\n<li><strong>Interrup\u00e7\u00e3o de Servi\u00e7os P\u00fablicos:<\/strong> O fornecimento de \u00e1gua e servi\u00e7os sanit\u00e1rios foi prejudicado, afetando a vida di\u00e1ria dos cidad\u00e3os.<\/li>\n<li><strong>Tr\u00e2nsito Ca\u00f3tico:<\/strong> Sem\u00e1foros desligados e falta de ilumina\u00e7\u00e3o causaram engarrafamentos e aumentaram os riscos de acidentes.<\/li>\n<li><strong>Comprometimento da Seguran\u00e7a:<\/strong> Com a escurid\u00e3o, houve um aumento nos relatos de furtos e roubos em \u00e1reas vulner\u00e1veis.<\/li>\n<li><strong>Preju\u00edzos Comerciais:<\/strong> Estabelecimentos comerciais, especialmente os que dependem de equipamentos el\u00e9tricos, enfrentaram perdas financeiras significativas.<\/li>\n<li><strong>Desconforto e Inconveni\u00eancia:<\/strong> A falta de energia impactou a rotina familiar, causando desconforto e inseguran\u00e7a nas habita\u00e7\u00f5es.<\/li>\n<\/ul>\n<h2>Sem\u00e1foros em Flash: O Que Aconteceu em BH<\/h2>\n<p>Em Belo Horizonte, a queda de energia deixou muitos sem\u00e1foros fora de funcionamento, ocasionando:<\/p>\n<ul>\n<li><strong>Aumentos nos Engarrafamentos:<\/strong> A aus\u00eancia de sem\u00e1foros em funcionamento resultou em um tr\u00e2nsito ainda mais intenso nas principais vias da cidade.<\/li>\n<li><strong>Acidentes de Tr\u00e2nsito:<\/strong> Com motoristas sem orienta\u00e7\u00e3o, muitos acidentes foram registrados durante a crise el\u00e9trica.<\/li>\n<li><strong>P\u00e2nico e Confus\u00e3o:<\/strong> Cidad\u00e3os e motoristas, desorientados pela falta de sinaliza\u00e7\u00e3o, geraram momentos de ang\u00fastia e inseguran\u00e7a nas ruas.<\/li>\n<\/ul>\n<h2>Normaliza\u00e7\u00e3o do Fornecimento de Energia<\/h2>\n<p>A normaliza\u00e7\u00e3o do fornecimento de energia em Minas Gerais ocorreu ap\u00f3s a mobiliza\u00e7\u00e3o r\u00e1pida da Companhia Energ\u00e9tica de Minas Gerais (Cemig). Os passos tomados foram:<\/p>\n<ul>\n<li><strong>Reparo de Infraestrutura:<\/strong> A Cemig iniciou uma opera\u00e7\u00e3o intensiva para identificar e reparar falhas nas linhas de transmiss\u00e3o.<\/li>\n<li><strong>Planejamento de Rolagem de Carga:<\/strong> Para facilitar a recupera\u00e7\u00e3o do sistema, a Cemig implementou pr\u00e1ticas controladas de racionamento.<\/li>\n<li><strong>Comunica\u00e7\u00e3o Transparente:<\/strong> A empresa manteve a popula\u00e7\u00e3o informada sobre os progressos e as estimativas de normaliza\u00e7\u00e3o.<\/li>\n<\/ul>\n<h2>Regi\u00f5es Mais Afetadas pela Falha<\/h2>\n<p>As regi\u00f5es de Minas Gerais mais afetadas pelo apag\u00e3o nacional inclu\u00edram:<\/p>\n<ul>\n<li><strong>Centro-Sul:<\/strong> Cidades como Lavras e S\u00e3o Jo\u00e3o del-Rei enfrentaram interrup\u00e7\u00f5es prolongadas.<\/li>\n<li><strong>Zona da Mata:<\/strong> Regi\u00f5es urbanas e rurais nesta \u00e1rea relataram flutua\u00e7\u00f5es e quedas de energia.<\/li>\n<li><strong>Metropolitana de Belo Horizonte:<\/strong> Com bairros da capital dependentes de servi\u00e7os essenciais, as interrup\u00e7\u00f5es foram notadas em larga escala.<\/li>\n<\/ul>\n<h2>A Resposta da Cemig ao Apag\u00e3o<\/h2>\n<p>A Cemig, empresa respons\u00e1vel pelo fornecimento de energia em Minas Gerais, respondeu rapidamente ao apag\u00e3o com:<\/p>\n<ul>\n<li><strong>Refor\u00e7o na Equipe de Atendimento:<\/strong> Profissionais foram alocados para resolver problemas espec\u00edficos de diversas localidades afetadas.<\/li>\n<li><strong>Estabelecimento de um Canal de Comunica\u00e7\u00e3o:<\/strong> A popula\u00e7\u00e3o p\u00f4de ficar informada sobre a situa\u00e7\u00e3o atrav\u00e9s de canais oficiais da empresa.<\/li>\n<li><strong>Compensa\u00e7\u00e3o Financeira:<\/strong> A empresa avaliou a possibilidade de oferecer descontos nas contas de energia para os clientes afetados.<\/li>\n<\/ul>\n<h2>Investiga\u00e7\u00e3o sobre a Falha no Sistema<\/h2>\n<p>A resposta governamental a essa falha incluiu uma investiga\u00e7\u00e3o detalhada para identificar as verdadeiras causas do apag\u00e3o.<\/p>\n<ul>\n<li><strong>An\u00e1lise de Dados Operacionais:<\/strong> Relat\u00f3rios de sincroniza\u00e7\u00e3o entre usinas foram revisados para entender falhas no sistema.<\/li>\n<li><strong>Consulta a Especialistas:<\/strong> O governo contratou consultores independentes para investigar e apresentar recomenda\u00e7\u00f5es.<\/li>\n<li><strong>Relat\u00f3rio P\u00fablico:<\/strong> O resultado da investiga\u00e7\u00e3o ser\u00e1 disponibilizado para a popula\u00e7\u00e3o, assegurando transpar\u00eancia.<\/li>\n<\/ul>\n<h2>Dicas para Lidarmos com Apag\u00f5es<\/h2>\n<p>\u00c9 importante estar preparado para situa\u00e7\u00f5es de apag\u00e3o. Aqui est\u00e3o algumas dicas \u00fateis:<\/p>\n<ul>\n<li><strong>Tenha um Plano:<\/strong> Crie um plano familiar que inclua comunica\u00e7\u00e3o e local de encontro.<\/li>\n<li><strong>Kit de Emerg\u00eancia:<\/strong> Prepare um kit com lanternas, pilhas, \u00e1gua, alimentos n\u00e3o perec\u00edveis e um carregador port\u00e1til.<\/li>\n<li><strong>Manter Recursos Hidr\u00e1ulicos:<\/strong> Estoque de \u00e1gua \u00e9 fundamental para emerg\u00eancias, pois pode faltar at\u00e9 mesmo esse recurso durante apag\u00f5es.<\/li>\n<li><strong>Monitorar Informa\u00e7\u00f5es:<\/strong> Mantenha-se informado atrav\u00e9s de r\u00e1dio ou smartphones sobre atualiza\u00e7\u00f5es do fornecimento de energia.<\/li>\n<li><strong>Desconectar e Proteger Aparelhos El\u00e9tricos:<\/strong> Redes el\u00e9tricas podem ser suscet\u00edveis a surtos. Desconecte equipamentos sens\u00edveis quando houver sinal de um apag\u00e3o.<\/li>\n<\/ul>\n<h2>O Papel da Seguran\u00e7a Energ\u00e9tica<\/h2>\n<p>O apag\u00e3o destaca a import\u00e2ncia da seguran\u00e7a energ\u00e9tica em um pa\u00eds. Entre os aspectos principais est\u00e3o:<\/p>\n<ul>\n<li><strong>Investimento em Infraestrutura:<\/strong> \u00c9 essencial modernizar e expandir a infraestrutura el\u00e9trica para prevenir futuros apag\u00f5es.<\/li>\n<li><strong>Diversifica\u00e7\u00e3o de Fontes:<\/strong> Apostar em fontes diversas, como energia solar e e\u00f3lica, pode proporcionar maior estabilidade no fornecimento.<\/li>\n<li><strong>Forma\u00e7\u00e3o de Estoques de Energia:<\/strong> Implementar sistemas que garantam reservas energ\u00e9ticas pode ser crucial durante per\u00edodos de alta demanda.<\/li>\n<\/ul>\n<h2>Perspectivas Futuras para o Sistema El\u00e9trico<\/h2>\n<p>O epis\u00f3dio do apag\u00e3o nacional em Minas Gerais provoca reflex\u00f5es sobre o futuro do sistema el\u00e9trico no Brasil:<\/p>\n<ul>\n<li><strong>Aumento do Uso de Energias Renov\u00e1veis:<\/strong> Espera-se que o pa\u00eds aposte mais em energias limpas para garantir abastecimento sustent\u00e1vel.<\/li>\n<li><strong>Inova\u00e7\u00e3o em Tecnologias:<\/strong> A implementa\u00e7\u00e3o de novas tecnologias para medi\u00e7\u00e3o e consumo de energia poder\u00e1 tornar o sistema mais eficiente.<\/li>\n<li><strong>Educa\u00e7\u00e3o e Conscientiza\u00e7\u00e3o:<\/strong> A sociedade civil deve ser orientada sobre consumo consciente e efici\u00eancia energ\u00e9tica.<\/li>\n<\/ul>\n\n<div style=\"font-size: 0px; height: 0px; line-height: 0px; margin: 0; padding: 0; clear: both;\"><\/div>","protected":false},"excerpt":{"rendered":"<p>Apag\u00e3o nacional em Minas Gerais provoca falhas nos sem\u00e1foros de BH.<\/p>\n","protected":false},"author":1,"featured_media":0,"comment_status":"closed","ping_status":"closed","sticky":false,"template":"","format":"standard","meta":{"footnotes":""},"categories":[6],"tags":[],"class_list":["post-3144","post","type-post","status-publish","format-standard","hentry","category-noticias"],"aioseo_notices":[],"aioseo_head":"\n\t\t<!-- All in One SEO 5.0.0.1 - aioseo.com -->\n\t<meta name=\"description\" content=\"Apag\u00e3o nacional em Minas Gerais provoca falhas nos sem\u00e1foros de BH.\" \/>\n\t<meta name=\"robots\" content=\"max-image-preview:large\" \/>\n\t<meta name=\"author\" content=\"Encontra Belo Horizonte\"\/>\n\t<link rel=\"canonical\" href=\"https:\/\/www.encontrabelohorizonte.com.br\/sobre\/apagao-nacional-deixa-pelo-menos-16-milhao-de-imoveis-sem-luz-em-mg-fornecimento-ja-foi-restabelecido-diz-cemig\/\" \/>\n\t<meta name=\"generator\" content=\"All in One SEO (AIOSEO) 5.0.0.1\" \/>\n\t\t<meta property=\"og:locale\" content=\"pt_BR\" \/>\n\t\t<meta property=\"og:site_name\" content=\"Encontra Belo Horizonte | Not\u00edcias, eventos, informa\u00e7\u00f5es e dicas da cidade de Belo Horizonte e regi\u00e3o\" \/>\n\t\t<meta property=\"og:type\" content=\"article\" \/>\n\t\t<meta property=\"og:title\" content=\"Apag\u00e3o nacional deixa pelo menos 1,6 milh\u00e3o de im\u00f3veis sem luz em MG; fornecimento j\u00e1 foi restabelecido, diz Cemig | Encontra Belo Horizonte\" \/>\n\t\t<meta property=\"og:description\" content=\"Apag\u00e3o nacional em Minas Gerais provoca falhas nos sem\u00e1foros de BH.\" \/>\n\t\t<meta property=\"og:url\" content=\"https:\/\/www.encontrabelohorizonte.com.br\/sobre\/apagao-nacional-deixa-pelo-menos-16-milhao-de-imoveis-sem-luz-em-mg-fornecimento-ja-foi-restabelecido-diz-cemig\/\" \/>\n\t\t<meta property=\"article:published_time\" content=\"2025-10-27T09:48:00+00:00\" \/>\n\t\t<meta property=\"article:modified_time\" content=\"2025-10-27T09:48:00+00:00\" \/>\n\t\t<meta name=\"twitter:card\" content=\"summary\" \/>\n\t\t<meta name=\"twitter:title\" content=\"Apag\u00e3o nacional deixa pelo menos 1,6 milh\u00e3o de im\u00f3veis sem luz em MG; fornecimento j\u00e1 foi restabelecido, diz Cemig | Encontra Belo Horizonte\" \/>\n\t\t<meta name=\"twitter:description\" content=\"Apag\u00e3o nacional em Minas Gerais provoca falhas nos sem\u00e1foros de BH.\" \/>\n\t\t<script type=\"application\/ld+json\" class=\"aioseo-schema\">\n\t\t\t{\"@context\":\"https:\\\/\\\/schema.org\",\"@graph\":[{\"@type\":\"Article\",\"@id\":\"https:\\\/\\\/www.encontrabelohorizonte.com.br\\\/sobre\\\/apagao-nacional-deixa-pelo-menos-16-milhao-de-imoveis-sem-luz-em-mg-fornecimento-ja-foi-restabelecido-diz-cemig\\\/#article\",\"name\":\"Apag\\u00e3o nacional deixa pelo menos 1,6 milh\\u00e3o de im\\u00f3veis sem luz em MG; fornecimento j\\u00e1 foi restabelecido, diz Cemig | Encontra Belo Horizonte\",\"headline\":\"Apag\\u00e3o nacional deixa pelo menos 1,6 milh\\u00e3o de im\\u00f3veis sem luz em MG; fornecimento j\\u00e1 foi restabelecido, diz Cemig\",\"author\":{\"@id\":\"https:\\\/\\\/www.encontrabelohorizonte.com.br\\\/sobre\\\/author\\\/ebelohorizonte\\\/#author\"},\"publisher\":{\"@id\":\"https:\\\/\\\/www.encontrabelohorizonte.com.br\\\/sobre\\\/#organization\"},\"datePublished\":\"2025-10-27T06:48:00-03:00\",\"dateModified\":\"2025-10-27T06:48:00-03:00\",\"inLanguage\":\"pt-BR\",\"mainEntityOfPage\":{\"@id\":\"https:\\\/\\\/www.encontrabelohorizonte.com.br\\\/sobre\\\/apagao-nacional-deixa-pelo-menos-16-milhao-de-imoveis-sem-luz-em-mg-fornecimento-ja-foi-restabelecido-diz-cemig\\\/#webpage\"},\"isPartOf\":{\"@id\":\"https:\\\/\\\/www.encontrabelohorizonte.com.br\\\/sobre\\\/apagao-nacional-deixa-pelo-menos-16-milhao-de-imoveis-sem-luz-em-mg-fornecimento-ja-foi-restabelecido-diz-cemig\\\/#webpage\"},\"articleSection\":\"Not\\u00edcias Belo Horizonte\"},{\"@type\":\"BreadcrumbList\",\"@id\":\"https:\\\/\\\/www.encontrabelohorizonte.com.br\\\/sobre\\\/apagao-nacional-deixa-pelo-menos-16-milhao-de-imoveis-sem-luz-em-mg-fornecimento-ja-foi-restabelecido-diz-cemig\\\/#breadcrumblist\",\"itemListElement\":[{\"@type\":\"ListItem\",\"@id\":\"https:\\\/\\\/www.encontrabelohorizonte.com.br\\\/sobre#listItem\",\"position\":1,\"name\":\"In\\u00edcio\",\"item\":\"https:\\\/\\\/www.encontrabelohorizonte.com.br\\\/sobre\",\"nextItem\":{\"@type\":\"ListItem\",\"@id\":\"https:\\\/\\\/www.encontrabelohorizonte.com.br\\\/sobre\\\/noticias\\\/#listItem\",\"name\":\"Not\\u00edcias Belo Horizonte\"}},{\"@type\":\"ListItem\",\"@id\":\"https:\\\/\\\/www.encontrabelohorizonte.com.br\\\/sobre\\\/noticias\\\/#listItem\",\"position\":2,\"name\":\"Not\\u00edcias Belo Horizonte\",\"item\":\"https:\\\/\\\/www.encontrabelohorizonte.com.br\\\/sobre\\\/noticias\\\/\",\"nextItem\":{\"@type\":\"ListItem\",\"@id\":\"https:\\\/\\\/www.encontrabelohorizonte.com.br\\\/sobre\\\/apagao-nacional-deixa-pelo-menos-16-milhao-de-imoveis-sem-luz-em-mg-fornecimento-ja-foi-restabelecido-diz-cemig\\\/#listItem\",\"name\":\"Apag\\u00e3o nacional deixa pelo menos 1,6 milh\\u00e3o de im\\u00f3veis sem luz em MG; fornecimento j\\u00e1 foi restabelecido, diz Cemig\"},\"previousItem\":{\"@type\":\"ListItem\",\"@id\":\"https:\\\/\\\/www.encontrabelohorizonte.com.br\\\/sobre#listItem\",\"name\":\"In\\u00edcio\"}},{\"@type\":\"ListItem\",\"@id\":\"https:\\\/\\\/www.encontrabelohorizonte.com.br\\\/sobre\\\/apagao-nacional-deixa-pelo-menos-16-milhao-de-imoveis-sem-luz-em-mg-fornecimento-ja-foi-restabelecido-diz-cemig\\\/#listItem\",\"position\":3,\"name\":\"Apag\\u00e3o nacional deixa pelo menos 1,6 milh\\u00e3o de im\\u00f3veis sem luz em MG; fornecimento j\\u00e1 foi restabelecido, diz Cemig\",\"previousItem\":{\"@type\":\"ListItem\",\"@id\":\"https:\\\/\\\/www.encontrabelohorizonte.com.br\\\/sobre\\\/noticias\\\/#listItem\",\"name\":\"Not\\u00edcias Belo Horizonte\"}}]},{\"@type\":\"Organization\",\"@id\":\"https:\\\/\\\/www.encontrabelohorizonte.com.br\\\/sobre\\\/#organization\",\"name\":\"Encontra Belo Horizonte\",\"description\":\"Not\\u00edcias, eventos, informa\\u00e7\\u00f5es e dicas da cidade de Belo Horizonte e regi\\u00e3o\",\"url\":\"https:\\\/\\\/www.encontrabelohorizonte.com.br\\\/sobre\\\/\"},{\"@type\":\"Person\",\"@id\":\"https:\\\/\\\/www.encontrabelohorizonte.com.br\\\/sobre\\\/author\\\/ebelohorizonte\\\/#author\",\"url\":\"https:\\\/\\\/www.encontrabelohorizonte.com.br\\\/sobre\\\/author\\\/ebelohorizonte\\\/\",\"name\":\"Encontra Belo Horizonte\",\"image\":{\"@type\":\"ImageObject\",\"@id\":\"https:\\\/\\\/www.encontrabelohorizonte.com.br\\\/sobre\\\/apagao-nacional-deixa-pelo-menos-16-milhao-de-imoveis-sem-luz-em-mg-fornecimento-ja-foi-restabelecido-diz-cemig\\\/#authorImage\",\"url\":\"https:\\\/\\\/secure.gravatar.com\\\/avatar\\\/507340682b8270222e1f208e23198b6ae7e2c6a1033ae84e99bc6bce4f82a387?s=96&d=mm&r=g\",\"width\":96,\"height\":96,\"caption\":\"Encontra Belo Horizonte\"}},{\"@type\":\"WebPage\",\"@id\":\"https:\\\/\\\/www.encontrabelohorizonte.com.br\\\/sobre\\\/apagao-nacional-deixa-pelo-menos-16-milhao-de-imoveis-sem-luz-em-mg-fornecimento-ja-foi-restabelecido-diz-cemig\\\/#webpage\",\"url\":\"https:\\\/\\\/www.encontrabelohorizonte.com.br\\\/sobre\\\/apagao-nacional-deixa-pelo-menos-16-milhao-de-imoveis-sem-luz-em-mg-fornecimento-ja-foi-restabelecido-diz-cemig\\\/\",\"name\":\"Apag\\u00e3o nacional deixa pelo menos 1,6 milh\\u00e3o de im\\u00f3veis sem luz em MG; fornecimento j\\u00e1 foi restabelecido, diz Cemig | Encontra Belo Horizonte\",\"description\":\"Apag\\u00e3o nacional em Minas Gerais provoca falhas nos sem\\u00e1foros de BH.\",\"inLanguage\":\"pt-BR\",\"isPartOf\":{\"@id\":\"https:\\\/\\\/www.encontrabelohorizonte.com.br\\\/sobre\\\/#website\"},\"breadcrumb\":{\"@id\":\"https:\\\/\\\/www.encontrabelohorizonte.com.br\\\/sobre\\\/apagao-nacional-deixa-pelo-menos-16-milhao-de-imoveis-sem-luz-em-mg-fornecimento-ja-foi-restabelecido-diz-cemig\\\/#breadcrumblist\"},\"author\":{\"@id\":\"https:\\\/\\\/www.encontrabelohorizonte.com.br\\\/sobre\\\/author\\\/ebelohorizonte\\\/#author\"},\"creator\":{\"@id\":\"https:\\\/\\\/www.encontrabelohorizonte.com.br\\\/sobre\\\/author\\\/ebelohorizonte\\\/#author\"},\"datePublished\":\"2025-10-27T06:48:00-03:00\",\"dateModified\":\"2025-10-27T06:48:00-03:00\"},{\"@type\":\"WebSite\",\"@id\":\"https:\\\/\\\/www.encontrabelohorizonte.com.br\\\/sobre\\\/#website\",\"url\":\"https:\\\/\\\/www.encontrabelohorizonte.com.br\\\/sobre\\\/\",\"name\":\"Encontra Belo Horizonte\",\"description\":\"Not\\u00edcias, eventos, informa\\u00e7\\u00f5es e dicas da cidade de Belo Horizonte e regi\\u00e3o\",\"inLanguage\":\"pt-BR\",\"publisher\":{\"@id\":\"https:\\\/\\\/www.encontrabelohorizonte.com.br\\\/sobre\\\/#organization\"}}]}\n\t\t<\/script>\n\t\t<!-- All in One SEO -->\n\n","aioseo_head_json":{"title":"Apag\u00e3o nacional deixa pelo menos 1,6 milh\u00e3o de im\u00f3veis sem luz em MG; fornecimento j\u00e1 foi restabelecido, diz Cemig | Encontra Belo Horizonte","description":"Apag\u00e3o nacional em Minas Gerais provoca falhas nos sem\u00e1foros de BH.","canonical_url":"https:\/\/www.encontrabelohorizonte.com.br\/sobre\/apagao-nacional-deixa-pelo-menos-16-milhao-de-imoveis-sem-luz-em-mg-fornecimento-ja-foi-restabelecido-diz-cemig\/","robots":"max-image-preview:large","keywords":"","webmasterTools":{"miscellaneous":""},"schema":{"@context":"https:\/\/schema.org","@graph":[{"@type":"Article","@id":"https:\/\/www.encontrabelohorizonte.com.br\/sobre\/apagao-nacional-deixa-pelo-menos-16-milhao-de-imoveis-sem-luz-em-mg-fornecimento-ja-foi-restabelecido-diz-cemig\/#article","name":"Apag\u00e3o nacional deixa pelo menos 1,6 milh\u00e3o de im\u00f3veis sem luz em MG; fornecimento j\u00e1 foi restabelecido, diz Cemig | Encontra Belo Horizonte","headline":"Apag\u00e3o nacional deixa pelo menos 1,6 milh\u00e3o de im\u00f3veis sem luz em MG; fornecimento j\u00e1 foi restabelecido, diz Cemig","author":{"@id":"https:\/\/www.encontrabelohorizonte.com.br\/sobre\/author\/ebelohorizonte\/#author"},"publisher":{"@id":"https:\/\/www.encontrabelohorizonte.com.br\/sobre\/#organization"},"datePublished":"2025-10-27T06:48:00-03:00","dateModified":"2025-10-27T06:48:00-03:00","inLanguage":"pt-BR","mainEntityOfPage":{"@id":"https:\/\/www.encontrabelohorizonte.com.br\/sobre\/apagao-nacional-deixa-pelo-menos-16-milhao-de-imoveis-sem-luz-em-mg-fornecimento-ja-foi-restabelecido-diz-cemig\/#webpage"},"isPartOf":{"@id":"https:\/\/www.encontrabelohorizonte.com.br\/sobre\/apagao-nacional-deixa-pelo-menos-16-milhao-de-imoveis-sem-luz-em-mg-fornecimento-ja-foi-restabelecido-diz-cemig\/#webpage"},"articleSection":"Not\u00edcias Belo Horizonte"},{"@type":"BreadcrumbList","@id":"https:\/\/www.encontrabelohorizonte.com.br\/sobre\/apagao-nacional-deixa-pelo-menos-16-milhao-de-imoveis-sem-luz-em-mg-fornecimento-ja-foi-restabelecido-diz-cemig\/#breadcrumblist","itemListElement":[{"@type":"ListItem","@id":"https:\/\/www.encontrabelohorizonte.com.br\/sobre#listItem","position":1,"name":"In\u00edcio","item":"https:\/\/www.encontrabelohorizonte.com.br\/sobre","nextItem":{"@type":"ListItem","@id":"https:\/\/www.encontrabelohorizonte.com.br\/sobre\/noticias\/#listItem","name":"Not\u00edcias Belo Horizonte"}},{"@type":"ListItem","@id":"https:\/\/www.encontrabelohorizonte.com.br\/sobre\/noticias\/#listItem","position":2,"name":"Not\u00edcias Belo Horizonte","item":"https:\/\/www.encontrabelohorizonte.com.br\/sobre\/noticias\/","nextItem":{"@type":"ListItem","@id":"https:\/\/www.encontrabelohorizonte.com.br\/sobre\/apagao-nacional-deixa-pelo-menos-16-milhao-de-imoveis-sem-luz-em-mg-fornecimento-ja-foi-restabelecido-diz-cemig\/#listItem","name":"Apag\u00e3o nacional deixa pelo menos 1,6 milh\u00e3o de im\u00f3veis sem luz em MG; fornecimento j\u00e1 foi restabelecido, diz Cemig"},"previousItem":{"@type":"ListItem","@id":"https:\/\/www.encontrabelohorizonte.com.br\/sobre#listItem","name":"In\u00edcio"}},{"@type":"ListItem","@id":"https:\/\/www.encontrabelohorizonte.com.br\/sobre\/apagao-nacional-deixa-pelo-menos-16-milhao-de-imoveis-sem-luz-em-mg-fornecimento-ja-foi-restabelecido-diz-cemig\/#listItem","position":3,"name":"Apag\u00e3o nacional deixa pelo menos 1,6 milh\u00e3o de im\u00f3veis sem luz em MG; fornecimento j\u00e1 foi restabelecido, diz Cemig","previousItem":{"@type":"ListItem","@id":"https:\/\/www.encontrabelohorizonte.com.br\/sobre\/noticias\/#listItem","name":"Not\u00edcias Belo Horizonte"}}]},{"@type":"Organization","@id":"https:\/\/www.encontrabelohorizonte.com.br\/sobre\/#organization","name":"Encontra Belo Horizonte","description":"Not\u00edcias, eventos, informa\u00e7\u00f5es e dicas da cidade de Belo Horizonte e regi\u00e3o","url":"https:\/\/www.encontrabelohorizonte.com.br\/sobre\/"},{"@type":"Person","@id":"https:\/\/www.encontrabelohorizonte.com.br\/sobre\/author\/ebelohorizonte\/#author","url":"https:\/\/www.encontrabelohorizonte.com.br\/sobre\/author\/ebelohorizonte\/","name":"Encontra Belo Horizonte","image":{"@type":"ImageObject","@id":"https:\/\/www.encontrabelohorizonte.com.br\/sobre\/apagao-nacional-deixa-pelo-menos-16-milhao-de-imoveis-sem-luz-em-mg-fornecimento-ja-foi-restabelecido-diz-cemig\/#authorImage","url":"https:\/\/secure.gravatar.com\/avatar\/507340682b8270222e1f208e23198b6ae7e2c6a1033ae84e99bc6bce4f82a387?s=96&d=mm&r=g","width":96,"height":96,"caption":"Encontra Belo Horizonte"}},{"@type":"WebPage","@id":"https:\/\/www.encontrabelohorizonte.com.br\/sobre\/apagao-nacional-deixa-pelo-menos-16-milhao-de-imoveis-sem-luz-em-mg-fornecimento-ja-foi-restabelecido-diz-cemig\/#webpage","url":"https:\/\/www.encontrabelohorizonte.com.br\/sobre\/apagao-nacional-deixa-pelo-menos-16-milhao-de-imoveis-sem-luz-em-mg-fornecimento-ja-foi-restabelecido-diz-cemig\/","name":"Apag\u00e3o nacional deixa pelo menos 1,6 milh\u00e3o de im\u00f3veis sem luz em MG; fornecimento j\u00e1 foi restabelecido, diz Cemig | Encontra Belo Horizonte","description":"Apag\u00e3o nacional em Minas Gerais provoca falhas nos sem\u00e1foros de BH.","inLanguage":"pt-BR","isPartOf":{"@id":"https:\/\/www.encontrabelohorizonte.com.br\/sobre\/#website"},"breadcrumb":{"@id":"https:\/\/www.encontrabelohorizonte.com.br\/sobre\/apagao-nacional-deixa-pelo-menos-16-milhao-de-imoveis-sem-luz-em-mg-fornecimento-ja-foi-restabelecido-diz-cemig\/#breadcrumblist"},"author":{"@id":"https:\/\/www.encontrabelohorizonte.com.br\/sobre\/author\/ebelohorizonte\/#author"},"creator":{"@id":"https:\/\/www.encontrabelohorizonte.com.br\/sobre\/author\/ebelohorizonte\/#author"},"datePublished":"2025-10-27T06:48:00-03:00","dateModified":"2025-10-27T06:48:00-03:00"},{"@type":"WebSite","@id":"https:\/\/www.encontrabelohorizonte.com.br\/sobre\/#website","url":"https:\/\/www.encontrabelohorizonte.com.br\/sobre\/","name":"Encontra Belo Horizonte","description":"Not\u00edcias, eventos, informa\u00e7\u00f5es e dicas da cidade de Belo Horizonte e regi\u00e3o","inLanguage":"pt-BR","publisher":{"@id":"https:\/\/www.encontrabelohorizonte.com.br\/sobre\/#organization"}}]},"og:locale":"pt_BR","og:site_name":"Encontra Belo Horizonte | Not\u00edcias, eventos, informa\u00e7\u00f5es e dicas da cidade de Belo Horizonte e regi\u00e3o","og:type":"article","og:title":"Apag\u00e3o nacional deixa pelo menos 1,6 milh\u00e3o de im\u00f3veis sem luz em MG; fornecimento j\u00e1 foi restabelecido, diz Cemig | Encontra Belo Horizonte","og:description":"Apag\u00e3o nacional em Minas Gerais provoca falhas nos sem\u00e1foros de BH.","og:url":"https:\/\/www.encontrabelohorizonte.com.br\/sobre\/apagao-nacional-deixa-pelo-menos-16-milhao-de-imoveis-sem-luz-em-mg-fornecimento-ja-foi-restabelecido-diz-cemig\/","article:published_time":"2025-10-27T09:48:00+00:00","article:modified_time":"2025-10-27T09:48:00+00:00","twitter:card":"summary","twitter:title":"Apag\u00e3o nacional deixa pelo menos 1,6 milh\u00e3o de im\u00f3veis sem luz em MG; fornecimento j\u00e1 foi restabelecido, diz Cemig | Encontra Belo Horizonte","twitter:description":"Apag\u00e3o nacional em Minas Gerais provoca falhas nos sem\u00e1foros de BH."},"aioseo_meta_data":{"post_id":"3144","title":null,"description":null,"keywords":null,"keyphrases":null,"primary_term":null,"canonical_url":null,"og_title":null,"og_description":null,"og_object_type":"default","og_image_type":"default","og_image_url":null,"og_image_width":null,"og_image_height":null,"og_image_custom_url":null,"og_image_custom_fields":null,"og_video":null,"og_custom_url":null,"og_article_section":null,"og_article_tags":null,"twitter_use_og":false,"twitter_card":"default","twitter_image_type":"default","twitter_image_url":null,"twitter_image_custom_url":null,"twitter_image_custom_fields":null,"twitter_title":null,"twitter_description":null,"schema":{"blockGraphs":[],"customGraphs":[],"default":{"data":{"Article":[],"Course":[],"Dataset":[],"FAQPage":[],"Movie":[],"Person":[],"Product":[],"ProductReview":[],"Car":[],"Recipe":[],"Service":[],"SoftwareApplication":[],"WebPage":[]},"graphName":"Article","isEnabled":true},"graphs":[]},"schema_type":"default","schema_type_options":null,"pillar_content":false,"robots_default":true,"robots_noindex":false,"robots_noarchive":false,"robots_nosnippet":false,"robots_nofollow":false,"robots_noimageindex":false,"robots_noodp":false,"robots_notranslate":false,"robots_max_snippet":null,"robots_max_videopreview":null,"robots_max_imagepreview":"large","priority":null,"frequency":null,"local_seo":null,"breadcrumb_settings":null,"limit_modified_date":false,"ai":null,"created":"2025-10-27 13:06:03","updated":"2025-10-27 14:05:56","focus_keyword":null,"additional_keywords":null,"truseo_locale":null,"seo_analyzer_scan_date":null},"aioseo_breadcrumb":"<div class=\"aioseo-breadcrumbs\"><span class=\"aioseo-breadcrumb\">\n\t\t\t<a href=\"https:\/\/www.encontrabelohorizonte.com.br\/sobre\" title=\"In\u00edcio\">In\u00edcio<\/a>\n\t\t<\/span><span class=\"aioseo-breadcrumb-separator\">&raquo;<\/span><span class=\"aioseo-breadcrumb\">\n\t\t\t<a href=\"https:\/\/www.encontrabelohorizonte.com.br\/sobre\/noticias\/\" title=\"Not\u00edcias Belo Horizonte\">Not\u00edcias Belo Horizonte<\/a>\n\t\t<\/span><span class=\"aioseo-breadcrumb-separator\">&raquo;<\/span><span class=\"aioseo-breadcrumb\">\n\t\t\tApag\u00e3o nacional deixa pelo menos 1,6 milh\u00e3o de im\u00f3veis sem luz em MG; fornecimento j\u00e1 foi restabelecido, diz Cemig\n\t\t<\/span><\/div>","aioseo_breadcrumb_json":[{"label":"In\u00edcio","link":"https:\/\/www.encontrabelohorizonte.com.br\/sobre"},{"label":"Not\u00edcias Belo Horizonte","link":"https:\/\/www.encontrabelohorizonte.com.br\/sobre\/noticias\/"},{"label":"Apag\u00e3o nacional deixa pelo menos 1,6 milh\u00e3o de im\u00f3veis sem luz em MG; fornecimento j\u00e1 foi restabelecido, diz Cemig","link":"https:\/\/www.encontrabelohorizonte.com.br\/sobre\/apagao-nacional-deixa-pelo-menos-16-milhao-de-imoveis-sem-luz-em-mg-fornecimento-ja-foi-restabelecido-diz-cemig\/"}],"_links":{"self":[{"href":"https:\/\/www.encontrabelohorizonte.com.br\/sobre\/wp-json\/wp\/v2\/posts\/3144","targetHints":{"allow":["GET"]}}],"collection":[{"href":"https:\/\/www.encontrabelohorizonte.com.br\/sobre\/wp-json\/wp\/v2\/posts"}],"about":[{"href":"https:\/\/www.encontrabelohorizonte.com.br\/sobre\/wp-json\/wp\/v2\/types\/post"}],"author":[{"embeddable":true,"href":"https:\/\/www.encontrabelohorizonte.com.br\/sobre\/wp-json\/wp\/v2\/users\/1"}],"replies":[{"embeddable":true,"href":"https:\/\/www.encontrabelohorizonte.com.br\/sobre\/wp-json\/wp\/v2\/comments?post=3144"}],"version-history":[{"count":0,"href":"https:\/\/www.encontrabelohorizonte.com.br\/sobre\/wp-json\/wp\/v2\/posts\/3144\/revisions"}],"wp:attachment":[{"href":"https:\/\/www.encontrabelohorizonte.com.br\/sobre\/wp-json\/wp\/v2\/media?parent=3144"}],"wp:term":[{"taxonomy":"category","embeddable":true,"href":"https:\/\/www.encontrabelohorizonte.com.br\/sobre\/wp-json\/wp\/v2\/categories?post=3144"},{"taxonomy":"post_tag","embeddable":true,"href":"https:\/\/www.encontrabelohorizonte.com.br\/sobre\/wp-json\/wp\/v2\/tags?post=3144"}],"curies":[{"name":"wp","href":"https:\/\/api.w.org\/{rel}","templated":true}]}}