{"id":3174,"date":"2025-11-01T08:27:00","date_gmt":"2025-11-01T11:27:00","guid":{"rendered":"https:\/\/www.encontrabelohorizonte.com.br\/sobre\/em-belo-horizonte-ministerios-das-comunicacoes-e-dos-direitos-humanos-firmam-parceria-para-levar-inclusao-digital-a-comunidades-vulneraveis\/"},"modified":"2025-11-01T08:27:00","modified_gmt":"2025-11-01T11:27:00","slug":"em-belo-horizonte-ministerios-das-comunicacoes-e-dos-direitos-humanos-firmam-parceria-para-levar-inclusao-digital-a-comunidades-vulneraveis","status":"publish","type":"post","link":"https:\/\/www.encontrabelohorizonte.com.br\/sobre\/em-belo-horizonte-ministerios-das-comunicacoes-e-dos-direitos-humanos-firmam-parceria-para-levar-inclusao-digital-a-comunidades-vulneraveis\/","title":{"rendered":"Em Belo Horizonte, Minist\u00e9rios das Comunica\u00e7\u00f5es e dos Direitos Humanos firmam parceria para levar inclus\u00e3o digital a comunidades vulner\u00e1veis"},"content":{"rendered":"<div class=\"2e083cf0b19e2c11948dc6ac054ba979\" data-index=\"1\" style=\"float: none; margin:0px;\">\n<!-- Anuncio display - global -->\r\n<ins class=\"adsbygoogle\"\r\n     style=\"display:block\"\r\n     data-ad-client=\"ca-pub-8585364105181520\"\r\n     data-ad-slot=\"8789329856\"\r\n     data-ad-format=\"auto\"\r\n     data-full-width-responsive=\"true\"><\/ins>\r\n<script>\r\n     (adsbygoogle = window.adsbygoogle || []).push({});\r\n<\/script>\n<\/div>\n<h2>O que significa que estamos em manuten\u00e7\u00e3o?<\/h2>\n<p>Quando dizemos <strong>&#8220;estamos em manuten\u00e7\u00e3o&#8221;<\/strong>, isso indica que nosso site ou servi\u00e7o n\u00e3o est\u00e1 dispon\u00edvel temporariamente. Essa pausa \u00e9 necess\u00e1ria para fazer melhorias, ajustes e resolver quest\u00f5es t\u00e9cnicas. \u00c9 um processo importante para garantir que tudo funcione adequadamente no futuro.<\/p>\n<p>A manuten\u00e7\u00e3o pode incluir a atualiza\u00e7\u00e3o de sistemas, a corre\u00e7\u00e3o de bugs ou a implementa\u00e7\u00e3o de novos recursos. Estamos dedicando tempo e aten\u00e7\u00e3o para garantir que sua experi\u00eancia conosco seja a melhor poss\u00edvel.<\/p>\n<h2>Por que essa manuten\u00e7\u00e3o \u00e9 necess\u00e1ria?<\/h2>\n<p>A manuten\u00e7\u00e3o \u00e9 essencial por v\u00e1rias raz\u00f5es:<\/p>\n<ul>\n<li><strong>Atualiza\u00e7\u00e3o de Sistema:<\/strong> Evoluir tecnicamente \u00e9 preciso para manter a seguran\u00e7a e a efici\u00eancia do nosso site.<\/li>\n<li><strong>Corre\u00e7\u00e3o de Erros:<\/strong> Problemas t\u00e9cnicos podem afetar a funcionalidade e a experi\u00eancia do usu\u00e1rio. A manuten\u00e7\u00e3o permite resolver esses problemas.<\/li>\n<li><strong>Implementa\u00e7\u00e3o de Novos Recursos:<\/strong> Nossos servi\u00e7os est\u00e3o sempre se desenvolvendo. Durante a manuten\u00e7\u00e3o, podemos adicionar novas funcionalidades.<\/li>\n<li><strong>Seguran\u00e7a:<\/strong> Garantir que os dados e informa\u00e7\u00f5es estejam seguros \u00e9 primordial. Dediquemos tempo para aumentar as prote\u00e7\u00f5es contra vulnerabilidades.<\/li>\n<\/ul>\n<h2>O que estamos fazendo para solucionar os problemas?<\/h2>\n<p>Durante o per\u00edodo de manuten\u00e7\u00e3o, estamos focados em:<\/p>\n<ul>\n<li><strong>Auditoria T\u00e9cnica:<\/strong> Identificamos as \u00e1reas que necessitam de melhorias e estamos resolvendo cada uma.<\/li>\n<li><strong>Atualiza\u00e7\u00f5es de Software:<\/strong> Aplicamos atualiza\u00e7\u00f5es essenciais para que o sistema funcione bem.<\/li>\n<li><strong>Testes de Sistema:<\/strong> Estamos conduzindo testes rigorosos para assegurar que tudo esteja em ordem antes de voltar ao ar.<\/li>\n<li><strong>Consultoria Especializada:<\/strong> Nossa equipe conta com profissionais qualificados que ajudam a otimizar o servi\u00e7o.<\/li>\n<\/ul>\n<h2>Como isso afeta seus servi\u00e7os?<\/h2>\n<p>Enquanto estamos em manuten\u00e7\u00e3o, alguns servi\u00e7os podem n\u00e3o estar acess\u00edveis. Isso significa que:<\/p>\n<ul>\n<li><strong>Acesso Limitado:<\/strong> Voc\u00ea pode encontrar dificuldades para acessar certas \u00e1reas do nosso site.<\/li>\n<li><strong>Tempo de Resposta Aumentado:<\/strong> Nosso suporte pode demorar mais para responder durante esse per\u00edodo.<\/li>\n<li><strong>Funcionalidades Inacess\u00edveis:<\/strong> Algumas fun\u00e7\u00f5es ou conte\u00fados do site podem n\u00e3o estar dispon\u00edveis.<\/li>\n<\/ul>\n<p>Entendemos que isso pode frustr\u00e1-lo, mas fazemos isso para fornecer um melhor servi\u00e7o a longo prazo.<\/p>\n<h2>Quando esperamos retornar ao normal?<\/h2>\n<p>Estamos trabalhando arduamente para concluir a manuten\u00e7\u00e3o o mais r\u00e1pido poss\u00edvel. Em geral, levamos entre:<\/p>\n<ul>\n<li><strong>24 a 48 horas:<\/strong> Para a maioria das manuten\u00e7\u00f5es padr\u00e3o.<\/li>\n<li><strong>1 semana:<\/strong> Se precisar de atualiza\u00e7\u00f5es maiores ou mudan\u00e7as significativas.<\/li>\n<\/ul>\n<p>Comunicaremos qualquer altera\u00e7\u00e3o no cronograma por meio das nossas redes sociais e e-mails.<\/p>\n<h2>O que voc\u00ea pode fazer enquanto estamos fora do ar?<\/h2>\n<p>Embora nossos servi\u00e7os estejam temporariamente indispon\u00edveis, aqui est\u00e3o algumas sugest\u00f5es do que voc\u00ea pode fazer:<\/p>\n<ul>\n<li><strong>Visitar Nossa Comunidade:<\/strong> Acesse nossas redes sociais para atualiza\u00e7\u00f5es e intera\u00e7\u00f5es.<\/li>\n<li><strong>Ler Nosso Blog:<\/strong> Explore artigos anteriores que podem ser \u00fateis e informativos.<\/li>\n<li><strong>Prepare perguntas:<\/strong> Anote qualquer d\u00favida ou feedback que voc\u00ea possa ter para quando estivermos de volta.<\/li>\n<\/ul>\n<h2>Dicas para lidar com a espera<\/h2>\n<p>Aguardar pode ser frustrante. Aqui v\u00e3o algumas dicas para passar esse tempo:<\/p>\n<ul>\n<li><strong>Respire Fundo:<\/strong> Fa\u00e7a pausas e evite se estressar. A paz mental \u00e9 importante.<\/li>\n<li><strong>Envolva-se:<\/strong> Participe de discuss\u00f5es em f\u00f3runs ou redes sociais sobre o tema que voc\u00ea busca.<\/li>\n<li><strong>Mantenha-se Informado:<\/strong> Acompanhe atualiza\u00e7\u00f5es sobre a manuten\u00e7\u00e3o em nossas plataformas.<\/li>\n<\/ul>\n<h2>Agradecimento pela sua paci\u00eancia<\/h2>\n<p>Gostar\u00edamos de expressar nossa <strong>gratid\u00e3o<\/strong> pela sua paci\u00eancia durante esse per\u00edodo. Sabemos que interrup\u00e7\u00f5es podem ser inc\u00f4modas, mas sua compreens\u00e3o \u00e9 valiosa para n\u00f3s.<\/p>\n<p>Estamos implementando melhorias que beneficiar\u00e3o todos os nossos usu\u00e1rios e sua paci\u00eancia \u00e9 um componente vital neste processo.<\/p>\n<h2>Como nos contatar durante a manuten\u00e7\u00e3o?<\/h2>\n<p>Mesmo com o site em manuten\u00e7\u00e3o, voc\u00ea ainda pode nos contatar atrav\u00e9s dos seguintes meios:<\/p>\n<ul>\n<li><strong>Email:<\/strong> Envie suas preocupa\u00e7\u00f5es e perguntas para nosso suporte via email.<\/li>\n<li><strong>Redes Sociais:<\/strong> Entre em contato pelo nosso perfil no Facebook ou Instagram.<\/li>\n<li><strong>Telefones:<\/strong> Utilize nossos n\u00fameros de contato para falar diretamente com um representante.<\/li>\n<\/ul>\n<h2>Expectativas futuras ap\u00f3s a manuten\u00e7\u00e3o<\/h2>\n<p>Ap\u00f3s a manuten\u00e7\u00e3o, voc\u00ea pode esperar:<\/p>\n<ul>\n<li><strong>Melhorias na Experi\u00eancia do Usu\u00e1rio:<\/strong> Navega\u00e7\u00e3o mais fluida e servi\u00e7os mais eficientes.<\/li>\n<li><strong>Novas Funcionalidades:<\/strong> Lan\u00e7amento de recursos que atender\u00e3o melhor suas necessidades.<\/li>\n<li><strong>Seguran\u00e7a Aprimorada:<\/strong> Um ambiente mais seguro para voc\u00ea e suas informa\u00e7\u00f5es.<\/li>\n<\/ul>\n<p>Estamos ansiosos para mostrar a voc\u00ea o resultado de nossas melhorias.<\/p>\n\n<div style=\"font-size: 0px; height: 0px; line-height: 0px; margin: 0; padding: 0; clear: both;\"><\/div>","protected":false},"excerpt":{"rendered":"<p>Estamos em manuten\u00e7\u00e3o e precisamos da sua compreens\u00e3o nesta situa\u00e7\u00e3o.<\/p>\n","protected":false},"author":1,"featured_media":0,"comment_status":"closed","ping_status":"closed","sticky":false,"template":"","format":"standard","meta":{"footnotes":""},"categories":[38],"tags":[],"class_list":["post-3174","post","type-post","status-publish","format-standard","hentry","category-educacao"],"aioseo_notices":[],"aioseo_head":"\n\t\t<!-- All in One SEO 5.0.0.1 - aioseo.com -->\n\t<meta name=\"description\" content=\"Estamos em manuten\u00e7\u00e3o e precisamos da sua compreens\u00e3o nesta situa\u00e7\u00e3o.\" \/>\n\t<meta name=\"robots\" content=\"max-image-preview:large\" \/>\n\t<meta name=\"author\" content=\"Encontra Belo Horizonte\"\/>\n\t<link rel=\"canonical\" href=\"https:\/\/www.encontrabelohorizonte.com.br\/sobre\/em-belo-horizonte-ministerios-das-comunicacoes-e-dos-direitos-humanos-firmam-parceria-para-levar-inclusao-digital-a-comunidades-vulneraveis\/\" \/>\n\t<meta name=\"generator\" content=\"All in One SEO (AIOSEO) 5.0.0.1\" \/>\n\t\t<meta property=\"og:locale\" content=\"pt_BR\" \/>\n\t\t<meta property=\"og:site_name\" content=\"Encontra Belo Horizonte | Not\u00edcias, eventos, informa\u00e7\u00f5es e dicas da cidade de Belo Horizonte e regi\u00e3o\" \/>\n\t\t<meta property=\"og:type\" content=\"article\" \/>\n\t\t<meta property=\"og:title\" content=\"Em Belo Horizonte, Minist\u00e9rios das Comunica\u00e7\u00f5es e dos Direitos Humanos firmam parceria para levar inclus\u00e3o digital a comunidades vulner\u00e1veis | Encontra Belo Horizonte\" \/>\n\t\t<meta property=\"og:description\" content=\"Estamos em manuten\u00e7\u00e3o e precisamos da sua compreens\u00e3o nesta situa\u00e7\u00e3o.\" \/>\n\t\t<meta property=\"og:url\" content=\"https:\/\/www.encontrabelohorizonte.com.br\/sobre\/em-belo-horizonte-ministerios-das-comunicacoes-e-dos-direitos-humanos-firmam-parceria-para-levar-inclusao-digital-a-comunidades-vulneraveis\/\" \/>\n\t\t<meta property=\"article:published_time\" content=\"2025-11-01T11:27:00+00:00\" \/>\n\t\t<meta property=\"article:modified_time\" content=\"2025-11-01T11:27:00+00:00\" \/>\n\t\t<meta name=\"twitter:card\" content=\"summary\" \/>\n\t\t<meta name=\"twitter:title\" content=\"Em Belo Horizonte, Minist\u00e9rios das Comunica\u00e7\u00f5es e dos Direitos Humanos firmam parceria para levar inclus\u00e3o digital a comunidades vulner\u00e1veis | Encontra Belo Horizonte\" \/>\n\t\t<meta name=\"twitter:description\" content=\"Estamos em manuten\u00e7\u00e3o e precisamos da sua compreens\u00e3o nesta situa\u00e7\u00e3o.\" \/>\n\t\t<script type=\"application\/ld+json\" class=\"aioseo-schema\">\n\t\t\t{\"@context\":\"https:\\\/\\\/schema.org\",\"@graph\":[{\"@type\":\"Article\",\"@id\":\"https:\\\/\\\/www.encontrabelohorizonte.com.br\\\/sobre\\\/em-belo-horizonte-ministerios-das-comunicacoes-e-dos-direitos-humanos-firmam-parceria-para-levar-inclusao-digital-a-comunidades-vulneraveis\\\/#article\",\"name\":\"Em Belo Horizonte, Minist\\u00e9rios das Comunica\\u00e7\\u00f5es e dos Direitos Humanos firmam parceria para levar inclus\\u00e3o digital a comunidades vulner\\u00e1veis | Encontra Belo Horizonte\",\"headline\":\"Em Belo Horizonte, Minist\\u00e9rios das Comunica\\u00e7\\u00f5es e dos Direitos Humanos firmam parceria para levar inclus\\u00e3o digital a comunidades vulner\\u00e1veis\",\"author\":{\"@id\":\"https:\\\/\\\/www.encontrabelohorizonte.com.br\\\/sobre\\\/author\\\/ebelohorizonte\\\/#author\"},\"publisher\":{\"@id\":\"https:\\\/\\\/www.encontrabelohorizonte.com.br\\\/sobre\\\/#organization\"},\"datePublished\":\"2025-11-01T08:27:00-03:00\",\"dateModified\":\"2025-11-01T08:27:00-03:00\",\"inLanguage\":\"pt-BR\",\"mainEntityOfPage\":{\"@id\":\"https:\\\/\\\/www.encontrabelohorizonte.com.br\\\/sobre\\\/em-belo-horizonte-ministerios-das-comunicacoes-e-dos-direitos-humanos-firmam-parceria-para-levar-inclusao-digital-a-comunidades-vulneraveis\\\/#webpage\"},\"isPartOf\":{\"@id\":\"https:\\\/\\\/www.encontrabelohorizonte.com.br\\\/sobre\\\/em-belo-horizonte-ministerios-das-comunicacoes-e-dos-direitos-humanos-firmam-parceria-para-levar-inclusao-digital-a-comunidades-vulneraveis\\\/#webpage\"},\"articleSection\":\"Educa\\u00e7\\u00e3o Belo Horizonte\"},{\"@type\":\"BreadcrumbList\",\"@id\":\"https:\\\/\\\/www.encontrabelohorizonte.com.br\\\/sobre\\\/em-belo-horizonte-ministerios-das-comunicacoes-e-dos-direitos-humanos-firmam-parceria-para-levar-inclusao-digital-a-comunidades-vulneraveis\\\/#breadcrumblist\",\"itemListElement\":[{\"@type\":\"ListItem\",\"@id\":\"https:\\\/\\\/www.encontrabelohorizonte.com.br\\\/sobre#listItem\",\"position\":1,\"name\":\"In\\u00edcio\",\"item\":\"https:\\\/\\\/www.encontrabelohorizonte.com.br\\\/sobre\",\"nextItem\":{\"@type\":\"ListItem\",\"@id\":\"https:\\\/\\\/www.encontrabelohorizonte.com.br\\\/sobre\\\/educacao\\\/#listItem\",\"name\":\"Educa\\u00e7\\u00e3o Belo Horizonte\"}},{\"@type\":\"ListItem\",\"@id\":\"https:\\\/\\\/www.encontrabelohorizonte.com.br\\\/sobre\\\/educacao\\\/#listItem\",\"position\":2,\"name\":\"Educa\\u00e7\\u00e3o Belo Horizonte\",\"item\":\"https:\\\/\\\/www.encontrabelohorizonte.com.br\\\/sobre\\\/educacao\\\/\",\"nextItem\":{\"@type\":\"ListItem\",\"@id\":\"https:\\\/\\\/www.encontrabelohorizonte.com.br\\\/sobre\\\/em-belo-horizonte-ministerios-das-comunicacoes-e-dos-direitos-humanos-firmam-parceria-para-levar-inclusao-digital-a-comunidades-vulneraveis\\\/#listItem\",\"name\":\"Em Belo Horizonte, Minist\\u00e9rios das Comunica\\u00e7\\u00f5es e dos Direitos Humanos firmam parceria para levar inclus\\u00e3o digital a comunidades vulner\\u00e1veis\"},\"previousItem\":{\"@type\":\"ListItem\",\"@id\":\"https:\\\/\\\/www.encontrabelohorizonte.com.br\\\/sobre#listItem\",\"name\":\"In\\u00edcio\"}},{\"@type\":\"ListItem\",\"@id\":\"https:\\\/\\\/www.encontrabelohorizonte.com.br\\\/sobre\\\/em-belo-horizonte-ministerios-das-comunicacoes-e-dos-direitos-humanos-firmam-parceria-para-levar-inclusao-digital-a-comunidades-vulneraveis\\\/#listItem\",\"position\":3,\"name\":\"Em Belo Horizonte, Minist\\u00e9rios das Comunica\\u00e7\\u00f5es e dos Direitos Humanos firmam parceria para levar inclus\\u00e3o digital a comunidades vulner\\u00e1veis\",\"previousItem\":{\"@type\":\"ListItem\",\"@id\":\"https:\\\/\\\/www.encontrabelohorizonte.com.br\\\/sobre\\\/educacao\\\/#listItem\",\"name\":\"Educa\\u00e7\\u00e3o Belo Horizonte\"}}]},{\"@type\":\"Organization\",\"@id\":\"https:\\\/\\\/www.encontrabelohorizonte.com.br\\\/sobre\\\/#organization\",\"name\":\"Encontra Belo Horizonte\",\"description\":\"Not\\u00edcias, eventos, informa\\u00e7\\u00f5es e dicas da cidade de Belo Horizonte e regi\\u00e3o\",\"url\":\"https:\\\/\\\/www.encontrabelohorizonte.com.br\\\/sobre\\\/\"},{\"@type\":\"Person\",\"@id\":\"https:\\\/\\\/www.encontrabelohorizonte.com.br\\\/sobre\\\/author\\\/ebelohorizonte\\\/#author\",\"url\":\"https:\\\/\\\/www.encontrabelohorizonte.com.br\\\/sobre\\\/author\\\/ebelohorizonte\\\/\",\"name\":\"Encontra Belo Horizonte\",\"image\":{\"@type\":\"ImageObject\",\"@id\":\"https:\\\/\\\/www.encontrabelohorizonte.com.br\\\/sobre\\\/em-belo-horizonte-ministerios-das-comunicacoes-e-dos-direitos-humanos-firmam-parceria-para-levar-inclusao-digital-a-comunidades-vulneraveis\\\/#authorImage\",\"url\":\"https:\\\/\\\/secure.gravatar.com\\\/avatar\\\/507340682b8270222e1f208e23198b6ae7e2c6a1033ae84e99bc6bce4f82a387?s=96&d=mm&r=g\",\"width\":96,\"height\":96,\"caption\":\"Encontra Belo Horizonte\"}},{\"@type\":\"WebPage\",\"@id\":\"https:\\\/\\\/www.encontrabelohorizonte.com.br\\\/sobre\\\/em-belo-horizonte-ministerios-das-comunicacoes-e-dos-direitos-humanos-firmam-parceria-para-levar-inclusao-digital-a-comunidades-vulneraveis\\\/#webpage\",\"url\":\"https:\\\/\\\/www.encontrabelohorizonte.com.br\\\/sobre\\\/em-belo-horizonte-ministerios-das-comunicacoes-e-dos-direitos-humanos-firmam-parceria-para-levar-inclusao-digital-a-comunidades-vulneraveis\\\/\",\"name\":\"Em Belo Horizonte, Minist\\u00e9rios das Comunica\\u00e7\\u00f5es e dos Direitos Humanos firmam parceria para levar inclus\\u00e3o digital a comunidades vulner\\u00e1veis | Encontra Belo Horizonte\",\"description\":\"Estamos em manuten\\u00e7\\u00e3o e precisamos da sua compreens\\u00e3o nesta situa\\u00e7\\u00e3o.\",\"inLanguage\":\"pt-BR\",\"isPartOf\":{\"@id\":\"https:\\\/\\\/www.encontrabelohorizonte.com.br\\\/sobre\\\/#website\"},\"breadcrumb\":{\"@id\":\"https:\\\/\\\/www.encontrabelohorizonte.com.br\\\/sobre\\\/em-belo-horizonte-ministerios-das-comunicacoes-e-dos-direitos-humanos-firmam-parceria-para-levar-inclusao-digital-a-comunidades-vulneraveis\\\/#breadcrumblist\"},\"author\":{\"@id\":\"https:\\\/\\\/www.encontrabelohorizonte.com.br\\\/sobre\\\/author\\\/ebelohorizonte\\\/#author\"},\"creator\":{\"@id\":\"https:\\\/\\\/www.encontrabelohorizonte.com.br\\\/sobre\\\/author\\\/ebelohorizonte\\\/#author\"},\"datePublished\":\"2025-11-01T08:27:00-03:00\",\"dateModified\":\"2025-11-01T08:27:00-03:00\"},{\"@type\":\"WebSite\",\"@id\":\"https:\\\/\\\/www.encontrabelohorizonte.com.br\\\/sobre\\\/#website\",\"url\":\"https:\\\/\\\/www.encontrabelohorizonte.com.br\\\/sobre\\\/\",\"name\":\"Encontra Belo Horizonte\",\"description\":\"Not\\u00edcias, eventos, informa\\u00e7\\u00f5es e dicas da cidade de Belo Horizonte e regi\\u00e3o\",\"inLanguage\":\"pt-BR\",\"publisher\":{\"@id\":\"https:\\\/\\\/www.encontrabelohorizonte.com.br\\\/sobre\\\/#organization\"}}]}\n\t\t<\/script>\n\t\t<!-- All in One SEO -->\n\n","aioseo_head_json":{"title":"Em Belo Horizonte, Minist\u00e9rios das Comunica\u00e7\u00f5es e dos Direitos Humanos firmam parceria para levar inclus\u00e3o digital a comunidades vulner\u00e1veis | Encontra Belo Horizonte","description":"Estamos em manuten\u00e7\u00e3o e precisamos da sua compreens\u00e3o nesta situa\u00e7\u00e3o.","canonical_url":"https:\/\/www.encontrabelohorizonte.com.br\/sobre\/em-belo-horizonte-ministerios-das-comunicacoes-e-dos-direitos-humanos-firmam-parceria-para-levar-inclusao-digital-a-comunidades-vulneraveis\/","robots":"max-image-preview:large","keywords":"","webmasterTools":{"miscellaneous":""},"schema":{"@context":"https:\/\/schema.org","@graph":[{"@type":"Article","@id":"https:\/\/www.encontrabelohorizonte.com.br\/sobre\/em-belo-horizonte-ministerios-das-comunicacoes-e-dos-direitos-humanos-firmam-parceria-para-levar-inclusao-digital-a-comunidades-vulneraveis\/#article","name":"Em Belo Horizonte, Minist\u00e9rios das Comunica\u00e7\u00f5es e dos Direitos Humanos firmam parceria para levar inclus\u00e3o digital a comunidades vulner\u00e1veis | Encontra Belo Horizonte","headline":"Em Belo Horizonte, Minist\u00e9rios das Comunica\u00e7\u00f5es e dos Direitos Humanos firmam parceria para levar inclus\u00e3o digital a comunidades vulner\u00e1veis","author":{"@id":"https:\/\/www.encontrabelohorizonte.com.br\/sobre\/author\/ebelohorizonte\/#author"},"publisher":{"@id":"https:\/\/www.encontrabelohorizonte.com.br\/sobre\/#organization"},"datePublished":"2025-11-01T08:27:00-03:00","dateModified":"2025-11-01T08:27:00-03:00","inLanguage":"pt-BR","mainEntityOfPage":{"@id":"https:\/\/www.encontrabelohorizonte.com.br\/sobre\/em-belo-horizonte-ministerios-das-comunicacoes-e-dos-direitos-humanos-firmam-parceria-para-levar-inclusao-digital-a-comunidades-vulneraveis\/#webpage"},"isPartOf":{"@id":"https:\/\/www.encontrabelohorizonte.com.br\/sobre\/em-belo-horizonte-ministerios-das-comunicacoes-e-dos-direitos-humanos-firmam-parceria-para-levar-inclusao-digital-a-comunidades-vulneraveis\/#webpage"},"articleSection":"Educa\u00e7\u00e3o Belo Horizonte"},{"@type":"BreadcrumbList","@id":"https:\/\/www.encontrabelohorizonte.com.br\/sobre\/em-belo-horizonte-ministerios-das-comunicacoes-e-dos-direitos-humanos-firmam-parceria-para-levar-inclusao-digital-a-comunidades-vulneraveis\/#breadcrumblist","itemListElement":[{"@type":"ListItem","@id":"https:\/\/www.encontrabelohorizonte.com.br\/sobre#listItem","position":1,"name":"In\u00edcio","item":"https:\/\/www.encontrabelohorizonte.com.br\/sobre","nextItem":{"@type":"ListItem","@id":"https:\/\/www.encontrabelohorizonte.com.br\/sobre\/educacao\/#listItem","name":"Educa\u00e7\u00e3o Belo Horizonte"}},{"@type":"ListItem","@id":"https:\/\/www.encontrabelohorizonte.com.br\/sobre\/educacao\/#listItem","position":2,"name":"Educa\u00e7\u00e3o Belo Horizonte","item":"https:\/\/www.encontrabelohorizonte.com.br\/sobre\/educacao\/","nextItem":{"@type":"ListItem","@id":"https:\/\/www.encontrabelohorizonte.com.br\/sobre\/em-belo-horizonte-ministerios-das-comunicacoes-e-dos-direitos-humanos-firmam-parceria-para-levar-inclusao-digital-a-comunidades-vulneraveis\/#listItem","name":"Em Belo Horizonte, Minist\u00e9rios das Comunica\u00e7\u00f5es e dos Direitos Humanos firmam parceria para levar inclus\u00e3o digital a comunidades vulner\u00e1veis"},"previousItem":{"@type":"ListItem","@id":"https:\/\/www.encontrabelohorizonte.com.br\/sobre#listItem","name":"In\u00edcio"}},{"@type":"ListItem","@id":"https:\/\/www.encontrabelohorizonte.com.br\/sobre\/em-belo-horizonte-ministerios-das-comunicacoes-e-dos-direitos-humanos-firmam-parceria-para-levar-inclusao-digital-a-comunidades-vulneraveis\/#listItem","position":3,"name":"Em Belo Horizonte, Minist\u00e9rios das Comunica\u00e7\u00f5es e dos Direitos Humanos firmam parceria para levar inclus\u00e3o digital a comunidades vulner\u00e1veis","previousItem":{"@type":"ListItem","@id":"https:\/\/www.encontrabelohorizonte.com.br\/sobre\/educacao\/#listItem","name":"Educa\u00e7\u00e3o Belo Horizonte"}}]},{"@type":"Organization","@id":"https:\/\/www.encontrabelohorizonte.com.br\/sobre\/#organization","name":"Encontra Belo Horizonte","description":"Not\u00edcias, eventos, informa\u00e7\u00f5es e dicas da cidade de Belo Horizonte e regi\u00e3o","url":"https:\/\/www.encontrabelohorizonte.com.br\/sobre\/"},{"@type":"Person","@id":"https:\/\/www.encontrabelohorizonte.com.br\/sobre\/author\/ebelohorizonte\/#author","url":"https:\/\/www.encontrabelohorizonte.com.br\/sobre\/author\/ebelohorizonte\/","name":"Encontra Belo Horizonte","image":{"@type":"ImageObject","@id":"https:\/\/www.encontrabelohorizonte.com.br\/sobre\/em-belo-horizonte-ministerios-das-comunicacoes-e-dos-direitos-humanos-firmam-parceria-para-levar-inclusao-digital-a-comunidades-vulneraveis\/#authorImage","url":"https:\/\/secure.gravatar.com\/avatar\/507340682b8270222e1f208e23198b6ae7e2c6a1033ae84e99bc6bce4f82a387?s=96&d=mm&r=g","width":96,"height":96,"caption":"Encontra Belo Horizonte"}},{"@type":"WebPage","@id":"https:\/\/www.encontrabelohorizonte.com.br\/sobre\/em-belo-horizonte-ministerios-das-comunicacoes-e-dos-direitos-humanos-firmam-parceria-para-levar-inclusao-digital-a-comunidades-vulneraveis\/#webpage","url":"https:\/\/www.encontrabelohorizonte.com.br\/sobre\/em-belo-horizonte-ministerios-das-comunicacoes-e-dos-direitos-humanos-firmam-parceria-para-levar-inclusao-digital-a-comunidades-vulneraveis\/","name":"Em Belo Horizonte, Minist\u00e9rios das Comunica\u00e7\u00f5es e dos Direitos Humanos firmam parceria para levar inclus\u00e3o digital a comunidades vulner\u00e1veis | Encontra Belo Horizonte","description":"Estamos em manuten\u00e7\u00e3o e precisamos da sua compreens\u00e3o nesta situa\u00e7\u00e3o.","inLanguage":"pt-BR","isPartOf":{"@id":"https:\/\/www.encontrabelohorizonte.com.br\/sobre\/#website"},"breadcrumb":{"@id":"https:\/\/www.encontrabelohorizonte.com.br\/sobre\/em-belo-horizonte-ministerios-das-comunicacoes-e-dos-direitos-humanos-firmam-parceria-para-levar-inclusao-digital-a-comunidades-vulneraveis\/#breadcrumblist"},"author":{"@id":"https:\/\/www.encontrabelohorizonte.com.br\/sobre\/author\/ebelohorizonte\/#author"},"creator":{"@id":"https:\/\/www.encontrabelohorizonte.com.br\/sobre\/author\/ebelohorizonte\/#author"},"datePublished":"2025-11-01T08:27:00-03:00","dateModified":"2025-11-01T08:27:00-03:00"},{"@type":"WebSite","@id":"https:\/\/www.encontrabelohorizonte.com.br\/sobre\/#website","url":"https:\/\/www.encontrabelohorizonte.com.br\/sobre\/","name":"Encontra Belo Horizonte","description":"Not\u00edcias, eventos, informa\u00e7\u00f5es e dicas da cidade de Belo Horizonte e regi\u00e3o","inLanguage":"pt-BR","publisher":{"@id":"https:\/\/www.encontrabelohorizonte.com.br\/sobre\/#organization"}}]},"og:locale":"pt_BR","og:site_name":"Encontra Belo Horizonte | Not\u00edcias, eventos, informa\u00e7\u00f5es e dicas da cidade de Belo Horizonte e regi\u00e3o","og:type":"article","og:title":"Em Belo Horizonte, Minist\u00e9rios das Comunica\u00e7\u00f5es e dos Direitos Humanos firmam parceria para levar inclus\u00e3o digital a comunidades vulner\u00e1veis | Encontra Belo Horizonte","og:description":"Estamos em manuten\u00e7\u00e3o e precisamos da sua compreens\u00e3o nesta situa\u00e7\u00e3o.","og:url":"https:\/\/www.encontrabelohorizonte.com.br\/sobre\/em-belo-horizonte-ministerios-das-comunicacoes-e-dos-direitos-humanos-firmam-parceria-para-levar-inclusao-digital-a-comunidades-vulneraveis\/","article:published_time":"2025-11-01T11:27:00+00:00","article:modified_time":"2025-11-01T11:27:00+00:00","twitter:card":"summary","twitter:title":"Em Belo Horizonte, Minist\u00e9rios das Comunica\u00e7\u00f5es e dos Direitos Humanos firmam parceria para levar inclus\u00e3o digital a comunidades vulner\u00e1veis | Encontra Belo Horizonte","twitter:description":"Estamos em manuten\u00e7\u00e3o e precisamos da sua compreens\u00e3o nesta situa\u00e7\u00e3o."},"aioseo_meta_data":{"post_id":"3174","title":null,"description":null,"keywords":null,"keyphrases":null,"primary_term":null,"canonical_url":null,"og_title":null,"og_description":null,"og_object_type":"default","og_image_type":"default","og_image_url":null,"og_image_width":null,"og_image_height":null,"og_image_custom_url":null,"og_image_custom_fields":null,"og_video":null,"og_custom_url":null,"og_article_section":null,"og_article_tags":null,"twitter_use_og":false,"twitter_card":"default","twitter_image_type":"default","twitter_image_url":null,"twitter_image_custom_url":null,"twitter_image_custom_fields":null,"twitter_title":null,"twitter_description":null,"schema":{"blockGraphs":[],"customGraphs":[],"default":{"data":{"Article":[],"Course":[],"Dataset":[],"FAQPage":[],"Movie":[],"Person":[],"Product":[],"ProductReview":[],"Car":[],"Recipe":[],"Service":[],"SoftwareApplication":[],"WebPage":[]},"graphName":"Article","isEnabled":true},"graphs":[]},"schema_type":"default","schema_type_options":null,"pillar_content":false,"robots_default":true,"robots_noindex":false,"robots_noarchive":false,"robots_nosnippet":false,"robots_nofollow":false,"robots_noimageindex":false,"robots_noodp":false,"robots_notranslate":false,"robots_max_snippet":null,"robots_max_videopreview":null,"robots_max_imagepreview":"large","priority":null,"frequency":null,"local_seo":null,"breadcrumb_settings":null,"limit_modified_date":false,"ai":null,"created":"2025-11-01 12:21:44","updated":"2025-11-01 12:30:59","focus_keyword":null,"additional_keywords":null,"truseo_locale":null,"seo_analyzer_scan_date":null},"aioseo_breadcrumb":"<div class=\"aioseo-breadcrumbs\"><span class=\"aioseo-breadcrumb\">\n\t\t\t<a href=\"https:\/\/www.encontrabelohorizonte.com.br\/sobre\" title=\"In\u00edcio\">In\u00edcio<\/a>\n\t\t<\/span><span class=\"aioseo-breadcrumb-separator\">&raquo;<\/span><span class=\"aioseo-breadcrumb\">\n\t\t\t<a href=\"https:\/\/www.encontrabelohorizonte.com.br\/sobre\/educacao\/\" title=\"Educa\u00e7\u00e3o Belo Horizonte\">Educa\u00e7\u00e3o Belo Horizonte<\/a>\n\t\t<\/span><span class=\"aioseo-breadcrumb-separator\">&raquo;<\/span><span class=\"aioseo-breadcrumb\">\n\t\t\tEm Belo Horizonte, Minist\u00e9rios das Comunica\u00e7\u00f5es e dos Direitos Humanos firmam parceria para levar inclus\u00e3o digital a comunidades vulner\u00e1veis\n\t\t<\/span><\/div>","aioseo_breadcrumb_json":[{"label":"In\u00edcio","link":"https:\/\/www.encontrabelohorizonte.com.br\/sobre"},{"label":"Educa\u00e7\u00e3o Belo Horizonte","link":"https:\/\/www.encontrabelohorizonte.com.br\/sobre\/educacao\/"},{"label":"Em Belo Horizonte, Minist\u00e9rios das Comunica\u00e7\u00f5es e dos Direitos Humanos firmam parceria para levar inclus\u00e3o digital a comunidades vulner\u00e1veis","link":"https:\/\/www.encontrabelohorizonte.com.br\/sobre\/em-belo-horizonte-ministerios-das-comunicacoes-e-dos-direitos-humanos-firmam-parceria-para-levar-inclusao-digital-a-comunidades-vulneraveis\/"}],"_links":{"self":[{"href":"https:\/\/www.encontrabelohorizonte.com.br\/sobre\/wp-json\/wp\/v2\/posts\/3174","targetHints":{"allow":["GET"]}}],"collection":[{"href":"https:\/\/www.encontrabelohorizonte.com.br\/sobre\/wp-json\/wp\/v2\/posts"}],"about":[{"href":"https:\/\/www.encontrabelohorizonte.com.br\/sobre\/wp-json\/wp\/v2\/types\/post"}],"author":[{"embeddable":true,"href":"https:\/\/www.encontrabelohorizonte.com.br\/sobre\/wp-json\/wp\/v2\/users\/1"}],"replies":[{"embeddable":true,"href":"https:\/\/www.encontrabelohorizonte.com.br\/sobre\/wp-json\/wp\/v2\/comments?post=3174"}],"version-history":[{"count":0,"href":"https:\/\/www.encontrabelohorizonte.com.br\/sobre\/wp-json\/wp\/v2\/posts\/3174\/revisions"}],"wp:attachment":[{"href":"https:\/\/www.encontrabelohorizonte.com.br\/sobre\/wp-json\/wp\/v2\/media?parent=3174"}],"wp:term":[{"taxonomy":"category","embeddable":true,"href":"https:\/\/www.encontrabelohorizonte.com.br\/sobre\/wp-json\/wp\/v2\/categories?post=3174"},{"taxonomy":"post_tag","embeddable":true,"href":"https:\/\/www.encontrabelohorizonte.com.br\/sobre\/wp-json\/wp\/v2\/tags?post=3174"}],"curies":[{"name":"wp","href":"https:\/\/api.w.org\/{rel}","templated":true}]}}