{"id":3178,"date":"2025-11-02T06:19:00","date_gmt":"2025-11-02T09:19:00","guid":{"rendered":"https:\/\/www.encontrabelohorizonte.com.br\/sobre\/policia-de-mg-monitora-ao-menos-35-grupos-criminosos-ligados-ao-trafico-3-faccoes-de-atuacao-nacional-agem-em-bh\/"},"modified":"2025-11-02T06:19:00","modified_gmt":"2025-11-02T09:19:00","slug":"policia-de-mg-monitora-ao-menos-35-grupos-criminosos-ligados-ao-trafico-3-faccoes-de-atuacao-nacional-agem-em-bh","status":"publish","type":"post","link":"https:\/\/www.encontrabelohorizonte.com.br\/sobre\/policia-de-mg-monitora-ao-menos-35-grupos-criminosos-ligados-ao-trafico-3-faccoes-de-atuacao-nacional-agem-em-bh\/","title":{"rendered":"Pol\u00edcia de MG monitora ao menos 35 grupos criminosos ligados ao tr\u00e1fico; 3 fac\u00e7\u00f5es de atua\u00e7\u00e3o nacional agem em BH"},"content":{"rendered":"<div class=\"2e083cf0b19e2c11948dc6ac054ba979\" data-index=\"1\" style=\"float: none; margin:0px;\">\n<!-- Anuncio display - global -->\r\n<ins class=\"adsbygoogle\"\r\n     style=\"display:block\"\r\n     data-ad-client=\"ca-pub-8585364105181520\"\r\n     data-ad-slot=\"8789329856\"\r\n     data-ad-format=\"auto\"\r\n     data-full-width-responsive=\"true\"><\/ins>\r\n<script>\r\n     (adsbygoogle = window.adsbygoogle || []).push({});\r\n<\/script>\n<\/div>\n<h2>A Ascens\u00e3o das Fac\u00e7\u00f5es Criminosas em Minas Gerais<\/h2>\n<p>Nos \u00faltimos anos, <strong>Minas Gerais<\/strong> tem se tornado um palco em crescente dos conflitos entre fac\u00e7\u00f5es criminosas. Essa expans\u00e3o \u00e9 resultado de uma din\u00e2mica complexa que envolve fatores sociais, econ\u00f4micos e pol\u00edticos. A luta pelo controle de territ\u00f3rios e pela comercializa\u00e7\u00e3o de drogas intensificou a presen\u00e7a dessas organiza\u00e7\u00f5es em \u00e1reas urbanas e perif\u00e9ricas.<\/p>\n<p>As fac\u00e7\u00f5es, comumente estruturadas como redes familiares, constituem-se de uma hierarquia s\u00f3lida, com l\u00edderes que comandam opera\u00e7\u00f5es de tr\u00e1fico e recrutamento de novos membros. A chegada de novas fac\u00e7\u00f5es com influ\u00eancia nacional, como <strong>Comando Vermelho<\/strong> e <strong>Primeiro Comando da Capital<\/strong>, trouxe novos desafios \u00e0 seguran\u00e7a p\u00fablica em Minas Gerais.<\/p>\n<h2>Dados Recentes sobre Tr\u00e1fico de Drogas<\/h2>\n<p>De acordo com dados da <em>Secretaria de Estado de Defesa Social<\/em>, o tr\u00e1fico de drogas em Minas Gerais subiu significativamente nos \u00faltimos anos. Em 2022, as apreens\u00f5es de drogas, como coca\u00edna e maconha, aumentaram 30% em rela\u00e7\u00e3o ao ano anterior. Este aumento reflete n\u00e3o apenas o crescimento do consumo, mas tamb\u00e9m a expans\u00e3o das rotas de tr\u00e1fico que passam pelo estado.<\/p>\n<p>Al\u00e9m disso, v\u00e1rias cidades foram identificadas como pontos cr\u00edticos de tr\u00e1fico: <strong>Belo Horizonte<\/strong>, <strong>Contagem<\/strong>, e <strong>Uberl\u00e2ndia<\/strong>. O crescimento do tr\u00e1fico est\u00e1 diretamente ligado \u00e0 pobreza e \u00e0 falta de oportunidades, que alimentam o recrutamento de jovens para o crime.<\/p>\n<h2>Fac\u00e7\u00f5es de Atua\u00e7\u00e3o Nacional em Belo Horizonte<\/h2>\n<p>Belo Horizonte se destaca como um centro estrat\u00e9gico para diversas fac\u00e7\u00f5es criminosas. O <strong>Comando Vermelho<\/strong>, origin\u00e1rio do Rio de Janeiro, e o <strong>Primeiro Comando da Capital<\/strong>, de S\u00e3o Paulo, possuem forte atua\u00e7\u00e3o na capital mineira. Essas fac\u00e7\u00f5es t\u00eam estabelecido alian\u00e7as locais e disputado territ\u00f3rio com organiza\u00e7\u00f5es mineiras tradicionais.<\/p>\n<p>A rivalidade entre as fac\u00e7\u00f5es resulta em conflito armado, afetando a seguran\u00e7a da popula\u00e7\u00e3o e gerando um clima de medo nas comunidades. Al\u00e9m da viol\u00eancia, essas batalhas muitas vezes envolvem extors\u00f5es e assassinatos, expondo a fragilidade do estado.<\/p>\n<h2>O Papel da Pol\u00edcia Civil no Combate ao Crime<\/h2>\n<p>A <strong>Pol\u00edcia Civil de Minas Gerais<\/strong> tem enfrentado o desafio de desmantelar as fac\u00e7\u00f5es criminosas e combater o tr\u00e1fico. Atrav\u00e9s de opera\u00e7\u00f5es especiais, a pol\u00edcia tem conseguido desarticular importantes pontos de venda de drogas e prender l\u00edderes faccionais. Em 2023, mais de 1.500 opera\u00e7\u00f5es foram realizadas, resultando na pris\u00e3o de centenas de indiv\u00edduos ligados ao tr\u00e1fico.<\/p>\n<p>Entretanto, as limita\u00e7\u00f5es or\u00e7ament\u00e1rias e a falta de recursos humanos qualificados dificultam o trabalho da pol\u00edcia. Apesar dos esfor\u00e7os das autoridades, a corrup\u00e7\u00e3o em alguns setores ainda \u00e9 uma barreira significativa para o combate eficiente ao crime organizado.<\/p>\n<h2>Parcerias Perigosas entre Grupos Criminosos<\/h2>\n<p>Nos \u00faltimos anos, tem se observado uma tend\u00eancia crescente de colabora\u00e7\u00f5es entre diferentes fac\u00e7\u00f5es criminosas. Essas parcerias s\u00e3o motivadas pela necessidade de expandir o controle sobre novas rotas de tr\u00e1fico e pelo fortalecimento diante de rivais. O surgimento de grupos mais fortes por meio de alian\u00e7as entre fac\u00e7\u00f5es, como o <strong>Comando Vermelho<\/strong> e fac\u00e7\u00f5es locais em Minas Gerais, gera um aumento na viol\u00eancia.<\/p>\n<p>Al\u00e9m disso, essas colabora\u00e7\u00f5es tamb\u00e9m t\u00eam impacto em outras atividades criminosas, como o tr\u00e1fico de armas, sequestros e assaltos. A complexidade dessas parcerias torna o combate ao crime ainda mais dif\u00edcil.<\/p>\n<h2>Consequ\u00eancias do Crescimento do Tr\u00e1fico<\/h2>\n<p>O crescimento do tr\u00e1fico de drogas tem v\u00e1rias consequ\u00eancias para a sociedade mineira. A <strong>viol\u00eancia<\/strong> se intensifica, colocando em risco a vida dos cidad\u00e3os. As comunidades mais afetadas s\u00e3o frequentemente dominadas por fac\u00e7\u00f5es, o que leva ao aumento da criminalidade e inseguran\u00e7a.<\/p>\n<ul>\n<li><strong>Desintegra\u00e7\u00e3o Familiar:<\/strong> A presen\u00e7a do tr\u00e1fico afeta a estrutura familiar, com muitos jovens sendo cooptados para o crime.<\/li>\n<li><strong>Desemprego e Pobreza:<\/strong> A atividade do tr\u00e1fico gera uma economia paralela que, por sua vez, alimenta a pobreza local.<\/li>\n<li><strong>Educa\u00e7\u00e3o Comprometida:<\/strong> A viol\u00eancia impede que as crian\u00e7as v\u00e3o \u00e0 escola, resultando em evas\u00e3o e baixo desempenho educacional.<\/li>\n<\/ul>\n<h2>Estrat\u00e9gias de Combate ao Tr\u00e1fico de Drogas<\/h2>\n<p>Para enfrentar o tr\u00e1fico de drogas em Minas Gerais, v\u00e1rias estrat\u00e9gias t\u00eam sido utilizadas. As autoridades buscam integrar a\u00e7\u00f5es de intelig\u00eancia, repress\u00e3o e preven\u00e7\u00e3o. Algumas das principais estrat\u00e9gias incluem:<\/p>\n<ul>\n<li><strong>Cria\u00e7\u00e3o de N\u00facleos de Intelig\u00eancia:<\/strong> Especialistas trabalham em conjunto para mapear e desmantelar redes de tr\u00e1fico.<\/li>\n<li><strong>Educa\u00e7\u00e3o e Preven\u00e7\u00e3o:<\/strong> Projetos sociais t\u00eam sido implementados em comunidades, buscando oferecer alternativas para os jovens.<\/li>\n<li><strong>Colabora\u00e7\u00e3o entre \u00d3rg\u00e3os P\u00fablicos:<\/strong> Um trabalho conjunto entre pol\u00edcia, assist\u00eancia social e sa\u00fade \u00e9 vital para combater as ra\u00edzes do problema.<\/li>\n<\/ul>\n<h2>Impacto Social das Fac\u00e7\u00f5es em Minas Gerais<\/h2>\n<p>As fac\u00e7\u00f5es criminosas t\u00eam causado um impacto profundo na sociedade mineira. A presen\u00e7a do tr\u00e1fico e da criminalidade altera a din\u00e2mica social. A sensa\u00e7\u00e3o de <strong>inseguran\u00e7a<\/strong> cresce, e muitos cidad\u00e3os enfrentam dificuldades em sair de suas casas ou se envolver em atividades cotidianas.<\/p>\n<p>Al\u00e9m disso, a estigmatiza\u00e7\u00e3o das comunidades que mais sofrem com o tr\u00e1fico limita o desenvolvimento econ\u00f4mico e promove um ciclo de pobreza. As oportunidades s\u00e3o escassas, e o futuro das juventudes \u00e9 comprometido.<\/p>\n<h2>Intelig\u00eancia como Ferramenta de Combate<\/h2>\n<p>A <strong>intelig\u00eancia policial<\/strong> \u00e9 uma ferramenta essencial no combate ao tr\u00e1fico de drogas. A coleta de informa\u00e7\u00f5es precisas, a an\u00e1lise de dados e a atua\u00e7\u00e3o preventiva s\u00e3o fundamentais para desarticular fac\u00e7\u00f5es. As a\u00e7\u00f5es de intelig\u00eancia t\u00eam gerado resultados positivos, permitindo a antecipa\u00e7\u00e3o de crimes e a realiza\u00e7\u00e3o de opera\u00e7\u00f5es exitosas.<\/p>\n<p>Recentemente, o compartilhamento de informa\u00e7\u00f5es entre diferentes estados e a cria\u00e7\u00e3o de bases de dados t\u00eam sido priorizados. Isso aumenta a efic\u00e1cia das opera\u00e7\u00f5es e facilita a troca de informa\u00e7\u00f5es entre as pol\u00edcias.<\/p>\n<h2>O Futuro do Combate ao Tr\u00e1fico em MG<\/h2>\n<p>O futuro do combate ao tr\u00e1fico de drogas em Minas Gerais depende de a\u00e7\u00f5es integradas e do fortalecimento das pol\u00edticas de seguran\u00e7a p\u00fablica. \u00c9 necess\u00e1rio investir em <strong>educa\u00e7\u00e3o<\/strong>, <strong>sa\u00fade<\/strong> e <strong>oportunidades de emprego<\/strong> para romper o ciclo de viol\u00eancia e criminalidade. Al\u00e9m disso, o trabalho em conjunto entre a sociedade civil e as autoridades \u00e9 fundamental para criar um ambiente mais seguro.<\/p>\n<p>A implementa\u00e7\u00e3o de programas sociais e de reintegra\u00e7\u00e3o, bem como a forma\u00e7\u00e3o de equipes especializadas na luta contra o tr\u00e1fico, s\u00e3o passos importantes para um futuro mais promissor. \u00c9 essencial que as estrat\u00e9gias adotadas evoluam com as circunst\u00e2ncias e desafios apresentados pelo crime organizado.<\/p>\n\n<div style=\"font-size: 0px; height: 0px; line-height: 0px; margin: 0; padding: 0; clear: both;\"><\/div>","protected":false},"excerpt":{"rendered":"<p>Fac\u00e7\u00f5es criminosas e o tr\u00e1fico de drogas em MG est\u00e3o aumentando alarmantemente.<\/p>\n","protected":false},"author":1,"featured_media":3177,"comment_status":"closed","ping_status":"closed","sticky":false,"template":"","format":"standard","meta":{"footnotes":""},"categories":[6],"tags":[],"class_list":["post-3178","post","type-post","status-publish","format-standard","has-post-thumbnail","hentry","category-noticias","has_thumb"],"aioseo_notices":[],"aioseo_head":"\n\t\t<!-- All in One SEO 5.0.0.1 - aioseo.com -->\n\t<meta name=\"description\" content=\"Fac\u00e7\u00f5es criminosas e o tr\u00e1fico de drogas em MG est\u00e3o aumentando alarmantemente.\" \/>\n\t<meta name=\"robots\" content=\"max-image-preview:large\" \/>\n\t<meta name=\"author\" content=\"Encontra Belo Horizonte\"\/>\n\t<link rel=\"canonical\" href=\"https:\/\/www.encontrabelohorizonte.com.br\/sobre\/policia-de-mg-monitora-ao-menos-35-grupos-criminosos-ligados-ao-trafico-3-faccoes-de-atuacao-nacional-agem-em-bh\/\" \/>\n\t<meta name=\"generator\" content=\"All in One SEO (AIOSEO) 5.0.0.1\" \/>\n\t\t<meta property=\"og:locale\" content=\"pt_BR\" \/>\n\t\t<meta property=\"og:site_name\" content=\"Encontra Belo Horizonte | Not\u00edcias, eventos, informa\u00e7\u00f5es e dicas da cidade de Belo Horizonte e regi\u00e3o\" \/>\n\t\t<meta property=\"og:type\" content=\"article\" \/>\n\t\t<meta property=\"og:title\" content=\"Pol\u00edcia de MG monitora ao menos 35 grupos criminosos ligados ao tr\u00e1fico; 3 fac\u00e7\u00f5es de atua\u00e7\u00e3o nacional agem em BH | Encontra Belo Horizonte\" \/>\n\t\t<meta property=\"og:description\" content=\"Fac\u00e7\u00f5es criminosas e o tr\u00e1fico de drogas em MG est\u00e3o aumentando alarmantemente.\" \/>\n\t\t<meta property=\"og:url\" content=\"https:\/\/www.encontrabelohorizonte.com.br\/sobre\/policia-de-mg-monitora-ao-menos-35-grupos-criminosos-ligados-ao-trafico-3-faccoes-de-atuacao-nacional-agem-em-bh\/\" \/>\n\t\t<meta property=\"article:published_time\" content=\"2025-11-02T09:19:00+00:00\" \/>\n\t\t<meta property=\"article:modified_time\" content=\"2025-11-02T09:19:00+00:00\" \/>\n\t\t<meta name=\"twitter:card\" content=\"summary\" \/>\n\t\t<meta name=\"twitter:title\" content=\"Pol\u00edcia de MG monitora ao menos 35 grupos criminosos ligados ao tr\u00e1fico; 3 fac\u00e7\u00f5es de atua\u00e7\u00e3o nacional agem em BH | Encontra Belo Horizonte\" \/>\n\t\t<meta name=\"twitter:description\" content=\"Fac\u00e7\u00f5es criminosas e o tr\u00e1fico de drogas em MG est\u00e3o aumentando alarmantemente.\" \/>\n\t\t<script type=\"application\/ld+json\" class=\"aioseo-schema\">\n\t\t\t{\"@context\":\"https:\\\/\\\/schema.org\",\"@graph\":[{\"@type\":\"Article\",\"@id\":\"https:\\\/\\\/www.encontrabelohorizonte.com.br\\\/sobre\\\/policia-de-mg-monitora-ao-menos-35-grupos-criminosos-ligados-ao-trafico-3-faccoes-de-atuacao-nacional-agem-em-bh\\\/#article\",\"name\":\"Pol\\u00edcia de MG monitora ao menos 35 grupos criminosos ligados ao tr\\u00e1fico; 3 fac\\u00e7\\u00f5es de atua\\u00e7\\u00e3o nacional agem em BH | Encontra Belo Horizonte\",\"headline\":\"Pol\\u00edcia de MG monitora ao menos 35 grupos criminosos ligados ao tr\\u00e1fico; 3 fac\\u00e7\\u00f5es de atua\\u00e7\\u00e3o nacional agem em BH\",\"author\":{\"@id\":\"https:\\\/\\\/www.encontrabelohorizonte.com.br\\\/sobre\\\/author\\\/ebelohorizonte\\\/#author\"},\"publisher\":{\"@id\":\"https:\\\/\\\/www.encontrabelohorizonte.com.br\\\/sobre\\\/#organization\"},\"image\":{\"@type\":\"ImageObject\",\"url\":\"https:\\\/\\\/www.encontrabelohorizonte.com.br\\\/sobre\\\/wp-content\\\/uploads\\\/policia-de-mg-monitora-ao-menos-35-grupos-criminosos-ligados-ao-trafico-3-faccoes-de-atuacao-naciona.webp\",\"width\":320,\"height\":280,\"caption\":\"fac\\u00e7\\u00f5es e tr\\u00e1fico de drogas\"},\"datePublished\":\"2025-11-02T06:19:00-03:00\",\"dateModified\":\"2025-11-02T06:19:00-03:00\",\"inLanguage\":\"pt-BR\",\"mainEntityOfPage\":{\"@id\":\"https:\\\/\\\/www.encontrabelohorizonte.com.br\\\/sobre\\\/policia-de-mg-monitora-ao-menos-35-grupos-criminosos-ligados-ao-trafico-3-faccoes-de-atuacao-nacional-agem-em-bh\\\/#webpage\"},\"isPartOf\":{\"@id\":\"https:\\\/\\\/www.encontrabelohorizonte.com.br\\\/sobre\\\/policia-de-mg-monitora-ao-menos-35-grupos-criminosos-ligados-ao-trafico-3-faccoes-de-atuacao-nacional-agem-em-bh\\\/#webpage\"},\"articleSection\":\"Not\\u00edcias Belo Horizonte\"},{\"@type\":\"BreadcrumbList\",\"@id\":\"https:\\\/\\\/www.encontrabelohorizonte.com.br\\\/sobre\\\/policia-de-mg-monitora-ao-menos-35-grupos-criminosos-ligados-ao-trafico-3-faccoes-de-atuacao-nacional-agem-em-bh\\\/#breadcrumblist\",\"itemListElement\":[{\"@type\":\"ListItem\",\"@id\":\"https:\\\/\\\/www.encontrabelohorizonte.com.br\\\/sobre#listItem\",\"position\":1,\"name\":\"In\\u00edcio\",\"item\":\"https:\\\/\\\/www.encontrabelohorizonte.com.br\\\/sobre\",\"nextItem\":{\"@type\":\"ListItem\",\"@id\":\"https:\\\/\\\/www.encontrabelohorizonte.com.br\\\/sobre\\\/noticias\\\/#listItem\",\"name\":\"Not\\u00edcias Belo Horizonte\"}},{\"@type\":\"ListItem\",\"@id\":\"https:\\\/\\\/www.encontrabelohorizonte.com.br\\\/sobre\\\/noticias\\\/#listItem\",\"position\":2,\"name\":\"Not\\u00edcias Belo Horizonte\",\"item\":\"https:\\\/\\\/www.encontrabelohorizonte.com.br\\\/sobre\\\/noticias\\\/\",\"nextItem\":{\"@type\":\"ListItem\",\"@id\":\"https:\\\/\\\/www.encontrabelohorizonte.com.br\\\/sobre\\\/policia-de-mg-monitora-ao-menos-35-grupos-criminosos-ligados-ao-trafico-3-faccoes-de-atuacao-nacional-agem-em-bh\\\/#listItem\",\"name\":\"Pol\\u00edcia de MG monitora ao menos 35 grupos criminosos ligados ao tr\\u00e1fico; 3 fac\\u00e7\\u00f5es de atua\\u00e7\\u00e3o nacional agem em BH\"},\"previousItem\":{\"@type\":\"ListItem\",\"@id\":\"https:\\\/\\\/www.encontrabelohorizonte.com.br\\\/sobre#listItem\",\"name\":\"In\\u00edcio\"}},{\"@type\":\"ListItem\",\"@id\":\"https:\\\/\\\/www.encontrabelohorizonte.com.br\\\/sobre\\\/policia-de-mg-monitora-ao-menos-35-grupos-criminosos-ligados-ao-trafico-3-faccoes-de-atuacao-nacional-agem-em-bh\\\/#listItem\",\"position\":3,\"name\":\"Pol\\u00edcia de MG monitora ao menos 35 grupos criminosos ligados ao tr\\u00e1fico; 3 fac\\u00e7\\u00f5es de atua\\u00e7\\u00e3o nacional agem em BH\",\"previousItem\":{\"@type\":\"ListItem\",\"@id\":\"https:\\\/\\\/www.encontrabelohorizonte.com.br\\\/sobre\\\/noticias\\\/#listItem\",\"name\":\"Not\\u00edcias Belo Horizonte\"}}]},{\"@type\":\"Organization\",\"@id\":\"https:\\\/\\\/www.encontrabelohorizonte.com.br\\\/sobre\\\/#organization\",\"name\":\"Encontra Belo Horizonte\",\"description\":\"Not\\u00edcias, eventos, informa\\u00e7\\u00f5es e dicas da cidade de Belo Horizonte e regi\\u00e3o\",\"url\":\"https:\\\/\\\/www.encontrabelohorizonte.com.br\\\/sobre\\\/\"},{\"@type\":\"Person\",\"@id\":\"https:\\\/\\\/www.encontrabelohorizonte.com.br\\\/sobre\\\/author\\\/ebelohorizonte\\\/#author\",\"url\":\"https:\\\/\\\/www.encontrabelohorizonte.com.br\\\/sobre\\\/author\\\/ebelohorizonte\\\/\",\"name\":\"Encontra Belo Horizonte\",\"image\":{\"@type\":\"ImageObject\",\"@id\":\"https:\\\/\\\/www.encontrabelohorizonte.com.br\\\/sobre\\\/policia-de-mg-monitora-ao-menos-35-grupos-criminosos-ligados-ao-trafico-3-faccoes-de-atuacao-nacional-agem-em-bh\\\/#authorImage\",\"url\":\"https:\\\/\\\/secure.gravatar.com\\\/avatar\\\/507340682b8270222e1f208e23198b6ae7e2c6a1033ae84e99bc6bce4f82a387?s=96&d=mm&r=g\",\"width\":96,\"height\":96,\"caption\":\"Encontra Belo Horizonte\"}},{\"@type\":\"WebPage\",\"@id\":\"https:\\\/\\\/www.encontrabelohorizonte.com.br\\\/sobre\\\/policia-de-mg-monitora-ao-menos-35-grupos-criminosos-ligados-ao-trafico-3-faccoes-de-atuacao-nacional-agem-em-bh\\\/#webpage\",\"url\":\"https:\\\/\\\/www.encontrabelohorizonte.com.br\\\/sobre\\\/policia-de-mg-monitora-ao-menos-35-grupos-criminosos-ligados-ao-trafico-3-faccoes-de-atuacao-nacional-agem-em-bh\\\/\",\"name\":\"Pol\\u00edcia de MG monitora ao menos 35 grupos criminosos ligados ao tr\\u00e1fico; 3 fac\\u00e7\\u00f5es de atua\\u00e7\\u00e3o nacional agem em BH | Encontra Belo Horizonte\",\"description\":\"Fac\\u00e7\\u00f5es criminosas e o tr\\u00e1fico de drogas em MG est\\u00e3o aumentando alarmantemente.\",\"inLanguage\":\"pt-BR\",\"isPartOf\":{\"@id\":\"https:\\\/\\\/www.encontrabelohorizonte.com.br\\\/sobre\\\/#website\"},\"breadcrumb\":{\"@id\":\"https:\\\/\\\/www.encontrabelohorizonte.com.br\\\/sobre\\\/policia-de-mg-monitora-ao-menos-35-grupos-criminosos-ligados-ao-trafico-3-faccoes-de-atuacao-nacional-agem-em-bh\\\/#breadcrumblist\"},\"author\":{\"@id\":\"https:\\\/\\\/www.encontrabelohorizonte.com.br\\\/sobre\\\/author\\\/ebelohorizonte\\\/#author\"},\"creator\":{\"@id\":\"https:\\\/\\\/www.encontrabelohorizonte.com.br\\\/sobre\\\/author\\\/ebelohorizonte\\\/#author\"},\"image\":{\"@type\":\"ImageObject\",\"url\":\"https:\\\/\\\/www.encontrabelohorizonte.com.br\\\/sobre\\\/wp-content\\\/uploads\\\/policia-de-mg-monitora-ao-menos-35-grupos-criminosos-ligados-ao-trafico-3-faccoes-de-atuacao-naciona.webp\",\"@id\":\"https:\\\/\\\/www.encontrabelohorizonte.com.br\\\/sobre\\\/policia-de-mg-monitora-ao-menos-35-grupos-criminosos-ligados-ao-trafico-3-faccoes-de-atuacao-nacional-agem-em-bh\\\/#mainImage\",\"width\":320,\"height\":280,\"caption\":\"fac\\u00e7\\u00f5es e tr\\u00e1fico de drogas\"},\"primaryImageOfPage\":{\"@id\":\"https:\\\/\\\/www.encontrabelohorizonte.com.br\\\/sobre\\\/policia-de-mg-monitora-ao-menos-35-grupos-criminosos-ligados-ao-trafico-3-faccoes-de-atuacao-nacional-agem-em-bh\\\/#mainImage\"},\"datePublished\":\"2025-11-02T06:19:00-03:00\",\"dateModified\":\"2025-11-02T06:19:00-03:00\"},{\"@type\":\"WebSite\",\"@id\":\"https:\\\/\\\/www.encontrabelohorizonte.com.br\\\/sobre\\\/#website\",\"url\":\"https:\\\/\\\/www.encontrabelohorizonte.com.br\\\/sobre\\\/\",\"name\":\"Encontra Belo Horizonte\",\"description\":\"Not\\u00edcias, eventos, informa\\u00e7\\u00f5es e dicas da cidade de Belo Horizonte e regi\\u00e3o\",\"inLanguage\":\"pt-BR\",\"publisher\":{\"@id\":\"https:\\\/\\\/www.encontrabelohorizonte.com.br\\\/sobre\\\/#organization\"}}]}\n\t\t<\/script>\n\t\t<!-- All in One SEO -->\n\n","aioseo_head_json":{"title":"Pol\u00edcia de MG monitora ao menos 35 grupos criminosos ligados ao tr\u00e1fico; 3 fac\u00e7\u00f5es de atua\u00e7\u00e3o nacional agem em BH | Encontra Belo Horizonte","description":"Fac\u00e7\u00f5es criminosas e o tr\u00e1fico de drogas em MG est\u00e3o aumentando alarmantemente.","canonical_url":"https:\/\/www.encontrabelohorizonte.com.br\/sobre\/policia-de-mg-monitora-ao-menos-35-grupos-criminosos-ligados-ao-trafico-3-faccoes-de-atuacao-nacional-agem-em-bh\/","robots":"max-image-preview:large","keywords":"","webmasterTools":{"miscellaneous":""},"schema":{"@context":"https:\/\/schema.org","@graph":[{"@type":"Article","@id":"https:\/\/www.encontrabelohorizonte.com.br\/sobre\/policia-de-mg-monitora-ao-menos-35-grupos-criminosos-ligados-ao-trafico-3-faccoes-de-atuacao-nacional-agem-em-bh\/#article","name":"Pol\u00edcia de MG monitora ao menos 35 grupos criminosos ligados ao tr\u00e1fico; 3 fac\u00e7\u00f5es de atua\u00e7\u00e3o nacional agem em BH | Encontra Belo Horizonte","headline":"Pol\u00edcia de MG monitora ao menos 35 grupos criminosos ligados ao tr\u00e1fico; 3 fac\u00e7\u00f5es de atua\u00e7\u00e3o nacional agem em BH","author":{"@id":"https:\/\/www.encontrabelohorizonte.com.br\/sobre\/author\/ebelohorizonte\/#author"},"publisher":{"@id":"https:\/\/www.encontrabelohorizonte.com.br\/sobre\/#organization"},"image":{"@type":"ImageObject","url":"https:\/\/www.encontrabelohorizonte.com.br\/sobre\/wp-content\/uploads\/policia-de-mg-monitora-ao-menos-35-grupos-criminosos-ligados-ao-trafico-3-faccoes-de-atuacao-naciona.webp","width":320,"height":280,"caption":"fac\u00e7\u00f5es e tr\u00e1fico de drogas"},"datePublished":"2025-11-02T06:19:00-03:00","dateModified":"2025-11-02T06:19:00-03:00","inLanguage":"pt-BR","mainEntityOfPage":{"@id":"https:\/\/www.encontrabelohorizonte.com.br\/sobre\/policia-de-mg-monitora-ao-menos-35-grupos-criminosos-ligados-ao-trafico-3-faccoes-de-atuacao-nacional-agem-em-bh\/#webpage"},"isPartOf":{"@id":"https:\/\/www.encontrabelohorizonte.com.br\/sobre\/policia-de-mg-monitora-ao-menos-35-grupos-criminosos-ligados-ao-trafico-3-faccoes-de-atuacao-nacional-agem-em-bh\/#webpage"},"articleSection":"Not\u00edcias Belo Horizonte"},{"@type":"BreadcrumbList","@id":"https:\/\/www.encontrabelohorizonte.com.br\/sobre\/policia-de-mg-monitora-ao-menos-35-grupos-criminosos-ligados-ao-trafico-3-faccoes-de-atuacao-nacional-agem-em-bh\/#breadcrumblist","itemListElement":[{"@type":"ListItem","@id":"https:\/\/www.encontrabelohorizonte.com.br\/sobre#listItem","position":1,"name":"In\u00edcio","item":"https:\/\/www.encontrabelohorizonte.com.br\/sobre","nextItem":{"@type":"ListItem","@id":"https:\/\/www.encontrabelohorizonte.com.br\/sobre\/noticias\/#listItem","name":"Not\u00edcias Belo Horizonte"}},{"@type":"ListItem","@id":"https:\/\/www.encontrabelohorizonte.com.br\/sobre\/noticias\/#listItem","position":2,"name":"Not\u00edcias Belo Horizonte","item":"https:\/\/www.encontrabelohorizonte.com.br\/sobre\/noticias\/","nextItem":{"@type":"ListItem","@id":"https:\/\/www.encontrabelohorizonte.com.br\/sobre\/policia-de-mg-monitora-ao-menos-35-grupos-criminosos-ligados-ao-trafico-3-faccoes-de-atuacao-nacional-agem-em-bh\/#listItem","name":"Pol\u00edcia de MG monitora ao menos 35 grupos criminosos ligados ao tr\u00e1fico; 3 fac\u00e7\u00f5es de atua\u00e7\u00e3o nacional agem em BH"},"previousItem":{"@type":"ListItem","@id":"https:\/\/www.encontrabelohorizonte.com.br\/sobre#listItem","name":"In\u00edcio"}},{"@type":"ListItem","@id":"https:\/\/www.encontrabelohorizonte.com.br\/sobre\/policia-de-mg-monitora-ao-menos-35-grupos-criminosos-ligados-ao-trafico-3-faccoes-de-atuacao-nacional-agem-em-bh\/#listItem","position":3,"name":"Pol\u00edcia de MG monitora ao menos 35 grupos criminosos ligados ao tr\u00e1fico; 3 fac\u00e7\u00f5es de atua\u00e7\u00e3o nacional agem em BH","previousItem":{"@type":"ListItem","@id":"https:\/\/www.encontrabelohorizonte.com.br\/sobre\/noticias\/#listItem","name":"Not\u00edcias Belo Horizonte"}}]},{"@type":"Organization","@id":"https:\/\/www.encontrabelohorizonte.com.br\/sobre\/#organization","name":"Encontra Belo Horizonte","description":"Not\u00edcias, eventos, informa\u00e7\u00f5es e dicas da cidade de Belo Horizonte e regi\u00e3o","url":"https:\/\/www.encontrabelohorizonte.com.br\/sobre\/"},{"@type":"Person","@id":"https:\/\/www.encontrabelohorizonte.com.br\/sobre\/author\/ebelohorizonte\/#author","url":"https:\/\/www.encontrabelohorizonte.com.br\/sobre\/author\/ebelohorizonte\/","name":"Encontra Belo Horizonte","image":{"@type":"ImageObject","@id":"https:\/\/www.encontrabelohorizonte.com.br\/sobre\/policia-de-mg-monitora-ao-menos-35-grupos-criminosos-ligados-ao-trafico-3-faccoes-de-atuacao-nacional-agem-em-bh\/#authorImage","url":"https:\/\/secure.gravatar.com\/avatar\/507340682b8270222e1f208e23198b6ae7e2c6a1033ae84e99bc6bce4f82a387?s=96&d=mm&r=g","width":96,"height":96,"caption":"Encontra Belo Horizonte"}},{"@type":"WebPage","@id":"https:\/\/www.encontrabelohorizonte.com.br\/sobre\/policia-de-mg-monitora-ao-menos-35-grupos-criminosos-ligados-ao-trafico-3-faccoes-de-atuacao-nacional-agem-em-bh\/#webpage","url":"https:\/\/www.encontrabelohorizonte.com.br\/sobre\/policia-de-mg-monitora-ao-menos-35-grupos-criminosos-ligados-ao-trafico-3-faccoes-de-atuacao-nacional-agem-em-bh\/","name":"Pol\u00edcia de MG monitora ao menos 35 grupos criminosos ligados ao tr\u00e1fico; 3 fac\u00e7\u00f5es de atua\u00e7\u00e3o nacional agem em BH | Encontra Belo Horizonte","description":"Fac\u00e7\u00f5es criminosas e o tr\u00e1fico de drogas em MG est\u00e3o aumentando alarmantemente.","inLanguage":"pt-BR","isPartOf":{"@id":"https:\/\/www.encontrabelohorizonte.com.br\/sobre\/#website"},"breadcrumb":{"@id":"https:\/\/www.encontrabelohorizonte.com.br\/sobre\/policia-de-mg-monitora-ao-menos-35-grupos-criminosos-ligados-ao-trafico-3-faccoes-de-atuacao-nacional-agem-em-bh\/#breadcrumblist"},"author":{"@id":"https:\/\/www.encontrabelohorizonte.com.br\/sobre\/author\/ebelohorizonte\/#author"},"creator":{"@id":"https:\/\/www.encontrabelohorizonte.com.br\/sobre\/author\/ebelohorizonte\/#author"},"image":{"@type":"ImageObject","url":"https:\/\/www.encontrabelohorizonte.com.br\/sobre\/wp-content\/uploads\/policia-de-mg-monitora-ao-menos-35-grupos-criminosos-ligados-ao-trafico-3-faccoes-de-atuacao-naciona.webp","@id":"https:\/\/www.encontrabelohorizonte.com.br\/sobre\/policia-de-mg-monitora-ao-menos-35-grupos-criminosos-ligados-ao-trafico-3-faccoes-de-atuacao-nacional-agem-em-bh\/#mainImage","width":320,"height":280,"caption":"fac\u00e7\u00f5es e tr\u00e1fico de drogas"},"primaryImageOfPage":{"@id":"https:\/\/www.encontrabelohorizonte.com.br\/sobre\/policia-de-mg-monitora-ao-menos-35-grupos-criminosos-ligados-ao-trafico-3-faccoes-de-atuacao-nacional-agem-em-bh\/#mainImage"},"datePublished":"2025-11-02T06:19:00-03:00","dateModified":"2025-11-02T06:19:00-03:00"},{"@type":"WebSite","@id":"https:\/\/www.encontrabelohorizonte.com.br\/sobre\/#website","url":"https:\/\/www.encontrabelohorizonte.com.br\/sobre\/","name":"Encontra Belo Horizonte","description":"Not\u00edcias, eventos, informa\u00e7\u00f5es e dicas da cidade de Belo Horizonte e regi\u00e3o","inLanguage":"pt-BR","publisher":{"@id":"https:\/\/www.encontrabelohorizonte.com.br\/sobre\/#organization"}}]},"og:locale":"pt_BR","og:site_name":"Encontra Belo Horizonte | Not\u00edcias, eventos, informa\u00e7\u00f5es e dicas da cidade de Belo Horizonte e regi\u00e3o","og:type":"article","og:title":"Pol\u00edcia de MG monitora ao menos 35 grupos criminosos ligados ao tr\u00e1fico; 3 fac\u00e7\u00f5es de atua\u00e7\u00e3o nacional agem em BH | Encontra Belo Horizonte","og:description":"Fac\u00e7\u00f5es criminosas e o tr\u00e1fico de drogas em MG est\u00e3o aumentando alarmantemente.","og:url":"https:\/\/www.encontrabelohorizonte.com.br\/sobre\/policia-de-mg-monitora-ao-menos-35-grupos-criminosos-ligados-ao-trafico-3-faccoes-de-atuacao-nacional-agem-em-bh\/","article:published_time":"2025-11-02T09:19:00+00:00","article:modified_time":"2025-11-02T09:19:00+00:00","twitter:card":"summary","twitter:title":"Pol\u00edcia de MG monitora ao menos 35 grupos criminosos ligados ao tr\u00e1fico; 3 fac\u00e7\u00f5es de atua\u00e7\u00e3o nacional agem em BH | Encontra Belo Horizonte","twitter:description":"Fac\u00e7\u00f5es criminosas e o tr\u00e1fico de drogas em MG est\u00e3o aumentando alarmantemente."},"aioseo_meta_data":{"post_id":"3178","title":null,"description":null,"keywords":null,"keyphrases":null,"primary_term":null,"canonical_url":null,"og_title":null,"og_description":null,"og_object_type":"default","og_image_type":"default","og_image_url":null,"og_image_width":null,"og_image_height":null,"og_image_custom_url":null,"og_image_custom_fields":null,"og_video":null,"og_custom_url":null,"og_article_section":null,"og_article_tags":null,"twitter_use_og":false,"twitter_card":"default","twitter_image_type":"default","twitter_image_url":null,"twitter_image_custom_url":null,"twitter_image_custom_fields":null,"twitter_title":null,"twitter_description":null,"schema":{"blockGraphs":[],"customGraphs":[],"default":{"data":{"Article":[],"Course":[],"Dataset":[],"FAQPage":[],"Movie":[],"Person":[],"Product":[],"ProductReview":[],"Car":[],"Recipe":[],"Service":[],"SoftwareApplication":[],"WebPage":[]},"graphName":"Article","isEnabled":true},"graphs":[]},"schema_type":"default","schema_type_options":null,"pillar_content":false,"robots_default":true,"robots_noindex":false,"robots_noarchive":false,"robots_nosnippet":false,"robots_nofollow":false,"robots_noimageindex":false,"robots_noodp":false,"robots_notranslate":false,"robots_max_snippet":null,"robots_max_videopreview":null,"robots_max_imagepreview":"large","priority":null,"frequency":null,"local_seo":null,"breadcrumb_settings":null,"limit_modified_date":false,"ai":null,"created":"2025-11-03 12:03:52","updated":"2025-11-03 13:15:22","focus_keyword":null,"additional_keywords":null,"truseo_locale":null,"seo_analyzer_scan_date":null},"aioseo_breadcrumb":"<div class=\"aioseo-breadcrumbs\"><span class=\"aioseo-breadcrumb\">\n\t\t\t<a href=\"https:\/\/www.encontrabelohorizonte.com.br\/sobre\" title=\"In\u00edcio\">In\u00edcio<\/a>\n\t\t<\/span><span class=\"aioseo-breadcrumb-separator\">&raquo;<\/span><span class=\"aioseo-breadcrumb\">\n\t\t\t<a href=\"https:\/\/www.encontrabelohorizonte.com.br\/sobre\/noticias\/\" title=\"Not\u00edcias Belo Horizonte\">Not\u00edcias Belo Horizonte<\/a>\n\t\t<\/span><span class=\"aioseo-breadcrumb-separator\">&raquo;<\/span><span class=\"aioseo-breadcrumb\">\n\t\t\tPol\u00edcia de MG monitora ao menos 35 grupos criminosos ligados ao tr\u00e1fico; 3 fac\u00e7\u00f5es de atua\u00e7\u00e3o nacional agem em BH\n\t\t<\/span><\/div>","aioseo_breadcrumb_json":[{"label":"In\u00edcio","link":"https:\/\/www.encontrabelohorizonte.com.br\/sobre"},{"label":"Not\u00edcias Belo Horizonte","link":"https:\/\/www.encontrabelohorizonte.com.br\/sobre\/noticias\/"},{"label":"Pol\u00edcia de MG monitora ao menos 35 grupos criminosos ligados ao tr\u00e1fico; 3 fac\u00e7\u00f5es de atua\u00e7\u00e3o nacional agem em BH","link":"https:\/\/www.encontrabelohorizonte.com.br\/sobre\/policia-de-mg-monitora-ao-menos-35-grupos-criminosos-ligados-ao-trafico-3-faccoes-de-atuacao-nacional-agem-em-bh\/"}],"_links":{"self":[{"href":"https:\/\/www.encontrabelohorizonte.com.br\/sobre\/wp-json\/wp\/v2\/posts\/3178","targetHints":{"allow":["GET"]}}],"collection":[{"href":"https:\/\/www.encontrabelohorizonte.com.br\/sobre\/wp-json\/wp\/v2\/posts"}],"about":[{"href":"https:\/\/www.encontrabelohorizonte.com.br\/sobre\/wp-json\/wp\/v2\/types\/post"}],"author":[{"embeddable":true,"href":"https:\/\/www.encontrabelohorizonte.com.br\/sobre\/wp-json\/wp\/v2\/users\/1"}],"replies":[{"embeddable":true,"href":"https:\/\/www.encontrabelohorizonte.com.br\/sobre\/wp-json\/wp\/v2\/comments?post=3178"}],"version-history":[{"count":0,"href":"https:\/\/www.encontrabelohorizonte.com.br\/sobre\/wp-json\/wp\/v2\/posts\/3178\/revisions"}],"wp:featuredmedia":[{"embeddable":true,"href":"https:\/\/www.encontrabelohorizonte.com.br\/sobre\/wp-json\/wp\/v2\/media\/3177"}],"wp:attachment":[{"href":"https:\/\/www.encontrabelohorizonte.com.br\/sobre\/wp-json\/wp\/v2\/media?parent=3178"}],"wp:term":[{"taxonomy":"category","embeddable":true,"href":"https:\/\/www.encontrabelohorizonte.com.br\/sobre\/wp-json\/wp\/v2\/categories?post=3178"},{"taxonomy":"post_tag","embeddable":true,"href":"https:\/\/www.encontrabelohorizonte.com.br\/sobre\/wp-json\/wp\/v2\/tags?post=3178"}],"curies":[{"name":"wp","href":"https:\/\/api.w.org\/{rel}","templated":true}]}}