{"id":3184,"date":"2025-11-03T12:14:00","date_gmt":"2025-11-03T15:14:00","guid":{"rendered":"https:\/\/www.encontrabelohorizonte.com.br\/sobre\/srs\/"},"modified":"2025-11-03T12:14:00","modified_gmt":"2025-11-03T15:14:00","slug":"srs","status":"publish","type":"post","link":"https:\/\/www.encontrabelohorizonte.com.br\/sobre\/srs\/","title":{"rendered":"SRS"},"content":{"rendered":"<div class=\"2e083cf0b19e2c11948dc6ac054ba979\" data-index=\"1\" style=\"float: none; margin:0px;\">\n<!-- Anuncio display - global -->\r\n<ins class=\"adsbygoogle\"\r\n     style=\"display:block\"\r\n     data-ad-client=\"ca-pub-8585364105181520\"\r\n     data-ad-slot=\"8789329856\"\r\n     data-ad-format=\"auto\"\r\n     data-full-width-responsive=\"true\"><\/ins>\r\n<script>\r\n     (adsbygoogle = window.adsbygoogle || []).push({});\r\n<\/script>\n<\/div>\n<h2>Hist\u00f3ria e Cria\u00e7\u00e3o da SRS-BH<\/h2>\n<p>A <strong>Superintend\u00eancia Regional de Sa\u00fade de Belo Horizonte<\/strong> (SRS-BH) foi estabelecida em <strong>1973<\/strong> com o objetivo de enfrentar os desafios da sa\u00fade p\u00fablica na regi\u00e3o. Em um contexto onde as doen\u00e7as infecciosas estavam em ascens\u00e3o e os servi\u00e7os de sa\u00fade eram escassos, a SRS-BH surgiu como uma resposta institucional para melhorar a qualidade dos servi\u00e7os prestados \u00e0 popula\u00e7\u00e3o.<\/p>\n<p>A SRS-BH \u00e9 parte integrante do Sistema \u00danico de Sa\u00fade (SUS), que visa garantir acesso universal e igualit\u00e1rio aos servi\u00e7os de sa\u00fade. Com uma equipe multidisciplinar composta por m\u00e9dicos, enfermeiros, sanitaristas e outros profissionais da sa\u00fade, a SRS-BH se dedicou a implementar pol\u00edticas de sa\u00fade que atendessem \u00e0s necessidades locais.<\/p>\n<p>Nos primeiros anos, a SRS-BH concentrou seus esfor\u00e7os na constru\u00e7\u00e3o e na reforma de unidades de sa\u00fade, capacita\u00e7\u00e3o de servidores e desenvolvimento de programas de vacina\u00e7\u00e3o. Esses esfor\u00e7os foram fundamentais para o fortalecimento da rede de sa\u00fade em Belo Horizonte e na regi\u00e3o metropolitana.<\/p>\n<h2>Impactos da Vigil\u00e2ncia Sanit\u00e1ria<\/h2>\n<p>A SRS-BH desempenha um papel crucial na <strong>vigil\u00e2ncia sanit\u00e1ria<\/strong>, promovendo a prote\u00e7\u00e3o da sa\u00fade da popula\u00e7\u00e3o atrav\u00e9s da fiscaliza\u00e7\u00e3o de estabelecimentos que atuam na produ\u00e7\u00e3o e comercializa\u00e7\u00e3o de alimentos, medicamentos e servi\u00e7os de sa\u00fade. As atividades de vigil\u00e2ncia incluem:<\/p>\n<ul>\n<li><strong>Inspe\u00e7\u00f5es Regulares:<\/strong> Realiza inspe\u00e7\u00f5es em restaurantes, farm\u00e1cias e hospitais para garantir conformidade com as normas sanit\u00e1rias.<\/li>\n<li><strong>Controle de Doen\u00e7as:<\/strong> Acompanhamento epidemiol\u00f3gico e a\u00e7\u00f5es de controle de surtos de doen\u00e7as transmiss\u00edveis.<\/li>\n<li><strong>Educa\u00e7\u00e3o em Sa\u00fade:<\/strong> Campanhas educativas para conscientizar a popula\u00e7\u00e3o sobre pr\u00e1ticas de higiene e seguran\u00e7a alimentar.<\/li>\n<\/ul>\n<p>Essas a\u00e7\u00f5es contribu\u00edram significativamente para a redu\u00e7\u00e3o de doen\u00e7as e melhoria da sa\u00fade p\u00fablica em Minas Gerais. A SRS-BH tamb\u00e9m tem trabalhado em conjunto com outros \u00f3rg\u00e3os para enfrentar desafios como a resist\u00eancia a antibi\u00f3ticos e casos de infec\u00e7\u00f5es hospitalares.<\/p>\n<h2>Avan\u00e7os na Aten\u00e7\u00e3o Prim\u00e1ria<\/h2>\n<p>A <strong>aten\u00e7\u00e3o prim\u00e1ria \u00e0 sa\u00fade<\/strong> \u00e9 a porta de entrada para o Sistema \u00danico de Sa\u00fade, e a SRS-BH tem promovido v\u00e1rias iniciativas para fortalecer essa \u00e1rea. Entre as a\u00e7\u00f5es destacam-se:<\/p>\n<ul>\n<li><strong>Expans\u00e3o das Unidades de Sa\u00fade:<\/strong> Amplia\u00e7\u00e3o do n\u00famero de Unidades B\u00e1sicas de Sa\u00fade (UBS) em Belo Horizonte, garantindo acesso a um maior n\u00famero de cidad\u00e3os.<\/li>\n<li><strong>Programas de Sa\u00fade da Fam\u00edlia:<\/strong> Implementa\u00e7\u00e3o de equipes de sa\u00fade da fam\u00edlia, que atuam diretamente nas comunidades para oferecer cuidados preventivos e assistenciais.<\/li>\n<li><strong>Integra\u00e7\u00e3o com Outros Servi\u00e7os:<\/strong> Parcerias com escolas, empresas e organiza\u00e7\u00f5es n\u00e3o governamentais para promover a sa\u00fade integral da popula\u00e7\u00e3o.<\/li>\n<\/ul>\n<p>Esses avan\u00e7os t\u00eam resultado na melhoria da qualidade de vida da popula\u00e7\u00e3o, redu\u00e7\u00e3o das interna\u00e7\u00f5es hospitalares e fortalecimento da preven\u00e7\u00e3o de doen\u00e7as.<\/p>\n<h2>Desafios da Sa\u00fade P\u00fablica Mineira<\/h2>\n<p>A sa\u00fade p\u00fablica em Minas Gerais enfrenta uma s\u00e9rie de desafios que exigem estrat\u00e9gias inovadoras e investimento cont\u00ednuo. Entre os principais desafios est\u00e3o:<\/p>\n<ul>\n<li><strong>Financiamento Insuficiente:<\/strong> A limita\u00e7\u00e3o de recursos financeiros impacta a capacidade de expans\u00e3o e melhoria dos servi\u00e7os de sa\u00fade.<\/li>\n<li><strong>Desigualdade Regional:<\/strong> A disparidade entre \u00e1reas urbanas e rurais em termos de acesso a servi\u00e7os de sa\u00fade \u00e9 um problema persistente.<\/li>\n<li><strong>Envelhecimento da Popula\u00e7\u00e3o:<\/strong> O aumento da popula\u00e7\u00e3o idosa traz novas demandas e desafios para os servi\u00e7os de sa\u00fade.<\/li>\n<\/ul>\n<p>Para enfrentar esses desafios, a SRS-BH tem buscado parcerias com a iniciativa privada e iniciativas de capta\u00e7\u00e3o de recursos, al\u00e9m de desenvolver programas de sa\u00fade voltados para as necessidades espec\u00edficas da popula\u00e7\u00e3o.<\/p>\n<h2>Rede Alyne e a Sa\u00fade Materno-Infantil<\/h2>\n<p>A <strong>Rede Alyne<\/strong> \u00e9 um programa inovador da SRS-BH que atua em prol da sa\u00fade materno-infantil. O objetivo da rede \u00e9 reduzir a mortalidade materna e infantil e garantir um acompanhamento adequado durante a gesta\u00e7\u00e3o, parto e p\u00f3s-parto. As principais a\u00e7\u00f5es incluem:<\/p>\n<ul>\n<li><strong>Atendimento Pr\u00e9-Natal:<\/strong> Promo\u00e7\u00e3o de consultas regulares para gestantes, com orienta\u00e7\u00f5es sobre cuidados durante a gravidez.<\/li>\n<li><strong>Assist\u00eancia ao Parto:<\/strong> Garantia de condi\u00e7\u00f5es adequadas para o parto seguro em institui\u00e7\u00f5es de sa\u00fade.<\/li>\n<li><strong>P\u00f3s-natal:<\/strong> Acompanhamento da sa\u00fade do rec\u00e9m-nascido e orienta\u00e7\u00f5es para os cuidados com a crian\u00e7a nos primeiros meses de vida.<\/li>\n<\/ul>\n<p>Os resultados dessa iniciativa t\u00eam sido encorajadores, refletindo em uma queda significativa nas taxas de mortalidade materna e infantil na regi\u00e3o.<\/p>\n<h2>Import\u00e2ncia da Descentraliza\u00e7\u00e3o<\/h2>\n<p>A descentraliza\u00e7\u00e3o na sa\u00fade, promovida pela SRS-BH, \u00e9 de fundamental import\u00e2ncia para facilitar o acesso e a gest\u00e3o dos servi\u00e7os de sa\u00fade. Essa abordagem permite:<\/p>\n<ul>\n<li><strong>Maior Autonomia Local:<\/strong> Os gestores municipais t\u00eam mais liberdade para adaptar pol\u00edticas e programas \u00e0s necessidades espec\u00edficas de suas comunidades.<\/li>\n<li><strong>Acesso Ampliado:<\/strong> A descentraliza\u00e7\u00e3o do atendimento traz os servi\u00e7os de sa\u00fade mais pr\u00f3ximos da popula\u00e7\u00e3o, diminuindo as barreiras geogr\u00e1ficas.<\/li>\n<li><strong>Fortalecimento da Gest\u00e3o Participativa:<\/strong> Envolvimento da comunidade na formula\u00e7\u00e3o e implementa\u00e7\u00e3o de pol\u00edticas de sa\u00fade, promovendo uma gest\u00e3o mais eficaz.<\/li>\n<\/ul>\n<p>Esses elementos t\u00eam promovido uma sa\u00fade mais equitativa, e a SRS-BH est\u00e1 comprometida em continuar essa trajet\u00f3ria de descentraliza\u00e7\u00e3o.<\/p>\n<h2>Participa\u00e7\u00e3o Comunit\u00e1ria na Sa\u00fade<\/h2>\n<p>A participa\u00e7\u00e3o da comunidade nos processos de sa\u00fade \u00e9 crucial para o sucesso das pol\u00edticas p\u00fablicas. A SRS-BH tem incentivado essa participa\u00e7\u00e3o atrav\u00e9s de:<\/p>\n<ul>\n<li><strong>Conselhos de Sa\u00fade:<\/strong> Forma\u00e7\u00e3o de conselhos em bairros e comunidades que discutem e deliberam sobre as necessidades locais.<\/li>\n<li><strong>Cursos e Capacita\u00e7\u00f5es:<\/strong> Oferecimento de treinamentos para que os cidad\u00e3os se tornem agentes multiplicadores de sa\u00fade.<\/li>\n<li><strong>Campanhas de Conscientiza\u00e7\u00e3o:<\/strong> Envolvimento da popula\u00e7\u00e3o em campanhas que visam educar e mobilizar sobre quest\u00f5es de sa\u00fade.<\/li>\n<\/ul>\n<p>Esses mecanismos t\u00eam ampliado o engajamento da popula\u00e7\u00e3o, promovendo uma maior conscientiza\u00e7\u00e3o e cuidado com a sa\u00fade coletiva.<\/p>\n<h2>Contribui\u00e7\u00f5es para o SUS<\/h2>\n<p>A SRS-BH tem um papel fundamental na constru\u00e7\u00e3o e implementa\u00e7\u00e3o do <strong>Sistema \u00danico de Sa\u00fade (SUS)<\/strong> em Minas Gerais, contribuindo de diversas maneiras, como por exemplo:<\/p>\n<ul>\n<li><strong>Forma\u00e7\u00e3o de Recursos Humanos:<\/strong> Capacita\u00e7\u00e3o de profissionais de sa\u00fade para atuar no SUS, garantindo a qualidade dos servi\u00e7os.<\/li>\n<li><strong>Implementa\u00e7\u00e3o de Pol\u00edticas P\u00fablicas:<\/strong> Desenvolvimento de pol\u00edticas que visam a equidade e a justi\u00e7a social na sa\u00fade.<\/li>\n<li><strong>Apoio \u00e0 Inova\u00e7\u00e3o:<\/strong> Incentivo \u00e0 pesquisa e \u00e0 inova\u00e7\u00e3o na \u00e1rea de sa\u00fade, promovendo melhores pr\u00e1ticas e servi\u00e7os.<\/li>\n<\/ul>\n<p>Essas contribui\u00e7\u00f5es s\u00e3o essenciais para o fortalecimento do SUS e para a melhoria da sa\u00fade p\u00fablica em Minas Gerais.<\/p>\n<h2>Resultados e Estat\u00edsticas da SRS-BH<\/h2>\n<p>Os resultados das a\u00e7\u00f5es da SRS-BH ao longo dos anos s\u00e3o vis\u00edveis e impactantes. Algumas estat\u00edsticas importantes incluem:<\/p>\n<ul>\n<li><strong>Redu\u00e7\u00e3o da Mortalidade Infantil:<\/strong> A taxa de mortalidade infantil caiu de <strong>X por mil<\/strong> para <strong>Y por mil<\/strong> nos \u00faltimos anos.<\/li>\n<li><strong>Vacina\u00e7\u00e3o Aumentada:<\/strong> O \u00edndice de vacina\u00e7\u00e3o da popula\u00e7\u00e3o infantil alcan\u00e7ou <strong>Z%<\/strong>, superando as metas estabelecidas.<\/li>\n<li><strong>Satisfa\u00e7\u00e3o do Usu\u00e1rio:<\/strong> Pesquisas de satisfa\u00e7\u00e3o indicam que <strong>W%<\/strong> dos usu\u00e1rios se declaram satisfeitos com os servi\u00e7os prestados.<\/li>\n<\/ul>\n<p>Esses resultados demonstram a efic\u00e1cia das pol\u00edticas de sa\u00fade implementadas e o comprometimento da SRS-BH em melhorar a sa\u00fade da popula\u00e7\u00e3o.<\/p>\n<h2>Perspectivas Futuras para a Sa\u00fade em Minas<\/h2>\n<p>O futuro da sa\u00fade p\u00fablica em Minas Gerais apresenta desafios e oportunidades. Entre as perspectivas, destacam-se:<\/p>\n<ul>\n<li><strong>Implementa\u00e7\u00e3o de Tecnologia:<\/strong> A ado\u00e7\u00e3o de novas tecnologias nas pr\u00e1ticas de sa\u00fade, como telemedicina e sa\u00fade digital, promete melhorar o acesso e a qualidade dos servi\u00e7os.<\/li>\n<li><strong>Integra\u00e7\u00e3o de Servi\u00e7os:<\/strong> Busca por uma maior integra\u00e7\u00e3o entre os servi\u00e7os de sa\u00fade, garantindo um atendimento mais completo e humanizado.<\/li>\n<li><strong>Fortalecimento do SUS:<\/strong> Compromisso cont\u00ednuo com a defesa e aprimoramento do SUS como um direito de todos os cidad\u00e3os.<\/li>\n<\/ul>\n<p>A SRS-BH continua a trabalhar arduamente para enfrentar os desafios da sa\u00fade p\u00fablica e promover uma Minas Gerais mais saud\u00e1vel para todos.<\/p>\n\n<div style=\"font-size: 0px; height: 0px; line-height: 0px; margin: 0; padding: 0; clear: both;\"><\/div>","protected":false},"excerpt":{"rendered":"<p>SRS-BH celebra 50 anos de avan\u00e7os significativos na sa\u00fade p\u00fablica.<\/p>\n","protected":false},"author":1,"featured_media":3183,"comment_status":"closed","ping_status":"closed","sticky":false,"template":"","format":"standard","meta":{"footnotes":""},"categories":[6],"tags":[],"class_list":["post-3184","post","type-post","status-publish","format-standard","has-post-thumbnail","hentry","category-noticias","has_thumb"],"aioseo_notices":[],"aioseo_head":"\n\t\t<!-- All in One SEO 5.0.0.1 - aioseo.com -->\n\t<meta name=\"description\" content=\"SRS-BH celebra 50 anos de avan\u00e7os significativos na sa\u00fade p\u00fablica.\" \/>\n\t<meta name=\"robots\" content=\"max-image-preview:large\" \/>\n\t<meta name=\"author\" content=\"Encontra Belo Horizonte\"\/>\n\t<link rel=\"canonical\" href=\"https:\/\/www.encontrabelohorizonte.com.br\/sobre\/srs\/\" \/>\n\t<meta name=\"generator\" content=\"All in One SEO (AIOSEO) 5.0.0.1\" \/>\n\t\t<meta property=\"og:locale\" content=\"pt_BR\" \/>\n\t\t<meta property=\"og:site_name\" content=\"Encontra Belo Horizonte | Not\u00edcias, eventos, informa\u00e7\u00f5es e dicas da cidade de Belo Horizonte e regi\u00e3o\" \/>\n\t\t<meta property=\"og:type\" content=\"article\" \/>\n\t\t<meta property=\"og:title\" content=\"SRS | Encontra Belo Horizonte\" \/>\n\t\t<meta property=\"og:description\" content=\"SRS-BH celebra 50 anos de avan\u00e7os significativos na sa\u00fade p\u00fablica.\" \/>\n\t\t<meta property=\"og:url\" content=\"https:\/\/www.encontrabelohorizonte.com.br\/sobre\/srs\/\" \/>\n\t\t<meta property=\"article:published_time\" content=\"2025-11-03T15:14:00+00:00\" \/>\n\t\t<meta property=\"article:modified_time\" content=\"2025-11-03T15:14:00+00:00\" \/>\n\t\t<meta name=\"twitter:card\" content=\"summary\" \/>\n\t\t<meta name=\"twitter:title\" content=\"SRS | Encontra Belo Horizonte\" \/>\n\t\t<meta name=\"twitter:description\" content=\"SRS-BH celebra 50 anos de avan\u00e7os significativos na sa\u00fade p\u00fablica.\" \/>\n\t\t<script type=\"application\/ld+json\" class=\"aioseo-schema\">\n\t\t\t{\"@context\":\"https:\\\/\\\/schema.org\",\"@graph\":[{\"@type\":\"Article\",\"@id\":\"https:\\\/\\\/www.encontrabelohorizonte.com.br\\\/sobre\\\/srs\\\/#article\",\"name\":\"SRS | Encontra Belo Horizonte\",\"headline\":\"SRS\",\"author\":{\"@id\":\"https:\\\/\\\/www.encontrabelohorizonte.com.br\\\/sobre\\\/author\\\/ebelohorizonte\\\/#author\"},\"publisher\":{\"@id\":\"https:\\\/\\\/www.encontrabelohorizonte.com.br\\\/sobre\\\/#organization\"},\"image\":{\"@type\":\"ImageObject\",\"url\":\"https:\\\/\\\/www.encontrabelohorizonte.com.br\\\/sobre\\\/wp-content\\\/uploads\\\/srs.webp\",\"width\":320,\"height\":280,\"caption\":\"SRS-BH\"},\"datePublished\":\"2025-11-03T12:14:00-03:00\",\"dateModified\":\"2025-11-03T12:14:00-03:00\",\"inLanguage\":\"pt-BR\",\"mainEntityOfPage\":{\"@id\":\"https:\\\/\\\/www.encontrabelohorizonte.com.br\\\/sobre\\\/srs\\\/#webpage\"},\"isPartOf\":{\"@id\":\"https:\\\/\\\/www.encontrabelohorizonte.com.br\\\/sobre\\\/srs\\\/#webpage\"},\"articleSection\":\"Not\\u00edcias Belo Horizonte\"},{\"@type\":\"BreadcrumbList\",\"@id\":\"https:\\\/\\\/www.encontrabelohorizonte.com.br\\\/sobre\\\/srs\\\/#breadcrumblist\",\"itemListElement\":[{\"@type\":\"ListItem\",\"@id\":\"https:\\\/\\\/www.encontrabelohorizonte.com.br\\\/sobre#listItem\",\"position\":1,\"name\":\"In\\u00edcio\",\"item\":\"https:\\\/\\\/www.encontrabelohorizonte.com.br\\\/sobre\",\"nextItem\":{\"@type\":\"ListItem\",\"@id\":\"https:\\\/\\\/www.encontrabelohorizonte.com.br\\\/sobre\\\/noticias\\\/#listItem\",\"name\":\"Not\\u00edcias Belo Horizonte\"}},{\"@type\":\"ListItem\",\"@id\":\"https:\\\/\\\/www.encontrabelohorizonte.com.br\\\/sobre\\\/noticias\\\/#listItem\",\"position\":2,\"name\":\"Not\\u00edcias Belo Horizonte\",\"item\":\"https:\\\/\\\/www.encontrabelohorizonte.com.br\\\/sobre\\\/noticias\\\/\",\"nextItem\":{\"@type\":\"ListItem\",\"@id\":\"https:\\\/\\\/www.encontrabelohorizonte.com.br\\\/sobre\\\/srs\\\/#listItem\",\"name\":\"SRS\"},\"previousItem\":{\"@type\":\"ListItem\",\"@id\":\"https:\\\/\\\/www.encontrabelohorizonte.com.br\\\/sobre#listItem\",\"name\":\"In\\u00edcio\"}},{\"@type\":\"ListItem\",\"@id\":\"https:\\\/\\\/www.encontrabelohorizonte.com.br\\\/sobre\\\/srs\\\/#listItem\",\"position\":3,\"name\":\"SRS\",\"previousItem\":{\"@type\":\"ListItem\",\"@id\":\"https:\\\/\\\/www.encontrabelohorizonte.com.br\\\/sobre\\\/noticias\\\/#listItem\",\"name\":\"Not\\u00edcias Belo Horizonte\"}}]},{\"@type\":\"Organization\",\"@id\":\"https:\\\/\\\/www.encontrabelohorizonte.com.br\\\/sobre\\\/#organization\",\"name\":\"Encontra Belo Horizonte\",\"description\":\"Not\\u00edcias, eventos, informa\\u00e7\\u00f5es e dicas da cidade de Belo Horizonte e regi\\u00e3o\",\"url\":\"https:\\\/\\\/www.encontrabelohorizonte.com.br\\\/sobre\\\/\"},{\"@type\":\"Person\",\"@id\":\"https:\\\/\\\/www.encontrabelohorizonte.com.br\\\/sobre\\\/author\\\/ebelohorizonte\\\/#author\",\"url\":\"https:\\\/\\\/www.encontrabelohorizonte.com.br\\\/sobre\\\/author\\\/ebelohorizonte\\\/\",\"name\":\"Encontra Belo Horizonte\",\"image\":{\"@type\":\"ImageObject\",\"@id\":\"https:\\\/\\\/www.encontrabelohorizonte.com.br\\\/sobre\\\/srs\\\/#authorImage\",\"url\":\"https:\\\/\\\/secure.gravatar.com\\\/avatar\\\/507340682b8270222e1f208e23198b6ae7e2c6a1033ae84e99bc6bce4f82a387?s=96&d=mm&r=g\",\"width\":96,\"height\":96,\"caption\":\"Encontra Belo Horizonte\"}},{\"@type\":\"WebPage\",\"@id\":\"https:\\\/\\\/www.encontrabelohorizonte.com.br\\\/sobre\\\/srs\\\/#webpage\",\"url\":\"https:\\\/\\\/www.encontrabelohorizonte.com.br\\\/sobre\\\/srs\\\/\",\"name\":\"SRS | Encontra Belo Horizonte\",\"description\":\"SRS-BH celebra 50 anos de avan\\u00e7os significativos na sa\\u00fade p\\u00fablica.\",\"inLanguage\":\"pt-BR\",\"isPartOf\":{\"@id\":\"https:\\\/\\\/www.encontrabelohorizonte.com.br\\\/sobre\\\/#website\"},\"breadcrumb\":{\"@id\":\"https:\\\/\\\/www.encontrabelohorizonte.com.br\\\/sobre\\\/srs\\\/#breadcrumblist\"},\"author\":{\"@id\":\"https:\\\/\\\/www.encontrabelohorizonte.com.br\\\/sobre\\\/author\\\/ebelohorizonte\\\/#author\"},\"creator\":{\"@id\":\"https:\\\/\\\/www.encontrabelohorizonte.com.br\\\/sobre\\\/author\\\/ebelohorizonte\\\/#author\"},\"image\":{\"@type\":\"ImageObject\",\"url\":\"https:\\\/\\\/www.encontrabelohorizonte.com.br\\\/sobre\\\/wp-content\\\/uploads\\\/srs.webp\",\"@id\":\"https:\\\/\\\/www.encontrabelohorizonte.com.br\\\/sobre\\\/srs\\\/#mainImage\",\"width\":320,\"height\":280,\"caption\":\"SRS-BH\"},\"primaryImageOfPage\":{\"@id\":\"https:\\\/\\\/www.encontrabelohorizonte.com.br\\\/sobre\\\/srs\\\/#mainImage\"},\"datePublished\":\"2025-11-03T12:14:00-03:00\",\"dateModified\":\"2025-11-03T12:14:00-03:00\"},{\"@type\":\"WebSite\",\"@id\":\"https:\\\/\\\/www.encontrabelohorizonte.com.br\\\/sobre\\\/#website\",\"url\":\"https:\\\/\\\/www.encontrabelohorizonte.com.br\\\/sobre\\\/\",\"name\":\"Encontra Belo Horizonte\",\"description\":\"Not\\u00edcias, eventos, informa\\u00e7\\u00f5es e dicas da cidade de Belo Horizonte e regi\\u00e3o\",\"inLanguage\":\"pt-BR\",\"publisher\":{\"@id\":\"https:\\\/\\\/www.encontrabelohorizonte.com.br\\\/sobre\\\/#organization\"}}]}\n\t\t<\/script>\n\t\t<!-- All in One SEO -->\n\n","aioseo_head_json":{"title":"SRS | Encontra Belo Horizonte","description":"SRS-BH celebra 50 anos de avan\u00e7os significativos na sa\u00fade p\u00fablica.","canonical_url":"https:\/\/www.encontrabelohorizonte.com.br\/sobre\/srs\/","robots":"max-image-preview:large","keywords":"","webmasterTools":{"miscellaneous":""},"schema":{"@context":"https:\/\/schema.org","@graph":[{"@type":"Article","@id":"https:\/\/www.encontrabelohorizonte.com.br\/sobre\/srs\/#article","name":"SRS | Encontra Belo Horizonte","headline":"SRS","author":{"@id":"https:\/\/www.encontrabelohorizonte.com.br\/sobre\/author\/ebelohorizonte\/#author"},"publisher":{"@id":"https:\/\/www.encontrabelohorizonte.com.br\/sobre\/#organization"},"image":{"@type":"ImageObject","url":"https:\/\/www.encontrabelohorizonte.com.br\/sobre\/wp-content\/uploads\/srs.webp","width":320,"height":280,"caption":"SRS-BH"},"datePublished":"2025-11-03T12:14:00-03:00","dateModified":"2025-11-03T12:14:00-03:00","inLanguage":"pt-BR","mainEntityOfPage":{"@id":"https:\/\/www.encontrabelohorizonte.com.br\/sobre\/srs\/#webpage"},"isPartOf":{"@id":"https:\/\/www.encontrabelohorizonte.com.br\/sobre\/srs\/#webpage"},"articleSection":"Not\u00edcias Belo Horizonte"},{"@type":"BreadcrumbList","@id":"https:\/\/www.encontrabelohorizonte.com.br\/sobre\/srs\/#breadcrumblist","itemListElement":[{"@type":"ListItem","@id":"https:\/\/www.encontrabelohorizonte.com.br\/sobre#listItem","position":1,"name":"In\u00edcio","item":"https:\/\/www.encontrabelohorizonte.com.br\/sobre","nextItem":{"@type":"ListItem","@id":"https:\/\/www.encontrabelohorizonte.com.br\/sobre\/noticias\/#listItem","name":"Not\u00edcias Belo Horizonte"}},{"@type":"ListItem","@id":"https:\/\/www.encontrabelohorizonte.com.br\/sobre\/noticias\/#listItem","position":2,"name":"Not\u00edcias Belo Horizonte","item":"https:\/\/www.encontrabelohorizonte.com.br\/sobre\/noticias\/","nextItem":{"@type":"ListItem","@id":"https:\/\/www.encontrabelohorizonte.com.br\/sobre\/srs\/#listItem","name":"SRS"},"previousItem":{"@type":"ListItem","@id":"https:\/\/www.encontrabelohorizonte.com.br\/sobre#listItem","name":"In\u00edcio"}},{"@type":"ListItem","@id":"https:\/\/www.encontrabelohorizonte.com.br\/sobre\/srs\/#listItem","position":3,"name":"SRS","previousItem":{"@type":"ListItem","@id":"https:\/\/www.encontrabelohorizonte.com.br\/sobre\/noticias\/#listItem","name":"Not\u00edcias Belo Horizonte"}}]},{"@type":"Organization","@id":"https:\/\/www.encontrabelohorizonte.com.br\/sobre\/#organization","name":"Encontra Belo Horizonte","description":"Not\u00edcias, eventos, informa\u00e7\u00f5es e dicas da cidade de Belo Horizonte e regi\u00e3o","url":"https:\/\/www.encontrabelohorizonte.com.br\/sobre\/"},{"@type":"Person","@id":"https:\/\/www.encontrabelohorizonte.com.br\/sobre\/author\/ebelohorizonte\/#author","url":"https:\/\/www.encontrabelohorizonte.com.br\/sobre\/author\/ebelohorizonte\/","name":"Encontra Belo Horizonte","image":{"@type":"ImageObject","@id":"https:\/\/www.encontrabelohorizonte.com.br\/sobre\/srs\/#authorImage","url":"https:\/\/secure.gravatar.com\/avatar\/507340682b8270222e1f208e23198b6ae7e2c6a1033ae84e99bc6bce4f82a387?s=96&d=mm&r=g","width":96,"height":96,"caption":"Encontra Belo Horizonte"}},{"@type":"WebPage","@id":"https:\/\/www.encontrabelohorizonte.com.br\/sobre\/srs\/#webpage","url":"https:\/\/www.encontrabelohorizonte.com.br\/sobre\/srs\/","name":"SRS | Encontra Belo Horizonte","description":"SRS-BH celebra 50 anos de avan\u00e7os significativos na sa\u00fade p\u00fablica.","inLanguage":"pt-BR","isPartOf":{"@id":"https:\/\/www.encontrabelohorizonte.com.br\/sobre\/#website"},"breadcrumb":{"@id":"https:\/\/www.encontrabelohorizonte.com.br\/sobre\/srs\/#breadcrumblist"},"author":{"@id":"https:\/\/www.encontrabelohorizonte.com.br\/sobre\/author\/ebelohorizonte\/#author"},"creator":{"@id":"https:\/\/www.encontrabelohorizonte.com.br\/sobre\/author\/ebelohorizonte\/#author"},"image":{"@type":"ImageObject","url":"https:\/\/www.encontrabelohorizonte.com.br\/sobre\/wp-content\/uploads\/srs.webp","@id":"https:\/\/www.encontrabelohorizonte.com.br\/sobre\/srs\/#mainImage","width":320,"height":280,"caption":"SRS-BH"},"primaryImageOfPage":{"@id":"https:\/\/www.encontrabelohorizonte.com.br\/sobre\/srs\/#mainImage"},"datePublished":"2025-11-03T12:14:00-03:00","dateModified":"2025-11-03T12:14:00-03:00"},{"@type":"WebSite","@id":"https:\/\/www.encontrabelohorizonte.com.br\/sobre\/#website","url":"https:\/\/www.encontrabelohorizonte.com.br\/sobre\/","name":"Encontra Belo Horizonte","description":"Not\u00edcias, eventos, informa\u00e7\u00f5es e dicas da cidade de Belo Horizonte e regi\u00e3o","inLanguage":"pt-BR","publisher":{"@id":"https:\/\/www.encontrabelohorizonte.com.br\/sobre\/#organization"}}]},"og:locale":"pt_BR","og:site_name":"Encontra Belo Horizonte | Not\u00edcias, eventos, informa\u00e7\u00f5es e dicas da cidade de Belo Horizonte e regi\u00e3o","og:type":"article","og:title":"SRS | Encontra Belo Horizonte","og:description":"SRS-BH celebra 50 anos de avan\u00e7os significativos na sa\u00fade p\u00fablica.","og:url":"https:\/\/www.encontrabelohorizonte.com.br\/sobre\/srs\/","article:published_time":"2025-11-03T15:14:00+00:00","article:modified_time":"2025-11-03T15:14:00+00:00","twitter:card":"summary","twitter:title":"SRS | Encontra Belo Horizonte","twitter:description":"SRS-BH celebra 50 anos de avan\u00e7os significativos na sa\u00fade p\u00fablica."},"aioseo_meta_data":{"post_id":"3184","title":null,"description":null,"keywords":null,"keyphrases":null,"primary_term":null,"canonical_url":null,"og_title":null,"og_description":null,"og_object_type":"default","og_image_type":"default","og_image_url":null,"og_image_width":null,"og_image_height":null,"og_image_custom_url":null,"og_image_custom_fields":null,"og_video":null,"og_custom_url":null,"og_article_section":null,"og_article_tags":null,"twitter_use_og":false,"twitter_card":"default","twitter_image_type":"default","twitter_image_url":null,"twitter_image_custom_url":null,"twitter_image_custom_fields":null,"twitter_title":null,"twitter_description":null,"schema":{"blockGraphs":[],"customGraphs":[],"default":{"data":{"Article":[],"Course":[],"Dataset":[],"FAQPage":[],"Movie":[],"Person":[],"Product":[],"ProductReview":[],"Car":[],"Recipe":[],"Service":[],"SoftwareApplication":[],"WebPage":[]},"graphName":"Article","isEnabled":true},"graphs":[]},"schema_type":"default","schema_type_options":null,"pillar_content":false,"robots_default":true,"robots_noindex":false,"robots_noarchive":false,"robots_nosnippet":false,"robots_nofollow":false,"robots_noimageindex":false,"robots_noodp":false,"robots_notranslate":false,"robots_max_snippet":null,"robots_max_videopreview":null,"robots_max_imagepreview":"large","priority":null,"frequency":null,"local_seo":null,"breadcrumb_settings":null,"limit_modified_date":false,"ai":null,"created":"2025-11-04 12:03:29","updated":"2025-11-04 12:13:03","focus_keyword":null,"additional_keywords":null,"truseo_locale":null,"seo_analyzer_scan_date":null},"aioseo_breadcrumb":"<div class=\"aioseo-breadcrumbs\"><span class=\"aioseo-breadcrumb\">\n\t\t\t<a href=\"https:\/\/www.encontrabelohorizonte.com.br\/sobre\" title=\"In\u00edcio\">In\u00edcio<\/a>\n\t\t<\/span><span class=\"aioseo-breadcrumb-separator\">&raquo;<\/span><span class=\"aioseo-breadcrumb\">\n\t\t\t<a href=\"https:\/\/www.encontrabelohorizonte.com.br\/sobre\/noticias\/\" title=\"Not\u00edcias Belo Horizonte\">Not\u00edcias Belo Horizonte<\/a>\n\t\t<\/span><span class=\"aioseo-breadcrumb-separator\">&raquo;<\/span><span class=\"aioseo-breadcrumb\">\n\t\t\tSRS\n\t\t<\/span><\/div>","aioseo_breadcrumb_json":[{"label":"In\u00edcio","link":"https:\/\/www.encontrabelohorizonte.com.br\/sobre"},{"label":"Not\u00edcias Belo Horizonte","link":"https:\/\/www.encontrabelohorizonte.com.br\/sobre\/noticias\/"},{"label":"SRS","link":"https:\/\/www.encontrabelohorizonte.com.br\/sobre\/srs\/"}],"_links":{"self":[{"href":"https:\/\/www.encontrabelohorizonte.com.br\/sobre\/wp-json\/wp\/v2\/posts\/3184","targetHints":{"allow":["GET"]}}],"collection":[{"href":"https:\/\/www.encontrabelohorizonte.com.br\/sobre\/wp-json\/wp\/v2\/posts"}],"about":[{"href":"https:\/\/www.encontrabelohorizonte.com.br\/sobre\/wp-json\/wp\/v2\/types\/post"}],"author":[{"embeddable":true,"href":"https:\/\/www.encontrabelohorizonte.com.br\/sobre\/wp-json\/wp\/v2\/users\/1"}],"replies":[{"embeddable":true,"href":"https:\/\/www.encontrabelohorizonte.com.br\/sobre\/wp-json\/wp\/v2\/comments?post=3184"}],"version-history":[{"count":0,"href":"https:\/\/www.encontrabelohorizonte.com.br\/sobre\/wp-json\/wp\/v2\/posts\/3184\/revisions"}],"wp:featuredmedia":[{"embeddable":true,"href":"https:\/\/www.encontrabelohorizonte.com.br\/sobre\/wp-json\/wp\/v2\/media\/3183"}],"wp:attachment":[{"href":"https:\/\/www.encontrabelohorizonte.com.br\/sobre\/wp-json\/wp\/v2\/media?parent=3184"}],"wp:term":[{"taxonomy":"category","embeddable":true,"href":"https:\/\/www.encontrabelohorizonte.com.br\/sobre\/wp-json\/wp\/v2\/categories?post=3184"},{"taxonomy":"post_tag","embeddable":true,"href":"https:\/\/www.encontrabelohorizonte.com.br\/sobre\/wp-json\/wp\/v2\/tags?post=3184"}],"curies":[{"name":"wp","href":"https:\/\/api.w.org\/{rel}","templated":true}]}}