{"id":3196,"date":"2025-11-05T06:37:00","date_gmt":"2025-11-05T09:37:00","guid":{"rendered":"https:\/\/www.encontrabelohorizonte.com.br\/sobre\/fardas-da-pm-sao-apreendidas-com-integrantes-do-cv-em-bh\/"},"modified":"2025-11-05T06:37:00","modified_gmt":"2025-11-05T09:37:00","slug":"fardas-da-pm-sao-apreendidas-com-integrantes-do-cv-em-bh","status":"publish","type":"post","link":"https:\/\/www.encontrabelohorizonte.com.br\/sobre\/fardas-da-pm-sao-apreendidas-com-integrantes-do-cv-em-bh\/","title":{"rendered":"Fardas da PM s\u00e3o apreendidas com integrantes do CV em BH"},"content":{"rendered":"<div class=\"2e083cf0b19e2c11948dc6ac054ba979\" data-index=\"1\" style=\"float: none; margin:0px;\">\n<!-- Anuncio display - global -->\r\n<ins class=\"adsbygoogle\"\r\n     style=\"display:block\"\r\n     data-ad-client=\"ca-pub-8585364105181520\"\r\n     data-ad-slot=\"8789329856\"\r\n     data-ad-format=\"auto\"\r\n     data-full-width-responsive=\"true\"><\/ins>\r\n<script>\r\n     (adsbygoogle = window.adsbygoogle || []).push({});\r\n<\/script>\n<\/div>\n<h2>Opera\u00e7\u00e3o Policial em Belo Horizonte<\/h2>\n<p>Recentemente, uma opera\u00e7\u00e3o policial em <strong>Belo Horizonte<\/strong> trouxe \u00e0 tona um assunto preocupante: a apreens\u00e3o de fardas da PM. Esta a\u00e7\u00e3o policial foi um marco na luta contra o crime organizado na capital mineira. A opera\u00e7\u00e3o visou desmantelar redes criminosas atuantes na cidade, que utilizavam uniformes da pol\u00edcia para facilitar suas atividades il\u00edcitas.<\/p>\n<h2>O Que Motivou a Pris\u00e3o<\/h2>\n<p>As pris\u00f5es realizadas durante a opera\u00e7\u00e3o foram motivadas por relatos de que suspeitos estavam se passando por policiais. Com o uso de fardas aut\u00eanticas, esses indiv\u00edduos se infiltravam em diversos ambientes, aumentando a sensa\u00e7\u00e3o de inseguran\u00e7a entre a popula\u00e7\u00e3o. A pol\u00edcia, portanto, decidiu que era urgente investigar a origem dessas fardas e desmantelar a estrutura criminosa que as utilizava.<\/p>\n<h2>Conex\u00e3o entre Fac\u00e7\u00f5es Criminosas<\/h2>\n<p>A apreens\u00e3o de fardas da PM n\u00e3o \u00e9 um evento isolado. Estudos e investiga\u00e7\u00f5es apontam para uma <strong>conex\u00e3o estreita<\/strong> entre diferentes fac\u00e7\u00f5es criminosas em Minas Gerais. As fardas s\u00e3o vistas como um s\u00edmbolo de poder e autoridade que muitos criminosos tentam emular. O uso desse uniforme ajudava na execu\u00e7\u00e3o de diversas atividades il\u00edcitas, como extors\u00f5es e tr\u00e1fico de drogas, criando uma falsa impress\u00e3o de legitimidade.<\/p>\n<h2>Aposentadoria dos Uniformes<\/h2>\n<p>Outro aspecto importante a ser considerado \u00e9 a <strong>aposentadoria dos uniformes<\/strong>. A PMMG possui uma pol\u00edtica rigorosa quanto \u00e0 gest\u00e3o e descarte de fardas. Infelizmente, em muitos casos, as fardas que deveriam ser descartadas acabam sendo desviadas e entram no mercado negro, alimentando a criminalidade. Essa pr\u00e1tica destaca a necessidade de uma log\u00edstica mais segura no manejo desses materiais.<\/p>\n<h2>Estrat\u00e9gias de Ataque com Fardas<\/h2>\n<p>As fac\u00e7\u00f5es costumam elaborar <strong>estrat\u00e9gias sofisticadas<\/strong> para aplicar crimes utilizando fardas. Isso acontece, por exemplo, em a\u00e7\u00f5es de assaltos a ve\u00edculos e sequestros, onde os criminosos vestem uniformes oficiais para coagir v\u00edtimas e facilitar a fuga. Essas t\u00e1ticas s\u00e3o prudentes, pois confundem n\u00e3o s\u00f3 v\u00edtimas, mas tamb\u00e9m a pr\u00f3pria popula\u00e7\u00e3o e outros policiais em situa\u00e7\u00f5es de confronto.<\/p>\n<h2>O Papel da PMMG na Seguran\u00e7a<\/h2>\n<p>A Pol\u00edcia Militar de Minas Gerais (PMMG) tem um papel crucial na seguran\u00e7a p\u00fablica do estado. A institui\u00e7\u00e3o percorre um caminho dif\u00edcil para estabelecer e manter a confian\u00e7a da popula\u00e7\u00e3o. No entanto, quando fardas s\u00e3o apreendidas em situa\u00e7\u00f5es criminosas, a integridade da PM \u00e9 testada, e a confian\u00e7a p\u00fablica se abala. A PMMG responde com a\u00e7\u00f5es refor\u00e7adas em investiga\u00e7\u00f5es internas, sempre buscando identificar falhas em seu sistema e corrigir tais problemas.<\/p>\n<h2>Impacto na Comunidade Local<\/h2>\n<p>As apreens\u00f5es de fardas t\u00eam um impacto significativo nas comunidades locais. Quando a pol\u00edcia n\u00e3o consegue manter o controle sobre a autenticidade de seus uniformes, a percep\u00e7\u00e3o de seguran\u00e7a diminui, levando a um aumento da criminalidade. A aus\u00eancia de confian\u00e7a nas for\u00e7as de seguran\u00e7a pode fazer com que cidad\u00e3os hesitem em relatar crimes ou colaborar em investiga\u00e7\u00f5es, criando um ciclo vicioso de inseguran\u00e7a.<\/p>\n<h2>Rea\u00e7\u00f5es e Medidas de Seguran\u00e7a<\/h2>\n<p>Ap\u00f3s as apreens\u00f5es, houve m\u00faltiplas rea\u00e7\u00f5es por parte da sociedade e da gest\u00e3o p\u00fablica. A popula\u00e7\u00e3o manifestou preocupa\u00e7\u00e3o sobre a seguran\u00e7a e a efic\u00e1cia da PMMG. Medidas foram propostas, tais como a revis\u00e3o de procedimentos de controle de uniformes e a implementa\u00e7\u00e3o de tecnologia de rastreamento para evitar o desvio de fardas. Al\u00e9m disso, campanhas de conscientiza\u00e7\u00e3o sobre a import\u00e2ncia de relatar atividade suspeita foram refor\u00e7adas.<\/p>\n<h2>Estat\u00edsticas de Crimes Organizados<\/h2>\n<p>O panorama da criminalidade em Minas Gerais \u00e9 alarmante. Estat\u00edsticas mostram um <strong>crescimento significativo<\/strong> de crimes organizados nos \u00faltimos anos. O uso de fardas da PM em opera\u00e7\u00f5es criminosas agrava essa situa\u00e7\u00e3o. De acordo com dados recentes, crimes como abordagens armadas e extors\u00f5es por falsos policiais aumentaram de forma alarmante. Isso evidencia a import\u00e2ncia de medidas proativas para combater o problema.<\/p>\n<h2>Futuro da Seguran\u00e7a P\u00fablica em Minas Gerais<\/h2>\n<p>O futuro da seguran\u00e7a p\u00fablica em Minas Gerais depende de a\u00e7\u00f5es eficazes para restaurar a confian\u00e7a da popula\u00e7\u00e3o nas autoridades. A apreens\u00e3o de fardas da PM \u00e9 um sinal de que mudan\u00e7as s\u00e3o necess\u00e1rias. Iniciativas que incluam a reforma estrat\u00e9gica da PMMG, treinamento contra infiltra\u00e7\u00f5es e melhor controle sobre os materiais utilizados pelos policiais s\u00e3o essenciais para melhorar o cen\u00e1rio. H\u00e1 muito a ser feito, e as institui\u00e7\u00f5es devem trabalhar juntas para garantir que a seguran\u00e7a p\u00fablica volte a ser uma prioridade.<\/p>\n\n<div style=\"font-size: 0px; height: 0px; line-height: 0px; margin: 0; padding: 0; clear: both;\"><\/div>","protected":false},"excerpt":{"rendered":"<p>Fardas da PM foram apreendidas em opera\u00e7\u00e3o que exp\u00f4s planos de ataque.<\/p>\n","protected":false},"author":1,"featured_media":3195,"comment_status":"closed","ping_status":"closed","sticky":false,"template":"","format":"standard","meta":{"footnotes":""},"categories":[6],"tags":[],"class_list":["post-3196","post","type-post","status-publish","format-standard","has-post-thumbnail","hentry","category-noticias","has_thumb"],"aioseo_notices":[],"aioseo_head":"\n\t\t<!-- All in One SEO 5.0.0.1 - aioseo.com -->\n\t<meta name=\"description\" content=\"Fardas da PM foram apreendidas em opera\u00e7\u00e3o que exp\u00f4s planos de ataque.\" \/>\n\t<meta name=\"robots\" content=\"max-image-preview:large\" \/>\n\t<meta name=\"author\" content=\"Encontra Belo Horizonte\"\/>\n\t<link rel=\"canonical\" href=\"https:\/\/www.encontrabelohorizonte.com.br\/sobre\/fardas-da-pm-sao-apreendidas-com-integrantes-do-cv-em-bh\/\" \/>\n\t<meta name=\"generator\" content=\"All in One SEO (AIOSEO) 5.0.0.1\" \/>\n\t\t<meta property=\"og:locale\" content=\"pt_BR\" \/>\n\t\t<meta property=\"og:site_name\" content=\"Encontra Belo Horizonte | Not\u00edcias, eventos, informa\u00e7\u00f5es e dicas da cidade de Belo Horizonte e regi\u00e3o\" \/>\n\t\t<meta property=\"og:type\" content=\"article\" \/>\n\t\t<meta property=\"og:title\" content=\"Fardas da PM s\u00e3o apreendidas com integrantes do CV em BH | Encontra Belo Horizonte\" \/>\n\t\t<meta property=\"og:description\" content=\"Fardas da PM foram apreendidas em opera\u00e7\u00e3o que exp\u00f4s planos de ataque.\" \/>\n\t\t<meta property=\"og:url\" content=\"https:\/\/www.encontrabelohorizonte.com.br\/sobre\/fardas-da-pm-sao-apreendidas-com-integrantes-do-cv-em-bh\/\" \/>\n\t\t<meta property=\"article:published_time\" content=\"2025-11-05T09:37:00+00:00\" \/>\n\t\t<meta property=\"article:modified_time\" content=\"2025-11-05T09:37:00+00:00\" \/>\n\t\t<meta name=\"twitter:card\" content=\"summary\" \/>\n\t\t<meta name=\"twitter:title\" content=\"Fardas da PM s\u00e3o apreendidas com integrantes do CV em BH | Encontra Belo Horizonte\" \/>\n\t\t<meta name=\"twitter:description\" content=\"Fardas da PM foram apreendidas em opera\u00e7\u00e3o que exp\u00f4s planos de ataque.\" \/>\n\t\t<script type=\"application\/ld+json\" class=\"aioseo-schema\">\n\t\t\t{\"@context\":\"https:\\\/\\\/schema.org\",\"@graph\":[{\"@type\":\"Article\",\"@id\":\"https:\\\/\\\/www.encontrabelohorizonte.com.br\\\/sobre\\\/fardas-da-pm-sao-apreendidas-com-integrantes-do-cv-em-bh\\\/#article\",\"name\":\"Fardas da PM s\\u00e3o apreendidas com integrantes do CV em BH | Encontra Belo Horizonte\",\"headline\":\"Fardas da PM s\\u00e3o apreendidas com integrantes do CV em BH\",\"author\":{\"@id\":\"https:\\\/\\\/www.encontrabelohorizonte.com.br\\\/sobre\\\/author\\\/ebelohorizonte\\\/#author\"},\"publisher\":{\"@id\":\"https:\\\/\\\/www.encontrabelohorizonte.com.br\\\/sobre\\\/#organization\"},\"image\":{\"@type\":\"ImageObject\",\"url\":\"https:\\\/\\\/www.encontrabelohorizonte.com.br\\\/sobre\\\/wp-content\\\/uploads\\\/fardas-da-pm-sao-apreendidas-com-integrantes-do-cv-em-bh.webp\",\"width\":320,\"height\":280,\"caption\":\"Fardas da PM\"},\"datePublished\":\"2025-11-05T06:37:00-03:00\",\"dateModified\":\"2025-11-05T06:37:00-03:00\",\"inLanguage\":\"pt-BR\",\"mainEntityOfPage\":{\"@id\":\"https:\\\/\\\/www.encontrabelohorizonte.com.br\\\/sobre\\\/fardas-da-pm-sao-apreendidas-com-integrantes-do-cv-em-bh\\\/#webpage\"},\"isPartOf\":{\"@id\":\"https:\\\/\\\/www.encontrabelohorizonte.com.br\\\/sobre\\\/fardas-da-pm-sao-apreendidas-com-integrantes-do-cv-em-bh\\\/#webpage\"},\"articleSection\":\"Not\\u00edcias Belo Horizonte\"},{\"@type\":\"BreadcrumbList\",\"@id\":\"https:\\\/\\\/www.encontrabelohorizonte.com.br\\\/sobre\\\/fardas-da-pm-sao-apreendidas-com-integrantes-do-cv-em-bh\\\/#breadcrumblist\",\"itemListElement\":[{\"@type\":\"ListItem\",\"@id\":\"https:\\\/\\\/www.encontrabelohorizonte.com.br\\\/sobre#listItem\",\"position\":1,\"name\":\"In\\u00edcio\",\"item\":\"https:\\\/\\\/www.encontrabelohorizonte.com.br\\\/sobre\",\"nextItem\":{\"@type\":\"ListItem\",\"@id\":\"https:\\\/\\\/www.encontrabelohorizonte.com.br\\\/sobre\\\/noticias\\\/#listItem\",\"name\":\"Not\\u00edcias Belo Horizonte\"}},{\"@type\":\"ListItem\",\"@id\":\"https:\\\/\\\/www.encontrabelohorizonte.com.br\\\/sobre\\\/noticias\\\/#listItem\",\"position\":2,\"name\":\"Not\\u00edcias Belo Horizonte\",\"item\":\"https:\\\/\\\/www.encontrabelohorizonte.com.br\\\/sobre\\\/noticias\\\/\",\"nextItem\":{\"@type\":\"ListItem\",\"@id\":\"https:\\\/\\\/www.encontrabelohorizonte.com.br\\\/sobre\\\/fardas-da-pm-sao-apreendidas-com-integrantes-do-cv-em-bh\\\/#listItem\",\"name\":\"Fardas da PM s\\u00e3o apreendidas com integrantes do CV em BH\"},\"previousItem\":{\"@type\":\"ListItem\",\"@id\":\"https:\\\/\\\/www.encontrabelohorizonte.com.br\\\/sobre#listItem\",\"name\":\"In\\u00edcio\"}},{\"@type\":\"ListItem\",\"@id\":\"https:\\\/\\\/www.encontrabelohorizonte.com.br\\\/sobre\\\/fardas-da-pm-sao-apreendidas-com-integrantes-do-cv-em-bh\\\/#listItem\",\"position\":3,\"name\":\"Fardas da PM s\\u00e3o apreendidas com integrantes do CV em BH\",\"previousItem\":{\"@type\":\"ListItem\",\"@id\":\"https:\\\/\\\/www.encontrabelohorizonte.com.br\\\/sobre\\\/noticias\\\/#listItem\",\"name\":\"Not\\u00edcias Belo Horizonte\"}}]},{\"@type\":\"Organization\",\"@id\":\"https:\\\/\\\/www.encontrabelohorizonte.com.br\\\/sobre\\\/#organization\",\"name\":\"Encontra Belo Horizonte\",\"description\":\"Not\\u00edcias, eventos, informa\\u00e7\\u00f5es e dicas da cidade de Belo Horizonte e regi\\u00e3o\",\"url\":\"https:\\\/\\\/www.encontrabelohorizonte.com.br\\\/sobre\\\/\"},{\"@type\":\"Person\",\"@id\":\"https:\\\/\\\/www.encontrabelohorizonte.com.br\\\/sobre\\\/author\\\/ebelohorizonte\\\/#author\",\"url\":\"https:\\\/\\\/www.encontrabelohorizonte.com.br\\\/sobre\\\/author\\\/ebelohorizonte\\\/\",\"name\":\"Encontra Belo Horizonte\",\"image\":{\"@type\":\"ImageObject\",\"@id\":\"https:\\\/\\\/www.encontrabelohorizonte.com.br\\\/sobre\\\/fardas-da-pm-sao-apreendidas-com-integrantes-do-cv-em-bh\\\/#authorImage\",\"url\":\"https:\\\/\\\/secure.gravatar.com\\\/avatar\\\/507340682b8270222e1f208e23198b6ae7e2c6a1033ae84e99bc6bce4f82a387?s=96&d=mm&r=g\",\"width\":96,\"height\":96,\"caption\":\"Encontra Belo Horizonte\"}},{\"@type\":\"WebPage\",\"@id\":\"https:\\\/\\\/www.encontrabelohorizonte.com.br\\\/sobre\\\/fardas-da-pm-sao-apreendidas-com-integrantes-do-cv-em-bh\\\/#webpage\",\"url\":\"https:\\\/\\\/www.encontrabelohorizonte.com.br\\\/sobre\\\/fardas-da-pm-sao-apreendidas-com-integrantes-do-cv-em-bh\\\/\",\"name\":\"Fardas da PM s\\u00e3o apreendidas com integrantes do CV em BH | Encontra Belo Horizonte\",\"description\":\"Fardas da PM foram apreendidas em opera\\u00e7\\u00e3o que exp\\u00f4s planos de ataque.\",\"inLanguage\":\"pt-BR\",\"isPartOf\":{\"@id\":\"https:\\\/\\\/www.encontrabelohorizonte.com.br\\\/sobre\\\/#website\"},\"breadcrumb\":{\"@id\":\"https:\\\/\\\/www.encontrabelohorizonte.com.br\\\/sobre\\\/fardas-da-pm-sao-apreendidas-com-integrantes-do-cv-em-bh\\\/#breadcrumblist\"},\"author\":{\"@id\":\"https:\\\/\\\/www.encontrabelohorizonte.com.br\\\/sobre\\\/author\\\/ebelohorizonte\\\/#author\"},\"creator\":{\"@id\":\"https:\\\/\\\/www.encontrabelohorizonte.com.br\\\/sobre\\\/author\\\/ebelohorizonte\\\/#author\"},\"image\":{\"@type\":\"ImageObject\",\"url\":\"https:\\\/\\\/www.encontrabelohorizonte.com.br\\\/sobre\\\/wp-content\\\/uploads\\\/fardas-da-pm-sao-apreendidas-com-integrantes-do-cv-em-bh.webp\",\"@id\":\"https:\\\/\\\/www.encontrabelohorizonte.com.br\\\/sobre\\\/fardas-da-pm-sao-apreendidas-com-integrantes-do-cv-em-bh\\\/#mainImage\",\"width\":320,\"height\":280,\"caption\":\"Fardas da PM\"},\"primaryImageOfPage\":{\"@id\":\"https:\\\/\\\/www.encontrabelohorizonte.com.br\\\/sobre\\\/fardas-da-pm-sao-apreendidas-com-integrantes-do-cv-em-bh\\\/#mainImage\"},\"datePublished\":\"2025-11-05T06:37:00-03:00\",\"dateModified\":\"2025-11-05T06:37:00-03:00\"},{\"@type\":\"WebSite\",\"@id\":\"https:\\\/\\\/www.encontrabelohorizonte.com.br\\\/sobre\\\/#website\",\"url\":\"https:\\\/\\\/www.encontrabelohorizonte.com.br\\\/sobre\\\/\",\"name\":\"Encontra Belo Horizonte\",\"description\":\"Not\\u00edcias, eventos, informa\\u00e7\\u00f5es e dicas da cidade de Belo Horizonte e regi\\u00e3o\",\"inLanguage\":\"pt-BR\",\"publisher\":{\"@id\":\"https:\\\/\\\/www.encontrabelohorizonte.com.br\\\/sobre\\\/#organization\"}}]}\n\t\t<\/script>\n\t\t<!-- All in One SEO -->\n\n","aioseo_head_json":{"title":"Fardas da PM s\u00e3o apreendidas com integrantes do CV em BH | Encontra Belo Horizonte","description":"Fardas da PM foram apreendidas em opera\u00e7\u00e3o que exp\u00f4s planos de ataque.","canonical_url":"https:\/\/www.encontrabelohorizonte.com.br\/sobre\/fardas-da-pm-sao-apreendidas-com-integrantes-do-cv-em-bh\/","robots":"max-image-preview:large","keywords":"","webmasterTools":{"miscellaneous":""},"schema":{"@context":"https:\/\/schema.org","@graph":[{"@type":"Article","@id":"https:\/\/www.encontrabelohorizonte.com.br\/sobre\/fardas-da-pm-sao-apreendidas-com-integrantes-do-cv-em-bh\/#article","name":"Fardas da PM s\u00e3o apreendidas com integrantes do CV em BH | Encontra Belo Horizonte","headline":"Fardas da PM s\u00e3o apreendidas com integrantes do CV em BH","author":{"@id":"https:\/\/www.encontrabelohorizonte.com.br\/sobre\/author\/ebelohorizonte\/#author"},"publisher":{"@id":"https:\/\/www.encontrabelohorizonte.com.br\/sobre\/#organization"},"image":{"@type":"ImageObject","url":"https:\/\/www.encontrabelohorizonte.com.br\/sobre\/wp-content\/uploads\/fardas-da-pm-sao-apreendidas-com-integrantes-do-cv-em-bh.webp","width":320,"height":280,"caption":"Fardas da PM"},"datePublished":"2025-11-05T06:37:00-03:00","dateModified":"2025-11-05T06:37:00-03:00","inLanguage":"pt-BR","mainEntityOfPage":{"@id":"https:\/\/www.encontrabelohorizonte.com.br\/sobre\/fardas-da-pm-sao-apreendidas-com-integrantes-do-cv-em-bh\/#webpage"},"isPartOf":{"@id":"https:\/\/www.encontrabelohorizonte.com.br\/sobre\/fardas-da-pm-sao-apreendidas-com-integrantes-do-cv-em-bh\/#webpage"},"articleSection":"Not\u00edcias Belo Horizonte"},{"@type":"BreadcrumbList","@id":"https:\/\/www.encontrabelohorizonte.com.br\/sobre\/fardas-da-pm-sao-apreendidas-com-integrantes-do-cv-em-bh\/#breadcrumblist","itemListElement":[{"@type":"ListItem","@id":"https:\/\/www.encontrabelohorizonte.com.br\/sobre#listItem","position":1,"name":"In\u00edcio","item":"https:\/\/www.encontrabelohorizonte.com.br\/sobre","nextItem":{"@type":"ListItem","@id":"https:\/\/www.encontrabelohorizonte.com.br\/sobre\/noticias\/#listItem","name":"Not\u00edcias Belo Horizonte"}},{"@type":"ListItem","@id":"https:\/\/www.encontrabelohorizonte.com.br\/sobre\/noticias\/#listItem","position":2,"name":"Not\u00edcias Belo Horizonte","item":"https:\/\/www.encontrabelohorizonte.com.br\/sobre\/noticias\/","nextItem":{"@type":"ListItem","@id":"https:\/\/www.encontrabelohorizonte.com.br\/sobre\/fardas-da-pm-sao-apreendidas-com-integrantes-do-cv-em-bh\/#listItem","name":"Fardas da PM s\u00e3o apreendidas com integrantes do CV em BH"},"previousItem":{"@type":"ListItem","@id":"https:\/\/www.encontrabelohorizonte.com.br\/sobre#listItem","name":"In\u00edcio"}},{"@type":"ListItem","@id":"https:\/\/www.encontrabelohorizonte.com.br\/sobre\/fardas-da-pm-sao-apreendidas-com-integrantes-do-cv-em-bh\/#listItem","position":3,"name":"Fardas da PM s\u00e3o apreendidas com integrantes do CV em BH","previousItem":{"@type":"ListItem","@id":"https:\/\/www.encontrabelohorizonte.com.br\/sobre\/noticias\/#listItem","name":"Not\u00edcias Belo Horizonte"}}]},{"@type":"Organization","@id":"https:\/\/www.encontrabelohorizonte.com.br\/sobre\/#organization","name":"Encontra Belo Horizonte","description":"Not\u00edcias, eventos, informa\u00e7\u00f5es e dicas da cidade de Belo Horizonte e regi\u00e3o","url":"https:\/\/www.encontrabelohorizonte.com.br\/sobre\/"},{"@type":"Person","@id":"https:\/\/www.encontrabelohorizonte.com.br\/sobre\/author\/ebelohorizonte\/#author","url":"https:\/\/www.encontrabelohorizonte.com.br\/sobre\/author\/ebelohorizonte\/","name":"Encontra Belo Horizonte","image":{"@type":"ImageObject","@id":"https:\/\/www.encontrabelohorizonte.com.br\/sobre\/fardas-da-pm-sao-apreendidas-com-integrantes-do-cv-em-bh\/#authorImage","url":"https:\/\/secure.gravatar.com\/avatar\/507340682b8270222e1f208e23198b6ae7e2c6a1033ae84e99bc6bce4f82a387?s=96&d=mm&r=g","width":96,"height":96,"caption":"Encontra Belo Horizonte"}},{"@type":"WebPage","@id":"https:\/\/www.encontrabelohorizonte.com.br\/sobre\/fardas-da-pm-sao-apreendidas-com-integrantes-do-cv-em-bh\/#webpage","url":"https:\/\/www.encontrabelohorizonte.com.br\/sobre\/fardas-da-pm-sao-apreendidas-com-integrantes-do-cv-em-bh\/","name":"Fardas da PM s\u00e3o apreendidas com integrantes do CV em BH | Encontra Belo Horizonte","description":"Fardas da PM foram apreendidas em opera\u00e7\u00e3o que exp\u00f4s planos de ataque.","inLanguage":"pt-BR","isPartOf":{"@id":"https:\/\/www.encontrabelohorizonte.com.br\/sobre\/#website"},"breadcrumb":{"@id":"https:\/\/www.encontrabelohorizonte.com.br\/sobre\/fardas-da-pm-sao-apreendidas-com-integrantes-do-cv-em-bh\/#breadcrumblist"},"author":{"@id":"https:\/\/www.encontrabelohorizonte.com.br\/sobre\/author\/ebelohorizonte\/#author"},"creator":{"@id":"https:\/\/www.encontrabelohorizonte.com.br\/sobre\/author\/ebelohorizonte\/#author"},"image":{"@type":"ImageObject","url":"https:\/\/www.encontrabelohorizonte.com.br\/sobre\/wp-content\/uploads\/fardas-da-pm-sao-apreendidas-com-integrantes-do-cv-em-bh.webp","@id":"https:\/\/www.encontrabelohorizonte.com.br\/sobre\/fardas-da-pm-sao-apreendidas-com-integrantes-do-cv-em-bh\/#mainImage","width":320,"height":280,"caption":"Fardas da PM"},"primaryImageOfPage":{"@id":"https:\/\/www.encontrabelohorizonte.com.br\/sobre\/fardas-da-pm-sao-apreendidas-com-integrantes-do-cv-em-bh\/#mainImage"},"datePublished":"2025-11-05T06:37:00-03:00","dateModified":"2025-11-05T06:37:00-03:00"},{"@type":"WebSite","@id":"https:\/\/www.encontrabelohorizonte.com.br\/sobre\/#website","url":"https:\/\/www.encontrabelohorizonte.com.br\/sobre\/","name":"Encontra Belo Horizonte","description":"Not\u00edcias, eventos, informa\u00e7\u00f5es e dicas da cidade de Belo Horizonte e regi\u00e3o","inLanguage":"pt-BR","publisher":{"@id":"https:\/\/www.encontrabelohorizonte.com.br\/sobre\/#organization"}}]},"og:locale":"pt_BR","og:site_name":"Encontra Belo Horizonte | Not\u00edcias, eventos, informa\u00e7\u00f5es e dicas da cidade de Belo Horizonte e regi\u00e3o","og:type":"article","og:title":"Fardas da PM s\u00e3o apreendidas com integrantes do CV em BH | Encontra Belo Horizonte","og:description":"Fardas da PM foram apreendidas em opera\u00e7\u00e3o que exp\u00f4s planos de ataque.","og:url":"https:\/\/www.encontrabelohorizonte.com.br\/sobre\/fardas-da-pm-sao-apreendidas-com-integrantes-do-cv-em-bh\/","article:published_time":"2025-11-05T09:37:00+00:00","article:modified_time":"2025-11-05T09:37:00+00:00","twitter:card":"summary","twitter:title":"Fardas da PM s\u00e3o apreendidas com integrantes do CV em BH | Encontra Belo Horizonte","twitter:description":"Fardas da PM foram apreendidas em opera\u00e7\u00e3o que exp\u00f4s planos de ataque."},"aioseo_meta_data":{"post_id":"3196","title":null,"description":null,"keywords":null,"keyphrases":null,"primary_term":null,"canonical_url":null,"og_title":null,"og_description":null,"og_object_type":"default","og_image_type":"default","og_image_url":null,"og_image_width":null,"og_image_height":null,"og_image_custom_url":null,"og_image_custom_fields":null,"og_video":null,"og_custom_url":null,"og_article_section":null,"og_article_tags":null,"twitter_use_og":false,"twitter_card":"default","twitter_image_type":"default","twitter_image_url":null,"twitter_image_custom_url":null,"twitter_image_custom_fields":null,"twitter_title":null,"twitter_description":null,"schema":{"blockGraphs":[],"customGraphs":[],"default":{"data":{"Article":[],"Course":[],"Dataset":[],"FAQPage":[],"Movie":[],"Person":[],"Product":[],"ProductReview":[],"Car":[],"Recipe":[],"Service":[],"SoftwareApplication":[],"WebPage":[]},"graphName":"Article","isEnabled":true},"graphs":[]},"schema_type":"default","schema_type_options":null,"pillar_content":false,"robots_default":true,"robots_noindex":false,"robots_noarchive":false,"robots_nosnippet":false,"robots_nofollow":false,"robots_noimageindex":false,"robots_noodp":false,"robots_notranslate":false,"robots_max_snippet":null,"robots_max_videopreview":null,"robots_max_imagepreview":"large","priority":null,"frequency":null,"local_seo":null,"breadcrumb_settings":null,"limit_modified_date":false,"ai":null,"created":"2025-11-06 12:17:44","updated":"2025-11-06 12:31:59","focus_keyword":null,"additional_keywords":null,"truseo_locale":null,"seo_analyzer_scan_date":null},"aioseo_breadcrumb":"<div class=\"aioseo-breadcrumbs\"><span class=\"aioseo-breadcrumb\">\n\t\t\t<a href=\"https:\/\/www.encontrabelohorizonte.com.br\/sobre\" title=\"In\u00edcio\">In\u00edcio<\/a>\n\t\t<\/span><span class=\"aioseo-breadcrumb-separator\">&raquo;<\/span><span class=\"aioseo-breadcrumb\">\n\t\t\t<a href=\"https:\/\/www.encontrabelohorizonte.com.br\/sobre\/noticias\/\" title=\"Not\u00edcias Belo Horizonte\">Not\u00edcias Belo Horizonte<\/a>\n\t\t<\/span><span class=\"aioseo-breadcrumb-separator\">&raquo;<\/span><span class=\"aioseo-breadcrumb\">\n\t\t\tFardas da PM s\u00e3o apreendidas com integrantes do CV em BH\n\t\t<\/span><\/div>","aioseo_breadcrumb_json":[{"label":"In\u00edcio","link":"https:\/\/www.encontrabelohorizonte.com.br\/sobre"},{"label":"Not\u00edcias Belo Horizonte","link":"https:\/\/www.encontrabelohorizonte.com.br\/sobre\/noticias\/"},{"label":"Fardas da PM s\u00e3o apreendidas com integrantes do CV em BH","link":"https:\/\/www.encontrabelohorizonte.com.br\/sobre\/fardas-da-pm-sao-apreendidas-com-integrantes-do-cv-em-bh\/"}],"_links":{"self":[{"href":"https:\/\/www.encontrabelohorizonte.com.br\/sobre\/wp-json\/wp\/v2\/posts\/3196","targetHints":{"allow":["GET"]}}],"collection":[{"href":"https:\/\/www.encontrabelohorizonte.com.br\/sobre\/wp-json\/wp\/v2\/posts"}],"about":[{"href":"https:\/\/www.encontrabelohorizonte.com.br\/sobre\/wp-json\/wp\/v2\/types\/post"}],"author":[{"embeddable":true,"href":"https:\/\/www.encontrabelohorizonte.com.br\/sobre\/wp-json\/wp\/v2\/users\/1"}],"replies":[{"embeddable":true,"href":"https:\/\/www.encontrabelohorizonte.com.br\/sobre\/wp-json\/wp\/v2\/comments?post=3196"}],"version-history":[{"count":0,"href":"https:\/\/www.encontrabelohorizonte.com.br\/sobre\/wp-json\/wp\/v2\/posts\/3196\/revisions"}],"wp:featuredmedia":[{"embeddable":true,"href":"https:\/\/www.encontrabelohorizonte.com.br\/sobre\/wp-json\/wp\/v2\/media\/3195"}],"wp:attachment":[{"href":"https:\/\/www.encontrabelohorizonte.com.br\/sobre\/wp-json\/wp\/v2\/media?parent=3196"}],"wp:term":[{"taxonomy":"category","embeddable":true,"href":"https:\/\/www.encontrabelohorizonte.com.br\/sobre\/wp-json\/wp\/v2\/categories?post=3196"},{"taxonomy":"post_tag","embeddable":true,"href":"https:\/\/www.encontrabelohorizonte.com.br\/sobre\/wp-json\/wp\/v2\/tags?post=3196"}],"curies":[{"name":"wp","href":"https:\/\/api.w.org\/{rel}","templated":true}]}}