{"id":3353,"date":"2025-12-11T06:06:00","date_gmt":"2025-12-11T09:06:00","guid":{"rendered":"https:\/\/www.encontrabelohorizonte.com.br\/sobre\/salao-das-artes-chega-ao-natal-da-mineiridade-em-belo-horizonte\/"},"modified":"2025-12-11T06:06:00","modified_gmt":"2025-12-11T09:06:00","slug":"salao-das-artes-chega-ao-natal-da-mineiridade-em-belo-horizonte","status":"publish","type":"post","link":"https:\/\/www.encontrabelohorizonte.com.br\/sobre\/salao-das-artes-chega-ao-natal-da-mineiridade-em-belo-horizonte\/","title":{"rendered":"Sal\u00e3o das Artes chega ao Natal da Mineiridade em Belo Horizonte"},"content":{"rendered":"<div class=\"2e083cf0b19e2c11948dc6ac054ba979\" data-index=\"1\" style=\"float: none; margin:0px;\">\n<!-- Anuncio display - global -->\r\n<ins class=\"adsbygoogle\"\r\n     style=\"display:block\"\r\n     data-ad-client=\"ca-pub-8585364105181520\"\r\n     data-ad-slot=\"8789329856\"\r\n     data-ad-format=\"auto\"\r\n     data-full-width-responsive=\"true\"><\/ins>\r\n<script>\r\n     (adsbygoogle = window.adsbygoogle || []).push({});\r\n<\/script>\n<\/div>\n<h2>O que esperar do Sal\u00e3o das Artes neste Natal<\/h2>\n<p>O Sal\u00e3o das Artes, que acontecer\u00e1 em Belo Horizonte, \u00e9 um evento que promete reunir uma diversidade incr\u00edvel de expositores e produtos que refletem a rica cultura artesanal de Minas Gerais. Neste Natal, o sal\u00e3o se tornar\u00e1 um espa\u00e7o vibrante que reunir\u00e1 mais de 120 expositores, os quais estar\u00e3o apresentando suas cria\u00e7\u00f5es entre os dias 11 e 14, e 18 e 21 de dezembro, sempre das 11h \u00e0s 20h. Este evento \u00e9 uma parte importante da programa\u00e7\u00e3o do Natal da Mineiridade, que busca celebrar e valorizar a produ\u00e7\u00e3o cultural do estado.<\/p>\n<p>Os visitantes podem esperar um ambiente rico em ofertas de moda, artes visuais, cer\u00e2micas, decora\u00e7\u00e3o e at\u00e9 del\u00edcias gastron\u00f4micas. O destaque fica por conta da intera\u00e7\u00e3o entre o p\u00fablico e os artes\u00e3os, criando um espa\u00e7o de aprendizado e troca de experi\u00eancias. Para quem deseja um Natal diferente, recheado de produtos feitos \u00e0 m\u00e3o que carregam a ess\u00eancia mineira, o Sal\u00e3o das Artes se apresenta como um evento imperd\u00edvel.<\/p>\n<p>A programa\u00e7\u00e3o incluir\u00e1 n\u00e3o apenas a exposi\u00e7\u00e3o de produtos, mas tamb\u00e9m encontros e oficinas que possibilitar\u00e3o que os visitantes conhe\u00e7am melhor as t\u00e9cnicas artesanais utilizadas pelos expositores. A ideia \u00e9 proporcionar uma experi\u00eancia imersiva, onde o p\u00fablico possa entender o valor cultural e econ\u00f4mico de cada pe\u00e7a exposta. Essa iniciativa busca valorizar o saber fazer dos artes\u00e3os e fomentar a economia criativa em Minas Gerais.<\/p>\n<p><img decoding=\"async\" src=\"https:\/\/www.encontrabelohorizonte.com.br\/sobre\/wp-content\/uploads\/salao-das-artes-chega-ao-natal-da-mineiridade-em-belo-horizonte.webp\" alt=\"Sal\u00e3o das Artes\" loading=\"lazy\" \/><\/p>\n<h2>Expositores e suas cria\u00e7\u00f5es no evento<\/h2>\n<p>O Sal\u00e3o das Artes \u00e9 um verdadeiro caldeir\u00e3o de criatividade, onde a diversidade das express\u00f5es art\u00edsticas de Minas Gerais se manifesta em v\u00e1rias formas. Entre os expositores, encontrar\u00e3o artes\u00e3os especializados em diferentes \u00e1reas, desde a fabrica\u00e7\u00e3o de cer\u00e2micas tradicionais do Vale do Jequitinhonha, at\u00e9 cria\u00e7\u00f5es contempor\u00e2neas que dialogam com as novas est\u00e9ticas da moda. Isso garante que cada visitante encontre algo de seu agrado.<\/p>\n<p>Dentre os expositores, a curadoria de Mary Arantes, uma refer\u00eancia nacional no segmento, \u00e9 um dos pontos altos do evento. Ela destaca a import\u00e2ncia dos produtos, que muitas vezes s\u00e3o vistos como \u201csimples artesanatos\u201d, mas que ganham uma nova interpreta\u00e7\u00e3o e sofistica\u00e7\u00e3o. Essa transforma\u00e7\u00e3o \u00e9 vis\u00edvel na qualidade do acabamento e na identifica\u00e7\u00e3o cultural que cada pe\u00e7a carrega.<\/p>\n<p>Os visitantes poder\u00e3o encontrar, por exemplo, acess\u00f3rios feitos de materiais reciclados que buscam dialogar com a sustentabilidade, roupas confeccionadas por estilistas locais, e ainda produtos aliment\u00edcios t\u00edpicos, como doces e caf\u00e9s, que valorizam a rica culin\u00e1ria mineira. Assim, al\u00e9m de adquirir pe\u00e7as \u00fanicas e com hist\u00f3rias, o p\u00fablico pode se sentir parte de um movimento que celebra a identidade cultural de Minas Gerais.<\/p>\n<h2>A integra\u00e7\u00e3o do Sal\u00e3o das Artes com a Vila Mineiridade<\/h2>\n<p>O Sal\u00e3o das Artes n\u00e3o est\u00e1 isolado; ele \u00e9 parte de um projeto maior que \u00e9 a Vila Mineiridade. Este novo espa\u00e7o, localizado na Pra\u00e7a Jos\u00e9 Mendes J\u00fanior, apresenta mais de 30 expositores e uma programa\u00e7\u00e3o que envolve principalmente o artesanato e a culin\u00e1ria t\u00edpica de Minas Gerais. O objetivo \u00e9 criar um ambiente acolhedor para que os visitantes possam n\u00e3o apenas comprar, mas vivenciar a cultura mineira.<\/p>\n<p>A integra\u00e7\u00e3o com a Vila Mineiridade \u00e9 muito vantajosa, pois os visitantes do Sal\u00e3o das Artes poder\u00e3o desfrutar de uma experi\u00eancia ainda mais rica ao interagir com a geral oferta cultural da Vila. Al\u00e9m da possibilidade de comprar produtos artesanais, eles poder\u00e3o participar de atividades natalinas que celebram as tradi\u00e7\u00f5es mineiras, tudo isso com uma ambienta\u00e7\u00e3o especial para o Natal. Isso faz com que a Vila Mineiridade se torne um destino completo para aqueles que buscam celebrar a festa de fim de ano com um toque regional.<\/p>\n<h2>Import\u00e2ncia do artesanato na cultura mineira<\/h2>\n<p>O artesanato \u00e9 uma das formas mais puras de express\u00e3o cultural e, em Minas Gerais, ele possui uma import\u00e2ncia ainda maior. Representa n\u00e3o apenas a habilidade t\u00e9cnica dos artes\u00e3os, mas tamb\u00e9m a hist\u00f3ria e as tradi\u00e7\u00f5es que foram passadas de gera\u00e7\u00e3o em gera\u00e7\u00e3o. As pe\u00e7as artesanais contam hist\u00f3rias sobre os modos de vida, as cren\u00e7as e os costumes de um povo.<\/p>\n<p>Ao longo da hist\u00f3ria, o artesanato mineiro foi influenciado por diversos fatores, incluindo a coloniza\u00e7\u00e3o portuguesa, a cultura ind\u00edgena e as tradi\u00e7\u00f5es africanas. Essa mistura de influ\u00eancias criaram um estilo \u00fanico e aut\u00eantico que \u00e9 facilmente reconhec\u00edvel. O Sal\u00e3o das Artes, portanto, atua como uma vitrine que n\u00e3o s\u00f3 mostra o que h\u00e1 de melhor na produ\u00e7\u00e3o artesanal de Minas, mas tamb\u00e9m educa o p\u00fablico sobre essa rica heran\u00e7a cultural.<\/p>\n<p>Al\u00e9m disso, o apoio ao artesanato \u00e9 vital para a economia local. Ele gera emprego, renda e sustento para milhares de fam\u00edlias e pequenos produtores. Assim, a valoriza\u00e7\u00e3o do artesanato contribui para a manuten\u00e7\u00e3o da cultura e da identidade de Minas Gerais, assegurando que as futuras gera\u00e7\u00f5es possam tamb\u00e9m desfrutar e aprender sobre suas ra\u00edzes.<\/p>\n<h2>O impacto econ\u00f4mico do evento para os artes\u00e3os<\/h2>\n<p>O Sal\u00e3o das Artes \u00e9 mais do que uma oportunidade para a exposi\u00e7\u00e3o; ele representa um impulso significativo para a economia dos artes\u00e3os e pequenos produtores. Ao oferecer um espa\u00e7o dedicado \u00e0 venda de seus produtos, o evento ajuda a criar uma rede de oportunidades de neg\u00f3cios, fortalecendo a economia criativa do estado. Os artes\u00e3os t\u00eam a chance de alcan\u00e7ar um p\u00fablico maior, oferecendo suas cria\u00e7\u00f5es diretamente aos consumidores e evitando intermedi\u00e1rios.<\/p>\n<p>Al\u00e9m disso, a participa\u00e7\u00e3o em eventos como o Sal\u00e3o das Artes permite que os artes\u00e3os ganhem visibilidade, um fator crucial para o crescimento dos seus neg\u00f3cios. O fortalecimento da rede de contatos com outros artistas, empreendedores e potenciais compradores pode resultar em parcerias duradouras e em novas oportunidades de mercado.<\/p>\n<p>O evento tamb\u00e9m contribui para a dissemina\u00e7\u00e3o do consumo consciente, uma vez que ao comprar diretamente de artes\u00e3os, os consumidores est\u00e3o favorecendo pr\u00e1ticas comerciais mais justas. Essa intera\u00e7\u00e3o direta entre artes\u00e3os e o p\u00fablico n\u00e3o s\u00f3 enriquece a experi\u00eancia do visitante, mas tamb\u00e9m garante o fair trade, um conceito que aponta para a import\u00e2ncia de compensar adequadamente os criadores e trabalhadores envolvidos no processo criativo.<\/p>\n<h2>Experi\u00eancia gastron\u00f4mica no Sal\u00e3o das Artes<\/h2>\n<p>Um dos grandes atrativos do Sal\u00e3o das Artes \u00e9 sua curadoria gastron\u00f4mica, que promete oferecer aos visitantes um sabor aut\u00eantico da culin\u00e1ria mineira. O renomado chef Marcelo Annak\u00e1 foi respons\u00e1vel pela sele\u00e7\u00e3o dos pratos que estar\u00e3o dispon\u00edveis, garantindo que a experi\u00eancia de visita\u00e7\u00e3o v\u00e1 al\u00e9m das artesanato e da produ\u00e7\u00e3o art\u00edstica.<\/p>\n<p>Os visitantes poder\u00e3o saborear del\u00edcias t\u00edpicas de Minas Gerais, como o famoso p\u00e3o de queijo, doces de leite, e pratos tradicionais da culin\u00e1ria local. Essa oferta gastron\u00f4mica n\u00e3o s\u00f3 refor\u00e7a a conex\u00e3o da cultura alimentar com o artesanato, mas tamb\u00e9m proporciona uma experi\u00eancia sensorial completa, onde os visitantes podem degustar enquanto exploram os produtos artesanais.<\/p>\n<p>Al\u00e9m disso, a gastronomia \u00e9 uma arte que reflete a identidade de Minas. Atrav\u00e9s dos sabores e aromas, \u00e9 poss\u00edvel aprender um pouco mais sobre as tradi\u00e7\u00f5es e peculiaridades que fazem parte da cultura mineira. Assim, ao consumir os pratos t\u00edpicos, os visitantes n\u00e3o est\u00e3o apenas saboreando, mas tamb\u00e9m participando de uma celebra\u00e7\u00e3o cultural profunda.<\/p>\n<h2>Localiza\u00e7\u00e3o e hor\u00e1rios do evento<\/h2>\n<p>O Sal\u00e3o das Artes ocorrer\u00e1 no Centro Cultural Banco do Brasil (CCBB-BH), um dos principais pontos culturais da cidade de Belo Horizonte. A localiza\u00e7\u00e3o \u00e9 ideal n\u00e3o apenas pela infraestrutura, mas tamb\u00e9m pela relev\u00e2ncia cultural e hist\u00f3rica do local. O CCBB \u00e9 conhecido por suas exposi\u00e7\u00f5es de arte, programa\u00e7\u00e3o teatral e eventos culturais, o que o torna um espa\u00e7o perfeito para integrar atividades como o Sal\u00e3o das Artes.<\/p>\n<p>O evento estar\u00e1 aberto ao p\u00fablico nos dias 11, 12, 13 e 14, e novamente em 18, 19, 20 e 21 de dezembro, sempre das 11h \u00e0s 20h. Essa programa\u00e7\u00e3o espa\u00e7ada proporciona que um maior n\u00famero de pessoas possa visitar e aproveitar todas as atra\u00e7\u00f5es oferecidas. O ambiente do CCBB, com sua arquitetura e espa\u00e7os bem planejados, convidar\u00e1 o p\u00fablico a explorar cada canto e pe\u00e7a em exibi\u00e7\u00e3o.<\/p>\n<h2>Como participar do Sal\u00e3o das Artes<\/h2>\n<p>A participa\u00e7\u00e3o no Sal\u00e3o das Artes \u00e9 aberta ao p\u00fablico, e a entrada \u00e9 gratuita. Isso torna o evento acess\u00edvel para todos que desejam apreciar a riqueza do artesanato mineiro e aproveitar as experi\u00eancias oferecidas. N\u00e3o \u00e9 necess\u00e1rio realizar inscri\u00e7\u00e3o pr\u00e9via; por\u00e9m, recomenda-se chegar cedo para garantir uma boa manh\u00e3 ou tarde explorando as exposi\u00e7\u00f5es e interagindo com os artes\u00e3os e artistas.<\/p>\n<p>Durante o evento, podem haver oficinas e atividades programadas, onde os visitantes podem participar ativamente. Essas atividades s\u00e3o uma excelente oportunidade para aprender mais sobre as t\u00e9cnicas artesanais e a produ\u00e7\u00e3o de algumas das pe\u00e7as em exibi\u00e7\u00e3o. Assim, todos que decidirem visitar o Sal\u00e3o das Artes ter\u00e3o a chance de se envolver de maneira direta com a cultura local.<\/p>\n<h2>Depoimentos de expositores e visitantes<\/h2>\n<p>Parte do sucesso do Sal\u00e3o das Artes pode ser medido pelas experi\u00eancias reais de quem participa, sejam os expositores ou os visitantes. Muitos artes\u00e3os relatam que eventos como o Sal\u00e3o significam um respiro econ\u00f4mico e uma oportunidade de mostrar seu trabalho para um p\u00fablico que muitas vezes n\u00e3o teria acesso a essas produ\u00e7\u00f5es.<\/p>\n<p>&#8220;Estar aqui no Sal\u00e3o das Artes para mim \u00e9 uma grande honra. Eu sempre sonhei em levar a arte que fa\u00e7o para mais pessoas, e aqui posso compartilhar minhas hist\u00f3rias atrav\u00e9s dos meus produtos&#8221;, disse uma expositora representando o Vale do Jequitinhonha. Os visitantes, por sua vez, tamb\u00e9m trazem relatos de como essas experi\u00eancias s\u00e3o significativas. &#8220;Eu vim aqui para comprar presente, mas acabei levando muito mais. Aprendi sobre as tradi\u00e7\u00f5es e as hist\u00f3rias por tr\u00e1s de cada pe\u00e7a, \u00e9 muito especial&#8221;, comentou uma visitante que estava em busca de artesanato para o Natal.<\/p>\n<h2>A relev\u00e2ncia do CCBB-BH como espa\u00e7o cultural<\/h2>\n<p>O Centro Cultural Banco do Brasil (CCBB-BH) \u00e9 um ponto central na vida cultural da cidade. Ele desempenha um papel essencial na promo\u00e7\u00e3o e acesso \u00e0 cultura, realizando exposi\u00e7\u00f5es, cineclubes e diversos eventos que enriquecem a vida art\u00edstica da comunidade. O espa\u00e7o em si \u00e9 um marco arquitet\u00f4nico que reflete a hist\u00f3ria e a modernidade de Belo Horizonte.<\/p>\n<p>O CCBB n\u00e3o apenas abriga exposi\u00e7\u00f5es e eventos como o Sal\u00e3o das Artes, mas tamb\u00e9m promove projetos que fortalecem a cena cultural local. A sua programa\u00e7\u00e3o \u00e9 diversificada e busca atender a diferentes p\u00fablicos, permitindo que todos tenham a chance de se envolver com a arte de maneiras que s\u00e3o relevantes e significativas. A infraestrutura do espa\u00e7o \u00e9 adequada para grandes eventos, oferecendo acessibilidade e conforto aos visitantes.<\/p>\n<p>Al\u00e9m disso, o CCBB \u00e9 um importante elo entre o p\u00fablico e as diversas formas de arte, incluindo artes visuais, teatro, cinema e m\u00fasica. Assim, sua relev\u00e2ncia transcende a simples fun\u00e7\u00e3o de um espa\u00e7o expositivo; \u00e9, na verdade, um incubador de ideias, cultura e criatividade que ainda impulsiona o desenvolvimento e a valoriza\u00e7\u00e3o das express\u00f5es art\u00edsticas em Minas Gerais.<\/p>\n\n<div style=\"font-size: 0px; height: 0px; line-height: 0px; margin: 0; padding: 0; clear: both;\"><\/div>","protected":false},"excerpt":{"rendered":"<p>Sal\u00e3o das Artes em Belo Horizonte traz o melhor do artesanato mineiro neste Natal.<\/p>\n","protected":false},"author":1,"featured_media":3352,"comment_status":"closed","ping_status":"closed","sticky":false,"template":"","format":"standard","meta":{"footnotes":""},"categories":[6],"tags":[],"class_list":["post-3353","post","type-post","status-publish","format-standard","has-post-thumbnail","hentry","category-noticias","has_thumb"],"aioseo_notices":[],"aioseo_head":"\n\t\t<!-- All in One SEO 5.0.0.1 - aioseo.com -->\n\t<meta name=\"description\" content=\"Sal\u00e3o das Artes em Belo Horizonte traz o melhor do artesanato mineiro neste Natal.\" \/>\n\t<meta name=\"robots\" content=\"max-image-preview:large\" \/>\n\t<meta name=\"author\" content=\"Encontra Belo Horizonte\"\/>\n\t<link rel=\"canonical\" href=\"https:\/\/www.encontrabelohorizonte.com.br\/sobre\/salao-das-artes-chega-ao-natal-da-mineiridade-em-belo-horizonte\/\" \/>\n\t<meta name=\"generator\" content=\"All in One SEO (AIOSEO) 5.0.0.1\" \/>\n\t\t<meta property=\"og:locale\" content=\"pt_BR\" \/>\n\t\t<meta property=\"og:site_name\" content=\"Encontra Belo Horizonte | Not\u00edcias, eventos, informa\u00e7\u00f5es e dicas da cidade de Belo Horizonte e regi\u00e3o\" \/>\n\t\t<meta property=\"og:type\" content=\"article\" \/>\n\t\t<meta property=\"og:title\" content=\"Sal\u00e3o das Artes chega ao Natal da Mineiridade em Belo Horizonte | Encontra Belo Horizonte\" \/>\n\t\t<meta property=\"og:description\" content=\"Sal\u00e3o das Artes em Belo Horizonte traz o melhor do artesanato mineiro neste Natal.\" \/>\n\t\t<meta property=\"og:url\" content=\"https:\/\/www.encontrabelohorizonte.com.br\/sobre\/salao-das-artes-chega-ao-natal-da-mineiridade-em-belo-horizonte\/\" \/>\n\t\t<meta property=\"article:published_time\" content=\"2025-12-11T09:06:00+00:00\" \/>\n\t\t<meta property=\"article:modified_time\" content=\"2025-12-11T09:06:00+00:00\" \/>\n\t\t<meta name=\"twitter:card\" content=\"summary\" \/>\n\t\t<meta name=\"twitter:title\" content=\"Sal\u00e3o das Artes chega ao Natal da Mineiridade em Belo Horizonte | Encontra Belo Horizonte\" \/>\n\t\t<meta name=\"twitter:description\" content=\"Sal\u00e3o das Artes em Belo Horizonte traz o melhor do artesanato mineiro neste Natal.\" \/>\n\t\t<script type=\"application\/ld+json\" class=\"aioseo-schema\">\n\t\t\t{\"@context\":\"https:\\\/\\\/schema.org\",\"@graph\":[{\"@type\":\"Article\",\"@id\":\"https:\\\/\\\/www.encontrabelohorizonte.com.br\\\/sobre\\\/salao-das-artes-chega-ao-natal-da-mineiridade-em-belo-horizonte\\\/#article\",\"name\":\"Sal\\u00e3o das Artes chega ao Natal da Mineiridade em Belo Horizonte | Encontra Belo Horizonte\",\"headline\":\"Sal\\u00e3o das Artes chega ao Natal da Mineiridade em Belo Horizonte\",\"author\":{\"@id\":\"https:\\\/\\\/www.encontrabelohorizonte.com.br\\\/sobre\\\/author\\\/ebelohorizonte\\\/#author\"},\"publisher\":{\"@id\":\"https:\\\/\\\/www.encontrabelohorizonte.com.br\\\/sobre\\\/#organization\"},\"image\":{\"@type\":\"ImageObject\",\"url\":\"https:\\\/\\\/www.encontrabelohorizonte.com.br\\\/sobre\\\/wp-content\\\/uploads\\\/salao-das-artes-chega-ao-natal-da-mineiridade-em-belo-horizonte.webp\",\"width\":320,\"height\":280,\"caption\":\"Sal\\u00e3o das Artes\"},\"datePublished\":\"2025-12-11T06:06:00-03:00\",\"dateModified\":\"2025-12-11T06:06:00-03:00\",\"inLanguage\":\"pt-BR\",\"mainEntityOfPage\":{\"@id\":\"https:\\\/\\\/www.encontrabelohorizonte.com.br\\\/sobre\\\/salao-das-artes-chega-ao-natal-da-mineiridade-em-belo-horizonte\\\/#webpage\"},\"isPartOf\":{\"@id\":\"https:\\\/\\\/www.encontrabelohorizonte.com.br\\\/sobre\\\/salao-das-artes-chega-ao-natal-da-mineiridade-em-belo-horizonte\\\/#webpage\"},\"articleSection\":\"Not\\u00edcias Belo Horizonte\"},{\"@type\":\"BreadcrumbList\",\"@id\":\"https:\\\/\\\/www.encontrabelohorizonte.com.br\\\/sobre\\\/salao-das-artes-chega-ao-natal-da-mineiridade-em-belo-horizonte\\\/#breadcrumblist\",\"itemListElement\":[{\"@type\":\"ListItem\",\"@id\":\"https:\\\/\\\/www.encontrabelohorizonte.com.br\\\/sobre#listItem\",\"position\":1,\"name\":\"In\\u00edcio\",\"item\":\"https:\\\/\\\/www.encontrabelohorizonte.com.br\\\/sobre\",\"nextItem\":{\"@type\":\"ListItem\",\"@id\":\"https:\\\/\\\/www.encontrabelohorizonte.com.br\\\/sobre\\\/noticias\\\/#listItem\",\"name\":\"Not\\u00edcias Belo Horizonte\"}},{\"@type\":\"ListItem\",\"@id\":\"https:\\\/\\\/www.encontrabelohorizonte.com.br\\\/sobre\\\/noticias\\\/#listItem\",\"position\":2,\"name\":\"Not\\u00edcias Belo Horizonte\",\"item\":\"https:\\\/\\\/www.encontrabelohorizonte.com.br\\\/sobre\\\/noticias\\\/\",\"nextItem\":{\"@type\":\"ListItem\",\"@id\":\"https:\\\/\\\/www.encontrabelohorizonte.com.br\\\/sobre\\\/salao-das-artes-chega-ao-natal-da-mineiridade-em-belo-horizonte\\\/#listItem\",\"name\":\"Sal\\u00e3o das Artes chega ao Natal da Mineiridade em Belo Horizonte\"},\"previousItem\":{\"@type\":\"ListItem\",\"@id\":\"https:\\\/\\\/www.encontrabelohorizonte.com.br\\\/sobre#listItem\",\"name\":\"In\\u00edcio\"}},{\"@type\":\"ListItem\",\"@id\":\"https:\\\/\\\/www.encontrabelohorizonte.com.br\\\/sobre\\\/salao-das-artes-chega-ao-natal-da-mineiridade-em-belo-horizonte\\\/#listItem\",\"position\":3,\"name\":\"Sal\\u00e3o das Artes chega ao Natal da Mineiridade em Belo Horizonte\",\"previousItem\":{\"@type\":\"ListItem\",\"@id\":\"https:\\\/\\\/www.encontrabelohorizonte.com.br\\\/sobre\\\/noticias\\\/#listItem\",\"name\":\"Not\\u00edcias Belo Horizonte\"}}]},{\"@type\":\"Organization\",\"@id\":\"https:\\\/\\\/www.encontrabelohorizonte.com.br\\\/sobre\\\/#organization\",\"name\":\"Encontra Belo Horizonte\",\"description\":\"Not\\u00edcias, eventos, informa\\u00e7\\u00f5es e dicas da cidade de Belo Horizonte e regi\\u00e3o\",\"url\":\"https:\\\/\\\/www.encontrabelohorizonte.com.br\\\/sobre\\\/\"},{\"@type\":\"Person\",\"@id\":\"https:\\\/\\\/www.encontrabelohorizonte.com.br\\\/sobre\\\/author\\\/ebelohorizonte\\\/#author\",\"url\":\"https:\\\/\\\/www.encontrabelohorizonte.com.br\\\/sobre\\\/author\\\/ebelohorizonte\\\/\",\"name\":\"Encontra Belo Horizonte\",\"image\":{\"@type\":\"ImageObject\",\"@id\":\"https:\\\/\\\/www.encontrabelohorizonte.com.br\\\/sobre\\\/salao-das-artes-chega-ao-natal-da-mineiridade-em-belo-horizonte\\\/#authorImage\",\"url\":\"https:\\\/\\\/secure.gravatar.com\\\/avatar\\\/507340682b8270222e1f208e23198b6ae7e2c6a1033ae84e99bc6bce4f82a387?s=96&d=mm&r=g\",\"width\":96,\"height\":96,\"caption\":\"Encontra Belo Horizonte\"}},{\"@type\":\"WebPage\",\"@id\":\"https:\\\/\\\/www.encontrabelohorizonte.com.br\\\/sobre\\\/salao-das-artes-chega-ao-natal-da-mineiridade-em-belo-horizonte\\\/#webpage\",\"url\":\"https:\\\/\\\/www.encontrabelohorizonte.com.br\\\/sobre\\\/salao-das-artes-chega-ao-natal-da-mineiridade-em-belo-horizonte\\\/\",\"name\":\"Sal\\u00e3o das Artes chega ao Natal da Mineiridade em Belo Horizonte | Encontra Belo Horizonte\",\"description\":\"Sal\\u00e3o das Artes em Belo Horizonte traz o melhor do artesanato mineiro neste Natal.\",\"inLanguage\":\"pt-BR\",\"isPartOf\":{\"@id\":\"https:\\\/\\\/www.encontrabelohorizonte.com.br\\\/sobre\\\/#website\"},\"breadcrumb\":{\"@id\":\"https:\\\/\\\/www.encontrabelohorizonte.com.br\\\/sobre\\\/salao-das-artes-chega-ao-natal-da-mineiridade-em-belo-horizonte\\\/#breadcrumblist\"},\"author\":{\"@id\":\"https:\\\/\\\/www.encontrabelohorizonte.com.br\\\/sobre\\\/author\\\/ebelohorizonte\\\/#author\"},\"creator\":{\"@id\":\"https:\\\/\\\/www.encontrabelohorizonte.com.br\\\/sobre\\\/author\\\/ebelohorizonte\\\/#author\"},\"image\":{\"@type\":\"ImageObject\",\"url\":\"https:\\\/\\\/www.encontrabelohorizonte.com.br\\\/sobre\\\/wp-content\\\/uploads\\\/salao-das-artes-chega-ao-natal-da-mineiridade-em-belo-horizonte.webp\",\"@id\":\"https:\\\/\\\/www.encontrabelohorizonte.com.br\\\/sobre\\\/salao-das-artes-chega-ao-natal-da-mineiridade-em-belo-horizonte\\\/#mainImage\",\"width\":320,\"height\":280,\"caption\":\"Sal\\u00e3o das Artes\"},\"primaryImageOfPage\":{\"@id\":\"https:\\\/\\\/www.encontrabelohorizonte.com.br\\\/sobre\\\/salao-das-artes-chega-ao-natal-da-mineiridade-em-belo-horizonte\\\/#mainImage\"},\"datePublished\":\"2025-12-11T06:06:00-03:00\",\"dateModified\":\"2025-12-11T06:06:00-03:00\"},{\"@type\":\"WebSite\",\"@id\":\"https:\\\/\\\/www.encontrabelohorizonte.com.br\\\/sobre\\\/#website\",\"url\":\"https:\\\/\\\/www.encontrabelohorizonte.com.br\\\/sobre\\\/\",\"name\":\"Encontra Belo Horizonte\",\"description\":\"Not\\u00edcias, eventos, informa\\u00e7\\u00f5es e dicas da cidade de Belo Horizonte e regi\\u00e3o\",\"inLanguage\":\"pt-BR\",\"publisher\":{\"@id\":\"https:\\\/\\\/www.encontrabelohorizonte.com.br\\\/sobre\\\/#organization\"}}]}\n\t\t<\/script>\n\t\t<!-- All in One SEO -->\n\n","aioseo_head_json":{"title":"Sal\u00e3o das Artes chega ao Natal da Mineiridade em Belo Horizonte | Encontra Belo Horizonte","description":"Sal\u00e3o das Artes em Belo Horizonte traz o melhor do artesanato mineiro neste Natal.","canonical_url":"https:\/\/www.encontrabelohorizonte.com.br\/sobre\/salao-das-artes-chega-ao-natal-da-mineiridade-em-belo-horizonte\/","robots":"max-image-preview:large","keywords":"","webmasterTools":{"miscellaneous":""},"schema":{"@context":"https:\/\/schema.org","@graph":[{"@type":"Article","@id":"https:\/\/www.encontrabelohorizonte.com.br\/sobre\/salao-das-artes-chega-ao-natal-da-mineiridade-em-belo-horizonte\/#article","name":"Sal\u00e3o das Artes chega ao Natal da Mineiridade em Belo Horizonte | Encontra Belo Horizonte","headline":"Sal\u00e3o das Artes chega ao Natal da Mineiridade em Belo Horizonte","author":{"@id":"https:\/\/www.encontrabelohorizonte.com.br\/sobre\/author\/ebelohorizonte\/#author"},"publisher":{"@id":"https:\/\/www.encontrabelohorizonte.com.br\/sobre\/#organization"},"image":{"@type":"ImageObject","url":"https:\/\/www.encontrabelohorizonte.com.br\/sobre\/wp-content\/uploads\/salao-das-artes-chega-ao-natal-da-mineiridade-em-belo-horizonte.webp","width":320,"height":280,"caption":"Sal\u00e3o das Artes"},"datePublished":"2025-12-11T06:06:00-03:00","dateModified":"2025-12-11T06:06:00-03:00","inLanguage":"pt-BR","mainEntityOfPage":{"@id":"https:\/\/www.encontrabelohorizonte.com.br\/sobre\/salao-das-artes-chega-ao-natal-da-mineiridade-em-belo-horizonte\/#webpage"},"isPartOf":{"@id":"https:\/\/www.encontrabelohorizonte.com.br\/sobre\/salao-das-artes-chega-ao-natal-da-mineiridade-em-belo-horizonte\/#webpage"},"articleSection":"Not\u00edcias Belo Horizonte"},{"@type":"BreadcrumbList","@id":"https:\/\/www.encontrabelohorizonte.com.br\/sobre\/salao-das-artes-chega-ao-natal-da-mineiridade-em-belo-horizonte\/#breadcrumblist","itemListElement":[{"@type":"ListItem","@id":"https:\/\/www.encontrabelohorizonte.com.br\/sobre#listItem","position":1,"name":"In\u00edcio","item":"https:\/\/www.encontrabelohorizonte.com.br\/sobre","nextItem":{"@type":"ListItem","@id":"https:\/\/www.encontrabelohorizonte.com.br\/sobre\/noticias\/#listItem","name":"Not\u00edcias Belo Horizonte"}},{"@type":"ListItem","@id":"https:\/\/www.encontrabelohorizonte.com.br\/sobre\/noticias\/#listItem","position":2,"name":"Not\u00edcias Belo Horizonte","item":"https:\/\/www.encontrabelohorizonte.com.br\/sobre\/noticias\/","nextItem":{"@type":"ListItem","@id":"https:\/\/www.encontrabelohorizonte.com.br\/sobre\/salao-das-artes-chega-ao-natal-da-mineiridade-em-belo-horizonte\/#listItem","name":"Sal\u00e3o das Artes chega ao Natal da Mineiridade em Belo Horizonte"},"previousItem":{"@type":"ListItem","@id":"https:\/\/www.encontrabelohorizonte.com.br\/sobre#listItem","name":"In\u00edcio"}},{"@type":"ListItem","@id":"https:\/\/www.encontrabelohorizonte.com.br\/sobre\/salao-das-artes-chega-ao-natal-da-mineiridade-em-belo-horizonte\/#listItem","position":3,"name":"Sal\u00e3o das Artes chega ao Natal da Mineiridade em Belo Horizonte","previousItem":{"@type":"ListItem","@id":"https:\/\/www.encontrabelohorizonte.com.br\/sobre\/noticias\/#listItem","name":"Not\u00edcias Belo Horizonte"}}]},{"@type":"Organization","@id":"https:\/\/www.encontrabelohorizonte.com.br\/sobre\/#organization","name":"Encontra Belo Horizonte","description":"Not\u00edcias, eventos, informa\u00e7\u00f5es e dicas da cidade de Belo Horizonte e regi\u00e3o","url":"https:\/\/www.encontrabelohorizonte.com.br\/sobre\/"},{"@type":"Person","@id":"https:\/\/www.encontrabelohorizonte.com.br\/sobre\/author\/ebelohorizonte\/#author","url":"https:\/\/www.encontrabelohorizonte.com.br\/sobre\/author\/ebelohorizonte\/","name":"Encontra Belo Horizonte","image":{"@type":"ImageObject","@id":"https:\/\/www.encontrabelohorizonte.com.br\/sobre\/salao-das-artes-chega-ao-natal-da-mineiridade-em-belo-horizonte\/#authorImage","url":"https:\/\/secure.gravatar.com\/avatar\/507340682b8270222e1f208e23198b6ae7e2c6a1033ae84e99bc6bce4f82a387?s=96&d=mm&r=g","width":96,"height":96,"caption":"Encontra Belo Horizonte"}},{"@type":"WebPage","@id":"https:\/\/www.encontrabelohorizonte.com.br\/sobre\/salao-das-artes-chega-ao-natal-da-mineiridade-em-belo-horizonte\/#webpage","url":"https:\/\/www.encontrabelohorizonte.com.br\/sobre\/salao-das-artes-chega-ao-natal-da-mineiridade-em-belo-horizonte\/","name":"Sal\u00e3o das Artes chega ao Natal da Mineiridade em Belo Horizonte | Encontra Belo Horizonte","description":"Sal\u00e3o das Artes em Belo Horizonte traz o melhor do artesanato mineiro neste Natal.","inLanguage":"pt-BR","isPartOf":{"@id":"https:\/\/www.encontrabelohorizonte.com.br\/sobre\/#website"},"breadcrumb":{"@id":"https:\/\/www.encontrabelohorizonte.com.br\/sobre\/salao-das-artes-chega-ao-natal-da-mineiridade-em-belo-horizonte\/#breadcrumblist"},"author":{"@id":"https:\/\/www.encontrabelohorizonte.com.br\/sobre\/author\/ebelohorizonte\/#author"},"creator":{"@id":"https:\/\/www.encontrabelohorizonte.com.br\/sobre\/author\/ebelohorizonte\/#author"},"image":{"@type":"ImageObject","url":"https:\/\/www.encontrabelohorizonte.com.br\/sobre\/wp-content\/uploads\/salao-das-artes-chega-ao-natal-da-mineiridade-em-belo-horizonte.webp","@id":"https:\/\/www.encontrabelohorizonte.com.br\/sobre\/salao-das-artes-chega-ao-natal-da-mineiridade-em-belo-horizonte\/#mainImage","width":320,"height":280,"caption":"Sal\u00e3o das Artes"},"primaryImageOfPage":{"@id":"https:\/\/www.encontrabelohorizonte.com.br\/sobre\/salao-das-artes-chega-ao-natal-da-mineiridade-em-belo-horizonte\/#mainImage"},"datePublished":"2025-12-11T06:06:00-03:00","dateModified":"2025-12-11T06:06:00-03:00"},{"@type":"WebSite","@id":"https:\/\/www.encontrabelohorizonte.com.br\/sobre\/#website","url":"https:\/\/www.encontrabelohorizonte.com.br\/sobre\/","name":"Encontra Belo Horizonte","description":"Not\u00edcias, eventos, informa\u00e7\u00f5es e dicas da cidade de Belo Horizonte e regi\u00e3o","inLanguage":"pt-BR","publisher":{"@id":"https:\/\/www.encontrabelohorizonte.com.br\/sobre\/#organization"}}]},"og:locale":"pt_BR","og:site_name":"Encontra Belo Horizonte | Not\u00edcias, eventos, informa\u00e7\u00f5es e dicas da cidade de Belo Horizonte e regi\u00e3o","og:type":"article","og:title":"Sal\u00e3o das Artes chega ao Natal da Mineiridade em Belo Horizonte | Encontra Belo Horizonte","og:description":"Sal\u00e3o das Artes em Belo Horizonte traz o melhor do artesanato mineiro neste Natal.","og:url":"https:\/\/www.encontrabelohorizonte.com.br\/sobre\/salao-das-artes-chega-ao-natal-da-mineiridade-em-belo-horizonte\/","article:published_time":"2025-12-11T09:06:00+00:00","article:modified_time":"2025-12-11T09:06:00+00:00","twitter:card":"summary","twitter:title":"Sal\u00e3o das Artes chega ao Natal da Mineiridade em Belo Horizonte | Encontra Belo Horizonte","twitter:description":"Sal\u00e3o das Artes em Belo Horizonte traz o melhor do artesanato mineiro neste Natal."},"aioseo_meta_data":{"post_id":"3353","title":null,"description":null,"keywords":null,"keyphrases":null,"primary_term":null,"canonical_url":null,"og_title":null,"og_description":null,"og_object_type":"default","og_image_type":"default","og_image_url":null,"og_image_width":null,"og_image_height":null,"og_image_custom_url":null,"og_image_custom_fields":null,"og_video":null,"og_custom_url":null,"og_article_section":null,"og_article_tags":null,"twitter_use_og":false,"twitter_card":"default","twitter_image_type":"default","twitter_image_url":null,"twitter_image_custom_url":null,"twitter_image_custom_fields":null,"twitter_title":null,"twitter_description":null,"schema":{"blockGraphs":[],"customGraphs":[],"default":{"data":{"Article":[],"Course":[],"Dataset":[],"FAQPage":[],"Movie":[],"Person":[],"Product":[],"ProductReview":[],"Car":[],"Recipe":[],"Service":[],"SoftwareApplication":[],"WebPage":[]},"graphName":"Article","isEnabled":true},"graphs":[]},"schema_type":"default","schema_type_options":null,"pillar_content":false,"robots_default":true,"robots_noindex":false,"robots_noarchive":false,"robots_nosnippet":false,"robots_nofollow":false,"robots_noimageindex":false,"robots_noodp":false,"robots_notranslate":false,"robots_max_snippet":null,"robots_max_videopreview":null,"robots_max_imagepreview":"large","priority":null,"frequency":null,"local_seo":null,"breadcrumb_settings":null,"limit_modified_date":false,"ai":null,"created":"2025-12-12 07:11:42","updated":"2025-12-12 11:46:29","focus_keyword":null,"additional_keywords":null,"truseo_locale":null,"seo_analyzer_scan_date":null},"aioseo_breadcrumb":"<div class=\"aioseo-breadcrumbs\"><span class=\"aioseo-breadcrumb\">\n\t\t\t<a href=\"https:\/\/www.encontrabelohorizonte.com.br\/sobre\" title=\"In\u00edcio\">In\u00edcio<\/a>\n\t\t<\/span><span class=\"aioseo-breadcrumb-separator\">&raquo;<\/span><span class=\"aioseo-breadcrumb\">\n\t\t\t<a href=\"https:\/\/www.encontrabelohorizonte.com.br\/sobre\/noticias\/\" title=\"Not\u00edcias Belo Horizonte\">Not\u00edcias Belo Horizonte<\/a>\n\t\t<\/span><span class=\"aioseo-breadcrumb-separator\">&raquo;<\/span><span class=\"aioseo-breadcrumb\">\n\t\t\tSal\u00e3o das Artes chega ao Natal da Mineiridade em Belo Horizonte\n\t\t<\/span><\/div>","aioseo_breadcrumb_json":[{"label":"In\u00edcio","link":"https:\/\/www.encontrabelohorizonte.com.br\/sobre"},{"label":"Not\u00edcias Belo Horizonte","link":"https:\/\/www.encontrabelohorizonte.com.br\/sobre\/noticias\/"},{"label":"Sal\u00e3o das Artes chega ao Natal da Mineiridade em Belo Horizonte","link":"https:\/\/www.encontrabelohorizonte.com.br\/sobre\/salao-das-artes-chega-ao-natal-da-mineiridade-em-belo-horizonte\/"}],"_links":{"self":[{"href":"https:\/\/www.encontrabelohorizonte.com.br\/sobre\/wp-json\/wp\/v2\/posts\/3353","targetHints":{"allow":["GET"]}}],"collection":[{"href":"https:\/\/www.encontrabelohorizonte.com.br\/sobre\/wp-json\/wp\/v2\/posts"}],"about":[{"href":"https:\/\/www.encontrabelohorizonte.com.br\/sobre\/wp-json\/wp\/v2\/types\/post"}],"author":[{"embeddable":true,"href":"https:\/\/www.encontrabelohorizonte.com.br\/sobre\/wp-json\/wp\/v2\/users\/1"}],"replies":[{"embeddable":true,"href":"https:\/\/www.encontrabelohorizonte.com.br\/sobre\/wp-json\/wp\/v2\/comments?post=3353"}],"version-history":[{"count":0,"href":"https:\/\/www.encontrabelohorizonte.com.br\/sobre\/wp-json\/wp\/v2\/posts\/3353\/revisions"}],"wp:featuredmedia":[{"embeddable":true,"href":"https:\/\/www.encontrabelohorizonte.com.br\/sobre\/wp-json\/wp\/v2\/media\/3352"}],"wp:attachment":[{"href":"https:\/\/www.encontrabelohorizonte.com.br\/sobre\/wp-json\/wp\/v2\/media?parent=3353"}],"wp:term":[{"taxonomy":"category","embeddable":true,"href":"https:\/\/www.encontrabelohorizonte.com.br\/sobre\/wp-json\/wp\/v2\/categories?post=3353"},{"taxonomy":"post_tag","embeddable":true,"href":"https:\/\/www.encontrabelohorizonte.com.br\/sobre\/wp-json\/wp\/v2\/tags?post=3353"}],"curies":[{"name":"wp","href":"https:\/\/api.w.org\/{rel}","templated":true}]}}