{"id":3382,"date":"2025-12-27T12:46:00","date_gmt":"2025-12-27T15:46:00","guid":{"rendered":"https:\/\/www.encontrabelohorizonte.com.br\/sobre\/calor-em-mg-aviso-do-inmet-deixa-grande-bh-e-regioes-do-estado-sob-perigo-potencial-por-alta-temperatura\/"},"modified":"2025-12-27T12:46:00","modified_gmt":"2025-12-27T15:46:00","slug":"calor-em-mg-aviso-do-inmet-deixa-grande-bh-e-regioes-do-estado-sob-perigo-potencial-por-alta-temperatura","status":"publish","type":"post","link":"https:\/\/www.encontrabelohorizonte.com.br\/sobre\/calor-em-mg-aviso-do-inmet-deixa-grande-bh-e-regioes-do-estado-sob-perigo-potencial-por-alta-temperatura\/","title":{"rendered":"Calor em MG: aviso do Inmet deixa Grande BH e regi\u00f5es do estado sob perigo potencial por alta temperatura"},"content":{"rendered":"<div class=\"2e083cf0b19e2c11948dc6ac054ba979\" data-index=\"1\" style=\"float: none; margin:0px;\">\n<!-- Anuncio display - global -->\r\n<ins class=\"adsbygoogle\"\r\n     style=\"display:block\"\r\n     data-ad-client=\"ca-pub-8585364105181520\"\r\n     data-ad-slot=\"8789329856\"\r\n     data-ad-format=\"auto\"\r\n     data-full-width-responsive=\"true\"><\/ins>\r\n<script>\r\n     (adsbygoogle = window.adsbygoogle || []).push({});\r\n<\/script>\n<\/div>\n<h2>O que causa a onda de calor em Minas Gerais<\/h2>\n<p>As ondas de calor, especialmente em Minas Gerais, s\u00e3o fen\u00f4menos que n\u00e3o apenas impactam o bem-estar das pessoas, mas tamb\u00e9m podem trazer consequ\u00eancias para o meio ambiente e a sa\u00fade p\u00fablica. V\u00e1rios fatores contribuem para a forma\u00e7\u00e3o e intensifica\u00e7\u00e3o dessas ondas de calor, sendo os principais a <strong>influ\u00eancia clim\u00e1tica<\/strong>, a <strong>geografia da regi\u00e3o<\/strong> e a <strong>a\u00e7\u00e3o humana<\/strong>.<\/p>\n<p>As altera\u00e7\u00f5es clim\u00e1ticas t\u00eam se tornado uma realidade cada vez mais vis\u00edvel. Em decorr\u00eancia do aquecimento global, fen\u00f4menos extremos, como as ondas de calor, est\u00e3o se tornando mais frequentes e intensos. Al\u00e9m disso, a localiza\u00e7\u00e3o geogr\u00e1fica de Minas Gerais, com seus vales e montanhas, permite a forma\u00e7\u00e3o de massas de ar quente que ficam aprisionadas, intensificando as temperaturas.<\/p>\n<p>Outro fator relevante \u00e9 o desenvolvimento urbano e as atividades industriais, que contribuem para a emiss\u00e3o de poluentes e gases de efeito estufa. A urbaniza\u00e7\u00e3o desordenada, principalmente nas grandes cidades como Belo Horizonte, pode afetar os microclimas locais, gerando ilhas de calor que elevam as temperaturas de forma acentuada.<\/p>\n<p><img decoding=\"async\" src=\"https:\/\/www.encontrabelohorizonte.com.br\/sobre\/wp-content\/uploads\/calor-em-mg-aviso-do-inmet-deixa-grande-bh-e-regioes-do-estado-sob-perigo-potencial-por-alta-tempera.webp\" alt=\"calor em MG\" loading=\"lazy\" \/><\/p>\n<p>As altas temperaturas s\u00e3o tamb\u00e9m influenciadas pela <strong>aus\u00eancia de vegeta\u00e7\u00e3o<\/strong> em \u00e1reas urbanas, que normalmente ajuda a refrescar o ambiente por meio da transpira\u00e7\u00e3o das plantas. A destrui\u00e7\u00e3o de \u00e1reas verdes, portanto, tem um efeito negativo e muitas vezes irrevers\u00edvel na regula\u00e7\u00e3o das temperaturas. Quando somamos esses fatores, entendemos como Minas Gerais enfrenta desafios significativos em rela\u00e7\u00e3o ao calor extremo.<\/p>\n<h2>Como se preparar para altas temperaturas<\/h2>\n<p>A prepara\u00e7\u00e3o para ondas de calor \u00e9 crucial, pois o calor excessivo pode levar a problemas de sa\u00fade, como desidrata\u00e7\u00e3o e insola\u00e7\u00e3o. Para se proteger, as pessoas devem adotar algumas estrat\u00e9gias pr\u00e1ticas. Primeiro, \u00e9 essencial <strong>manter-se hidratado<\/strong>. Beber \u00e1gua regularmente, mesmo que n\u00e3o esteja com sede, ajuda a prevenir a desidrata\u00e7\u00e3o.<\/p>\n<p>Al\u00e9m disso, \u00e9 importante <strong>usar roupas leves<\/strong>, de prefer\u00eancia de algod\u00e3o e em cores claras, que n\u00e3o absorvam calor. Proteger-se do sol tamb\u00e9m \u00e9 vital; usar chap\u00e9us e \u00f3culos de sol pode ajudar a reduzir a exposi\u00e7\u00e3o direta \u00e0 luz solar.<\/p>\n<p>Planejar atividades ao ar livre para hor\u00e1rios mais frescos, como o in\u00edcio da manh\u00e3 ou o final da tarde, \u00e9 uma estrat\u00e9gia eficaz. Para quem n\u00e3o pode evitar o calor durante o dia, \u00e9 aconselh\u00e1vel buscar <strong>abrigo em locais frescos<\/strong>, como shoppings, centros de sa\u00fade ou at\u00e9 mesmo em casa com ar condicionado, caso esteja dispon\u00edvel.<\/p>\n<p>Outra dica relevante \u00e9 manter a casa bem ventilada, usar ventiladores e aumentar a circula\u00e7\u00e3o de ar. Cortinas e persianas devem ser fechadas durante as horas mais quentes para minimizar a entrada de calor. Al\u00e9m disso, a utiliza\u00e7\u00e3o de umidificadores pode ajudar a tornar o ambiente mais confort\u00e1vel.<\/p>\n<h2>Efeitos do calor extremo na sa\u00fade<\/h2>\n<p>O calor extremo pode provocar uma s\u00e9rie de consequ\u00eancias s\u00e9rias para a sa\u00fade, afetando indiv\u00edduos de todas as idades. Um dos problemas mais comuns relacionados ao calor excessivo \u00e9 a <strong>desidrata\u00e7\u00e3o<\/strong>, que pode levar \u00e0 fadiga, tontura e, em casos mais graves, ao choque t\u00e9rmico.<\/p>\n<p>Entre os grupos mais vulner\u00e1veis est\u00e3o <strong>crian\u00e7as, idosos<\/strong> e pessoas com doen\u00e7as pr\u00e9-existentes, que podem n\u00e3o regular bem a temperatura corporal. Os idosos, em particular, sofrem um risco elevado, pois muitos t\u00eam uma capacidade reduzida de perceber as mudan\u00e7as de temperatura e podem n\u00e3o se lembrar de beber \u00e1gua regularmente.<\/p>\n<p>Al\u00e9m disso, as altas temperaturas podem agravar condi\u00e7\u00f5es de sa\u00fade, como doen\u00e7as respirat\u00f3rias e cardiovasculares. Estudos mostram que a exposi\u00e7\u00e3o prolongada ao calor extremo pode levar a um aumento nas taxas de hospitaliza\u00e7\u00e3o e at\u00e9 mesmo de mortalidade. \u00c9 uma situa\u00e7\u00e3o cr\u00edtica que exige aten\u00e7\u00e3o tanto da popula\u00e7\u00e3o quanto das autoridades de sa\u00fade.<\/p>\n<p>As ondas de calor tamb\u00e9m t\u00eam efeitos sutis, mas importantes, na sa\u00fade mental, contribuindo para o aumento da irritabilidade e da ansiedade em pessoas que se sentem desconfort\u00e1veis devido ao calor. O estresse t\u00e9rmico pode afetar a qualidade do sono e, consequentemente, levar a um ciclo vicioso de desconforto e problemas psicol\u00f3gicos.<\/p>\n<h2>Recomenda\u00e7\u00f5es da Defesa Civil de BH<\/h2>\n<p>A Defesa Civil de Belo Horizonte, em situa\u00e7\u00f5es de calor extremo, implementa uma s\u00e9rie de recomenda\u00e7\u00f5es aos cidad\u00e3os para minimizar os riscos \u00e0 sa\u00fade. Uma das principais orienta\u00e7\u00f5es \u00e9 manter-se bem hidratado, aumentando a ingest\u00e3o de \u00e1gua e evitando bebidas alco\u00f3licas ou muito a\u00e7ucaradas, que podem desidratar.<\/p>\n<p>Al\u00e9m disso, a Defesa Civil aconselha a evitar atividades f\u00edsicas intensas durante as horas mais quentes do dia, mantendo-se em ambientes frescos sempre que poss\u00edvel. Para os pais, \u00e9 fundamental prestar aten\u00e7\u00e3o \u00e0s crian\u00e7as, garantindo que elas tamb\u00e9m se mantenham hidratadas e em locais frescos.<\/p>\n<p>A recomenda\u00e7\u00e3o \u00e9 que as pessoas que apresentem sintomas de desidrata\u00e7\u00e3o ou insola\u00e7\u00e3o procurem atendimento m\u00e9dico imediatamente. A Defesa Civil tamb\u00e9m elabora campanhas de conscientiza\u00e7\u00e3o para alertar sobre os cuidados a serem tomados durante per\u00edodos de altas temperaturas e sobre a import\u00e2ncia da vegeta\u00e7\u00e3o urbana, que pode ajudar a reduzir o impacto do calor.<\/p>\n<h2>Previs\u00f5es meteorol\u00f3gicas para os pr\u00f3ximos dias<\/h2>\n<p>As previs\u00f5es meteorol\u00f3gicas para Minas Gerais indicam que as altas temperaturas devem persistir nos pr\u00f3ximos dias, com a possibilidade de registro de novos recordes. De acordo com os especialistas, espera-se que os term\u00f4metros atinjam valores superiores a 33 graus Celsius na regi\u00e3o metropolitana de Belo Horizonte.<\/p>\n<p>Considerando as informa\u00e7\u00f5es do Instituto Nacional de Meteorologia (Inmet), as previs\u00f5es de longo prazo alertam para a manuten\u00e7\u00e3o de um padr\u00e3o de calor, especialmente em zonas urbanas, onde a concentra\u00e7\u00e3o de constru\u00e7\u00f5es e o tr\u00e1fego intenso contribuem para o aumento da temperatura.<\/p>\n<p>Al\u00e9m das altas temperaturas, pode ocorrer varia\u00e7\u00e3o de umidade, o que poder\u00e1 fazer a sensa\u00e7\u00e3o t\u00e9rmica ser ainda mais elevada. \u00c0 noite, a temperatura pode n\u00e3o cair o suficiente para um al\u00edvio significativo, mantendo os cidad\u00e3os em uma situa\u00e7\u00e3o de desconforto.<\/p>\n<p>Os meteorologistas alertam tamb\u00e9m para a possibilidade de chuvas esparsas, mas que n\u00e3o s\u00e3o suficientes para aliviar as condi\u00e7\u00f5es secas da atmosfera. Portanto, \u00e9 crucial que os cidad\u00e3os se mantenham informados sobre as previs\u00f5es di\u00e1rias e sigam as orienta\u00e7\u00f5es de precau\u00e7\u00e3o contra o calor.<\/p>\n<h2>O impacto das altas temperaturas na cidade<\/h2>\n<p>As altas temperaturas em Minas Gerais t\u00eam um impacto not\u00e1vel na vida urbana e na sa\u00fade p\u00fablica. Um dos efeitos mais diretos \u00e9 o aumento no consumo de energia, j\u00e1 que muitos cidad\u00e3os recorrem a ar condicionado e ventiladores para amenizar o calor. Isso pode levar a um aumento nas contas de energia e, em casos extremos, at\u00e9 a sobrecarga do sistema el\u00e9trico.<\/p>\n<p>A infraestrutura da cidade, incluindo ruas e edif\u00edcios, tamb\u00e9m sofre com o calor intenso. O asfalto, por exemplo, pode se expandir e ceder, resultando em buracos e danos nas vias p\u00fablicas. Os moradores de \u00e1reas que sofrem com alagamentos devem tamb\u00e9m se preocupar com o calor, pois a umidade do solo pode intensificar a sensa\u00e7\u00e3o t\u00e9rmica e trazer problemas de sa\u00fade.<\/p>\n<p>O aumento das temperaturas pode afetar a qualidade do ar, contribuindo para a forma\u00e7\u00e3o de oz\u00f4nio e poluentes atmosf\u00e9ricos, que s\u00e3o prejudiciais para a sa\u00fade humana. A qualidade do ar nas \u00e1reas metropolitanas pode ser severamente comprometida, aumentando assim a incid\u00eancia de doen\u00e7as respirat\u00f3rias.<\/p>\n<h2>Hist\u00f3rico de ondas de calor em MG<\/h2>\n<p>Minas Gerais possui um hist\u00f3rico de ondas de calor que variam em intensidade e dura\u00e7\u00e3o. Durante o ver\u00e3o, s\u00e3o comuns registros de temperaturas acima da m\u00e9dia, mas nos \u00faltimos anos, as ondas de calor t\u00eam se tornado mais frequentes e prolongadas, refletindo as mudan\u00e7as clim\u00e1ticas em curso no planeta.<\/p>\n<p>Em 2023, por exemplo, v\u00e1rias cidades enfrentaram sequ\u00eancias de dias extremamente quentes, e Belo Horizonte registrou uma s\u00e9rie de recordes de temperatura que n\u00e3o eram observados h\u00e1 d\u00e9cadas. Esses eventos servem como um alerta para a necessidade urgente de adaptarmos nossas atitudes em rela\u00e7\u00e3o ao meio ambiente e \u00e0 urbaniza\u00e7\u00e3o.<\/p>\n<p>O impacto a longo prazo das ondas de calor n\u00e3o \u00e9 apenas clim\u00e1tico; afeta tamb\u00e9m a vida social e econ\u00f4mica, uma vez que as altas temperaturas reduzem a produtividade do trabalho e podem levar a um aumento nos custos de sa\u00fade p\u00fablica.<\/p>\n<h2>Dicas para se refrescar durante o calor<\/h2>\n<p>Temporadas de calor podem ser desafiadoras, mas existem v\u00e1rias estrat\u00e9gias que podem ajudar a proporcionar al\u00edvio e conforto. Uma das melhores maneiras de se refrescar \u00e9 <strong>usar compressas frias<\/strong> ou toalhas molhadas para resfriar o corpo.<\/p>\n<p>Outra t\u00e1tica \u00e9 a pr\u00e1tica de banhos frios ou duchas, que podem ajudar a abaixar a temperatura corporal rapidamente. <strong>Praticar hidrata\u00e7\u00e3o cont\u00ednua<\/strong> \u00e9 fundamental; ter sempre \u00e0 m\u00e3o uma garrafa de \u00e1gua \u00e9 uma pr\u00e1tica simples que pode fazer toda a diferen\u00e7a.<\/p>\n<p>As atividades f\u00edsicas, especialmente ao ar livre, devem ser limitadas e, se poss\u00edvel, realizadas em locais sombreados. <strong>Pode-se tamb\u00e9m considerar viagens para \u00e1reas mais frescas<\/strong>, mesmo que seja apenas para uma visita de um dia. Al\u00e9m disso, o uso de ventiladores ou ar condicionado, se dispon\u00edveis, \u00e9 essencial para aqueles que precisam permanecer em ambientes fechados.<\/p>\n<h2>A import\u00e2ncia da hidrata\u00e7\u00e3o em dias quentes<\/h2>\n<p>A hidrata\u00e7\u00e3o \u00e9 um elemento crucial em dias quentes, e sua import\u00e2ncia n\u00e3o pode ser subestimada. Em temperaturas elevadas, nosso corpo perde \u00e1gua rapidamente pela transpira\u00e7\u00e3o, e a reposi\u00e7\u00e3o \u00e9 essencial para manter a sa\u00fade e o bem-estar. A falta de hidrata\u00e7\u00e3o pode levar \u00e0 desidrata\u00e7\u00e3o, que se manifesta em sintomas como boca seca, sede intensa, fadiga e dor de cabe\u00e7a.<\/p>\n<p>Para garantir uma boa hidrata\u00e7\u00e3o, recomenda-se que al\u00e9m de \u00e1gua, sejam inclu\u00eddas bebidas eletrol\u00edticas, que ajudam na reposi\u00e7\u00e3o n\u00e3o apenas de l\u00edquidos, mas tamb\u00e9m de sais minerais. Frutas com alto teor de \u00e1gua, como melancias, abacaxis e laranjas, s\u00e3o aliadas valiosas na hidrata\u00e7\u00e3o e podem ser consumidas como lanches.<\/p>\n<p>A consci\u00eancia sobre a import\u00e2ncia de se hidratar severamente aumenta a necessidade de alertar a popula\u00e7\u00e3o sobre riscos de sa\u00fade associados e preparar estrat\u00e9gias para prevenir desidrata\u00e7\u00e3o e outras condi\u00e7\u00f5es relacionadas ao calor.<\/p>\n<h2>Alertas do Inmet e o que significam<\/h2>\n<p>Os alertas do Instituto Nacional de Meteorologia (Inmet) s\u00e3o ferramentas essenciais na comunica\u00e7\u00e3o de riscos relacionados ao clima. Quando o Inmet emite um alerta de perigo amarelo, indica que uma onda de calor com potencial moderado a alto est\u00e1 prevista, ou seja, \u00e9 necess\u00e1rio ter aten\u00e7\u00e3o e tomar precau\u00e7\u00f5es adequadas.<\/p>\n<p>O alerta laranja indica um perigo maior e requer que os cidad\u00e3os tomem medidas mais rigorosas para mitiga\u00e7\u00e3o dos riscos, enquanto o alerta vermelho sinaliza um perigo extremo e a prote\u00e7\u00e3o deve ser a prioridade m\u00e1xima. Esses avisos t\u00eam um papel educativo e preventivo, orientando a popula\u00e7\u00e3o a proteger-se adequadamente.<\/p>\n<p>Compreender esses alertas, sua classifica\u00e7\u00e3o e a resposta adequada \u00e9 fundamental para garantir a sa\u00fade e a seguran\u00e7a da popula\u00e7\u00e3o durante per\u00edodos de calor intenso e extremo.<\/p>\n\n<div style=\"font-size: 0px; height: 0px; line-height: 0px; margin: 0; padding: 0; clear: both;\"><\/div>","protected":false},"excerpt":{"rendered":"<p>Calor em MG: Inmet alerta Grande BH sobre altas temperaturas perigosas.<\/p>\n","protected":false},"author":1,"featured_media":3381,"comment_status":"closed","ping_status":"closed","sticky":false,"template":"","format":"standard","meta":{"footnotes":""},"categories":[6],"tags":[],"class_list":["post-3382","post","type-post","status-publish","format-standard","has-post-thumbnail","hentry","category-noticias","has_thumb"],"aioseo_notices":[],"aioseo_head":"\n\t\t<!-- All in One SEO 5.0.0.1 - aioseo.com -->\n\t<meta name=\"description\" content=\"Calor em MG: Inmet alerta Grande BH sobre altas temperaturas perigosas.\" \/>\n\t<meta name=\"robots\" content=\"max-image-preview:large\" \/>\n\t<meta name=\"author\" content=\"Encontra Belo Horizonte\"\/>\n\t<link rel=\"canonical\" href=\"https:\/\/www.encontrabelohorizonte.com.br\/sobre\/calor-em-mg-aviso-do-inmet-deixa-grande-bh-e-regioes-do-estado-sob-perigo-potencial-por-alta-temperatura\/\" \/>\n\t<meta name=\"generator\" content=\"All in One SEO (AIOSEO) 5.0.0.1\" \/>\n\t\t<meta property=\"og:locale\" content=\"pt_BR\" \/>\n\t\t<meta property=\"og:site_name\" content=\"Encontra Belo Horizonte | Not\u00edcias, eventos, informa\u00e7\u00f5es e dicas da cidade de Belo Horizonte e regi\u00e3o\" \/>\n\t\t<meta property=\"og:type\" content=\"article\" \/>\n\t\t<meta property=\"og:title\" content=\"Calor em MG: aviso do Inmet deixa Grande BH e regi\u00f5es do estado sob perigo potencial por alta temperatura | Encontra Belo Horizonte\" \/>\n\t\t<meta property=\"og:description\" content=\"Calor em MG: Inmet alerta Grande BH sobre altas temperaturas perigosas.\" \/>\n\t\t<meta property=\"og:url\" content=\"https:\/\/www.encontrabelohorizonte.com.br\/sobre\/calor-em-mg-aviso-do-inmet-deixa-grande-bh-e-regioes-do-estado-sob-perigo-potencial-por-alta-temperatura\/\" \/>\n\t\t<meta property=\"article:published_time\" content=\"2025-12-27T15:46:00+00:00\" \/>\n\t\t<meta property=\"article:modified_time\" content=\"2025-12-27T15:46:00+00:00\" \/>\n\t\t<meta name=\"twitter:card\" content=\"summary\" \/>\n\t\t<meta name=\"twitter:title\" content=\"Calor em MG: aviso do Inmet deixa Grande BH e regi\u00f5es do estado sob perigo potencial por alta temperatura | Encontra Belo Horizonte\" \/>\n\t\t<meta name=\"twitter:description\" content=\"Calor em MG: Inmet alerta Grande BH sobre altas temperaturas perigosas.\" \/>\n\t\t<script type=\"application\/ld+json\" class=\"aioseo-schema\">\n\t\t\t{\"@context\":\"https:\\\/\\\/schema.org\",\"@graph\":[{\"@type\":\"Article\",\"@id\":\"https:\\\/\\\/www.encontrabelohorizonte.com.br\\\/sobre\\\/calor-em-mg-aviso-do-inmet-deixa-grande-bh-e-regioes-do-estado-sob-perigo-potencial-por-alta-temperatura\\\/#article\",\"name\":\"Calor em MG: aviso do Inmet deixa Grande BH e regi\\u00f5es do estado sob perigo potencial por alta temperatura | Encontra Belo Horizonte\",\"headline\":\"Calor em MG: aviso do Inmet deixa Grande BH e regi\\u00f5es do estado sob perigo potencial por alta temperatura\",\"author\":{\"@id\":\"https:\\\/\\\/www.encontrabelohorizonte.com.br\\\/sobre\\\/author\\\/ebelohorizonte\\\/#author\"},\"publisher\":{\"@id\":\"https:\\\/\\\/www.encontrabelohorizonte.com.br\\\/sobre\\\/#organization\"},\"image\":{\"@type\":\"ImageObject\",\"url\":\"https:\\\/\\\/www.encontrabelohorizonte.com.br\\\/sobre\\\/wp-content\\\/uploads\\\/calor-em-mg-aviso-do-inmet-deixa-grande-bh-e-regioes-do-estado-sob-perigo-potencial-por-alta-tempera.webp\",\"width\":320,\"height\":280,\"caption\":\"calor em MG\"},\"datePublished\":\"2025-12-27T12:46:00-03:00\",\"dateModified\":\"2025-12-27T12:46:00-03:00\",\"inLanguage\":\"pt-BR\",\"mainEntityOfPage\":{\"@id\":\"https:\\\/\\\/www.encontrabelohorizonte.com.br\\\/sobre\\\/calor-em-mg-aviso-do-inmet-deixa-grande-bh-e-regioes-do-estado-sob-perigo-potencial-por-alta-temperatura\\\/#webpage\"},\"isPartOf\":{\"@id\":\"https:\\\/\\\/www.encontrabelohorizonte.com.br\\\/sobre\\\/calor-em-mg-aviso-do-inmet-deixa-grande-bh-e-regioes-do-estado-sob-perigo-potencial-por-alta-temperatura\\\/#webpage\"},\"articleSection\":\"Not\\u00edcias Belo Horizonte\"},{\"@type\":\"BreadcrumbList\",\"@id\":\"https:\\\/\\\/www.encontrabelohorizonte.com.br\\\/sobre\\\/calor-em-mg-aviso-do-inmet-deixa-grande-bh-e-regioes-do-estado-sob-perigo-potencial-por-alta-temperatura\\\/#breadcrumblist\",\"itemListElement\":[{\"@type\":\"ListItem\",\"@id\":\"https:\\\/\\\/www.encontrabelohorizonte.com.br\\\/sobre#listItem\",\"position\":1,\"name\":\"In\\u00edcio\",\"item\":\"https:\\\/\\\/www.encontrabelohorizonte.com.br\\\/sobre\",\"nextItem\":{\"@type\":\"ListItem\",\"@id\":\"https:\\\/\\\/www.encontrabelohorizonte.com.br\\\/sobre\\\/noticias\\\/#listItem\",\"name\":\"Not\\u00edcias Belo Horizonte\"}},{\"@type\":\"ListItem\",\"@id\":\"https:\\\/\\\/www.encontrabelohorizonte.com.br\\\/sobre\\\/noticias\\\/#listItem\",\"position\":2,\"name\":\"Not\\u00edcias Belo Horizonte\",\"item\":\"https:\\\/\\\/www.encontrabelohorizonte.com.br\\\/sobre\\\/noticias\\\/\",\"nextItem\":{\"@type\":\"ListItem\",\"@id\":\"https:\\\/\\\/www.encontrabelohorizonte.com.br\\\/sobre\\\/calor-em-mg-aviso-do-inmet-deixa-grande-bh-e-regioes-do-estado-sob-perigo-potencial-por-alta-temperatura\\\/#listItem\",\"name\":\"Calor em MG: aviso do Inmet deixa Grande BH e regi\\u00f5es do estado sob perigo potencial por alta temperatura\"},\"previousItem\":{\"@type\":\"ListItem\",\"@id\":\"https:\\\/\\\/www.encontrabelohorizonte.com.br\\\/sobre#listItem\",\"name\":\"In\\u00edcio\"}},{\"@type\":\"ListItem\",\"@id\":\"https:\\\/\\\/www.encontrabelohorizonte.com.br\\\/sobre\\\/calor-em-mg-aviso-do-inmet-deixa-grande-bh-e-regioes-do-estado-sob-perigo-potencial-por-alta-temperatura\\\/#listItem\",\"position\":3,\"name\":\"Calor em MG: aviso do Inmet deixa Grande BH e regi\\u00f5es do estado sob perigo potencial por alta temperatura\",\"previousItem\":{\"@type\":\"ListItem\",\"@id\":\"https:\\\/\\\/www.encontrabelohorizonte.com.br\\\/sobre\\\/noticias\\\/#listItem\",\"name\":\"Not\\u00edcias Belo Horizonte\"}}]},{\"@type\":\"Organization\",\"@id\":\"https:\\\/\\\/www.encontrabelohorizonte.com.br\\\/sobre\\\/#organization\",\"name\":\"Encontra Belo Horizonte\",\"description\":\"Not\\u00edcias, eventos, informa\\u00e7\\u00f5es e dicas da cidade de Belo Horizonte e regi\\u00e3o\",\"url\":\"https:\\\/\\\/www.encontrabelohorizonte.com.br\\\/sobre\\\/\"},{\"@type\":\"Person\",\"@id\":\"https:\\\/\\\/www.encontrabelohorizonte.com.br\\\/sobre\\\/author\\\/ebelohorizonte\\\/#author\",\"url\":\"https:\\\/\\\/www.encontrabelohorizonte.com.br\\\/sobre\\\/author\\\/ebelohorizonte\\\/\",\"name\":\"Encontra Belo Horizonte\",\"image\":{\"@type\":\"ImageObject\",\"@id\":\"https:\\\/\\\/www.encontrabelohorizonte.com.br\\\/sobre\\\/calor-em-mg-aviso-do-inmet-deixa-grande-bh-e-regioes-do-estado-sob-perigo-potencial-por-alta-temperatura\\\/#authorImage\",\"url\":\"https:\\\/\\\/secure.gravatar.com\\\/avatar\\\/507340682b8270222e1f208e23198b6ae7e2c6a1033ae84e99bc6bce4f82a387?s=96&d=mm&r=g\",\"width\":96,\"height\":96,\"caption\":\"Encontra Belo Horizonte\"}},{\"@type\":\"WebPage\",\"@id\":\"https:\\\/\\\/www.encontrabelohorizonte.com.br\\\/sobre\\\/calor-em-mg-aviso-do-inmet-deixa-grande-bh-e-regioes-do-estado-sob-perigo-potencial-por-alta-temperatura\\\/#webpage\",\"url\":\"https:\\\/\\\/www.encontrabelohorizonte.com.br\\\/sobre\\\/calor-em-mg-aviso-do-inmet-deixa-grande-bh-e-regioes-do-estado-sob-perigo-potencial-por-alta-temperatura\\\/\",\"name\":\"Calor em MG: aviso do Inmet deixa Grande BH e regi\\u00f5es do estado sob perigo potencial por alta temperatura | Encontra Belo Horizonte\",\"description\":\"Calor em MG: Inmet alerta Grande BH sobre altas temperaturas perigosas.\",\"inLanguage\":\"pt-BR\",\"isPartOf\":{\"@id\":\"https:\\\/\\\/www.encontrabelohorizonte.com.br\\\/sobre\\\/#website\"},\"breadcrumb\":{\"@id\":\"https:\\\/\\\/www.encontrabelohorizonte.com.br\\\/sobre\\\/calor-em-mg-aviso-do-inmet-deixa-grande-bh-e-regioes-do-estado-sob-perigo-potencial-por-alta-temperatura\\\/#breadcrumblist\"},\"author\":{\"@id\":\"https:\\\/\\\/www.encontrabelohorizonte.com.br\\\/sobre\\\/author\\\/ebelohorizonte\\\/#author\"},\"creator\":{\"@id\":\"https:\\\/\\\/www.encontrabelohorizonte.com.br\\\/sobre\\\/author\\\/ebelohorizonte\\\/#author\"},\"image\":{\"@type\":\"ImageObject\",\"url\":\"https:\\\/\\\/www.encontrabelohorizonte.com.br\\\/sobre\\\/wp-content\\\/uploads\\\/calor-em-mg-aviso-do-inmet-deixa-grande-bh-e-regioes-do-estado-sob-perigo-potencial-por-alta-tempera.webp\",\"@id\":\"https:\\\/\\\/www.encontrabelohorizonte.com.br\\\/sobre\\\/calor-em-mg-aviso-do-inmet-deixa-grande-bh-e-regioes-do-estado-sob-perigo-potencial-por-alta-temperatura\\\/#mainImage\",\"width\":320,\"height\":280,\"caption\":\"calor em MG\"},\"primaryImageOfPage\":{\"@id\":\"https:\\\/\\\/www.encontrabelohorizonte.com.br\\\/sobre\\\/calor-em-mg-aviso-do-inmet-deixa-grande-bh-e-regioes-do-estado-sob-perigo-potencial-por-alta-temperatura\\\/#mainImage\"},\"datePublished\":\"2025-12-27T12:46:00-03:00\",\"dateModified\":\"2025-12-27T12:46:00-03:00\"},{\"@type\":\"WebSite\",\"@id\":\"https:\\\/\\\/www.encontrabelohorizonte.com.br\\\/sobre\\\/#website\",\"url\":\"https:\\\/\\\/www.encontrabelohorizonte.com.br\\\/sobre\\\/\",\"name\":\"Encontra Belo Horizonte\",\"description\":\"Not\\u00edcias, eventos, informa\\u00e7\\u00f5es e dicas da cidade de Belo Horizonte e regi\\u00e3o\",\"inLanguage\":\"pt-BR\",\"publisher\":{\"@id\":\"https:\\\/\\\/www.encontrabelohorizonte.com.br\\\/sobre\\\/#organization\"}}]}\n\t\t<\/script>\n\t\t<!-- All in One SEO -->\n\n","aioseo_head_json":{"title":"Calor em MG: aviso do Inmet deixa Grande BH e regi\u00f5es do estado sob perigo potencial por alta temperatura | Encontra Belo Horizonte","description":"Calor em MG: Inmet alerta Grande BH sobre altas temperaturas perigosas.","canonical_url":"https:\/\/www.encontrabelohorizonte.com.br\/sobre\/calor-em-mg-aviso-do-inmet-deixa-grande-bh-e-regioes-do-estado-sob-perigo-potencial-por-alta-temperatura\/","robots":"max-image-preview:large","keywords":"","webmasterTools":{"miscellaneous":""},"schema":{"@context":"https:\/\/schema.org","@graph":[{"@type":"Article","@id":"https:\/\/www.encontrabelohorizonte.com.br\/sobre\/calor-em-mg-aviso-do-inmet-deixa-grande-bh-e-regioes-do-estado-sob-perigo-potencial-por-alta-temperatura\/#article","name":"Calor em MG: aviso do Inmet deixa Grande BH e regi\u00f5es do estado sob perigo potencial por alta temperatura | Encontra Belo Horizonte","headline":"Calor em MG: aviso do Inmet deixa Grande BH e regi\u00f5es do estado sob perigo potencial por alta temperatura","author":{"@id":"https:\/\/www.encontrabelohorizonte.com.br\/sobre\/author\/ebelohorizonte\/#author"},"publisher":{"@id":"https:\/\/www.encontrabelohorizonte.com.br\/sobre\/#organization"},"image":{"@type":"ImageObject","url":"https:\/\/www.encontrabelohorizonte.com.br\/sobre\/wp-content\/uploads\/calor-em-mg-aviso-do-inmet-deixa-grande-bh-e-regioes-do-estado-sob-perigo-potencial-por-alta-tempera.webp","width":320,"height":280,"caption":"calor em MG"},"datePublished":"2025-12-27T12:46:00-03:00","dateModified":"2025-12-27T12:46:00-03:00","inLanguage":"pt-BR","mainEntityOfPage":{"@id":"https:\/\/www.encontrabelohorizonte.com.br\/sobre\/calor-em-mg-aviso-do-inmet-deixa-grande-bh-e-regioes-do-estado-sob-perigo-potencial-por-alta-temperatura\/#webpage"},"isPartOf":{"@id":"https:\/\/www.encontrabelohorizonte.com.br\/sobre\/calor-em-mg-aviso-do-inmet-deixa-grande-bh-e-regioes-do-estado-sob-perigo-potencial-por-alta-temperatura\/#webpage"},"articleSection":"Not\u00edcias Belo Horizonte"},{"@type":"BreadcrumbList","@id":"https:\/\/www.encontrabelohorizonte.com.br\/sobre\/calor-em-mg-aviso-do-inmet-deixa-grande-bh-e-regioes-do-estado-sob-perigo-potencial-por-alta-temperatura\/#breadcrumblist","itemListElement":[{"@type":"ListItem","@id":"https:\/\/www.encontrabelohorizonte.com.br\/sobre#listItem","position":1,"name":"In\u00edcio","item":"https:\/\/www.encontrabelohorizonte.com.br\/sobre","nextItem":{"@type":"ListItem","@id":"https:\/\/www.encontrabelohorizonte.com.br\/sobre\/noticias\/#listItem","name":"Not\u00edcias Belo Horizonte"}},{"@type":"ListItem","@id":"https:\/\/www.encontrabelohorizonte.com.br\/sobre\/noticias\/#listItem","position":2,"name":"Not\u00edcias Belo Horizonte","item":"https:\/\/www.encontrabelohorizonte.com.br\/sobre\/noticias\/","nextItem":{"@type":"ListItem","@id":"https:\/\/www.encontrabelohorizonte.com.br\/sobre\/calor-em-mg-aviso-do-inmet-deixa-grande-bh-e-regioes-do-estado-sob-perigo-potencial-por-alta-temperatura\/#listItem","name":"Calor em MG: aviso do Inmet deixa Grande BH e regi\u00f5es do estado sob perigo potencial por alta temperatura"},"previousItem":{"@type":"ListItem","@id":"https:\/\/www.encontrabelohorizonte.com.br\/sobre#listItem","name":"In\u00edcio"}},{"@type":"ListItem","@id":"https:\/\/www.encontrabelohorizonte.com.br\/sobre\/calor-em-mg-aviso-do-inmet-deixa-grande-bh-e-regioes-do-estado-sob-perigo-potencial-por-alta-temperatura\/#listItem","position":3,"name":"Calor em MG: aviso do Inmet deixa Grande BH e regi\u00f5es do estado sob perigo potencial por alta temperatura","previousItem":{"@type":"ListItem","@id":"https:\/\/www.encontrabelohorizonte.com.br\/sobre\/noticias\/#listItem","name":"Not\u00edcias Belo Horizonte"}}]},{"@type":"Organization","@id":"https:\/\/www.encontrabelohorizonte.com.br\/sobre\/#organization","name":"Encontra Belo Horizonte","description":"Not\u00edcias, eventos, informa\u00e7\u00f5es e dicas da cidade de Belo Horizonte e regi\u00e3o","url":"https:\/\/www.encontrabelohorizonte.com.br\/sobre\/"},{"@type":"Person","@id":"https:\/\/www.encontrabelohorizonte.com.br\/sobre\/author\/ebelohorizonte\/#author","url":"https:\/\/www.encontrabelohorizonte.com.br\/sobre\/author\/ebelohorizonte\/","name":"Encontra Belo Horizonte","image":{"@type":"ImageObject","@id":"https:\/\/www.encontrabelohorizonte.com.br\/sobre\/calor-em-mg-aviso-do-inmet-deixa-grande-bh-e-regioes-do-estado-sob-perigo-potencial-por-alta-temperatura\/#authorImage","url":"https:\/\/secure.gravatar.com\/avatar\/507340682b8270222e1f208e23198b6ae7e2c6a1033ae84e99bc6bce4f82a387?s=96&d=mm&r=g","width":96,"height":96,"caption":"Encontra Belo Horizonte"}},{"@type":"WebPage","@id":"https:\/\/www.encontrabelohorizonte.com.br\/sobre\/calor-em-mg-aviso-do-inmet-deixa-grande-bh-e-regioes-do-estado-sob-perigo-potencial-por-alta-temperatura\/#webpage","url":"https:\/\/www.encontrabelohorizonte.com.br\/sobre\/calor-em-mg-aviso-do-inmet-deixa-grande-bh-e-regioes-do-estado-sob-perigo-potencial-por-alta-temperatura\/","name":"Calor em MG: aviso do Inmet deixa Grande BH e regi\u00f5es do estado sob perigo potencial por alta temperatura | Encontra Belo Horizonte","description":"Calor em MG: Inmet alerta Grande BH sobre altas temperaturas perigosas.","inLanguage":"pt-BR","isPartOf":{"@id":"https:\/\/www.encontrabelohorizonte.com.br\/sobre\/#website"},"breadcrumb":{"@id":"https:\/\/www.encontrabelohorizonte.com.br\/sobre\/calor-em-mg-aviso-do-inmet-deixa-grande-bh-e-regioes-do-estado-sob-perigo-potencial-por-alta-temperatura\/#breadcrumblist"},"author":{"@id":"https:\/\/www.encontrabelohorizonte.com.br\/sobre\/author\/ebelohorizonte\/#author"},"creator":{"@id":"https:\/\/www.encontrabelohorizonte.com.br\/sobre\/author\/ebelohorizonte\/#author"},"image":{"@type":"ImageObject","url":"https:\/\/www.encontrabelohorizonte.com.br\/sobre\/wp-content\/uploads\/calor-em-mg-aviso-do-inmet-deixa-grande-bh-e-regioes-do-estado-sob-perigo-potencial-por-alta-tempera.webp","@id":"https:\/\/www.encontrabelohorizonte.com.br\/sobre\/calor-em-mg-aviso-do-inmet-deixa-grande-bh-e-regioes-do-estado-sob-perigo-potencial-por-alta-temperatura\/#mainImage","width":320,"height":280,"caption":"calor em MG"},"primaryImageOfPage":{"@id":"https:\/\/www.encontrabelohorizonte.com.br\/sobre\/calor-em-mg-aviso-do-inmet-deixa-grande-bh-e-regioes-do-estado-sob-perigo-potencial-por-alta-temperatura\/#mainImage"},"datePublished":"2025-12-27T12:46:00-03:00","dateModified":"2025-12-27T12:46:00-03:00"},{"@type":"WebSite","@id":"https:\/\/www.encontrabelohorizonte.com.br\/sobre\/#website","url":"https:\/\/www.encontrabelohorizonte.com.br\/sobre\/","name":"Encontra Belo Horizonte","description":"Not\u00edcias, eventos, informa\u00e7\u00f5es e dicas da cidade de Belo Horizonte e regi\u00e3o","inLanguage":"pt-BR","publisher":{"@id":"https:\/\/www.encontrabelohorizonte.com.br\/sobre\/#organization"}}]},"og:locale":"pt_BR","og:site_name":"Encontra Belo Horizonte | Not\u00edcias, eventos, informa\u00e7\u00f5es e dicas da cidade de Belo Horizonte e regi\u00e3o","og:type":"article","og:title":"Calor em MG: aviso do Inmet deixa Grande BH e regi\u00f5es do estado sob perigo potencial por alta temperatura | Encontra Belo Horizonte","og:description":"Calor em MG: Inmet alerta Grande BH sobre altas temperaturas perigosas.","og:url":"https:\/\/www.encontrabelohorizonte.com.br\/sobre\/calor-em-mg-aviso-do-inmet-deixa-grande-bh-e-regioes-do-estado-sob-perigo-potencial-por-alta-temperatura\/","article:published_time":"2025-12-27T15:46:00+00:00","article:modified_time":"2025-12-27T15:46:00+00:00","twitter:card":"summary","twitter:title":"Calor em MG: aviso do Inmet deixa Grande BH e regi\u00f5es do estado sob perigo potencial por alta temperatura | Encontra Belo Horizonte","twitter:description":"Calor em MG: Inmet alerta Grande BH sobre altas temperaturas perigosas."},"aioseo_meta_data":{"post_id":"3382","title":null,"description":null,"keywords":null,"keyphrases":null,"primary_term":null,"canonical_url":null,"og_title":null,"og_description":null,"og_object_type":"default","og_image_type":"default","og_image_url":null,"og_image_width":null,"og_image_height":null,"og_image_custom_url":null,"og_image_custom_fields":null,"og_video":null,"og_custom_url":null,"og_article_section":null,"og_article_tags":null,"twitter_use_og":false,"twitter_card":"default","twitter_image_type":"default","twitter_image_url":null,"twitter_image_custom_url":null,"twitter_image_custom_fields":null,"twitter_title":null,"twitter_description":null,"schema":{"blockGraphs":[],"customGraphs":[],"default":{"data":{"Article":[],"Course":[],"Dataset":[],"FAQPage":[],"Movie":[],"Person":[],"Product":[],"ProductReview":[],"Car":[],"Recipe":[],"Service":[],"SoftwareApplication":[],"WebPage":[]},"graphName":"Article","isEnabled":true},"graphs":[]},"schema_type":"default","schema_type_options":null,"pillar_content":false,"robots_default":true,"robots_noindex":false,"robots_noarchive":false,"robots_nosnippet":false,"robots_nofollow":false,"robots_noimageindex":false,"robots_noodp":false,"robots_notranslate":false,"robots_max_snippet":null,"robots_max_videopreview":null,"robots_max_imagepreview":"large","priority":null,"frequency":null,"local_seo":null,"breadcrumb_settings":null,"limit_modified_date":false,"ai":null,"created":"2025-12-27 16:32:51","updated":"2025-12-27 16:52:31","focus_keyword":null,"additional_keywords":null,"truseo_locale":null,"seo_analyzer_scan_date":null},"aioseo_breadcrumb":"<div class=\"aioseo-breadcrumbs\"><span class=\"aioseo-breadcrumb\">\n\t\t\t<a href=\"https:\/\/www.encontrabelohorizonte.com.br\/sobre\" title=\"In\u00edcio\">In\u00edcio<\/a>\n\t\t<\/span><span class=\"aioseo-breadcrumb-separator\">&raquo;<\/span><span class=\"aioseo-breadcrumb\">\n\t\t\t<a href=\"https:\/\/www.encontrabelohorizonte.com.br\/sobre\/noticias\/\" title=\"Not\u00edcias Belo Horizonte\">Not\u00edcias Belo Horizonte<\/a>\n\t\t<\/span><span class=\"aioseo-breadcrumb-separator\">&raquo;<\/span><span class=\"aioseo-breadcrumb\">\n\t\t\tCalor em MG: aviso do Inmet deixa Grande BH e regi\u00f5es do estado sob perigo potencial por alta temperatura\n\t\t<\/span><\/div>","aioseo_breadcrumb_json":[{"label":"In\u00edcio","link":"https:\/\/www.encontrabelohorizonte.com.br\/sobre"},{"label":"Not\u00edcias Belo Horizonte","link":"https:\/\/www.encontrabelohorizonte.com.br\/sobre\/noticias\/"},{"label":"Calor em MG: aviso do Inmet deixa Grande BH e regi\u00f5es do estado sob perigo potencial por alta temperatura","link":"https:\/\/www.encontrabelohorizonte.com.br\/sobre\/calor-em-mg-aviso-do-inmet-deixa-grande-bh-e-regioes-do-estado-sob-perigo-potencial-por-alta-temperatura\/"}],"_links":{"self":[{"href":"https:\/\/www.encontrabelohorizonte.com.br\/sobre\/wp-json\/wp\/v2\/posts\/3382","targetHints":{"allow":["GET"]}}],"collection":[{"href":"https:\/\/www.encontrabelohorizonte.com.br\/sobre\/wp-json\/wp\/v2\/posts"}],"about":[{"href":"https:\/\/www.encontrabelohorizonte.com.br\/sobre\/wp-json\/wp\/v2\/types\/post"}],"author":[{"embeddable":true,"href":"https:\/\/www.encontrabelohorizonte.com.br\/sobre\/wp-json\/wp\/v2\/users\/1"}],"replies":[{"embeddable":true,"href":"https:\/\/www.encontrabelohorizonte.com.br\/sobre\/wp-json\/wp\/v2\/comments?post=3382"}],"version-history":[{"count":0,"href":"https:\/\/www.encontrabelohorizonte.com.br\/sobre\/wp-json\/wp\/v2\/posts\/3382\/revisions"}],"wp:featuredmedia":[{"embeddable":true,"href":"https:\/\/www.encontrabelohorizonte.com.br\/sobre\/wp-json\/wp\/v2\/media\/3381"}],"wp:attachment":[{"href":"https:\/\/www.encontrabelohorizonte.com.br\/sobre\/wp-json\/wp\/v2\/media?parent=3382"}],"wp:term":[{"taxonomy":"category","embeddable":true,"href":"https:\/\/www.encontrabelohorizonte.com.br\/sobre\/wp-json\/wp\/v2\/categories?post=3382"},{"taxonomy":"post_tag","embeddable":true,"href":"https:\/\/www.encontrabelohorizonte.com.br\/sobre\/wp-json\/wp\/v2\/tags?post=3382"}],"curies":[{"name":"wp","href":"https:\/\/api.w.org\/{rel}","templated":true}]}}