{"id":3386,"date":"2025-12-27T10:31:00","date_gmt":"2025-12-27T13:31:00","guid":{"rendered":"https:\/\/www.encontrabelohorizonte.com.br\/sobre\/governo-de-minas-garante-participacao-de-artesaos-na-36a-feira-nacional-do-artesanato-em-belo-horizonte\/"},"modified":"2025-12-27T10:31:00","modified_gmt":"2025-12-27T13:31:00","slug":"governo-de-minas-garante-participacao-de-artesaos-na-36a-feira-nacional-do-artesanato-em-belo-horizonte","status":"publish","type":"post","link":"https:\/\/www.encontrabelohorizonte.com.br\/sobre\/governo-de-minas-garante-participacao-de-artesaos-na-36a-feira-nacional-do-artesanato-em-belo-horizonte\/","title":{"rendered":"Governo de Minas garante participa\u00e7\u00e3o de artes\u00e3os na 36\u00aa Feira Nacional do Artesanato em Belo Horizonte"},"content":{"rendered":"<div class=\"2e083cf0b19e2c11948dc6ac054ba979\" data-index=\"1\" style=\"float: none; margin:0px;\">\n<!-- Anuncio display - global -->\r\n<ins class=\"adsbygoogle\"\r\n     style=\"display:block\"\r\n     data-ad-client=\"ca-pub-8585364105181520\"\r\n     data-ad-slot=\"8789329856\"\r\n     data-ad-format=\"auto\"\r\n     data-full-width-responsive=\"true\"><\/ins>\r\n<script>\r\n     (adsbygoogle = window.adsbygoogle || []).push({});\r\n<\/script>\n<\/div>\n<h2>Apoio do Governo para o Artesanato<\/h2>\n<p>O governo de Minas Gerais tem demonstrado um forte compromisso com o desenvolvimento do artesanato no estado. Por meio da <strong>Secretaria de Estado de Desenvolvimento Econ\u00f4mico de Minas Gerais (Sede-MG)<\/strong>, diversas iniciativas t\u00eam sido implementadas para apoiar os artes\u00e3os locais, promovendo a cultura e a economia regional. Uma das a\u00e7\u00f5es mais significativas \u00e9 a participa\u00e7\u00e3o cont\u00ednua na <strong>Feira Nacional do Artesanato<\/strong>, que \u00e9 considerada um dos maiores eventos do setor na Am\u00e9rica Latina.<\/p>\n<p>Al\u00e9m da presen\u00e7a na feira, o governo oferece estandes gratuitos onde os artes\u00e3os podem expor e vender seus produtos. Essa iniciativa n\u00e3o apenas proporciona visibilidade aos trabalhos manuais, mas tamb\u00e9m abre portas para novos mercados e clientes. O suporte \u00e9 essencial, visto que muitos artes\u00e3os enfrentam desafios financeiros e log\u00edsticos ao tentar comercializar suas produ\u00e7\u00f5es de forma independente.<\/p>\n<p>O compromisso do governo vai al\u00e9m da participa\u00e7\u00e3o em eventos. H\u00e1 tamb\u00e9m a cria\u00e7\u00e3o de editais de chamamento p\u00fablico que possibilitam a todos os artes\u00e3os do estado se inscreverem e garantirem a participa\u00e7\u00e3o em feiras e exposi\u00e7\u00f5es. Isso resulta em um aumento significativo na quantidade de artes\u00e3os que recebem apoio, refletindo diretamente na valoriza\u00e7\u00e3o do artesanato mineiro e na preserva\u00e7\u00e3o das tradi\u00e7\u00f5es culturais locais.<\/p>\n<p><img decoding=\"async\" src=\"https:\/\/www.encontrabelohorizonte.com.br\/sobre\/wp-content\/uploads\/governo-de-minas-garante-participacao-de-artesaos-na-36-feira-nacional-do-artesanato-em-belo-horizon.webp\" alt=\"Governo de Minas e Artes\u00e3os na Feira Nacional do Artesanato\" loading=\"lazy\" \/><\/p>\n<h2>Participa\u00e7\u00e3o de Artes\u00e3os de 70 Cidades<\/h2>\n<p>A 36\u00aa edi\u00e7\u00e3o da Feira Nacional do Artesanato reunir\u00e1 artes\u00e3os de mais de <strong>70 munic\u00edpios mineiros<\/strong>. Esta diversidade geogr\u00e1fica \u00e9 um reflexo da rica tape\u00e7aria cultural que Minas Gerais possui. Cada cidade traz sua identidade, enfatizando pr\u00e1ticas artesanais que foram transmitidas de gera\u00e7\u00e3o em gera\u00e7\u00e3o.<\/p>\n<p>Essa participa\u00e7\u00e3o massiva \u00e9 um passo importante para os artes\u00e3os, pois al\u00e9m de expor seus produtos, eles t\u00eam a chance de interagir e trocar experi\u00eancias com outros criadores. O evento se torna uma plataforma para networking e aprendizado, onde t\u00e9cnicas e ideias podem ser compartilhadas, enriquecendo ainda mais a cultura artesanal do estado.<\/p>\n<p>Os artes\u00e3os estar\u00e3o representando diversas \u00e1reas e modalidades do artesanato, incluindo cer\u00e2mica, tecelagem, marcenaria e muitas outras. Essa variedade n\u00e3o s\u00f3 atrai um p\u00fablico diversificado, mas tamb\u00e9m promove um di\u00e1logo sobre as diferentes express\u00f5es culturais que Minas Gerais abriga. Assim, a feira se torna um espa\u00e7o de celebra\u00e7\u00e3o da criatividade e da inova\u00e7\u00e3o no artesanato.<\/p>\n<h2>Tema Central: Sustentabilidade<\/h2>\n<p>O tema central desta edi\u00e7\u00e3o da feira \u00e9 a <strong>sustentabilidade<\/strong>, que reflete uma preocupa\u00e7\u00e3o crescente com as quest\u00f5es ambientais e sociais relacionadas \u00e0 produ\u00e7\u00e3o artesanal. Nesse contexto, o evento buscar\u00e1 promover pr\u00e1ticas respons\u00e1veis, tanto na produ\u00e7\u00e3o quanto no consumo de produtos artesanais.<\/p>\n<p>A sustentabilidade \u00e9 um conceito que transcende a mera utiliza\u00e7\u00e3o de materiais ecologicamente corretos. Envolve tamb\u00e9m a maneira como os artes\u00e3os se conectam com suas comunidades, valorizando tradi\u00e7\u00f5es e fazendo uso consciente dos recursos dispon\u00edveis. Ao abordar esse tema, a feira incentiva os expositores e o p\u00fablico a refletirem sobre o impacto de suas escolhas.<\/p>\n<p>As discuss\u00f5es sobre sustentabilidade na feira incluir\u00e3o oficinas pr\u00e1ticas, palestras e pain\u00e9is sobre como as tradi\u00e7\u00f5es podem se alinhar com as necessidades contempor\u00e2neas. Assim, o evento n\u00e3o s\u00f3 promove o artesanato, mas tamb\u00e9m educa os participantes sobre a import\u00e2ncia de pr\u00e1ticas que respeitam o meio ambiente. A ideia \u00e9 inspirar uma nova gera\u00e7\u00e3o de consumidores que valorizem produtos feitos com \u00e9tica e responsabilidade.<\/p>\n<h2>Vagas Dispon\u00edveis para Artes\u00e3os<\/h2>\n<p>Nesta edi\u00e7\u00e3o da feira, o governo disponibilizou <strong>60 vagas<\/strong>, divididas entre 35 para artes\u00e3os individuais e 25 para entidades representativas, como associa\u00e7\u00f5es e cooperativas de artes\u00e3os. Essa estrutura foi pensada para que diversos agentes do setor pudessem se fazer representar, garantindo uma ampla diversidade de produtos e experi\u00eancias.<\/p>\n<p>A sele\u00e7\u00e3o dos artes\u00e3os foi realizada atrav\u00e9s de um <strong>edital de chamamento p\u00fablico<\/strong>, que garante um processo transparente e democr\u00e1tico. Esse mecanismo permite que artistas com diferentes n\u00edveis de experi\u00eancia e de diferentes regi\u00f5es do estado tenham uma chance justa de expor seu trabalho. Ao garantir que tanto artistas novos quanto estabelecidos tenham a chance de participar, o governo promove a inclus\u00e3o e a diversidade no setor.<\/p>\n<p>Essa iniciativa n\u00e3o s\u00f3 potencializa a participa\u00e7\u00e3o de mais artes\u00e3os, mas tamb\u00e9m fortalece a ideia de que o artesanato n\u00e3o \u00e9 apenas uma atividade econ\u00f4mica, mas uma forma de express\u00e3o cultural que merece ser celebrada e apoiada por todos os segmentos da sociedade.<\/p>\n<h2>Estantes e Programa\u00e7\u00e3o do Evento<\/h2>\n<p>Durante os cinco dias que a feira ocorrer\u00e1 no <strong>Expominas, em Belo Horizonte<\/strong>, o espa\u00e7o contar\u00e1 com <strong>700 estandes<\/strong> dedicados a artes\u00e3os de todo o Brasil. Esse n\u00famero representa uma amplia\u00e7\u00e3o significativa em rela\u00e7\u00e3o \u00e0s edi\u00e7\u00f5es anteriores, demonstrando o crescimento e o aumento do interesse por parte dos expositores e visitantes.<\/p>\n<p>Al\u00e9m dos estandes de comercializa\u00e7\u00e3o, a feira apresentar\u00e1 uma programa\u00e7\u00e3o variada que incluir\u00e1 <strong>oficinas de artesanato<\/strong>, onde os participantes poder\u00e3o aprender t\u00e9cnicas diretamente com os artes\u00e3os. Essas oficinas s\u00e3o uma oportunidade valiosa para divulga\u00e7\u00e3o das t\u00e9cnicas tradicionais, bem como para inova\u00e7\u00e3o nas pr\u00e1ticas artesanais.<\/p>\n<p>Outra atra\u00e7\u00e3o importante da feira ser\u00e1 a presen\u00e7a de <strong>apresenta\u00e7\u00f5es folcl\u00f3ricas<\/strong> e exposi\u00e7\u00f5es de culturas origin\u00e1rias, que certamente enriquecer\u00e3o a experi\u00eancia dos visitantes. Os concursos e outras iniciativas voltadas para a valoriza\u00e7\u00e3o da sustentabilidade tamb\u00e9m far\u00e3o parte do evento, refor\u00e7ando o compromisso com a preserva\u00e7\u00e3o cultural e ambiental.<\/p>\n<h2>Crescimento do Setor Artesanal<\/h2>\n<p>O setor artesanal em Minas Gerais tem testemunhado um emocionante crescimento nos \u00faltimos anos. De acordo com as autoridades locais, o faturamento do setor cresceu de forma consistente, especialmente ap\u00f3s a pandemia de COVID-19. O subsecret\u00e1rio de Liberdade Econ\u00f4mica e Empreendedorismo da Sede-MG, Rodrigo Melo, observou que o crescimento positivo deve continuar em 2025, refletindo a resili\u00eancia e a for\u00e7a dos artes\u00e3os mineiros.<\/p>\n<p>A recupera\u00e7\u00e3o e o crescimento do setor artesanal s\u00e3o resultado de v\u00e1rias iniciativas implementadas pelo governo, incluindo o apoio constante a feiras, workshops e outros eventos que promovem o artesanato local. Al\u00e9m disso, a presen\u00e7a de plataformas digitais, que facilitaram a venda de produtos, contribui para que os artes\u00e3os alcancem novos mercados e ampliem suas vendas.<\/p>\n<p>Esse crescimento \u00e9 um sinal encorajador de que o artesanato n\u00e3o apenas sobrevive, mas prospera, evidenciando a import\u00e2ncia de pol\u00edticas p\u00fablicas que refor\u00e7am a cultura, a arte e a economia criativa no estado. As a\u00e7\u00f5es do governo facilitaram o acesso ao mercado, incentivando inova\u00e7\u00f5es e a valoriza\u00e7\u00e3o do trabalho artesanal como uma express\u00e3o vital e contempor\u00e2nea da identidade cultural mineira.<\/p>\n<h2>Impacto Econ\u00f4mico da Feira<\/h2>\n<p>A 36\u00aa Feira Nacional do Artesanato n\u00e3o apenas promove a cultura, mas exerce um impacto econ\u00f4mico significativo tanto para os artes\u00e3os quanto para a economia da cidade de Belo Horizonte. Espera-se que o evento beneficie diretamente mais de <strong>3 mil artes\u00e3os<\/strong> e indiretamente outros <strong>12 mil indiv\u00edduos<\/strong>, incluindo familiares e colaboradores.<\/p>\n<p>Um dos aspectos mais relevantes do impacto econ\u00f4mico \u00e9 que a feira \u00e9 uma fonte de gera\u00e7\u00e3o de empregos tempor\u00e1rios. Estima-se que cerca de <strong>1.500 empregos tempor\u00e1rios<\/strong> ser\u00e3o criados em \u00e1reas como montagem, seguran\u00e7a e servi\u00e7os de limpeza, refor\u00e7ando a movimenta\u00e7\u00e3o econ\u00f4mica da regi\u00e3o.<\/p>\n<p>Al\u00e9m disso, a feira atrai um grande p\u00fablico, com a expectativa de mais de <strong>100 mil visitantes<\/strong>. Isso resulta em um movimento significativo nos setores de transporte, hotelaria e alimenta\u00e7\u00e3o, dinamizando a economia local e gerando oportunidades financeiras para muitos empreendedores da capital.<\/p>\n<h2>Tradi\u00e7\u00e3o e Inova\u00e7\u00e3o no Artesanato<\/h2>\n<p>Um dos elementos mais fascinantes do artesanato \u00e9 sua capacidade de unir tradi\u00e7\u00e3o e inova\u00e7\u00e3o. No contexto da feira, os artes\u00e3os t\u00eam a chance de n\u00e3o apenas exibir suas tradi\u00e7\u00f5es seculares, mas tamb\u00e9m de incorporar novas ideias e t\u00e9cnicas que refletem as mudan\u00e7as e as inova\u00e7\u00f5es do mundo contempor\u00e2neo.<\/p>\n<p>Os visitantes ter\u00e3o a oportunidade de ver como as pr\u00e1ticas artesanais se adaptam e evoluem. Os artes\u00e3os modernos est\u00e3o cada vez mais abertos \u00e0s novas tecnologias e tend\u00eancias de design, apresentando produtos que misturam t\u00e9cnicas tradicionais com inova\u00e7\u00e3o. Isso n\u00e3o s\u00f3 agrega valor aos produtos, mas tamb\u00e9m ajuda a atrair um p\u00fablico mais amplo.<\/p>\n<p>O evento, portanto, se torna um espa\u00e7o para celebra\u00e7\u00e3o das ra\u00edzes culturais, enquanto promove a modernidade e a adapta\u00e7\u00e3o \u00e0s novas demandas do mercado. Essa conflu\u00eancia de tradi\u00e7\u00f5es e inova\u00e7\u00f5es n\u00e3o s\u00f3 mant\u00e9m a cultura viva, mas tamb\u00e9m garante que a arte artesanal tenha um futuro promissor.<\/p>\n<h2>Benef\u00edcios Diretos e Indiretos da Feira<\/h2>\n<p>A realiza\u00e7\u00e3o da 36\u00aa Feira Nacional do Artesanato traz uma s\u00e9rie de benef\u00edcios diretos e indiretos para os participantes e para a comunidade. Os artes\u00e3os que exp\u00f5em seus produtos aproveitam uma oportunidade \u00fanica para interagir diretamente com clientes e potencializar suas vendas, al\u00e9m de receber feedback imediato sobre suas obras.<\/p>\n<p>Indiretamente, a feira gera um sentimento de comunidade e pertencimento. Artes\u00e3os de diferentes regi\u00f5es convergem para compartilhar experi\u00eancias, formando la\u00e7os que podem resultar em colabora\u00e7\u00f5es futuras. Esse interc\u00e2mbio cultural \u00e9 enriquecedor e fortalece o senso de identidade entre os criadores.<\/p>\n<p>Al\u00e9m disso, a feira desempenha um papel vital na promo\u00e7\u00e3o do turismo. A vinda de visitantes de fora do estado n\u00e3o s\u00f3 aumenta a receita diretamente associada ao evento, mas tamb\u00e9m transforma Belo Horizonte em um ponto de interesse e atra\u00e7\u00e3o cultural, criando um ciclo de desenvolvimento sustent\u00e1vel para a cidade e seus habitantes.<\/p>\n<h2>Expectativa de P\u00fablico e Entrada Gratuita<\/h2>\n<p>A expectativa de p\u00fablico para a 36\u00aa Feira Nacional do Artesanato \u00e9 extremamente positiva, com <strong>mais de 100 mil visitantes<\/strong> aguardados ao longo dos cinco dias de evento. Isso demonstra o apelo do artesanato como atra\u00e7\u00e3o cultural e comercial.<\/p>\n<p>\u00c9 importante destacar que <strong>85%<\/strong> do p\u00fablico ter\u00e1 entrada gratuita, incluindo grupos como idosos, crian\u00e7as, pessoas com defici\u00eancia e estudantes de escolas p\u00fablicas. Essa pol\u00edtica de acesso livre sublinha a vontade do governo e dos organizadores de democratizar a cultura, permitindo que todos tenham acesso a essa rica manifesta\u00e7\u00e3o art\u00edstica.<\/p>\n<p>Com essa abordagem inclusiva, a feira n\u00e3o apenas fomenta o turismo e o com\u00e9rcio, mas tamb\u00e9m assegura que a cultura e a arte sejam acess\u00edveis a todos, reafirmando a ideia de que o artesanato \u00e9 um patrim\u00f4nio que deve ser celebrado e compartilhado dentro da sociedade.<\/p>\n\n<div style=\"font-size: 0px; height: 0px; line-height: 0px; margin: 0; padding: 0; clear: both;\"><\/div>","protected":false},"excerpt":{"rendered":"<p>O Governo de Minas garante apoio essencial aos artes\u00e3os na FNA 36 em Belo Horizonte.<\/p>\n","protected":false},"author":1,"featured_media":3385,"comment_status":"closed","ping_status":"closed","sticky":false,"template":"","format":"standard","meta":{"footnotes":""},"categories":[6],"tags":[],"class_list":["post-3386","post","type-post","status-publish","format-standard","has-post-thumbnail","hentry","category-noticias","has_thumb"],"aioseo_notices":[],"aioseo_head":"\n\t\t<!-- All in One SEO 5.0.0.1 - aioseo.com -->\n\t<meta name=\"description\" content=\"O Governo de Minas garante apoio essencial aos artes\u00e3os na FNA 36 em Belo Horizonte.\" \/>\n\t<meta name=\"robots\" content=\"max-image-preview:large\" \/>\n\t<meta name=\"author\" content=\"Encontra Belo Horizonte\"\/>\n\t<link rel=\"canonical\" href=\"https:\/\/www.encontrabelohorizonte.com.br\/sobre\/governo-de-minas-garante-participacao-de-artesaos-na-36a-feira-nacional-do-artesanato-em-belo-horizonte\/\" \/>\n\t<meta name=\"generator\" content=\"All in One SEO (AIOSEO) 5.0.0.1\" \/>\n\t\t<meta property=\"og:locale\" content=\"pt_BR\" \/>\n\t\t<meta property=\"og:site_name\" content=\"Encontra Belo Horizonte | Not\u00edcias, eventos, informa\u00e7\u00f5es e dicas da cidade de Belo Horizonte e regi\u00e3o\" \/>\n\t\t<meta property=\"og:type\" content=\"article\" \/>\n\t\t<meta property=\"og:title\" content=\"Governo de Minas garante participa\u00e7\u00e3o de artes\u00e3os na 36\u00aa Feira Nacional do Artesanato em Belo Horizonte | Encontra Belo Horizonte\" \/>\n\t\t<meta property=\"og:description\" content=\"O Governo de Minas garante apoio essencial aos artes\u00e3os na FNA 36 em Belo Horizonte.\" \/>\n\t\t<meta property=\"og:url\" content=\"https:\/\/www.encontrabelohorizonte.com.br\/sobre\/governo-de-minas-garante-participacao-de-artesaos-na-36a-feira-nacional-do-artesanato-em-belo-horizonte\/\" \/>\n\t\t<meta property=\"article:published_time\" content=\"2025-12-27T13:31:00+00:00\" \/>\n\t\t<meta property=\"article:modified_time\" content=\"2025-12-27T13:31:00+00:00\" \/>\n\t\t<meta name=\"twitter:card\" content=\"summary\" \/>\n\t\t<meta name=\"twitter:title\" content=\"Governo de Minas garante participa\u00e7\u00e3o de artes\u00e3os na 36\u00aa Feira Nacional do Artesanato em Belo Horizonte | Encontra Belo Horizonte\" \/>\n\t\t<meta name=\"twitter:description\" content=\"O Governo de Minas garante apoio essencial aos artes\u00e3os na FNA 36 em Belo Horizonte.\" \/>\n\t\t<script type=\"application\/ld+json\" class=\"aioseo-schema\">\n\t\t\t{\"@context\":\"https:\\\/\\\/schema.org\",\"@graph\":[{\"@type\":\"Article\",\"@id\":\"https:\\\/\\\/www.encontrabelohorizonte.com.br\\\/sobre\\\/governo-de-minas-garante-participacao-de-artesaos-na-36a-feira-nacional-do-artesanato-em-belo-horizonte\\\/#article\",\"name\":\"Governo de Minas garante participa\\u00e7\\u00e3o de artes\\u00e3os na 36\\u00aa Feira Nacional do Artesanato em Belo Horizonte | Encontra Belo Horizonte\",\"headline\":\"Governo de Minas garante participa\\u00e7\\u00e3o de artes\\u00e3os na 36\\u00aa Feira Nacional do Artesanato em Belo Horizonte\",\"author\":{\"@id\":\"https:\\\/\\\/www.encontrabelohorizonte.com.br\\\/sobre\\\/author\\\/ebelohorizonte\\\/#author\"},\"publisher\":{\"@id\":\"https:\\\/\\\/www.encontrabelohorizonte.com.br\\\/sobre\\\/#organization\"},\"image\":{\"@type\":\"ImageObject\",\"url\":\"https:\\\/\\\/www.encontrabelohorizonte.com.br\\\/sobre\\\/wp-content\\\/uploads\\\/governo-de-minas-garante-participacao-de-artesaos-na-36-feira-nacional-do-artesanato-em-belo-horizon.webp\",\"width\":320,\"height\":280,\"caption\":\"Governo de Minas e Artes\\u00e3os na Feira Nacional do Artesanato\"},\"datePublished\":\"2025-12-27T10:31:00-03:00\",\"dateModified\":\"2025-12-27T10:31:00-03:00\",\"inLanguage\":\"pt-BR\",\"mainEntityOfPage\":{\"@id\":\"https:\\\/\\\/www.encontrabelohorizonte.com.br\\\/sobre\\\/governo-de-minas-garante-participacao-de-artesaos-na-36a-feira-nacional-do-artesanato-em-belo-horizonte\\\/#webpage\"},\"isPartOf\":{\"@id\":\"https:\\\/\\\/www.encontrabelohorizonte.com.br\\\/sobre\\\/governo-de-minas-garante-participacao-de-artesaos-na-36a-feira-nacional-do-artesanato-em-belo-horizonte\\\/#webpage\"},\"articleSection\":\"Not\\u00edcias Belo Horizonte\"},{\"@type\":\"BreadcrumbList\",\"@id\":\"https:\\\/\\\/www.encontrabelohorizonte.com.br\\\/sobre\\\/governo-de-minas-garante-participacao-de-artesaos-na-36a-feira-nacional-do-artesanato-em-belo-horizonte\\\/#breadcrumblist\",\"itemListElement\":[{\"@type\":\"ListItem\",\"@id\":\"https:\\\/\\\/www.encontrabelohorizonte.com.br\\\/sobre#listItem\",\"position\":1,\"name\":\"In\\u00edcio\",\"item\":\"https:\\\/\\\/www.encontrabelohorizonte.com.br\\\/sobre\",\"nextItem\":{\"@type\":\"ListItem\",\"@id\":\"https:\\\/\\\/www.encontrabelohorizonte.com.br\\\/sobre\\\/noticias\\\/#listItem\",\"name\":\"Not\\u00edcias Belo Horizonte\"}},{\"@type\":\"ListItem\",\"@id\":\"https:\\\/\\\/www.encontrabelohorizonte.com.br\\\/sobre\\\/noticias\\\/#listItem\",\"position\":2,\"name\":\"Not\\u00edcias Belo Horizonte\",\"item\":\"https:\\\/\\\/www.encontrabelohorizonte.com.br\\\/sobre\\\/noticias\\\/\",\"nextItem\":{\"@type\":\"ListItem\",\"@id\":\"https:\\\/\\\/www.encontrabelohorizonte.com.br\\\/sobre\\\/governo-de-minas-garante-participacao-de-artesaos-na-36a-feira-nacional-do-artesanato-em-belo-horizonte\\\/#listItem\",\"name\":\"Governo de Minas garante participa\\u00e7\\u00e3o de artes\\u00e3os na 36\\u00aa Feira Nacional do Artesanato em Belo Horizonte\"},\"previousItem\":{\"@type\":\"ListItem\",\"@id\":\"https:\\\/\\\/www.encontrabelohorizonte.com.br\\\/sobre#listItem\",\"name\":\"In\\u00edcio\"}},{\"@type\":\"ListItem\",\"@id\":\"https:\\\/\\\/www.encontrabelohorizonte.com.br\\\/sobre\\\/governo-de-minas-garante-participacao-de-artesaos-na-36a-feira-nacional-do-artesanato-em-belo-horizonte\\\/#listItem\",\"position\":3,\"name\":\"Governo de Minas garante participa\\u00e7\\u00e3o de artes\\u00e3os na 36\\u00aa Feira Nacional do Artesanato em Belo Horizonte\",\"previousItem\":{\"@type\":\"ListItem\",\"@id\":\"https:\\\/\\\/www.encontrabelohorizonte.com.br\\\/sobre\\\/noticias\\\/#listItem\",\"name\":\"Not\\u00edcias Belo Horizonte\"}}]},{\"@type\":\"Organization\",\"@id\":\"https:\\\/\\\/www.encontrabelohorizonte.com.br\\\/sobre\\\/#organization\",\"name\":\"Encontra Belo Horizonte\",\"description\":\"Not\\u00edcias, eventos, informa\\u00e7\\u00f5es e dicas da cidade de Belo Horizonte e regi\\u00e3o\",\"url\":\"https:\\\/\\\/www.encontrabelohorizonte.com.br\\\/sobre\\\/\"},{\"@type\":\"Person\",\"@id\":\"https:\\\/\\\/www.encontrabelohorizonte.com.br\\\/sobre\\\/author\\\/ebelohorizonte\\\/#author\",\"url\":\"https:\\\/\\\/www.encontrabelohorizonte.com.br\\\/sobre\\\/author\\\/ebelohorizonte\\\/\",\"name\":\"Encontra Belo Horizonte\",\"image\":{\"@type\":\"ImageObject\",\"@id\":\"https:\\\/\\\/www.encontrabelohorizonte.com.br\\\/sobre\\\/governo-de-minas-garante-participacao-de-artesaos-na-36a-feira-nacional-do-artesanato-em-belo-horizonte\\\/#authorImage\",\"url\":\"https:\\\/\\\/secure.gravatar.com\\\/avatar\\\/507340682b8270222e1f208e23198b6ae7e2c6a1033ae84e99bc6bce4f82a387?s=96&d=mm&r=g\",\"width\":96,\"height\":96,\"caption\":\"Encontra Belo Horizonte\"}},{\"@type\":\"WebPage\",\"@id\":\"https:\\\/\\\/www.encontrabelohorizonte.com.br\\\/sobre\\\/governo-de-minas-garante-participacao-de-artesaos-na-36a-feira-nacional-do-artesanato-em-belo-horizonte\\\/#webpage\",\"url\":\"https:\\\/\\\/www.encontrabelohorizonte.com.br\\\/sobre\\\/governo-de-minas-garante-participacao-de-artesaos-na-36a-feira-nacional-do-artesanato-em-belo-horizonte\\\/\",\"name\":\"Governo de Minas garante participa\\u00e7\\u00e3o de artes\\u00e3os na 36\\u00aa Feira Nacional do Artesanato em Belo Horizonte | Encontra Belo Horizonte\",\"description\":\"O Governo de Minas garante apoio essencial aos artes\\u00e3os na FNA 36 em Belo Horizonte.\",\"inLanguage\":\"pt-BR\",\"isPartOf\":{\"@id\":\"https:\\\/\\\/www.encontrabelohorizonte.com.br\\\/sobre\\\/#website\"},\"breadcrumb\":{\"@id\":\"https:\\\/\\\/www.encontrabelohorizonte.com.br\\\/sobre\\\/governo-de-minas-garante-participacao-de-artesaos-na-36a-feira-nacional-do-artesanato-em-belo-horizonte\\\/#breadcrumblist\"},\"author\":{\"@id\":\"https:\\\/\\\/www.encontrabelohorizonte.com.br\\\/sobre\\\/author\\\/ebelohorizonte\\\/#author\"},\"creator\":{\"@id\":\"https:\\\/\\\/www.encontrabelohorizonte.com.br\\\/sobre\\\/author\\\/ebelohorizonte\\\/#author\"},\"image\":{\"@type\":\"ImageObject\",\"url\":\"https:\\\/\\\/www.encontrabelohorizonte.com.br\\\/sobre\\\/wp-content\\\/uploads\\\/governo-de-minas-garante-participacao-de-artesaos-na-36-feira-nacional-do-artesanato-em-belo-horizon.webp\",\"@id\":\"https:\\\/\\\/www.encontrabelohorizonte.com.br\\\/sobre\\\/governo-de-minas-garante-participacao-de-artesaos-na-36a-feira-nacional-do-artesanato-em-belo-horizonte\\\/#mainImage\",\"width\":320,\"height\":280,\"caption\":\"Governo de Minas e Artes\\u00e3os na Feira Nacional do Artesanato\"},\"primaryImageOfPage\":{\"@id\":\"https:\\\/\\\/www.encontrabelohorizonte.com.br\\\/sobre\\\/governo-de-minas-garante-participacao-de-artesaos-na-36a-feira-nacional-do-artesanato-em-belo-horizonte\\\/#mainImage\"},\"datePublished\":\"2025-12-27T10:31:00-03:00\",\"dateModified\":\"2025-12-27T10:31:00-03:00\"},{\"@type\":\"WebSite\",\"@id\":\"https:\\\/\\\/www.encontrabelohorizonte.com.br\\\/sobre\\\/#website\",\"url\":\"https:\\\/\\\/www.encontrabelohorizonte.com.br\\\/sobre\\\/\",\"name\":\"Encontra Belo Horizonte\",\"description\":\"Not\\u00edcias, eventos, informa\\u00e7\\u00f5es e dicas da cidade de Belo Horizonte e regi\\u00e3o\",\"inLanguage\":\"pt-BR\",\"publisher\":{\"@id\":\"https:\\\/\\\/www.encontrabelohorizonte.com.br\\\/sobre\\\/#organization\"}}]}\n\t\t<\/script>\n\t\t<!-- All in One SEO -->\n\n","aioseo_head_json":{"title":"Governo de Minas garante participa\u00e7\u00e3o de artes\u00e3os na 36\u00aa Feira Nacional do Artesanato em Belo Horizonte | Encontra Belo Horizonte","description":"O Governo de Minas garante apoio essencial aos artes\u00e3os na FNA 36 em Belo Horizonte.","canonical_url":"https:\/\/www.encontrabelohorizonte.com.br\/sobre\/governo-de-minas-garante-participacao-de-artesaos-na-36a-feira-nacional-do-artesanato-em-belo-horizonte\/","robots":"max-image-preview:large","keywords":"","webmasterTools":{"miscellaneous":""},"schema":{"@context":"https:\/\/schema.org","@graph":[{"@type":"Article","@id":"https:\/\/www.encontrabelohorizonte.com.br\/sobre\/governo-de-minas-garante-participacao-de-artesaos-na-36a-feira-nacional-do-artesanato-em-belo-horizonte\/#article","name":"Governo de Minas garante participa\u00e7\u00e3o de artes\u00e3os na 36\u00aa Feira Nacional do Artesanato em Belo Horizonte | Encontra Belo Horizonte","headline":"Governo de Minas garante participa\u00e7\u00e3o de artes\u00e3os na 36\u00aa Feira Nacional do Artesanato em Belo Horizonte","author":{"@id":"https:\/\/www.encontrabelohorizonte.com.br\/sobre\/author\/ebelohorizonte\/#author"},"publisher":{"@id":"https:\/\/www.encontrabelohorizonte.com.br\/sobre\/#organization"},"image":{"@type":"ImageObject","url":"https:\/\/www.encontrabelohorizonte.com.br\/sobre\/wp-content\/uploads\/governo-de-minas-garante-participacao-de-artesaos-na-36-feira-nacional-do-artesanato-em-belo-horizon.webp","width":320,"height":280,"caption":"Governo de Minas e Artes\u00e3os na Feira Nacional do Artesanato"},"datePublished":"2025-12-27T10:31:00-03:00","dateModified":"2025-12-27T10:31:00-03:00","inLanguage":"pt-BR","mainEntityOfPage":{"@id":"https:\/\/www.encontrabelohorizonte.com.br\/sobre\/governo-de-minas-garante-participacao-de-artesaos-na-36a-feira-nacional-do-artesanato-em-belo-horizonte\/#webpage"},"isPartOf":{"@id":"https:\/\/www.encontrabelohorizonte.com.br\/sobre\/governo-de-minas-garante-participacao-de-artesaos-na-36a-feira-nacional-do-artesanato-em-belo-horizonte\/#webpage"},"articleSection":"Not\u00edcias Belo Horizonte"},{"@type":"BreadcrumbList","@id":"https:\/\/www.encontrabelohorizonte.com.br\/sobre\/governo-de-minas-garante-participacao-de-artesaos-na-36a-feira-nacional-do-artesanato-em-belo-horizonte\/#breadcrumblist","itemListElement":[{"@type":"ListItem","@id":"https:\/\/www.encontrabelohorizonte.com.br\/sobre#listItem","position":1,"name":"In\u00edcio","item":"https:\/\/www.encontrabelohorizonte.com.br\/sobre","nextItem":{"@type":"ListItem","@id":"https:\/\/www.encontrabelohorizonte.com.br\/sobre\/noticias\/#listItem","name":"Not\u00edcias Belo Horizonte"}},{"@type":"ListItem","@id":"https:\/\/www.encontrabelohorizonte.com.br\/sobre\/noticias\/#listItem","position":2,"name":"Not\u00edcias Belo Horizonte","item":"https:\/\/www.encontrabelohorizonte.com.br\/sobre\/noticias\/","nextItem":{"@type":"ListItem","@id":"https:\/\/www.encontrabelohorizonte.com.br\/sobre\/governo-de-minas-garante-participacao-de-artesaos-na-36a-feira-nacional-do-artesanato-em-belo-horizonte\/#listItem","name":"Governo de Minas garante participa\u00e7\u00e3o de artes\u00e3os na 36\u00aa Feira Nacional do Artesanato em Belo Horizonte"},"previousItem":{"@type":"ListItem","@id":"https:\/\/www.encontrabelohorizonte.com.br\/sobre#listItem","name":"In\u00edcio"}},{"@type":"ListItem","@id":"https:\/\/www.encontrabelohorizonte.com.br\/sobre\/governo-de-minas-garante-participacao-de-artesaos-na-36a-feira-nacional-do-artesanato-em-belo-horizonte\/#listItem","position":3,"name":"Governo de Minas garante participa\u00e7\u00e3o de artes\u00e3os na 36\u00aa Feira Nacional do Artesanato em Belo Horizonte","previousItem":{"@type":"ListItem","@id":"https:\/\/www.encontrabelohorizonte.com.br\/sobre\/noticias\/#listItem","name":"Not\u00edcias Belo Horizonte"}}]},{"@type":"Organization","@id":"https:\/\/www.encontrabelohorizonte.com.br\/sobre\/#organization","name":"Encontra Belo Horizonte","description":"Not\u00edcias, eventos, informa\u00e7\u00f5es e dicas da cidade de Belo Horizonte e regi\u00e3o","url":"https:\/\/www.encontrabelohorizonte.com.br\/sobre\/"},{"@type":"Person","@id":"https:\/\/www.encontrabelohorizonte.com.br\/sobre\/author\/ebelohorizonte\/#author","url":"https:\/\/www.encontrabelohorizonte.com.br\/sobre\/author\/ebelohorizonte\/","name":"Encontra Belo Horizonte","image":{"@type":"ImageObject","@id":"https:\/\/www.encontrabelohorizonte.com.br\/sobre\/governo-de-minas-garante-participacao-de-artesaos-na-36a-feira-nacional-do-artesanato-em-belo-horizonte\/#authorImage","url":"https:\/\/secure.gravatar.com\/avatar\/507340682b8270222e1f208e23198b6ae7e2c6a1033ae84e99bc6bce4f82a387?s=96&d=mm&r=g","width":96,"height":96,"caption":"Encontra Belo Horizonte"}},{"@type":"WebPage","@id":"https:\/\/www.encontrabelohorizonte.com.br\/sobre\/governo-de-minas-garante-participacao-de-artesaos-na-36a-feira-nacional-do-artesanato-em-belo-horizonte\/#webpage","url":"https:\/\/www.encontrabelohorizonte.com.br\/sobre\/governo-de-minas-garante-participacao-de-artesaos-na-36a-feira-nacional-do-artesanato-em-belo-horizonte\/","name":"Governo de Minas garante participa\u00e7\u00e3o de artes\u00e3os na 36\u00aa Feira Nacional do Artesanato em Belo Horizonte | Encontra Belo Horizonte","description":"O Governo de Minas garante apoio essencial aos artes\u00e3os na FNA 36 em Belo Horizonte.","inLanguage":"pt-BR","isPartOf":{"@id":"https:\/\/www.encontrabelohorizonte.com.br\/sobre\/#website"},"breadcrumb":{"@id":"https:\/\/www.encontrabelohorizonte.com.br\/sobre\/governo-de-minas-garante-participacao-de-artesaos-na-36a-feira-nacional-do-artesanato-em-belo-horizonte\/#breadcrumblist"},"author":{"@id":"https:\/\/www.encontrabelohorizonte.com.br\/sobre\/author\/ebelohorizonte\/#author"},"creator":{"@id":"https:\/\/www.encontrabelohorizonte.com.br\/sobre\/author\/ebelohorizonte\/#author"},"image":{"@type":"ImageObject","url":"https:\/\/www.encontrabelohorizonte.com.br\/sobre\/wp-content\/uploads\/governo-de-minas-garante-participacao-de-artesaos-na-36-feira-nacional-do-artesanato-em-belo-horizon.webp","@id":"https:\/\/www.encontrabelohorizonte.com.br\/sobre\/governo-de-minas-garante-participacao-de-artesaos-na-36a-feira-nacional-do-artesanato-em-belo-horizonte\/#mainImage","width":320,"height":280,"caption":"Governo de Minas e Artes\u00e3os na Feira Nacional do Artesanato"},"primaryImageOfPage":{"@id":"https:\/\/www.encontrabelohorizonte.com.br\/sobre\/governo-de-minas-garante-participacao-de-artesaos-na-36a-feira-nacional-do-artesanato-em-belo-horizonte\/#mainImage"},"datePublished":"2025-12-27T10:31:00-03:00","dateModified":"2025-12-27T10:31:00-03:00"},{"@type":"WebSite","@id":"https:\/\/www.encontrabelohorizonte.com.br\/sobre\/#website","url":"https:\/\/www.encontrabelohorizonte.com.br\/sobre\/","name":"Encontra Belo Horizonte","description":"Not\u00edcias, eventos, informa\u00e7\u00f5es e dicas da cidade de Belo Horizonte e regi\u00e3o","inLanguage":"pt-BR","publisher":{"@id":"https:\/\/www.encontrabelohorizonte.com.br\/sobre\/#organization"}}]},"og:locale":"pt_BR","og:site_name":"Encontra Belo Horizonte | Not\u00edcias, eventos, informa\u00e7\u00f5es e dicas da cidade de Belo Horizonte e regi\u00e3o","og:type":"article","og:title":"Governo de Minas garante participa\u00e7\u00e3o de artes\u00e3os na 36\u00aa Feira Nacional do Artesanato em Belo Horizonte | Encontra Belo Horizonte","og:description":"O Governo de Minas garante apoio essencial aos artes\u00e3os na FNA 36 em Belo Horizonte.","og:url":"https:\/\/www.encontrabelohorizonte.com.br\/sobre\/governo-de-minas-garante-participacao-de-artesaos-na-36a-feira-nacional-do-artesanato-em-belo-horizonte\/","article:published_time":"2025-12-27T13:31:00+00:00","article:modified_time":"2025-12-27T13:31:00+00:00","twitter:card":"summary","twitter:title":"Governo de Minas garante participa\u00e7\u00e3o de artes\u00e3os na 36\u00aa Feira Nacional do Artesanato em Belo Horizonte | Encontra Belo Horizonte","twitter:description":"O Governo de Minas garante apoio essencial aos artes\u00e3os na FNA 36 em Belo Horizonte."},"aioseo_meta_data":{"post_id":"3386","title":null,"description":null,"keywords":null,"keyphrases":null,"primary_term":null,"canonical_url":null,"og_title":null,"og_description":null,"og_object_type":"default","og_image_type":"default","og_image_url":null,"og_image_width":null,"og_image_height":null,"og_image_custom_url":null,"og_image_custom_fields":null,"og_video":null,"og_custom_url":null,"og_article_section":null,"og_article_tags":null,"twitter_use_og":false,"twitter_card":"default","twitter_image_type":"default","twitter_image_url":null,"twitter_image_custom_url":null,"twitter_image_custom_fields":null,"twitter_title":null,"twitter_description":null,"schema":{"blockGraphs":[],"customGraphs":[],"default":{"data":{"Article":[],"Course":[],"Dataset":[],"FAQPage":[],"Movie":[],"Person":[],"Product":[],"ProductReview":[],"Car":[],"Recipe":[],"Service":[],"SoftwareApplication":[],"WebPage":[]},"graphName":"Article","isEnabled":true},"graphs":[]},"schema_type":"default","schema_type_options":null,"pillar_content":false,"robots_default":true,"robots_noindex":false,"robots_noarchive":false,"robots_nosnippet":false,"robots_nofollow":false,"robots_noimageindex":false,"robots_noodp":false,"robots_notranslate":false,"robots_max_snippet":null,"robots_max_videopreview":null,"robots_max_imagepreview":"large","priority":null,"frequency":null,"local_seo":null,"breadcrumb_settings":null,"limit_modified_date":false,"ai":null,"created":"2025-12-27 16:37:53","updated":"2025-12-27 16:52:31","focus_keyword":null,"additional_keywords":null,"truseo_locale":null,"seo_analyzer_scan_date":null},"aioseo_breadcrumb":"<div class=\"aioseo-breadcrumbs\"><span class=\"aioseo-breadcrumb\">\n\t\t\t<a href=\"https:\/\/www.encontrabelohorizonte.com.br\/sobre\" title=\"In\u00edcio\">In\u00edcio<\/a>\n\t\t<\/span><span class=\"aioseo-breadcrumb-separator\">&raquo;<\/span><span class=\"aioseo-breadcrumb\">\n\t\t\t<a href=\"https:\/\/www.encontrabelohorizonte.com.br\/sobre\/noticias\/\" title=\"Not\u00edcias Belo Horizonte\">Not\u00edcias Belo Horizonte<\/a>\n\t\t<\/span><span class=\"aioseo-breadcrumb-separator\">&raquo;<\/span><span class=\"aioseo-breadcrumb\">\n\t\t\tGoverno de Minas garante participa\u00e7\u00e3o de artes\u00e3os na 36\u00aa Feira Nacional do Artesanato em Belo Horizonte\n\t\t<\/span><\/div>","aioseo_breadcrumb_json":[{"label":"In\u00edcio","link":"https:\/\/www.encontrabelohorizonte.com.br\/sobre"},{"label":"Not\u00edcias Belo Horizonte","link":"https:\/\/www.encontrabelohorizonte.com.br\/sobre\/noticias\/"},{"label":"Governo de Minas garante participa\u00e7\u00e3o de artes\u00e3os na 36\u00aa Feira Nacional do Artesanato em Belo Horizonte","link":"https:\/\/www.encontrabelohorizonte.com.br\/sobre\/governo-de-minas-garante-participacao-de-artesaos-na-36a-feira-nacional-do-artesanato-em-belo-horizonte\/"}],"_links":{"self":[{"href":"https:\/\/www.encontrabelohorizonte.com.br\/sobre\/wp-json\/wp\/v2\/posts\/3386","targetHints":{"allow":["GET"]}}],"collection":[{"href":"https:\/\/www.encontrabelohorizonte.com.br\/sobre\/wp-json\/wp\/v2\/posts"}],"about":[{"href":"https:\/\/www.encontrabelohorizonte.com.br\/sobre\/wp-json\/wp\/v2\/types\/post"}],"author":[{"embeddable":true,"href":"https:\/\/www.encontrabelohorizonte.com.br\/sobre\/wp-json\/wp\/v2\/users\/1"}],"replies":[{"embeddable":true,"href":"https:\/\/www.encontrabelohorizonte.com.br\/sobre\/wp-json\/wp\/v2\/comments?post=3386"}],"version-history":[{"count":0,"href":"https:\/\/www.encontrabelohorizonte.com.br\/sobre\/wp-json\/wp\/v2\/posts\/3386\/revisions"}],"wp:featuredmedia":[{"embeddable":true,"href":"https:\/\/www.encontrabelohorizonte.com.br\/sobre\/wp-json\/wp\/v2\/media\/3385"}],"wp:attachment":[{"href":"https:\/\/www.encontrabelohorizonte.com.br\/sobre\/wp-json\/wp\/v2\/media?parent=3386"}],"wp:term":[{"taxonomy":"category","embeddable":true,"href":"https:\/\/www.encontrabelohorizonte.com.br\/sobre\/wp-json\/wp\/v2\/categories?post=3386"},{"taxonomy":"post_tag","embeddable":true,"href":"https:\/\/www.encontrabelohorizonte.com.br\/sobre\/wp-json\/wp\/v2\/tags?post=3386"}],"curies":[{"name":"wp","href":"https:\/\/api.w.org\/{rel}","templated":true}]}}