{"id":3394,"date":"2025-12-30T10:44:00","date_gmt":"2025-12-30T13:44:00","guid":{"rendered":"https:\/\/www.encontrabelohorizonte.com.br\/sobre\/circula-minc-abre-programacao-em-belo-horizonte-com-debate-sobre-participacao-social-e-fortalecimento-da-gestao-publica-de-cultura\/"},"modified":"2025-12-30T10:44:00","modified_gmt":"2025-12-30T13:44:00","slug":"circula-minc-abre-programacao-em-belo-horizonte-com-debate-sobre-participacao-social-e-fortalecimento-da-gestao-publica-de-cultura","status":"publish","type":"post","link":"https:\/\/www.encontrabelohorizonte.com.br\/sobre\/circula-minc-abre-programacao-em-belo-horizonte-com-debate-sobre-participacao-social-e-fortalecimento-da-gestao-publica-de-cultura\/","title":{"rendered":"Circula MinC abre programa\u00e7\u00e3o em Belo Horizonte com debate sobre participa\u00e7\u00e3o social e fortalecimento da gest\u00e3o p\u00fablica de cultura"},"content":{"rendered":"<div class=\"2e083cf0b19e2c11948dc6ac054ba979\" data-index=\"1\" style=\"float: none; margin:0px;\">\n<!-- Anuncio display - global -->\r\n<ins class=\"adsbygoogle\"\r\n     style=\"display:block\"\r\n     data-ad-client=\"ca-pub-8585364105181520\"\r\n     data-ad-slot=\"8789329856\"\r\n     data-ad-format=\"auto\"\r\n     data-full-width-responsive=\"true\"><\/ins>\r\n<script>\r\n     (adsbygoogle = window.adsbygoogle || []).push({});\r\n<\/script>\n<\/div>\n<h2>Abertura da Programa\u00e7\u00e3o do Circula MinC em Minas Gerais<\/h2>\n<p>No dia 10 de dezembro, Belo Horizonte se tornou o palco de um importante evento do Minist\u00e9rio da Cultura (MinC), denominado Circula MinC. Este evento, que se estender\u00e1 at\u00e9 o dia 14 de dezembro, conta com uma programa\u00e7\u00e3o diversificada que envolve debates, oficinas e a Caravana Federativa, todos focados em fortalecer as pol\u00edticas p\u00fablicas de cultura no estado de Minas Gerais. A presen\u00e7a de gestores p\u00fablicos, representantes da sociedade civil, agentes territoriais e institui\u00e7\u00f5es culturais destaca a relev\u00e2ncia do di\u00e1logo sobre a participa\u00e7\u00e3o social na cultura.<\/p>\n<p>A abertura do evento congregou diversas vozes e experi\u00eancias, permitindo um interc\u00e2mbio essencial para a constru\u00e7\u00e3o e o fortalecimento do Sistema Nacional de Cultura (SNC). O evento n\u00e3o apenas incentiva a troca de ideias, mas refor\u00e7a o compromisso do MinC em ouvir as demandas locais e integrar as diversas esferas da cultura. Assim, a programa\u00e7\u00e3o do Circula MinC representa uma oportunidade inestim\u00e1vel para que Minas Gerais, um estado com uma rica diversidade cultural e com suas 853 cidades, possa se articular de maneira ainda mais efetiva na constru\u00e7\u00e3o de pol\u00edticas que atendam \u00e0 necessidade de todos os seus cidad\u00e3os.<\/p>\n<h2>Rela\u00e7\u00e3o entre Cultura e Participa\u00e7\u00e3o Social<\/h2>\n<p>A cultura n\u00e3o existe isoladamente; ela \u00e9 moldada pela intera\u00e7\u00e3o entre as pessoas e a sociedade como um todo. A participa\u00e7\u00e3o social \u00e9 um mecanismo vital para garantir que as pol\u00edticas culturais reflitam as necessidades e os desejos da comunidade. Durante o Circula MinC, especialistas e representantes discutiram como a participa\u00e7\u00e3o social pode facilitar o acesso a manifesta\u00e7\u00f5es culturais diversas e assegurar que elas sejam valorizadas e protegidas.<\/p>\n<p><img decoding=\"async\" src=\"https:\/\/www.encontrabelohorizonte.com.br\/sobre\/wp-content\/uploads\/circula-minc-abre-programacao-em-belo-horizonte-com-debate-sobre-participacao-social-e-fortaleciment.webp\" alt=\"participa\u00e7\u00e3o social\" loading=\"lazy\" \/><\/p>\n<p>Por meio de conselhos municipais de cultura e outras inst\u00e2ncias de participa\u00e7\u00e3o, a sociedade civil tem a chance de influenciar diretamente na defini\u00e7\u00e3o de pol\u00edticas p\u00fablicas. Essa rela\u00e7\u00e3o simbi\u00f3tica entre cultura e participa\u00e7\u00e3o social \u00e9 essencial para o fortalecimento da democracia, permitindo que diferentes vozes sejam ouvidas e integradas em um processo de constru\u00e7\u00e3o coletiva.<\/p>\n<h2>Oficinas e Caravana Federativa em BH<\/h2>\n<p>No segundo dia do evento, a Caravana Federativa ofereceu uma s\u00e9rie de oficinas t\u00e9cnicas e criativas, focadas em capacitar agentes culturais e gestores locais. As oficinas abordaram temas como a constru\u00e7\u00e3o de projetos culturais, a din\u00e2mica dos conselhos, e a import\u00e2ncia do financiamento participativo. Al\u00e9m disso, houve espa\u00e7o para que os participantes compartilhassem suas experi\u00eancias e aprendizados, promovendo um ambiente colaborativo.<\/p>\n<p>Essas oficinas s\u00e3o particularmente relevantes para a forma\u00e7\u00e3o de gestores e a implementa\u00e7\u00e3o de a\u00e7\u00f5es eficazes na \u00e1rea cultural. Ao proporcionar ferramentas pr\u00e1ticas, o MinC busca n\u00e3o apenas fomentar a cultura, mas tamb\u00e9m empoderar aqueles que est\u00e3o na linha de frente da implementa\u00e7\u00e3o das pol\u00edticas culturais.<\/p>\n<h2>Import\u00e2ncia do Conselho Municipal de Cultura<\/h2>\n<p>Os Conselhos Municipais de Cultura desempenham um papel crucial na manuten\u00e7\u00e3o e promo\u00e7\u00e3o da cultura local. Eles s\u00e3o compostos por representantes de diferentes setores da sociedade e t\u00eam a responsabilidade de deliberar e formular propostas que atendam \u00e0s especificidades da comunidade. Durante o Circula MinC, foram discutidas as principais fun\u00e7\u00f5es e desafios enfrentados pelos conselhos, com \u00eanfase na necessidade de garantir que todos os segmentos da sociedade estejam representados.<\/p>\n<p>Um dos destaques foi a import\u00e2ncia de incentivar a participa\u00e7\u00e3o das minorias e de grupos historicamente marginalizados, garantindo que suas vozes e culturas sejam igualmente valorizadas. A efetividade dos conselhos depende n\u00e3o apenas de sua composi\u00e7\u00e3o, mas tamb\u00e9m da autonomia e do suporte que recebem das administra\u00e7\u00f5es municipais.<\/p>\n<h2>A Voz da Sociedade Civil nas Pol\u00edticas Culturais<\/h2>\n<p>Um dos pilares do evento Circula MinC \u00e9 a promo\u00e7\u00e3o da voz da sociedade civil nas pol\u00edticas culturais. A participa\u00e7\u00e3o ativa de cidad\u00e3os, artistas e agentes culturais nas discuss\u00f5es \u00e9 fundamental para garantir a pluralidade e a diversidade das express\u00f5es culturais. Ao longo do evento, foram realizadas rodas de conversa que possibilitaram a troca de ideias e experi\u00eancias, destacando a intera\u00e7\u00e3o entre artistas e o governo.<\/p>\n<p>A voz da sociedade civil \u00e9 crucial n\u00e3o apenas para o desenvolvimento de pol\u00edticas mais inclusivas, mas tamb\u00e9m para a promo\u00e7\u00e3o de uma cultura que realmente encerra as aspira\u00e7\u00f5es e necessidades da comunidade. Durante o Circula MinC, foram apresentadas diversas iniciativas que demonstraram como a participa\u00e7\u00e3o da popula\u00e7\u00e3o pode transformar a esfera cultural, resultando em projetos e programas que dialogam de forma mais efetiva com o p\u00fablico.<\/p>\n<h2>Desafios e Oportunidades na Gest\u00e3o P\u00fablica de Cultura<\/h2>\n<p>Um dos temas centrais discutidos no Circula MinC foram os desafios enfrentados na gest\u00e3o p\u00fablica de cultura. A falta de recursos, a necessidade de capacita\u00e7\u00e3o de gestores e a resist\u00eancia pol\u00edtica foram apontados como obst\u00e1culos significativos para a implementa\u00e7\u00e3o de pol\u00edticas culturais eficazes. Contudo, os participantes tamb\u00e9m trouxeram \u00e0 tona oportunidades promissoras, como o uso de novas tecnologias e a possibilidade de uma maior articula\u00e7\u00e3o entre as diferentes esferas de governo e a sociedade civil.<\/p>\n<p>Reconhecer esses desafios \u00e9 o primeiro passo para super\u00e1-los. Com o apoio de iniciativas como os Pontos de Cultura e redes de colabora\u00e7\u00e3o, as gest\u00f5es p\u00fablicas podem encontrar solu\u00e7\u00f5es criativas que promovam o acesso \u00e0 cultura e assegurem a diversidade das express\u00f5es culturais em Minas Gerais.<\/p>\n<h2>O Papel dos Pontos e Pont\u00f5es de Cultura<\/h2>\n<p>Os Pontos e Pont\u00f5es de Cultura desempenham um papel vital na promo\u00e7\u00e3o da cultura local e no fortalecimento da identidade cultural das comunidades. Durante o Circula MinC, foram destacados diversos exemplos de projetos exitosos que contribu\u00edram para a inclus\u00e3o cultural e a cria\u00e7\u00e3o de espa\u00e7os de di\u00e1logo. Esses pontos funcionam como centros de articula\u00e7\u00e3o que incentivam a participa\u00e7\u00e3o da popula\u00e7\u00e3o e a valoriza\u00e7\u00e3o de suas tradi\u00e7\u00f5es e pr\u00e1ticas culturais.<\/p>\n<p>Os relatos dos agentes culturais que atuam nos Pontos de Cultura ressaltaram a import\u00e2ncia da colabora\u00e7\u00e3o e do trabalho em rede, mostrando como \u00e9 poss\u00edvel transformar realidades por meio da cultura. Al\u00e9m disso, a troca de experi\u00eancias entre os participantes do evento refor\u00e7ou a ideia de que a cultura deve ser um espa\u00e7o de constru\u00e7\u00e3o coletiva e n\u00e3o somente um produto a ser consumido.<\/p>\n<h2>F\u00f3rum Estadual dos Pontos de Cultura: Temas em Debate<\/h2>\n<p>No \u00faltimo fim de semana do Circula MinC, aconteceu o F\u00f3rum Estadual dos Pontos e Pont\u00f5es de Cultura. O evento foi uma oportunidade para discutir assuntos relevantes como financiamento, autonomia, e a import\u00e2ncia da cultura na forma\u00e7\u00e3o da identidade nacional. Especialistas e representantes de diferentes regi\u00f5es de Minas Gerais se reuniram para debater como os Pontos de Cultura podem ser efetivamente utilizados como ferramentas de transforma\u00e7\u00e3o social.<\/p>\n<p>Os participantes tamb\u00e9m exploraram as diretrizes para o fortalecimento da Rede Mineira de Pontos de Cultura, discutindo a constru\u00e7\u00e3o de um projeto que respeite as particularidades e as demandas de cada localidade. Os debates foram apontados como fundamentais para que as pol\u00edticas p\u00fablicas se alinhem \u00e0s necessidades reais da comunidade.<\/p>\n<h2>Mapeamento Cultural e Participa\u00e7\u00e3o da Comunidade<\/h2>\n<p>Durante o evento, um aspecto importante abordado foi o mapeamento cultural. Esta ferramenta serve n\u00e3o apenas para identificar os agentes culturais, mas tamb\u00e9m para reconhecer e valorizar as pr\u00e1ticas e express\u00f5es culturais existentes nas comunidades. Mapeamentos eficazes podem contribuir significativamente para a formula\u00e7\u00e3o de pol\u00edticas p\u00fablicas, proporcionando dados que ajudem a direcionar investimentos e a\u00e7\u00f5es.<\/p>\n<p>A participa\u00e7\u00e3o da comunidade nesse processo \u00e9 fundamental, pois ela traz \u00e0 tona as singularidades e a riqueza cultural de cada regi\u00e3o. O mapeamento \u00e9, portanto, um convite \u00e0 participa\u00e7\u00e3o ativa dos cidad\u00e3os na constru\u00e7\u00e3o de seu pr\u00f3prio patrim\u00f4nio cultural, promovendo um sentimento de pertencimento e valoriza\u00e7\u00e3o.<\/p>\n<h2>Territ\u00f3rios da Cultura e Desenvolvimento Territorial<\/h2>\n<p>O conceito de Territ\u00f3rios da Cultura foi amplamente discutido no evento, enfatizando a import\u00e2ncia do desenvolvimento territorial por meio da cultura como um fator de transforma\u00e7\u00e3o social. Esses territ\u00f3rios s\u00e3o espa\u00e7os onde a cultura se torna um elemento central para o desenvolvimento econ\u00f4mico, social e ambiental das comunidades. O projeto visa criar e articular equipamentos culturais que atendam \u00e0s necessidades locais e promovam a inclus\u00e3o social.<\/p>\n<p>Os debatedores ressaltaram que a cultura n\u00e3o deve ser vista apenas como um setor, mas como uma ferramenta estrat\u00e9gica que pode unir diferentes \u00e1reas, como educa\u00e7\u00e3o, sa\u00fade e desenvolvimento urbano. Dessa forma, a cultura se torna uma ponte para promover o desenvolvimento integral das comunidades.<\/p>\n\n<div style=\"font-size: 0px; height: 0px; line-height: 0px; margin: 0; padding: 0; clear: both;\"><\/div>","protected":false},"excerpt":{"rendered":"<p>Circula MinC em Belo Horizonte aborda participa\u00e7\u00e3o social e gest\u00e3o de cultura.<\/p>\n","protected":false},"author":1,"featured_media":3393,"comment_status":"closed","ping_status":"closed","sticky":false,"template":"","format":"standard","meta":{"footnotes":""},"categories":[6],"tags":[],"class_list":["post-3394","post","type-post","status-publish","format-standard","has-post-thumbnail","hentry","category-noticias","has_thumb"],"aioseo_notices":[],"aioseo_head":"\n\t\t<!-- All in One SEO 5.0.0.1 - aioseo.com -->\n\t<meta name=\"description\" content=\"Circula MinC em Belo Horizonte aborda participa\u00e7\u00e3o social e gest\u00e3o de cultura.\" \/>\n\t<meta name=\"robots\" content=\"max-image-preview:large\" \/>\n\t<meta name=\"author\" content=\"Encontra Belo Horizonte\"\/>\n\t<link rel=\"canonical\" href=\"https:\/\/www.encontrabelohorizonte.com.br\/sobre\/circula-minc-abre-programacao-em-belo-horizonte-com-debate-sobre-participacao-social-e-fortalecimento-da-gestao-publica-de-cultura\/\" \/>\n\t<meta name=\"generator\" content=\"All in One SEO (AIOSEO) 5.0.0.1\" \/>\n\t\t<meta property=\"og:locale\" content=\"pt_BR\" \/>\n\t\t<meta property=\"og:site_name\" content=\"Encontra Belo Horizonte | Not\u00edcias, eventos, informa\u00e7\u00f5es e dicas da cidade de Belo Horizonte e regi\u00e3o\" \/>\n\t\t<meta property=\"og:type\" content=\"article\" \/>\n\t\t<meta property=\"og:title\" content=\"Circula MinC abre programa\u00e7\u00e3o em Belo Horizonte com debate sobre participa\u00e7\u00e3o social e fortalecimento da gest\u00e3o p\u00fablica de cultura | Encontra Belo Horizonte\" \/>\n\t\t<meta property=\"og:description\" content=\"Circula MinC em Belo Horizonte aborda participa\u00e7\u00e3o social e gest\u00e3o de cultura.\" \/>\n\t\t<meta property=\"og:url\" content=\"https:\/\/www.encontrabelohorizonte.com.br\/sobre\/circula-minc-abre-programacao-em-belo-horizonte-com-debate-sobre-participacao-social-e-fortalecimento-da-gestao-publica-de-cultura\/\" \/>\n\t\t<meta property=\"article:published_time\" content=\"2025-12-30T13:44:00+00:00\" \/>\n\t\t<meta property=\"article:modified_time\" content=\"2025-12-30T13:44:00+00:00\" \/>\n\t\t<meta name=\"twitter:card\" content=\"summary\" \/>\n\t\t<meta name=\"twitter:title\" content=\"Circula MinC abre programa\u00e7\u00e3o em Belo Horizonte com debate sobre participa\u00e7\u00e3o social e fortalecimento da gest\u00e3o p\u00fablica de cultura | Encontra Belo Horizonte\" \/>\n\t\t<meta name=\"twitter:description\" content=\"Circula MinC em Belo Horizonte aborda participa\u00e7\u00e3o social e gest\u00e3o de cultura.\" \/>\n\t\t<script type=\"application\/ld+json\" class=\"aioseo-schema\">\n\t\t\t{\"@context\":\"https:\\\/\\\/schema.org\",\"@graph\":[{\"@type\":\"Article\",\"@id\":\"https:\\\/\\\/www.encontrabelohorizonte.com.br\\\/sobre\\\/circula-minc-abre-programacao-em-belo-horizonte-com-debate-sobre-participacao-social-e-fortalecimento-da-gestao-publica-de-cultura\\\/#article\",\"name\":\"Circula MinC abre programa\\u00e7\\u00e3o em Belo Horizonte com debate sobre participa\\u00e7\\u00e3o social e fortalecimento da gest\\u00e3o p\\u00fablica de cultura | Encontra Belo Horizonte\",\"headline\":\"Circula MinC abre programa\\u00e7\\u00e3o em Belo Horizonte com debate sobre participa\\u00e7\\u00e3o social e fortalecimento da gest\\u00e3o p\\u00fablica de cultura\",\"author\":{\"@id\":\"https:\\\/\\\/www.encontrabelohorizonte.com.br\\\/sobre\\\/author\\\/ebelohorizonte\\\/#author\"},\"publisher\":{\"@id\":\"https:\\\/\\\/www.encontrabelohorizonte.com.br\\\/sobre\\\/#organization\"},\"image\":{\"@type\":\"ImageObject\",\"url\":\"https:\\\/\\\/www.encontrabelohorizonte.com.br\\\/sobre\\\/wp-content\\\/uploads\\\/circula-minc-abre-programacao-em-belo-horizonte-com-debate-sobre-participacao-social-e-fortaleciment.webp\",\"width\":280,\"height\":280,\"caption\":\"participa\\u00e7\\u00e3o social\"},\"datePublished\":\"2025-12-30T10:44:00-03:00\",\"dateModified\":\"2025-12-30T10:44:00-03:00\",\"inLanguage\":\"pt-BR\",\"mainEntityOfPage\":{\"@id\":\"https:\\\/\\\/www.encontrabelohorizonte.com.br\\\/sobre\\\/circula-minc-abre-programacao-em-belo-horizonte-com-debate-sobre-participacao-social-e-fortalecimento-da-gestao-publica-de-cultura\\\/#webpage\"},\"isPartOf\":{\"@id\":\"https:\\\/\\\/www.encontrabelohorizonte.com.br\\\/sobre\\\/circula-minc-abre-programacao-em-belo-horizonte-com-debate-sobre-participacao-social-e-fortalecimento-da-gestao-publica-de-cultura\\\/#webpage\"},\"articleSection\":\"Not\\u00edcias Belo Horizonte\"},{\"@type\":\"BreadcrumbList\",\"@id\":\"https:\\\/\\\/www.encontrabelohorizonte.com.br\\\/sobre\\\/circula-minc-abre-programacao-em-belo-horizonte-com-debate-sobre-participacao-social-e-fortalecimento-da-gestao-publica-de-cultura\\\/#breadcrumblist\",\"itemListElement\":[{\"@type\":\"ListItem\",\"@id\":\"https:\\\/\\\/www.encontrabelohorizonte.com.br\\\/sobre#listItem\",\"position\":1,\"name\":\"In\\u00edcio\",\"item\":\"https:\\\/\\\/www.encontrabelohorizonte.com.br\\\/sobre\",\"nextItem\":{\"@type\":\"ListItem\",\"@id\":\"https:\\\/\\\/www.encontrabelohorizonte.com.br\\\/sobre\\\/noticias\\\/#listItem\",\"name\":\"Not\\u00edcias Belo Horizonte\"}},{\"@type\":\"ListItem\",\"@id\":\"https:\\\/\\\/www.encontrabelohorizonte.com.br\\\/sobre\\\/noticias\\\/#listItem\",\"position\":2,\"name\":\"Not\\u00edcias Belo Horizonte\",\"item\":\"https:\\\/\\\/www.encontrabelohorizonte.com.br\\\/sobre\\\/noticias\\\/\",\"nextItem\":{\"@type\":\"ListItem\",\"@id\":\"https:\\\/\\\/www.encontrabelohorizonte.com.br\\\/sobre\\\/circula-minc-abre-programacao-em-belo-horizonte-com-debate-sobre-participacao-social-e-fortalecimento-da-gestao-publica-de-cultura\\\/#listItem\",\"name\":\"Circula MinC abre programa\\u00e7\\u00e3o em Belo Horizonte com debate sobre participa\\u00e7\\u00e3o social e fortalecimento da gest\\u00e3o p\\u00fablica de cultura\"},\"previousItem\":{\"@type\":\"ListItem\",\"@id\":\"https:\\\/\\\/www.encontrabelohorizonte.com.br\\\/sobre#listItem\",\"name\":\"In\\u00edcio\"}},{\"@type\":\"ListItem\",\"@id\":\"https:\\\/\\\/www.encontrabelohorizonte.com.br\\\/sobre\\\/circula-minc-abre-programacao-em-belo-horizonte-com-debate-sobre-participacao-social-e-fortalecimento-da-gestao-publica-de-cultura\\\/#listItem\",\"position\":3,\"name\":\"Circula MinC abre programa\\u00e7\\u00e3o em Belo Horizonte com debate sobre participa\\u00e7\\u00e3o social e fortalecimento da gest\\u00e3o p\\u00fablica de cultura\",\"previousItem\":{\"@type\":\"ListItem\",\"@id\":\"https:\\\/\\\/www.encontrabelohorizonte.com.br\\\/sobre\\\/noticias\\\/#listItem\",\"name\":\"Not\\u00edcias Belo Horizonte\"}}]},{\"@type\":\"Organization\",\"@id\":\"https:\\\/\\\/www.encontrabelohorizonte.com.br\\\/sobre\\\/#organization\",\"name\":\"Encontra Belo Horizonte\",\"description\":\"Not\\u00edcias, eventos, informa\\u00e7\\u00f5es e dicas da cidade de Belo Horizonte e regi\\u00e3o\",\"url\":\"https:\\\/\\\/www.encontrabelohorizonte.com.br\\\/sobre\\\/\"},{\"@type\":\"Person\",\"@id\":\"https:\\\/\\\/www.encontrabelohorizonte.com.br\\\/sobre\\\/author\\\/ebelohorizonte\\\/#author\",\"url\":\"https:\\\/\\\/www.encontrabelohorizonte.com.br\\\/sobre\\\/author\\\/ebelohorizonte\\\/\",\"name\":\"Encontra Belo Horizonte\",\"image\":{\"@type\":\"ImageObject\",\"@id\":\"https:\\\/\\\/www.encontrabelohorizonte.com.br\\\/sobre\\\/circula-minc-abre-programacao-em-belo-horizonte-com-debate-sobre-participacao-social-e-fortalecimento-da-gestao-publica-de-cultura\\\/#authorImage\",\"url\":\"https:\\\/\\\/secure.gravatar.com\\\/avatar\\\/507340682b8270222e1f208e23198b6ae7e2c6a1033ae84e99bc6bce4f82a387?s=96&d=mm&r=g\",\"width\":96,\"height\":96,\"caption\":\"Encontra Belo Horizonte\"}},{\"@type\":\"WebPage\",\"@id\":\"https:\\\/\\\/www.encontrabelohorizonte.com.br\\\/sobre\\\/circula-minc-abre-programacao-em-belo-horizonte-com-debate-sobre-participacao-social-e-fortalecimento-da-gestao-publica-de-cultura\\\/#webpage\",\"url\":\"https:\\\/\\\/www.encontrabelohorizonte.com.br\\\/sobre\\\/circula-minc-abre-programacao-em-belo-horizonte-com-debate-sobre-participacao-social-e-fortalecimento-da-gestao-publica-de-cultura\\\/\",\"name\":\"Circula MinC abre programa\\u00e7\\u00e3o em Belo Horizonte com debate sobre participa\\u00e7\\u00e3o social e fortalecimento da gest\\u00e3o p\\u00fablica de cultura | Encontra Belo Horizonte\",\"description\":\"Circula MinC em Belo Horizonte aborda participa\\u00e7\\u00e3o social e gest\\u00e3o de cultura.\",\"inLanguage\":\"pt-BR\",\"isPartOf\":{\"@id\":\"https:\\\/\\\/www.encontrabelohorizonte.com.br\\\/sobre\\\/#website\"},\"breadcrumb\":{\"@id\":\"https:\\\/\\\/www.encontrabelohorizonte.com.br\\\/sobre\\\/circula-minc-abre-programacao-em-belo-horizonte-com-debate-sobre-participacao-social-e-fortalecimento-da-gestao-publica-de-cultura\\\/#breadcrumblist\"},\"author\":{\"@id\":\"https:\\\/\\\/www.encontrabelohorizonte.com.br\\\/sobre\\\/author\\\/ebelohorizonte\\\/#author\"},\"creator\":{\"@id\":\"https:\\\/\\\/www.encontrabelohorizonte.com.br\\\/sobre\\\/author\\\/ebelohorizonte\\\/#author\"},\"image\":{\"@type\":\"ImageObject\",\"url\":\"https:\\\/\\\/www.encontrabelohorizonte.com.br\\\/sobre\\\/wp-content\\\/uploads\\\/circula-minc-abre-programacao-em-belo-horizonte-com-debate-sobre-participacao-social-e-fortaleciment.webp\",\"@id\":\"https:\\\/\\\/www.encontrabelohorizonte.com.br\\\/sobre\\\/circula-minc-abre-programacao-em-belo-horizonte-com-debate-sobre-participacao-social-e-fortalecimento-da-gestao-publica-de-cultura\\\/#mainImage\",\"width\":280,\"height\":280,\"caption\":\"participa\\u00e7\\u00e3o social\"},\"primaryImageOfPage\":{\"@id\":\"https:\\\/\\\/www.encontrabelohorizonte.com.br\\\/sobre\\\/circula-minc-abre-programacao-em-belo-horizonte-com-debate-sobre-participacao-social-e-fortalecimento-da-gestao-publica-de-cultura\\\/#mainImage\"},\"datePublished\":\"2025-12-30T10:44:00-03:00\",\"dateModified\":\"2025-12-30T10:44:00-03:00\"},{\"@type\":\"WebSite\",\"@id\":\"https:\\\/\\\/www.encontrabelohorizonte.com.br\\\/sobre\\\/#website\",\"url\":\"https:\\\/\\\/www.encontrabelohorizonte.com.br\\\/sobre\\\/\",\"name\":\"Encontra Belo Horizonte\",\"description\":\"Not\\u00edcias, eventos, informa\\u00e7\\u00f5es e dicas da cidade de Belo Horizonte e regi\\u00e3o\",\"inLanguage\":\"pt-BR\",\"publisher\":{\"@id\":\"https:\\\/\\\/www.encontrabelohorizonte.com.br\\\/sobre\\\/#organization\"}}]}\n\t\t<\/script>\n\t\t<!-- All in One SEO -->\n\n","aioseo_head_json":{"title":"Circula MinC abre programa\u00e7\u00e3o em Belo Horizonte com debate sobre participa\u00e7\u00e3o social e fortalecimento da gest\u00e3o p\u00fablica de cultura | Encontra Belo Horizonte","description":"Circula MinC em Belo Horizonte aborda participa\u00e7\u00e3o social e gest\u00e3o de cultura.","canonical_url":"https:\/\/www.encontrabelohorizonte.com.br\/sobre\/circula-minc-abre-programacao-em-belo-horizonte-com-debate-sobre-participacao-social-e-fortalecimento-da-gestao-publica-de-cultura\/","robots":"max-image-preview:large","keywords":"","webmasterTools":{"miscellaneous":""},"schema":{"@context":"https:\/\/schema.org","@graph":[{"@type":"Article","@id":"https:\/\/www.encontrabelohorizonte.com.br\/sobre\/circula-minc-abre-programacao-em-belo-horizonte-com-debate-sobre-participacao-social-e-fortalecimento-da-gestao-publica-de-cultura\/#article","name":"Circula MinC abre programa\u00e7\u00e3o em Belo Horizonte com debate sobre participa\u00e7\u00e3o social e fortalecimento da gest\u00e3o p\u00fablica de cultura | Encontra Belo Horizonte","headline":"Circula MinC abre programa\u00e7\u00e3o em Belo Horizonte com debate sobre participa\u00e7\u00e3o social e fortalecimento da gest\u00e3o p\u00fablica de cultura","author":{"@id":"https:\/\/www.encontrabelohorizonte.com.br\/sobre\/author\/ebelohorizonte\/#author"},"publisher":{"@id":"https:\/\/www.encontrabelohorizonte.com.br\/sobre\/#organization"},"image":{"@type":"ImageObject","url":"https:\/\/www.encontrabelohorizonte.com.br\/sobre\/wp-content\/uploads\/circula-minc-abre-programacao-em-belo-horizonte-com-debate-sobre-participacao-social-e-fortaleciment.webp","width":280,"height":280,"caption":"participa\u00e7\u00e3o social"},"datePublished":"2025-12-30T10:44:00-03:00","dateModified":"2025-12-30T10:44:00-03:00","inLanguage":"pt-BR","mainEntityOfPage":{"@id":"https:\/\/www.encontrabelohorizonte.com.br\/sobre\/circula-minc-abre-programacao-em-belo-horizonte-com-debate-sobre-participacao-social-e-fortalecimento-da-gestao-publica-de-cultura\/#webpage"},"isPartOf":{"@id":"https:\/\/www.encontrabelohorizonte.com.br\/sobre\/circula-minc-abre-programacao-em-belo-horizonte-com-debate-sobre-participacao-social-e-fortalecimento-da-gestao-publica-de-cultura\/#webpage"},"articleSection":"Not\u00edcias Belo Horizonte"},{"@type":"BreadcrumbList","@id":"https:\/\/www.encontrabelohorizonte.com.br\/sobre\/circula-minc-abre-programacao-em-belo-horizonte-com-debate-sobre-participacao-social-e-fortalecimento-da-gestao-publica-de-cultura\/#breadcrumblist","itemListElement":[{"@type":"ListItem","@id":"https:\/\/www.encontrabelohorizonte.com.br\/sobre#listItem","position":1,"name":"In\u00edcio","item":"https:\/\/www.encontrabelohorizonte.com.br\/sobre","nextItem":{"@type":"ListItem","@id":"https:\/\/www.encontrabelohorizonte.com.br\/sobre\/noticias\/#listItem","name":"Not\u00edcias Belo Horizonte"}},{"@type":"ListItem","@id":"https:\/\/www.encontrabelohorizonte.com.br\/sobre\/noticias\/#listItem","position":2,"name":"Not\u00edcias Belo Horizonte","item":"https:\/\/www.encontrabelohorizonte.com.br\/sobre\/noticias\/","nextItem":{"@type":"ListItem","@id":"https:\/\/www.encontrabelohorizonte.com.br\/sobre\/circula-minc-abre-programacao-em-belo-horizonte-com-debate-sobre-participacao-social-e-fortalecimento-da-gestao-publica-de-cultura\/#listItem","name":"Circula MinC abre programa\u00e7\u00e3o em Belo Horizonte com debate sobre participa\u00e7\u00e3o social e fortalecimento da gest\u00e3o p\u00fablica de cultura"},"previousItem":{"@type":"ListItem","@id":"https:\/\/www.encontrabelohorizonte.com.br\/sobre#listItem","name":"In\u00edcio"}},{"@type":"ListItem","@id":"https:\/\/www.encontrabelohorizonte.com.br\/sobre\/circula-minc-abre-programacao-em-belo-horizonte-com-debate-sobre-participacao-social-e-fortalecimento-da-gestao-publica-de-cultura\/#listItem","position":3,"name":"Circula MinC abre programa\u00e7\u00e3o em Belo Horizonte com debate sobre participa\u00e7\u00e3o social e fortalecimento da gest\u00e3o p\u00fablica de cultura","previousItem":{"@type":"ListItem","@id":"https:\/\/www.encontrabelohorizonte.com.br\/sobre\/noticias\/#listItem","name":"Not\u00edcias Belo Horizonte"}}]},{"@type":"Organization","@id":"https:\/\/www.encontrabelohorizonte.com.br\/sobre\/#organization","name":"Encontra Belo Horizonte","description":"Not\u00edcias, eventos, informa\u00e7\u00f5es e dicas da cidade de Belo Horizonte e regi\u00e3o","url":"https:\/\/www.encontrabelohorizonte.com.br\/sobre\/"},{"@type":"Person","@id":"https:\/\/www.encontrabelohorizonte.com.br\/sobre\/author\/ebelohorizonte\/#author","url":"https:\/\/www.encontrabelohorizonte.com.br\/sobre\/author\/ebelohorizonte\/","name":"Encontra Belo Horizonte","image":{"@type":"ImageObject","@id":"https:\/\/www.encontrabelohorizonte.com.br\/sobre\/circula-minc-abre-programacao-em-belo-horizonte-com-debate-sobre-participacao-social-e-fortalecimento-da-gestao-publica-de-cultura\/#authorImage","url":"https:\/\/secure.gravatar.com\/avatar\/507340682b8270222e1f208e23198b6ae7e2c6a1033ae84e99bc6bce4f82a387?s=96&d=mm&r=g","width":96,"height":96,"caption":"Encontra Belo Horizonte"}},{"@type":"WebPage","@id":"https:\/\/www.encontrabelohorizonte.com.br\/sobre\/circula-minc-abre-programacao-em-belo-horizonte-com-debate-sobre-participacao-social-e-fortalecimento-da-gestao-publica-de-cultura\/#webpage","url":"https:\/\/www.encontrabelohorizonte.com.br\/sobre\/circula-minc-abre-programacao-em-belo-horizonte-com-debate-sobre-participacao-social-e-fortalecimento-da-gestao-publica-de-cultura\/","name":"Circula MinC abre programa\u00e7\u00e3o em Belo Horizonte com debate sobre participa\u00e7\u00e3o social e fortalecimento da gest\u00e3o p\u00fablica de cultura | Encontra Belo Horizonte","description":"Circula MinC em Belo Horizonte aborda participa\u00e7\u00e3o social e gest\u00e3o de cultura.","inLanguage":"pt-BR","isPartOf":{"@id":"https:\/\/www.encontrabelohorizonte.com.br\/sobre\/#website"},"breadcrumb":{"@id":"https:\/\/www.encontrabelohorizonte.com.br\/sobre\/circula-minc-abre-programacao-em-belo-horizonte-com-debate-sobre-participacao-social-e-fortalecimento-da-gestao-publica-de-cultura\/#breadcrumblist"},"author":{"@id":"https:\/\/www.encontrabelohorizonte.com.br\/sobre\/author\/ebelohorizonte\/#author"},"creator":{"@id":"https:\/\/www.encontrabelohorizonte.com.br\/sobre\/author\/ebelohorizonte\/#author"},"image":{"@type":"ImageObject","url":"https:\/\/www.encontrabelohorizonte.com.br\/sobre\/wp-content\/uploads\/circula-minc-abre-programacao-em-belo-horizonte-com-debate-sobre-participacao-social-e-fortaleciment.webp","@id":"https:\/\/www.encontrabelohorizonte.com.br\/sobre\/circula-minc-abre-programacao-em-belo-horizonte-com-debate-sobre-participacao-social-e-fortalecimento-da-gestao-publica-de-cultura\/#mainImage","width":280,"height":280,"caption":"participa\u00e7\u00e3o social"},"primaryImageOfPage":{"@id":"https:\/\/www.encontrabelohorizonte.com.br\/sobre\/circula-minc-abre-programacao-em-belo-horizonte-com-debate-sobre-participacao-social-e-fortalecimento-da-gestao-publica-de-cultura\/#mainImage"},"datePublished":"2025-12-30T10:44:00-03:00","dateModified":"2025-12-30T10:44:00-03:00"},{"@type":"WebSite","@id":"https:\/\/www.encontrabelohorizonte.com.br\/sobre\/#website","url":"https:\/\/www.encontrabelohorizonte.com.br\/sobre\/","name":"Encontra Belo Horizonte","description":"Not\u00edcias, eventos, informa\u00e7\u00f5es e dicas da cidade de Belo Horizonte e regi\u00e3o","inLanguage":"pt-BR","publisher":{"@id":"https:\/\/www.encontrabelohorizonte.com.br\/sobre\/#organization"}}]},"og:locale":"pt_BR","og:site_name":"Encontra Belo Horizonte | Not\u00edcias, eventos, informa\u00e7\u00f5es e dicas da cidade de Belo Horizonte e regi\u00e3o","og:type":"article","og:title":"Circula MinC abre programa\u00e7\u00e3o em Belo Horizonte com debate sobre participa\u00e7\u00e3o social e fortalecimento da gest\u00e3o p\u00fablica de cultura | Encontra Belo Horizonte","og:description":"Circula MinC em Belo Horizonte aborda participa\u00e7\u00e3o social e gest\u00e3o de cultura.","og:url":"https:\/\/www.encontrabelohorizonte.com.br\/sobre\/circula-minc-abre-programacao-em-belo-horizonte-com-debate-sobre-participacao-social-e-fortalecimento-da-gestao-publica-de-cultura\/","article:published_time":"2025-12-30T13:44:00+00:00","article:modified_time":"2025-12-30T13:44:00+00:00","twitter:card":"summary","twitter:title":"Circula MinC abre programa\u00e7\u00e3o em Belo Horizonte com debate sobre participa\u00e7\u00e3o social e fortalecimento da gest\u00e3o p\u00fablica de cultura | Encontra Belo Horizonte","twitter:description":"Circula MinC em Belo Horizonte aborda participa\u00e7\u00e3o social e gest\u00e3o de cultura."},"aioseo_meta_data":{"post_id":"3394","title":null,"description":null,"keywords":null,"keyphrases":null,"primary_term":null,"canonical_url":null,"og_title":null,"og_description":null,"og_object_type":"default","og_image_type":"default","og_image_url":null,"og_image_width":null,"og_image_height":null,"og_image_custom_url":null,"og_image_custom_fields":null,"og_video":null,"og_custom_url":null,"og_article_section":null,"og_article_tags":null,"twitter_use_og":false,"twitter_card":"default","twitter_image_type":"default","twitter_image_url":null,"twitter_image_custom_url":null,"twitter_image_custom_fields":null,"twitter_title":null,"twitter_description":null,"schema":{"blockGraphs":[],"customGraphs":[],"default":{"data":{"Article":[],"Course":[],"Dataset":[],"FAQPage":[],"Movie":[],"Person":[],"Product":[],"ProductReview":[],"Car":[],"Recipe":[],"Service":[],"SoftwareApplication":[],"WebPage":[]},"graphName":"Article","isEnabled":true},"graphs":[]},"schema_type":"default","schema_type_options":null,"pillar_content":false,"robots_default":true,"robots_noindex":false,"robots_noarchive":false,"robots_nosnippet":false,"robots_nofollow":false,"robots_noimageindex":false,"robots_noodp":false,"robots_notranslate":false,"robots_max_snippet":null,"robots_max_videopreview":null,"robots_max_imagepreview":"large","priority":null,"frequency":null,"local_seo":null,"breadcrumb_settings":null,"limit_modified_date":false,"ai":null,"created":"2025-12-30 17:24:05","updated":"2025-12-30 17:29:32","focus_keyword":null,"additional_keywords":null,"truseo_locale":null,"seo_analyzer_scan_date":null},"aioseo_breadcrumb":"<div class=\"aioseo-breadcrumbs\"><span class=\"aioseo-breadcrumb\">\n\t\t\t<a href=\"https:\/\/www.encontrabelohorizonte.com.br\/sobre\" title=\"In\u00edcio\">In\u00edcio<\/a>\n\t\t<\/span><span class=\"aioseo-breadcrumb-separator\">&raquo;<\/span><span class=\"aioseo-breadcrumb\">\n\t\t\t<a href=\"https:\/\/www.encontrabelohorizonte.com.br\/sobre\/noticias\/\" title=\"Not\u00edcias Belo Horizonte\">Not\u00edcias Belo Horizonte<\/a>\n\t\t<\/span><span class=\"aioseo-breadcrumb-separator\">&raquo;<\/span><span class=\"aioseo-breadcrumb\">\n\t\t\tCircula MinC abre programa\u00e7\u00e3o em Belo Horizonte com debate sobre participa\u00e7\u00e3o social e fortalecimento da gest\u00e3o p\u00fablica de cultura\n\t\t<\/span><\/div>","aioseo_breadcrumb_json":[{"label":"In\u00edcio","link":"https:\/\/www.encontrabelohorizonte.com.br\/sobre"},{"label":"Not\u00edcias Belo Horizonte","link":"https:\/\/www.encontrabelohorizonte.com.br\/sobre\/noticias\/"},{"label":"Circula MinC abre programa\u00e7\u00e3o em Belo Horizonte com debate sobre participa\u00e7\u00e3o social e fortalecimento da gest\u00e3o p\u00fablica de cultura","link":"https:\/\/www.encontrabelohorizonte.com.br\/sobre\/circula-minc-abre-programacao-em-belo-horizonte-com-debate-sobre-participacao-social-e-fortalecimento-da-gestao-publica-de-cultura\/"}],"_links":{"self":[{"href":"https:\/\/www.encontrabelohorizonte.com.br\/sobre\/wp-json\/wp\/v2\/posts\/3394","targetHints":{"allow":["GET"]}}],"collection":[{"href":"https:\/\/www.encontrabelohorizonte.com.br\/sobre\/wp-json\/wp\/v2\/posts"}],"about":[{"href":"https:\/\/www.encontrabelohorizonte.com.br\/sobre\/wp-json\/wp\/v2\/types\/post"}],"author":[{"embeddable":true,"href":"https:\/\/www.encontrabelohorizonte.com.br\/sobre\/wp-json\/wp\/v2\/users\/1"}],"replies":[{"embeddable":true,"href":"https:\/\/www.encontrabelohorizonte.com.br\/sobre\/wp-json\/wp\/v2\/comments?post=3394"}],"version-history":[{"count":0,"href":"https:\/\/www.encontrabelohorizonte.com.br\/sobre\/wp-json\/wp\/v2\/posts\/3394\/revisions"}],"wp:featuredmedia":[{"embeddable":true,"href":"https:\/\/www.encontrabelohorizonte.com.br\/sobre\/wp-json\/wp\/v2\/media\/3393"}],"wp:attachment":[{"href":"https:\/\/www.encontrabelohorizonte.com.br\/sobre\/wp-json\/wp\/v2\/media?parent=3394"}],"wp:term":[{"taxonomy":"category","embeddable":true,"href":"https:\/\/www.encontrabelohorizonte.com.br\/sobre\/wp-json\/wp\/v2\/categories?post=3394"},{"taxonomy":"post_tag","embeddable":true,"href":"https:\/\/www.encontrabelohorizonte.com.br\/sobre\/wp-json\/wp\/v2\/tags?post=3394"}],"curies":[{"name":"wp","href":"https:\/\/api.w.org\/{rel}","templated":true}]}}