{"id":3414,"date":"2026-01-10T03:54:15","date_gmt":"2026-01-10T06:54:15","guid":{"rendered":"https:\/\/www.encontrabelohorizonte.com.br\/sobre\/apos-semana-de-muito-calor-temperaturas-caem-em-bh-veja-previsao-do-tempo\/"},"modified":"2026-01-10T03:54:15","modified_gmt":"2026-01-10T06:54:15","slug":"apos-semana-de-muito-calor-temperaturas-caem-em-bh-veja-previsao-do-tempo","status":"publish","type":"post","link":"https:\/\/www.encontrabelohorizonte.com.br\/sobre\/apos-semana-de-muito-calor-temperaturas-caem-em-bh-veja-previsao-do-tempo\/","title":{"rendered":"Ap\u00f3s semana de muito calor, temperaturas caem em BH; veja previs\u00e3o do tempo"},"content":{"rendered":"<div class=\"2e083cf0b19e2c11948dc6ac054ba979\" data-index=\"1\" style=\"float: none; margin:0px;\">\n<!-- Anuncio display - global -->\r\n<ins class=\"adsbygoogle\"\r\n     style=\"display:block\"\r\n     data-ad-client=\"ca-pub-8585364105181520\"\r\n     data-ad-slot=\"8789329856\"\r\n     data-ad-format=\"auto\"\r\n     data-full-width-responsive=\"true\"><\/ins>\r\n<script>\r\n     (adsbygoogle = window.adsbygoogle || []).push({});\r\n<\/script>\n<\/div>\n<h2>Mudan\u00e7as de Temperatura em BH<\/h2>\n<p>A cidade de Belo Horizonte, conhecida por seu clima tropical, experimentou recentemente uma mudan\u00e7a significativa nas temperaturas. Ap\u00f3s uma semana de intenso calor, onde os term\u00f4metros ultrapassaram a marca de 30 graus Celsius, a capital mineira se preparou para uma queda que prometia trazer um al\u00edvio muito esperado. Essas flutua\u00e7\u00f5es clim\u00e1ticas s\u00e3o comuns na regi\u00e3o, especialmente com a presen\u00e7a de frentes frias que atingem a Sudeste com frequ\u00eancia. Ao longo das \u00faltimas d\u00e9cadas, as varia\u00e7\u00f5es sazonais em Belo Horizonte t\u00eam se acentuado, resultando em padr\u00f5es clim\u00e1ticos mais extremos e imprevis\u00edveis. <\/p>\n<p>O contraste entre o calor intenso e o frio repentino causa um estado de perplexidade na popula\u00e7\u00e3o. Muitas pessoas se deparam com a necessidade de ajustar suas rotinas di\u00e1rias, desde a escolha das roupas at\u00e9 a forma como planejam atividades ao ar livre. Um fen\u00f4meno que afeta n\u00e3o apenas a sa\u00fade e o bem-estar da popula\u00e7\u00e3o, mas tamb\u00e9m diversos setores da economia local, como o turismo e o com\u00e9rcio.<\/p>\n<h2>Como Inmet Previu a Queda nas Temperaturas<\/h2>\n<p>O Instituto Nacional de Meteorologia (Inmet) desempenha um papel crucial na previs\u00e3o do clima em Belo Horizonte. As previs\u00f5es s\u00e3o baseadas em um conjunto complexo de dados meteorol\u00f3gicos, incluindo an\u00e1lises de press\u00e3o atmosf\u00e9rica, temperatura, e umidade. Recentemente, o Inmet anunciou que a chegada de uma frente fria poderia resultar em uma queda das temperaturas, prevendo maximas de 28\u00baC e m\u00ednimas de 19\u00baC para Belo Horizonte.<\/p>\n<p><img decoding=\"async\" src=\"https:\/\/www.encontrabelohorizonte.com.br\/sobre\/wp-content\/uploads\/apos-semana-de-muito-calor-temperaturas-caem-em-bh-veja-previsao-do-tempo.webp\" alt=\"temperaturas caem em BH\" loading=\"lazy\" \/><\/p>\n<p>As frentes frias s\u00e3o fen\u00f4menos naturais que ocorrem quando uma massa de ar frio se desloca e substitui uma massa de ar quente. Esse processo provoca n\u00e3o apenas a redu\u00e7\u00e3o da temperatura, mas tamb\u00e9m a forma\u00e7\u00e3o de nuvens e, em muitos casos, chuvas. O Inmet utiliza uma combina\u00e7\u00e3o de modelos de previs\u00e3o num\u00e9rica, dados hist\u00f3ricos e observa\u00e7\u00f5es em tempo real para informar a popula\u00e7\u00e3o sobre as mudan\u00e7as clim\u00e1ticas esperadas. Essa informa\u00e7\u00e3o \u00e9 vital, pois permite que os cidad\u00e3os se preparem para altera\u00e7\u00f5es no clima, por exemplo, ao vestir-se adequadamente para o frio ou ao evitar atividades em per\u00edodos de chuva intensa.<\/p>\n<h2>Impacto da Frente Fria no Clima da Regi\u00e3o Sudeste<\/h2>\n<p>A chegada de uma frente fria n\u00e3o afeta apenas Belo Horizonte, mas tem implica\u00e7\u00f5es em todo o Sudeste. Essa regi\u00e3o, que inclui estados como S\u00e3o Paulo e Rio de Janeiro, observa as temperaturas ca\u00edrem de forma similar, gerando uma sensa\u00e7\u00e3o de unidade clim\u00e1tica. As frentes frias s\u00e3o frequentemente acompanhadas de instabilidades, que podem manifestar-se em forma de chuvas e at\u00e9 mesmo tempestades em algumas localidades.<\/p>\n<p>Essas mudan\u00e7as podem impactar atividades cotidianas, desde o funcionamento do com\u00e9rcio at\u00e9 eventos sociais e esportivos. Para o setor agr\u00edcola, uma mudan\u00e7a repentina no clima pode ser ben\u00e9fica, fornecendo a umidade necess\u00e1ria para as planta\u00e7\u00f5es, mas tamb\u00e9m pode representar riscos se as chuvas forem muito intensas ou acompanhadas de ventos fortes. O monitoramento e a previs\u00e3o do clima, portanto, tornam-se essenciais para minimizar os impactos negativos e maximizar os benef\u00edcios que essas mudan\u00e7as podem proporcionar.<\/p>\n<h2>Expectativa de Pancadas de Chuva<\/h2>\n<p>Juntamente com a queda das temperaturas, a expectativa de pancadas de chuva \u00e9 um assunto em destaque. O Inmet, em suas previs\u00f5es, alertou que, junto com a frente fria, seriam esperadas muitas nuvens e pancadas de chuva, com possibilidade de trovoadas isoladas. Esse fen\u00f4meno \u00e9 comum durante as transi\u00e7\u00f5es entre condi\u00e7\u00f5es clim\u00e1ticas.<\/p>\n<p>Pancadas de chuva s\u00e3o um elemento crucial no ecossistema urbano e rural, pois ajudam a recarregar os reservat\u00f3rios de \u00e1gua e a manter o equil\u00edbrio ecol\u00f3gico. Entretanto, a popula\u00e7\u00e3o deve estar ciente dos riscos relacionados \u00e0 chuva forte, que podem causar enchentes e deslizamentos em \u00e1reas vulner\u00e1veis. Portanto, recomenda-se sempre que as fam\u00edlias sigam as orienta\u00e7\u00f5es das autoridades locais e se mantenham informadas sobre as condi\u00e7\u00f5es clim\u00e1ticas.<\/p>\n<h2>Condi\u00e7\u00f5es Clim\u00e1ticas para o Final de Semana<\/h2>\n<p>Com a nova previs\u00e3o, o final de semana em Belo Horizonte est\u00e1 se estruturando para apresentar um clima mais ameno, perfeito para atividades internas ou ao ar livre, desde que adequadamente agasalhados. Com m\u00e1ximas ao redor de 26\u00baC no domingo, muitas pessoas podem optar por aproveitar a aproxima\u00e7\u00e3o do frio para realizar passeios culturais ou gastron\u00f4micos que a cidade oferece. A expectativa \u00e9 de que as temperaturas continuem a cair ao longo da pr\u00f3xima semana, colocando a cidade em um clima caracter\u00edstico de outono.<\/p>\n<p>Al\u00e9m disso, o clima ameno e as chuvas s\u00e3o ben\u00e9ficos para a vegeta\u00e7\u00e3o local, que pode se revitalizar ap\u00f3s os per\u00edodos de calor intenso. As pra\u00e7as, parques e espa\u00e7os p\u00fablicos em Belo Horizonte podem se tornar destinos atraentes para aqueles que desejam desfrutar de um ambiente mais fresco.<\/p>\n<h2>Compara\u00e7\u00e3o com as Temperaturas Anteriores<\/h2>\n<p>As recentes temperaturas de Belo Horizonte ilustram um contraste gritante com os dias quentes da semana anterior. A compara\u00e7\u00e3o num\u00e9rica entre as temperaturas m\u00e1ximas de 30\u00baC e as novas previs\u00f5es de 28\u00baC e 26\u00baC serve como um lembrete da volatilidade clim\u00e1tica. Esses dois estados de temperatura t\u00eam implica\u00e7\u00f5es significativas para o bem-estar da popula\u00e7\u00e3o. O calor intenso pode trazer desconforto, problemas de sa\u00fade, e dificuldades para aqueles que trabalham ao ar livre.<\/p>\n<p>Este contraste serve ainda para reafirmar a necessidade de planejamento por parte dos cidad\u00e3os. Para aqueles que j\u00e1 vivenciavam o calor extremamente, a chegada do frio pode ser uma oportunidade para aproveitar atividades que normalmente s\u00e3o dif\u00edceis ou menos agrad\u00e1veis sob altas temperaturas.<\/p>\n<h2>Efeitos do Clima Frio na Popula\u00e7\u00e3o<\/h2>\n<p>O clima frio pode ter diversos efeitos na popula\u00e7\u00e3o. Primeiramente, as temperaturas mais baixas promovem um grande al\u00edvio ap\u00f3s per\u00edodos de calor intenso. Este al\u00edvio pode beneficiar a sa\u00fade, reduzindo a incid\u00eancia de doen\u00e7as relacionadas ao calor, como desidrata\u00e7\u00e3o e insola\u00e7\u00e3o. No entanto, \u00e9 importante lembrar que o clima frio tamb\u00e9m pode trazer riscos de sa\u00fade, especialmente para grupos vulner\u00e1veis, como idosos e crian\u00e7as.<\/p>\n<p>Os cidad\u00e3os devem se certificar de que est\u00e3o adequadamente agasalhados e que se protegem do resfriado e da gripe. Al\u00e9m disso, o aumento do uso de aquecedores em casa pode resultar em maiores custos de energia, o que tamb\u00e9m deve ser considerado no planejamento. Em tempos de clima frio, tamb\u00e9m \u00e9 comum que as pessoas permane\u00e7am em ambientes fechados, o que pode impactar o n\u00edvel de atividade f\u00edsica, propiciando um estilo de vida mais sedent\u00e1rio.<\/p>\n<h2>Atividades Recomendadas em Dias de Frio<\/h2>\n<p>Embora o frio possa sugerir que as atividades externas sejam limitadas, Belo Horizonte oferece uma gama de op\u00e7\u00f5es que podem ser aproveitadas. Em dias mais frios, atividades como visitar museus, participar de eventos culturais, ou at\u00e9 mesmo desfrutar de um caf\u00e9 em ambientes fechados, s\u00e3o excelentes maneiras de passar o tempo. \u00c9 uma oportunidade perfeita para confraterniza\u00e7\u00f5es em lareiras, seja em casa ou em lugares p\u00fablicos.<\/p>\n<p>Fazer caminhadas em pra\u00e7as e parques \u00e9 uma alternativa que permite aproveitar a frescura do clima, mas com a devida agasalho. A culin\u00e1ria local, famosa por seus pratos quentes, tamb\u00e9m ganha destaque nesta \u00e9poca, tornando-se uma oportunidade para os cidad\u00e3os experimentarem a famosa comida mineira. <\/p>\n<h2>Previs\u00f5es para os Pr\u00f3ximos Dias<\/h2>\n<p>As previs\u00f5es para os pr\u00f3ximos dias indicam que a queda nas temperaturas continuar\u00e1. Os meteorologistas preveem que a temperatura possa chegar a m\u00ednimas de 16\u00baC e 18\u00baC durante as pr\u00f3ximas semanas. Isso pode significar que a popula\u00e7\u00e3o se prepare para mais dias frios, que s\u00e3o t\u00edpicos do outono na regi\u00e3o. Para aqueles que ainda n\u00e3o est\u00e3o acostumados com as mudan\u00e7as do clima, \u00e9 essencial estar sempre atento \u00e0s atualiza\u00e7\u00f5es do Inmet, a fim de garantir que estejam preparados para quaisquer mudan\u00e7as repentinas.<\/p>\n<p>Caminhadas e passeios em grupo se tornam ainda mais atraentes, e as atividades de lazer tendem a ser reconfiguradas, permitindo que a popula\u00e7\u00e3o explore outros locais que possam ser agrad\u00e1veis e confort\u00e1veis, levando em considera\u00e7\u00e3o a diversidade de op\u00e7\u00f5es que a capital mineira oferece.<\/p>\n<h2>Como se Preparar para o Clima Frio em BH<\/h2>\n<p>Preparar-se para o clima frio em Belo Horizonte envolve alguns passos simples e pr\u00e1ticos. Primeiro, revistar o guarda-roupa e garantir que as roupas quentes est\u00e3o acess\u00edveis \u00e9 imprescind\u00edvel. Isso inclui agasalhos, luvas e cachec\u00f3is, que ajudar\u00e3o a proteger contra o vento fresco. Al\u00e9m disso, \u00e9 recomend\u00e1vel ter um plano de aquecimento em casa, para garantir conforto nos dias mais frios, especialmente durante as noites que tendem a ser mais geladas.<\/p>\n<p>Muitas fam\u00edlias tamb\u00e9m optam por distribuir as atividades ao ar livre para hor\u00e1rios mais aquecidos do dia, como nas horas da manh\u00e3 ou da tarde. Por fim, consumir alimentos quentes e bebidas quentes, como ch\u00e1s e sopas, pode n\u00e3o apenas ser aconchegante, mas tamb\u00e9m nutritivo e saud\u00e1vel durante o per\u00edodo de frio. Manter-se atento \u00e0s mudan\u00e7as meteorol\u00f3gicas \u00e9 essencial para que a popula\u00e7\u00e3o possa se adaptar tranquilamente \u00e0s varia\u00e7\u00f5es e aproveitar ao m\u00e1ximo os dias de clima ameno que Belo Horizonte proporciona.<\/p>\n\n<div style=\"font-size: 0px; height: 0px; line-height: 0px; margin: 0; padding: 0; clear: both;\"><\/div>","protected":false},"excerpt":{"rendered":"<p>Temperaturas caem em BH ap\u00f3s calor intenso. Confira a previs\u00e3o do tempo!<\/p>\n","protected":false},"author":1,"featured_media":3413,"comment_status":"closed","ping_status":"closed","sticky":false,"template":"","format":"standard","meta":{"footnotes":""},"categories":[6],"tags":[],"class_list":["post-3414","post","type-post","status-publish","format-standard","has-post-thumbnail","hentry","category-noticias","has_thumb"],"aioseo_notices":[],"aioseo_head":"\n\t\t<!-- All in One SEO 5.0.0.1 - aioseo.com -->\n\t<meta name=\"description\" content=\"Temperaturas caem em BH ap\u00f3s calor intenso. Confira a previs\u00e3o do tempo!\" \/>\n\t<meta name=\"robots\" content=\"max-image-preview:large\" \/>\n\t<meta name=\"author\" content=\"Encontra Belo Horizonte\"\/>\n\t<link rel=\"canonical\" href=\"https:\/\/www.encontrabelohorizonte.com.br\/sobre\/apos-semana-de-muito-calor-temperaturas-caem-em-bh-veja-previsao-do-tempo\/\" \/>\n\t<meta name=\"generator\" content=\"All in One SEO (AIOSEO) 5.0.0.1\" \/>\n\t\t<meta property=\"og:locale\" content=\"pt_BR\" \/>\n\t\t<meta property=\"og:site_name\" content=\"Encontra Belo Horizonte | Not\u00edcias, eventos, informa\u00e7\u00f5es e dicas da cidade de Belo Horizonte e regi\u00e3o\" \/>\n\t\t<meta property=\"og:type\" content=\"article\" \/>\n\t\t<meta property=\"og:title\" content=\"Ap\u00f3s semana de muito calor, temperaturas caem em BH; veja previs\u00e3o do tempo | Encontra Belo Horizonte\" \/>\n\t\t<meta property=\"og:description\" content=\"Temperaturas caem em BH ap\u00f3s calor intenso. Confira a previs\u00e3o do tempo!\" \/>\n\t\t<meta property=\"og:url\" content=\"https:\/\/www.encontrabelohorizonte.com.br\/sobre\/apos-semana-de-muito-calor-temperaturas-caem-em-bh-veja-previsao-do-tempo\/\" \/>\n\t\t<meta property=\"article:published_time\" content=\"2026-01-10T06:54:15+00:00\" \/>\n\t\t<meta property=\"article:modified_time\" content=\"2026-01-10T06:54:15+00:00\" \/>\n\t\t<meta name=\"twitter:card\" content=\"summary\" \/>\n\t\t<meta name=\"twitter:title\" content=\"Ap\u00f3s semana de muito calor, temperaturas caem em BH; veja previs\u00e3o do tempo | Encontra Belo Horizonte\" \/>\n\t\t<meta name=\"twitter:description\" content=\"Temperaturas caem em BH ap\u00f3s calor intenso. Confira a previs\u00e3o do tempo!\" \/>\n\t\t<script type=\"application\/ld+json\" class=\"aioseo-schema\">\n\t\t\t{\"@context\":\"https:\\\/\\\/schema.org\",\"@graph\":[{\"@type\":\"Article\",\"@id\":\"https:\\\/\\\/www.encontrabelohorizonte.com.br\\\/sobre\\\/apos-semana-de-muito-calor-temperaturas-caem-em-bh-veja-previsao-do-tempo\\\/#article\",\"name\":\"Ap\\u00f3s semana de muito calor, temperaturas caem em BH; veja previs\\u00e3o do tempo | Encontra Belo Horizonte\",\"headline\":\"Ap\\u00f3s semana de muito calor, temperaturas caem em BH; veja previs\\u00e3o do tempo\",\"author\":{\"@id\":\"https:\\\/\\\/www.encontrabelohorizonte.com.br\\\/sobre\\\/author\\\/ebelohorizonte\\\/#author\"},\"publisher\":{\"@id\":\"https:\\\/\\\/www.encontrabelohorizonte.com.br\\\/sobre\\\/#organization\"},\"image\":{\"@type\":\"ImageObject\",\"url\":\"https:\\\/\\\/www.encontrabelohorizonte.com.br\\\/sobre\\\/wp-content\\\/uploads\\\/apos-semana-de-muito-calor-temperaturas-caem-em-bh-veja-previsao-do-tempo.webp\",\"width\":320,\"height\":280,\"caption\":\"temperaturas caem em BH\"},\"datePublished\":\"2026-01-10T03:54:15-03:00\",\"dateModified\":\"2026-01-10T03:54:15-03:00\",\"inLanguage\":\"pt-BR\",\"mainEntityOfPage\":{\"@id\":\"https:\\\/\\\/www.encontrabelohorizonte.com.br\\\/sobre\\\/apos-semana-de-muito-calor-temperaturas-caem-em-bh-veja-previsao-do-tempo\\\/#webpage\"},\"isPartOf\":{\"@id\":\"https:\\\/\\\/www.encontrabelohorizonte.com.br\\\/sobre\\\/apos-semana-de-muito-calor-temperaturas-caem-em-bh-veja-previsao-do-tempo\\\/#webpage\"},\"articleSection\":\"Not\\u00edcias Belo Horizonte\"},{\"@type\":\"BreadcrumbList\",\"@id\":\"https:\\\/\\\/www.encontrabelohorizonte.com.br\\\/sobre\\\/apos-semana-de-muito-calor-temperaturas-caem-em-bh-veja-previsao-do-tempo\\\/#breadcrumblist\",\"itemListElement\":[{\"@type\":\"ListItem\",\"@id\":\"https:\\\/\\\/www.encontrabelohorizonte.com.br\\\/sobre#listItem\",\"position\":1,\"name\":\"In\\u00edcio\",\"item\":\"https:\\\/\\\/www.encontrabelohorizonte.com.br\\\/sobre\",\"nextItem\":{\"@type\":\"ListItem\",\"@id\":\"https:\\\/\\\/www.encontrabelohorizonte.com.br\\\/sobre\\\/noticias\\\/#listItem\",\"name\":\"Not\\u00edcias Belo Horizonte\"}},{\"@type\":\"ListItem\",\"@id\":\"https:\\\/\\\/www.encontrabelohorizonte.com.br\\\/sobre\\\/noticias\\\/#listItem\",\"position\":2,\"name\":\"Not\\u00edcias Belo Horizonte\",\"item\":\"https:\\\/\\\/www.encontrabelohorizonte.com.br\\\/sobre\\\/noticias\\\/\",\"nextItem\":{\"@type\":\"ListItem\",\"@id\":\"https:\\\/\\\/www.encontrabelohorizonte.com.br\\\/sobre\\\/apos-semana-de-muito-calor-temperaturas-caem-em-bh-veja-previsao-do-tempo\\\/#listItem\",\"name\":\"Ap\\u00f3s semana de muito calor, temperaturas caem em BH; veja previs\\u00e3o do tempo\"},\"previousItem\":{\"@type\":\"ListItem\",\"@id\":\"https:\\\/\\\/www.encontrabelohorizonte.com.br\\\/sobre#listItem\",\"name\":\"In\\u00edcio\"}},{\"@type\":\"ListItem\",\"@id\":\"https:\\\/\\\/www.encontrabelohorizonte.com.br\\\/sobre\\\/apos-semana-de-muito-calor-temperaturas-caem-em-bh-veja-previsao-do-tempo\\\/#listItem\",\"position\":3,\"name\":\"Ap\\u00f3s semana de muito calor, temperaturas caem em BH; veja previs\\u00e3o do tempo\",\"previousItem\":{\"@type\":\"ListItem\",\"@id\":\"https:\\\/\\\/www.encontrabelohorizonte.com.br\\\/sobre\\\/noticias\\\/#listItem\",\"name\":\"Not\\u00edcias Belo Horizonte\"}}]},{\"@type\":\"Organization\",\"@id\":\"https:\\\/\\\/www.encontrabelohorizonte.com.br\\\/sobre\\\/#organization\",\"name\":\"Encontra Belo Horizonte\",\"description\":\"Not\\u00edcias, eventos, informa\\u00e7\\u00f5es e dicas da cidade de Belo Horizonte e regi\\u00e3o\",\"url\":\"https:\\\/\\\/www.encontrabelohorizonte.com.br\\\/sobre\\\/\"},{\"@type\":\"Person\",\"@id\":\"https:\\\/\\\/www.encontrabelohorizonte.com.br\\\/sobre\\\/author\\\/ebelohorizonte\\\/#author\",\"url\":\"https:\\\/\\\/www.encontrabelohorizonte.com.br\\\/sobre\\\/author\\\/ebelohorizonte\\\/\",\"name\":\"Encontra Belo Horizonte\",\"image\":{\"@type\":\"ImageObject\",\"@id\":\"https:\\\/\\\/www.encontrabelohorizonte.com.br\\\/sobre\\\/apos-semana-de-muito-calor-temperaturas-caem-em-bh-veja-previsao-do-tempo\\\/#authorImage\",\"url\":\"https:\\\/\\\/secure.gravatar.com\\\/avatar\\\/507340682b8270222e1f208e23198b6ae7e2c6a1033ae84e99bc6bce4f82a387?s=96&d=mm&r=g\",\"width\":96,\"height\":96,\"caption\":\"Encontra Belo Horizonte\"}},{\"@type\":\"WebPage\",\"@id\":\"https:\\\/\\\/www.encontrabelohorizonte.com.br\\\/sobre\\\/apos-semana-de-muito-calor-temperaturas-caem-em-bh-veja-previsao-do-tempo\\\/#webpage\",\"url\":\"https:\\\/\\\/www.encontrabelohorizonte.com.br\\\/sobre\\\/apos-semana-de-muito-calor-temperaturas-caem-em-bh-veja-previsao-do-tempo\\\/\",\"name\":\"Ap\\u00f3s semana de muito calor, temperaturas caem em BH; veja previs\\u00e3o do tempo | Encontra Belo Horizonte\",\"description\":\"Temperaturas caem em BH ap\\u00f3s calor intenso. Confira a previs\\u00e3o do tempo!\",\"inLanguage\":\"pt-BR\",\"isPartOf\":{\"@id\":\"https:\\\/\\\/www.encontrabelohorizonte.com.br\\\/sobre\\\/#website\"},\"breadcrumb\":{\"@id\":\"https:\\\/\\\/www.encontrabelohorizonte.com.br\\\/sobre\\\/apos-semana-de-muito-calor-temperaturas-caem-em-bh-veja-previsao-do-tempo\\\/#breadcrumblist\"},\"author\":{\"@id\":\"https:\\\/\\\/www.encontrabelohorizonte.com.br\\\/sobre\\\/author\\\/ebelohorizonte\\\/#author\"},\"creator\":{\"@id\":\"https:\\\/\\\/www.encontrabelohorizonte.com.br\\\/sobre\\\/author\\\/ebelohorizonte\\\/#author\"},\"image\":{\"@type\":\"ImageObject\",\"url\":\"https:\\\/\\\/www.encontrabelohorizonte.com.br\\\/sobre\\\/wp-content\\\/uploads\\\/apos-semana-de-muito-calor-temperaturas-caem-em-bh-veja-previsao-do-tempo.webp\",\"@id\":\"https:\\\/\\\/www.encontrabelohorizonte.com.br\\\/sobre\\\/apos-semana-de-muito-calor-temperaturas-caem-em-bh-veja-previsao-do-tempo\\\/#mainImage\",\"width\":320,\"height\":280,\"caption\":\"temperaturas caem em BH\"},\"primaryImageOfPage\":{\"@id\":\"https:\\\/\\\/www.encontrabelohorizonte.com.br\\\/sobre\\\/apos-semana-de-muito-calor-temperaturas-caem-em-bh-veja-previsao-do-tempo\\\/#mainImage\"},\"datePublished\":\"2026-01-10T03:54:15-03:00\",\"dateModified\":\"2026-01-10T03:54:15-03:00\"},{\"@type\":\"WebSite\",\"@id\":\"https:\\\/\\\/www.encontrabelohorizonte.com.br\\\/sobre\\\/#website\",\"url\":\"https:\\\/\\\/www.encontrabelohorizonte.com.br\\\/sobre\\\/\",\"name\":\"Encontra Belo Horizonte\",\"description\":\"Not\\u00edcias, eventos, informa\\u00e7\\u00f5es e dicas da cidade de Belo Horizonte e regi\\u00e3o\",\"inLanguage\":\"pt-BR\",\"publisher\":{\"@id\":\"https:\\\/\\\/www.encontrabelohorizonte.com.br\\\/sobre\\\/#organization\"}}]}\n\t\t<\/script>\n\t\t<!-- All in One SEO -->\n\n","aioseo_head_json":{"title":"Ap\u00f3s semana de muito calor, temperaturas caem em BH; veja previs\u00e3o do tempo | Encontra Belo Horizonte","description":"Temperaturas caem em BH ap\u00f3s calor intenso. Confira a previs\u00e3o do tempo!","canonical_url":"https:\/\/www.encontrabelohorizonte.com.br\/sobre\/apos-semana-de-muito-calor-temperaturas-caem-em-bh-veja-previsao-do-tempo\/","robots":"max-image-preview:large","keywords":"","webmasterTools":{"miscellaneous":""},"schema":{"@context":"https:\/\/schema.org","@graph":[{"@type":"Article","@id":"https:\/\/www.encontrabelohorizonte.com.br\/sobre\/apos-semana-de-muito-calor-temperaturas-caem-em-bh-veja-previsao-do-tempo\/#article","name":"Ap\u00f3s semana de muito calor, temperaturas caem em BH; veja previs\u00e3o do tempo | Encontra Belo Horizonte","headline":"Ap\u00f3s semana de muito calor, temperaturas caem em BH; veja previs\u00e3o do tempo","author":{"@id":"https:\/\/www.encontrabelohorizonte.com.br\/sobre\/author\/ebelohorizonte\/#author"},"publisher":{"@id":"https:\/\/www.encontrabelohorizonte.com.br\/sobre\/#organization"},"image":{"@type":"ImageObject","url":"https:\/\/www.encontrabelohorizonte.com.br\/sobre\/wp-content\/uploads\/apos-semana-de-muito-calor-temperaturas-caem-em-bh-veja-previsao-do-tempo.webp","width":320,"height":280,"caption":"temperaturas caem em BH"},"datePublished":"2026-01-10T03:54:15-03:00","dateModified":"2026-01-10T03:54:15-03:00","inLanguage":"pt-BR","mainEntityOfPage":{"@id":"https:\/\/www.encontrabelohorizonte.com.br\/sobre\/apos-semana-de-muito-calor-temperaturas-caem-em-bh-veja-previsao-do-tempo\/#webpage"},"isPartOf":{"@id":"https:\/\/www.encontrabelohorizonte.com.br\/sobre\/apos-semana-de-muito-calor-temperaturas-caem-em-bh-veja-previsao-do-tempo\/#webpage"},"articleSection":"Not\u00edcias Belo Horizonte"},{"@type":"BreadcrumbList","@id":"https:\/\/www.encontrabelohorizonte.com.br\/sobre\/apos-semana-de-muito-calor-temperaturas-caem-em-bh-veja-previsao-do-tempo\/#breadcrumblist","itemListElement":[{"@type":"ListItem","@id":"https:\/\/www.encontrabelohorizonte.com.br\/sobre#listItem","position":1,"name":"In\u00edcio","item":"https:\/\/www.encontrabelohorizonte.com.br\/sobre","nextItem":{"@type":"ListItem","@id":"https:\/\/www.encontrabelohorizonte.com.br\/sobre\/noticias\/#listItem","name":"Not\u00edcias Belo Horizonte"}},{"@type":"ListItem","@id":"https:\/\/www.encontrabelohorizonte.com.br\/sobre\/noticias\/#listItem","position":2,"name":"Not\u00edcias Belo Horizonte","item":"https:\/\/www.encontrabelohorizonte.com.br\/sobre\/noticias\/","nextItem":{"@type":"ListItem","@id":"https:\/\/www.encontrabelohorizonte.com.br\/sobre\/apos-semana-de-muito-calor-temperaturas-caem-em-bh-veja-previsao-do-tempo\/#listItem","name":"Ap\u00f3s semana de muito calor, temperaturas caem em BH; veja previs\u00e3o do tempo"},"previousItem":{"@type":"ListItem","@id":"https:\/\/www.encontrabelohorizonte.com.br\/sobre#listItem","name":"In\u00edcio"}},{"@type":"ListItem","@id":"https:\/\/www.encontrabelohorizonte.com.br\/sobre\/apos-semana-de-muito-calor-temperaturas-caem-em-bh-veja-previsao-do-tempo\/#listItem","position":3,"name":"Ap\u00f3s semana de muito calor, temperaturas caem em BH; veja previs\u00e3o do tempo","previousItem":{"@type":"ListItem","@id":"https:\/\/www.encontrabelohorizonte.com.br\/sobre\/noticias\/#listItem","name":"Not\u00edcias Belo Horizonte"}}]},{"@type":"Organization","@id":"https:\/\/www.encontrabelohorizonte.com.br\/sobre\/#organization","name":"Encontra Belo Horizonte","description":"Not\u00edcias, eventos, informa\u00e7\u00f5es e dicas da cidade de Belo Horizonte e regi\u00e3o","url":"https:\/\/www.encontrabelohorizonte.com.br\/sobre\/"},{"@type":"Person","@id":"https:\/\/www.encontrabelohorizonte.com.br\/sobre\/author\/ebelohorizonte\/#author","url":"https:\/\/www.encontrabelohorizonte.com.br\/sobre\/author\/ebelohorizonte\/","name":"Encontra Belo Horizonte","image":{"@type":"ImageObject","@id":"https:\/\/www.encontrabelohorizonte.com.br\/sobre\/apos-semana-de-muito-calor-temperaturas-caem-em-bh-veja-previsao-do-tempo\/#authorImage","url":"https:\/\/secure.gravatar.com\/avatar\/507340682b8270222e1f208e23198b6ae7e2c6a1033ae84e99bc6bce4f82a387?s=96&d=mm&r=g","width":96,"height":96,"caption":"Encontra Belo Horizonte"}},{"@type":"WebPage","@id":"https:\/\/www.encontrabelohorizonte.com.br\/sobre\/apos-semana-de-muito-calor-temperaturas-caem-em-bh-veja-previsao-do-tempo\/#webpage","url":"https:\/\/www.encontrabelohorizonte.com.br\/sobre\/apos-semana-de-muito-calor-temperaturas-caem-em-bh-veja-previsao-do-tempo\/","name":"Ap\u00f3s semana de muito calor, temperaturas caem em BH; veja previs\u00e3o do tempo | Encontra Belo Horizonte","description":"Temperaturas caem em BH ap\u00f3s calor intenso. Confira a previs\u00e3o do tempo!","inLanguage":"pt-BR","isPartOf":{"@id":"https:\/\/www.encontrabelohorizonte.com.br\/sobre\/#website"},"breadcrumb":{"@id":"https:\/\/www.encontrabelohorizonte.com.br\/sobre\/apos-semana-de-muito-calor-temperaturas-caem-em-bh-veja-previsao-do-tempo\/#breadcrumblist"},"author":{"@id":"https:\/\/www.encontrabelohorizonte.com.br\/sobre\/author\/ebelohorizonte\/#author"},"creator":{"@id":"https:\/\/www.encontrabelohorizonte.com.br\/sobre\/author\/ebelohorizonte\/#author"},"image":{"@type":"ImageObject","url":"https:\/\/www.encontrabelohorizonte.com.br\/sobre\/wp-content\/uploads\/apos-semana-de-muito-calor-temperaturas-caem-em-bh-veja-previsao-do-tempo.webp","@id":"https:\/\/www.encontrabelohorizonte.com.br\/sobre\/apos-semana-de-muito-calor-temperaturas-caem-em-bh-veja-previsao-do-tempo\/#mainImage","width":320,"height":280,"caption":"temperaturas caem em BH"},"primaryImageOfPage":{"@id":"https:\/\/www.encontrabelohorizonte.com.br\/sobre\/apos-semana-de-muito-calor-temperaturas-caem-em-bh-veja-previsao-do-tempo\/#mainImage"},"datePublished":"2026-01-10T03:54:15-03:00","dateModified":"2026-01-10T03:54:15-03:00"},{"@type":"WebSite","@id":"https:\/\/www.encontrabelohorizonte.com.br\/sobre\/#website","url":"https:\/\/www.encontrabelohorizonte.com.br\/sobre\/","name":"Encontra Belo Horizonte","description":"Not\u00edcias, eventos, informa\u00e7\u00f5es e dicas da cidade de Belo Horizonte e regi\u00e3o","inLanguage":"pt-BR","publisher":{"@id":"https:\/\/www.encontrabelohorizonte.com.br\/sobre\/#organization"}}]},"og:locale":"pt_BR","og:site_name":"Encontra Belo Horizonte | Not\u00edcias, eventos, informa\u00e7\u00f5es e dicas da cidade de Belo Horizonte e regi\u00e3o","og:type":"article","og:title":"Ap\u00f3s semana de muito calor, temperaturas caem em BH; veja previs\u00e3o do tempo | Encontra Belo Horizonte","og:description":"Temperaturas caem em BH ap\u00f3s calor intenso. Confira a previs\u00e3o do tempo!","og:url":"https:\/\/www.encontrabelohorizonte.com.br\/sobre\/apos-semana-de-muito-calor-temperaturas-caem-em-bh-veja-previsao-do-tempo\/","article:published_time":"2026-01-10T06:54:15+00:00","article:modified_time":"2026-01-10T06:54:15+00:00","twitter:card":"summary","twitter:title":"Ap\u00f3s semana de muito calor, temperaturas caem em BH; veja previs\u00e3o do tempo | Encontra Belo Horizonte","twitter:description":"Temperaturas caem em BH ap\u00f3s calor intenso. Confira a previs\u00e3o do tempo!"},"aioseo_meta_data":{"post_id":"3414","title":null,"description":null,"keywords":null,"keyphrases":null,"primary_term":null,"canonical_url":null,"og_title":null,"og_description":null,"og_object_type":"default","og_image_type":"default","og_image_url":null,"og_image_width":null,"og_image_height":null,"og_image_custom_url":null,"og_image_custom_fields":null,"og_video":null,"og_custom_url":null,"og_article_section":null,"og_article_tags":null,"twitter_use_og":false,"twitter_card":"default","twitter_image_type":"default","twitter_image_url":null,"twitter_image_custom_url":null,"twitter_image_custom_fields":null,"twitter_title":null,"twitter_description":null,"schema":{"blockGraphs":[],"customGraphs":[],"default":{"data":{"Article":[],"Course":[],"Dataset":[],"FAQPage":[],"Movie":[],"Person":[],"Product":[],"ProductReview":[],"Car":[],"Recipe":[],"Service":[],"SoftwareApplication":[],"WebPage":[]},"graphName":"Article","isEnabled":true},"graphs":[]},"schema_type":"default","schema_type_options":null,"pillar_content":false,"robots_default":true,"robots_noindex":false,"robots_noarchive":false,"robots_nosnippet":false,"robots_nofollow":false,"robots_noimageindex":false,"robots_noodp":false,"robots_notranslate":false,"robots_max_snippet":null,"robots_max_videopreview":null,"robots_max_imagepreview":"large","priority":null,"frequency":null,"local_seo":null,"breadcrumb_settings":null,"limit_modified_date":false,"ai":null,"created":"2026-01-10 06:55:43","updated":"2026-01-10 08:47:24","focus_keyword":null,"additional_keywords":null,"truseo_locale":null,"seo_analyzer_scan_date":null},"aioseo_breadcrumb":"<div class=\"aioseo-breadcrumbs\"><span class=\"aioseo-breadcrumb\">\n\t\t\t<a href=\"https:\/\/www.encontrabelohorizonte.com.br\/sobre\" title=\"In\u00edcio\">In\u00edcio<\/a>\n\t\t<\/span><span class=\"aioseo-breadcrumb-separator\">&raquo;<\/span><span class=\"aioseo-breadcrumb\">\n\t\t\t<a href=\"https:\/\/www.encontrabelohorizonte.com.br\/sobre\/noticias\/\" title=\"Not\u00edcias Belo Horizonte\">Not\u00edcias Belo Horizonte<\/a>\n\t\t<\/span><span class=\"aioseo-breadcrumb-separator\">&raquo;<\/span><span class=\"aioseo-breadcrumb\">\n\t\t\tAp\u00f3s semana de muito calor, temperaturas caem em BH; veja previs\u00e3o do tempo\n\t\t<\/span><\/div>","aioseo_breadcrumb_json":[{"label":"In\u00edcio","link":"https:\/\/www.encontrabelohorizonte.com.br\/sobre"},{"label":"Not\u00edcias Belo Horizonte","link":"https:\/\/www.encontrabelohorizonte.com.br\/sobre\/noticias\/"},{"label":"Ap\u00f3s semana de muito calor, temperaturas caem em BH; veja previs\u00e3o do tempo","link":"https:\/\/www.encontrabelohorizonte.com.br\/sobre\/apos-semana-de-muito-calor-temperaturas-caem-em-bh-veja-previsao-do-tempo\/"}],"_links":{"self":[{"href":"https:\/\/www.encontrabelohorizonte.com.br\/sobre\/wp-json\/wp\/v2\/posts\/3414","targetHints":{"allow":["GET"]}}],"collection":[{"href":"https:\/\/www.encontrabelohorizonte.com.br\/sobre\/wp-json\/wp\/v2\/posts"}],"about":[{"href":"https:\/\/www.encontrabelohorizonte.com.br\/sobre\/wp-json\/wp\/v2\/types\/post"}],"author":[{"embeddable":true,"href":"https:\/\/www.encontrabelohorizonte.com.br\/sobre\/wp-json\/wp\/v2\/users\/1"}],"replies":[{"embeddable":true,"href":"https:\/\/www.encontrabelohorizonte.com.br\/sobre\/wp-json\/wp\/v2\/comments?post=3414"}],"version-history":[{"count":0,"href":"https:\/\/www.encontrabelohorizonte.com.br\/sobre\/wp-json\/wp\/v2\/posts\/3414\/revisions"}],"wp:featuredmedia":[{"embeddable":true,"href":"https:\/\/www.encontrabelohorizonte.com.br\/sobre\/wp-json\/wp\/v2\/media\/3413"}],"wp:attachment":[{"href":"https:\/\/www.encontrabelohorizonte.com.br\/sobre\/wp-json\/wp\/v2\/media?parent=3414"}],"wp:term":[{"taxonomy":"category","embeddable":true,"href":"https:\/\/www.encontrabelohorizonte.com.br\/sobre\/wp-json\/wp\/v2\/categories?post=3414"},{"taxonomy":"post_tag","embeddable":true,"href":"https:\/\/www.encontrabelohorizonte.com.br\/sobre\/wp-json\/wp\/v2\/tags?post=3414"}],"curies":[{"name":"wp","href":"https:\/\/api.w.org\/{rel}","templated":true}]}}