{"id":3491,"date":"2026-01-24T05:29:57","date_gmt":"2026-01-24T08:29:57","guid":{"rendered":"https:\/\/www.encontrabelohorizonte.com.br\/sobre\/calor-intenso-aumenta-em-30-os-atendimentos-em-upas-de-bh\/"},"modified":"2026-01-24T05:29:57","modified_gmt":"2026-01-24T08:29:57","slug":"calor-intenso-aumenta-em-30-os-atendimentos-em-upas-de-bh","status":"publish","type":"post","link":"https:\/\/www.encontrabelohorizonte.com.br\/sobre\/calor-intenso-aumenta-em-30-os-atendimentos-em-upas-de-bh\/","title":{"rendered":"Calor intenso aumenta em 30% os atendimentos em UPAs de BH"},"content":{"rendered":"<div class=\"2e083cf0b19e2c11948dc6ac054ba979\" data-index=\"1\" style=\"float: none; margin:0px;\">\n<!-- Anuncio display - global -->\r\n<ins class=\"adsbygoogle\"\r\n     style=\"display:block\"\r\n     data-ad-client=\"ca-pub-8585364105181520\"\r\n     data-ad-slot=\"8789329856\"\r\n     data-ad-format=\"auto\"\r\n     data-full-width-responsive=\"true\"><\/ins>\r\n<script>\r\n     (adsbygoogle = window.adsbygoogle || []).push({});\r\n<\/script>\n<\/div>\n<h2>Impacto do Calor na Sa\u00fade dos Habitantes<\/h2>\n<p>A onda de calor que atinge Belo Horizonte tem causado um aumento significativo nas consultas m\u00e9dicas, especialmente nas Unidades de Pronto Atendimento (UPAs). A combina\u00e7\u00e3o das altas temperaturas com a umidade provoca diversos dist\u00farbios de sa\u00fade, que v\u00e3o desde desidrata\u00e7\u00e3o at\u00e9 condi\u00e7\u00f5es mais graves, como insola\u00e7\u00e3o e problemas gastrointestinais. Com isso, a popula\u00e7\u00e3o est\u00e1 sendo continuamente alertada sobre os riscos associados ao calor intenso.<\/p>\n<h2>Causas do Aumento nas Consultas<\/h2>\n<p>Os dados fornecidos pela Secretaria Municipal de Sa\u00fade de Belo Horizonte demonstram um crescimento de aproximadamente 30% nos atendimentos nas UPAs durante os dias mais quentes, em compara\u00e7\u00e3o com os finais de semana anteriores. Esse aumento \u00e9 atribu\u00eddo a sintomas comuns como:<\/p>\n<ul>\n<li><strong>Desidrata\u00e7\u00e3o:<\/strong> Perda excessiva de fluidos devido ao calor, resultando em fraqueza e tontura.<\/li>\n<li><strong>Diarreia:<\/strong> Aumento de evacua\u00e7\u00f5es frequentes, muitas vezes causadas por infec\u00e7\u00f5es gastrointestinais.<\/li>\n<li><strong>V\u00f4mito:<\/strong> Pode ser uma resposta a alimentos estragados ou a desidrata\u00e7\u00e3o severa.<\/li>\n<li><strong>Insola\u00e7\u00e3o:<\/strong> Afec\u00e7\u00e3o provocada pela exposi\u00e7\u00e3o ao sol, levando ao superaquecimento do corpo.<\/li>\n<\/ul>\n<h2>Sintomas Comuns em Dias de Calor<\/h2>\n<p>Nos dias de calor intenso, muitos t\u00eam apresentado sintomas que podem ser alarmantes. Durante os dias 27 e 28 de dezembro, por exemplo, 108 novos atendimentos foram registrados em apenas 48 horas, demonstrando a urg\u00eancia de buscar ajuda m\u00e9dica quando s\u00e3o notados conhecimentos t\u00edpicos, como:<\/p>\n<p><img decoding=\"async\" src=\"https:\/\/www.encontrabelohorizonte.com.br\/sobre\/wp-content\/uploads\/calor-intenso-aumenta-em-30-os-atendimentos-em-upas-de-bh.webp\" alt=\"calor intenso atendimentos UPAs BH\" loading=\"lazy\" \/><\/p>\n<ul>\n<li><strong>Cansa\u00e7o extremo:<\/strong> Sensa\u00e7\u00e3o de fraqueza que pode acompanhar dor de cabe\u00e7a intensa.<\/li>\n<li><strong>Confus\u00e3o mental:<\/strong> Altera\u00e7\u00f5es no estado de alerta, podendo indicar um quadro s\u00e9rio de desidrata\u00e7\u00e3o ou insola\u00e7\u00e3o.<\/li>\n<li><strong>Pele seca e quente:<\/strong> Indica a falta de hidrata\u00e7\u00e3o suficiente e um poss\u00edvel choque t\u00e9rmico.<\/li>\n<\/ul>\n<h2>Como as UPAs est\u00e3o se Preparando<\/h2>\n<p>Para lidar com o aumento no n\u00famero de atendimentos, as UPAs de Belo Horizonte est\u00e3o adotando medidas proativas. O treinamento dos profissionais para reconhecer rapidamente sinais de estresse t\u00e9rmico e desidrata\u00e7\u00e3o tornou-se prioridade. Al\u00e9m disso:<\/p>\n<ul>\n<li><strong>Equipamentos de Emerg\u00eancia:<\/strong> UPAs t\u00eam garantido que estejam dispon\u00edveis solu\u00e7\u00f5es e hidrata\u00e7\u00e3o intravenosa em casos cr\u00edticos.<\/li>\n<li><strong>Campanhas de Preven\u00e7\u00e3o:<\/strong> Informa\u00e7\u00e3o ao p\u00fablico sobre a import\u00e2ncia da hidrata\u00e7\u00e3o e o uso de roupas leves nos dias quentes.<\/li>\n<\/ul>\n<h2>O Papel da Manuten\u00e7\u00e3o nas Unidades de Sa\u00fade<\/h2>\n<p>Al\u00e9m do aumento da clientela nas UPAs, a onda de calor tamb\u00e9m afetou o funcionamento das unidades de sa\u00fade. Em um hospital infantil, um incidente com o ar-condicionado levou \u00e0 transfer\u00eancia de tr\u00eas pacientes ap\u00f3s um superaquecimento do sistema. A cl\u00ednica respons\u00e1vel, Fhemig, destacou a import\u00e2ncia da manuten\u00e7\u00e3o regular e a necessidade de verificar as condi\u00e7\u00f5es dos sistemas de climatiza\u00e7\u00e3o durante per\u00edodos cr\u00edticos.<\/p>\n<h2>A Import\u00e2ncia do Controle T\u00e9rmico para Animais<\/h2>\n<p>O bem-estar dos animais tamb\u00e9m \u00e9 uma preocupa\u00e7\u00e3o durante essa onda de calor. O Zool\u00f3gico de Belo Horizonte implementou medidas espec\u00edficas para proteger seus animais, incluindo:<\/p>\n<ul>\n<li><strong>Refrescos T\u00e9rmicos:<\/strong> Os cuidadores est\u00e3o oferecendo blocos de gelo recheados com frutas e carne, ajudando na regula\u00e7\u00e3o da temperatura corporal dos animais.<\/li>\n<li><strong>\u00c1reas Sombreadas Adicionais:<\/strong> Cria\u00e7\u00e3o de espa\u00e7os com sombra e ventila\u00e7\u00e3o adequada para os animais evitarem os picos de calor.<\/li>\n<\/ul>\n<h2>Recomenda\u00e7\u00f5es para a Popula\u00e7\u00e3o<\/h2>\n<p>\u00c9 vital que a popula\u00e7\u00e3o siga algumas recomenda\u00e7\u00f5es para evitar problemas de sa\u00fade durante a onda de calor. Algumas dicas incluem:<\/p>\n<ul>\n<li><strong>Hidrata\u00e7\u00e3o:<\/strong> Beber bastante \u00e1gua e evitar bebidas alcoolicas e cafeinadas que desidratam.<\/li>\n<li><strong>Vestimenta Adequada:<\/strong> Usar roupas leves, de cores claras e com tecidos que absorvem menos o calor.<\/li>\n<li><strong>Evitar Exerc\u00edcios Pesados:<\/strong> Sempre que poss\u00edvel, evite atividades f\u00edsicas intensas durante os hor\u00e1rios mais quentes do dia.<\/li>\n<\/ul>\n<h2>Estat\u00edsticas de Atendimento em Per\u00edodos Quentes<\/h2>\n<p>A tabela a seguir mostra a compara\u00e7\u00e3o entre os atendimentos nas UPAs durante os finais de semana que foram afetados por altas temperaturas compartilhados com padr\u00e3o de dias normais:<\/p>\n<table>\n<tr>\n<th>Data<\/th>\n<th>Atendimentos Normais<\/th>\n<th>Atendimentos em Per\u00edodo de Calor<\/th>\n<\/tr>\n<tr>\n<td>20-21\/12<\/td>\n<td>85<\/td>\n<td>&#8212;<\/td>\n<\/tr>\n<tr>\n<td>27-28\/12<\/td>\n<td>108<\/td>\n<td>&#8212;<\/td>\n<\/tr>\n<\/table>\n<h2>A\u00e7\u00f5es da Prefeitura contra a Onda de Calor<\/h2>\n<p>A Prefeitura de Belo Horizonte est\u00e1 realizando a\u00e7\u00f5es para mitigar os efeitos da onda de calor na popula\u00e7\u00e3o. Tais a\u00e7\u00f5es incluem:<\/p>\n<ul>\n<li><strong>Cria\u00e7\u00e3o de Pontos de Resfriamento:<\/strong> Instala\u00e7\u00e3o de tendas e locais com ar-condicionado para atender \u00e0 popula\u00e7\u00e3o em situa\u00e7\u00e3o vulner\u00e1vel.<\/li>\n<li><strong>Distribui\u00e7\u00e3o de \u00c1gua:<\/strong> A\u00e7\u00f5es de distribui\u00e7\u00e3o de \u00e1gua em pontos estrat\u00e9gicos da cidade, visando hidratar pessoas em diferentes \u00e1reas.<\/li>\n<\/ul>\n<h2>Perspectivas para o Futuro em Sa\u00fade<\/h2>\n<p>\u00c0 medida que as mudan\u00e7as clim\u00e1ticas continuam a influenciar padr\u00f5es clim\u00e1ticos, as cidades como Belo Horizonte devem se preparar para o aumento da temperatura e suas implica\u00e7\u00f5es na sa\u00fade p\u00fablica. As iniciativas em sa\u00fade e bem-estar devem estar constantemente em evolu\u00e7\u00e3o, incorporando li\u00e7\u00f5es aprendidas para garantir a seguran\u00e7a e a sa\u00fade de todos os habitantes em eventos clim\u00e1ticos extremos.<\/p>\n\n<div style=\"font-size: 0px; height: 0px; line-height: 0px; margin: 0; padding: 0; clear: both;\"><\/div>","protected":false},"excerpt":{"rendered":"<p>Calor intenso causa aumento de 30% nos atendimentos nas UPAs em Belo Horizonte.<\/p>\n","protected":false},"author":1,"featured_media":3490,"comment_status":"closed","ping_status":"closed","sticky":false,"template":"","format":"standard","meta":{"footnotes":""},"categories":[6],"tags":[],"class_list":["post-3491","post","type-post","status-publish","format-standard","has-post-thumbnail","hentry","category-noticias","has_thumb"],"aioseo_notices":[],"aioseo_head":"\n\t\t<!-- All in One SEO 5.0.0.1 - aioseo.com -->\n\t<meta name=\"description\" content=\"Calor intenso causa aumento de 30% nos atendimentos nas UPAs em Belo Horizonte.\" \/>\n\t<meta name=\"robots\" content=\"max-image-preview:large\" \/>\n\t<meta name=\"author\" content=\"Encontra Belo Horizonte\"\/>\n\t<link rel=\"canonical\" href=\"https:\/\/www.encontrabelohorizonte.com.br\/sobre\/calor-intenso-aumenta-em-30-os-atendimentos-em-upas-de-bh\/\" \/>\n\t<meta name=\"generator\" content=\"All in One SEO (AIOSEO) 5.0.0.1\" \/>\n\t\t<meta property=\"og:locale\" content=\"pt_BR\" \/>\n\t\t<meta property=\"og:site_name\" content=\"Encontra Belo Horizonte | Not\u00edcias, eventos, informa\u00e7\u00f5es e dicas da cidade de Belo Horizonte e regi\u00e3o\" \/>\n\t\t<meta property=\"og:type\" content=\"article\" \/>\n\t\t<meta property=\"og:title\" content=\"Calor intenso aumenta em 30% os atendimentos em UPAs de BH | Encontra Belo Horizonte\" \/>\n\t\t<meta property=\"og:description\" content=\"Calor intenso causa aumento de 30% nos atendimentos nas UPAs em Belo Horizonte.\" \/>\n\t\t<meta property=\"og:url\" content=\"https:\/\/www.encontrabelohorizonte.com.br\/sobre\/calor-intenso-aumenta-em-30-os-atendimentos-em-upas-de-bh\/\" \/>\n\t\t<meta property=\"article:published_time\" content=\"2026-01-24T08:29:57+00:00\" \/>\n\t\t<meta property=\"article:modified_time\" content=\"2026-01-24T08:29:57+00:00\" \/>\n\t\t<meta name=\"twitter:card\" content=\"summary\" \/>\n\t\t<meta name=\"twitter:title\" content=\"Calor intenso aumenta em 30% os atendimentos em UPAs de BH | Encontra Belo Horizonte\" \/>\n\t\t<meta name=\"twitter:description\" content=\"Calor intenso causa aumento de 30% nos atendimentos nas UPAs em Belo Horizonte.\" \/>\n\t\t<script type=\"application\/ld+json\" class=\"aioseo-schema\">\n\t\t\t{\"@context\":\"https:\\\/\\\/schema.org\",\"@graph\":[{\"@type\":\"Article\",\"@id\":\"https:\\\/\\\/www.encontrabelohorizonte.com.br\\\/sobre\\\/calor-intenso-aumenta-em-30-os-atendimentos-em-upas-de-bh\\\/#article\",\"name\":\"Calor intenso aumenta em 30% os atendimentos em UPAs de BH | Encontra Belo Horizonte\",\"headline\":\"Calor intenso aumenta em 30% os atendimentos em UPAs de BH\",\"author\":{\"@id\":\"https:\\\/\\\/www.encontrabelohorizonte.com.br\\\/sobre\\\/author\\\/ebelohorizonte\\\/#author\"},\"publisher\":{\"@id\":\"https:\\\/\\\/www.encontrabelohorizonte.com.br\\\/sobre\\\/#organization\"},\"image\":{\"@type\":\"ImageObject\",\"url\":\"https:\\\/\\\/www.encontrabelohorizonte.com.br\\\/sobre\\\/wp-content\\\/uploads\\\/calor-intenso-aumenta-em-30-os-atendimentos-em-upas-de-bh.webp\",\"width\":280,\"height\":280,\"caption\":\"calor intenso atendimentos UPAs BH\"},\"datePublished\":\"2026-01-24T05:29:57-03:00\",\"dateModified\":\"2026-01-24T05:29:57-03:00\",\"inLanguage\":\"pt-BR\",\"mainEntityOfPage\":{\"@id\":\"https:\\\/\\\/www.encontrabelohorizonte.com.br\\\/sobre\\\/calor-intenso-aumenta-em-30-os-atendimentos-em-upas-de-bh\\\/#webpage\"},\"isPartOf\":{\"@id\":\"https:\\\/\\\/www.encontrabelohorizonte.com.br\\\/sobre\\\/calor-intenso-aumenta-em-30-os-atendimentos-em-upas-de-bh\\\/#webpage\"},\"articleSection\":\"Not\\u00edcias Belo Horizonte\"},{\"@type\":\"BreadcrumbList\",\"@id\":\"https:\\\/\\\/www.encontrabelohorizonte.com.br\\\/sobre\\\/calor-intenso-aumenta-em-30-os-atendimentos-em-upas-de-bh\\\/#breadcrumblist\",\"itemListElement\":[{\"@type\":\"ListItem\",\"@id\":\"https:\\\/\\\/www.encontrabelohorizonte.com.br\\\/sobre#listItem\",\"position\":1,\"name\":\"In\\u00edcio\",\"item\":\"https:\\\/\\\/www.encontrabelohorizonte.com.br\\\/sobre\",\"nextItem\":{\"@type\":\"ListItem\",\"@id\":\"https:\\\/\\\/www.encontrabelohorizonte.com.br\\\/sobre\\\/noticias\\\/#listItem\",\"name\":\"Not\\u00edcias Belo Horizonte\"}},{\"@type\":\"ListItem\",\"@id\":\"https:\\\/\\\/www.encontrabelohorizonte.com.br\\\/sobre\\\/noticias\\\/#listItem\",\"position\":2,\"name\":\"Not\\u00edcias Belo Horizonte\",\"item\":\"https:\\\/\\\/www.encontrabelohorizonte.com.br\\\/sobre\\\/noticias\\\/\",\"nextItem\":{\"@type\":\"ListItem\",\"@id\":\"https:\\\/\\\/www.encontrabelohorizonte.com.br\\\/sobre\\\/calor-intenso-aumenta-em-30-os-atendimentos-em-upas-de-bh\\\/#listItem\",\"name\":\"Calor intenso aumenta em 30% os atendimentos em UPAs de BH\"},\"previousItem\":{\"@type\":\"ListItem\",\"@id\":\"https:\\\/\\\/www.encontrabelohorizonte.com.br\\\/sobre#listItem\",\"name\":\"In\\u00edcio\"}},{\"@type\":\"ListItem\",\"@id\":\"https:\\\/\\\/www.encontrabelohorizonte.com.br\\\/sobre\\\/calor-intenso-aumenta-em-30-os-atendimentos-em-upas-de-bh\\\/#listItem\",\"position\":3,\"name\":\"Calor intenso aumenta em 30% os atendimentos em UPAs de BH\",\"previousItem\":{\"@type\":\"ListItem\",\"@id\":\"https:\\\/\\\/www.encontrabelohorizonte.com.br\\\/sobre\\\/noticias\\\/#listItem\",\"name\":\"Not\\u00edcias Belo Horizonte\"}}]},{\"@type\":\"Organization\",\"@id\":\"https:\\\/\\\/www.encontrabelohorizonte.com.br\\\/sobre\\\/#organization\",\"name\":\"Encontra Belo Horizonte\",\"description\":\"Not\\u00edcias, eventos, informa\\u00e7\\u00f5es e dicas da cidade de Belo Horizonte e regi\\u00e3o\",\"url\":\"https:\\\/\\\/www.encontrabelohorizonte.com.br\\\/sobre\\\/\"},{\"@type\":\"Person\",\"@id\":\"https:\\\/\\\/www.encontrabelohorizonte.com.br\\\/sobre\\\/author\\\/ebelohorizonte\\\/#author\",\"url\":\"https:\\\/\\\/www.encontrabelohorizonte.com.br\\\/sobre\\\/author\\\/ebelohorizonte\\\/\",\"name\":\"Encontra Belo Horizonte\",\"image\":{\"@type\":\"ImageObject\",\"@id\":\"https:\\\/\\\/www.encontrabelohorizonte.com.br\\\/sobre\\\/calor-intenso-aumenta-em-30-os-atendimentos-em-upas-de-bh\\\/#authorImage\",\"url\":\"https:\\\/\\\/secure.gravatar.com\\\/avatar\\\/507340682b8270222e1f208e23198b6ae7e2c6a1033ae84e99bc6bce4f82a387?s=96&d=mm&r=g\",\"width\":96,\"height\":96,\"caption\":\"Encontra Belo Horizonte\"}},{\"@type\":\"WebPage\",\"@id\":\"https:\\\/\\\/www.encontrabelohorizonte.com.br\\\/sobre\\\/calor-intenso-aumenta-em-30-os-atendimentos-em-upas-de-bh\\\/#webpage\",\"url\":\"https:\\\/\\\/www.encontrabelohorizonte.com.br\\\/sobre\\\/calor-intenso-aumenta-em-30-os-atendimentos-em-upas-de-bh\\\/\",\"name\":\"Calor intenso aumenta em 30% os atendimentos em UPAs de BH | Encontra Belo Horizonte\",\"description\":\"Calor intenso causa aumento de 30% nos atendimentos nas UPAs em Belo Horizonte.\",\"inLanguage\":\"pt-BR\",\"isPartOf\":{\"@id\":\"https:\\\/\\\/www.encontrabelohorizonte.com.br\\\/sobre\\\/#website\"},\"breadcrumb\":{\"@id\":\"https:\\\/\\\/www.encontrabelohorizonte.com.br\\\/sobre\\\/calor-intenso-aumenta-em-30-os-atendimentos-em-upas-de-bh\\\/#breadcrumblist\"},\"author\":{\"@id\":\"https:\\\/\\\/www.encontrabelohorizonte.com.br\\\/sobre\\\/author\\\/ebelohorizonte\\\/#author\"},\"creator\":{\"@id\":\"https:\\\/\\\/www.encontrabelohorizonte.com.br\\\/sobre\\\/author\\\/ebelohorizonte\\\/#author\"},\"image\":{\"@type\":\"ImageObject\",\"url\":\"https:\\\/\\\/www.encontrabelohorizonte.com.br\\\/sobre\\\/wp-content\\\/uploads\\\/calor-intenso-aumenta-em-30-os-atendimentos-em-upas-de-bh.webp\",\"@id\":\"https:\\\/\\\/www.encontrabelohorizonte.com.br\\\/sobre\\\/calor-intenso-aumenta-em-30-os-atendimentos-em-upas-de-bh\\\/#mainImage\",\"width\":280,\"height\":280,\"caption\":\"calor intenso atendimentos UPAs BH\"},\"primaryImageOfPage\":{\"@id\":\"https:\\\/\\\/www.encontrabelohorizonte.com.br\\\/sobre\\\/calor-intenso-aumenta-em-30-os-atendimentos-em-upas-de-bh\\\/#mainImage\"},\"datePublished\":\"2026-01-24T05:29:57-03:00\",\"dateModified\":\"2026-01-24T05:29:57-03:00\"},{\"@type\":\"WebSite\",\"@id\":\"https:\\\/\\\/www.encontrabelohorizonte.com.br\\\/sobre\\\/#website\",\"url\":\"https:\\\/\\\/www.encontrabelohorizonte.com.br\\\/sobre\\\/\",\"name\":\"Encontra Belo Horizonte\",\"description\":\"Not\\u00edcias, eventos, informa\\u00e7\\u00f5es e dicas da cidade de Belo Horizonte e regi\\u00e3o\",\"inLanguage\":\"pt-BR\",\"publisher\":{\"@id\":\"https:\\\/\\\/www.encontrabelohorizonte.com.br\\\/sobre\\\/#organization\"}}]}\n\t\t<\/script>\n\t\t<!-- All in One SEO -->\n\n","aioseo_head_json":{"title":"Calor intenso aumenta em 30% os atendimentos em UPAs de BH | Encontra Belo Horizonte","description":"Calor intenso causa aumento de 30% nos atendimentos nas UPAs em Belo Horizonte.","canonical_url":"https:\/\/www.encontrabelohorizonte.com.br\/sobre\/calor-intenso-aumenta-em-30-os-atendimentos-em-upas-de-bh\/","robots":"max-image-preview:large","keywords":"","webmasterTools":{"miscellaneous":""},"schema":{"@context":"https:\/\/schema.org","@graph":[{"@type":"Article","@id":"https:\/\/www.encontrabelohorizonte.com.br\/sobre\/calor-intenso-aumenta-em-30-os-atendimentos-em-upas-de-bh\/#article","name":"Calor intenso aumenta em 30% os atendimentos em UPAs de BH | Encontra Belo Horizonte","headline":"Calor intenso aumenta em 30% os atendimentos em UPAs de BH","author":{"@id":"https:\/\/www.encontrabelohorizonte.com.br\/sobre\/author\/ebelohorizonte\/#author"},"publisher":{"@id":"https:\/\/www.encontrabelohorizonte.com.br\/sobre\/#organization"},"image":{"@type":"ImageObject","url":"https:\/\/www.encontrabelohorizonte.com.br\/sobre\/wp-content\/uploads\/calor-intenso-aumenta-em-30-os-atendimentos-em-upas-de-bh.webp","width":280,"height":280,"caption":"calor intenso atendimentos UPAs BH"},"datePublished":"2026-01-24T05:29:57-03:00","dateModified":"2026-01-24T05:29:57-03:00","inLanguage":"pt-BR","mainEntityOfPage":{"@id":"https:\/\/www.encontrabelohorizonte.com.br\/sobre\/calor-intenso-aumenta-em-30-os-atendimentos-em-upas-de-bh\/#webpage"},"isPartOf":{"@id":"https:\/\/www.encontrabelohorizonte.com.br\/sobre\/calor-intenso-aumenta-em-30-os-atendimentos-em-upas-de-bh\/#webpage"},"articleSection":"Not\u00edcias Belo Horizonte"},{"@type":"BreadcrumbList","@id":"https:\/\/www.encontrabelohorizonte.com.br\/sobre\/calor-intenso-aumenta-em-30-os-atendimentos-em-upas-de-bh\/#breadcrumblist","itemListElement":[{"@type":"ListItem","@id":"https:\/\/www.encontrabelohorizonte.com.br\/sobre#listItem","position":1,"name":"In\u00edcio","item":"https:\/\/www.encontrabelohorizonte.com.br\/sobre","nextItem":{"@type":"ListItem","@id":"https:\/\/www.encontrabelohorizonte.com.br\/sobre\/noticias\/#listItem","name":"Not\u00edcias Belo Horizonte"}},{"@type":"ListItem","@id":"https:\/\/www.encontrabelohorizonte.com.br\/sobre\/noticias\/#listItem","position":2,"name":"Not\u00edcias Belo Horizonte","item":"https:\/\/www.encontrabelohorizonte.com.br\/sobre\/noticias\/","nextItem":{"@type":"ListItem","@id":"https:\/\/www.encontrabelohorizonte.com.br\/sobre\/calor-intenso-aumenta-em-30-os-atendimentos-em-upas-de-bh\/#listItem","name":"Calor intenso aumenta em 30% os atendimentos em UPAs de BH"},"previousItem":{"@type":"ListItem","@id":"https:\/\/www.encontrabelohorizonte.com.br\/sobre#listItem","name":"In\u00edcio"}},{"@type":"ListItem","@id":"https:\/\/www.encontrabelohorizonte.com.br\/sobre\/calor-intenso-aumenta-em-30-os-atendimentos-em-upas-de-bh\/#listItem","position":3,"name":"Calor intenso aumenta em 30% os atendimentos em UPAs de BH","previousItem":{"@type":"ListItem","@id":"https:\/\/www.encontrabelohorizonte.com.br\/sobre\/noticias\/#listItem","name":"Not\u00edcias Belo Horizonte"}}]},{"@type":"Organization","@id":"https:\/\/www.encontrabelohorizonte.com.br\/sobre\/#organization","name":"Encontra Belo Horizonte","description":"Not\u00edcias, eventos, informa\u00e7\u00f5es e dicas da cidade de Belo Horizonte e regi\u00e3o","url":"https:\/\/www.encontrabelohorizonte.com.br\/sobre\/"},{"@type":"Person","@id":"https:\/\/www.encontrabelohorizonte.com.br\/sobre\/author\/ebelohorizonte\/#author","url":"https:\/\/www.encontrabelohorizonte.com.br\/sobre\/author\/ebelohorizonte\/","name":"Encontra Belo Horizonte","image":{"@type":"ImageObject","@id":"https:\/\/www.encontrabelohorizonte.com.br\/sobre\/calor-intenso-aumenta-em-30-os-atendimentos-em-upas-de-bh\/#authorImage","url":"https:\/\/secure.gravatar.com\/avatar\/507340682b8270222e1f208e23198b6ae7e2c6a1033ae84e99bc6bce4f82a387?s=96&d=mm&r=g","width":96,"height":96,"caption":"Encontra Belo Horizonte"}},{"@type":"WebPage","@id":"https:\/\/www.encontrabelohorizonte.com.br\/sobre\/calor-intenso-aumenta-em-30-os-atendimentos-em-upas-de-bh\/#webpage","url":"https:\/\/www.encontrabelohorizonte.com.br\/sobre\/calor-intenso-aumenta-em-30-os-atendimentos-em-upas-de-bh\/","name":"Calor intenso aumenta em 30% os atendimentos em UPAs de BH | Encontra Belo Horizonte","description":"Calor intenso causa aumento de 30% nos atendimentos nas UPAs em Belo Horizonte.","inLanguage":"pt-BR","isPartOf":{"@id":"https:\/\/www.encontrabelohorizonte.com.br\/sobre\/#website"},"breadcrumb":{"@id":"https:\/\/www.encontrabelohorizonte.com.br\/sobre\/calor-intenso-aumenta-em-30-os-atendimentos-em-upas-de-bh\/#breadcrumblist"},"author":{"@id":"https:\/\/www.encontrabelohorizonte.com.br\/sobre\/author\/ebelohorizonte\/#author"},"creator":{"@id":"https:\/\/www.encontrabelohorizonte.com.br\/sobre\/author\/ebelohorizonte\/#author"},"image":{"@type":"ImageObject","url":"https:\/\/www.encontrabelohorizonte.com.br\/sobre\/wp-content\/uploads\/calor-intenso-aumenta-em-30-os-atendimentos-em-upas-de-bh.webp","@id":"https:\/\/www.encontrabelohorizonte.com.br\/sobre\/calor-intenso-aumenta-em-30-os-atendimentos-em-upas-de-bh\/#mainImage","width":280,"height":280,"caption":"calor intenso atendimentos UPAs BH"},"primaryImageOfPage":{"@id":"https:\/\/www.encontrabelohorizonte.com.br\/sobre\/calor-intenso-aumenta-em-30-os-atendimentos-em-upas-de-bh\/#mainImage"},"datePublished":"2026-01-24T05:29:57-03:00","dateModified":"2026-01-24T05:29:57-03:00"},{"@type":"WebSite","@id":"https:\/\/www.encontrabelohorizonte.com.br\/sobre\/#website","url":"https:\/\/www.encontrabelohorizonte.com.br\/sobre\/","name":"Encontra Belo Horizonte","description":"Not\u00edcias, eventos, informa\u00e7\u00f5es e dicas da cidade de Belo Horizonte e regi\u00e3o","inLanguage":"pt-BR","publisher":{"@id":"https:\/\/www.encontrabelohorizonte.com.br\/sobre\/#organization"}}]},"og:locale":"pt_BR","og:site_name":"Encontra Belo Horizonte | Not\u00edcias, eventos, informa\u00e7\u00f5es e dicas da cidade de Belo Horizonte e regi\u00e3o","og:type":"article","og:title":"Calor intenso aumenta em 30% os atendimentos em UPAs de BH | Encontra Belo Horizonte","og:description":"Calor intenso causa aumento de 30% nos atendimentos nas UPAs em Belo Horizonte.","og:url":"https:\/\/www.encontrabelohorizonte.com.br\/sobre\/calor-intenso-aumenta-em-30-os-atendimentos-em-upas-de-bh\/","article:published_time":"2026-01-24T08:29:57+00:00","article:modified_time":"2026-01-24T08:29:57+00:00","twitter:card":"summary","twitter:title":"Calor intenso aumenta em 30% os atendimentos em UPAs de BH | Encontra Belo Horizonte","twitter:description":"Calor intenso causa aumento de 30% nos atendimentos nas UPAs em Belo Horizonte."},"aioseo_meta_data":{"post_id":"3491","title":null,"description":null,"keywords":null,"keyphrases":null,"primary_term":null,"canonical_url":null,"og_title":null,"og_description":null,"og_object_type":"default","og_image_type":"default","og_image_url":null,"og_image_width":null,"og_image_height":null,"og_image_custom_url":null,"og_image_custom_fields":null,"og_video":null,"og_custom_url":null,"og_article_section":null,"og_article_tags":null,"twitter_use_og":false,"twitter_card":"default","twitter_image_type":"default","twitter_image_url":null,"twitter_image_custom_url":null,"twitter_image_custom_fields":null,"twitter_title":null,"twitter_description":null,"schema":{"blockGraphs":[],"customGraphs":[],"default":{"data":{"Article":[],"Course":[],"Dataset":[],"FAQPage":[],"Movie":[],"Person":[],"Product":[],"ProductReview":[],"Car":[],"Recipe":[],"Service":[],"SoftwareApplication":[],"WebPage":[]},"graphName":"Article","isEnabled":true},"graphs":[]},"schema_type":"default","schema_type_options":null,"pillar_content":false,"robots_default":true,"robots_noindex":false,"robots_noarchive":false,"robots_nosnippet":false,"robots_nofollow":false,"robots_noimageindex":false,"robots_noodp":false,"robots_notranslate":false,"robots_max_snippet":null,"robots_max_videopreview":null,"robots_max_imagepreview":"large","priority":null,"frequency":null,"local_seo":null,"breadcrumb_settings":null,"limit_modified_date":false,"ai":null,"created":"2026-01-24 08:30:00","updated":"2026-01-24 09:10:46","focus_keyword":null,"additional_keywords":null,"truseo_locale":null,"seo_analyzer_scan_date":null},"aioseo_breadcrumb":"<div class=\"aioseo-breadcrumbs\"><span class=\"aioseo-breadcrumb\">\n\t\t\t<a href=\"https:\/\/www.encontrabelohorizonte.com.br\/sobre\" title=\"In\u00edcio\">In\u00edcio<\/a>\n\t\t<\/span><span class=\"aioseo-breadcrumb-separator\">&raquo;<\/span><span class=\"aioseo-breadcrumb\">\n\t\t\t<a href=\"https:\/\/www.encontrabelohorizonte.com.br\/sobre\/noticias\/\" title=\"Not\u00edcias Belo Horizonte\">Not\u00edcias Belo Horizonte<\/a>\n\t\t<\/span><span class=\"aioseo-breadcrumb-separator\">&raquo;<\/span><span class=\"aioseo-breadcrumb\">\n\t\t\tCalor intenso aumenta em 30% os atendimentos em UPAs de BH\n\t\t<\/span><\/div>","aioseo_breadcrumb_json":[{"label":"In\u00edcio","link":"https:\/\/www.encontrabelohorizonte.com.br\/sobre"},{"label":"Not\u00edcias Belo Horizonte","link":"https:\/\/www.encontrabelohorizonte.com.br\/sobre\/noticias\/"},{"label":"Calor intenso aumenta em 30% os atendimentos em UPAs de BH","link":"https:\/\/www.encontrabelohorizonte.com.br\/sobre\/calor-intenso-aumenta-em-30-os-atendimentos-em-upas-de-bh\/"}],"_links":{"self":[{"href":"https:\/\/www.encontrabelohorizonte.com.br\/sobre\/wp-json\/wp\/v2\/posts\/3491","targetHints":{"allow":["GET"]}}],"collection":[{"href":"https:\/\/www.encontrabelohorizonte.com.br\/sobre\/wp-json\/wp\/v2\/posts"}],"about":[{"href":"https:\/\/www.encontrabelohorizonte.com.br\/sobre\/wp-json\/wp\/v2\/types\/post"}],"author":[{"embeddable":true,"href":"https:\/\/www.encontrabelohorizonte.com.br\/sobre\/wp-json\/wp\/v2\/users\/1"}],"replies":[{"embeddable":true,"href":"https:\/\/www.encontrabelohorizonte.com.br\/sobre\/wp-json\/wp\/v2\/comments?post=3491"}],"version-history":[{"count":0,"href":"https:\/\/www.encontrabelohorizonte.com.br\/sobre\/wp-json\/wp\/v2\/posts\/3491\/revisions"}],"wp:featuredmedia":[{"embeddable":true,"href":"https:\/\/www.encontrabelohorizonte.com.br\/sobre\/wp-json\/wp\/v2\/media\/3490"}],"wp:attachment":[{"href":"https:\/\/www.encontrabelohorizonte.com.br\/sobre\/wp-json\/wp\/v2\/media?parent=3491"}],"wp:term":[{"taxonomy":"category","embeddable":true,"href":"https:\/\/www.encontrabelohorizonte.com.br\/sobre\/wp-json\/wp\/v2\/categories?post=3491"},{"taxonomy":"post_tag","embeddable":true,"href":"https:\/\/www.encontrabelohorizonte.com.br\/sobre\/wp-json\/wp\/v2\/tags?post=3491"}],"curies":[{"name":"wp","href":"https:\/\/api.w.org\/{rel}","templated":true}]}}