{"id":3497,"date":"2026-01-25T05:30:24","date_gmt":"2026-01-25T08:30:24","guid":{"rendered":"https:\/\/www.encontrabelohorizonte.com.br\/sobre\/guerra-do-trafico-impoe-supostas-restricoes-de-circulacao-e-altera-itinerario-de-onibus-em-comunidades-de-bh\/"},"modified":"2026-01-25T05:30:24","modified_gmt":"2026-01-25T08:30:24","slug":"guerra-do-trafico-impoe-supostas-restricoes-de-circulacao-e-altera-itinerario-de-onibus-em-comunidades-de-bh","status":"publish","type":"post","link":"https:\/\/www.encontrabelohorizonte.com.br\/sobre\/guerra-do-trafico-impoe-supostas-restricoes-de-circulacao-e-altera-itinerario-de-onibus-em-comunidades-de-bh\/","title":{"rendered":"Guerra do tr\u00e1fico imp\u00f5e supostas restri\u00e7\u00f5es de circula\u00e7\u00e3o e altera itiner\u00e1rio de \u00f4nibus em comunidades de BH"},"content":{"rendered":"<div class=\"2e083cf0b19e2c11948dc6ac054ba979\" data-index=\"1\" style=\"float: none; margin:0px;\">\n<!-- Anuncio display - global -->\r\n<ins class=\"adsbygoogle\"\r\n     style=\"display:block\"\r\n     data-ad-client=\"ca-pub-8585364105181520\"\r\n     data-ad-slot=\"8789329856\"\r\n     data-ad-format=\"auto\"\r\n     data-full-width-responsive=\"true\"><\/ins>\r\n<script>\r\n     (adsbygoogle = window.adsbygoogle || []).push({});\r\n<\/script>\n<\/div>\n<h2>Mudan\u00e7as nas Rotas de Transporte P\u00fablico<\/h2>\n<p>Recentemente, a rotina da Vila Cemig e do Conjunto Esperan\u00e7a, localizados em Belo Horizonte, foi intensamente afetada por uma escalada na viol\u00eancia resultante de conflitos entre traficantes. Na semana passada, a prefeitura local decidiu modificar os itiner\u00e1rios dos \u00f4nibus que atendiam os moradores dessas comunidades. A decis\u00e3o foi uma resposta a alertas de criminosos que supostamente impuseram restri\u00e7\u00f5es na circula\u00e7\u00e3o de ve\u00edculos. Essa mudan\u00e7a visou garantir a seguran\u00e7a tanto dos passageiros quanto dos operadores dos servi\u00e7os de transporte p\u00fablico.<\/p>\n<h2>Aumenta a Sensa\u00e7\u00e3o de Inseguran\u00e7a Local<\/h2>\n<p>A sensa\u00e7\u00e3o de inseguran\u00e7a nas \u00e1reas afetadas vem crescendo consideravelmente nos \u00faltimos meses. O aumento dos confrontos armados entre fac\u00e7\u00f5es rivais tem gerado um clima de medo entre os moradores. Desde dezembro do \u00faltimo ano, epis\u00f3dios de viol\u00eancia, incluindo mortes e feridos, tornaram-se mais recorrentes, fazendo com que os cidad\u00e3os se sentissem cada vez mais vulner\u00e1veis, especialmente ao sair de casa em busca de servi\u00e7os essenciais.<\/p>\n<h2>O Papel da Prefeitura na Situa\u00e7\u00e3o Atual<\/h2>\n<p>A prefeitura de Belo Horizonte e a Pol\u00edcia Militar t\u00eam se mobilizado para lidar com a crise de seguran\u00e7a nos bairros afetados. \u00c0 medida que os conflitos aumentavam, a administra\u00e7\u00e3o municipal buscou garantir uma resposta r\u00e1pida, adaptando-se \u00e0 nova realidade enfrentada pelos moradores. Al\u00e9m das altera\u00e7\u00f5es nas linhas de \u00f4nibus, a pol\u00edcia intensificou a sua presen\u00e7a nas comunidades, implementando opera\u00e7\u00f5es para restabelecer a ordem.<\/p>\n<p><img decoding=\"async\" src=\"https:\/\/www.encontrabelohorizonte.com.br\/sobre\/wp-content\/uploads\/guerra-do-trafico-impoe-supostas-restricoes-de-circulacao-e-altera-itinerario-de-onibus-em-comunidad.webp\" alt=\"guerra do tr\u00e1fico\" loading=\"lazy\" \/><\/p>\n<h2>Mensagens Amea\u00e7adoras nas Redes Sociais<\/h2>\n<p>Complicando ainda mais a situa\u00e7\u00e3o, moradores relataram ter recebido mensagens amea\u00e7adoras via WhatsApp, supostamente de gangues locais, que detalhavam as novas regras de circula\u00e7\u00e3o na \u00e1rea. Uma das mensagens informava que ve\u00edculos infratores seriam considerados como amea\u00e7as e monitorados. Esse tipo de comunica\u00e7\u00e3o oferece uma vis\u00e3o alarmante sobre a opress\u00e3o que os moradores enfrentam diariamente em suas vidas.<\/p>\n<h2>Depoimentos de Moradores Aflitos<\/h2>\n<p>V\u00e1rias pessoas que vivem na Vila Cemig e no Conjunto Esperan\u00e7a se mostraram preocupadas com a situa\u00e7\u00e3o. Um residente, que pediu para permanecer an\u00f4nimo, comentou sobre a necessidade de cuidados redobrados ao sair e entrar em casa devido \u00e0 crescente inseguran\u00e7a. A preocupa\u00e7\u00e3o com a acessibilidade aos servi\u00e7os de sa\u00fade tamb\u00e9m foi mencionada, uma vez que as novas rotas de transporte dificultam o acesso ao Centro de Sa\u00fade local.<\/p>\n<h2>As Consequ\u00eancias para o Acesso \u00e0 Sa\u00fade<\/h2>\n<p>Com as mudan\u00e7as nas rotas de \u00f4nibus, o acesso a servi\u00e7os de sa\u00fade tornou-se um grande desafio para os moradores dessas comunidades. Muitos expressaram que a dificuldade de transporte j\u00e1 est\u00e1 impactando diretamente suas vidas, limitando o acesso a atendimentos m\u00e9dicos essenciais. A situa\u00e7\u00e3o reflete um ciclo de precariedade, onde a inseguran\u00e7a n\u00e3o s\u00f3 prejudica a mobilidade, mas tamb\u00e9m afeta a qualidade de vida dos cidad\u00e3os.<\/p>\n<h2>A Escalada da Viol\u00eancia na Vila Cemig<\/h2>\n<p>A hist\u00f3ria recente da Vila Cemig e do Conjunto Esperan\u00e7a \u00e9 marcada por uma escalada alarmante na viol\u00eancia criminosa. Em eventos passados, como um confronto que resultou em m\u00faltiplas fatalidades, ficou evidente que a luta pelo controle do tr\u00e1fico de drogas n\u00e3o s\u00f3 amea\u00e7a os envolvidos, mas tamb\u00e9m mant\u00e9m a comunidade em um estado constante de medo e inseguran\u00e7a.<\/p>\n<h2>O Que Diz a Pol\u00edcia Militar?<\/h2>\n<p>Em rela\u00e7\u00e3o aos incidentes recentes, a Pol\u00edcia Militar afirmou que est\u00e1 investigando a origem das mensagens amea\u00e7adoras e a veracidade das alega\u00e7\u00f5es de restri\u00e7\u00f5es impostas por fac\u00e7\u00f5es. A corpora\u00e7\u00e3o recomenda que a popula\u00e7\u00e3o colabore com informa\u00e7\u00f5es relevantes e urge a qualquer cidad\u00e3o que se sinta amea\u00e7ado a buscar ajuda imediatamente atrav\u00e9s dos canais de emerg\u00eancia.<\/p>\n<h2>Altera\u00e7\u00f5es nos Itiner\u00e1rios de \u00d4nibus<\/h2>\n<p>A altera\u00e7\u00e3o das rotas dos \u00f4nibus 332 e 319 representa uma tentativa da gest\u00e3o municipal de mitigar os riscos enfrentados pelos usu\u00e1rios do transporte p\u00fablico. Embora as mudan\u00e7as tenham gerado desconforto, as autoridades garantem a inten\u00e7\u00e3o de restabelecer os itiner\u00e1rios habituais assim que a situa\u00e7\u00e3o de seguran\u00e7a permitir. A volta \u00e0 normalidade nos transportes \u00e9 um passo fundamental para a recupera\u00e7\u00e3o da rotina local.<\/p>\n<h2>Futuro Incerto para a Comunidade<\/h2>\n<p>Enquanto a viol\u00eancia continuar a dominar a narrativa nas comunidades afetadas, o futuro permanece incerto. A necessidade de uma solu\u00e7\u00e3o definitiva para o problema do tr\u00e1fico e da inseguran\u00e7a \u00e9 urgente. Muitos moradores anseiam por uma mudan\u00e7a, uma vez que a atual situa\u00e7\u00e3o limita n\u00e3o apenas a liberdade de movimenta\u00e7\u00e3o, mas tamb\u00e9m suas esperan\u00e7as de um ambiente seguro para viver.<\/p>\n\n<div style=\"font-size: 0px; height: 0px; line-height: 0px; margin: 0; padding: 0; clear: both;\"><\/div>","protected":false},"excerpt":{"rendered":"<p>Guerra do tr\u00e1fico afeta a rotina e seguran\u00e7a na comunidade de Vila Cemig em Belo Horizonte.<\/p>\n","protected":false},"author":1,"featured_media":3496,"comment_status":"closed","ping_status":"closed","sticky":false,"template":"","format":"standard","meta":{"footnotes":""},"categories":[6],"tags":[],"class_list":["post-3497","post","type-post","status-publish","format-standard","has-post-thumbnail","hentry","category-noticias","has_thumb"],"aioseo_notices":[],"_links":{"self":[{"href":"https:\/\/www.encontrabelohorizonte.com.br\/sobre\/wp-json\/wp\/v2\/posts\/3497","targetHints":{"allow":["GET"]}}],"collection":[{"href":"https:\/\/www.encontrabelohorizonte.com.br\/sobre\/wp-json\/wp\/v2\/posts"}],"about":[{"href":"https:\/\/www.encontrabelohorizonte.com.br\/sobre\/wp-json\/wp\/v2\/types\/post"}],"author":[{"embeddable":true,"href":"https:\/\/www.encontrabelohorizonte.com.br\/sobre\/wp-json\/wp\/v2\/users\/1"}],"replies":[{"embeddable":true,"href":"https:\/\/www.encontrabelohorizonte.com.br\/sobre\/wp-json\/wp\/v2\/comments?post=3497"}],"version-history":[{"count":0,"href":"https:\/\/www.encontrabelohorizonte.com.br\/sobre\/wp-json\/wp\/v2\/posts\/3497\/revisions"}],"wp:featuredmedia":[{"embeddable":true,"href":"https:\/\/www.encontrabelohorizonte.com.br\/sobre\/wp-json\/wp\/v2\/media\/3496"}],"wp:attachment":[{"href":"https:\/\/www.encontrabelohorizonte.com.br\/sobre\/wp-json\/wp\/v2\/media?parent=3497"}],"wp:term":[{"taxonomy":"category","embeddable":true,"href":"https:\/\/www.encontrabelohorizonte.com.br\/sobre\/wp-json\/wp\/v2\/categories?post=3497"},{"taxonomy":"post_tag","embeddable":true,"href":"https:\/\/www.encontrabelohorizonte.com.br\/sobre\/wp-json\/wp\/v2\/tags?post=3497"}],"curies":[{"name":"wp","href":"https:\/\/api.w.org\/{rel}","templated":true}]}}