{"id":3507,"date":"2026-01-28T05:37:34","date_gmt":"2026-01-28T08:37:34","guid":{"rendered":"https:\/\/www.encontrabelohorizonte.com.br\/sobre\/feriados-em-minas-gerais-e-belo-horizonte-calendario-2026\/"},"modified":"2026-01-28T05:37:34","modified_gmt":"2026-01-28T08:37:34","slug":"feriados-em-minas-gerais-e-belo-horizonte-calendario-2026","status":"publish","type":"post","link":"https:\/\/www.encontrabelohorizonte.com.br\/sobre\/feriados-em-minas-gerais-e-belo-horizonte-calendario-2026\/","title":{"rendered":"Feriados em Minas Gerais e Belo Horizonte: calend\u00e1rio 2026"},"content":{"rendered":"<div class=\"2e083cf0b19e2c11948dc6ac054ba979\" data-index=\"1\" style=\"float: none; margin:0px;\">\n<!-- Anuncio display - global -->\r\n<ins class=\"adsbygoogle\"\r\n     style=\"display:block\"\r\n     data-ad-client=\"ca-pub-8585364105181520\"\r\n     data-ad-slot=\"8789329856\"\r\n     data-ad-format=\"auto\"\r\n     data-full-width-responsive=\"true\"><\/ins>\r\n<script>\r\n     (adsbygoogle = window.adsbygoogle || []).push({});\r\n<\/script>\n<\/div>\n<h2>Calend\u00e1rio de Feriados em Minas Gerais e Belo Horizonte para 2026<\/h2>\n<p>Em 2026, os cidad\u00e3os de Belo Horizonte e de Minas Gerais desfrutar\u00e3o de uma variedade de <strong>feriados<\/strong> e <strong>pontos facultativos<\/strong> ao longo do ano. \u00c9 essencial estar ciente dessas datas para que possa planejar f\u00e9rias, viagens e compromissos pessoais adequadamente. Neste guia, apresentaremos o calend\u00e1rio de feriados para Belo Horizonte e Minas Gerais, al\u00e9m dos pontos facultativos previstos. Vamos explorar cada m\u00eas e suas respectivas datas!<\/p>\n<h2>Principais Feriados e Pontos Facultativos em Minas Gerais<\/h2>\n<p>O calend\u00e1rio de feriados em Minas Gerais abrange datas tanto de celebra\u00e7\u00f5es nacionais quanto estaduais e municipais, que influenciam o funcionamento de empresas e \u00f3rg\u00e3os p\u00fablicos. Abaixo est\u00e3o os principais feriados e pontos facultativos para 2026.<\/p>\n<h3>Feriados e Pontos Facultativos em Janeiro<\/h3>\n<table>\n<tr>\n<th>Data<\/th>\n<th>Dia da Semana<\/th>\n<th>Comemora\u00e7\u00e3o<\/th>\n<th>Tipo<\/th>\n<\/tr>\n<tr>\n<td>1\u00ba de janeiro<\/td>\n<td>Quinta-feira<\/td>\n<td>Confraterniza\u00e7\u00e3o Universal<\/td>\n<td>Feriado Nacional<\/td>\n<\/tr>\n<\/table>\n<h3>Feriados e Pontos Facultativos em Fevereiro<\/h3>\n<table>\n<tr>\n<th>Data<\/th>\n<th>Dia da Semana<\/th>\n<th>Comemora\u00e7\u00e3o<\/th>\n<th>Tipo<\/th>\n<\/tr>\n<tr>\n<td>16 de fevereiro<\/td>\n<td>Segunda-feira<\/td>\n<td>Carnaval<\/td>\n<td>Ponto Facultativo<\/td>\n<\/tr>\n<tr>\n<td>17 de fevereiro<\/td>\n<td>Ter\u00e7a-feira<\/td>\n<td>Carnaval<\/td>\n<td>Ponto Facultativo<\/td>\n<\/tr>\n<tr>\n<td>18 de fevereiro<\/td>\n<td>Quarta-feira<\/td>\n<td>Quarta-feira de Cinzas<\/td>\n<td>Ponto Facultativo (At\u00e9 14h)<\/td>\n<\/tr>\n<\/table>\n<h3>Feriados e Pontos Facultativos em Abril<\/h3>\n<table>\n<tr>\n<th>Data<\/th>\n<th>Dia da Semana<\/th>\n<th>Comemora\u00e7\u00e3o<\/th>\n<th>Tipo<\/th>\n<\/tr>\n<tr>\n<td>3 de abril<\/td>\n<td>Sexta-feira<\/td>\n<td>Paix\u00e3o de Cristo<\/td>\n<td>Feriado Nacional<\/td>\n<\/tr>\n<tr>\n<td>21 de abril<\/td>\n<td>Ter\u00e7a-feira<\/td>\n<td>Tiradentes<\/td>\n<td>Feriado Nacional<\/td>\n<\/tr>\n<\/table>\n<h3>Feriados e Pontos Facultativos em Maio<\/h3>\n<table>\n<tr>\n<th>Data<\/th>\n<th>Dia da Semana<\/th>\n<th>Comemora\u00e7\u00e3o<\/th>\n<th>Tipo<\/th>\n<\/tr>\n<tr>\n<td>1\u00ba de maio<\/td>\n<td>Sexta-feira<\/td>\n<td>Dia do Trabalhador<\/td>\n<td>Feriado Nacional<\/td>\n<\/tr>\n<\/table>\n<h3>Feriados e Pontos Facultativos em Junho<\/h3>\n<table>\n<tr>\n<th>Data<\/th>\n<th>Dia da Semana<\/th>\n<th>Comemora\u00e7\u00e3o<\/th>\n<th>Tipo<\/th>\n<\/tr>\n<tr>\n<td>19 de junho<\/td>\n<td>Sexta-feira<\/td>\n<td>Corpus Christi<\/td>\n<td>Ponto Facultativo<\/td>\n<\/tr>\n<\/table>\n<h3>Feriados e Pontos Facultativos em Setembro<\/h3>\n<table>\n<tr>\n<th>Data<\/th>\n<th>Dia da Semana<\/th>\n<th>Comemora\u00e7\u00e3o<\/th>\n<th>Tipo<\/th>\n<\/tr>\n<tr>\n<td>7 de setembro<\/td>\n<td>Segunda-feira<\/td>\n<td>Independ\u00eancia do Brasil<\/td>\n<td>Feriado Nacional<\/td>\n<\/tr>\n<\/table>\n<h3>Feriados e Pontos Facultativos em Outubro<\/h3>\n<table>\n<tr>\n<th>Data<\/th>\n<th>Dia da Semana<\/th>\n<th>Comemora\u00e7\u00e3o<\/th>\n<th>Tipo<\/th>\n<\/tr>\n<tr>\n<td>12 de outubro<\/td>\n<td>Segunda-feira<\/td>\n<td> Nossa Senhora Aparecida<\/td>\n<td>Feriado Nacional<\/td>\n<\/tr>\n<\/table>\n<h3>Feriados e Pontos Facultativos em Novembro<\/h3>\n<table>\n<tr>\n<th>Data<\/th>\n<th>Dia da Semana<\/th>\n<th>Comemora\u00e7\u00e3o<\/th>\n<th>Tipo<\/th>\n<\/tr>\n<tr>\n<td>2 de novembro<\/td>\n<td>Segunda-feira<\/td>\n<td>Finados<\/td>\n<td>Feriado Nacional<\/td>\n<\/tr>\n<tr>\n<td>15 de novembro<\/td>\n<td>Domingo<\/td>\n<td>Proclama\u00e7\u00e3o da Rep\u00fablica<\/td>\n<td>Feriado Nacional<\/td>\n<\/tr>\n<\/table>\n<h3>Feriados e Pontos Facultativos em Dezembro<\/h3>\n<table>\n<tr>\n<th>Data<\/th>\n<th>Dia da Semana<\/th>\n<th>Comemora\u00e7\u00e3o<\/th>\n<th>Tipo<\/th>\n<\/tr>\n<tr>\n<td>25 de dezembro<\/td>\n<td>Sexta-feira<\/td>\n<td>Natal<\/td>\n<td>Feriado Nacional<\/td>\n<\/tr>\n<\/table>\n<h2>Feriados Municipais em Belo Horizonte<\/h2>\n<p>Belo Horizonte contar\u00e1 com dois feriados municipais em 2026, que afetam significativamente o funcionamento de escolas, com\u00e9rcio e servi\u00e7os p\u00fablicos:<\/p>\n<ul>\n<li><strong>15 de agosto (s\u00e1bado):<\/strong> Assun\u00e7\u00e3o de Nossa Senhora<\/li>\n<li><strong>8 de dezembro (ter\u00e7a-feira):<\/strong> Imaculada Concei\u00e7\u00e3o<\/li>\n<\/ul>\n<h2>Impacto dos Feriados na Rotina de Trabalho<\/h2>\n<p>Os feriados impactam diretamente a rotina de trabalho em Minas Gerais e em Belo Horizonte. \u00c9 fundamental que as empresas se ajustem para acomodar esses dias de folga nos seus calend\u00e1rios operacionais, o que pode exigir a reorganiza\u00e7\u00e3o de hor\u00e1rios de trabalho e planejamento de atividades.<\/p>\n<h2>Dicas para Aproveitar os Feriados em 2026<\/h2>\n<p>Com os feriados programados, \u00e9 uma boa ideia planejar suas atividades de forma estrat\u00e9gica. Seja para descansar, viajar ou aproveitar momentos de lazer, aqui est\u00e3o algumas sugest\u00f5es:<\/p>\n<ul>\n<li><strong>Planeje viagens com anteced\u00eancia:<\/strong> Verifique se h\u00e1 pacotes promocionais para os feriados prolongados.<\/li>\n<li><strong>Fique atento \u00e0s promo\u00e7\u00f5es:<\/strong> Com\u00e9rcio e servi\u00e7os costumam lan\u00e7ar ofertas especiais durante os feriados.<\/li>\n<li><strong>Aproveite o tempo livre:<\/strong> Utilize os feriados para estar em contato com a fam\u00edlia e amigos.<\/li>\n<\/ul>\n<h2>Perguntas Frequentes sobre os Feriados<\/h2>\n<h3>Quantos feriados ter\u00e3o em Minas Gerais em 2026?<\/h3>\n<p>Minas Gerais contar\u00e1 com 12 feriados nacionais, 2 estaduais e diversas datas com pontos facultativos, variando conforme a cidade.<\/p>\n<h3>O dia 20 de novembro \u00e9 feriado em Belo Horizonte?<\/h3>\n<p>Sim, o Dia da Consci\u00eancia Negra, em 20 de novembro, \u00e9 feriado em Belo Horizonte e em todo o Brasil, institu\u00eddo pela Lei n.\u00ba 14.759\/2023.<\/p>\n<h3>Quais feriados ser\u00e3o prolongados em Belo Horizonte em 2026?<\/h3>\n<p>Os feriados prolongados em BH incluem o Carnaval (que abrange 16 a 18 de fevereiro) e o Natal (25 de dezembro).<\/p><\/p>\n\n<div style=\"font-size: 0px; height: 0px; line-height: 0px; margin: 0; padding: 0; clear: both;\"><\/div>","protected":false},"excerpt":{"rendered":"<p>Feriados em Minas Gerais e Belo Horizonte para planejar suas viagens.<\/p>\n","protected":false},"author":1,"featured_media":0,"comment_status":"closed","ping_status":"closed","sticky":false,"template":"","format":"standard","meta":{"footnotes":""},"categories":[6],"tags":[],"class_list":["post-3507","post","type-post","status-publish","format-standard","hentry","category-noticias"],"aioseo_notices":[],"aioseo_head":"\n\t\t<!-- All in One SEO 5.0.0.1 - aioseo.com -->\n\t<meta name=\"description\" content=\"Feriados em Minas Gerais e Belo Horizonte para planejar suas viagens.\" \/>\n\t<meta name=\"robots\" content=\"max-image-preview:large\" \/>\n\t<meta name=\"author\" content=\"Encontra Belo Horizonte\"\/>\n\t<link rel=\"canonical\" href=\"https:\/\/www.encontrabelohorizonte.com.br\/sobre\/feriados-em-minas-gerais-e-belo-horizonte-calendario-2026\/\" \/>\n\t<meta name=\"generator\" content=\"All in One SEO (AIOSEO) 5.0.0.1\" \/>\n\t\t<meta property=\"og:locale\" content=\"pt_BR\" \/>\n\t\t<meta property=\"og:site_name\" content=\"Encontra Belo Horizonte | Not\u00edcias, eventos, informa\u00e7\u00f5es e dicas da cidade de Belo Horizonte e regi\u00e3o\" \/>\n\t\t<meta property=\"og:type\" content=\"article\" \/>\n\t\t<meta property=\"og:title\" content=\"Feriados em Minas Gerais e Belo Horizonte: calend\u00e1rio 2026 | Encontra Belo Horizonte\" \/>\n\t\t<meta property=\"og:description\" content=\"Feriados em Minas Gerais e Belo Horizonte para planejar suas viagens.\" \/>\n\t\t<meta property=\"og:url\" content=\"https:\/\/www.encontrabelohorizonte.com.br\/sobre\/feriados-em-minas-gerais-e-belo-horizonte-calendario-2026\/\" \/>\n\t\t<meta property=\"article:published_time\" content=\"2026-01-28T08:37:34+00:00\" \/>\n\t\t<meta property=\"article:modified_time\" content=\"2026-01-28T08:37:34+00:00\" \/>\n\t\t<meta name=\"twitter:card\" content=\"summary\" \/>\n\t\t<meta name=\"twitter:title\" content=\"Feriados em Minas Gerais e Belo Horizonte: calend\u00e1rio 2026 | Encontra Belo Horizonte\" \/>\n\t\t<meta name=\"twitter:description\" content=\"Feriados em Minas Gerais e Belo Horizonte para planejar suas viagens.\" \/>\n\t\t<script type=\"application\/ld+json\" class=\"aioseo-schema\">\n\t\t\t{\"@context\":\"https:\\\/\\\/schema.org\",\"@graph\":[{\"@type\":\"Article\",\"@id\":\"https:\\\/\\\/www.encontrabelohorizonte.com.br\\\/sobre\\\/feriados-em-minas-gerais-e-belo-horizonte-calendario-2026\\\/#article\",\"name\":\"Feriados em Minas Gerais e Belo Horizonte: calend\\u00e1rio 2026 | Encontra Belo Horizonte\",\"headline\":\"Feriados em Minas Gerais e Belo Horizonte: calend\\u00e1rio 2026\",\"author\":{\"@id\":\"https:\\\/\\\/www.encontrabelohorizonte.com.br\\\/sobre\\\/author\\\/ebelohorizonte\\\/#author\"},\"publisher\":{\"@id\":\"https:\\\/\\\/www.encontrabelohorizonte.com.br\\\/sobre\\\/#organization\"},\"datePublished\":\"2026-01-28T05:37:34-03:00\",\"dateModified\":\"2026-01-28T05:37:34-03:00\",\"inLanguage\":\"pt-BR\",\"mainEntityOfPage\":{\"@id\":\"https:\\\/\\\/www.encontrabelohorizonte.com.br\\\/sobre\\\/feriados-em-minas-gerais-e-belo-horizonte-calendario-2026\\\/#webpage\"},\"isPartOf\":{\"@id\":\"https:\\\/\\\/www.encontrabelohorizonte.com.br\\\/sobre\\\/feriados-em-minas-gerais-e-belo-horizonte-calendario-2026\\\/#webpage\"},\"articleSection\":\"Not\\u00edcias Belo Horizonte\"},{\"@type\":\"BreadcrumbList\",\"@id\":\"https:\\\/\\\/www.encontrabelohorizonte.com.br\\\/sobre\\\/feriados-em-minas-gerais-e-belo-horizonte-calendario-2026\\\/#breadcrumblist\",\"itemListElement\":[{\"@type\":\"ListItem\",\"@id\":\"https:\\\/\\\/www.encontrabelohorizonte.com.br\\\/sobre#listItem\",\"position\":1,\"name\":\"In\\u00edcio\",\"item\":\"https:\\\/\\\/www.encontrabelohorizonte.com.br\\\/sobre\",\"nextItem\":{\"@type\":\"ListItem\",\"@id\":\"https:\\\/\\\/www.encontrabelohorizonte.com.br\\\/sobre\\\/noticias\\\/#listItem\",\"name\":\"Not\\u00edcias Belo Horizonte\"}},{\"@type\":\"ListItem\",\"@id\":\"https:\\\/\\\/www.encontrabelohorizonte.com.br\\\/sobre\\\/noticias\\\/#listItem\",\"position\":2,\"name\":\"Not\\u00edcias Belo Horizonte\",\"item\":\"https:\\\/\\\/www.encontrabelohorizonte.com.br\\\/sobre\\\/noticias\\\/\",\"nextItem\":{\"@type\":\"ListItem\",\"@id\":\"https:\\\/\\\/www.encontrabelohorizonte.com.br\\\/sobre\\\/feriados-em-minas-gerais-e-belo-horizonte-calendario-2026\\\/#listItem\",\"name\":\"Feriados em Minas Gerais e Belo Horizonte: calend\\u00e1rio 2026\"},\"previousItem\":{\"@type\":\"ListItem\",\"@id\":\"https:\\\/\\\/www.encontrabelohorizonte.com.br\\\/sobre#listItem\",\"name\":\"In\\u00edcio\"}},{\"@type\":\"ListItem\",\"@id\":\"https:\\\/\\\/www.encontrabelohorizonte.com.br\\\/sobre\\\/feriados-em-minas-gerais-e-belo-horizonte-calendario-2026\\\/#listItem\",\"position\":3,\"name\":\"Feriados em Minas Gerais e Belo Horizonte: calend\\u00e1rio 2026\",\"previousItem\":{\"@type\":\"ListItem\",\"@id\":\"https:\\\/\\\/www.encontrabelohorizonte.com.br\\\/sobre\\\/noticias\\\/#listItem\",\"name\":\"Not\\u00edcias Belo Horizonte\"}}]},{\"@type\":\"Organization\",\"@id\":\"https:\\\/\\\/www.encontrabelohorizonte.com.br\\\/sobre\\\/#organization\",\"name\":\"Encontra Belo Horizonte\",\"description\":\"Not\\u00edcias, eventos, informa\\u00e7\\u00f5es e dicas da cidade de Belo Horizonte e regi\\u00e3o\",\"url\":\"https:\\\/\\\/www.encontrabelohorizonte.com.br\\\/sobre\\\/\"},{\"@type\":\"Person\",\"@id\":\"https:\\\/\\\/www.encontrabelohorizonte.com.br\\\/sobre\\\/author\\\/ebelohorizonte\\\/#author\",\"url\":\"https:\\\/\\\/www.encontrabelohorizonte.com.br\\\/sobre\\\/author\\\/ebelohorizonte\\\/\",\"name\":\"Encontra Belo Horizonte\",\"image\":{\"@type\":\"ImageObject\",\"@id\":\"https:\\\/\\\/www.encontrabelohorizonte.com.br\\\/sobre\\\/feriados-em-minas-gerais-e-belo-horizonte-calendario-2026\\\/#authorImage\",\"url\":\"https:\\\/\\\/secure.gravatar.com\\\/avatar\\\/507340682b8270222e1f208e23198b6ae7e2c6a1033ae84e99bc6bce4f82a387?s=96&d=mm&r=g\",\"width\":96,\"height\":96,\"caption\":\"Encontra Belo Horizonte\"}},{\"@type\":\"WebPage\",\"@id\":\"https:\\\/\\\/www.encontrabelohorizonte.com.br\\\/sobre\\\/feriados-em-minas-gerais-e-belo-horizonte-calendario-2026\\\/#webpage\",\"url\":\"https:\\\/\\\/www.encontrabelohorizonte.com.br\\\/sobre\\\/feriados-em-minas-gerais-e-belo-horizonte-calendario-2026\\\/\",\"name\":\"Feriados em Minas Gerais e Belo Horizonte: calend\\u00e1rio 2026 | Encontra Belo Horizonte\",\"description\":\"Feriados em Minas Gerais e Belo Horizonte para planejar suas viagens.\",\"inLanguage\":\"pt-BR\",\"isPartOf\":{\"@id\":\"https:\\\/\\\/www.encontrabelohorizonte.com.br\\\/sobre\\\/#website\"},\"breadcrumb\":{\"@id\":\"https:\\\/\\\/www.encontrabelohorizonte.com.br\\\/sobre\\\/feriados-em-minas-gerais-e-belo-horizonte-calendario-2026\\\/#breadcrumblist\"},\"author\":{\"@id\":\"https:\\\/\\\/www.encontrabelohorizonte.com.br\\\/sobre\\\/author\\\/ebelohorizonte\\\/#author\"},\"creator\":{\"@id\":\"https:\\\/\\\/www.encontrabelohorizonte.com.br\\\/sobre\\\/author\\\/ebelohorizonte\\\/#author\"},\"datePublished\":\"2026-01-28T05:37:34-03:00\",\"dateModified\":\"2026-01-28T05:37:34-03:00\"},{\"@type\":\"WebSite\",\"@id\":\"https:\\\/\\\/www.encontrabelohorizonte.com.br\\\/sobre\\\/#website\",\"url\":\"https:\\\/\\\/www.encontrabelohorizonte.com.br\\\/sobre\\\/\",\"name\":\"Encontra Belo Horizonte\",\"description\":\"Not\\u00edcias, eventos, informa\\u00e7\\u00f5es e dicas da cidade de Belo Horizonte e regi\\u00e3o\",\"inLanguage\":\"pt-BR\",\"publisher\":{\"@id\":\"https:\\\/\\\/www.encontrabelohorizonte.com.br\\\/sobre\\\/#organization\"}}]}\n\t\t<\/script>\n\t\t<!-- All in One SEO -->\n\n","aioseo_head_json":{"title":"Feriados em Minas Gerais e Belo Horizonte: calend\u00e1rio 2026 | Encontra Belo Horizonte","description":"Feriados em Minas Gerais e Belo Horizonte para planejar suas viagens.","canonical_url":"https:\/\/www.encontrabelohorizonte.com.br\/sobre\/feriados-em-minas-gerais-e-belo-horizonte-calendario-2026\/","robots":"max-image-preview:large","keywords":"","webmasterTools":{"miscellaneous":""},"schema":{"@context":"https:\/\/schema.org","@graph":[{"@type":"Article","@id":"https:\/\/www.encontrabelohorizonte.com.br\/sobre\/feriados-em-minas-gerais-e-belo-horizonte-calendario-2026\/#article","name":"Feriados em Minas Gerais e Belo Horizonte: calend\u00e1rio 2026 | Encontra Belo Horizonte","headline":"Feriados em Minas Gerais e Belo Horizonte: calend\u00e1rio 2026","author":{"@id":"https:\/\/www.encontrabelohorizonte.com.br\/sobre\/author\/ebelohorizonte\/#author"},"publisher":{"@id":"https:\/\/www.encontrabelohorizonte.com.br\/sobre\/#organization"},"datePublished":"2026-01-28T05:37:34-03:00","dateModified":"2026-01-28T05:37:34-03:00","inLanguage":"pt-BR","mainEntityOfPage":{"@id":"https:\/\/www.encontrabelohorizonte.com.br\/sobre\/feriados-em-minas-gerais-e-belo-horizonte-calendario-2026\/#webpage"},"isPartOf":{"@id":"https:\/\/www.encontrabelohorizonte.com.br\/sobre\/feriados-em-minas-gerais-e-belo-horizonte-calendario-2026\/#webpage"},"articleSection":"Not\u00edcias Belo Horizonte"},{"@type":"BreadcrumbList","@id":"https:\/\/www.encontrabelohorizonte.com.br\/sobre\/feriados-em-minas-gerais-e-belo-horizonte-calendario-2026\/#breadcrumblist","itemListElement":[{"@type":"ListItem","@id":"https:\/\/www.encontrabelohorizonte.com.br\/sobre#listItem","position":1,"name":"In\u00edcio","item":"https:\/\/www.encontrabelohorizonte.com.br\/sobre","nextItem":{"@type":"ListItem","@id":"https:\/\/www.encontrabelohorizonte.com.br\/sobre\/noticias\/#listItem","name":"Not\u00edcias Belo Horizonte"}},{"@type":"ListItem","@id":"https:\/\/www.encontrabelohorizonte.com.br\/sobre\/noticias\/#listItem","position":2,"name":"Not\u00edcias Belo Horizonte","item":"https:\/\/www.encontrabelohorizonte.com.br\/sobre\/noticias\/","nextItem":{"@type":"ListItem","@id":"https:\/\/www.encontrabelohorizonte.com.br\/sobre\/feriados-em-minas-gerais-e-belo-horizonte-calendario-2026\/#listItem","name":"Feriados em Minas Gerais e Belo Horizonte: calend\u00e1rio 2026"},"previousItem":{"@type":"ListItem","@id":"https:\/\/www.encontrabelohorizonte.com.br\/sobre#listItem","name":"In\u00edcio"}},{"@type":"ListItem","@id":"https:\/\/www.encontrabelohorizonte.com.br\/sobre\/feriados-em-minas-gerais-e-belo-horizonte-calendario-2026\/#listItem","position":3,"name":"Feriados em Minas Gerais e Belo Horizonte: calend\u00e1rio 2026","previousItem":{"@type":"ListItem","@id":"https:\/\/www.encontrabelohorizonte.com.br\/sobre\/noticias\/#listItem","name":"Not\u00edcias Belo Horizonte"}}]},{"@type":"Organization","@id":"https:\/\/www.encontrabelohorizonte.com.br\/sobre\/#organization","name":"Encontra Belo Horizonte","description":"Not\u00edcias, eventos, informa\u00e7\u00f5es e dicas da cidade de Belo Horizonte e regi\u00e3o","url":"https:\/\/www.encontrabelohorizonte.com.br\/sobre\/"},{"@type":"Person","@id":"https:\/\/www.encontrabelohorizonte.com.br\/sobre\/author\/ebelohorizonte\/#author","url":"https:\/\/www.encontrabelohorizonte.com.br\/sobre\/author\/ebelohorizonte\/","name":"Encontra Belo Horizonte","image":{"@type":"ImageObject","@id":"https:\/\/www.encontrabelohorizonte.com.br\/sobre\/feriados-em-minas-gerais-e-belo-horizonte-calendario-2026\/#authorImage","url":"https:\/\/secure.gravatar.com\/avatar\/507340682b8270222e1f208e23198b6ae7e2c6a1033ae84e99bc6bce4f82a387?s=96&d=mm&r=g","width":96,"height":96,"caption":"Encontra Belo Horizonte"}},{"@type":"WebPage","@id":"https:\/\/www.encontrabelohorizonte.com.br\/sobre\/feriados-em-minas-gerais-e-belo-horizonte-calendario-2026\/#webpage","url":"https:\/\/www.encontrabelohorizonte.com.br\/sobre\/feriados-em-minas-gerais-e-belo-horizonte-calendario-2026\/","name":"Feriados em Minas Gerais e Belo Horizonte: calend\u00e1rio 2026 | Encontra Belo Horizonte","description":"Feriados em Minas Gerais e Belo Horizonte para planejar suas viagens.","inLanguage":"pt-BR","isPartOf":{"@id":"https:\/\/www.encontrabelohorizonte.com.br\/sobre\/#website"},"breadcrumb":{"@id":"https:\/\/www.encontrabelohorizonte.com.br\/sobre\/feriados-em-minas-gerais-e-belo-horizonte-calendario-2026\/#breadcrumblist"},"author":{"@id":"https:\/\/www.encontrabelohorizonte.com.br\/sobre\/author\/ebelohorizonte\/#author"},"creator":{"@id":"https:\/\/www.encontrabelohorizonte.com.br\/sobre\/author\/ebelohorizonte\/#author"},"datePublished":"2026-01-28T05:37:34-03:00","dateModified":"2026-01-28T05:37:34-03:00"},{"@type":"WebSite","@id":"https:\/\/www.encontrabelohorizonte.com.br\/sobre\/#website","url":"https:\/\/www.encontrabelohorizonte.com.br\/sobre\/","name":"Encontra Belo Horizonte","description":"Not\u00edcias, eventos, informa\u00e7\u00f5es e dicas da cidade de Belo Horizonte e regi\u00e3o","inLanguage":"pt-BR","publisher":{"@id":"https:\/\/www.encontrabelohorizonte.com.br\/sobre\/#organization"}}]},"og:locale":"pt_BR","og:site_name":"Encontra Belo Horizonte | Not\u00edcias, eventos, informa\u00e7\u00f5es e dicas da cidade de Belo Horizonte e regi\u00e3o","og:type":"article","og:title":"Feriados em Minas Gerais e Belo Horizonte: calend\u00e1rio 2026 | Encontra Belo Horizonte","og:description":"Feriados em Minas Gerais e Belo Horizonte para planejar suas viagens.","og:url":"https:\/\/www.encontrabelohorizonte.com.br\/sobre\/feriados-em-minas-gerais-e-belo-horizonte-calendario-2026\/","article:published_time":"2026-01-28T08:37:34+00:00","article:modified_time":"2026-01-28T08:37:34+00:00","twitter:card":"summary","twitter:title":"Feriados em Minas Gerais e Belo Horizonte: calend\u00e1rio 2026 | Encontra Belo Horizonte","twitter:description":"Feriados em Minas Gerais e Belo Horizonte para planejar suas viagens."},"aioseo_meta_data":{"post_id":"3507","title":null,"description":null,"keywords":null,"keyphrases":null,"primary_term":null,"canonical_url":null,"og_title":null,"og_description":null,"og_object_type":"default","og_image_type":"default","og_image_url":null,"og_image_width":null,"og_image_height":null,"og_image_custom_url":null,"og_image_custom_fields":null,"og_video":null,"og_custom_url":null,"og_article_section":null,"og_article_tags":null,"twitter_use_og":false,"twitter_card":"default","twitter_image_type":"default","twitter_image_url":null,"twitter_image_custom_url":null,"twitter_image_custom_fields":null,"twitter_title":null,"twitter_description":null,"schema":{"blockGraphs":[],"customGraphs":[],"default":{"data":{"Article":[],"Course":[],"Dataset":[],"FAQPage":[],"Movie":[],"Person":[],"Product":[],"ProductReview":[],"Car":[],"Recipe":[],"Service":[],"SoftwareApplication":[],"WebPage":[]},"graphName":"Article","isEnabled":true},"graphs":[]},"schema_type":"default","schema_type_options":null,"pillar_content":false,"robots_default":true,"robots_noindex":false,"robots_noarchive":false,"robots_nosnippet":false,"robots_nofollow":false,"robots_noimageindex":false,"robots_noodp":false,"robots_notranslate":false,"robots_max_snippet":null,"robots_max_videopreview":null,"robots_max_imagepreview":"large","priority":null,"frequency":null,"local_seo":null,"breadcrumb_settings":null,"limit_modified_date":false,"ai":null,"created":"2026-01-28 08:37:39","updated":"2026-01-28 08:47:19","focus_keyword":null,"additional_keywords":null,"truseo_locale":null,"seo_analyzer_scan_date":null},"aioseo_breadcrumb":"<div class=\"aioseo-breadcrumbs\"><span class=\"aioseo-breadcrumb\">\n\t\t\t<a href=\"https:\/\/www.encontrabelohorizonte.com.br\/sobre\" title=\"In\u00edcio\">In\u00edcio<\/a>\n\t\t<\/span><span class=\"aioseo-breadcrumb-separator\">&raquo;<\/span><span class=\"aioseo-breadcrumb\">\n\t\t\t<a href=\"https:\/\/www.encontrabelohorizonte.com.br\/sobre\/noticias\/\" title=\"Not\u00edcias Belo Horizonte\">Not\u00edcias Belo Horizonte<\/a>\n\t\t<\/span><span class=\"aioseo-breadcrumb-separator\">&raquo;<\/span><span class=\"aioseo-breadcrumb\">\n\t\t\tFeriados em Minas Gerais e Belo Horizonte: calend\u00e1rio 2026\n\t\t<\/span><\/div>","aioseo_breadcrumb_json":[{"label":"In\u00edcio","link":"https:\/\/www.encontrabelohorizonte.com.br\/sobre"},{"label":"Not\u00edcias Belo Horizonte","link":"https:\/\/www.encontrabelohorizonte.com.br\/sobre\/noticias\/"},{"label":"Feriados em Minas Gerais e Belo Horizonte: calend\u00e1rio 2026","link":"https:\/\/www.encontrabelohorizonte.com.br\/sobre\/feriados-em-minas-gerais-e-belo-horizonte-calendario-2026\/"}],"_links":{"self":[{"href":"https:\/\/www.encontrabelohorizonte.com.br\/sobre\/wp-json\/wp\/v2\/posts\/3507","targetHints":{"allow":["GET"]}}],"collection":[{"href":"https:\/\/www.encontrabelohorizonte.com.br\/sobre\/wp-json\/wp\/v2\/posts"}],"about":[{"href":"https:\/\/www.encontrabelohorizonte.com.br\/sobre\/wp-json\/wp\/v2\/types\/post"}],"author":[{"embeddable":true,"href":"https:\/\/www.encontrabelohorizonte.com.br\/sobre\/wp-json\/wp\/v2\/users\/1"}],"replies":[{"embeddable":true,"href":"https:\/\/www.encontrabelohorizonte.com.br\/sobre\/wp-json\/wp\/v2\/comments?post=3507"}],"version-history":[{"count":0,"href":"https:\/\/www.encontrabelohorizonte.com.br\/sobre\/wp-json\/wp\/v2\/posts\/3507\/revisions"}],"wp:attachment":[{"href":"https:\/\/www.encontrabelohorizonte.com.br\/sobre\/wp-json\/wp\/v2\/media?parent=3507"}],"wp:term":[{"taxonomy":"category","embeddable":true,"href":"https:\/\/www.encontrabelohorizonte.com.br\/sobre\/wp-json\/wp\/v2\/categories?post=3507"},{"taxonomy":"post_tag","embeddable":true,"href":"https:\/\/www.encontrabelohorizonte.com.br\/sobre\/wp-json\/wp\/v2\/tags?post=3507"}],"curies":[{"name":"wp","href":"https:\/\/api.w.org\/{rel}","templated":true}]}}