{"id":3535,"date":"2026-02-03T05:30:33","date_gmt":"2026-02-03T08:30:33","guid":{"rendered":"https:\/\/www.encontrabelohorizonte.com.br\/sobre\/copasa-recebe-prefeitos-da-regiao-metropolitana-de-belo-horizonte\/"},"modified":"2026-02-03T05:30:33","modified_gmt":"2026-02-03T08:30:33","slug":"copasa-recebe-prefeitos-da-regiao-metropolitana-de-belo-horizonte","status":"publish","type":"post","link":"https:\/\/www.encontrabelohorizonte.com.br\/sobre\/copasa-recebe-prefeitos-da-regiao-metropolitana-de-belo-horizonte\/","title":{"rendered":"Copasa recebe prefeitos da Regi\u00e3o Metropolitana de Belo Horizonte"},"content":{"rendered":"<div class=\"2e083cf0b19e2c11948dc6ac054ba979\" data-index=\"1\" style=\"float: none; margin:0px;\">\n<!-- Anuncio display - global -->\r\n<ins class=\"adsbygoogle\"\r\n     style=\"display:block\"\r\n     data-ad-client=\"ca-pub-8585364105181520\"\r\n     data-ad-slot=\"8789329856\"\r\n     data-ad-format=\"auto\"\r\n     data-full-width-responsive=\"true\"><\/ins>\r\n<script>\r\n     (adsbygoogle = window.adsbygoogle || []).push({});\r\n<\/script>\n<\/div>\n<h2>Objetivos da Reuni\u00e3o<\/h2>\n<p>A reuni\u00e3o promovida pela Copasa teve como principal objetivo realizar um encontro com prefeitos da Regi\u00e3o Metropolitana de Belo Horizonte. Durante essa ocasi\u00e3o, a presidente da companhia, Mar\u00edlia de Carvalho Melo, procurou fortalecer a comunica\u00e7\u00e3o com os gestores municipais. O intuito \u00e9 dialogar sobre os desafios e as estrat\u00e9gias voltadas para a universaliza\u00e7\u00e3o dos servi\u00e7os de saneamento no estado.<\/p>\n<h2>Import\u00e2ncia do Di\u00e1logo com Gestores Municipais<\/h2>\n<p>Estabelecer um canal aberto de di\u00e1logo entre a Copasa e os prefeitos dos munic\u00edpios \u00e9 essencial para a melhoria dos servi\u00e7os prestados. A comunica\u00e7\u00e3o ativa permite adequa\u00e7\u00f5es na gest\u00e3o e nas pol\u00edticas de abastecimento de \u00e1gua e esgoto, contribuindo para que as necessidades de cada munic\u00edpio sejam consideradas no planejamento das a\u00e7\u00f5es da empresa.<\/p>\n<h2>Desafios do Saneamento na Regi\u00e3o<\/h2>\n<p>O setor de saneamento enfrenta diversos desafios, especialmente em \u00e1reas metropolitanas. A demanda por melhorias nos servi\u00e7os, a manuten\u00e7\u00e3o de infraestruturas e a necessidade de atender a popula\u00e7\u00e3o cresceram com o tempo. Nesta reuni\u00e3o, discutiu-se a import\u00e2ncia de se planejar adequadamente para superar obst\u00e1culos como a falta de recursos e a complexidade nas implementa\u00e7\u00f5es. O foco \u00e9 garantir que todos os cidad\u00e3os tenham acesso a \u00e1gua tratada e a servi\u00e7os de esgoto.<\/p>\n<p><img decoding=\"async\" src=\"https:\/\/www.encontrabelohorizonte.com.br\/sobre\/wp-content\/uploads\/copasa-recebe-prefeitos-da-regiao-metropolitana-de-belo-horizonte.webp\" alt=\"Copasa recebe prefeitos da Regi\u00e3o Metropolitana de Belo Horizonte\" loading=\"lazy\" \/><\/p>\n<h2>Metas de Universaliza\u00e7\u00e3o at\u00e9 2033<\/h2>\n<p>Um dos pontos centrais abordados foi a meta de universaliza\u00e7\u00e3o dos servi\u00e7os de saneamento at\u00e9 o ano de 2033, conforme estabelecido por legisla\u00e7\u00f5es vigentes. Essa iniciativa \u00e9 fundamentada no Marco Legal do Saneamento, que busca garantir \u00e1gua pot\u00e1vel e tratamento de esgoto a toda a popula\u00e7\u00e3o. Durante o encontro, foi ressaltada a colabora\u00e7\u00e3o necess\u00e1ria entre a Copasa e as prefeituras para atingir essas metas ambiciosas.<\/p>\n<h2>Parcerias Estrat\u00e9gicas com Prefeituras<\/h2>\n<p>A presidente da Copasa enfatizou a import\u00e2ncia de parcerias estrat\u00e9gicas com as prefeituras. Uma gest\u00e3o colaborativa pode levar a solu\u00e7\u00f5es mais eficazes e adaptadas \u00e0s realidades locais. O relacionamento pr\u00f3ximo entre a companhia e os munic\u00edpios \u00e9 visto como um caminho para otimizar recursos e implementar melhorias que beneficiem a todos.<\/p>\n<h2>A Import\u00e2ncia da Transpar\u00eancia<\/h2>\n<p>A transpar\u00eancia nas opera\u00e7\u00f5es da Copasa foi outro tema discutido. Mar\u00edlia destacou que a abertura de canais de comunica\u00e7\u00e3o e a presta\u00e7\u00e3o de contas s\u00e3o fundamentais para ganhar a confian\u00e7a da popula\u00e7\u00e3o e dos gestores p\u00fablicos. A transpar\u00eancia ajuda a construir um ambiente de coopera\u00e7\u00e3o e respeito, essencial para qualquer iniciativa que vise o bem-estar coletivo.<\/p>\n<h2>Contratos e Indicadores de Desempenho<\/h2>\n<p>Na pauta da reuni\u00e3o, tamb\u00e9m estiveram em destaque os contratos existentes entre a Copasa e os munic\u00edpios. A revis\u00e3o desses acordos, com a inclus\u00e3o de indicadores de desempenho e metas claras, pode facilitar a fiscaliza\u00e7\u00e3o e assegurar que as obriga\u00e7\u00f5es est\u00e3o sendo cumpridas de maneira efetiva. A legisla\u00e7\u00e3o atual exige que esses contratos sejam constantemente aperfei\u00e7oados para garantir a efici\u00eancia dos servi\u00e7os.<\/p>\n<h2>Opini\u00f5es dos Prefeitos Presentes<\/h2>\n<p>Os prefeitos presentes na reuni\u00e3o trouxeram suas vis\u00f5es sobre a situa\u00e7\u00e3o do saneamento em suas cidades. A prefeita de S\u00e3o Jos\u00e9 da Lapa, M\u00e1rcia Lopes, comentou sobre a relev\u00e2ncia do trabalho conjunto, enfatizando que a Copasa deve ser uma aliada na busca pela melhoria da qualidade de vida da popula\u00e7\u00e3o. J\u00e1 Guilherme Bitencourt, prefeito de Raposos, refor\u00e7ou a necessidade de um saneamento de qualidade, garantindo dignidade aos cidad\u00e3os.<\/p>\n<h2>Pr\u00f3ximos Passos na Agenda<\/h2>\n<p>Ap\u00f3s essa reuni\u00e3o inicial, a Copasa tem a meta de realizar encontros semelhantes com todos os 636 munic\u00edpios onde atua at\u00e9 o final de fevereiro. O esfor\u00e7o \u00e9 no sentido de n\u00e3o apenas ouvir as demandas locais, mas tamb\u00e9m para apresentar solu\u00e7\u00f5es que atendam as expectativas e as necessidades espec\u00edficas de cada localidade.<\/p>\n<h2>Impacto na Vida da Popula\u00e7\u00e3o<\/h2>\n<p>Por fim, o impacto das a\u00e7\u00f5es da Copasa na vida do cidad\u00e3o foi um ponto de reflex\u00e3o durante o encontro. Garantir que todos tenham acesso a \u00e1gua tratada e tratamento de esgoto \u00e9 fundamental para a sa\u00fade e o desenvolvimento social da regi\u00e3o. O saneamento \u00e9 n\u00e3o s\u00f3 uma quest\u00e3o de infraestrutura, mas tamb\u00e9m de dignidade e qualidade de vida. A melhoria nesses servi\u00e7os pode transformar realidades e contribuir para um futuro mais saud\u00e1vel e sustent\u00e1vel.<\/p>\n\n<div style=\"font-size: 0px; height: 0px; line-height: 0px; margin: 0; padding: 0; clear: both;\"><\/div>","protected":false},"excerpt":{"rendered":"<p>Prefeitos da Regi\u00e3o Metropolitana de Belo Horizonte se re\u00fanem com a Copasa para discutir o futuro do saneamento.<\/p>\n","protected":false},"author":1,"featured_media":3534,"comment_status":"closed","ping_status":"closed","sticky":false,"template":"","format":"standard","meta":{"footnotes":""},"categories":[6],"tags":[],"class_list":["post-3535","post","type-post","status-publish","format-standard","has-post-thumbnail","hentry","category-noticias","has_thumb"],"aioseo_notices":[],"aioseo_head":"\n\t\t<!-- All in One SEO 5.0.0.1 - aioseo.com -->\n\t<meta name=\"description\" content=\"Prefeitos da Regi\u00e3o Metropolitana de Belo Horizonte se re\u00fanem com a Copasa para discutir o futuro do saneamento.\" \/>\n\t<meta name=\"robots\" content=\"max-image-preview:large\" \/>\n\t<meta name=\"author\" content=\"Encontra Belo Horizonte\"\/>\n\t<link rel=\"canonical\" href=\"https:\/\/www.encontrabelohorizonte.com.br\/sobre\/copasa-recebe-prefeitos-da-regiao-metropolitana-de-belo-horizonte\/\" \/>\n\t<meta name=\"generator\" content=\"All in One SEO (AIOSEO) 5.0.0.1\" \/>\n\t\t<meta property=\"og:locale\" content=\"pt_BR\" \/>\n\t\t<meta property=\"og:site_name\" content=\"Encontra Belo Horizonte | Not\u00edcias, eventos, informa\u00e7\u00f5es e dicas da cidade de Belo Horizonte e regi\u00e3o\" \/>\n\t\t<meta property=\"og:type\" content=\"article\" \/>\n\t\t<meta property=\"og:title\" content=\"Copasa recebe prefeitos da Regi\u00e3o Metropolitana de Belo Horizonte | Encontra Belo Horizonte\" \/>\n\t\t<meta property=\"og:description\" content=\"Prefeitos da Regi\u00e3o Metropolitana de Belo Horizonte se re\u00fanem com a Copasa para discutir o futuro do saneamento.\" \/>\n\t\t<meta property=\"og:url\" content=\"https:\/\/www.encontrabelohorizonte.com.br\/sobre\/copasa-recebe-prefeitos-da-regiao-metropolitana-de-belo-horizonte\/\" \/>\n\t\t<meta property=\"article:published_time\" content=\"2026-02-03T08:30:33+00:00\" \/>\n\t\t<meta property=\"article:modified_time\" content=\"2026-02-03T08:30:33+00:00\" \/>\n\t\t<meta name=\"twitter:card\" content=\"summary\" \/>\n\t\t<meta name=\"twitter:title\" content=\"Copasa recebe prefeitos da Regi\u00e3o Metropolitana de Belo Horizonte | Encontra Belo Horizonte\" \/>\n\t\t<meta name=\"twitter:description\" content=\"Prefeitos da Regi\u00e3o Metropolitana de Belo Horizonte se re\u00fanem com a Copasa para discutir o futuro do saneamento.\" \/>\n\t\t<script type=\"application\/ld+json\" class=\"aioseo-schema\">\n\t\t\t{\"@context\":\"https:\\\/\\\/schema.org\",\"@graph\":[{\"@type\":\"Article\",\"@id\":\"https:\\\/\\\/www.encontrabelohorizonte.com.br\\\/sobre\\\/copasa-recebe-prefeitos-da-regiao-metropolitana-de-belo-horizonte\\\/#article\",\"name\":\"Copasa recebe prefeitos da Regi\\u00e3o Metropolitana de Belo Horizonte | Encontra Belo Horizonte\",\"headline\":\"Copasa recebe prefeitos da Regi\\u00e3o Metropolitana de Belo Horizonte\",\"author\":{\"@id\":\"https:\\\/\\\/www.encontrabelohorizonte.com.br\\\/sobre\\\/author\\\/ebelohorizonte\\\/#author\"},\"publisher\":{\"@id\":\"https:\\\/\\\/www.encontrabelohorizonte.com.br\\\/sobre\\\/#organization\"},\"image\":{\"@type\":\"ImageObject\",\"url\":\"https:\\\/\\\/www.encontrabelohorizonte.com.br\\\/sobre\\\/wp-content\\\/uploads\\\/copasa-recebe-prefeitos-da-regiao-metropolitana-de-belo-horizonte.webp\",\"width\":280,\"height\":280,\"caption\":\"Copasa recebe prefeitos da Regi\\u00e3o Metropolitana de Belo Horizonte\"},\"datePublished\":\"2026-02-03T05:30:33-03:00\",\"dateModified\":\"2026-02-03T05:30:33-03:00\",\"inLanguage\":\"pt-BR\",\"mainEntityOfPage\":{\"@id\":\"https:\\\/\\\/www.encontrabelohorizonte.com.br\\\/sobre\\\/copasa-recebe-prefeitos-da-regiao-metropolitana-de-belo-horizonte\\\/#webpage\"},\"isPartOf\":{\"@id\":\"https:\\\/\\\/www.encontrabelohorizonte.com.br\\\/sobre\\\/copasa-recebe-prefeitos-da-regiao-metropolitana-de-belo-horizonte\\\/#webpage\"},\"articleSection\":\"Not\\u00edcias Belo Horizonte\"},{\"@type\":\"BreadcrumbList\",\"@id\":\"https:\\\/\\\/www.encontrabelohorizonte.com.br\\\/sobre\\\/copasa-recebe-prefeitos-da-regiao-metropolitana-de-belo-horizonte\\\/#breadcrumblist\",\"itemListElement\":[{\"@type\":\"ListItem\",\"@id\":\"https:\\\/\\\/www.encontrabelohorizonte.com.br\\\/sobre#listItem\",\"position\":1,\"name\":\"In\\u00edcio\",\"item\":\"https:\\\/\\\/www.encontrabelohorizonte.com.br\\\/sobre\",\"nextItem\":{\"@type\":\"ListItem\",\"@id\":\"https:\\\/\\\/www.encontrabelohorizonte.com.br\\\/sobre\\\/noticias\\\/#listItem\",\"name\":\"Not\\u00edcias Belo Horizonte\"}},{\"@type\":\"ListItem\",\"@id\":\"https:\\\/\\\/www.encontrabelohorizonte.com.br\\\/sobre\\\/noticias\\\/#listItem\",\"position\":2,\"name\":\"Not\\u00edcias Belo Horizonte\",\"item\":\"https:\\\/\\\/www.encontrabelohorizonte.com.br\\\/sobre\\\/noticias\\\/\",\"nextItem\":{\"@type\":\"ListItem\",\"@id\":\"https:\\\/\\\/www.encontrabelohorizonte.com.br\\\/sobre\\\/copasa-recebe-prefeitos-da-regiao-metropolitana-de-belo-horizonte\\\/#listItem\",\"name\":\"Copasa recebe prefeitos da Regi\\u00e3o Metropolitana de Belo Horizonte\"},\"previousItem\":{\"@type\":\"ListItem\",\"@id\":\"https:\\\/\\\/www.encontrabelohorizonte.com.br\\\/sobre#listItem\",\"name\":\"In\\u00edcio\"}},{\"@type\":\"ListItem\",\"@id\":\"https:\\\/\\\/www.encontrabelohorizonte.com.br\\\/sobre\\\/copasa-recebe-prefeitos-da-regiao-metropolitana-de-belo-horizonte\\\/#listItem\",\"position\":3,\"name\":\"Copasa recebe prefeitos da Regi\\u00e3o Metropolitana de Belo Horizonte\",\"previousItem\":{\"@type\":\"ListItem\",\"@id\":\"https:\\\/\\\/www.encontrabelohorizonte.com.br\\\/sobre\\\/noticias\\\/#listItem\",\"name\":\"Not\\u00edcias Belo Horizonte\"}}]},{\"@type\":\"Organization\",\"@id\":\"https:\\\/\\\/www.encontrabelohorizonte.com.br\\\/sobre\\\/#organization\",\"name\":\"Encontra Belo Horizonte\",\"description\":\"Not\\u00edcias, eventos, informa\\u00e7\\u00f5es e dicas da cidade de Belo Horizonte e regi\\u00e3o\",\"url\":\"https:\\\/\\\/www.encontrabelohorizonte.com.br\\\/sobre\\\/\"},{\"@type\":\"Person\",\"@id\":\"https:\\\/\\\/www.encontrabelohorizonte.com.br\\\/sobre\\\/author\\\/ebelohorizonte\\\/#author\",\"url\":\"https:\\\/\\\/www.encontrabelohorizonte.com.br\\\/sobre\\\/author\\\/ebelohorizonte\\\/\",\"name\":\"Encontra Belo Horizonte\",\"image\":{\"@type\":\"ImageObject\",\"@id\":\"https:\\\/\\\/www.encontrabelohorizonte.com.br\\\/sobre\\\/copasa-recebe-prefeitos-da-regiao-metropolitana-de-belo-horizonte\\\/#authorImage\",\"url\":\"https:\\\/\\\/secure.gravatar.com\\\/avatar\\\/507340682b8270222e1f208e23198b6ae7e2c6a1033ae84e99bc6bce4f82a387?s=96&d=mm&r=g\",\"width\":96,\"height\":96,\"caption\":\"Encontra Belo Horizonte\"}},{\"@type\":\"WebPage\",\"@id\":\"https:\\\/\\\/www.encontrabelohorizonte.com.br\\\/sobre\\\/copasa-recebe-prefeitos-da-regiao-metropolitana-de-belo-horizonte\\\/#webpage\",\"url\":\"https:\\\/\\\/www.encontrabelohorizonte.com.br\\\/sobre\\\/copasa-recebe-prefeitos-da-regiao-metropolitana-de-belo-horizonte\\\/\",\"name\":\"Copasa recebe prefeitos da Regi\\u00e3o Metropolitana de Belo Horizonte | Encontra Belo Horizonte\",\"description\":\"Prefeitos da Regi\\u00e3o Metropolitana de Belo Horizonte se re\\u00fanem com a Copasa para discutir o futuro do saneamento.\",\"inLanguage\":\"pt-BR\",\"isPartOf\":{\"@id\":\"https:\\\/\\\/www.encontrabelohorizonte.com.br\\\/sobre\\\/#website\"},\"breadcrumb\":{\"@id\":\"https:\\\/\\\/www.encontrabelohorizonte.com.br\\\/sobre\\\/copasa-recebe-prefeitos-da-regiao-metropolitana-de-belo-horizonte\\\/#breadcrumblist\"},\"author\":{\"@id\":\"https:\\\/\\\/www.encontrabelohorizonte.com.br\\\/sobre\\\/author\\\/ebelohorizonte\\\/#author\"},\"creator\":{\"@id\":\"https:\\\/\\\/www.encontrabelohorizonte.com.br\\\/sobre\\\/author\\\/ebelohorizonte\\\/#author\"},\"image\":{\"@type\":\"ImageObject\",\"url\":\"https:\\\/\\\/www.encontrabelohorizonte.com.br\\\/sobre\\\/wp-content\\\/uploads\\\/copasa-recebe-prefeitos-da-regiao-metropolitana-de-belo-horizonte.webp\",\"@id\":\"https:\\\/\\\/www.encontrabelohorizonte.com.br\\\/sobre\\\/copasa-recebe-prefeitos-da-regiao-metropolitana-de-belo-horizonte\\\/#mainImage\",\"width\":280,\"height\":280,\"caption\":\"Copasa recebe prefeitos da Regi\\u00e3o Metropolitana de Belo Horizonte\"},\"primaryImageOfPage\":{\"@id\":\"https:\\\/\\\/www.encontrabelohorizonte.com.br\\\/sobre\\\/copasa-recebe-prefeitos-da-regiao-metropolitana-de-belo-horizonte\\\/#mainImage\"},\"datePublished\":\"2026-02-03T05:30:33-03:00\",\"dateModified\":\"2026-02-03T05:30:33-03:00\"},{\"@type\":\"WebSite\",\"@id\":\"https:\\\/\\\/www.encontrabelohorizonte.com.br\\\/sobre\\\/#website\",\"url\":\"https:\\\/\\\/www.encontrabelohorizonte.com.br\\\/sobre\\\/\",\"name\":\"Encontra Belo Horizonte\",\"description\":\"Not\\u00edcias, eventos, informa\\u00e7\\u00f5es e dicas da cidade de Belo Horizonte e regi\\u00e3o\",\"inLanguage\":\"pt-BR\",\"publisher\":{\"@id\":\"https:\\\/\\\/www.encontrabelohorizonte.com.br\\\/sobre\\\/#organization\"}}]}\n\t\t<\/script>\n\t\t<!-- All in One SEO -->\n\n","aioseo_head_json":{"title":"Copasa recebe prefeitos da Regi\u00e3o Metropolitana de Belo Horizonte | Encontra Belo Horizonte","description":"Prefeitos da Regi\u00e3o Metropolitana de Belo Horizonte se re\u00fanem com a Copasa para discutir o futuro do saneamento.","canonical_url":"https:\/\/www.encontrabelohorizonte.com.br\/sobre\/copasa-recebe-prefeitos-da-regiao-metropolitana-de-belo-horizonte\/","robots":"max-image-preview:large","keywords":"","webmasterTools":{"miscellaneous":""},"schema":{"@context":"https:\/\/schema.org","@graph":[{"@type":"Article","@id":"https:\/\/www.encontrabelohorizonte.com.br\/sobre\/copasa-recebe-prefeitos-da-regiao-metropolitana-de-belo-horizonte\/#article","name":"Copasa recebe prefeitos da Regi\u00e3o Metropolitana de Belo Horizonte | Encontra Belo Horizonte","headline":"Copasa recebe prefeitos da Regi\u00e3o Metropolitana de Belo Horizonte","author":{"@id":"https:\/\/www.encontrabelohorizonte.com.br\/sobre\/author\/ebelohorizonte\/#author"},"publisher":{"@id":"https:\/\/www.encontrabelohorizonte.com.br\/sobre\/#organization"},"image":{"@type":"ImageObject","url":"https:\/\/www.encontrabelohorizonte.com.br\/sobre\/wp-content\/uploads\/copasa-recebe-prefeitos-da-regiao-metropolitana-de-belo-horizonte.webp","width":280,"height":280,"caption":"Copasa recebe prefeitos da Regi\u00e3o Metropolitana de Belo Horizonte"},"datePublished":"2026-02-03T05:30:33-03:00","dateModified":"2026-02-03T05:30:33-03:00","inLanguage":"pt-BR","mainEntityOfPage":{"@id":"https:\/\/www.encontrabelohorizonte.com.br\/sobre\/copasa-recebe-prefeitos-da-regiao-metropolitana-de-belo-horizonte\/#webpage"},"isPartOf":{"@id":"https:\/\/www.encontrabelohorizonte.com.br\/sobre\/copasa-recebe-prefeitos-da-regiao-metropolitana-de-belo-horizonte\/#webpage"},"articleSection":"Not\u00edcias Belo Horizonte"},{"@type":"BreadcrumbList","@id":"https:\/\/www.encontrabelohorizonte.com.br\/sobre\/copasa-recebe-prefeitos-da-regiao-metropolitana-de-belo-horizonte\/#breadcrumblist","itemListElement":[{"@type":"ListItem","@id":"https:\/\/www.encontrabelohorizonte.com.br\/sobre#listItem","position":1,"name":"In\u00edcio","item":"https:\/\/www.encontrabelohorizonte.com.br\/sobre","nextItem":{"@type":"ListItem","@id":"https:\/\/www.encontrabelohorizonte.com.br\/sobre\/noticias\/#listItem","name":"Not\u00edcias Belo Horizonte"}},{"@type":"ListItem","@id":"https:\/\/www.encontrabelohorizonte.com.br\/sobre\/noticias\/#listItem","position":2,"name":"Not\u00edcias Belo Horizonte","item":"https:\/\/www.encontrabelohorizonte.com.br\/sobre\/noticias\/","nextItem":{"@type":"ListItem","@id":"https:\/\/www.encontrabelohorizonte.com.br\/sobre\/copasa-recebe-prefeitos-da-regiao-metropolitana-de-belo-horizonte\/#listItem","name":"Copasa recebe prefeitos da Regi\u00e3o Metropolitana de Belo Horizonte"},"previousItem":{"@type":"ListItem","@id":"https:\/\/www.encontrabelohorizonte.com.br\/sobre#listItem","name":"In\u00edcio"}},{"@type":"ListItem","@id":"https:\/\/www.encontrabelohorizonte.com.br\/sobre\/copasa-recebe-prefeitos-da-regiao-metropolitana-de-belo-horizonte\/#listItem","position":3,"name":"Copasa recebe prefeitos da Regi\u00e3o Metropolitana de Belo Horizonte","previousItem":{"@type":"ListItem","@id":"https:\/\/www.encontrabelohorizonte.com.br\/sobre\/noticias\/#listItem","name":"Not\u00edcias Belo Horizonte"}}]},{"@type":"Organization","@id":"https:\/\/www.encontrabelohorizonte.com.br\/sobre\/#organization","name":"Encontra Belo Horizonte","description":"Not\u00edcias, eventos, informa\u00e7\u00f5es e dicas da cidade de Belo Horizonte e regi\u00e3o","url":"https:\/\/www.encontrabelohorizonte.com.br\/sobre\/"},{"@type":"Person","@id":"https:\/\/www.encontrabelohorizonte.com.br\/sobre\/author\/ebelohorizonte\/#author","url":"https:\/\/www.encontrabelohorizonte.com.br\/sobre\/author\/ebelohorizonte\/","name":"Encontra Belo Horizonte","image":{"@type":"ImageObject","@id":"https:\/\/www.encontrabelohorizonte.com.br\/sobre\/copasa-recebe-prefeitos-da-regiao-metropolitana-de-belo-horizonte\/#authorImage","url":"https:\/\/secure.gravatar.com\/avatar\/507340682b8270222e1f208e23198b6ae7e2c6a1033ae84e99bc6bce4f82a387?s=96&d=mm&r=g","width":96,"height":96,"caption":"Encontra Belo Horizonte"}},{"@type":"WebPage","@id":"https:\/\/www.encontrabelohorizonte.com.br\/sobre\/copasa-recebe-prefeitos-da-regiao-metropolitana-de-belo-horizonte\/#webpage","url":"https:\/\/www.encontrabelohorizonte.com.br\/sobre\/copasa-recebe-prefeitos-da-regiao-metropolitana-de-belo-horizonte\/","name":"Copasa recebe prefeitos da Regi\u00e3o Metropolitana de Belo Horizonte | Encontra Belo Horizonte","description":"Prefeitos da Regi\u00e3o Metropolitana de Belo Horizonte se re\u00fanem com a Copasa para discutir o futuro do saneamento.","inLanguage":"pt-BR","isPartOf":{"@id":"https:\/\/www.encontrabelohorizonte.com.br\/sobre\/#website"},"breadcrumb":{"@id":"https:\/\/www.encontrabelohorizonte.com.br\/sobre\/copasa-recebe-prefeitos-da-regiao-metropolitana-de-belo-horizonte\/#breadcrumblist"},"author":{"@id":"https:\/\/www.encontrabelohorizonte.com.br\/sobre\/author\/ebelohorizonte\/#author"},"creator":{"@id":"https:\/\/www.encontrabelohorizonte.com.br\/sobre\/author\/ebelohorizonte\/#author"},"image":{"@type":"ImageObject","url":"https:\/\/www.encontrabelohorizonte.com.br\/sobre\/wp-content\/uploads\/copasa-recebe-prefeitos-da-regiao-metropolitana-de-belo-horizonte.webp","@id":"https:\/\/www.encontrabelohorizonte.com.br\/sobre\/copasa-recebe-prefeitos-da-regiao-metropolitana-de-belo-horizonte\/#mainImage","width":280,"height":280,"caption":"Copasa recebe prefeitos da Regi\u00e3o Metropolitana de Belo Horizonte"},"primaryImageOfPage":{"@id":"https:\/\/www.encontrabelohorizonte.com.br\/sobre\/copasa-recebe-prefeitos-da-regiao-metropolitana-de-belo-horizonte\/#mainImage"},"datePublished":"2026-02-03T05:30:33-03:00","dateModified":"2026-02-03T05:30:33-03:00"},{"@type":"WebSite","@id":"https:\/\/www.encontrabelohorizonte.com.br\/sobre\/#website","url":"https:\/\/www.encontrabelohorizonte.com.br\/sobre\/","name":"Encontra Belo Horizonte","description":"Not\u00edcias, eventos, informa\u00e7\u00f5es e dicas da cidade de Belo Horizonte e regi\u00e3o","inLanguage":"pt-BR","publisher":{"@id":"https:\/\/www.encontrabelohorizonte.com.br\/sobre\/#organization"}}]},"og:locale":"pt_BR","og:site_name":"Encontra Belo Horizonte | Not\u00edcias, eventos, informa\u00e7\u00f5es e dicas da cidade de Belo Horizonte e regi\u00e3o","og:type":"article","og:title":"Copasa recebe prefeitos da Regi\u00e3o Metropolitana de Belo Horizonte | Encontra Belo Horizonte","og:description":"Prefeitos da Regi\u00e3o Metropolitana de Belo Horizonte se re\u00fanem com a Copasa para discutir o futuro do saneamento.","og:url":"https:\/\/www.encontrabelohorizonte.com.br\/sobre\/copasa-recebe-prefeitos-da-regiao-metropolitana-de-belo-horizonte\/","article:published_time":"2026-02-03T08:30:33+00:00","article:modified_time":"2026-02-03T08:30:33+00:00","twitter:card":"summary","twitter:title":"Copasa recebe prefeitos da Regi\u00e3o Metropolitana de Belo Horizonte | Encontra Belo Horizonte","twitter:description":"Prefeitos da Regi\u00e3o Metropolitana de Belo Horizonte se re\u00fanem com a Copasa para discutir o futuro do saneamento."},"aioseo_meta_data":{"post_id":"3535","title":null,"description":null,"keywords":null,"keyphrases":null,"primary_term":null,"canonical_url":null,"og_title":null,"og_description":null,"og_object_type":"default","og_image_type":"default","og_image_url":null,"og_image_width":null,"og_image_height":null,"og_image_custom_url":null,"og_image_custom_fields":null,"og_video":null,"og_custom_url":null,"og_article_section":null,"og_article_tags":null,"twitter_use_og":false,"twitter_card":"default","twitter_image_type":"default","twitter_image_url":null,"twitter_image_custom_url":null,"twitter_image_custom_fields":null,"twitter_title":null,"twitter_description":null,"schema":{"blockGraphs":[],"customGraphs":[],"default":{"data":{"Article":[],"Course":[],"Dataset":[],"FAQPage":[],"Movie":[],"Person":[],"Product":[],"ProductReview":[],"Car":[],"Recipe":[],"Service":[],"SoftwareApplication":[],"WebPage":[]},"graphName":"Article","isEnabled":true},"graphs":[]},"schema_type":"default","schema_type_options":null,"pillar_content":false,"robots_default":true,"robots_noindex":false,"robots_noarchive":false,"robots_nosnippet":false,"robots_nofollow":false,"robots_noimageindex":false,"robots_noodp":false,"robots_notranslate":false,"robots_max_snippet":null,"robots_max_videopreview":null,"robots_max_imagepreview":"large","priority":null,"frequency":null,"local_seo":null,"breadcrumb_settings":null,"limit_modified_date":false,"ai":null,"created":"2026-02-03 08:30:37","updated":"2026-02-03 08:56:38","focus_keyword":null,"additional_keywords":null,"truseo_locale":null,"seo_analyzer_scan_date":null},"aioseo_breadcrumb":"<div class=\"aioseo-breadcrumbs\"><span class=\"aioseo-breadcrumb\">\n\t\t\t<a href=\"https:\/\/www.encontrabelohorizonte.com.br\/sobre\" title=\"In\u00edcio\">In\u00edcio<\/a>\n\t\t<\/span><span class=\"aioseo-breadcrumb-separator\">&raquo;<\/span><span class=\"aioseo-breadcrumb\">\n\t\t\t<a href=\"https:\/\/www.encontrabelohorizonte.com.br\/sobre\/noticias\/\" title=\"Not\u00edcias Belo Horizonte\">Not\u00edcias Belo Horizonte<\/a>\n\t\t<\/span><span class=\"aioseo-breadcrumb-separator\">&raquo;<\/span><span class=\"aioseo-breadcrumb\">\n\t\t\tCopasa recebe prefeitos da Regi\u00e3o Metropolitana de Belo Horizonte\n\t\t<\/span><\/div>","aioseo_breadcrumb_json":[{"label":"In\u00edcio","link":"https:\/\/www.encontrabelohorizonte.com.br\/sobre"},{"label":"Not\u00edcias Belo Horizonte","link":"https:\/\/www.encontrabelohorizonte.com.br\/sobre\/noticias\/"},{"label":"Copasa recebe prefeitos da Regi\u00e3o Metropolitana de Belo Horizonte","link":"https:\/\/www.encontrabelohorizonte.com.br\/sobre\/copasa-recebe-prefeitos-da-regiao-metropolitana-de-belo-horizonte\/"}],"_links":{"self":[{"href":"https:\/\/www.encontrabelohorizonte.com.br\/sobre\/wp-json\/wp\/v2\/posts\/3535","targetHints":{"allow":["GET"]}}],"collection":[{"href":"https:\/\/www.encontrabelohorizonte.com.br\/sobre\/wp-json\/wp\/v2\/posts"}],"about":[{"href":"https:\/\/www.encontrabelohorizonte.com.br\/sobre\/wp-json\/wp\/v2\/types\/post"}],"author":[{"embeddable":true,"href":"https:\/\/www.encontrabelohorizonte.com.br\/sobre\/wp-json\/wp\/v2\/users\/1"}],"replies":[{"embeddable":true,"href":"https:\/\/www.encontrabelohorizonte.com.br\/sobre\/wp-json\/wp\/v2\/comments?post=3535"}],"version-history":[{"count":0,"href":"https:\/\/www.encontrabelohorizonte.com.br\/sobre\/wp-json\/wp\/v2\/posts\/3535\/revisions"}],"wp:featuredmedia":[{"embeddable":true,"href":"https:\/\/www.encontrabelohorizonte.com.br\/sobre\/wp-json\/wp\/v2\/media\/3534"}],"wp:attachment":[{"href":"https:\/\/www.encontrabelohorizonte.com.br\/sobre\/wp-json\/wp\/v2\/media?parent=3535"}],"wp:term":[{"taxonomy":"category","embeddable":true,"href":"https:\/\/www.encontrabelohorizonte.com.br\/sobre\/wp-json\/wp\/v2\/categories?post=3535"},{"taxonomy":"post_tag","embeddable":true,"href":"https:\/\/www.encontrabelohorizonte.com.br\/sobre\/wp-json\/wp\/v2\/tags?post=3535"}],"curies":[{"name":"wp","href":"https:\/\/api.w.org\/{rel}","templated":true}]}}