{"id":3555,"date":"2026-02-07T05:28:57","date_gmt":"2026-02-07T08:28:57","guid":{"rendered":"https:\/\/www.encontrabelohorizonte.com.br\/sobre\/confira-a-programacao-oficial-do-carnaval-da-liberdade-2026-em-belo-horizonte\/"},"modified":"2026-02-07T05:28:57","modified_gmt":"2026-02-07T08:28:57","slug":"confira-a-programacao-oficial-do-carnaval-da-liberdade-2026-em-belo-horizonte","status":"publish","type":"post","link":"https:\/\/www.encontrabelohorizonte.com.br\/sobre\/confira-a-programacao-oficial-do-carnaval-da-liberdade-2026-em-belo-horizonte\/","title":{"rendered":"Confira a programa\u00e7\u00e3o oficial do Carnaval da Liberdade 2026 em Belo Horizonte"},"content":{"rendered":"<div class=\"2e083cf0b19e2c11948dc6ac054ba979\" data-index=\"1\" style=\"float: none; margin:0px;\">\n<!-- Anuncio display - global -->\r\n<ins class=\"adsbygoogle\"\r\n     style=\"display:block\"\r\n     data-ad-client=\"ca-pub-8585364105181520\"\r\n     data-ad-slot=\"8789329856\"\r\n     data-ad-format=\"auto\"\r\n     data-full-width-responsive=\"true\"><\/ins>\r\n<script>\r\n     (adsbygoogle = window.adsbygoogle || []).push({});\r\n<\/script>\n<\/div>\n<h2>Programa\u00e7\u00e3o Completa do Carnaval<\/h2>\n<p>A programa\u00e7\u00e3o do <strong>Carnaval da Liberdade 2026<\/strong> em Belo Horizonte se estende entre os dias <strong>5 e 18 de fevereiro<\/strong>, apresentando uma s\u00e9rie de eventos vibrantes que prometem encantar tanto os mineiros quanto os turistas. Este evento, que j\u00e1 se tornou uma tradi\u00e7\u00e3o nas festividades de carnaval, inclui diversas atra\u00e7\u00f5es que refletem a riqueza cultural do estado.<\/p>\n<p>No total, estar\u00e3o dispon\u00edveis aos foli\u00f5es uma mistura de <strong>carnavais de rua<\/strong>, blocos, apresenta\u00e7\u00f5es musicais e atividades art\u00edsticas, permitindo que cada visitante escolha como deseja aproveitar as festividades. <\/p>\n<p>A programa\u00e7\u00e3o \u00e9 organizada em diferentes espa\u00e7os p\u00fablicos e avenidas, abrangendo desde os desfiles tradicionais \u00e0s manifesta\u00e7\u00f5es art\u00edsticas contempor\u00e2neas. Para detalhes espec\u00edficos, recomenda-se consultar a programa\u00e7\u00e3o completa dispon\u00edvel no site oficial do evento.<\/p>\n<p><img decoding=\"async\" src=\"https:\/\/www.encontrabelohorizonte.com.br\/sobre\/wp-content\/uploads\/confira-a-programacao-oficial-do-carnaval-da-liberdade-2026-em-belo-horizonte.webp\" alt=\"Carnaval da Liberdade 2026\" loading=\"lazy\" \/><\/p>\n<h2>Atra\u00e7\u00f5es In\u00e9ditas em Belo Horizonte<\/h2>\n<p>Em 2026, o Carnaval da Liberdade trar\u00e1 v\u00e1rias <strong>atra\u00e7\u00f5es novas<\/strong> que garantem um frescor \u00e0 festividade. Dentre elas, destacam-se:<\/p>\n<ul>\n<li><strong>Palco Aberto \u2013 Nova Gera\u00e7\u00e3o do Samba:<\/strong> um espa\u00e7o dedicado a novos talentos do samba em Belo Horizonte.<\/li>\n<li><strong>Sinfonia Pop:<\/strong> concertos que unir\u00e3o o estilo cl\u00e1ssico \u00e0 energia do carnaval.<\/li>\n<li><strong>Feira Gastron\u00f4mica Vila Mineiridade:<\/strong> uma celebra\u00e7\u00e3o dos sabores regionais, com mais de 30 expositores oferecendo pratos t\u00edpicos mineiros.<\/li>\n<li><strong>Samba na Andradas:<\/strong> um show de Rodriguinho no dia <strong>18 de fevereiro<\/strong>, trazendo uma experi\u00eancia \u00fanica ao p\u00fablico.<\/li>\n<\/ul>\n<h2>Blocos de Rua e Interven\u00e7\u00f5es Art\u00edsticas<\/h2>\n<p>Os <strong>blocos de rua<\/strong> s\u00e3o o cora\u00e7\u00e3o do Carnaval da Liberdade, proporcionando uma experi\u00eancia democr\u00e1tica e inclusiva. Em 2026, mais de <strong>23 blocos<\/strong> ir\u00e3o se apresentar nas avenidas sonorizadas, garantindo um ambiente animado e festivo.<\/p>\n<p>Al\u00e9m disso, interven\u00e7\u00f5es art\u00edsticas ser\u00e3o realizadas ao longo da programa\u00e7\u00e3o, proporcionando momentos de surpresa e encantamento para os foli\u00f5es. Essas interven\u00e7\u00f5es incluem performances de dan\u00e7as e artes visuais que se conectam com a tem\u00e1tica da liberdade e diversidade da festa.<\/p>\n<h2>Foco na M\u00fasica Mineira e Brasileira<\/h2>\n<p>O <strong>carnaval de 2026<\/strong> em Belo Horizonte visa celebrar a rica <strong>cultura musical<\/strong> de Minas Gerais, promovendo aplica\u00e7\u00f5es musicais que v\u00e3o desde os ritmos de samba at\u00e9 a m\u00fasica popular brasileira (MPB). A valoriza\u00e7\u00e3o dos artistas locais \u00e9 um dos pilares do evento, com oportunidades para que m\u00fasicos mineiros se apresentem em diferentes palcos da cidade.<\/p>\n<p>Os organizadores enfatizam a import\u00e2ncia de promover a m\u00fasica como um elemento essencial da festa, criando um ambiente que n\u00e3o apenas diversifica a oferta cultural, mas tamb\u00e9m fortalece a identidade local.<\/p>\n<h2>Experi\u00eancias Gastron\u00f4micas no Carnaval<\/h2>\n<p>A gastronomia \u00e9 um elemento essencial nas festividades e a <strong>Vila Mineiridade<\/strong> se destaca como um espa\u00e7o onde visitantes poder\u00e3o deliciar-se com pratos t\u00edpicos do estado. Desde alimentos tradicionais at\u00e9 novas cria\u00e7\u00f5es que refletem a mistura cultural de Minas Gerais, a feira ser\u00e1 um ponto de atra\u00e7\u00e3o.<\/p>\n<p>Os expositores oferecer\u00e3o uma variedade de op\u00e7\u00f5es, not\u00e1veis pela diversidade e qualidade, permitindo que os foli\u00f5es experimentem o melhor da culin\u00e1ria local enquanto desfrutam da alegria do carnaval.<\/p>\n<h2>Eventos de Pr\u00e9-Carnaval Imperd\u00edveis<\/h2>\n<p>O pr\u00e9-carnaval \u00e9 igualmente importante, e v\u00e1rias atividades j\u00e1 est\u00e3o programadas para iniciar a festa antes dos dias principais. Os eventos incluem:<\/p>\n<ul>\n<li><strong>Palco Aberto:<\/strong> Apresenta\u00e7\u00f5es nos jardins do Pal\u00e1cio das Artes que re\u00fanem novos talentos do samba.<\/li>\n<li><strong>Baile das Artes:<\/strong> Um evento que celebra a diversidade cultural com performances e homenagens a artistas influentes.<\/li>\n<li><strong>Concerto da Sinf\u00f4nica Pop:<\/strong> Uma s\u00e9rie de apresenta\u00e7\u00f5es que ocorrer\u00e3o tanto no Pal\u00e1cio das Artes quanto em espa\u00e7os abertos.<\/li>\n<\/ul>\n<h2>Sustentabilidade e Inclus\u00e3o no Carnaval<\/h2>\n<p>Uma das preocupa\u00e7\u00f5es centrais para o <strong>Carnaval da Liberdade 2026<\/strong> \u00e9 a <strong>sustentabilidade<\/strong>. Com a\u00e7\u00f5es voltadas para a inclus\u00e3o e respeito ao meio ambiente, os organizadores pretendem garantir que a festa n\u00e3o apenas celebre a cultura, mas tamb\u00e9m respeite os princ\u00edpios ecol\u00f3gicos.<\/p>\n<p>As iniciativas incluem medidas para redu\u00e7\u00e3o de res\u00edduos e promo\u00e7\u00e3o da acessibilidade, assegurando que todos tenham a oportunidade de participar e aproveitar as festividades de forma consciente e respons\u00e1vel.<\/p>\n<h2>Expectativa de Visitantes e Impacto Econ\u00f4mico<\/h2>\n<p>O expectativa para esta edi\u00e7\u00e3o do Carnaval da Liberdade \u00e9 atra\u00ed cerca de <strong>14,9 milh\u00f5es de visitantes<\/strong>. Essa aflu\u00eancia n\u00e3o apenas demonstra a import\u00e2ncia do evento para a cultura, mas tamb\u00e9m seu impacto positivo na economia local.<\/p>\n<p>O carnaval em Belo Horizonte \u00e9 visto como um impulsionador do turismo e com\u00e9rcio, promovendo um crescimento significativo nos setores de hospedagem, alimenta\u00e7\u00e3o e entretenimento durante o per\u00edodo festivo.<\/p>\n<h2>Seguran\u00e7a e Sa\u00fade no Carnaval 2026<\/h2>\n<p>Para garantir a seguran\u00e7a e sa\u00fade de todos os participantes, o evento contar\u00e1 com um cuidadoso plano de seguran\u00e7a, que incluir\u00e1:<\/p>\n<ul>\n<li><strong>Monitora\u00e7\u00e3o Integrada:<\/strong> Utiliza\u00e7\u00e3o de carretas do Centro Integrado de Comando e Controle para vigil\u00e2ncia durante os dias de evento.<\/li>\n<li><strong>Cartilhas de Sa\u00fade:<\/strong> Disponibiliza\u00e7\u00e3o de orienta\u00e7\u00f5es pr\u00e1ticas sobre sa\u00fade e seguran\u00e7a, visando assegurar bem-estar a foli\u00f5es.<\/li>\n<\/ul>\n<h2>Como Aproveitar ao M\u00e1ximo a Folia<\/h2>\n<p>Aos foli\u00f5es que desejam aproveitar ao m\u00e1ximo o Carnaval da Liberdade em Belo Horizonte, algumas dicas incluem:<\/p>\n<ul>\n<li><strong>Planejamento:<\/strong> Consulte a programa\u00e7\u00e3o antecipadamente e marque os eventos que gostaria de participar.<\/li>\n<li><strong>Utilize Aplicativos:<\/strong> Fa\u00e7a uso de ferramentas como o &#8220;Bora pro Bloco&#8221; para se localizar e acompanhar a programa\u00e7\u00e3o em tempo real.<\/li>\n<li><strong>Hidrata\u00e7\u00e3o e Alimenta\u00e7\u00e3o:<\/strong> Mantenha-se hidratado e aproveite as del\u00edcias da Vila Mineiridade para garantir energia para a folia.<\/li>\n<li><strong>Seguran\u00e7a:<\/strong> Esteja atento aos cuidados com seus pertences e siga as orienta\u00e7\u00f5es das autoridades durante o evento.<\/li>\n<\/ul>\n\n<div style=\"font-size: 0px; height: 0px; line-height: 0px; margin: 0; padding: 0; clear: both;\"><\/div>","protected":false},"excerpt":{"rendered":"<p>Carnaval da Liberdade 2026 traz divers\u00e3o e cultura para Belo Horizonte.<\/p>\n","protected":false},"author":1,"featured_media":3554,"comment_status":"closed","ping_status":"closed","sticky":false,"template":"","format":"standard","meta":{"footnotes":""},"categories":[6],"tags":[],"class_list":["post-3555","post","type-post","status-publish","format-standard","has-post-thumbnail","hentry","category-noticias","has_thumb"],"aioseo_notices":[],"_links":{"self":[{"href":"https:\/\/www.encontrabelohorizonte.com.br\/sobre\/wp-json\/wp\/v2\/posts\/3555","targetHints":{"allow":["GET"]}}],"collection":[{"href":"https:\/\/www.encontrabelohorizonte.com.br\/sobre\/wp-json\/wp\/v2\/posts"}],"about":[{"href":"https:\/\/www.encontrabelohorizonte.com.br\/sobre\/wp-json\/wp\/v2\/types\/post"}],"author":[{"embeddable":true,"href":"https:\/\/www.encontrabelohorizonte.com.br\/sobre\/wp-json\/wp\/v2\/users\/1"}],"replies":[{"embeddable":true,"href":"https:\/\/www.encontrabelohorizonte.com.br\/sobre\/wp-json\/wp\/v2\/comments?post=3555"}],"version-history":[{"count":0,"href":"https:\/\/www.encontrabelohorizonte.com.br\/sobre\/wp-json\/wp\/v2\/posts\/3555\/revisions"}],"wp:featuredmedia":[{"embeddable":true,"href":"https:\/\/www.encontrabelohorizonte.com.br\/sobre\/wp-json\/wp\/v2\/media\/3554"}],"wp:attachment":[{"href":"https:\/\/www.encontrabelohorizonte.com.br\/sobre\/wp-json\/wp\/v2\/media?parent=3555"}],"wp:term":[{"taxonomy":"category","embeddable":true,"href":"https:\/\/www.encontrabelohorizonte.com.br\/sobre\/wp-json\/wp\/v2\/categories?post=3555"},{"taxonomy":"post_tag","embeddable":true,"href":"https:\/\/www.encontrabelohorizonte.com.br\/sobre\/wp-json\/wp\/v2\/tags?post=3555"}],"curies":[{"name":"wp","href":"https:\/\/api.w.org\/{rel}","templated":true}]}}