{"id":3589,"date":"2026-02-13T05:32:38","date_gmt":"2026-02-13T08:32:38","guid":{"rendered":"https:\/\/www.encontrabelohorizonte.com.br\/sobre\/apos-fim-de-greve-dos-garis-coleta-de-lixo-e-retomada-em-esquema-especial-em-bh\/"},"modified":"2026-02-13T05:32:38","modified_gmt":"2026-02-13T08:32:38","slug":"apos-fim-de-greve-dos-garis-coleta-de-lixo-e-retomada-em-esquema-especial-em-bh","status":"publish","type":"post","link":"https:\/\/www.encontrabelohorizonte.com.br\/sobre\/apos-fim-de-greve-dos-garis-coleta-de-lixo-e-retomada-em-esquema-especial-em-bh\/","title":{"rendered":"Ap\u00f3s fim de greve dos garis, coleta de lixo \u00e9 retomada em esquema especial em BH"},"content":{"rendered":"<div class=\"2e083cf0b19e2c11948dc6ac054ba979\" data-index=\"1\" style=\"float: none; margin:0px;\">\n<!-- Anuncio display - global -->\r\n<ins class=\"adsbygoogle\"\r\n     style=\"display:block\"\r\n     data-ad-client=\"ca-pub-8585364105181520\"\r\n     data-ad-slot=\"8789329856\"\r\n     data-ad-format=\"auto\"\r\n     data-full-width-responsive=\"true\"><\/ins>\r\n<script>\r\n     (adsbygoogle = window.adsbygoogle || []).push({});\r\n<\/script>\n<\/div>\n<h2>O Retorno da Coleta de Lixo em BH<\/h2>\n<p>No dia 21 de janeiro de 2026, a coleta de lixo em Belo Horizonte foi completamente reestabelecida. Isso ocorreu ap\u00f3s o t\u00e9rmino da greve dos garis, que se prolongou por tr\u00eas dias. A Superintend\u00eancia de Limpeza Urbana (SLU) do munic\u00edpio anunciou que as empresas encarregadas dos servi\u00e7os nas \u00e1reas Leste, Nordeste e Noroeste iniciaram suas atividades de limpeza na tarde daquele dia.<\/p>\n<h2>Impacto da Greve dos Garis<\/h2>\n<p>A greve dos garis causou um consider\u00e1vel transtorno na cidade, resultando em um ac\u00famulo significativo de res\u00edduos em v\u00e1rias regi\u00f5es. Durante o per\u00edodo de paralisa\u00e7\u00e3o, muitos moradores relataram dificuldades, pois os res\u00edduos acumulados comprometiam a qualidade de vida e a limpeza p\u00fablica. A situa\u00e7\u00e3o exigiu a\u00e7\u00f5es r\u00e1pidas e efetivas por parte da prefeitura para resolver o problema, que j\u00e1 se mostrava cr\u00edtico em v\u00e1rias localidades.<\/p>\n<h2>Esquema Especial de Coleta<\/h2>\n<p>Com o objetivo de solucionar o ac\u00famulo de lixo rapidamente, a prefeitura implementou um plano especial de opera\u00e7\u00e3o. Esse plano incluiu o deslocamento de equipes adicionais e a utiliza\u00e7\u00e3o de mais ve\u00edculos para garantir que todo o lixo acumulado fosse retirado das cal\u00e7adas da cidade no menor tempo poss\u00edvel durante aquela semana. A a\u00e7\u00e3o visa a normaliza\u00e7\u00e3o dos servi\u00e7os em todas as regi\u00f5es afetadas pelo atraso na coleta.<\/p>\n<p><img decoding=\"async\" src=\"https:\/\/www.encontrabelohorizonte.com.br\/sobre\/wp-content\/uploads\/apos-fim-de-greve-dos-garis-coleta-de-lixo-e-retomada-em-esquema-especial-em-bh.webp\" alt=\"coleta de lixo em BH\" loading=\"lazy\" \/><\/p>\n<h2>For\u00e7a-Tarefa da SLU<\/h2>\n<p>A Superintend\u00eancia de Limpeza Urbana (SLU) organizou uma for\u00e7a-tarefa dedicada para atender a demanda emergencial criada pelo ac\u00famulo de res\u00edduos. Isso envolveu refor\u00e7os de garis e ve\u00edculos provenientes de outras \u00e1reas e contratos, al\u00e9m de considerar os recursos pr\u00f3prios da autarquia para minimizar os impactos da greve na popula\u00e7\u00e3o. Assim, a expectativa \u00e9 que a coleta regular seja restabelecida rapidamente, diminuindo o desconforto para os cidad\u00e3os.<\/p>\n<h2>Ac\u00famulo de Res\u00edduos na Cidade<\/h2>\n<p>No contexto da greve, v\u00e1rias \u00e1reas, como o bairro Padre Eust\u00e1quio, enfrentaram situa\u00e7\u00f5es alarmantes. Moradores relataram que, desde as primeiras horas da manh\u00e3, a quantidade de lixo acumulado prejudicava o tr\u00e2nsito nas cal\u00e7adas, for\u00e7ando os pedestres a utilizarem as ruas, o que aumenta o risco de acidentes. Em diversas localidades, a presen\u00e7a de res\u00edduos se tornou vis\u00edvel e, em algumas \u00e1reas, os sacos de lixo ocupavam completamente os passeios, obrigando os cidad\u00e3os a se desviarem para as ruas.<\/p>\n<h2>Depoimentos de Moradores<\/h2>\n<p>Moradores de diferentes bairros expressaram suas preocupa\u00e7\u00f5es. Um deles, Faustro Silveiro, mencionou que, apesar de compreens\u00edveis as raz\u00f5es da paralisa\u00e7\u00e3o, a quest\u00e3o do lixo se tornava cada vez mais complicada. Ele ressaltou a a\u00e7\u00e3o de catadores que, ao revirarem os sacos em busca de recicl\u00e1veis, acabavam por espalhar ainda mais lixo pelas ruas. Essa situa\u00e7\u00e3o combina o esfor\u00e7o em manter a cidade limpa com os desafios enfrentados durante a greve.<\/p>\n<h2>Medidas de Conting\u00eancia<\/h2>\n<p>Durante a greve, a SLU trabalhou com um plano de conting\u00eancia para minimizar os efeitos da paralisa\u00e7\u00e3o no servi\u00e7o de coleta. Esse plano incluiu n\u00e3o apenas a negocia\u00e7\u00e3o com os trabalhadores, mas tamb\u00e9m a ado\u00e7\u00e3o de medidas que garantissem a continuidade de servi\u00e7os essenciais. A prefeitura se esfor\u00e7ou para refor\u00e7ar as opera\u00e7\u00f5es e, rapidamente, a equipe se empenhou em organizar a coleta de res\u00edduos na cidade.<\/p>\n<h2>A\u00e7\u00f5es Futuras da Prefeitura<\/h2>\n<p>Ap\u00f3s a normaliza\u00e7\u00e3o dos servi\u00e7os de coleta de lixo, a expectativa \u00e9 que a prefeitura avalie as a\u00e7\u00f5es tomadas para lidar com futuras greves. Ser\u00e1 importante implementar mudan\u00e7as que possam evitar situa\u00e7\u00f5es semelhantes no futuro e garantir que a coleta ocorra de maneira mais eficiente, sem interrup\u00e7\u00f5es significativas. O planejamento de a\u00e7\u00f5es proativas se torna essencial para garantir a sa\u00fade p\u00fablica e a qualidade de vida dos cidad\u00e3os.<\/p>\n<h2>Desafios da Coleta Urbana<\/h2>\n<p>A coleta urbana enfrenta diversos desafios, especialmente em per\u00edodos de greve. O ac\u00famulo de lixo n\u00e3o apenas afeta a est\u00e9tica da cidade, mas tamb\u00e9m pode causar problemas de sa\u00fade e seguran\u00e7a p\u00fablica. A necessidade de um plano a longo prazo para lidar com tais quest\u00f5es \u00e9 mais evidente do que nunca. A colabora\u00e7\u00e3o entre a prefeitura, os garis e a popula\u00e7\u00e3o \u00e9 fundamental para garantir um servi\u00e7o eficaz e cont\u00ednuo.<\/p>\n<h2>Import\u00e2ncia da Coleta Regular de Lixo<\/h2>\n<p>A coleta regular de lixo \u00e9 um servi\u00e7o essencial para a manuten\u00e7\u00e3o da sa\u00fade p\u00fablica e do bem-estar da popula\u00e7\u00e3o. \u00c9 vital n\u00e3o apenas pela est\u00e9tica das cidades, mas tamb\u00e9m para a preven\u00e7\u00e3o de doen\u00e7as e acidentes. A falta de um manejo adequado dos res\u00edduos pode levar a surtos de doen\u00e7as e a uma diminui\u00e7\u00e3o da qualidade de vida. Portanto, a continuidade e a efici\u00eancia deste servi\u00e7o s\u00e3o pilares fundamentais para uma cidade saud\u00e1vel e organizada.<\/p>\n\n<div style=\"font-size: 0px; height: 0px; line-height: 0px; margin: 0; padding: 0; clear: both;\"><\/div>","protected":false},"excerpt":{"rendered":"<p>Ap\u00f3s a greve dos garis, a coleta de lixo em BH \u00e9 retomada com esquema especial.<\/p>\n","protected":false},"author":1,"featured_media":3588,"comment_status":"closed","ping_status":"closed","sticky":false,"template":"","format":"standard","meta":{"footnotes":""},"categories":[6],"tags":[],"class_list":["post-3589","post","type-post","status-publish","format-standard","has-post-thumbnail","hentry","category-noticias","has_thumb"],"aioseo_notices":[],"aioseo_head":"\n\t\t<!-- All in One SEO 5.0.0.1 - aioseo.com -->\n\t<meta name=\"description\" content=\"Ap\u00f3s a greve dos garis, a coleta de lixo em BH \u00e9 retomada com esquema especial.\" \/>\n\t<meta name=\"robots\" content=\"max-image-preview:large\" \/>\n\t<meta name=\"author\" content=\"Encontra Belo Horizonte\"\/>\n\t<link rel=\"canonical\" href=\"https:\/\/www.encontrabelohorizonte.com.br\/sobre\/apos-fim-de-greve-dos-garis-coleta-de-lixo-e-retomada-em-esquema-especial-em-bh\/\" \/>\n\t<meta name=\"generator\" content=\"All in One SEO (AIOSEO) 5.0.0.1\" \/>\n\t\t<meta property=\"og:locale\" content=\"pt_BR\" \/>\n\t\t<meta property=\"og:site_name\" content=\"Encontra Belo Horizonte | Not\u00edcias, eventos, informa\u00e7\u00f5es e dicas da cidade de Belo Horizonte e regi\u00e3o\" \/>\n\t\t<meta property=\"og:type\" content=\"article\" \/>\n\t\t<meta property=\"og:title\" content=\"Ap\u00f3s fim de greve dos garis, coleta de lixo \u00e9 retomada em esquema especial em BH | Encontra Belo Horizonte\" \/>\n\t\t<meta property=\"og:description\" content=\"Ap\u00f3s a greve dos garis, a coleta de lixo em BH \u00e9 retomada com esquema especial.\" \/>\n\t\t<meta property=\"og:url\" content=\"https:\/\/www.encontrabelohorizonte.com.br\/sobre\/apos-fim-de-greve-dos-garis-coleta-de-lixo-e-retomada-em-esquema-especial-em-bh\/\" \/>\n\t\t<meta property=\"article:published_time\" content=\"2026-02-13T08:32:38+00:00\" \/>\n\t\t<meta property=\"article:modified_time\" content=\"2026-02-13T08:32:38+00:00\" \/>\n\t\t<meta name=\"twitter:card\" content=\"summary\" \/>\n\t\t<meta name=\"twitter:title\" content=\"Ap\u00f3s fim de greve dos garis, coleta de lixo \u00e9 retomada em esquema especial em BH | Encontra Belo Horizonte\" \/>\n\t\t<meta name=\"twitter:description\" content=\"Ap\u00f3s a greve dos garis, a coleta de lixo em BH \u00e9 retomada com esquema especial.\" \/>\n\t\t<script type=\"application\/ld+json\" class=\"aioseo-schema\">\n\t\t\t{\"@context\":\"https:\\\/\\\/schema.org\",\"@graph\":[{\"@type\":\"Article\",\"@id\":\"https:\\\/\\\/www.encontrabelohorizonte.com.br\\\/sobre\\\/apos-fim-de-greve-dos-garis-coleta-de-lixo-e-retomada-em-esquema-especial-em-bh\\\/#article\",\"name\":\"Ap\\u00f3s fim de greve dos garis, coleta de lixo \\u00e9 retomada em esquema especial em BH | Encontra Belo Horizonte\",\"headline\":\"Ap\\u00f3s fim de greve dos garis, coleta de lixo \\u00e9 retomada em esquema especial em BH\",\"author\":{\"@id\":\"https:\\\/\\\/www.encontrabelohorizonte.com.br\\\/sobre\\\/author\\\/ebelohorizonte\\\/#author\"},\"publisher\":{\"@id\":\"https:\\\/\\\/www.encontrabelohorizonte.com.br\\\/sobre\\\/#organization\"},\"image\":{\"@type\":\"ImageObject\",\"url\":\"https:\\\/\\\/www.encontrabelohorizonte.com.br\\\/sobre\\\/wp-content\\\/uploads\\\/apos-fim-de-greve-dos-garis-coleta-de-lixo-e-retomada-em-esquema-especial-em-bh.webp\",\"width\":280,\"height\":280,\"caption\":\"coleta de lixo em BH\"},\"datePublished\":\"2026-02-13T05:32:38-03:00\",\"dateModified\":\"2026-02-13T05:32:38-03:00\",\"inLanguage\":\"pt-BR\",\"mainEntityOfPage\":{\"@id\":\"https:\\\/\\\/www.encontrabelohorizonte.com.br\\\/sobre\\\/apos-fim-de-greve-dos-garis-coleta-de-lixo-e-retomada-em-esquema-especial-em-bh\\\/#webpage\"},\"isPartOf\":{\"@id\":\"https:\\\/\\\/www.encontrabelohorizonte.com.br\\\/sobre\\\/apos-fim-de-greve-dos-garis-coleta-de-lixo-e-retomada-em-esquema-especial-em-bh\\\/#webpage\"},\"articleSection\":\"Not\\u00edcias Belo Horizonte\"},{\"@type\":\"BreadcrumbList\",\"@id\":\"https:\\\/\\\/www.encontrabelohorizonte.com.br\\\/sobre\\\/apos-fim-de-greve-dos-garis-coleta-de-lixo-e-retomada-em-esquema-especial-em-bh\\\/#breadcrumblist\",\"itemListElement\":[{\"@type\":\"ListItem\",\"@id\":\"https:\\\/\\\/www.encontrabelohorizonte.com.br\\\/sobre#listItem\",\"position\":1,\"name\":\"In\\u00edcio\",\"item\":\"https:\\\/\\\/www.encontrabelohorizonte.com.br\\\/sobre\",\"nextItem\":{\"@type\":\"ListItem\",\"@id\":\"https:\\\/\\\/www.encontrabelohorizonte.com.br\\\/sobre\\\/noticias\\\/#listItem\",\"name\":\"Not\\u00edcias Belo Horizonte\"}},{\"@type\":\"ListItem\",\"@id\":\"https:\\\/\\\/www.encontrabelohorizonte.com.br\\\/sobre\\\/noticias\\\/#listItem\",\"position\":2,\"name\":\"Not\\u00edcias Belo Horizonte\",\"item\":\"https:\\\/\\\/www.encontrabelohorizonte.com.br\\\/sobre\\\/noticias\\\/\",\"nextItem\":{\"@type\":\"ListItem\",\"@id\":\"https:\\\/\\\/www.encontrabelohorizonte.com.br\\\/sobre\\\/apos-fim-de-greve-dos-garis-coleta-de-lixo-e-retomada-em-esquema-especial-em-bh\\\/#listItem\",\"name\":\"Ap\\u00f3s fim de greve dos garis, coleta de lixo \\u00e9 retomada em esquema especial em BH\"},\"previousItem\":{\"@type\":\"ListItem\",\"@id\":\"https:\\\/\\\/www.encontrabelohorizonte.com.br\\\/sobre#listItem\",\"name\":\"In\\u00edcio\"}},{\"@type\":\"ListItem\",\"@id\":\"https:\\\/\\\/www.encontrabelohorizonte.com.br\\\/sobre\\\/apos-fim-de-greve-dos-garis-coleta-de-lixo-e-retomada-em-esquema-especial-em-bh\\\/#listItem\",\"position\":3,\"name\":\"Ap\\u00f3s fim de greve dos garis, coleta de lixo \\u00e9 retomada em esquema especial em BH\",\"previousItem\":{\"@type\":\"ListItem\",\"@id\":\"https:\\\/\\\/www.encontrabelohorizonte.com.br\\\/sobre\\\/noticias\\\/#listItem\",\"name\":\"Not\\u00edcias Belo Horizonte\"}}]},{\"@type\":\"Organization\",\"@id\":\"https:\\\/\\\/www.encontrabelohorizonte.com.br\\\/sobre\\\/#organization\",\"name\":\"Encontra Belo Horizonte\",\"description\":\"Not\\u00edcias, eventos, informa\\u00e7\\u00f5es e dicas da cidade de Belo Horizonte e regi\\u00e3o\",\"url\":\"https:\\\/\\\/www.encontrabelohorizonte.com.br\\\/sobre\\\/\"},{\"@type\":\"Person\",\"@id\":\"https:\\\/\\\/www.encontrabelohorizonte.com.br\\\/sobre\\\/author\\\/ebelohorizonte\\\/#author\",\"url\":\"https:\\\/\\\/www.encontrabelohorizonte.com.br\\\/sobre\\\/author\\\/ebelohorizonte\\\/\",\"name\":\"Encontra Belo Horizonte\",\"image\":{\"@type\":\"ImageObject\",\"@id\":\"https:\\\/\\\/www.encontrabelohorizonte.com.br\\\/sobre\\\/apos-fim-de-greve-dos-garis-coleta-de-lixo-e-retomada-em-esquema-especial-em-bh\\\/#authorImage\",\"url\":\"https:\\\/\\\/secure.gravatar.com\\\/avatar\\\/507340682b8270222e1f208e23198b6ae7e2c6a1033ae84e99bc6bce4f82a387?s=96&d=mm&r=g\",\"width\":96,\"height\":96,\"caption\":\"Encontra Belo Horizonte\"}},{\"@type\":\"WebPage\",\"@id\":\"https:\\\/\\\/www.encontrabelohorizonte.com.br\\\/sobre\\\/apos-fim-de-greve-dos-garis-coleta-de-lixo-e-retomada-em-esquema-especial-em-bh\\\/#webpage\",\"url\":\"https:\\\/\\\/www.encontrabelohorizonte.com.br\\\/sobre\\\/apos-fim-de-greve-dos-garis-coleta-de-lixo-e-retomada-em-esquema-especial-em-bh\\\/\",\"name\":\"Ap\\u00f3s fim de greve dos garis, coleta de lixo \\u00e9 retomada em esquema especial em BH | Encontra Belo Horizonte\",\"description\":\"Ap\\u00f3s a greve dos garis, a coleta de lixo em BH \\u00e9 retomada com esquema especial.\",\"inLanguage\":\"pt-BR\",\"isPartOf\":{\"@id\":\"https:\\\/\\\/www.encontrabelohorizonte.com.br\\\/sobre\\\/#website\"},\"breadcrumb\":{\"@id\":\"https:\\\/\\\/www.encontrabelohorizonte.com.br\\\/sobre\\\/apos-fim-de-greve-dos-garis-coleta-de-lixo-e-retomada-em-esquema-especial-em-bh\\\/#breadcrumblist\"},\"author\":{\"@id\":\"https:\\\/\\\/www.encontrabelohorizonte.com.br\\\/sobre\\\/author\\\/ebelohorizonte\\\/#author\"},\"creator\":{\"@id\":\"https:\\\/\\\/www.encontrabelohorizonte.com.br\\\/sobre\\\/author\\\/ebelohorizonte\\\/#author\"},\"image\":{\"@type\":\"ImageObject\",\"url\":\"https:\\\/\\\/www.encontrabelohorizonte.com.br\\\/sobre\\\/wp-content\\\/uploads\\\/apos-fim-de-greve-dos-garis-coleta-de-lixo-e-retomada-em-esquema-especial-em-bh.webp\",\"@id\":\"https:\\\/\\\/www.encontrabelohorizonte.com.br\\\/sobre\\\/apos-fim-de-greve-dos-garis-coleta-de-lixo-e-retomada-em-esquema-especial-em-bh\\\/#mainImage\",\"width\":280,\"height\":280,\"caption\":\"coleta de lixo em BH\"},\"primaryImageOfPage\":{\"@id\":\"https:\\\/\\\/www.encontrabelohorizonte.com.br\\\/sobre\\\/apos-fim-de-greve-dos-garis-coleta-de-lixo-e-retomada-em-esquema-especial-em-bh\\\/#mainImage\"},\"datePublished\":\"2026-02-13T05:32:38-03:00\",\"dateModified\":\"2026-02-13T05:32:38-03:00\"},{\"@type\":\"WebSite\",\"@id\":\"https:\\\/\\\/www.encontrabelohorizonte.com.br\\\/sobre\\\/#website\",\"url\":\"https:\\\/\\\/www.encontrabelohorizonte.com.br\\\/sobre\\\/\",\"name\":\"Encontra Belo Horizonte\",\"description\":\"Not\\u00edcias, eventos, informa\\u00e7\\u00f5es e dicas da cidade de Belo Horizonte e regi\\u00e3o\",\"inLanguage\":\"pt-BR\",\"publisher\":{\"@id\":\"https:\\\/\\\/www.encontrabelohorizonte.com.br\\\/sobre\\\/#organization\"}}]}\n\t\t<\/script>\n\t\t<!-- All in One SEO -->\n\n","aioseo_head_json":{"title":"Ap\u00f3s fim de greve dos garis, coleta de lixo \u00e9 retomada em esquema especial em BH | Encontra Belo Horizonte","description":"Ap\u00f3s a greve dos garis, a coleta de lixo em BH \u00e9 retomada com esquema especial.","canonical_url":"https:\/\/www.encontrabelohorizonte.com.br\/sobre\/apos-fim-de-greve-dos-garis-coleta-de-lixo-e-retomada-em-esquema-especial-em-bh\/","robots":"max-image-preview:large","keywords":"","webmasterTools":{"miscellaneous":""},"schema":{"@context":"https:\/\/schema.org","@graph":[{"@type":"Article","@id":"https:\/\/www.encontrabelohorizonte.com.br\/sobre\/apos-fim-de-greve-dos-garis-coleta-de-lixo-e-retomada-em-esquema-especial-em-bh\/#article","name":"Ap\u00f3s fim de greve dos garis, coleta de lixo \u00e9 retomada em esquema especial em BH | Encontra Belo Horizonte","headline":"Ap\u00f3s fim de greve dos garis, coleta de lixo \u00e9 retomada em esquema especial em BH","author":{"@id":"https:\/\/www.encontrabelohorizonte.com.br\/sobre\/author\/ebelohorizonte\/#author"},"publisher":{"@id":"https:\/\/www.encontrabelohorizonte.com.br\/sobre\/#organization"},"image":{"@type":"ImageObject","url":"https:\/\/www.encontrabelohorizonte.com.br\/sobre\/wp-content\/uploads\/apos-fim-de-greve-dos-garis-coleta-de-lixo-e-retomada-em-esquema-especial-em-bh.webp","width":280,"height":280,"caption":"coleta de lixo em BH"},"datePublished":"2026-02-13T05:32:38-03:00","dateModified":"2026-02-13T05:32:38-03:00","inLanguage":"pt-BR","mainEntityOfPage":{"@id":"https:\/\/www.encontrabelohorizonte.com.br\/sobre\/apos-fim-de-greve-dos-garis-coleta-de-lixo-e-retomada-em-esquema-especial-em-bh\/#webpage"},"isPartOf":{"@id":"https:\/\/www.encontrabelohorizonte.com.br\/sobre\/apos-fim-de-greve-dos-garis-coleta-de-lixo-e-retomada-em-esquema-especial-em-bh\/#webpage"},"articleSection":"Not\u00edcias Belo Horizonte"},{"@type":"BreadcrumbList","@id":"https:\/\/www.encontrabelohorizonte.com.br\/sobre\/apos-fim-de-greve-dos-garis-coleta-de-lixo-e-retomada-em-esquema-especial-em-bh\/#breadcrumblist","itemListElement":[{"@type":"ListItem","@id":"https:\/\/www.encontrabelohorizonte.com.br\/sobre#listItem","position":1,"name":"In\u00edcio","item":"https:\/\/www.encontrabelohorizonte.com.br\/sobre","nextItem":{"@type":"ListItem","@id":"https:\/\/www.encontrabelohorizonte.com.br\/sobre\/noticias\/#listItem","name":"Not\u00edcias Belo Horizonte"}},{"@type":"ListItem","@id":"https:\/\/www.encontrabelohorizonte.com.br\/sobre\/noticias\/#listItem","position":2,"name":"Not\u00edcias Belo Horizonte","item":"https:\/\/www.encontrabelohorizonte.com.br\/sobre\/noticias\/","nextItem":{"@type":"ListItem","@id":"https:\/\/www.encontrabelohorizonte.com.br\/sobre\/apos-fim-de-greve-dos-garis-coleta-de-lixo-e-retomada-em-esquema-especial-em-bh\/#listItem","name":"Ap\u00f3s fim de greve dos garis, coleta de lixo \u00e9 retomada em esquema especial em BH"},"previousItem":{"@type":"ListItem","@id":"https:\/\/www.encontrabelohorizonte.com.br\/sobre#listItem","name":"In\u00edcio"}},{"@type":"ListItem","@id":"https:\/\/www.encontrabelohorizonte.com.br\/sobre\/apos-fim-de-greve-dos-garis-coleta-de-lixo-e-retomada-em-esquema-especial-em-bh\/#listItem","position":3,"name":"Ap\u00f3s fim de greve dos garis, coleta de lixo \u00e9 retomada em esquema especial em BH","previousItem":{"@type":"ListItem","@id":"https:\/\/www.encontrabelohorizonte.com.br\/sobre\/noticias\/#listItem","name":"Not\u00edcias Belo Horizonte"}}]},{"@type":"Organization","@id":"https:\/\/www.encontrabelohorizonte.com.br\/sobre\/#organization","name":"Encontra Belo Horizonte","description":"Not\u00edcias, eventos, informa\u00e7\u00f5es e dicas da cidade de Belo Horizonte e regi\u00e3o","url":"https:\/\/www.encontrabelohorizonte.com.br\/sobre\/"},{"@type":"Person","@id":"https:\/\/www.encontrabelohorizonte.com.br\/sobre\/author\/ebelohorizonte\/#author","url":"https:\/\/www.encontrabelohorizonte.com.br\/sobre\/author\/ebelohorizonte\/","name":"Encontra Belo Horizonte","image":{"@type":"ImageObject","@id":"https:\/\/www.encontrabelohorizonte.com.br\/sobre\/apos-fim-de-greve-dos-garis-coleta-de-lixo-e-retomada-em-esquema-especial-em-bh\/#authorImage","url":"https:\/\/secure.gravatar.com\/avatar\/507340682b8270222e1f208e23198b6ae7e2c6a1033ae84e99bc6bce4f82a387?s=96&d=mm&r=g","width":96,"height":96,"caption":"Encontra Belo Horizonte"}},{"@type":"WebPage","@id":"https:\/\/www.encontrabelohorizonte.com.br\/sobre\/apos-fim-de-greve-dos-garis-coleta-de-lixo-e-retomada-em-esquema-especial-em-bh\/#webpage","url":"https:\/\/www.encontrabelohorizonte.com.br\/sobre\/apos-fim-de-greve-dos-garis-coleta-de-lixo-e-retomada-em-esquema-especial-em-bh\/","name":"Ap\u00f3s fim de greve dos garis, coleta de lixo \u00e9 retomada em esquema especial em BH | Encontra Belo Horizonte","description":"Ap\u00f3s a greve dos garis, a coleta de lixo em BH \u00e9 retomada com esquema especial.","inLanguage":"pt-BR","isPartOf":{"@id":"https:\/\/www.encontrabelohorizonte.com.br\/sobre\/#website"},"breadcrumb":{"@id":"https:\/\/www.encontrabelohorizonte.com.br\/sobre\/apos-fim-de-greve-dos-garis-coleta-de-lixo-e-retomada-em-esquema-especial-em-bh\/#breadcrumblist"},"author":{"@id":"https:\/\/www.encontrabelohorizonte.com.br\/sobre\/author\/ebelohorizonte\/#author"},"creator":{"@id":"https:\/\/www.encontrabelohorizonte.com.br\/sobre\/author\/ebelohorizonte\/#author"},"image":{"@type":"ImageObject","url":"https:\/\/www.encontrabelohorizonte.com.br\/sobre\/wp-content\/uploads\/apos-fim-de-greve-dos-garis-coleta-de-lixo-e-retomada-em-esquema-especial-em-bh.webp","@id":"https:\/\/www.encontrabelohorizonte.com.br\/sobre\/apos-fim-de-greve-dos-garis-coleta-de-lixo-e-retomada-em-esquema-especial-em-bh\/#mainImage","width":280,"height":280,"caption":"coleta de lixo em BH"},"primaryImageOfPage":{"@id":"https:\/\/www.encontrabelohorizonte.com.br\/sobre\/apos-fim-de-greve-dos-garis-coleta-de-lixo-e-retomada-em-esquema-especial-em-bh\/#mainImage"},"datePublished":"2026-02-13T05:32:38-03:00","dateModified":"2026-02-13T05:32:38-03:00"},{"@type":"WebSite","@id":"https:\/\/www.encontrabelohorizonte.com.br\/sobre\/#website","url":"https:\/\/www.encontrabelohorizonte.com.br\/sobre\/","name":"Encontra Belo Horizonte","description":"Not\u00edcias, eventos, informa\u00e7\u00f5es e dicas da cidade de Belo Horizonte e regi\u00e3o","inLanguage":"pt-BR","publisher":{"@id":"https:\/\/www.encontrabelohorizonte.com.br\/sobre\/#organization"}}]},"og:locale":"pt_BR","og:site_name":"Encontra Belo Horizonte | Not\u00edcias, eventos, informa\u00e7\u00f5es e dicas da cidade de Belo Horizonte e regi\u00e3o","og:type":"article","og:title":"Ap\u00f3s fim de greve dos garis, coleta de lixo \u00e9 retomada em esquema especial em BH | Encontra Belo Horizonte","og:description":"Ap\u00f3s a greve dos garis, a coleta de lixo em BH \u00e9 retomada com esquema especial.","og:url":"https:\/\/www.encontrabelohorizonte.com.br\/sobre\/apos-fim-de-greve-dos-garis-coleta-de-lixo-e-retomada-em-esquema-especial-em-bh\/","article:published_time":"2026-02-13T08:32:38+00:00","article:modified_time":"2026-02-13T08:32:38+00:00","twitter:card":"summary","twitter:title":"Ap\u00f3s fim de greve dos garis, coleta de lixo \u00e9 retomada em esquema especial em BH | Encontra Belo Horizonte","twitter:description":"Ap\u00f3s a greve dos garis, a coleta de lixo em BH \u00e9 retomada com esquema especial."},"aioseo_meta_data":{"post_id":"3589","title":null,"description":null,"keywords":null,"keyphrases":null,"primary_term":null,"canonical_url":null,"og_title":null,"og_description":null,"og_object_type":"default","og_image_type":"default","og_image_url":null,"og_image_width":null,"og_image_height":null,"og_image_custom_url":null,"og_image_custom_fields":null,"og_video":null,"og_custom_url":null,"og_article_section":null,"og_article_tags":null,"twitter_use_og":false,"twitter_card":"default","twitter_image_type":"default","twitter_image_url":null,"twitter_image_custom_url":null,"twitter_image_custom_fields":null,"twitter_title":null,"twitter_description":null,"schema":{"blockGraphs":[],"customGraphs":[],"default":{"data":{"Article":[],"Course":[],"Dataset":[],"FAQPage":[],"Movie":[],"Person":[],"Product":[],"ProductReview":[],"Car":[],"Recipe":[],"Service":[],"SoftwareApplication":[],"WebPage":[]},"graphName":"Article","isEnabled":true},"graphs":[]},"schema_type":"default","schema_type_options":null,"pillar_content":false,"robots_default":true,"robots_noindex":false,"robots_noarchive":false,"robots_nosnippet":false,"robots_nofollow":false,"robots_noimageindex":false,"robots_noodp":false,"robots_notranslate":false,"robots_max_snippet":null,"robots_max_videopreview":null,"robots_max_imagepreview":"large","priority":null,"frequency":null,"local_seo":null,"breadcrumb_settings":null,"limit_modified_date":false,"ai":null,"created":"2026-02-13 08:32:40","updated":"2026-02-13 08:41:24","focus_keyword":null,"additional_keywords":null,"truseo_locale":null,"seo_analyzer_scan_date":null},"aioseo_breadcrumb":"<div class=\"aioseo-breadcrumbs\"><span class=\"aioseo-breadcrumb\">\n\t\t\t<a href=\"https:\/\/www.encontrabelohorizonte.com.br\/sobre\" title=\"In\u00edcio\">In\u00edcio<\/a>\n\t\t<\/span><span class=\"aioseo-breadcrumb-separator\">&raquo;<\/span><span class=\"aioseo-breadcrumb\">\n\t\t\t<a href=\"https:\/\/www.encontrabelohorizonte.com.br\/sobre\/noticias\/\" title=\"Not\u00edcias Belo Horizonte\">Not\u00edcias Belo Horizonte<\/a>\n\t\t<\/span><span class=\"aioseo-breadcrumb-separator\">&raquo;<\/span><span class=\"aioseo-breadcrumb\">\n\t\t\tAp\u00f3s fim de greve dos garis, coleta de lixo \u00e9 retomada em esquema especial em BH\n\t\t<\/span><\/div>","aioseo_breadcrumb_json":[{"label":"In\u00edcio","link":"https:\/\/www.encontrabelohorizonte.com.br\/sobre"},{"label":"Not\u00edcias Belo Horizonte","link":"https:\/\/www.encontrabelohorizonte.com.br\/sobre\/noticias\/"},{"label":"Ap\u00f3s fim de greve dos garis, coleta de lixo \u00e9 retomada em esquema especial em BH","link":"https:\/\/www.encontrabelohorizonte.com.br\/sobre\/apos-fim-de-greve-dos-garis-coleta-de-lixo-e-retomada-em-esquema-especial-em-bh\/"}],"_links":{"self":[{"href":"https:\/\/www.encontrabelohorizonte.com.br\/sobre\/wp-json\/wp\/v2\/posts\/3589","targetHints":{"allow":["GET"]}}],"collection":[{"href":"https:\/\/www.encontrabelohorizonte.com.br\/sobre\/wp-json\/wp\/v2\/posts"}],"about":[{"href":"https:\/\/www.encontrabelohorizonte.com.br\/sobre\/wp-json\/wp\/v2\/types\/post"}],"author":[{"embeddable":true,"href":"https:\/\/www.encontrabelohorizonte.com.br\/sobre\/wp-json\/wp\/v2\/users\/1"}],"replies":[{"embeddable":true,"href":"https:\/\/www.encontrabelohorizonte.com.br\/sobre\/wp-json\/wp\/v2\/comments?post=3589"}],"version-history":[{"count":0,"href":"https:\/\/www.encontrabelohorizonte.com.br\/sobre\/wp-json\/wp\/v2\/posts\/3589\/revisions"}],"wp:featuredmedia":[{"embeddable":true,"href":"https:\/\/www.encontrabelohorizonte.com.br\/sobre\/wp-json\/wp\/v2\/media\/3588"}],"wp:attachment":[{"href":"https:\/\/www.encontrabelohorizonte.com.br\/sobre\/wp-json\/wp\/v2\/media?parent=3589"}],"wp:term":[{"taxonomy":"category","embeddable":true,"href":"https:\/\/www.encontrabelohorizonte.com.br\/sobre\/wp-json\/wp\/v2\/categories?post=3589"},{"taxonomy":"post_tag","embeddable":true,"href":"https:\/\/www.encontrabelohorizonte.com.br\/sobre\/wp-json\/wp\/v2\/tags?post=3589"}],"curies":[{"name":"wp","href":"https:\/\/api.w.org\/{rel}","templated":true}]}}