{"id":359,"date":"2012-08-04T08:00:34","date_gmt":"2012-08-04T08:00:34","guid":{"rendered":"http:\/\/www.encontrabelohorizonte.com.br\/noticias\/?p=359"},"modified":"2019-04-12T18:36:35","modified_gmt":"2019-04-12T18:36:35","slug":"lilia-cabral-se-apresenta-em-belo-horizonte-com-a-peca-maria-de-carito","status":"publish","type":"post","link":"https:\/\/www.encontrabelohorizonte.com.br\/sobre\/lilia-cabral-se-apresenta-em-belo-horizonte-com-a-peca-maria-de-carito\/","title":{"rendered":"Lilia Cabral se apresenta em Belo Horizonte com a pe\u00e7a Maria de Carit\u00f3"},"content":{"rendered":"<div class=\"2e083cf0b19e2c11948dc6ac054ba979\" data-index=\"1\" style=\"float: none; margin:0px;\">\n<!-- Anuncio display - global -->\r\n<ins class=\"adsbygoogle\"\r\n     style=\"display:block\"\r\n     data-ad-client=\"ca-pub-8585364105181520\"\r\n     data-ad-slot=\"8789329856\"\r\n     data-ad-format=\"auto\"\r\n     data-full-width-responsive=\"true\"><\/ins>\r\n<script>\r\n     (adsbygoogle = window.adsbygoogle || []).push({});\r\n<\/script>\n<\/div>\n<p>A tradi\u00e7\u00e3o nordestina chega a Belo Horizonte com a com\u00e9dia \u201cMaria do Carit\u00f3\u201d e a atriz L\u00edlia Cabral. O nome da pe\u00e7a \u00e9 uma g\u00edria usada no Nordeste para mulher que n\u00e3o se casou. L\u00edlia interpreta Maria, uma virgem de 49 anos. A castidade dela foi prometida a Santo Ant\u00f4nio quando ela nasceu. Em todas as datas de comemora\u00e7\u00e3o do santo, Maria faz uma promessa para conseguir um marido. A pe\u00e7a est\u00e1 em cartaz no SESC Palladium nesta sexta-feira (3) e s\u00e1bado (4), \u00e0s 21h, e no domingo (5), \u00e0s 20h. A classifica\u00e7\u00e3o \u00e9 12 anos.<\/p>\n<p>Neste fim de semana, a atriz Monique Alfradique tamb\u00e9m est\u00e1 na capital mineira com a com\u00e9dia musical \u201cA garota do biqu\u00edni vermelho\u201d. Ser\u00e3o duas apresenta\u00e7\u00f5es neste s\u00e1bado no Teatro SesiMinas, \u00e0s 19h e \u00e0s 2130.<\/p>\n<p>A exposi\u00e7\u00e3o \u201cPeso e Leveza\u201d traz a BH fotografias latino-americanas que mostram imagens entre o humanismo e a viol\u00eancia. A mostra re\u00fane o trabalho de 15 artistas de pa\u00edses como Argentina, Col\u00f4mbia, M\u00e9xico e Brasil. As 73 imagens exibem situa\u00e7\u00f5es cotidianas nestas regi\u00f5es e buscam o equil\u00edbrio entre os problemas sociais e o resgate das rela\u00e7\u00f5es humanas. A mostra pode ser visitada at\u00e9 o dia 26 de ter\u00e7a a s\u00e1bado, das 9h30 \u00e0s 21h, e aos domingos, das 16h \u00e0s 21h, no Pal\u00e1cio das Artes. A entrada \u00e9 gratuita.<\/p>\n<p>Sucessos da MPB que falam da rela\u00e7\u00e3o do homem com a natureza est\u00e3o no musical &#8220;Semente, a bandeira do porvir&#8221;, que estreia nesta sexta-feira na capital. O espet\u00e1culo re\u00fane grandes nomes da m\u00fasica brasileira, al\u00e9m de dan\u00e7arinos e da Orquestra Sinf\u00f4nica do estado de Minas Gerais. O espet\u00e1culo est\u00e1 no Pal\u00e1cio das Artes nesta sexta-feira e s\u00e1bado, \u00e0s 20h30, e no domingo, \u00e0s 19h.<\/p>\n<p>O grupo Tit\u00e3s volta a capital mineira, nesta sexta-feira (3), \u00e0s 22h, com o show hist\u00f3rico \u201cCabe\u00e7a de dinossauro\u201d, no Mix Garden. A classifica\u00e7\u00e3o \u00e9 18 anos.<\/p>\n<p>Tamb\u00e9m nesta sexta-feira, a cantora Maria Gad\u00fa se apresenta no Chevrollet Hall, \u00e0s 22h30. A classifica\u00e7\u00e3o \u00e9 16 anos.<\/p>\n<p>No Grafinos, o cantor Pedro Lu\u00eds \u00e9 atra\u00e7\u00e3o principal desta noite. Ele sobe no palco \u00e0s 22h. A classifica\u00e7\u00e3o do show \u00e9 livre.<\/p>\n<p>Para quem gosta de m\u00fasica de viola, nesta sexta-feira, Gustavo Guimar\u00e3es se apresenta no Centro Cultural do Sesc Laces JK, \u00e0s 20h. A classifica\u00e7\u00e3o \u00e9 livre. O endere\u00e7o \u00e9 Rua dos Caet\u00e9s, 603, Centro.<\/p>\n<p>Neste s\u00e1bado (4), Matanza faz show, \u00e0s 21h, no Music Hall, no bairro Santa Efig\u00eania, na Regi\u00e3o Centro-Sul de Belo Horizonte. A classifica\u00e7\u00e3o \u00e9 16 anos.<\/p>\n<p>A banda Piroc\u00f3ptero se apresenta para a crian\u00e7ada, neste s\u00e1bado, \u00e0s 16h, no Teatro Izabela Hendrix. A classifica\u00e7\u00e3o \u00e9 livre.<\/p>\n<p>Juca Chaves se apresenta nesta sexta-feira (3) e s\u00e1bado (4), \u00e0s 21h, e no domingo, \u00e0s 19h, no Teatro Alterosa. A classifica\u00e7\u00e3o \u00e9 12 anos.<\/p>\n<p>O Teatro Dom Silv\u00e9rio recebe o espet\u00e1culo, \u201cPor parte de pai\u201d, nesta sexta-feira e s\u00e1bado, \u00e0s 21h, e no domingo, \u00e0s 19h. A classifica\u00e7\u00e3o \u00e9 12 anos.<\/p>\n<p>A com\u00e9dia \u201cP\u00e9rolas do tejo\u201d pode ser vista, nesta sexta e s\u00e1bado, \u00e0s 21h, e no domingo, \u00e0s 19h, no Cine Teatro Municipal de Contagem, na Regi\u00e3o Metropolitana de Belo Horizonte. Os ingressos podem ser comprados a pre\u00e7os populares. A classifica\u00e7\u00e3o \u00e9 12 anos.<\/p>\n<p>Programa\u00e7\u00e3o gratuita<\/p>\n<p>O fim de semana na capital mineira tamb\u00e9m tem programa\u00e7\u00e3o gratuita. A pe\u00e7a infantil \u201cO menino que sonhava demais\u201d est\u00e1 em cartaz na Funarte neste s\u00e1bado (4) e domingo (5), \u00e0s 16h. A classifica\u00e7\u00e3o \u00e9 livre.<\/p>\n<p>O projeto P\u00e9 na Rua, do grupo Galp\u00e3o Cine Horto, apresenta \u201cO santo e a porca\u201d, com texto de Ariano Suassuna, em parques e pra\u00e7as da capital mineira. Neste s\u00e1bado (4), \u00e9 a vez da Pra\u00e7a Duque de Caxias, no bairro Santa Tereza, \u00e0s 16h. A classifica\u00e7\u00e3o \u00e9 livre.<\/p>\n<p>O centro de conven\u00e7\u00f5es de Mariana, na Regi\u00e3o Central de Minas Gerais, recebe o gaitista Guto Grandi, neste s\u00e1bado, \u00e0s 21h. A classifica\u00e7\u00e3o \u00e9 livre.<\/p>\n<p>O Festival Internacional I Love Jazz re\u00fane grandes nomes da m\u00fasica instrumental e, nesta sexta-feira (3), as atra\u00e7\u00f5es come\u00e7am \u00e0s 19h na Pra\u00e7a do Papa. Neste s\u00e1bado (4) e domingo (5), a programa\u00e7\u00e3o come\u00e7a \u00e0s 17h. A classifica\u00e7\u00e3o \u00e9 livre.<\/p>\n<p><em>Fonte: G1<\/em><\/p>\n\n<div style=\"font-size: 0px; height: 0px; line-height: 0px; margin: 0; padding: 0; clear: both;\"><\/div>","protected":false},"excerpt":{"rendered":"<p>A tradi\u00e7\u00e3o nordestina chega a Belo Horizonte com a com\u00e9dia \u201cMaria do Carit\u00f3\u201d e a atriz L\u00edlia Cabral. O nome da pe\u00e7a \u00e9 uma g\u00edria usada no Nordeste para mulher que n\u00e3o se casou. L\u00edlia interpreta Maria, uma virgem de 49 anos. A castidade dela foi prometida a Santo Ant\u00f4nio quando ela nasceu. Em todas as datas de comemora\u00e7\u00e3o do santo, Maria faz uma promessa para conseguir um marido. A pe\u00e7a est\u00e1 em cartaz no SESC Palladium nesta sexta-feira (3) e s\u00e1bado (4), \u00e0s 21h, e no domingo (5), \u00e0s 20h. A classifica\u00e7\u00e3o \u00e9 12 anos. Neste fim de semana, <\/p>\n","protected":false},"author":1,"featured_media":0,"comment_status":"open","ping_status":"closed","sticky":false,"template":"","format":"standard","meta":{"footnotes":""},"categories":[6],"tags":[],"class_list":["post-359","post","type-post","status-publish","format-standard","hentry","category-noticias"],"aioseo_notices":[],"aioseo_head":"\n\t\t<!-- All in One SEO 5.0.0.1 - aioseo.com -->\n\t<meta name=\"description\" content=\"A tradi\u00e7\u00e3o nordestina chega a Belo Horizonte com a com\u00e9dia \u201cMaria do Carit\u00f3\u201d e a atriz L\u00edlia Cabral. O nome da pe\u00e7a \u00e9 uma g\u00edria usada no Nordeste para mulher que n\u00e3o se casou. L\u00edlia interpreta Maria, uma virgem de 49 anos. A castidade dela foi prometida a Santo Ant\u00f4nio quando ela nasceu. Em todas\" \/>\n\t<meta name=\"robots\" content=\"max-image-preview:large\" \/>\n\t<meta name=\"author\" content=\"Encontra Belo Horizonte\"\/>\n\t<link rel=\"canonical\" href=\"https:\/\/www.encontrabelohorizonte.com.br\/sobre\/lilia-cabral-se-apresenta-em-belo-horizonte-com-a-peca-maria-de-carito\/\" \/>\n\t<meta name=\"generator\" content=\"All in One SEO (AIOSEO) 5.0.0.1\" \/>\n\t\t<meta property=\"og:locale\" content=\"pt_BR\" \/>\n\t\t<meta property=\"og:site_name\" content=\"Encontra Belo Horizonte | Not\u00edcias, eventos, informa\u00e7\u00f5es e dicas da cidade de Belo Horizonte e regi\u00e3o\" \/>\n\t\t<meta property=\"og:type\" content=\"article\" \/>\n\t\t<meta property=\"og:title\" content=\"Lilia Cabral se apresenta em Belo Horizonte com a pe\u00e7a Maria de Carit\u00f3 | Encontra Belo Horizonte\" \/>\n\t\t<meta property=\"og:description\" content=\"A tradi\u00e7\u00e3o nordestina chega a Belo Horizonte com a com\u00e9dia \u201cMaria do Carit\u00f3\u201d e a atriz L\u00edlia Cabral. O nome da pe\u00e7a \u00e9 uma g\u00edria usada no Nordeste para mulher que n\u00e3o se casou. L\u00edlia interpreta Maria, uma virgem de 49 anos. A castidade dela foi prometida a Santo Ant\u00f4nio quando ela nasceu. Em todas\" \/>\n\t\t<meta property=\"og:url\" content=\"https:\/\/www.encontrabelohorizonte.com.br\/sobre\/lilia-cabral-se-apresenta-em-belo-horizonte-com-a-peca-maria-de-carito\/\" \/>\n\t\t<meta property=\"article:published_time\" content=\"2012-08-04T08:00:34+00:00\" \/>\n\t\t<meta property=\"article:modified_time\" content=\"2019-04-12T18:36:35+00:00\" \/>\n\t\t<meta name=\"twitter:card\" content=\"summary\" \/>\n\t\t<meta name=\"twitter:title\" content=\"Lilia Cabral se apresenta em Belo Horizonte com a pe\u00e7a Maria de Carit\u00f3 | Encontra Belo Horizonte\" \/>\n\t\t<meta name=\"twitter:description\" content=\"A tradi\u00e7\u00e3o nordestina chega a Belo Horizonte com a com\u00e9dia \u201cMaria do Carit\u00f3\u201d e a atriz L\u00edlia Cabral. O nome da pe\u00e7a \u00e9 uma g\u00edria usada no Nordeste para mulher que n\u00e3o se casou. L\u00edlia interpreta Maria, uma virgem de 49 anos. A castidade dela foi prometida a Santo Ant\u00f4nio quando ela nasceu. Em todas\" \/>\n\t\t<script type=\"application\/ld+json\" class=\"aioseo-schema\">\n\t\t\t{\"@context\":\"https:\\\/\\\/schema.org\",\"@graph\":[{\"@type\":\"Article\",\"@id\":\"https:\\\/\\\/www.encontrabelohorizonte.com.br\\\/sobre\\\/lilia-cabral-se-apresenta-em-belo-horizonte-com-a-peca-maria-de-carito\\\/#article\",\"name\":\"Lilia Cabral se apresenta em Belo Horizonte com a pe\\u00e7a Maria de Carit\\u00f3 | Encontra Belo Horizonte\",\"headline\":\"Lilia Cabral se apresenta em Belo Horizonte com a pe\\u00e7a Maria de Carit\\u00f3\",\"author\":{\"@id\":\"https:\\\/\\\/www.encontrabelohorizonte.com.br\\\/sobre\\\/author\\\/ebelohorizonte\\\/#author\"},\"publisher\":{\"@id\":\"https:\\\/\\\/www.encontrabelohorizonte.com.br\\\/sobre\\\/#organization\"},\"datePublished\":\"2012-08-04T08:00:34-03:00\",\"dateModified\":\"2019-04-12T18:36:35-03:00\",\"inLanguage\":\"pt-BR\",\"mainEntityOfPage\":{\"@id\":\"https:\\\/\\\/www.encontrabelohorizonte.com.br\\\/sobre\\\/lilia-cabral-se-apresenta-em-belo-horizonte-com-a-peca-maria-de-carito\\\/#webpage\"},\"isPartOf\":{\"@id\":\"https:\\\/\\\/www.encontrabelohorizonte.com.br\\\/sobre\\\/lilia-cabral-se-apresenta-em-belo-horizonte-com-a-peca-maria-de-carito\\\/#webpage\"},\"articleSection\":\"Not\\u00edcias Belo Horizonte\"},{\"@type\":\"BreadcrumbList\",\"@id\":\"https:\\\/\\\/www.encontrabelohorizonte.com.br\\\/sobre\\\/lilia-cabral-se-apresenta-em-belo-horizonte-com-a-peca-maria-de-carito\\\/#breadcrumblist\",\"itemListElement\":[{\"@type\":\"ListItem\",\"@id\":\"https:\\\/\\\/www.encontrabelohorizonte.com.br\\\/sobre#listItem\",\"position\":1,\"name\":\"In\\u00edcio\",\"item\":\"https:\\\/\\\/www.encontrabelohorizonte.com.br\\\/sobre\",\"nextItem\":{\"@type\":\"ListItem\",\"@id\":\"https:\\\/\\\/www.encontrabelohorizonte.com.br\\\/sobre\\\/noticias\\\/#listItem\",\"name\":\"Not\\u00edcias Belo Horizonte\"}},{\"@type\":\"ListItem\",\"@id\":\"https:\\\/\\\/www.encontrabelohorizonte.com.br\\\/sobre\\\/noticias\\\/#listItem\",\"position\":2,\"name\":\"Not\\u00edcias Belo Horizonte\",\"item\":\"https:\\\/\\\/www.encontrabelohorizonte.com.br\\\/sobre\\\/noticias\\\/\",\"nextItem\":{\"@type\":\"ListItem\",\"@id\":\"https:\\\/\\\/www.encontrabelohorizonte.com.br\\\/sobre\\\/lilia-cabral-se-apresenta-em-belo-horizonte-com-a-peca-maria-de-carito\\\/#listItem\",\"name\":\"Lilia Cabral se apresenta em Belo Horizonte com a pe\\u00e7a Maria de Carit\\u00f3\"},\"previousItem\":{\"@type\":\"ListItem\",\"@id\":\"https:\\\/\\\/www.encontrabelohorizonte.com.br\\\/sobre#listItem\",\"name\":\"In\\u00edcio\"}},{\"@type\":\"ListItem\",\"@id\":\"https:\\\/\\\/www.encontrabelohorizonte.com.br\\\/sobre\\\/lilia-cabral-se-apresenta-em-belo-horizonte-com-a-peca-maria-de-carito\\\/#listItem\",\"position\":3,\"name\":\"Lilia Cabral se apresenta em Belo Horizonte com a pe\\u00e7a Maria de Carit\\u00f3\",\"previousItem\":{\"@type\":\"ListItem\",\"@id\":\"https:\\\/\\\/www.encontrabelohorizonte.com.br\\\/sobre\\\/noticias\\\/#listItem\",\"name\":\"Not\\u00edcias Belo Horizonte\"}}]},{\"@type\":\"Organization\",\"@id\":\"https:\\\/\\\/www.encontrabelohorizonte.com.br\\\/sobre\\\/#organization\",\"name\":\"Encontra Belo Horizonte\",\"description\":\"Not\\u00edcias, eventos, informa\\u00e7\\u00f5es e dicas da cidade de Belo Horizonte e regi\\u00e3o\",\"url\":\"https:\\\/\\\/www.encontrabelohorizonte.com.br\\\/sobre\\\/\"},{\"@type\":\"Person\",\"@id\":\"https:\\\/\\\/www.encontrabelohorizonte.com.br\\\/sobre\\\/author\\\/ebelohorizonte\\\/#author\",\"url\":\"https:\\\/\\\/www.encontrabelohorizonte.com.br\\\/sobre\\\/author\\\/ebelohorizonte\\\/\",\"name\":\"Encontra Belo Horizonte\",\"image\":{\"@type\":\"ImageObject\",\"@id\":\"https:\\\/\\\/www.encontrabelohorizonte.com.br\\\/sobre\\\/lilia-cabral-se-apresenta-em-belo-horizonte-com-a-peca-maria-de-carito\\\/#authorImage\",\"url\":\"https:\\\/\\\/secure.gravatar.com\\\/avatar\\\/507340682b8270222e1f208e23198b6ae7e2c6a1033ae84e99bc6bce4f82a387?s=96&d=mm&r=g\",\"width\":96,\"height\":96,\"caption\":\"Encontra Belo Horizonte\"}},{\"@type\":\"WebPage\",\"@id\":\"https:\\\/\\\/www.encontrabelohorizonte.com.br\\\/sobre\\\/lilia-cabral-se-apresenta-em-belo-horizonte-com-a-peca-maria-de-carito\\\/#webpage\",\"url\":\"https:\\\/\\\/www.encontrabelohorizonte.com.br\\\/sobre\\\/lilia-cabral-se-apresenta-em-belo-horizonte-com-a-peca-maria-de-carito\\\/\",\"name\":\"Lilia Cabral se apresenta em Belo Horizonte com a pe\\u00e7a Maria de Carit\\u00f3 | Encontra Belo Horizonte\",\"description\":\"A tradi\\u00e7\\u00e3o nordestina chega a Belo Horizonte com a com\\u00e9dia \\u201cMaria do Carit\\u00f3\\u201d e a atriz L\\u00edlia Cabral. O nome da pe\\u00e7a \\u00e9 uma g\\u00edria usada no Nordeste para mulher que n\\u00e3o se casou. L\\u00edlia interpreta Maria, uma virgem de 49 anos. A castidade dela foi prometida a Santo Ant\\u00f4nio quando ela nasceu. Em todas\",\"inLanguage\":\"pt-BR\",\"isPartOf\":{\"@id\":\"https:\\\/\\\/www.encontrabelohorizonte.com.br\\\/sobre\\\/#website\"},\"breadcrumb\":{\"@id\":\"https:\\\/\\\/www.encontrabelohorizonte.com.br\\\/sobre\\\/lilia-cabral-se-apresenta-em-belo-horizonte-com-a-peca-maria-de-carito\\\/#breadcrumblist\"},\"author\":{\"@id\":\"https:\\\/\\\/www.encontrabelohorizonte.com.br\\\/sobre\\\/author\\\/ebelohorizonte\\\/#author\"},\"creator\":{\"@id\":\"https:\\\/\\\/www.encontrabelohorizonte.com.br\\\/sobre\\\/author\\\/ebelohorizonte\\\/#author\"},\"datePublished\":\"2012-08-04T08:00:34-03:00\",\"dateModified\":\"2019-04-12T18:36:35-03:00\"},{\"@type\":\"WebSite\",\"@id\":\"https:\\\/\\\/www.encontrabelohorizonte.com.br\\\/sobre\\\/#website\",\"url\":\"https:\\\/\\\/www.encontrabelohorizonte.com.br\\\/sobre\\\/\",\"name\":\"Encontra Belo Horizonte\",\"description\":\"Not\\u00edcias, eventos, informa\\u00e7\\u00f5es e dicas da cidade de Belo Horizonte e regi\\u00e3o\",\"inLanguage\":\"pt-BR\",\"publisher\":{\"@id\":\"https:\\\/\\\/www.encontrabelohorizonte.com.br\\\/sobre\\\/#organization\"}}]}\n\t\t<\/script>\n\t\t<!-- All in One SEO -->\n\n","aioseo_head_json":{"title":"Lilia Cabral se apresenta em Belo Horizonte com a pe\u00e7a Maria de Carit\u00f3 | Encontra Belo Horizonte","description":"A tradi\u00e7\u00e3o nordestina chega a Belo Horizonte com a com\u00e9dia \u201cMaria do Carit\u00f3\u201d e a atriz L\u00edlia Cabral. O nome da pe\u00e7a \u00e9 uma g\u00edria usada no Nordeste para mulher que n\u00e3o se casou. L\u00edlia interpreta Maria, uma virgem de 49 anos. A castidade dela foi prometida a Santo Ant\u00f4nio quando ela nasceu. Em todas","canonical_url":"https:\/\/www.encontrabelohorizonte.com.br\/sobre\/lilia-cabral-se-apresenta-em-belo-horizonte-com-a-peca-maria-de-carito\/","robots":"max-image-preview:large","keywords":"","webmasterTools":{"miscellaneous":""},"schema":{"@context":"https:\/\/schema.org","@graph":[{"@type":"Article","@id":"https:\/\/www.encontrabelohorizonte.com.br\/sobre\/lilia-cabral-se-apresenta-em-belo-horizonte-com-a-peca-maria-de-carito\/#article","name":"Lilia Cabral se apresenta em Belo Horizonte com a pe\u00e7a Maria de Carit\u00f3 | Encontra Belo Horizonte","headline":"Lilia Cabral se apresenta em Belo Horizonte com a pe\u00e7a Maria de Carit\u00f3","author":{"@id":"https:\/\/www.encontrabelohorizonte.com.br\/sobre\/author\/ebelohorizonte\/#author"},"publisher":{"@id":"https:\/\/www.encontrabelohorizonte.com.br\/sobre\/#organization"},"datePublished":"2012-08-04T08:00:34-03:00","dateModified":"2019-04-12T18:36:35-03:00","inLanguage":"pt-BR","mainEntityOfPage":{"@id":"https:\/\/www.encontrabelohorizonte.com.br\/sobre\/lilia-cabral-se-apresenta-em-belo-horizonte-com-a-peca-maria-de-carito\/#webpage"},"isPartOf":{"@id":"https:\/\/www.encontrabelohorizonte.com.br\/sobre\/lilia-cabral-se-apresenta-em-belo-horizonte-com-a-peca-maria-de-carito\/#webpage"},"articleSection":"Not\u00edcias Belo Horizonte"},{"@type":"BreadcrumbList","@id":"https:\/\/www.encontrabelohorizonte.com.br\/sobre\/lilia-cabral-se-apresenta-em-belo-horizonte-com-a-peca-maria-de-carito\/#breadcrumblist","itemListElement":[{"@type":"ListItem","@id":"https:\/\/www.encontrabelohorizonte.com.br\/sobre#listItem","position":1,"name":"In\u00edcio","item":"https:\/\/www.encontrabelohorizonte.com.br\/sobre","nextItem":{"@type":"ListItem","@id":"https:\/\/www.encontrabelohorizonte.com.br\/sobre\/noticias\/#listItem","name":"Not\u00edcias Belo Horizonte"}},{"@type":"ListItem","@id":"https:\/\/www.encontrabelohorizonte.com.br\/sobre\/noticias\/#listItem","position":2,"name":"Not\u00edcias Belo Horizonte","item":"https:\/\/www.encontrabelohorizonte.com.br\/sobre\/noticias\/","nextItem":{"@type":"ListItem","@id":"https:\/\/www.encontrabelohorizonte.com.br\/sobre\/lilia-cabral-se-apresenta-em-belo-horizonte-com-a-peca-maria-de-carito\/#listItem","name":"Lilia Cabral se apresenta em Belo Horizonte com a pe\u00e7a Maria de Carit\u00f3"},"previousItem":{"@type":"ListItem","@id":"https:\/\/www.encontrabelohorizonte.com.br\/sobre#listItem","name":"In\u00edcio"}},{"@type":"ListItem","@id":"https:\/\/www.encontrabelohorizonte.com.br\/sobre\/lilia-cabral-se-apresenta-em-belo-horizonte-com-a-peca-maria-de-carito\/#listItem","position":3,"name":"Lilia Cabral se apresenta em Belo Horizonte com a pe\u00e7a Maria de Carit\u00f3","previousItem":{"@type":"ListItem","@id":"https:\/\/www.encontrabelohorizonte.com.br\/sobre\/noticias\/#listItem","name":"Not\u00edcias Belo Horizonte"}}]},{"@type":"Organization","@id":"https:\/\/www.encontrabelohorizonte.com.br\/sobre\/#organization","name":"Encontra Belo Horizonte","description":"Not\u00edcias, eventos, informa\u00e7\u00f5es e dicas da cidade de Belo Horizonte e regi\u00e3o","url":"https:\/\/www.encontrabelohorizonte.com.br\/sobre\/"},{"@type":"Person","@id":"https:\/\/www.encontrabelohorizonte.com.br\/sobre\/author\/ebelohorizonte\/#author","url":"https:\/\/www.encontrabelohorizonte.com.br\/sobre\/author\/ebelohorizonte\/","name":"Encontra Belo Horizonte","image":{"@type":"ImageObject","@id":"https:\/\/www.encontrabelohorizonte.com.br\/sobre\/lilia-cabral-se-apresenta-em-belo-horizonte-com-a-peca-maria-de-carito\/#authorImage","url":"https:\/\/secure.gravatar.com\/avatar\/507340682b8270222e1f208e23198b6ae7e2c6a1033ae84e99bc6bce4f82a387?s=96&d=mm&r=g","width":96,"height":96,"caption":"Encontra Belo Horizonte"}},{"@type":"WebPage","@id":"https:\/\/www.encontrabelohorizonte.com.br\/sobre\/lilia-cabral-se-apresenta-em-belo-horizonte-com-a-peca-maria-de-carito\/#webpage","url":"https:\/\/www.encontrabelohorizonte.com.br\/sobre\/lilia-cabral-se-apresenta-em-belo-horizonte-com-a-peca-maria-de-carito\/","name":"Lilia Cabral se apresenta em Belo Horizonte com a pe\u00e7a Maria de Carit\u00f3 | Encontra Belo Horizonte","description":"A tradi\u00e7\u00e3o nordestina chega a Belo Horizonte com a com\u00e9dia \u201cMaria do Carit\u00f3\u201d e a atriz L\u00edlia Cabral. O nome da pe\u00e7a \u00e9 uma g\u00edria usada no Nordeste para mulher que n\u00e3o se casou. L\u00edlia interpreta Maria, uma virgem de 49 anos. A castidade dela foi prometida a Santo Ant\u00f4nio quando ela nasceu. Em todas","inLanguage":"pt-BR","isPartOf":{"@id":"https:\/\/www.encontrabelohorizonte.com.br\/sobre\/#website"},"breadcrumb":{"@id":"https:\/\/www.encontrabelohorizonte.com.br\/sobre\/lilia-cabral-se-apresenta-em-belo-horizonte-com-a-peca-maria-de-carito\/#breadcrumblist"},"author":{"@id":"https:\/\/www.encontrabelohorizonte.com.br\/sobre\/author\/ebelohorizonte\/#author"},"creator":{"@id":"https:\/\/www.encontrabelohorizonte.com.br\/sobre\/author\/ebelohorizonte\/#author"},"datePublished":"2012-08-04T08:00:34-03:00","dateModified":"2019-04-12T18:36:35-03:00"},{"@type":"WebSite","@id":"https:\/\/www.encontrabelohorizonte.com.br\/sobre\/#website","url":"https:\/\/www.encontrabelohorizonte.com.br\/sobre\/","name":"Encontra Belo Horizonte","description":"Not\u00edcias, eventos, informa\u00e7\u00f5es e dicas da cidade de Belo Horizonte e regi\u00e3o","inLanguage":"pt-BR","publisher":{"@id":"https:\/\/www.encontrabelohorizonte.com.br\/sobre\/#organization"}}]},"og:locale":"pt_BR","og:site_name":"Encontra Belo Horizonte | Not\u00edcias, eventos, informa\u00e7\u00f5es e dicas da cidade de Belo Horizonte e regi\u00e3o","og:type":"article","og:title":"Lilia Cabral se apresenta em Belo Horizonte com a pe\u00e7a Maria de Carit\u00f3 | Encontra Belo Horizonte","og:description":"A tradi\u00e7\u00e3o nordestina chega a Belo Horizonte com a com\u00e9dia \u201cMaria do Carit\u00f3\u201d e a atriz L\u00edlia Cabral. O nome da pe\u00e7a \u00e9 uma g\u00edria usada no Nordeste para mulher que n\u00e3o se casou. L\u00edlia interpreta Maria, uma virgem de 49 anos. A castidade dela foi prometida a Santo Ant\u00f4nio quando ela nasceu. Em todas","og:url":"https:\/\/www.encontrabelohorizonte.com.br\/sobre\/lilia-cabral-se-apresenta-em-belo-horizonte-com-a-peca-maria-de-carito\/","article:published_time":"2012-08-04T08:00:34+00:00","article:modified_time":"2019-04-12T18:36:35+00:00","twitter:card":"summary","twitter:title":"Lilia Cabral se apresenta em Belo Horizonte com a pe\u00e7a Maria de Carit\u00f3 | Encontra Belo Horizonte","twitter:description":"A tradi\u00e7\u00e3o nordestina chega a Belo Horizonte com a com\u00e9dia \u201cMaria do Carit\u00f3\u201d e a atriz L\u00edlia Cabral. O nome da pe\u00e7a \u00e9 uma g\u00edria usada no Nordeste para mulher que n\u00e3o se casou. L\u00edlia interpreta Maria, uma virgem de 49 anos. A castidade dela foi prometida a Santo Ant\u00f4nio quando ela nasceu. Em todas"},"aioseo_meta_data":{"post_id":"359","title":null,"description":null,"keywords":null,"keyphrases":null,"primary_term":null,"canonical_url":null,"og_title":null,"og_description":null,"og_object_type":"default","og_image_type":"default","og_image_url":null,"og_image_width":null,"og_image_height":null,"og_image_custom_url":null,"og_image_custom_fields":null,"og_video":null,"og_custom_url":null,"og_article_section":null,"og_article_tags":null,"twitter_use_og":false,"twitter_card":"default","twitter_image_type":"default","twitter_image_url":null,"twitter_image_custom_url":null,"twitter_image_custom_fields":null,"twitter_title":null,"twitter_description":null,"schema":{"blockGraphs":[],"customGraphs":[],"default":{"data":{"Article":[],"Course":[],"Dataset":[],"FAQPage":[],"Movie":[],"Person":[],"Product":[],"ProductReview":[],"Car":[],"Recipe":[],"Service":[],"SoftwareApplication":[],"WebPage":[]},"graphName":"Article","isEnabled":true},"graphs":[]},"schema_type":null,"schema_type_options":null,"pillar_content":false,"robots_default":true,"robots_noindex":false,"robots_noarchive":false,"robots_nosnippet":false,"robots_nofollow":false,"robots_noimageindex":false,"robots_noodp":false,"robots_notranslate":false,"robots_max_snippet":null,"robots_max_videopreview":null,"robots_max_imagepreview":"large","priority":null,"frequency":null,"local_seo":null,"breadcrumb_settings":null,"limit_modified_date":false,"ai":null,"created":"2022-01-19 14:24:42","updated":"2025-09-27 00:56:16","focus_keyword":null,"additional_keywords":null,"truseo_locale":null,"seo_analyzer_scan_date":null},"aioseo_breadcrumb":"<div class=\"aioseo-breadcrumbs\"><span class=\"aioseo-breadcrumb\">\n\t\t\t<a href=\"https:\/\/www.encontrabelohorizonte.com.br\/sobre\" title=\"In\u00edcio\">In\u00edcio<\/a>\n\t\t<\/span><span class=\"aioseo-breadcrumb-separator\">&raquo;<\/span><span class=\"aioseo-breadcrumb\">\n\t\t\t<a href=\"https:\/\/www.encontrabelohorizonte.com.br\/sobre\/noticias\/\" title=\"Not\u00edcias Belo Horizonte\">Not\u00edcias Belo Horizonte<\/a>\n\t\t<\/span><span class=\"aioseo-breadcrumb-separator\">&raquo;<\/span><span class=\"aioseo-breadcrumb\">\n\t\t\tLilia Cabral se apresenta em Belo Horizonte com a pe\u00e7a Maria de Carit\u00f3\n\t\t<\/span><\/div>","aioseo_breadcrumb_json":[{"label":"In\u00edcio","link":"https:\/\/www.encontrabelohorizonte.com.br\/sobre"},{"label":"Not\u00edcias Belo Horizonte","link":"https:\/\/www.encontrabelohorizonte.com.br\/sobre\/noticias\/"},{"label":"Lilia Cabral se apresenta em Belo Horizonte com a pe\u00e7a Maria de Carit\u00f3","link":"https:\/\/www.encontrabelohorizonte.com.br\/sobre\/lilia-cabral-se-apresenta-em-belo-horizonte-com-a-peca-maria-de-carito\/"}],"_links":{"self":[{"href":"https:\/\/www.encontrabelohorizonte.com.br\/sobre\/wp-json\/wp\/v2\/posts\/359","targetHints":{"allow":["GET"]}}],"collection":[{"href":"https:\/\/www.encontrabelohorizonte.com.br\/sobre\/wp-json\/wp\/v2\/posts"}],"about":[{"href":"https:\/\/www.encontrabelohorizonte.com.br\/sobre\/wp-json\/wp\/v2\/types\/post"}],"author":[{"embeddable":true,"href":"https:\/\/www.encontrabelohorizonte.com.br\/sobre\/wp-json\/wp\/v2\/users\/1"}],"replies":[{"embeddable":true,"href":"https:\/\/www.encontrabelohorizonte.com.br\/sobre\/wp-json\/wp\/v2\/comments?post=359"}],"version-history":[{"count":0,"href":"https:\/\/www.encontrabelohorizonte.com.br\/sobre\/wp-json\/wp\/v2\/posts\/359\/revisions"}],"wp:attachment":[{"href":"https:\/\/www.encontrabelohorizonte.com.br\/sobre\/wp-json\/wp\/v2\/media?parent=359"}],"wp:term":[{"taxonomy":"category","embeddable":true,"href":"https:\/\/www.encontrabelohorizonte.com.br\/sobre\/wp-json\/wp\/v2\/categories?post=359"},{"taxonomy":"post_tag","embeddable":true,"href":"https:\/\/www.encontrabelohorizonte.com.br\/sobre\/wp-json\/wp\/v2\/tags?post=359"}],"curies":[{"name":"wp","href":"https:\/\/api.w.org\/{rel}","templated":true}]}}