{"id":3627,"date":"2026-02-20T05:17:56","date_gmt":"2026-02-20T08:17:56","guid":{"rendered":"https:\/\/www.encontrabelohorizonte.com.br\/sobre\/carnaval-de-bh-o-que-funcionou-em-2026-e-o-que-pode-melhorar\/"},"modified":"2026-02-20T05:17:56","modified_gmt":"2026-02-20T08:17:56","slug":"carnaval-de-bh-o-que-funcionou-em-2026-e-o-que-pode-melhorar","status":"publish","type":"post","link":"https:\/\/www.encontrabelohorizonte.com.br\/sobre\/carnaval-de-bh-o-que-funcionou-em-2026-e-o-que-pode-melhorar\/","title":{"rendered":"Carnaval de BH: o que funcionou em 2026 e o que pode melhorar"},"content":{"rendered":"<div class=\"2e083cf0b19e2c11948dc6ac054ba979\" data-index=\"1\" style=\"float: none; margin:0px;\">\n<!-- Anuncio display - global -->\r\n<ins class=\"adsbygoogle\"\r\n     style=\"display:block\"\r\n     data-ad-client=\"ca-pub-8585364105181520\"\r\n     data-ad-slot=\"8789329856\"\r\n     data-ad-format=\"auto\"\r\n     data-full-width-responsive=\"true\"><\/ins>\r\n<script>\r\n     (adsbygoogle = window.adsbygoogle || []).push({});\r\n<\/script>\n<\/div>\n<h2>Diversidade de Atra\u00e7\u00f5es no Carnaval<\/h2>\n<p>O Carnaval de Belo Horizonte em 2026 foi marcado por uma impressionante variedade de atra\u00e7\u00f5es, com mais de 600 blocos cadastrados, cada um apresentando propostas \u00fanicas e estilos distintos. Os foli\u00f5es tiveram a oportunidade de desfrutar de uma ampla gama de experi\u00eancias, que iam desde pequenos blocos de rua, como a <strong>Estagi\u00e1rios Brass Band<\/strong> e os <strong>Tioz\u00f5es do Pagode<\/strong>, at\u00e9 grandes desfiles de destaque como o <strong>Ent\u00e3o, Brilha!<\/strong>, <strong>Bei\u00e7o do Wando<\/strong> e <strong>Baianeiros<\/strong>.<\/p>\n<p>Os participantes tamb\u00e9m puderam dan\u00e7ar ao som do &#8220;coral do orgulho&#8221; do <strong>Abal\u00f4-caxi<\/strong>, do ax\u00e9 das <strong>Baianas Ozadas<\/strong>, e das p\u00e9rolas do funk com o <strong>Funk You<\/strong>. Classics e nostalgia foram representados com o <strong>Lav\u00f4, T\u00e1 Novo!<\/strong>, enquanto o sertanejo foi vivenciado com o <strong>\u00c9 o Am\u00f4<\/strong>, e o forr\u00f3 trouxe o ritmo da <strong>Pisa na Ful\u00f4<\/strong>, culminando na MPB com o <strong>Bloco da Esquina<\/strong>. <\/p>\n<p>A presen\u00e7a de artistas amplamente conhecidos deu um brilho adicional ao evento, atraindo multid\u00f5es para as ruas da cidade.<\/p>\n<p><img decoding=\"async\" src=\"https:\/\/www.encontrabelohorizonte.com.br\/sobre\/wp-content\/uploads\/carnaval-de-bh-o-que-funcionou-em-2026-e-o-que-pode-melhorar.webp\" alt=\"Carnaval de BH\" loading=\"lazy\" \/><\/p>\n<h2>Organiza\u00e7\u00e3o e Seguran\u00e7a nos Eventos<\/h2>\n<p>A seguran\u00e7a foi uma prioridade destacada durante os festejos, com a presen\u00e7a significativa da pol\u00edcia militar e dos guardas civis municipais em todas as \u00e1reas dos desfiles. A for\u00e7a policial contou com um n\u00famero robusto de agentes, incluindo aqueles que trabalham em setores administrativos e de sa\u00fade, logo garantindo que n\u00e3o ocorr\u00eancias graves fossem registradas.<\/p>\n<p>A utiliza\u00e7\u00e3o de drones e c\u00e2meras com reconhecimento facial em locais de aglomera\u00e7\u00e3o contribuiu para ampliar a seguran\u00e7a, permitindo uma resposta r\u00e1pida a quaisquer situa\u00e7\u00f5es adversas. Al\u00e9m disso, o planejamento da cidade envolveu a colabora\u00e7\u00e3o de v\u00e1rias for\u00e7as de seguran\u00e7a para assegurar que todos os foli\u00f5es pudessem desfrutar do Carnaval em seguran\u00e7a.<\/p>\n<h2>Desempenho do Financiamento P\u00fablico<\/h2>\n<p>Para apoiar os blocos de rua, a Prefeitura de Belo Horizonte designou R$ 3,21 milh\u00f5es, que foram traduzidos em \u00f3rg\u00e3os e grupos que se dedicam a fazer a festa acontecer. Contudo, desse montante, apenas 104 blocos receberam financiamento, de um total de 612, o que gerou debates sobre as diretrizes e os crit\u00e9rios de distribui\u00e7\u00e3o do recurso.<\/p>\n<p>Os valores recebidos pelos blocos variaram entre R$ 14,6 mil a R$ 41,5 mil, mas muitos organizadores consideraram que a quantia era insuficiente para cobrir as despesas necess\u00e1rias para executar um evento de tal magnitude. A cr\u00edtica se estendeu ao tempo em que os financiamentos foram liberados, j\u00e1 que muitos grupos s\u00f3 receberam o suporte financeiro menos de duas semanas antes do carnaval.<\/p>\n<h2>Pontos Positivos do Carnaval 2026<\/h2>\n<p>Apesar de algumas falhas, o Carnaval de BH tamb\u00e9m trouxe v\u00e1rias notas positivas. A extensa diversidade de grupos e experi\u00eancias fez com que a festa atendesse a diferentes gostos e faixas et\u00e1rias. Os 11.528 ambulantes regulamentados pela prefeitura garantiram uma ampla oferta de bebidas e comidas, satisfazendo os foli\u00f5es sedentos e famintos durante os desfiles.<\/p>\n<p>Outro aspecto positivo foi a introdu\u00e7\u00e3o do projeto de avenidas sonorizadas, que permitiu aos participantes aproveitar a m\u00fasica mesmo \u00e0 dist\u00e2ncia dos trios el\u00e9tricos. Esse sistema foi bem recebido, evidenciando a import\u00e2ncia da inova\u00e7\u00e3o na experi\u00eancia carnavalesca.<\/p>\n<h2>Reclama\u00e7\u00f5es e O que Pode Melhorar<\/h2>\n<p>Apesar dos sucessos, v\u00e1rias queixas foram relatadas acerca da organiza\u00e7\u00e3o do Carnaval. Problemas com a disposi\u00e7\u00e3o dos banheiros qu\u00edmicos foram uma preocupa\u00e7\u00e3o constante, uma vez que mesmo com um aumento de 20% no n\u00famero de estruturas dispon\u00edveis, muitos foli\u00f5es ainda se viram obrigados a buscar alternativas nas ruas.<\/p>\n<p>A falta de \u00e1gua nos grandes blocos e atrasos durante os desfiles geraram descontentamento entre os participantes. A log\u00edstica destacada pela Belotur indicava que o planejamento para a localiza\u00e7\u00e3o dos banheiros levava em considera\u00e7\u00e3o \u00e1reas sens\u00edveis da cidade, mas muitos foli\u00f5es pediram uma revis\u00e3o dessa estrat\u00e9gia para o futuro.<\/p>\n<h2>A Import\u00e2ncia dos Ambulantes<\/h2>\n<p>A participa\u00e7\u00e3o dos ambulantes foi crucial para garantir que os foli\u00f5es tivessem acesso a itens essenciais da festa, como \u00e1gua e alimentos. Com uma variedade de op\u00e7\u00f5es de bebidas e comidas dispon\u00edveis, os ambulantes desempenharam um papel fundamental na manuten\u00e7\u00e3o da energia e do entretenimento, permitindo que as festividades se desenrolassem sem interrup\u00e7\u00f5es significativas.<\/p>\n<p>A presen\u00e7a desses trabalhadores informais n\u00e3o s\u00f3 enriqueceu a experi\u00eancia do carnaval, mas tamb\u00e9m proporcionou uma importante fonte de renda para muitos, enfatizando a necessidade de um suporte adequado para sua atua\u00e7\u00e3o durante grandes eventos.<\/p>\n<h2>Acessibilidade nas Festas de Carnaval<\/h2>\n<p>A acessibilidade durante os eventos de Carnaval tamb\u00e9m foi um t\u00f3pico relevante. Embora a prefeitura tenha implementado diversas medidas para garantir que todos pudessem aproveitar a festa, muitos ainda sentiram que as \u00e1reas acess\u00edveis n\u00e3o eram suficientes, especialmente em algumas avenidas e pontos de concentra\u00e7\u00e3o.<\/p>\n<p>A melhoria nas estruturas para pessoas com defici\u00eancia deve ser um ponto primordial a ser abordado na organiza\u00e7\u00e3o do carnaval de 2027, garantindo que a festa mineira continue sendo um espa\u00e7o inclusivo para todos os cidad\u00e3os.<\/p>\n<h2>Experi\u00eancias de Grandes Blocos de Rua<\/h2>\n<p>Os desfiles dos blocos maiores, como o <strong>Marinada<\/strong>, causaram euforia e tamb\u00e9m frustra\u00e7\u00e3o. Enquanto muitos comemoraram a presen\u00e7a do bloco de Marina Sena, outros relataram dificuldades de circula\u00e7\u00e3o e um atraso significativo no in\u00edcio das apresenta\u00e7\u00f5es, causando desconforto para os foli\u00f5es.<\/p>\n<p>A gest\u00e3o desses eventos deve ser repensada, buscando estrat\u00e9gias mais eficientes para acomodar p\u00fablicos grandes, respeitando as normativas de seguran\u00e7a e a libera\u00e7\u00e3o de espa\u00e7o para evitar aglomera\u00e7\u00f5es excessivas.<\/p>\n<h2>Impacto Econ\u00f4mico do Carnaval<\/h2>\n<p>O impacto econ\u00f4mico da festividade foi ineg\u00e1vel. Com a movimenta\u00e7\u00e3o de milh\u00f5es de pessoas, o carnaval n\u00e3o apenas aqueceu o com\u00e9rcio local, mas tamb\u00e9m estimulou a rede hoteleira, criando novas oportunidades de emprego e renda para muitos trabalhadores. O fluxo intenso de turistas e residentes proporcionou um aumento nas vendas em estabelecimentos locais, mostrando a import\u00e2ncia do carnaval como uma ferramenta de desenvolvimento econ\u00f4mico.<\/p>\n<p>As receitas geradas durante a festividade apontam que o carnaval \u00e9 mais do que apenas um evento cultural; trata-se de uma engrenagem vital na economia da cidade.<\/p>\n<h2>Expectativas para o Carnaval de 2027<\/h2>\n<p>\u00c0 medida que os preparativos para o Carnaval de 2027 j\u00e1 est\u00e3o em discuss\u00e3o, as expectativas s\u00e3o altas. A continuidade da diversidade de atra\u00e7\u00f5es e a amplia\u00e7\u00e3o das melhorias na seguran\u00e7a e infraestrutura s\u00e3o pontos chave a serem considerados pelos organizadores. <\/p>\n<p>O di\u00e1logo com os blocos de rua e os ambulantes tamb\u00e9m deve ser uma prioridade, garantindo que a festa cres\u00e7a de forma organizada e beneficie a todos os envolvidos, sem deixar de lado a ess\u00eancia contagiante que faz do carnaval de BH um dos mais ic\u00f4nicos do Brasil.<\/p>\n\n<div style=\"font-size: 0px; height: 0px; line-height: 0px; margin: 0; padding: 0; clear: both;\"><\/div>","protected":false},"excerpt":{"rendered":"<p>Carnaval de BH: o que funcionou e o que precisa ser melhorado em 2027.<\/p>\n","protected":false},"author":1,"featured_media":3626,"comment_status":"closed","ping_status":"closed","sticky":false,"template":"","format":"standard","meta":{"footnotes":""},"categories":[6],"tags":[],"class_list":["post-3627","post","type-post","status-publish","format-standard","has-post-thumbnail","hentry","category-noticias","has_thumb"],"aioseo_notices":[],"aioseo_head":"\n\t\t<!-- All in One SEO 5.0.0.1 - aioseo.com -->\n\t<meta name=\"description\" content=\"Carnaval de BH: o que funcionou e o que precisa ser melhorado em 2027.\" \/>\n\t<meta name=\"robots\" content=\"max-image-preview:large\" \/>\n\t<meta name=\"author\" content=\"Encontra Belo Horizonte\"\/>\n\t<link rel=\"canonical\" href=\"https:\/\/www.encontrabelohorizonte.com.br\/sobre\/carnaval-de-bh-o-que-funcionou-em-2026-e-o-que-pode-melhorar\/\" \/>\n\t<meta name=\"generator\" content=\"All in One SEO (AIOSEO) 5.0.0.1\" \/>\n\t\t<meta property=\"og:locale\" content=\"pt_BR\" \/>\n\t\t<meta property=\"og:site_name\" content=\"Encontra Belo Horizonte | Not\u00edcias, eventos, informa\u00e7\u00f5es e dicas da cidade de Belo Horizonte e regi\u00e3o\" \/>\n\t\t<meta property=\"og:type\" content=\"article\" \/>\n\t\t<meta property=\"og:title\" content=\"Carnaval de BH: o que funcionou em 2026 e o que pode melhorar | Encontra Belo Horizonte\" \/>\n\t\t<meta property=\"og:description\" content=\"Carnaval de BH: o que funcionou e o que precisa ser melhorado em 2027.\" \/>\n\t\t<meta property=\"og:url\" content=\"https:\/\/www.encontrabelohorizonte.com.br\/sobre\/carnaval-de-bh-o-que-funcionou-em-2026-e-o-que-pode-melhorar\/\" \/>\n\t\t<meta property=\"article:published_time\" content=\"2026-02-20T08:17:56+00:00\" \/>\n\t\t<meta property=\"article:modified_time\" content=\"2026-02-20T08:17:56+00:00\" \/>\n\t\t<meta name=\"twitter:card\" content=\"summary\" \/>\n\t\t<meta name=\"twitter:title\" content=\"Carnaval de BH: o que funcionou em 2026 e o que pode melhorar | Encontra Belo Horizonte\" \/>\n\t\t<meta name=\"twitter:description\" content=\"Carnaval de BH: o que funcionou e o que precisa ser melhorado em 2027.\" \/>\n\t\t<script type=\"application\/ld+json\" class=\"aioseo-schema\">\n\t\t\t{\"@context\":\"https:\\\/\\\/schema.org\",\"@graph\":[{\"@type\":\"Article\",\"@id\":\"https:\\\/\\\/www.encontrabelohorizonte.com.br\\\/sobre\\\/carnaval-de-bh-o-que-funcionou-em-2026-e-o-que-pode-melhorar\\\/#article\",\"name\":\"Carnaval de BH: o que funcionou em 2026 e o que pode melhorar | Encontra Belo Horizonte\",\"headline\":\"Carnaval de BH: o que funcionou em 2026 e o que pode melhorar\",\"author\":{\"@id\":\"https:\\\/\\\/www.encontrabelohorizonte.com.br\\\/sobre\\\/author\\\/ebelohorizonte\\\/#author\"},\"publisher\":{\"@id\":\"https:\\\/\\\/www.encontrabelohorizonte.com.br\\\/sobre\\\/#organization\"},\"image\":{\"@type\":\"ImageObject\",\"url\":\"https:\\\/\\\/www.encontrabelohorizonte.com.br\\\/sobre\\\/wp-content\\\/uploads\\\/carnaval-de-bh-o-que-funcionou-em-2026-e-o-que-pode-melhorar.webp\",\"width\":280,\"height\":280,\"caption\":\"Carnaval de BH\"},\"datePublished\":\"2026-02-20T05:17:56-03:00\",\"dateModified\":\"2026-02-20T05:17:56-03:00\",\"inLanguage\":\"pt-BR\",\"mainEntityOfPage\":{\"@id\":\"https:\\\/\\\/www.encontrabelohorizonte.com.br\\\/sobre\\\/carnaval-de-bh-o-que-funcionou-em-2026-e-o-que-pode-melhorar\\\/#webpage\"},\"isPartOf\":{\"@id\":\"https:\\\/\\\/www.encontrabelohorizonte.com.br\\\/sobre\\\/carnaval-de-bh-o-que-funcionou-em-2026-e-o-que-pode-melhorar\\\/#webpage\"},\"articleSection\":\"Not\\u00edcias Belo Horizonte\"},{\"@type\":\"BreadcrumbList\",\"@id\":\"https:\\\/\\\/www.encontrabelohorizonte.com.br\\\/sobre\\\/carnaval-de-bh-o-que-funcionou-em-2026-e-o-que-pode-melhorar\\\/#breadcrumblist\",\"itemListElement\":[{\"@type\":\"ListItem\",\"@id\":\"https:\\\/\\\/www.encontrabelohorizonte.com.br\\\/sobre#listItem\",\"position\":1,\"name\":\"In\\u00edcio\",\"item\":\"https:\\\/\\\/www.encontrabelohorizonte.com.br\\\/sobre\",\"nextItem\":{\"@type\":\"ListItem\",\"@id\":\"https:\\\/\\\/www.encontrabelohorizonte.com.br\\\/sobre\\\/noticias\\\/#listItem\",\"name\":\"Not\\u00edcias Belo Horizonte\"}},{\"@type\":\"ListItem\",\"@id\":\"https:\\\/\\\/www.encontrabelohorizonte.com.br\\\/sobre\\\/noticias\\\/#listItem\",\"position\":2,\"name\":\"Not\\u00edcias Belo Horizonte\",\"item\":\"https:\\\/\\\/www.encontrabelohorizonte.com.br\\\/sobre\\\/noticias\\\/\",\"nextItem\":{\"@type\":\"ListItem\",\"@id\":\"https:\\\/\\\/www.encontrabelohorizonte.com.br\\\/sobre\\\/carnaval-de-bh-o-que-funcionou-em-2026-e-o-que-pode-melhorar\\\/#listItem\",\"name\":\"Carnaval de BH: o que funcionou em 2026 e o que pode melhorar\"},\"previousItem\":{\"@type\":\"ListItem\",\"@id\":\"https:\\\/\\\/www.encontrabelohorizonte.com.br\\\/sobre#listItem\",\"name\":\"In\\u00edcio\"}},{\"@type\":\"ListItem\",\"@id\":\"https:\\\/\\\/www.encontrabelohorizonte.com.br\\\/sobre\\\/carnaval-de-bh-o-que-funcionou-em-2026-e-o-que-pode-melhorar\\\/#listItem\",\"position\":3,\"name\":\"Carnaval de BH: o que funcionou em 2026 e o que pode melhorar\",\"previousItem\":{\"@type\":\"ListItem\",\"@id\":\"https:\\\/\\\/www.encontrabelohorizonte.com.br\\\/sobre\\\/noticias\\\/#listItem\",\"name\":\"Not\\u00edcias Belo Horizonte\"}}]},{\"@type\":\"Organization\",\"@id\":\"https:\\\/\\\/www.encontrabelohorizonte.com.br\\\/sobre\\\/#organization\",\"name\":\"Encontra Belo Horizonte\",\"description\":\"Not\\u00edcias, eventos, informa\\u00e7\\u00f5es e dicas da cidade de Belo Horizonte e regi\\u00e3o\",\"url\":\"https:\\\/\\\/www.encontrabelohorizonte.com.br\\\/sobre\\\/\"},{\"@type\":\"Person\",\"@id\":\"https:\\\/\\\/www.encontrabelohorizonte.com.br\\\/sobre\\\/author\\\/ebelohorizonte\\\/#author\",\"url\":\"https:\\\/\\\/www.encontrabelohorizonte.com.br\\\/sobre\\\/author\\\/ebelohorizonte\\\/\",\"name\":\"Encontra Belo Horizonte\",\"image\":{\"@type\":\"ImageObject\",\"@id\":\"https:\\\/\\\/www.encontrabelohorizonte.com.br\\\/sobre\\\/carnaval-de-bh-o-que-funcionou-em-2026-e-o-que-pode-melhorar\\\/#authorImage\",\"url\":\"https:\\\/\\\/secure.gravatar.com\\\/avatar\\\/507340682b8270222e1f208e23198b6ae7e2c6a1033ae84e99bc6bce4f82a387?s=96&d=mm&r=g\",\"width\":96,\"height\":96,\"caption\":\"Encontra Belo Horizonte\"}},{\"@type\":\"WebPage\",\"@id\":\"https:\\\/\\\/www.encontrabelohorizonte.com.br\\\/sobre\\\/carnaval-de-bh-o-que-funcionou-em-2026-e-o-que-pode-melhorar\\\/#webpage\",\"url\":\"https:\\\/\\\/www.encontrabelohorizonte.com.br\\\/sobre\\\/carnaval-de-bh-o-que-funcionou-em-2026-e-o-que-pode-melhorar\\\/\",\"name\":\"Carnaval de BH: o que funcionou em 2026 e o que pode melhorar | Encontra Belo Horizonte\",\"description\":\"Carnaval de BH: o que funcionou e o que precisa ser melhorado em 2027.\",\"inLanguage\":\"pt-BR\",\"isPartOf\":{\"@id\":\"https:\\\/\\\/www.encontrabelohorizonte.com.br\\\/sobre\\\/#website\"},\"breadcrumb\":{\"@id\":\"https:\\\/\\\/www.encontrabelohorizonte.com.br\\\/sobre\\\/carnaval-de-bh-o-que-funcionou-em-2026-e-o-que-pode-melhorar\\\/#breadcrumblist\"},\"author\":{\"@id\":\"https:\\\/\\\/www.encontrabelohorizonte.com.br\\\/sobre\\\/author\\\/ebelohorizonte\\\/#author\"},\"creator\":{\"@id\":\"https:\\\/\\\/www.encontrabelohorizonte.com.br\\\/sobre\\\/author\\\/ebelohorizonte\\\/#author\"},\"image\":{\"@type\":\"ImageObject\",\"url\":\"https:\\\/\\\/www.encontrabelohorizonte.com.br\\\/sobre\\\/wp-content\\\/uploads\\\/carnaval-de-bh-o-que-funcionou-em-2026-e-o-que-pode-melhorar.webp\",\"@id\":\"https:\\\/\\\/www.encontrabelohorizonte.com.br\\\/sobre\\\/carnaval-de-bh-o-que-funcionou-em-2026-e-o-que-pode-melhorar\\\/#mainImage\",\"width\":280,\"height\":280,\"caption\":\"Carnaval de BH\"},\"primaryImageOfPage\":{\"@id\":\"https:\\\/\\\/www.encontrabelohorizonte.com.br\\\/sobre\\\/carnaval-de-bh-o-que-funcionou-em-2026-e-o-que-pode-melhorar\\\/#mainImage\"},\"datePublished\":\"2026-02-20T05:17:56-03:00\",\"dateModified\":\"2026-02-20T05:17:56-03:00\"},{\"@type\":\"WebSite\",\"@id\":\"https:\\\/\\\/www.encontrabelohorizonte.com.br\\\/sobre\\\/#website\",\"url\":\"https:\\\/\\\/www.encontrabelohorizonte.com.br\\\/sobre\\\/\",\"name\":\"Encontra Belo Horizonte\",\"description\":\"Not\\u00edcias, eventos, informa\\u00e7\\u00f5es e dicas da cidade de Belo Horizonte e regi\\u00e3o\",\"inLanguage\":\"pt-BR\",\"publisher\":{\"@id\":\"https:\\\/\\\/www.encontrabelohorizonte.com.br\\\/sobre\\\/#organization\"}}]}\n\t\t<\/script>\n\t\t<!-- All in One SEO -->\n\n","aioseo_head_json":{"title":"Carnaval de BH: o que funcionou em 2026 e o que pode melhorar | Encontra Belo Horizonte","description":"Carnaval de BH: o que funcionou e o que precisa ser melhorado em 2027.","canonical_url":"https:\/\/www.encontrabelohorizonte.com.br\/sobre\/carnaval-de-bh-o-que-funcionou-em-2026-e-o-que-pode-melhorar\/","robots":"max-image-preview:large","keywords":"","webmasterTools":{"miscellaneous":""},"schema":{"@context":"https:\/\/schema.org","@graph":[{"@type":"Article","@id":"https:\/\/www.encontrabelohorizonte.com.br\/sobre\/carnaval-de-bh-o-que-funcionou-em-2026-e-o-que-pode-melhorar\/#article","name":"Carnaval de BH: o que funcionou em 2026 e o que pode melhorar | Encontra Belo Horizonte","headline":"Carnaval de BH: o que funcionou em 2026 e o que pode melhorar","author":{"@id":"https:\/\/www.encontrabelohorizonte.com.br\/sobre\/author\/ebelohorizonte\/#author"},"publisher":{"@id":"https:\/\/www.encontrabelohorizonte.com.br\/sobre\/#organization"},"image":{"@type":"ImageObject","url":"https:\/\/www.encontrabelohorizonte.com.br\/sobre\/wp-content\/uploads\/carnaval-de-bh-o-que-funcionou-em-2026-e-o-que-pode-melhorar.webp","width":280,"height":280,"caption":"Carnaval de BH"},"datePublished":"2026-02-20T05:17:56-03:00","dateModified":"2026-02-20T05:17:56-03:00","inLanguage":"pt-BR","mainEntityOfPage":{"@id":"https:\/\/www.encontrabelohorizonte.com.br\/sobre\/carnaval-de-bh-o-que-funcionou-em-2026-e-o-que-pode-melhorar\/#webpage"},"isPartOf":{"@id":"https:\/\/www.encontrabelohorizonte.com.br\/sobre\/carnaval-de-bh-o-que-funcionou-em-2026-e-o-que-pode-melhorar\/#webpage"},"articleSection":"Not\u00edcias Belo Horizonte"},{"@type":"BreadcrumbList","@id":"https:\/\/www.encontrabelohorizonte.com.br\/sobre\/carnaval-de-bh-o-que-funcionou-em-2026-e-o-que-pode-melhorar\/#breadcrumblist","itemListElement":[{"@type":"ListItem","@id":"https:\/\/www.encontrabelohorizonte.com.br\/sobre#listItem","position":1,"name":"In\u00edcio","item":"https:\/\/www.encontrabelohorizonte.com.br\/sobre","nextItem":{"@type":"ListItem","@id":"https:\/\/www.encontrabelohorizonte.com.br\/sobre\/noticias\/#listItem","name":"Not\u00edcias Belo Horizonte"}},{"@type":"ListItem","@id":"https:\/\/www.encontrabelohorizonte.com.br\/sobre\/noticias\/#listItem","position":2,"name":"Not\u00edcias Belo Horizonte","item":"https:\/\/www.encontrabelohorizonte.com.br\/sobre\/noticias\/","nextItem":{"@type":"ListItem","@id":"https:\/\/www.encontrabelohorizonte.com.br\/sobre\/carnaval-de-bh-o-que-funcionou-em-2026-e-o-que-pode-melhorar\/#listItem","name":"Carnaval de BH: o que funcionou em 2026 e o que pode melhorar"},"previousItem":{"@type":"ListItem","@id":"https:\/\/www.encontrabelohorizonte.com.br\/sobre#listItem","name":"In\u00edcio"}},{"@type":"ListItem","@id":"https:\/\/www.encontrabelohorizonte.com.br\/sobre\/carnaval-de-bh-o-que-funcionou-em-2026-e-o-que-pode-melhorar\/#listItem","position":3,"name":"Carnaval de BH: o que funcionou em 2026 e o que pode melhorar","previousItem":{"@type":"ListItem","@id":"https:\/\/www.encontrabelohorizonte.com.br\/sobre\/noticias\/#listItem","name":"Not\u00edcias Belo Horizonte"}}]},{"@type":"Organization","@id":"https:\/\/www.encontrabelohorizonte.com.br\/sobre\/#organization","name":"Encontra Belo Horizonte","description":"Not\u00edcias, eventos, informa\u00e7\u00f5es e dicas da cidade de Belo Horizonte e regi\u00e3o","url":"https:\/\/www.encontrabelohorizonte.com.br\/sobre\/"},{"@type":"Person","@id":"https:\/\/www.encontrabelohorizonte.com.br\/sobre\/author\/ebelohorizonte\/#author","url":"https:\/\/www.encontrabelohorizonte.com.br\/sobre\/author\/ebelohorizonte\/","name":"Encontra Belo Horizonte","image":{"@type":"ImageObject","@id":"https:\/\/www.encontrabelohorizonte.com.br\/sobre\/carnaval-de-bh-o-que-funcionou-em-2026-e-o-que-pode-melhorar\/#authorImage","url":"https:\/\/secure.gravatar.com\/avatar\/507340682b8270222e1f208e23198b6ae7e2c6a1033ae84e99bc6bce4f82a387?s=96&d=mm&r=g","width":96,"height":96,"caption":"Encontra Belo Horizonte"}},{"@type":"WebPage","@id":"https:\/\/www.encontrabelohorizonte.com.br\/sobre\/carnaval-de-bh-o-que-funcionou-em-2026-e-o-que-pode-melhorar\/#webpage","url":"https:\/\/www.encontrabelohorizonte.com.br\/sobre\/carnaval-de-bh-o-que-funcionou-em-2026-e-o-que-pode-melhorar\/","name":"Carnaval de BH: o que funcionou em 2026 e o que pode melhorar | Encontra Belo Horizonte","description":"Carnaval de BH: o que funcionou e o que precisa ser melhorado em 2027.","inLanguage":"pt-BR","isPartOf":{"@id":"https:\/\/www.encontrabelohorizonte.com.br\/sobre\/#website"},"breadcrumb":{"@id":"https:\/\/www.encontrabelohorizonte.com.br\/sobre\/carnaval-de-bh-o-que-funcionou-em-2026-e-o-que-pode-melhorar\/#breadcrumblist"},"author":{"@id":"https:\/\/www.encontrabelohorizonte.com.br\/sobre\/author\/ebelohorizonte\/#author"},"creator":{"@id":"https:\/\/www.encontrabelohorizonte.com.br\/sobre\/author\/ebelohorizonte\/#author"},"image":{"@type":"ImageObject","url":"https:\/\/www.encontrabelohorizonte.com.br\/sobre\/wp-content\/uploads\/carnaval-de-bh-o-que-funcionou-em-2026-e-o-que-pode-melhorar.webp","@id":"https:\/\/www.encontrabelohorizonte.com.br\/sobre\/carnaval-de-bh-o-que-funcionou-em-2026-e-o-que-pode-melhorar\/#mainImage","width":280,"height":280,"caption":"Carnaval de BH"},"primaryImageOfPage":{"@id":"https:\/\/www.encontrabelohorizonte.com.br\/sobre\/carnaval-de-bh-o-que-funcionou-em-2026-e-o-que-pode-melhorar\/#mainImage"},"datePublished":"2026-02-20T05:17:56-03:00","dateModified":"2026-02-20T05:17:56-03:00"},{"@type":"WebSite","@id":"https:\/\/www.encontrabelohorizonte.com.br\/sobre\/#website","url":"https:\/\/www.encontrabelohorizonte.com.br\/sobre\/","name":"Encontra Belo Horizonte","description":"Not\u00edcias, eventos, informa\u00e7\u00f5es e dicas da cidade de Belo Horizonte e regi\u00e3o","inLanguage":"pt-BR","publisher":{"@id":"https:\/\/www.encontrabelohorizonte.com.br\/sobre\/#organization"}}]},"og:locale":"pt_BR","og:site_name":"Encontra Belo Horizonte | Not\u00edcias, eventos, informa\u00e7\u00f5es e dicas da cidade de Belo Horizonte e regi\u00e3o","og:type":"article","og:title":"Carnaval de BH: o que funcionou em 2026 e o que pode melhorar | Encontra Belo Horizonte","og:description":"Carnaval de BH: o que funcionou e o que precisa ser melhorado em 2027.","og:url":"https:\/\/www.encontrabelohorizonte.com.br\/sobre\/carnaval-de-bh-o-que-funcionou-em-2026-e-o-que-pode-melhorar\/","article:published_time":"2026-02-20T08:17:56+00:00","article:modified_time":"2026-02-20T08:17:56+00:00","twitter:card":"summary","twitter:title":"Carnaval de BH: o que funcionou em 2026 e o que pode melhorar | Encontra Belo Horizonte","twitter:description":"Carnaval de BH: o que funcionou e o que precisa ser melhorado em 2027."},"aioseo_meta_data":{"post_id":"3627","title":null,"description":null,"keywords":null,"keyphrases":null,"primary_term":null,"canonical_url":null,"og_title":null,"og_description":null,"og_object_type":"default","og_image_type":"default","og_image_url":null,"og_image_width":null,"og_image_height":null,"og_image_custom_url":null,"og_image_custom_fields":null,"og_video":null,"og_custom_url":null,"og_article_section":null,"og_article_tags":null,"twitter_use_og":false,"twitter_card":"default","twitter_image_type":"default","twitter_image_url":null,"twitter_image_custom_url":null,"twitter_image_custom_fields":null,"twitter_title":null,"twitter_description":null,"schema":{"blockGraphs":[],"customGraphs":[],"default":{"data":{"Article":[],"Course":[],"Dataset":[],"FAQPage":[],"Movie":[],"Person":[],"Product":[],"ProductReview":[],"Car":[],"Recipe":[],"Service":[],"SoftwareApplication":[],"WebPage":[]},"graphName":"WebPage","isEnabled":true},"graphs":[]},"schema_type":"default","schema_type_options":null,"pillar_content":false,"robots_default":true,"robots_noindex":false,"robots_noarchive":false,"robots_nosnippet":false,"robots_nofollow":false,"robots_noimageindex":false,"robots_noodp":false,"robots_notranslate":false,"robots_max_snippet":null,"robots_max_videopreview":null,"robots_max_imagepreview":"large","priority":null,"frequency":null,"local_seo":null,"breadcrumb_settings":null,"limit_modified_date":false,"ai":null,"created":"2026-02-20 08:18:00","updated":"2026-02-20 08:36:53","focus_keyword":null,"additional_keywords":null,"truseo_locale":null,"seo_analyzer_scan_date":null},"aioseo_breadcrumb":"<div class=\"aioseo-breadcrumbs\"><span class=\"aioseo-breadcrumb\">\n\t\t\t<a href=\"https:\/\/www.encontrabelohorizonte.com.br\/sobre\" title=\"In\u00edcio\">In\u00edcio<\/a>\n\t\t<\/span><span class=\"aioseo-breadcrumb-separator\">&raquo;<\/span><span class=\"aioseo-breadcrumb\">\n\t\t\t<a href=\"https:\/\/www.encontrabelohorizonte.com.br\/sobre\/noticias\/\" title=\"Not\u00edcias Belo Horizonte\">Not\u00edcias Belo Horizonte<\/a>\n\t\t<\/span><span class=\"aioseo-breadcrumb-separator\">&raquo;<\/span><span class=\"aioseo-breadcrumb\">\n\t\t\tCarnaval de BH: o que funcionou em 2026 e o que pode melhorar\n\t\t<\/span><\/div>","aioseo_breadcrumb_json":[{"label":"In\u00edcio","link":"https:\/\/www.encontrabelohorizonte.com.br\/sobre"},{"label":"Not\u00edcias Belo Horizonte","link":"https:\/\/www.encontrabelohorizonte.com.br\/sobre\/noticias\/"},{"label":"Carnaval de BH: o que funcionou em 2026 e o que pode melhorar","link":"https:\/\/www.encontrabelohorizonte.com.br\/sobre\/carnaval-de-bh-o-que-funcionou-em-2026-e-o-que-pode-melhorar\/"}],"_links":{"self":[{"href":"https:\/\/www.encontrabelohorizonte.com.br\/sobre\/wp-json\/wp\/v2\/posts\/3627","targetHints":{"allow":["GET"]}}],"collection":[{"href":"https:\/\/www.encontrabelohorizonte.com.br\/sobre\/wp-json\/wp\/v2\/posts"}],"about":[{"href":"https:\/\/www.encontrabelohorizonte.com.br\/sobre\/wp-json\/wp\/v2\/types\/post"}],"author":[{"embeddable":true,"href":"https:\/\/www.encontrabelohorizonte.com.br\/sobre\/wp-json\/wp\/v2\/users\/1"}],"replies":[{"embeddable":true,"href":"https:\/\/www.encontrabelohorizonte.com.br\/sobre\/wp-json\/wp\/v2\/comments?post=3627"}],"version-history":[{"count":0,"href":"https:\/\/www.encontrabelohorizonte.com.br\/sobre\/wp-json\/wp\/v2\/posts\/3627\/revisions"}],"wp:featuredmedia":[{"embeddable":true,"href":"https:\/\/www.encontrabelohorizonte.com.br\/sobre\/wp-json\/wp\/v2\/media\/3626"}],"wp:attachment":[{"href":"https:\/\/www.encontrabelohorizonte.com.br\/sobre\/wp-json\/wp\/v2\/media?parent=3627"}],"wp:term":[{"taxonomy":"category","embeddable":true,"href":"https:\/\/www.encontrabelohorizonte.com.br\/sobre\/wp-json\/wp\/v2\/categories?post=3627"},{"taxonomy":"post_tag","embeddable":true,"href":"https:\/\/www.encontrabelohorizonte.com.br\/sobre\/wp-json\/wp\/v2\/tags?post=3627"}],"curies":[{"name":"wp","href":"https:\/\/api.w.org\/{rel}","templated":true}]}}