{"id":366,"date":"2012-08-06T08:00:27","date_gmt":"2012-08-06T08:00:27","guid":{"rendered":"http:\/\/www.encontrabelohorizonte.com.br\/noticias\/?p=366"},"modified":"2019-04-12T18:36:35","modified_gmt":"2019-04-12T18:36:35","slug":"corrida-e-caminhada-esperanca-reune-milhares-de-pessoas-em-belo-horizonte","status":"publish","type":"post","link":"https:\/\/www.encontrabelohorizonte.com.br\/sobre\/corrida-e-caminhada-esperanca-reune-milhares-de-pessoas-em-belo-horizonte\/","title":{"rendered":"Corrida e Caminhada Esperan\u00e7a reune milhares de pessoas em Belo Horizonte"},"content":{"rendered":"<div class=\"2e083cf0b19e2c11948dc6ac054ba979\" data-index=\"1\" style=\"float: none; margin:0px;\">\n<!-- Anuncio display - global -->\r\n<ins class=\"adsbygoogle\"\r\n     style=\"display:block\"\r\n     data-ad-client=\"ca-pub-8585364105181520\"\r\n     data-ad-slot=\"8789329856\"\r\n     data-ad-format=\"auto\"\r\n     data-full-width-responsive=\"true\"><\/ins>\r\n<script>\r\n     (adsbygoogle = window.adsbygoogle || []).push({});\r\n<\/script>\n<\/div>\n<p>A Corrida e Caminhada Esperan\u00e7a reuniu milhares de pessoas neste domingo (5) na Lagoa da Pampulha, em Belo Horizonte. O evento misturou sa\u00fade e solidariedade. O dinheiro que foi arrecadado vai para o Projeto Crian\u00e7a Esperan\u00e7a. Neste s\u00e1bado (4), muita gente se preparou para enfrentar os cinco quil\u00f4metros pela orla.<\/p>\n<p>Na capital mineira, a largada ser\u00e1 na Pra\u00e7a da Pampulha, \u00e0s 8h. O evento vai acontecer, simultaneamente,\u00a0 em outras 11 cidades brasileiras.<\/p>\n<p>Al\u00e9m da capital mineira, as provas aconteceram nas cidades do Rio de Janeiro (RJ), Bel\u00e9m (PA), Bras\u00edlia (DF), Recife (PE), Salvador (BA), Fortaleza (CE), Porto Alegre (RS), Cuiab\u00e1 (MT), Goi\u00e2nia (GO), Curitiba (PR) e tamb\u00e9m na cidade de S\u00e3o Paulo (SP). Os hor\u00e1rios das largadas foram adequados \u00e0s caracter\u00edsticas de cada regi\u00e3o.<\/p>\n<p>A Corrida e Caminhada Esperan\u00e7a 2012 \u00e9 inspirada na \u201cFriendship Day\u201d, em Nova York. Segundo a organiza\u00e7\u00e3o do evento, a atividade \u00e9 um aquecimento para o grande show do Crian\u00e7a Esperan\u00e7a no Rio de Janeiro, no dia 18 de agosto. O Projeto Crian\u00e7a Esperan\u00e7a \u00e9 um programa da Rede Globo e da Organiza\u00e7\u00e3o das Na\u00e7\u00f5es Unidas para a Educa\u00e7\u00e3o, a Ci\u00eancia e a Cultura (Unesco).<\/p>\n<p><em>Fonte: G1<\/em><\/p>\n\n<div style=\"font-size: 0px; height: 0px; line-height: 0px; margin: 0; padding: 0; clear: both;\"><\/div>","protected":false},"excerpt":{"rendered":"<p>A Corrida e Caminhada Esperan\u00e7a reuniu milhares de pessoas neste domingo (5) na Lagoa da Pampulha, em Belo Horizonte. O evento misturou sa\u00fade e solidariedade. O dinheiro que foi arrecadado vai para o Projeto Crian\u00e7a Esperan\u00e7a. Neste s\u00e1bado (4), muita gente se preparou para enfrentar os cinco quil\u00f4metros pela orla. Na capital mineira, a largada ser\u00e1 na Pra\u00e7a da Pampulha, \u00e0s 8h. O evento vai acontecer, simultaneamente,\u00a0 em outras 11 cidades brasileiras. Al\u00e9m da capital mineira, as provas aconteceram nas cidades do Rio de Janeiro (RJ), Bel\u00e9m (PA), Bras\u00edlia (DF), Recife (PE), Salvador (BA), Fortaleza (CE), Porto Alegre (RS), Cuiab\u00e1 <\/p>\n","protected":false},"author":1,"featured_media":0,"comment_status":"open","ping_status":"closed","sticky":false,"template":"","format":"standard","meta":{"footnotes":""},"categories":[6],"tags":[],"class_list":["post-366","post","type-post","status-publish","format-standard","hentry","category-noticias"],"aioseo_notices":[],"aioseo_head":"\n\t\t<!-- All in One SEO 5.0.0.1 - aioseo.com -->\n\t<meta name=\"description\" content=\"A Corrida e Caminhada Esperan\u00e7a reuniu milhares de pessoas neste domingo (5) na Lagoa da Pampulha, em Belo Horizonte. O evento misturou sa\u00fade e solidariedade. O dinheiro que foi arrecadado vai para o Projeto Crian\u00e7a Esperan\u00e7a. Neste s\u00e1bado (4), muita gente se preparou para enfrentar os cinco quil\u00f4metros pela orla. Na capital mineira, a largada\" \/>\n\t<meta name=\"robots\" content=\"max-image-preview:large\" \/>\n\t<meta name=\"author\" content=\"Encontra Belo Horizonte\"\/>\n\t<link rel=\"canonical\" href=\"https:\/\/www.encontrabelohorizonte.com.br\/sobre\/corrida-e-caminhada-esperanca-reune-milhares-de-pessoas-em-belo-horizonte\/\" \/>\n\t<meta name=\"generator\" content=\"All in One SEO (AIOSEO) 5.0.0.1\" \/>\n\t\t<meta property=\"og:locale\" content=\"pt_BR\" \/>\n\t\t<meta property=\"og:site_name\" content=\"Encontra Belo Horizonte | Not\u00edcias, eventos, informa\u00e7\u00f5es e dicas da cidade de Belo Horizonte e regi\u00e3o\" \/>\n\t\t<meta property=\"og:type\" content=\"article\" \/>\n\t\t<meta property=\"og:title\" content=\"Corrida e Caminhada Esperan\u00e7a reune milhares de pessoas em Belo Horizonte | Encontra Belo Horizonte\" \/>\n\t\t<meta property=\"og:description\" content=\"A Corrida e Caminhada Esperan\u00e7a reuniu milhares de pessoas neste domingo (5) na Lagoa da Pampulha, em Belo Horizonte. O evento misturou sa\u00fade e solidariedade. O dinheiro que foi arrecadado vai para o Projeto Crian\u00e7a Esperan\u00e7a. Neste s\u00e1bado (4), muita gente se preparou para enfrentar os cinco quil\u00f4metros pela orla. Na capital mineira, a largada\" \/>\n\t\t<meta property=\"og:url\" content=\"https:\/\/www.encontrabelohorizonte.com.br\/sobre\/corrida-e-caminhada-esperanca-reune-milhares-de-pessoas-em-belo-horizonte\/\" \/>\n\t\t<meta property=\"article:published_time\" content=\"2012-08-06T08:00:27+00:00\" \/>\n\t\t<meta property=\"article:modified_time\" content=\"2019-04-12T18:36:35+00:00\" \/>\n\t\t<meta name=\"twitter:card\" content=\"summary\" \/>\n\t\t<meta name=\"twitter:title\" content=\"Corrida e Caminhada Esperan\u00e7a reune milhares de pessoas em Belo Horizonte | Encontra Belo Horizonte\" \/>\n\t\t<meta name=\"twitter:description\" content=\"A Corrida e Caminhada Esperan\u00e7a reuniu milhares de pessoas neste domingo (5) na Lagoa da Pampulha, em Belo Horizonte. O evento misturou sa\u00fade e solidariedade. O dinheiro que foi arrecadado vai para o Projeto Crian\u00e7a Esperan\u00e7a. Neste s\u00e1bado (4), muita gente se preparou para enfrentar os cinco quil\u00f4metros pela orla. Na capital mineira, a largada\" \/>\n\t\t<script type=\"application\/ld+json\" class=\"aioseo-schema\">\n\t\t\t{\"@context\":\"https:\\\/\\\/schema.org\",\"@graph\":[{\"@type\":\"Article\",\"@id\":\"https:\\\/\\\/www.encontrabelohorizonte.com.br\\\/sobre\\\/corrida-e-caminhada-esperanca-reune-milhares-de-pessoas-em-belo-horizonte\\\/#article\",\"name\":\"Corrida e Caminhada Esperan\\u00e7a reune milhares de pessoas em Belo Horizonte | Encontra Belo Horizonte\",\"headline\":\"Corrida e Caminhada Esperan\\u00e7a reune milhares de pessoas em Belo Horizonte\",\"author\":{\"@id\":\"https:\\\/\\\/www.encontrabelohorizonte.com.br\\\/sobre\\\/author\\\/ebelohorizonte\\\/#author\"},\"publisher\":{\"@id\":\"https:\\\/\\\/www.encontrabelohorizonte.com.br\\\/sobre\\\/#organization\"},\"datePublished\":\"2012-08-06T08:00:27-03:00\",\"dateModified\":\"2019-04-12T18:36:35-03:00\",\"inLanguage\":\"pt-BR\",\"mainEntityOfPage\":{\"@id\":\"https:\\\/\\\/www.encontrabelohorizonte.com.br\\\/sobre\\\/corrida-e-caminhada-esperanca-reune-milhares-de-pessoas-em-belo-horizonte\\\/#webpage\"},\"isPartOf\":{\"@id\":\"https:\\\/\\\/www.encontrabelohorizonte.com.br\\\/sobre\\\/corrida-e-caminhada-esperanca-reune-milhares-de-pessoas-em-belo-horizonte\\\/#webpage\"},\"articleSection\":\"Not\\u00edcias Belo Horizonte\"},{\"@type\":\"BreadcrumbList\",\"@id\":\"https:\\\/\\\/www.encontrabelohorizonte.com.br\\\/sobre\\\/corrida-e-caminhada-esperanca-reune-milhares-de-pessoas-em-belo-horizonte\\\/#breadcrumblist\",\"itemListElement\":[{\"@type\":\"ListItem\",\"@id\":\"https:\\\/\\\/www.encontrabelohorizonte.com.br\\\/sobre#listItem\",\"position\":1,\"name\":\"In\\u00edcio\",\"item\":\"https:\\\/\\\/www.encontrabelohorizonte.com.br\\\/sobre\",\"nextItem\":{\"@type\":\"ListItem\",\"@id\":\"https:\\\/\\\/www.encontrabelohorizonte.com.br\\\/sobre\\\/noticias\\\/#listItem\",\"name\":\"Not\\u00edcias Belo Horizonte\"}},{\"@type\":\"ListItem\",\"@id\":\"https:\\\/\\\/www.encontrabelohorizonte.com.br\\\/sobre\\\/noticias\\\/#listItem\",\"position\":2,\"name\":\"Not\\u00edcias Belo Horizonte\",\"item\":\"https:\\\/\\\/www.encontrabelohorizonte.com.br\\\/sobre\\\/noticias\\\/\",\"nextItem\":{\"@type\":\"ListItem\",\"@id\":\"https:\\\/\\\/www.encontrabelohorizonte.com.br\\\/sobre\\\/corrida-e-caminhada-esperanca-reune-milhares-de-pessoas-em-belo-horizonte\\\/#listItem\",\"name\":\"Corrida e Caminhada Esperan\\u00e7a reune milhares de pessoas em Belo Horizonte\"},\"previousItem\":{\"@type\":\"ListItem\",\"@id\":\"https:\\\/\\\/www.encontrabelohorizonte.com.br\\\/sobre#listItem\",\"name\":\"In\\u00edcio\"}},{\"@type\":\"ListItem\",\"@id\":\"https:\\\/\\\/www.encontrabelohorizonte.com.br\\\/sobre\\\/corrida-e-caminhada-esperanca-reune-milhares-de-pessoas-em-belo-horizonte\\\/#listItem\",\"position\":3,\"name\":\"Corrida e Caminhada Esperan\\u00e7a reune milhares de pessoas em Belo Horizonte\",\"previousItem\":{\"@type\":\"ListItem\",\"@id\":\"https:\\\/\\\/www.encontrabelohorizonte.com.br\\\/sobre\\\/noticias\\\/#listItem\",\"name\":\"Not\\u00edcias Belo Horizonte\"}}]},{\"@type\":\"Organization\",\"@id\":\"https:\\\/\\\/www.encontrabelohorizonte.com.br\\\/sobre\\\/#organization\",\"name\":\"Encontra Belo Horizonte\",\"description\":\"Not\\u00edcias, eventos, informa\\u00e7\\u00f5es e dicas da cidade de Belo Horizonte e regi\\u00e3o\",\"url\":\"https:\\\/\\\/www.encontrabelohorizonte.com.br\\\/sobre\\\/\"},{\"@type\":\"Person\",\"@id\":\"https:\\\/\\\/www.encontrabelohorizonte.com.br\\\/sobre\\\/author\\\/ebelohorizonte\\\/#author\",\"url\":\"https:\\\/\\\/www.encontrabelohorizonte.com.br\\\/sobre\\\/author\\\/ebelohorizonte\\\/\",\"name\":\"Encontra Belo Horizonte\",\"image\":{\"@type\":\"ImageObject\",\"@id\":\"https:\\\/\\\/www.encontrabelohorizonte.com.br\\\/sobre\\\/corrida-e-caminhada-esperanca-reune-milhares-de-pessoas-em-belo-horizonte\\\/#authorImage\",\"url\":\"https:\\\/\\\/secure.gravatar.com\\\/avatar\\\/507340682b8270222e1f208e23198b6ae7e2c6a1033ae84e99bc6bce4f82a387?s=96&d=mm&r=g\",\"width\":96,\"height\":96,\"caption\":\"Encontra Belo Horizonte\"}},{\"@type\":\"WebPage\",\"@id\":\"https:\\\/\\\/www.encontrabelohorizonte.com.br\\\/sobre\\\/corrida-e-caminhada-esperanca-reune-milhares-de-pessoas-em-belo-horizonte\\\/#webpage\",\"url\":\"https:\\\/\\\/www.encontrabelohorizonte.com.br\\\/sobre\\\/corrida-e-caminhada-esperanca-reune-milhares-de-pessoas-em-belo-horizonte\\\/\",\"name\":\"Corrida e Caminhada Esperan\\u00e7a reune milhares de pessoas em Belo Horizonte | Encontra Belo Horizonte\",\"description\":\"A Corrida e Caminhada Esperan\\u00e7a reuniu milhares de pessoas neste domingo (5) na Lagoa da Pampulha, em Belo Horizonte. O evento misturou sa\\u00fade e solidariedade. O dinheiro que foi arrecadado vai para o Projeto Crian\\u00e7a Esperan\\u00e7a. Neste s\\u00e1bado (4), muita gente se preparou para enfrentar os cinco quil\\u00f4metros pela orla. Na capital mineira, a largada\",\"inLanguage\":\"pt-BR\",\"isPartOf\":{\"@id\":\"https:\\\/\\\/www.encontrabelohorizonte.com.br\\\/sobre\\\/#website\"},\"breadcrumb\":{\"@id\":\"https:\\\/\\\/www.encontrabelohorizonte.com.br\\\/sobre\\\/corrida-e-caminhada-esperanca-reune-milhares-de-pessoas-em-belo-horizonte\\\/#breadcrumblist\"},\"author\":{\"@id\":\"https:\\\/\\\/www.encontrabelohorizonte.com.br\\\/sobre\\\/author\\\/ebelohorizonte\\\/#author\"},\"creator\":{\"@id\":\"https:\\\/\\\/www.encontrabelohorizonte.com.br\\\/sobre\\\/author\\\/ebelohorizonte\\\/#author\"},\"datePublished\":\"2012-08-06T08:00:27-03:00\",\"dateModified\":\"2019-04-12T18:36:35-03:00\"},{\"@type\":\"WebSite\",\"@id\":\"https:\\\/\\\/www.encontrabelohorizonte.com.br\\\/sobre\\\/#website\",\"url\":\"https:\\\/\\\/www.encontrabelohorizonte.com.br\\\/sobre\\\/\",\"name\":\"Encontra Belo Horizonte\",\"description\":\"Not\\u00edcias, eventos, informa\\u00e7\\u00f5es e dicas da cidade de Belo Horizonte e regi\\u00e3o\",\"inLanguage\":\"pt-BR\",\"publisher\":{\"@id\":\"https:\\\/\\\/www.encontrabelohorizonte.com.br\\\/sobre\\\/#organization\"}}]}\n\t\t<\/script>\n\t\t<!-- All in One SEO -->\n\n","aioseo_head_json":{"title":"Corrida e Caminhada Esperan\u00e7a reune milhares de pessoas em Belo Horizonte | Encontra Belo Horizonte","description":"A Corrida e Caminhada Esperan\u00e7a reuniu milhares de pessoas neste domingo (5) na Lagoa da Pampulha, em Belo Horizonte. O evento misturou sa\u00fade e solidariedade. O dinheiro que foi arrecadado vai para o Projeto Crian\u00e7a Esperan\u00e7a. Neste s\u00e1bado (4), muita gente se preparou para enfrentar os cinco quil\u00f4metros pela orla. Na capital mineira, a largada","canonical_url":"https:\/\/www.encontrabelohorizonte.com.br\/sobre\/corrida-e-caminhada-esperanca-reune-milhares-de-pessoas-em-belo-horizonte\/","robots":"max-image-preview:large","keywords":"","webmasterTools":{"miscellaneous":""},"schema":{"@context":"https:\/\/schema.org","@graph":[{"@type":"Article","@id":"https:\/\/www.encontrabelohorizonte.com.br\/sobre\/corrida-e-caminhada-esperanca-reune-milhares-de-pessoas-em-belo-horizonte\/#article","name":"Corrida e Caminhada Esperan\u00e7a reune milhares de pessoas em Belo Horizonte | Encontra Belo Horizonte","headline":"Corrida e Caminhada Esperan\u00e7a reune milhares de pessoas em Belo Horizonte","author":{"@id":"https:\/\/www.encontrabelohorizonte.com.br\/sobre\/author\/ebelohorizonte\/#author"},"publisher":{"@id":"https:\/\/www.encontrabelohorizonte.com.br\/sobre\/#organization"},"datePublished":"2012-08-06T08:00:27-03:00","dateModified":"2019-04-12T18:36:35-03:00","inLanguage":"pt-BR","mainEntityOfPage":{"@id":"https:\/\/www.encontrabelohorizonte.com.br\/sobre\/corrida-e-caminhada-esperanca-reune-milhares-de-pessoas-em-belo-horizonte\/#webpage"},"isPartOf":{"@id":"https:\/\/www.encontrabelohorizonte.com.br\/sobre\/corrida-e-caminhada-esperanca-reune-milhares-de-pessoas-em-belo-horizonte\/#webpage"},"articleSection":"Not\u00edcias Belo Horizonte"},{"@type":"BreadcrumbList","@id":"https:\/\/www.encontrabelohorizonte.com.br\/sobre\/corrida-e-caminhada-esperanca-reune-milhares-de-pessoas-em-belo-horizonte\/#breadcrumblist","itemListElement":[{"@type":"ListItem","@id":"https:\/\/www.encontrabelohorizonte.com.br\/sobre#listItem","position":1,"name":"In\u00edcio","item":"https:\/\/www.encontrabelohorizonte.com.br\/sobre","nextItem":{"@type":"ListItem","@id":"https:\/\/www.encontrabelohorizonte.com.br\/sobre\/noticias\/#listItem","name":"Not\u00edcias Belo Horizonte"}},{"@type":"ListItem","@id":"https:\/\/www.encontrabelohorizonte.com.br\/sobre\/noticias\/#listItem","position":2,"name":"Not\u00edcias Belo Horizonte","item":"https:\/\/www.encontrabelohorizonte.com.br\/sobre\/noticias\/","nextItem":{"@type":"ListItem","@id":"https:\/\/www.encontrabelohorizonte.com.br\/sobre\/corrida-e-caminhada-esperanca-reune-milhares-de-pessoas-em-belo-horizonte\/#listItem","name":"Corrida e Caminhada Esperan\u00e7a reune milhares de pessoas em Belo Horizonte"},"previousItem":{"@type":"ListItem","@id":"https:\/\/www.encontrabelohorizonte.com.br\/sobre#listItem","name":"In\u00edcio"}},{"@type":"ListItem","@id":"https:\/\/www.encontrabelohorizonte.com.br\/sobre\/corrida-e-caminhada-esperanca-reune-milhares-de-pessoas-em-belo-horizonte\/#listItem","position":3,"name":"Corrida e Caminhada Esperan\u00e7a reune milhares de pessoas em Belo Horizonte","previousItem":{"@type":"ListItem","@id":"https:\/\/www.encontrabelohorizonte.com.br\/sobre\/noticias\/#listItem","name":"Not\u00edcias Belo Horizonte"}}]},{"@type":"Organization","@id":"https:\/\/www.encontrabelohorizonte.com.br\/sobre\/#organization","name":"Encontra Belo Horizonte","description":"Not\u00edcias, eventos, informa\u00e7\u00f5es e dicas da cidade de Belo Horizonte e regi\u00e3o","url":"https:\/\/www.encontrabelohorizonte.com.br\/sobre\/"},{"@type":"Person","@id":"https:\/\/www.encontrabelohorizonte.com.br\/sobre\/author\/ebelohorizonte\/#author","url":"https:\/\/www.encontrabelohorizonte.com.br\/sobre\/author\/ebelohorizonte\/","name":"Encontra Belo Horizonte","image":{"@type":"ImageObject","@id":"https:\/\/www.encontrabelohorizonte.com.br\/sobre\/corrida-e-caminhada-esperanca-reune-milhares-de-pessoas-em-belo-horizonte\/#authorImage","url":"https:\/\/secure.gravatar.com\/avatar\/507340682b8270222e1f208e23198b6ae7e2c6a1033ae84e99bc6bce4f82a387?s=96&d=mm&r=g","width":96,"height":96,"caption":"Encontra Belo Horizonte"}},{"@type":"WebPage","@id":"https:\/\/www.encontrabelohorizonte.com.br\/sobre\/corrida-e-caminhada-esperanca-reune-milhares-de-pessoas-em-belo-horizonte\/#webpage","url":"https:\/\/www.encontrabelohorizonte.com.br\/sobre\/corrida-e-caminhada-esperanca-reune-milhares-de-pessoas-em-belo-horizonte\/","name":"Corrida e Caminhada Esperan\u00e7a reune milhares de pessoas em Belo Horizonte | Encontra Belo Horizonte","description":"A Corrida e Caminhada Esperan\u00e7a reuniu milhares de pessoas neste domingo (5) na Lagoa da Pampulha, em Belo Horizonte. O evento misturou sa\u00fade e solidariedade. O dinheiro que foi arrecadado vai para o Projeto Crian\u00e7a Esperan\u00e7a. Neste s\u00e1bado (4), muita gente se preparou para enfrentar os cinco quil\u00f4metros pela orla. Na capital mineira, a largada","inLanguage":"pt-BR","isPartOf":{"@id":"https:\/\/www.encontrabelohorizonte.com.br\/sobre\/#website"},"breadcrumb":{"@id":"https:\/\/www.encontrabelohorizonte.com.br\/sobre\/corrida-e-caminhada-esperanca-reune-milhares-de-pessoas-em-belo-horizonte\/#breadcrumblist"},"author":{"@id":"https:\/\/www.encontrabelohorizonte.com.br\/sobre\/author\/ebelohorizonte\/#author"},"creator":{"@id":"https:\/\/www.encontrabelohorizonte.com.br\/sobre\/author\/ebelohorizonte\/#author"},"datePublished":"2012-08-06T08:00:27-03:00","dateModified":"2019-04-12T18:36:35-03:00"},{"@type":"WebSite","@id":"https:\/\/www.encontrabelohorizonte.com.br\/sobre\/#website","url":"https:\/\/www.encontrabelohorizonte.com.br\/sobre\/","name":"Encontra Belo Horizonte","description":"Not\u00edcias, eventos, informa\u00e7\u00f5es e dicas da cidade de Belo Horizonte e regi\u00e3o","inLanguage":"pt-BR","publisher":{"@id":"https:\/\/www.encontrabelohorizonte.com.br\/sobre\/#organization"}}]},"og:locale":"pt_BR","og:site_name":"Encontra Belo Horizonte | Not\u00edcias, eventos, informa\u00e7\u00f5es e dicas da cidade de Belo Horizonte e regi\u00e3o","og:type":"article","og:title":"Corrida e Caminhada Esperan\u00e7a reune milhares de pessoas em Belo Horizonte | Encontra Belo Horizonte","og:description":"A Corrida e Caminhada Esperan\u00e7a reuniu milhares de pessoas neste domingo (5) na Lagoa da Pampulha, em Belo Horizonte. O evento misturou sa\u00fade e solidariedade. O dinheiro que foi arrecadado vai para o Projeto Crian\u00e7a Esperan\u00e7a. Neste s\u00e1bado (4), muita gente se preparou para enfrentar os cinco quil\u00f4metros pela orla. Na capital mineira, a largada","og:url":"https:\/\/www.encontrabelohorizonte.com.br\/sobre\/corrida-e-caminhada-esperanca-reune-milhares-de-pessoas-em-belo-horizonte\/","article:published_time":"2012-08-06T08:00:27+00:00","article:modified_time":"2019-04-12T18:36:35+00:00","twitter:card":"summary","twitter:title":"Corrida e Caminhada Esperan\u00e7a reune milhares de pessoas em Belo Horizonte | Encontra Belo Horizonte","twitter:description":"A Corrida e Caminhada Esperan\u00e7a reuniu milhares de pessoas neste domingo (5) na Lagoa da Pampulha, em Belo Horizonte. O evento misturou sa\u00fade e solidariedade. O dinheiro que foi arrecadado vai para o Projeto Crian\u00e7a Esperan\u00e7a. Neste s\u00e1bado (4), muita gente se preparou para enfrentar os cinco quil\u00f4metros pela orla. Na capital mineira, a largada"},"aioseo_meta_data":{"post_id":"366","title":null,"description":null,"keywords":null,"keyphrases":null,"primary_term":null,"canonical_url":null,"og_title":null,"og_description":null,"og_object_type":"default","og_image_type":"default","og_image_url":null,"og_image_width":null,"og_image_height":null,"og_image_custom_url":null,"og_image_custom_fields":null,"og_video":null,"og_custom_url":null,"og_article_section":null,"og_article_tags":null,"twitter_use_og":false,"twitter_card":"default","twitter_image_type":"default","twitter_image_url":null,"twitter_image_custom_url":null,"twitter_image_custom_fields":null,"twitter_title":null,"twitter_description":null,"schema":{"blockGraphs":[],"customGraphs":[],"default":{"data":{"Article":[],"Course":[],"Dataset":[],"FAQPage":[],"Movie":[],"Person":[],"Product":[],"ProductReview":[],"Car":[],"Recipe":[],"Service":[],"SoftwareApplication":[],"WebPage":[]},"graphName":"Article","isEnabled":true},"graphs":[]},"schema_type":null,"schema_type_options":null,"pillar_content":false,"robots_default":true,"robots_noindex":false,"robots_noarchive":false,"robots_nosnippet":false,"robots_nofollow":false,"robots_noimageindex":false,"robots_noodp":false,"robots_notranslate":false,"robots_max_snippet":null,"robots_max_videopreview":null,"robots_max_imagepreview":"large","priority":null,"frequency":null,"local_seo":null,"breadcrumb_settings":null,"limit_modified_date":false,"ai":null,"created":"2022-01-19 14:24:42","updated":"2025-09-27 00:56:16","focus_keyword":null,"additional_keywords":null,"truseo_locale":null,"seo_analyzer_scan_date":null},"aioseo_breadcrumb":"<div class=\"aioseo-breadcrumbs\"><span class=\"aioseo-breadcrumb\">\n\t\t\t<a href=\"https:\/\/www.encontrabelohorizonte.com.br\/sobre\" title=\"In\u00edcio\">In\u00edcio<\/a>\n\t\t<\/span><span class=\"aioseo-breadcrumb-separator\">&raquo;<\/span><span class=\"aioseo-breadcrumb\">\n\t\t\t<a href=\"https:\/\/www.encontrabelohorizonte.com.br\/sobre\/noticias\/\" title=\"Not\u00edcias Belo Horizonte\">Not\u00edcias Belo Horizonte<\/a>\n\t\t<\/span><span class=\"aioseo-breadcrumb-separator\">&raquo;<\/span><span class=\"aioseo-breadcrumb\">\n\t\t\tCorrida e Caminhada Esperan\u00e7a reune milhares de pessoas em Belo Horizonte\n\t\t<\/span><\/div>","aioseo_breadcrumb_json":[{"label":"In\u00edcio","link":"https:\/\/www.encontrabelohorizonte.com.br\/sobre"},{"label":"Not\u00edcias Belo Horizonte","link":"https:\/\/www.encontrabelohorizonte.com.br\/sobre\/noticias\/"},{"label":"Corrida e Caminhada Esperan\u00e7a reune milhares de pessoas em Belo Horizonte","link":"https:\/\/www.encontrabelohorizonte.com.br\/sobre\/corrida-e-caminhada-esperanca-reune-milhares-de-pessoas-em-belo-horizonte\/"}],"_links":{"self":[{"href":"https:\/\/www.encontrabelohorizonte.com.br\/sobre\/wp-json\/wp\/v2\/posts\/366","targetHints":{"allow":["GET"]}}],"collection":[{"href":"https:\/\/www.encontrabelohorizonte.com.br\/sobre\/wp-json\/wp\/v2\/posts"}],"about":[{"href":"https:\/\/www.encontrabelohorizonte.com.br\/sobre\/wp-json\/wp\/v2\/types\/post"}],"author":[{"embeddable":true,"href":"https:\/\/www.encontrabelohorizonte.com.br\/sobre\/wp-json\/wp\/v2\/users\/1"}],"replies":[{"embeddable":true,"href":"https:\/\/www.encontrabelohorizonte.com.br\/sobre\/wp-json\/wp\/v2\/comments?post=366"}],"version-history":[{"count":0,"href":"https:\/\/www.encontrabelohorizonte.com.br\/sobre\/wp-json\/wp\/v2\/posts\/366\/revisions"}],"wp:attachment":[{"href":"https:\/\/www.encontrabelohorizonte.com.br\/sobre\/wp-json\/wp\/v2\/media?parent=366"}],"wp:term":[{"taxonomy":"category","embeddable":true,"href":"https:\/\/www.encontrabelohorizonte.com.br\/sobre\/wp-json\/wp\/v2\/categories?post=366"},{"taxonomy":"post_tag","embeddable":true,"href":"https:\/\/www.encontrabelohorizonte.com.br\/sobre\/wp-json\/wp\/v2\/tags?post=366"}],"curies":[{"name":"wp","href":"https:\/\/api.w.org\/{rel}","templated":true}]}}