{"id":3667,"date":"2026-02-28T05:16:58","date_gmt":"2026-02-28T08:16:58","guid":{"rendered":"https:\/\/www.encontrabelohorizonte.com.br\/sobre\/mg-manifestacao-em-belo-horizonte-denuncia-imperialismo-ianque-e-sua-agressao-a-venezuela\/"},"modified":"2026-02-28T05:16:58","modified_gmt":"2026-02-28T08:16:58","slug":"mg-manifestacao-em-belo-horizonte-denuncia-imperialismo-ianque-e-sua-agressao-a-venezuela","status":"publish","type":"post","link":"https:\/\/www.encontrabelohorizonte.com.br\/sobre\/mg-manifestacao-em-belo-horizonte-denuncia-imperialismo-ianque-e-sua-agressao-a-venezuela\/","title":{"rendered":"MG: Manifesta\u00e7\u00e3o em Belo Horizonte denuncia imperialismo ianque e sua agress\u00e3o \u00e0 Venezuela"},"content":{"rendered":"<div class=\"2e083cf0b19e2c11948dc6ac054ba979\" data-index=\"1\" style=\"float: none; margin:0px;\">\n<!-- Anuncio display - global -->\r\n<ins class=\"adsbygoogle\"\r\n     style=\"display:block\"\r\n     data-ad-client=\"ca-pub-8585364105181520\"\r\n     data-ad-slot=\"8789329856\"\r\n     data-ad-format=\"auto\"\r\n     data-full-width-responsive=\"true\"><\/ins>\r\n<script>\r\n     (adsbygoogle = window.adsbygoogle || []).push({});\r\n<\/script>\n<\/div>\n<h2>Ato de Solidariedade ao Povo Venezuelano<\/h2>\n<p>No \u00faltimo dia 3 de fevereiro de 2026, uma manifesta\u00e7\u00e3o significativa ocorreu em Belo Horizonte, convocada pela Liga Anti-Imperialista. O evento teve como objetivo expressar apoio ao povo da Venezuela frente \u00e0s agress\u00f5es imperialistas, em particular \u00e0s destinadas pelo governo dos Estados Unidos. O ato reuniu ativistas que, sob a forte chuva, se solidarizaram com a luta do povo venezuelano, ao mesmo tempo em que levantaram bandeiras de outras na\u00e7\u00f5es sob ataque, como a Palestina.<\/p>\n<h2>Desafios do Imperialismo Ianque<\/h2>\n<p>Durante o evento, os participantes se concentraram em criticar a pol\u00edtica intervencionista dos Estados Unidos. Os oradores ressaltaram que as a\u00e7\u00f5es imperialistas n\u00e3o se restringem apenas \u00e0 Venezuela, mas se estendem a diversas na\u00e7\u00f5es que enfrentam os interesses expansionistas da pot\u00eancia norte-americana. Com base em exemplos recentes, como as interven\u00e7\u00f5es no Ir\u00e3 e o genoc\u00eddio em Gaza, a manifesta\u00e7\u00e3o visou conscientizar sobre os perigos que o imperialismo representa para os povos do mundo.<\/p>\n<h2>A Resposta das Massas Populares<\/h2>\n<p>A resposta das massas populares foi not\u00e1vel, com muitos trabalhadores e cidad\u00e3os expressando apoio. V\u00e1rios discursos foram feitos, onde a indigna\u00e7\u00e3o com as pr\u00e1ticas imperialistas ficou evidente. O p\u00fablico presente demonstrou um sentimento de unidade e resist\u00eancia, reconhecendo a necessidade de se opor a qualquer tentativa de interven\u00e7\u00e3o externa. O apoio m\u00fatuo entre os povos foi destacado como uma ferramenta essencial para a luta contra o colonialismo e a explora\u00e7\u00e3o.<\/p>\n<p><img decoding=\"async\" src=\"https:\/\/www.encontrabelohorizonte.com.br\/sobre\/wp-content\/uploads\/mg-manifestacao-em-belo-horizonte-denuncia-imperialismo-ianque-e-sua-agressao-a-venezuela.webp\" alt=\"manifesta\u00e7\u00e3o em Belo Horizonte\" loading=\"lazy\" \/><\/p>\n<h2>Manifesta\u00e7\u00e3o Sob a Chuva<\/h2>\n<p>Apesar das fortes chuvas que ca\u00edam sobre Belo Horizonte, os manifestantes se mostraram determinados. Com faixas vermelhas e bandeiras da Venezuela, da Palestina e da Liga Anti-Imperialista, eles realizaram interven\u00e7\u00f5es nas ruas, distribuindo panfletos e iniciando di\u00e1logos com pedestres. O clima adverso n\u00e3o desmotivou os ativistas; pelo contr\u00e1rio, a solidariedade e a coragem se tornaram ainda mais evidentes sob a chuva.<\/p>\n<h2>Panfletagem e Conscientiza\u00e7\u00e3o<\/h2>\n<p>A panfletagem foi uma parte crucial da manifesta\u00e7\u00e3o, com o \u00faltimo editorial do jornal **A Nova Democracia**, intitulado &#8220;S\u00f3 h\u00e1 um \u00fanico caminho para a soberania da Venezuela e seu povo&#8221;, sendo amplamente disseminado. Os panfletos continham informa\u00e7\u00f5es sobre a situa\u00e7\u00e3o atual da Venezuela e destacavam a import\u00e2ncia da solidariedade internacional. Os manifestantes foram bem recebidos por muitos trabalhadores, que demonstraram empatia e compreens\u00e3o da luta da Venezuela, reconhecendo a necessidade de internacionalismo.<\/p>\n<h2>Palavras de Apoio de Trabalhadores<\/h2>\n<p>Durante a manifesta\u00e7\u00e3o, diversas vozes se levantaram em apoio \u00e0 causa. Um trabalhador compartilhou sua preocupa\u00e7\u00e3o sobre a influencia da CIA em v\u00e1rias esferas da sociedade, enfatizando a necessidade de resist\u00eancia. Outro cidad\u00e3o disse, mesmo manifestando diverg\u00eancias em sa\u00fade sobre o governo de Maduro: &#8220;Ningu\u00e9m pode se achar no direito de invadir o pa\u00eds alheio. Ningu\u00e9m \u00e9 dono do mundo&#8221;. Essas declara\u00e7\u00f5es evidenciaram que, independentemente de posi\u00e7\u00f5es pol\u00edticas individuais, o apoio \u00e0 soberania venezuelana era uma quest\u00e3o compartilhada.<\/p>\n<h2>O Papel da Liga Anti-Imperialista<\/h2>\n<p>A Liga Anti-Imperialista desempenhou um papel fundamental na organiza\u00e7\u00e3o deste ato, unindo diferentes segmentos da sociedade em torno da luta contra o imperialismo. O chamado \u00e0 mobiliza\u00e7\u00e3o teatralizou a urg\u00eancia da quest\u00e3o. A Liga se dedica a conscientizar as massas sobre os perigos da interven\u00e7\u00e3o externa e a import\u00e2ncia de uma resist\u00eancia coletiva e organizada.<\/p>\n<h2>Cen\u00e1rio Atual da Luta Anti-Imperialista<\/h2>\n<p>O contexto internacional atual est\u00e1 repleto de tens\u00f5es. As interven\u00e7\u00f5es imperialistas continuam a amea\u00e7ar a soberania de v\u00e1rias na\u00e7\u00f5es. O ato em Belo Horizonte \u00e9 um reflexo do crescente descontentamento global contra tais a\u00e7\u00f5es. A luta pela autodetermina\u00e7\u00e3o dos povos \u00e9 mais pertinente do que nunca, e eventos como o de Belo Horizonte s\u00e3o fundamentais para fortalecer a resist\u00eancia e reter a aten\u00e7\u00e3o do p\u00fablico sobre as injusti\u00e7as cometidas ao redor do mundo.<\/p>\n<h2>Internacionalismo entre os Povos<\/h2>\n<p>A solidariedade ao povo venezuelano na manifesta\u00e7\u00e3o \u00e9 um exemplo claro de como os povos podem se unir. A luta contra o imperialismo \u00e9 uma luta global que requer a uni\u00e3o de for\u00e7as. \u00c9 necess\u00e1rio fomentar um internacionalismo ativo, onde na\u00e7\u00f5es oprimidas se apoiarem mutuamente para resistir \u00e0s amea\u00e7as externas e aos interesses imperialistas que buscam desestabilizar suas sociedades.<\/p>\n<h2>A Nova Democracia e o Apoio \u00e0 Luta<\/h2>\n<p>O jornal **A Nova Democracia**, ao longo de seus mais de 20 anos, tem sido um aliado da luta dos oprimidos. Com uma linha editorial focando em questionar e desafiar as narrativas predominantemente favor\u00e1veis \u00e0s classes dominantes, continua a resistir e informar. O apoio de leitores oper\u00e1rios, camponeses e estudantes \u00e9 crucial para a manuten\u00e7\u00e3o dessa voz independente e comprometida com a verdade. A urg\u00eancia do apoio se faz presente, e a mobiliza\u00e7\u00e3o comunit\u00e1ria \u00e9 essencial para garantir que esses espa\u00e7os de resist\u00eancia e informa\u00e7\u00e3o permane\u00e7am ativos.<\/p>\n\n<div style=\"font-size: 0px; height: 0px; line-height: 0px; margin: 0; padding: 0; clear: both;\"><\/div>","protected":false},"excerpt":{"rendered":"<p>MG: Manifesta\u00e7\u00e3o em Belo Horizonte destaca a luta anti-imperialista pela Venezuela.<\/p>\n","protected":false},"author":1,"featured_media":3666,"comment_status":"closed","ping_status":"closed","sticky":false,"template":"","format":"standard","meta":{"footnotes":""},"categories":[6],"tags":[],"class_list":["post-3667","post","type-post","status-publish","format-standard","has-post-thumbnail","hentry","category-noticias","has_thumb"],"aioseo_notices":[],"aioseo_head":"\n\t\t<!-- All in One SEO 5.0.0.1 - aioseo.com -->\n\t<meta name=\"description\" content=\"MG: Manifesta\u00e7\u00e3o em Belo Horizonte destaca a luta anti-imperialista pela Venezuela.\" \/>\n\t<meta name=\"robots\" content=\"max-image-preview:large\" \/>\n\t<meta name=\"author\" content=\"Encontra Belo Horizonte\"\/>\n\t<link rel=\"canonical\" href=\"https:\/\/www.encontrabelohorizonte.com.br\/sobre\/mg-manifestacao-em-belo-horizonte-denuncia-imperialismo-ianque-e-sua-agressao-a-venezuela\/\" \/>\n\t<meta name=\"generator\" content=\"All in One SEO (AIOSEO) 5.0.0.1\" \/>\n\t\t<meta property=\"og:locale\" content=\"pt_BR\" \/>\n\t\t<meta property=\"og:site_name\" content=\"Encontra Belo Horizonte | Not\u00edcias, eventos, informa\u00e7\u00f5es e dicas da cidade de Belo Horizonte e regi\u00e3o\" \/>\n\t\t<meta property=\"og:type\" content=\"article\" \/>\n\t\t<meta property=\"og:title\" content=\"MG: Manifesta\u00e7\u00e3o em Belo Horizonte denuncia imperialismo ianque e sua agress\u00e3o \u00e0 Venezuela | Encontra Belo Horizonte\" \/>\n\t\t<meta property=\"og:description\" content=\"MG: Manifesta\u00e7\u00e3o em Belo Horizonte destaca a luta anti-imperialista pela Venezuela.\" \/>\n\t\t<meta property=\"og:url\" content=\"https:\/\/www.encontrabelohorizonte.com.br\/sobre\/mg-manifestacao-em-belo-horizonte-denuncia-imperialismo-ianque-e-sua-agressao-a-venezuela\/\" \/>\n\t\t<meta property=\"article:published_time\" content=\"2026-02-28T08:16:58+00:00\" \/>\n\t\t<meta property=\"article:modified_time\" content=\"2026-02-28T08:16:58+00:00\" \/>\n\t\t<meta name=\"twitter:card\" content=\"summary\" \/>\n\t\t<meta name=\"twitter:title\" content=\"MG: Manifesta\u00e7\u00e3o em Belo Horizonte denuncia imperialismo ianque e sua agress\u00e3o \u00e0 Venezuela | Encontra Belo Horizonte\" \/>\n\t\t<meta name=\"twitter:description\" content=\"MG: Manifesta\u00e7\u00e3o em Belo Horizonte destaca a luta anti-imperialista pela Venezuela.\" \/>\n\t\t<script type=\"application\/ld+json\" class=\"aioseo-schema\">\n\t\t\t{\"@context\":\"https:\\\/\\\/schema.org\",\"@graph\":[{\"@type\":\"Article\",\"@id\":\"https:\\\/\\\/www.encontrabelohorizonte.com.br\\\/sobre\\\/mg-manifestacao-em-belo-horizonte-denuncia-imperialismo-ianque-e-sua-agressao-a-venezuela\\\/#article\",\"name\":\"MG: Manifesta\\u00e7\\u00e3o em Belo Horizonte denuncia imperialismo ianque e sua agress\\u00e3o \\u00e0 Venezuela | Encontra Belo Horizonte\",\"headline\":\"MG: Manifesta\\u00e7\\u00e3o em Belo Horizonte denuncia imperialismo ianque e sua agress\\u00e3o \\u00e0 Venezuela\",\"author\":{\"@id\":\"https:\\\/\\\/www.encontrabelohorizonte.com.br\\\/sobre\\\/author\\\/ebelohorizonte\\\/#author\"},\"publisher\":{\"@id\":\"https:\\\/\\\/www.encontrabelohorizonte.com.br\\\/sobre\\\/#organization\"},\"image\":{\"@type\":\"ImageObject\",\"url\":\"https:\\\/\\\/www.encontrabelohorizonte.com.br\\\/sobre\\\/wp-content\\\/uploads\\\/mg-manifestacao-em-belo-horizonte-denuncia-imperialismo-ianque-e-sua-agressao-a-venezuela.webp\",\"width\":280,\"height\":280,\"caption\":\"manifesta\\u00e7\\u00e3o em Belo Horizonte\"},\"datePublished\":\"2026-02-28T05:16:58-03:00\",\"dateModified\":\"2026-02-28T05:16:58-03:00\",\"inLanguage\":\"pt-BR\",\"mainEntityOfPage\":{\"@id\":\"https:\\\/\\\/www.encontrabelohorizonte.com.br\\\/sobre\\\/mg-manifestacao-em-belo-horizonte-denuncia-imperialismo-ianque-e-sua-agressao-a-venezuela\\\/#webpage\"},\"isPartOf\":{\"@id\":\"https:\\\/\\\/www.encontrabelohorizonte.com.br\\\/sobre\\\/mg-manifestacao-em-belo-horizonte-denuncia-imperialismo-ianque-e-sua-agressao-a-venezuela\\\/#webpage\"},\"articleSection\":\"Not\\u00edcias Belo Horizonte\"},{\"@type\":\"BreadcrumbList\",\"@id\":\"https:\\\/\\\/www.encontrabelohorizonte.com.br\\\/sobre\\\/mg-manifestacao-em-belo-horizonte-denuncia-imperialismo-ianque-e-sua-agressao-a-venezuela\\\/#breadcrumblist\",\"itemListElement\":[{\"@type\":\"ListItem\",\"@id\":\"https:\\\/\\\/www.encontrabelohorizonte.com.br\\\/sobre#listItem\",\"position\":1,\"name\":\"In\\u00edcio\",\"item\":\"https:\\\/\\\/www.encontrabelohorizonte.com.br\\\/sobre\",\"nextItem\":{\"@type\":\"ListItem\",\"@id\":\"https:\\\/\\\/www.encontrabelohorizonte.com.br\\\/sobre\\\/noticias\\\/#listItem\",\"name\":\"Not\\u00edcias Belo Horizonte\"}},{\"@type\":\"ListItem\",\"@id\":\"https:\\\/\\\/www.encontrabelohorizonte.com.br\\\/sobre\\\/noticias\\\/#listItem\",\"position\":2,\"name\":\"Not\\u00edcias Belo Horizonte\",\"item\":\"https:\\\/\\\/www.encontrabelohorizonte.com.br\\\/sobre\\\/noticias\\\/\",\"nextItem\":{\"@type\":\"ListItem\",\"@id\":\"https:\\\/\\\/www.encontrabelohorizonte.com.br\\\/sobre\\\/mg-manifestacao-em-belo-horizonte-denuncia-imperialismo-ianque-e-sua-agressao-a-venezuela\\\/#listItem\",\"name\":\"MG: Manifesta\\u00e7\\u00e3o em Belo Horizonte denuncia imperialismo ianque e sua agress\\u00e3o \\u00e0 Venezuela\"},\"previousItem\":{\"@type\":\"ListItem\",\"@id\":\"https:\\\/\\\/www.encontrabelohorizonte.com.br\\\/sobre#listItem\",\"name\":\"In\\u00edcio\"}},{\"@type\":\"ListItem\",\"@id\":\"https:\\\/\\\/www.encontrabelohorizonte.com.br\\\/sobre\\\/mg-manifestacao-em-belo-horizonte-denuncia-imperialismo-ianque-e-sua-agressao-a-venezuela\\\/#listItem\",\"position\":3,\"name\":\"MG: Manifesta\\u00e7\\u00e3o em Belo Horizonte denuncia imperialismo ianque e sua agress\\u00e3o \\u00e0 Venezuela\",\"previousItem\":{\"@type\":\"ListItem\",\"@id\":\"https:\\\/\\\/www.encontrabelohorizonte.com.br\\\/sobre\\\/noticias\\\/#listItem\",\"name\":\"Not\\u00edcias Belo Horizonte\"}}]},{\"@type\":\"Organization\",\"@id\":\"https:\\\/\\\/www.encontrabelohorizonte.com.br\\\/sobre\\\/#organization\",\"name\":\"Encontra Belo Horizonte\",\"description\":\"Not\\u00edcias, eventos, informa\\u00e7\\u00f5es e dicas da cidade de Belo Horizonte e regi\\u00e3o\",\"url\":\"https:\\\/\\\/www.encontrabelohorizonte.com.br\\\/sobre\\\/\"},{\"@type\":\"Person\",\"@id\":\"https:\\\/\\\/www.encontrabelohorizonte.com.br\\\/sobre\\\/author\\\/ebelohorizonte\\\/#author\",\"url\":\"https:\\\/\\\/www.encontrabelohorizonte.com.br\\\/sobre\\\/author\\\/ebelohorizonte\\\/\",\"name\":\"Encontra Belo Horizonte\",\"image\":{\"@type\":\"ImageObject\",\"@id\":\"https:\\\/\\\/www.encontrabelohorizonte.com.br\\\/sobre\\\/mg-manifestacao-em-belo-horizonte-denuncia-imperialismo-ianque-e-sua-agressao-a-venezuela\\\/#authorImage\",\"url\":\"https:\\\/\\\/secure.gravatar.com\\\/avatar\\\/507340682b8270222e1f208e23198b6ae7e2c6a1033ae84e99bc6bce4f82a387?s=96&d=mm&r=g\",\"width\":96,\"height\":96,\"caption\":\"Encontra Belo Horizonte\"}},{\"@type\":\"WebPage\",\"@id\":\"https:\\\/\\\/www.encontrabelohorizonte.com.br\\\/sobre\\\/mg-manifestacao-em-belo-horizonte-denuncia-imperialismo-ianque-e-sua-agressao-a-venezuela\\\/#webpage\",\"url\":\"https:\\\/\\\/www.encontrabelohorizonte.com.br\\\/sobre\\\/mg-manifestacao-em-belo-horizonte-denuncia-imperialismo-ianque-e-sua-agressao-a-venezuela\\\/\",\"name\":\"MG: Manifesta\\u00e7\\u00e3o em Belo Horizonte denuncia imperialismo ianque e sua agress\\u00e3o \\u00e0 Venezuela | Encontra Belo Horizonte\",\"description\":\"MG: Manifesta\\u00e7\\u00e3o em Belo Horizonte destaca a luta anti-imperialista pela Venezuela.\",\"inLanguage\":\"pt-BR\",\"isPartOf\":{\"@id\":\"https:\\\/\\\/www.encontrabelohorizonte.com.br\\\/sobre\\\/#website\"},\"breadcrumb\":{\"@id\":\"https:\\\/\\\/www.encontrabelohorizonte.com.br\\\/sobre\\\/mg-manifestacao-em-belo-horizonte-denuncia-imperialismo-ianque-e-sua-agressao-a-venezuela\\\/#breadcrumblist\"},\"author\":{\"@id\":\"https:\\\/\\\/www.encontrabelohorizonte.com.br\\\/sobre\\\/author\\\/ebelohorizonte\\\/#author\"},\"creator\":{\"@id\":\"https:\\\/\\\/www.encontrabelohorizonte.com.br\\\/sobre\\\/author\\\/ebelohorizonte\\\/#author\"},\"image\":{\"@type\":\"ImageObject\",\"url\":\"https:\\\/\\\/www.encontrabelohorizonte.com.br\\\/sobre\\\/wp-content\\\/uploads\\\/mg-manifestacao-em-belo-horizonte-denuncia-imperialismo-ianque-e-sua-agressao-a-venezuela.webp\",\"@id\":\"https:\\\/\\\/www.encontrabelohorizonte.com.br\\\/sobre\\\/mg-manifestacao-em-belo-horizonte-denuncia-imperialismo-ianque-e-sua-agressao-a-venezuela\\\/#mainImage\",\"width\":280,\"height\":280,\"caption\":\"manifesta\\u00e7\\u00e3o em Belo Horizonte\"},\"primaryImageOfPage\":{\"@id\":\"https:\\\/\\\/www.encontrabelohorizonte.com.br\\\/sobre\\\/mg-manifestacao-em-belo-horizonte-denuncia-imperialismo-ianque-e-sua-agressao-a-venezuela\\\/#mainImage\"},\"datePublished\":\"2026-02-28T05:16:58-03:00\",\"dateModified\":\"2026-02-28T05:16:58-03:00\"},{\"@type\":\"WebSite\",\"@id\":\"https:\\\/\\\/www.encontrabelohorizonte.com.br\\\/sobre\\\/#website\",\"url\":\"https:\\\/\\\/www.encontrabelohorizonte.com.br\\\/sobre\\\/\",\"name\":\"Encontra Belo Horizonte\",\"description\":\"Not\\u00edcias, eventos, informa\\u00e7\\u00f5es e dicas da cidade de Belo Horizonte e regi\\u00e3o\",\"inLanguage\":\"pt-BR\",\"publisher\":{\"@id\":\"https:\\\/\\\/www.encontrabelohorizonte.com.br\\\/sobre\\\/#organization\"}}]}\n\t\t<\/script>\n\t\t<!-- All in One SEO -->\n\n","aioseo_head_json":{"title":"MG: Manifesta\u00e7\u00e3o em Belo Horizonte denuncia imperialismo ianque e sua agress\u00e3o \u00e0 Venezuela | Encontra Belo Horizonte","description":"MG: Manifesta\u00e7\u00e3o em Belo Horizonte destaca a luta anti-imperialista pela Venezuela.","canonical_url":"https:\/\/www.encontrabelohorizonte.com.br\/sobre\/mg-manifestacao-em-belo-horizonte-denuncia-imperialismo-ianque-e-sua-agressao-a-venezuela\/","robots":"max-image-preview:large","keywords":"","webmasterTools":{"miscellaneous":""},"schema":{"@context":"https:\/\/schema.org","@graph":[{"@type":"Article","@id":"https:\/\/www.encontrabelohorizonte.com.br\/sobre\/mg-manifestacao-em-belo-horizonte-denuncia-imperialismo-ianque-e-sua-agressao-a-venezuela\/#article","name":"MG: Manifesta\u00e7\u00e3o em Belo Horizonte denuncia imperialismo ianque e sua agress\u00e3o \u00e0 Venezuela | Encontra Belo Horizonte","headline":"MG: Manifesta\u00e7\u00e3o em Belo Horizonte denuncia imperialismo ianque e sua agress\u00e3o \u00e0 Venezuela","author":{"@id":"https:\/\/www.encontrabelohorizonte.com.br\/sobre\/author\/ebelohorizonte\/#author"},"publisher":{"@id":"https:\/\/www.encontrabelohorizonte.com.br\/sobre\/#organization"},"image":{"@type":"ImageObject","url":"https:\/\/www.encontrabelohorizonte.com.br\/sobre\/wp-content\/uploads\/mg-manifestacao-em-belo-horizonte-denuncia-imperialismo-ianque-e-sua-agressao-a-venezuela.webp","width":280,"height":280,"caption":"manifesta\u00e7\u00e3o em Belo Horizonte"},"datePublished":"2026-02-28T05:16:58-03:00","dateModified":"2026-02-28T05:16:58-03:00","inLanguage":"pt-BR","mainEntityOfPage":{"@id":"https:\/\/www.encontrabelohorizonte.com.br\/sobre\/mg-manifestacao-em-belo-horizonte-denuncia-imperialismo-ianque-e-sua-agressao-a-venezuela\/#webpage"},"isPartOf":{"@id":"https:\/\/www.encontrabelohorizonte.com.br\/sobre\/mg-manifestacao-em-belo-horizonte-denuncia-imperialismo-ianque-e-sua-agressao-a-venezuela\/#webpage"},"articleSection":"Not\u00edcias Belo Horizonte"},{"@type":"BreadcrumbList","@id":"https:\/\/www.encontrabelohorizonte.com.br\/sobre\/mg-manifestacao-em-belo-horizonte-denuncia-imperialismo-ianque-e-sua-agressao-a-venezuela\/#breadcrumblist","itemListElement":[{"@type":"ListItem","@id":"https:\/\/www.encontrabelohorizonte.com.br\/sobre#listItem","position":1,"name":"In\u00edcio","item":"https:\/\/www.encontrabelohorizonte.com.br\/sobre","nextItem":{"@type":"ListItem","@id":"https:\/\/www.encontrabelohorizonte.com.br\/sobre\/noticias\/#listItem","name":"Not\u00edcias Belo Horizonte"}},{"@type":"ListItem","@id":"https:\/\/www.encontrabelohorizonte.com.br\/sobre\/noticias\/#listItem","position":2,"name":"Not\u00edcias Belo Horizonte","item":"https:\/\/www.encontrabelohorizonte.com.br\/sobre\/noticias\/","nextItem":{"@type":"ListItem","@id":"https:\/\/www.encontrabelohorizonte.com.br\/sobre\/mg-manifestacao-em-belo-horizonte-denuncia-imperialismo-ianque-e-sua-agressao-a-venezuela\/#listItem","name":"MG: Manifesta\u00e7\u00e3o em Belo Horizonte denuncia imperialismo ianque e sua agress\u00e3o \u00e0 Venezuela"},"previousItem":{"@type":"ListItem","@id":"https:\/\/www.encontrabelohorizonte.com.br\/sobre#listItem","name":"In\u00edcio"}},{"@type":"ListItem","@id":"https:\/\/www.encontrabelohorizonte.com.br\/sobre\/mg-manifestacao-em-belo-horizonte-denuncia-imperialismo-ianque-e-sua-agressao-a-venezuela\/#listItem","position":3,"name":"MG: Manifesta\u00e7\u00e3o em Belo Horizonte denuncia imperialismo ianque e sua agress\u00e3o \u00e0 Venezuela","previousItem":{"@type":"ListItem","@id":"https:\/\/www.encontrabelohorizonte.com.br\/sobre\/noticias\/#listItem","name":"Not\u00edcias Belo Horizonte"}}]},{"@type":"Organization","@id":"https:\/\/www.encontrabelohorizonte.com.br\/sobre\/#organization","name":"Encontra Belo Horizonte","description":"Not\u00edcias, eventos, informa\u00e7\u00f5es e dicas da cidade de Belo Horizonte e regi\u00e3o","url":"https:\/\/www.encontrabelohorizonte.com.br\/sobre\/"},{"@type":"Person","@id":"https:\/\/www.encontrabelohorizonte.com.br\/sobre\/author\/ebelohorizonte\/#author","url":"https:\/\/www.encontrabelohorizonte.com.br\/sobre\/author\/ebelohorizonte\/","name":"Encontra Belo Horizonte","image":{"@type":"ImageObject","@id":"https:\/\/www.encontrabelohorizonte.com.br\/sobre\/mg-manifestacao-em-belo-horizonte-denuncia-imperialismo-ianque-e-sua-agressao-a-venezuela\/#authorImage","url":"https:\/\/secure.gravatar.com\/avatar\/507340682b8270222e1f208e23198b6ae7e2c6a1033ae84e99bc6bce4f82a387?s=96&d=mm&r=g","width":96,"height":96,"caption":"Encontra Belo Horizonte"}},{"@type":"WebPage","@id":"https:\/\/www.encontrabelohorizonte.com.br\/sobre\/mg-manifestacao-em-belo-horizonte-denuncia-imperialismo-ianque-e-sua-agressao-a-venezuela\/#webpage","url":"https:\/\/www.encontrabelohorizonte.com.br\/sobre\/mg-manifestacao-em-belo-horizonte-denuncia-imperialismo-ianque-e-sua-agressao-a-venezuela\/","name":"MG: Manifesta\u00e7\u00e3o em Belo Horizonte denuncia imperialismo ianque e sua agress\u00e3o \u00e0 Venezuela | Encontra Belo Horizonte","description":"MG: Manifesta\u00e7\u00e3o em Belo Horizonte destaca a luta anti-imperialista pela Venezuela.","inLanguage":"pt-BR","isPartOf":{"@id":"https:\/\/www.encontrabelohorizonte.com.br\/sobre\/#website"},"breadcrumb":{"@id":"https:\/\/www.encontrabelohorizonte.com.br\/sobre\/mg-manifestacao-em-belo-horizonte-denuncia-imperialismo-ianque-e-sua-agressao-a-venezuela\/#breadcrumblist"},"author":{"@id":"https:\/\/www.encontrabelohorizonte.com.br\/sobre\/author\/ebelohorizonte\/#author"},"creator":{"@id":"https:\/\/www.encontrabelohorizonte.com.br\/sobre\/author\/ebelohorizonte\/#author"},"image":{"@type":"ImageObject","url":"https:\/\/www.encontrabelohorizonte.com.br\/sobre\/wp-content\/uploads\/mg-manifestacao-em-belo-horizonte-denuncia-imperialismo-ianque-e-sua-agressao-a-venezuela.webp","@id":"https:\/\/www.encontrabelohorizonte.com.br\/sobre\/mg-manifestacao-em-belo-horizonte-denuncia-imperialismo-ianque-e-sua-agressao-a-venezuela\/#mainImage","width":280,"height":280,"caption":"manifesta\u00e7\u00e3o em Belo Horizonte"},"primaryImageOfPage":{"@id":"https:\/\/www.encontrabelohorizonte.com.br\/sobre\/mg-manifestacao-em-belo-horizonte-denuncia-imperialismo-ianque-e-sua-agressao-a-venezuela\/#mainImage"},"datePublished":"2026-02-28T05:16:58-03:00","dateModified":"2026-02-28T05:16:58-03:00"},{"@type":"WebSite","@id":"https:\/\/www.encontrabelohorizonte.com.br\/sobre\/#website","url":"https:\/\/www.encontrabelohorizonte.com.br\/sobre\/","name":"Encontra Belo Horizonte","description":"Not\u00edcias, eventos, informa\u00e7\u00f5es e dicas da cidade de Belo Horizonte e regi\u00e3o","inLanguage":"pt-BR","publisher":{"@id":"https:\/\/www.encontrabelohorizonte.com.br\/sobre\/#organization"}}]},"og:locale":"pt_BR","og:site_name":"Encontra Belo Horizonte | Not\u00edcias, eventos, informa\u00e7\u00f5es e dicas da cidade de Belo Horizonte e regi\u00e3o","og:type":"article","og:title":"MG: Manifesta\u00e7\u00e3o em Belo Horizonte denuncia imperialismo ianque e sua agress\u00e3o \u00e0 Venezuela | Encontra Belo Horizonte","og:description":"MG: Manifesta\u00e7\u00e3o em Belo Horizonte destaca a luta anti-imperialista pela Venezuela.","og:url":"https:\/\/www.encontrabelohorizonte.com.br\/sobre\/mg-manifestacao-em-belo-horizonte-denuncia-imperialismo-ianque-e-sua-agressao-a-venezuela\/","article:published_time":"2026-02-28T08:16:58+00:00","article:modified_time":"2026-02-28T08:16:58+00:00","twitter:card":"summary","twitter:title":"MG: Manifesta\u00e7\u00e3o em Belo Horizonte denuncia imperialismo ianque e sua agress\u00e3o \u00e0 Venezuela | Encontra Belo Horizonte","twitter:description":"MG: Manifesta\u00e7\u00e3o em Belo Horizonte destaca a luta anti-imperialista pela Venezuela."},"aioseo_meta_data":{"post_id":"3667","title":null,"description":null,"keywords":null,"keyphrases":null,"primary_term":null,"canonical_url":null,"og_title":null,"og_description":null,"og_object_type":"default","og_image_type":"default","og_image_url":null,"og_image_width":null,"og_image_height":null,"og_image_custom_url":null,"og_image_custom_fields":null,"og_video":null,"og_custom_url":null,"og_article_section":null,"og_article_tags":null,"twitter_use_og":false,"twitter_card":"default","twitter_image_type":"default","twitter_image_url":null,"twitter_image_custom_url":null,"twitter_image_custom_fields":null,"twitter_title":null,"twitter_description":null,"schema":{"blockGraphs":[],"customGraphs":[],"default":{"data":{"Article":[],"Course":[],"Dataset":[],"FAQPage":[],"Movie":[],"Person":[],"Product":[],"ProductReview":[],"Car":[],"Recipe":[],"Service":[],"SoftwareApplication":[],"WebPage":[]},"graphName":"Article","isEnabled":true},"graphs":[]},"schema_type":"default","schema_type_options":null,"pillar_content":false,"robots_default":true,"robots_noindex":false,"robots_noarchive":false,"robots_nosnippet":false,"robots_nofollow":false,"robots_noimageindex":false,"robots_noodp":false,"robots_notranslate":false,"robots_max_snippet":null,"robots_max_videopreview":null,"robots_max_imagepreview":"large","priority":null,"frequency":null,"local_seo":null,"breadcrumb_settings":null,"limit_modified_date":false,"ai":null,"created":"2026-02-28 08:17:01","updated":"2026-02-28 08:21:38","focus_keyword":null,"additional_keywords":null,"truseo_locale":null,"seo_analyzer_scan_date":null},"aioseo_breadcrumb":"<div class=\"aioseo-breadcrumbs\"><span class=\"aioseo-breadcrumb\">\n\t\t\t<a href=\"https:\/\/www.encontrabelohorizonte.com.br\/sobre\" title=\"In\u00edcio\">In\u00edcio<\/a>\n\t\t<\/span><span class=\"aioseo-breadcrumb-separator\">&raquo;<\/span><span class=\"aioseo-breadcrumb\">\n\t\t\t<a href=\"https:\/\/www.encontrabelohorizonte.com.br\/sobre\/noticias\/\" title=\"Not\u00edcias Belo Horizonte\">Not\u00edcias Belo Horizonte<\/a>\n\t\t<\/span><span class=\"aioseo-breadcrumb-separator\">&raquo;<\/span><span class=\"aioseo-breadcrumb\">\n\t\t\tMG: Manifesta\u00e7\u00e3o em Belo Horizonte denuncia imperialismo ianque e sua agress\u00e3o \u00e0 Venezuela\n\t\t<\/span><\/div>","aioseo_breadcrumb_json":[{"label":"In\u00edcio","link":"https:\/\/www.encontrabelohorizonte.com.br\/sobre"},{"label":"Not\u00edcias Belo Horizonte","link":"https:\/\/www.encontrabelohorizonte.com.br\/sobre\/noticias\/"},{"label":"MG: Manifesta\u00e7\u00e3o em Belo Horizonte denuncia imperialismo ianque e sua agress\u00e3o \u00e0 Venezuela","link":"https:\/\/www.encontrabelohorizonte.com.br\/sobre\/mg-manifestacao-em-belo-horizonte-denuncia-imperialismo-ianque-e-sua-agressao-a-venezuela\/"}],"_links":{"self":[{"href":"https:\/\/www.encontrabelohorizonte.com.br\/sobre\/wp-json\/wp\/v2\/posts\/3667","targetHints":{"allow":["GET"]}}],"collection":[{"href":"https:\/\/www.encontrabelohorizonte.com.br\/sobre\/wp-json\/wp\/v2\/posts"}],"about":[{"href":"https:\/\/www.encontrabelohorizonte.com.br\/sobre\/wp-json\/wp\/v2\/types\/post"}],"author":[{"embeddable":true,"href":"https:\/\/www.encontrabelohorizonte.com.br\/sobre\/wp-json\/wp\/v2\/users\/1"}],"replies":[{"embeddable":true,"href":"https:\/\/www.encontrabelohorizonte.com.br\/sobre\/wp-json\/wp\/v2\/comments?post=3667"}],"version-history":[{"count":0,"href":"https:\/\/www.encontrabelohorizonte.com.br\/sobre\/wp-json\/wp\/v2\/posts\/3667\/revisions"}],"wp:featuredmedia":[{"embeddable":true,"href":"https:\/\/www.encontrabelohorizonte.com.br\/sobre\/wp-json\/wp\/v2\/media\/3666"}],"wp:attachment":[{"href":"https:\/\/www.encontrabelohorizonte.com.br\/sobre\/wp-json\/wp\/v2\/media?parent=3667"}],"wp:term":[{"taxonomy":"category","embeddable":true,"href":"https:\/\/www.encontrabelohorizonte.com.br\/sobre\/wp-json\/wp\/v2\/categories?post=3667"},{"taxonomy":"post_tag","embeddable":true,"href":"https:\/\/www.encontrabelohorizonte.com.br\/sobre\/wp-json\/wp\/v2\/tags?post=3667"}],"curies":[{"name":"wp","href":"https:\/\/api.w.org\/{rel}","templated":true}]}}