{"id":3687,"date":"2026-03-04T05:28:05","date_gmt":"2026-03-04T08:28:05","guid":{"rendered":"https:\/\/www.encontrabelohorizonte.com.br\/sobre\/carnaval-de-belo-horizonte-atinge-recordes-historicos-em-2026\/"},"modified":"2026-03-04T05:28:05","modified_gmt":"2026-03-04T08:28:05","slug":"carnaval-de-belo-horizonte-atinge-recordes-historicos-em-2026","status":"publish","type":"post","link":"https:\/\/www.encontrabelohorizonte.com.br\/sobre\/carnaval-de-belo-horizonte-atinge-recordes-historicos-em-2026\/","title":{"rendered":"Carnaval de Belo Horizonte atinge recordes hist\u00f3ricos em 2026"},"content":{"rendered":"<div class=\"2e083cf0b19e2c11948dc6ac054ba979\" data-index=\"1\" style=\"float: none; margin:0px;\">\n<!-- Anuncio display - global -->\r\n<ins class=\"adsbygoogle\"\r\n     style=\"display:block\"\r\n     data-ad-client=\"ca-pub-8585364105181520\"\r\n     data-ad-slot=\"8789329856\"\r\n     data-ad-format=\"auto\"\r\n     data-full-width-responsive=\"true\"><\/ins>\r\n<script>\r\n     (adsbygoogle = window.adsbygoogle || []).push({});\r\n<\/script>\n<\/div>\n<h2>Recorde de Foli\u00f5es e Seguran\u00e7a<\/h2>\n<p>No encerramento do Carnaval de Belo Horizonte de 2026, foi observada uma participa\u00e7\u00e3o recorde de 6,6 milh\u00f5es de foli\u00f5es, dos quais 349 mil eram turistas, gerando uma movimenta\u00e7\u00e3o econ\u00f4mica de aproximadamente R$ 1,4 bilh\u00e3o. A festa, que se estendeu por 23 dias, contou com 457 desfiles de blocos de rua e se destacou por sua seguran\u00e7a. O prefeito \u00c1lvaro Dami\u00e3o anunciou que n\u00e3o houve ocorr\u00eancias de feminic\u00eddio ou importuna\u00e7\u00e3o sexual, definindo o evento como o Carnaval de rua mais seguro do Brasil. A atua\u00e7\u00e3o da Guarda Civil Municipal foi fundamental nesse contexto.<\/p>\n<h2>A Economia Girando Contra a Crise<\/h2>\n<p>O Carnaval n\u00e3o apenas elevou o esp\u00edrito festivo da cidade, mas tamb\u00e9m teve um impacto econ\u00f4mico significativo. As estimativas apontam que cerca de R$ 1,4 bilh\u00e3o foram gerados durante o evento, criando uma atmosfera que favoreceu diversas atividades comerciais e tur\u00edsticas. O movimento tur\u00edstico registrou um aumento consider\u00e1vel, com a presen\u00e7a de visitantes n\u00e3o apenas do estado de Minas Gerais, mas de v\u00e1rias partes do Brasil e at\u00e9 do exterior, contribuindo para a economia local.<\/p>\n<h2>Festa Livre e Acess\u00edvel para Todos<\/h2>\n<p>Uma das caracter\u00edsticas mais marcantes do Carnaval de Belo Horizonte \u00e9 a sua gratuidade. O prefeito enfatizou que a festa \u00e9 aberta para todos, permitindo que qualquer pessoa possa participar e se divertir sem a necessidade de desembolsar valores para camarotes ou \u00e1reas VIPs. Essa acessibilidade fez do Carnaval uma celebra\u00e7\u00e3o inclusiva, que agrada diferentes p\u00fablicos e refor\u00e7a o esp\u00edrito comunit\u00e1rio.<\/p>\n<p><img decoding=\"async\" src=\"https:\/\/www.encontrabelohorizonte.com.br\/sobre\/wp-content\/uploads\/carnaval-de-belo-horizonte-atinge-recordes-historicos-em-2026.webp\" alt=\"Carnaval de Belo Horizonte 2026\" loading=\"lazy\" \/><\/p>\n<h2>Resultados da Pesquisa do Foli\u00e3o<\/h2>\n<p>Com o objetivo de entender melhor o p\u00fablico presente no evento, a Belotur realizou uma pesquisa que revelou que 59,2% dos foli\u00f5es notaram melhorias na organiza\u00e7\u00e3o em compara\u00e7\u00e3o a edi\u00e7\u00f5es anteriores. A avalia\u00e7\u00e3o m\u00e9dia do Carnaval foi de 8,6, demonstrando que a maior parte do p\u00fablico teve suas expectativas atendidas ou superadas. Notou-se um crescimento no n\u00famero de turistas, que representam 23,7% dos foli\u00f5es, um aumento em rela\u00e7\u00e3o a 2025, onde esse percentual era de 18%.<\/p>\n<h2>Atra\u00e7\u00e3o de Turistas Nacionais e Internacionais<\/h2>\n<p>Belo Horizonte se firmou como um dos destinos mais procurados para o Carnaval, ao lado de capitais tradicionais como Salvador e Recife. Dados de pesquisa indicam que a cidade foi uma das mais mencionadas em buscas online, com o site oficial do Carnaval obtendo mais de 11 milh\u00f5es de impress\u00f5es. A pesquisa revelou que a maioria dos visitantes era proveniente do interior de Minas Gerais, mas tamb\u00e9m inclu\u00eda turistas de S\u00e3o Paulo, Bras\u00edlia, Rio de Janeiro, entre outros.<\/p>\n<h2>Movimenta\u00e7\u00e3o do Setor Hoteleiro<\/h2>\n<p>O fluxo tur\u00edstico durante o Carnaval tamb\u00e9m teve reflexos diretos na hotelaria da cidade. A taxa de ocupa\u00e7\u00e3o atingiu 83,5%, superando as taxas do ano anterior, que estavam em torno de 76,73%. Na regi\u00e3o Centro-Sul, a ocupa\u00e7\u00e3o foi quase total, evidenciando a forte demanda por acomoda\u00e7\u00f5es durante o per\u00edodo carnavalesco.<\/p>\n<h2>Desempenho de Bares e Restaurantes<\/h2>\n<p>Os estabelecimentos de alimenta\u00e7\u00e3o e bebidas se beneficiaram imensamente do aumento de foli\u00f5es nas ruas. A Abrasel-MG, associa\u00e7\u00e3o que representa os bares e restaurantes, destacou que mais empres\u00e1rios ajustaram suas opera\u00e7\u00f5es para tirar proveito do grande fluxo de pessoas. A experi\u00eancia dos consumidores foi considerada positiva, contribuindo ainda mais para o fortalecimento do setor.<\/p>\n<h2>A\u00e7\u00f5es de Limpeza e Sustentabilidade<\/h2>\n<p>Para manter a cidade limpa durante o Carnaval, foram recolhidas 1.260 toneladas de res\u00edduos, com o programa Recicla Bel\u00f4 garantindo a destina\u00e7\u00e3o adequada de cerca de 52 toneladas de material recicl\u00e1vel. A opera\u00e7\u00e3o de limpeza contou com um grande n\u00famero de garis que trabalharam exclusivamente durante a folia, assegurando que as ruas fossem deixadas em boas condi\u00e7\u00f5es ap\u00f3s os desfiles. Al\u00e9m disso, a coleta seletiva mobilizou cerca de 440 catadores, que recolheram materiais recicl\u00e1veis, promovendo uma consci\u00eancia ecol\u00f3gica entre os foli\u00f5es.<\/p>\n<h2>Planejamento para o Futuro do Carnaval<\/h2>\n<p>Olhar para o futuro \u00e9 essencial, e j\u00e1 est\u00e1 definido que o Carnaval de 2027 ocorrer\u00e1 entre 23 de janeiro e 14 de fevereiro. A prefeitura planeja reuni\u00f5es com blocos de rua e escolas de samba para incorporar melhorias nos editais, como maior previsibilidade na libera\u00e7\u00e3o de recursos e aprimoramento na organiza\u00e7\u00e3o dos desfiles, visando sempre uma experi\u00eancia ainda melhor para todos os envolvidos.<\/p>\n<h2>A Import\u00e2ncia da Seguran\u00e7a e Direitos Humanos<\/h2>\n<p>Al\u00e9m das quest\u00f5es econ\u00f4mico-financeiras, o Carnaval tamb\u00e9m focou em conscientizar os foli\u00f5es sobre a import\u00e2ncia dos direitos humanos. Campanhas foram lan\u00e7adas para informar sobre preven\u00e7\u00e3o \u00e0 viol\u00eancia e respeito \u00e0 diversidade, refor\u00e7ando a import\u00e2ncia de garantir um ambiente seguro e inclusivo. A fiscaliza\u00e7\u00e3o tamb\u00e9m foi intensificada, com a Guarda Municipal atuando para garantir que a festa ocorresse em paz, proporcionando um Carnaval seguro e agrad\u00e1vel para todos.<\/p>\n\n<div style=\"font-size: 0px; height: 0px; line-height: 0px; margin: 0; padding: 0; clear: both;\"><\/div>","protected":false},"excerpt":{"rendered":"<p>Carnaval de Belo Horizonte 2026 alcan\u00e7a recordes de p\u00fablico e seguran\u00e7a.<\/p>\n","protected":false},"author":1,"featured_media":3686,"comment_status":"closed","ping_status":"closed","sticky":false,"template":"","format":"standard","meta":{"footnotes":""},"categories":[6],"tags":[],"class_list":["post-3687","post","type-post","status-publish","format-standard","has-post-thumbnail","hentry","category-noticias","has_thumb"],"aioseo_notices":[],"aioseo_head":"\n\t\t<!-- All in One SEO 5.0.0.1 - aioseo.com -->\n\t<meta name=\"description\" content=\"Carnaval de Belo Horizonte 2026 alcan\u00e7a recordes de p\u00fablico e seguran\u00e7a.\" \/>\n\t<meta name=\"robots\" content=\"max-image-preview:large\" \/>\n\t<meta name=\"author\" content=\"Encontra Belo Horizonte\"\/>\n\t<link rel=\"canonical\" href=\"https:\/\/www.encontrabelohorizonte.com.br\/sobre\/carnaval-de-belo-horizonte-atinge-recordes-historicos-em-2026\/\" \/>\n\t<meta name=\"generator\" content=\"All in One SEO (AIOSEO) 5.0.0.1\" \/>\n\t\t<meta property=\"og:locale\" content=\"pt_BR\" \/>\n\t\t<meta property=\"og:site_name\" content=\"Encontra Belo Horizonte | Not\u00edcias, eventos, informa\u00e7\u00f5es e dicas da cidade de Belo Horizonte e regi\u00e3o\" \/>\n\t\t<meta property=\"og:type\" content=\"article\" \/>\n\t\t<meta property=\"og:title\" content=\"Carnaval de Belo Horizonte atinge recordes hist\u00f3ricos em 2026 | Encontra Belo Horizonte\" \/>\n\t\t<meta property=\"og:description\" content=\"Carnaval de Belo Horizonte 2026 alcan\u00e7a recordes de p\u00fablico e seguran\u00e7a.\" \/>\n\t\t<meta property=\"og:url\" content=\"https:\/\/www.encontrabelohorizonte.com.br\/sobre\/carnaval-de-belo-horizonte-atinge-recordes-historicos-em-2026\/\" \/>\n\t\t<meta property=\"article:published_time\" content=\"2026-03-04T08:28:05+00:00\" \/>\n\t\t<meta property=\"article:modified_time\" content=\"2026-03-04T08:28:05+00:00\" \/>\n\t\t<meta name=\"twitter:card\" content=\"summary\" \/>\n\t\t<meta name=\"twitter:title\" content=\"Carnaval de Belo Horizonte atinge recordes hist\u00f3ricos em 2026 | Encontra Belo Horizonte\" \/>\n\t\t<meta name=\"twitter:description\" content=\"Carnaval de Belo Horizonte 2026 alcan\u00e7a recordes de p\u00fablico e seguran\u00e7a.\" \/>\n\t\t<script type=\"application\/ld+json\" class=\"aioseo-schema\">\n\t\t\t{\"@context\":\"https:\\\/\\\/schema.org\",\"@graph\":[{\"@type\":\"Article\",\"@id\":\"https:\\\/\\\/www.encontrabelohorizonte.com.br\\\/sobre\\\/carnaval-de-belo-horizonte-atinge-recordes-historicos-em-2026\\\/#article\",\"name\":\"Carnaval de Belo Horizonte atinge recordes hist\\u00f3ricos em 2026 | Encontra Belo Horizonte\",\"headline\":\"Carnaval de Belo Horizonte atinge recordes hist\\u00f3ricos em 2026\",\"author\":{\"@id\":\"https:\\\/\\\/www.encontrabelohorizonte.com.br\\\/sobre\\\/author\\\/ebelohorizonte\\\/#author\"},\"publisher\":{\"@id\":\"https:\\\/\\\/www.encontrabelohorizonte.com.br\\\/sobre\\\/#organization\"},\"image\":{\"@type\":\"ImageObject\",\"url\":\"https:\\\/\\\/www.encontrabelohorizonte.com.br\\\/sobre\\\/wp-content\\\/uploads\\\/carnaval-de-belo-horizonte-atinge-recordes-historicos-em-2026.webp\",\"width\":280,\"height\":280,\"caption\":\"Carnaval de Belo Horizonte 2026\"},\"datePublished\":\"2026-03-04T05:28:05-03:00\",\"dateModified\":\"2026-03-04T05:28:05-03:00\",\"inLanguage\":\"pt-BR\",\"mainEntityOfPage\":{\"@id\":\"https:\\\/\\\/www.encontrabelohorizonte.com.br\\\/sobre\\\/carnaval-de-belo-horizonte-atinge-recordes-historicos-em-2026\\\/#webpage\"},\"isPartOf\":{\"@id\":\"https:\\\/\\\/www.encontrabelohorizonte.com.br\\\/sobre\\\/carnaval-de-belo-horizonte-atinge-recordes-historicos-em-2026\\\/#webpage\"},\"articleSection\":\"Not\\u00edcias Belo Horizonte\"},{\"@type\":\"BreadcrumbList\",\"@id\":\"https:\\\/\\\/www.encontrabelohorizonte.com.br\\\/sobre\\\/carnaval-de-belo-horizonte-atinge-recordes-historicos-em-2026\\\/#breadcrumblist\",\"itemListElement\":[{\"@type\":\"ListItem\",\"@id\":\"https:\\\/\\\/www.encontrabelohorizonte.com.br\\\/sobre#listItem\",\"position\":1,\"name\":\"In\\u00edcio\",\"item\":\"https:\\\/\\\/www.encontrabelohorizonte.com.br\\\/sobre\",\"nextItem\":{\"@type\":\"ListItem\",\"@id\":\"https:\\\/\\\/www.encontrabelohorizonte.com.br\\\/sobre\\\/noticias\\\/#listItem\",\"name\":\"Not\\u00edcias Belo Horizonte\"}},{\"@type\":\"ListItem\",\"@id\":\"https:\\\/\\\/www.encontrabelohorizonte.com.br\\\/sobre\\\/noticias\\\/#listItem\",\"position\":2,\"name\":\"Not\\u00edcias Belo Horizonte\",\"item\":\"https:\\\/\\\/www.encontrabelohorizonte.com.br\\\/sobre\\\/noticias\\\/\",\"nextItem\":{\"@type\":\"ListItem\",\"@id\":\"https:\\\/\\\/www.encontrabelohorizonte.com.br\\\/sobre\\\/carnaval-de-belo-horizonte-atinge-recordes-historicos-em-2026\\\/#listItem\",\"name\":\"Carnaval de Belo Horizonte atinge recordes hist\\u00f3ricos em 2026\"},\"previousItem\":{\"@type\":\"ListItem\",\"@id\":\"https:\\\/\\\/www.encontrabelohorizonte.com.br\\\/sobre#listItem\",\"name\":\"In\\u00edcio\"}},{\"@type\":\"ListItem\",\"@id\":\"https:\\\/\\\/www.encontrabelohorizonte.com.br\\\/sobre\\\/carnaval-de-belo-horizonte-atinge-recordes-historicos-em-2026\\\/#listItem\",\"position\":3,\"name\":\"Carnaval de Belo Horizonte atinge recordes hist\\u00f3ricos em 2026\",\"previousItem\":{\"@type\":\"ListItem\",\"@id\":\"https:\\\/\\\/www.encontrabelohorizonte.com.br\\\/sobre\\\/noticias\\\/#listItem\",\"name\":\"Not\\u00edcias Belo Horizonte\"}}]},{\"@type\":\"Organization\",\"@id\":\"https:\\\/\\\/www.encontrabelohorizonte.com.br\\\/sobre\\\/#organization\",\"name\":\"Encontra Belo Horizonte\",\"description\":\"Not\\u00edcias, eventos, informa\\u00e7\\u00f5es e dicas da cidade de Belo Horizonte e regi\\u00e3o\",\"url\":\"https:\\\/\\\/www.encontrabelohorizonte.com.br\\\/sobre\\\/\"},{\"@type\":\"Person\",\"@id\":\"https:\\\/\\\/www.encontrabelohorizonte.com.br\\\/sobre\\\/author\\\/ebelohorizonte\\\/#author\",\"url\":\"https:\\\/\\\/www.encontrabelohorizonte.com.br\\\/sobre\\\/author\\\/ebelohorizonte\\\/\",\"name\":\"Encontra Belo Horizonte\",\"image\":{\"@type\":\"ImageObject\",\"@id\":\"https:\\\/\\\/www.encontrabelohorizonte.com.br\\\/sobre\\\/carnaval-de-belo-horizonte-atinge-recordes-historicos-em-2026\\\/#authorImage\",\"url\":\"https:\\\/\\\/secure.gravatar.com\\\/avatar\\\/507340682b8270222e1f208e23198b6ae7e2c6a1033ae84e99bc6bce4f82a387?s=96&d=mm&r=g\",\"width\":96,\"height\":96,\"caption\":\"Encontra Belo Horizonte\"}},{\"@type\":\"WebPage\",\"@id\":\"https:\\\/\\\/www.encontrabelohorizonte.com.br\\\/sobre\\\/carnaval-de-belo-horizonte-atinge-recordes-historicos-em-2026\\\/#webpage\",\"url\":\"https:\\\/\\\/www.encontrabelohorizonte.com.br\\\/sobre\\\/carnaval-de-belo-horizonte-atinge-recordes-historicos-em-2026\\\/\",\"name\":\"Carnaval de Belo Horizonte atinge recordes hist\\u00f3ricos em 2026 | Encontra Belo Horizonte\",\"description\":\"Carnaval de Belo Horizonte 2026 alcan\\u00e7a recordes de p\\u00fablico e seguran\\u00e7a.\",\"inLanguage\":\"pt-BR\",\"isPartOf\":{\"@id\":\"https:\\\/\\\/www.encontrabelohorizonte.com.br\\\/sobre\\\/#website\"},\"breadcrumb\":{\"@id\":\"https:\\\/\\\/www.encontrabelohorizonte.com.br\\\/sobre\\\/carnaval-de-belo-horizonte-atinge-recordes-historicos-em-2026\\\/#breadcrumblist\"},\"author\":{\"@id\":\"https:\\\/\\\/www.encontrabelohorizonte.com.br\\\/sobre\\\/author\\\/ebelohorizonte\\\/#author\"},\"creator\":{\"@id\":\"https:\\\/\\\/www.encontrabelohorizonte.com.br\\\/sobre\\\/author\\\/ebelohorizonte\\\/#author\"},\"image\":{\"@type\":\"ImageObject\",\"url\":\"https:\\\/\\\/www.encontrabelohorizonte.com.br\\\/sobre\\\/wp-content\\\/uploads\\\/carnaval-de-belo-horizonte-atinge-recordes-historicos-em-2026.webp\",\"@id\":\"https:\\\/\\\/www.encontrabelohorizonte.com.br\\\/sobre\\\/carnaval-de-belo-horizonte-atinge-recordes-historicos-em-2026\\\/#mainImage\",\"width\":280,\"height\":280,\"caption\":\"Carnaval de Belo Horizonte 2026\"},\"primaryImageOfPage\":{\"@id\":\"https:\\\/\\\/www.encontrabelohorizonte.com.br\\\/sobre\\\/carnaval-de-belo-horizonte-atinge-recordes-historicos-em-2026\\\/#mainImage\"},\"datePublished\":\"2026-03-04T05:28:05-03:00\",\"dateModified\":\"2026-03-04T05:28:05-03:00\"},{\"@type\":\"WebSite\",\"@id\":\"https:\\\/\\\/www.encontrabelohorizonte.com.br\\\/sobre\\\/#website\",\"url\":\"https:\\\/\\\/www.encontrabelohorizonte.com.br\\\/sobre\\\/\",\"name\":\"Encontra Belo Horizonte\",\"description\":\"Not\\u00edcias, eventos, informa\\u00e7\\u00f5es e dicas da cidade de Belo Horizonte e regi\\u00e3o\",\"inLanguage\":\"pt-BR\",\"publisher\":{\"@id\":\"https:\\\/\\\/www.encontrabelohorizonte.com.br\\\/sobre\\\/#organization\"}}]}\n\t\t<\/script>\n\t\t<!-- All in One SEO -->\n\n","aioseo_head_json":{"title":"Carnaval de Belo Horizonte atinge recordes hist\u00f3ricos em 2026 | Encontra Belo Horizonte","description":"Carnaval de Belo Horizonte 2026 alcan\u00e7a recordes de p\u00fablico e seguran\u00e7a.","canonical_url":"https:\/\/www.encontrabelohorizonte.com.br\/sobre\/carnaval-de-belo-horizonte-atinge-recordes-historicos-em-2026\/","robots":"max-image-preview:large","keywords":"","webmasterTools":{"miscellaneous":""},"schema":{"@context":"https:\/\/schema.org","@graph":[{"@type":"Article","@id":"https:\/\/www.encontrabelohorizonte.com.br\/sobre\/carnaval-de-belo-horizonte-atinge-recordes-historicos-em-2026\/#article","name":"Carnaval de Belo Horizonte atinge recordes hist\u00f3ricos em 2026 | Encontra Belo Horizonte","headline":"Carnaval de Belo Horizonte atinge recordes hist\u00f3ricos em 2026","author":{"@id":"https:\/\/www.encontrabelohorizonte.com.br\/sobre\/author\/ebelohorizonte\/#author"},"publisher":{"@id":"https:\/\/www.encontrabelohorizonte.com.br\/sobre\/#organization"},"image":{"@type":"ImageObject","url":"https:\/\/www.encontrabelohorizonte.com.br\/sobre\/wp-content\/uploads\/carnaval-de-belo-horizonte-atinge-recordes-historicos-em-2026.webp","width":280,"height":280,"caption":"Carnaval de Belo Horizonte 2026"},"datePublished":"2026-03-04T05:28:05-03:00","dateModified":"2026-03-04T05:28:05-03:00","inLanguage":"pt-BR","mainEntityOfPage":{"@id":"https:\/\/www.encontrabelohorizonte.com.br\/sobre\/carnaval-de-belo-horizonte-atinge-recordes-historicos-em-2026\/#webpage"},"isPartOf":{"@id":"https:\/\/www.encontrabelohorizonte.com.br\/sobre\/carnaval-de-belo-horizonte-atinge-recordes-historicos-em-2026\/#webpage"},"articleSection":"Not\u00edcias Belo Horizonte"},{"@type":"BreadcrumbList","@id":"https:\/\/www.encontrabelohorizonte.com.br\/sobre\/carnaval-de-belo-horizonte-atinge-recordes-historicos-em-2026\/#breadcrumblist","itemListElement":[{"@type":"ListItem","@id":"https:\/\/www.encontrabelohorizonte.com.br\/sobre#listItem","position":1,"name":"In\u00edcio","item":"https:\/\/www.encontrabelohorizonte.com.br\/sobre","nextItem":{"@type":"ListItem","@id":"https:\/\/www.encontrabelohorizonte.com.br\/sobre\/noticias\/#listItem","name":"Not\u00edcias Belo Horizonte"}},{"@type":"ListItem","@id":"https:\/\/www.encontrabelohorizonte.com.br\/sobre\/noticias\/#listItem","position":2,"name":"Not\u00edcias Belo Horizonte","item":"https:\/\/www.encontrabelohorizonte.com.br\/sobre\/noticias\/","nextItem":{"@type":"ListItem","@id":"https:\/\/www.encontrabelohorizonte.com.br\/sobre\/carnaval-de-belo-horizonte-atinge-recordes-historicos-em-2026\/#listItem","name":"Carnaval de Belo Horizonte atinge recordes hist\u00f3ricos em 2026"},"previousItem":{"@type":"ListItem","@id":"https:\/\/www.encontrabelohorizonte.com.br\/sobre#listItem","name":"In\u00edcio"}},{"@type":"ListItem","@id":"https:\/\/www.encontrabelohorizonte.com.br\/sobre\/carnaval-de-belo-horizonte-atinge-recordes-historicos-em-2026\/#listItem","position":3,"name":"Carnaval de Belo Horizonte atinge recordes hist\u00f3ricos em 2026","previousItem":{"@type":"ListItem","@id":"https:\/\/www.encontrabelohorizonte.com.br\/sobre\/noticias\/#listItem","name":"Not\u00edcias Belo Horizonte"}}]},{"@type":"Organization","@id":"https:\/\/www.encontrabelohorizonte.com.br\/sobre\/#organization","name":"Encontra Belo Horizonte","description":"Not\u00edcias, eventos, informa\u00e7\u00f5es e dicas da cidade de Belo Horizonte e regi\u00e3o","url":"https:\/\/www.encontrabelohorizonte.com.br\/sobre\/"},{"@type":"Person","@id":"https:\/\/www.encontrabelohorizonte.com.br\/sobre\/author\/ebelohorizonte\/#author","url":"https:\/\/www.encontrabelohorizonte.com.br\/sobre\/author\/ebelohorizonte\/","name":"Encontra Belo Horizonte","image":{"@type":"ImageObject","@id":"https:\/\/www.encontrabelohorizonte.com.br\/sobre\/carnaval-de-belo-horizonte-atinge-recordes-historicos-em-2026\/#authorImage","url":"https:\/\/secure.gravatar.com\/avatar\/507340682b8270222e1f208e23198b6ae7e2c6a1033ae84e99bc6bce4f82a387?s=96&d=mm&r=g","width":96,"height":96,"caption":"Encontra Belo Horizonte"}},{"@type":"WebPage","@id":"https:\/\/www.encontrabelohorizonte.com.br\/sobre\/carnaval-de-belo-horizonte-atinge-recordes-historicos-em-2026\/#webpage","url":"https:\/\/www.encontrabelohorizonte.com.br\/sobre\/carnaval-de-belo-horizonte-atinge-recordes-historicos-em-2026\/","name":"Carnaval de Belo Horizonte atinge recordes hist\u00f3ricos em 2026 | Encontra Belo Horizonte","description":"Carnaval de Belo Horizonte 2026 alcan\u00e7a recordes de p\u00fablico e seguran\u00e7a.","inLanguage":"pt-BR","isPartOf":{"@id":"https:\/\/www.encontrabelohorizonte.com.br\/sobre\/#website"},"breadcrumb":{"@id":"https:\/\/www.encontrabelohorizonte.com.br\/sobre\/carnaval-de-belo-horizonte-atinge-recordes-historicos-em-2026\/#breadcrumblist"},"author":{"@id":"https:\/\/www.encontrabelohorizonte.com.br\/sobre\/author\/ebelohorizonte\/#author"},"creator":{"@id":"https:\/\/www.encontrabelohorizonte.com.br\/sobre\/author\/ebelohorizonte\/#author"},"image":{"@type":"ImageObject","url":"https:\/\/www.encontrabelohorizonte.com.br\/sobre\/wp-content\/uploads\/carnaval-de-belo-horizonte-atinge-recordes-historicos-em-2026.webp","@id":"https:\/\/www.encontrabelohorizonte.com.br\/sobre\/carnaval-de-belo-horizonte-atinge-recordes-historicos-em-2026\/#mainImage","width":280,"height":280,"caption":"Carnaval de Belo Horizonte 2026"},"primaryImageOfPage":{"@id":"https:\/\/www.encontrabelohorizonte.com.br\/sobre\/carnaval-de-belo-horizonte-atinge-recordes-historicos-em-2026\/#mainImage"},"datePublished":"2026-03-04T05:28:05-03:00","dateModified":"2026-03-04T05:28:05-03:00"},{"@type":"WebSite","@id":"https:\/\/www.encontrabelohorizonte.com.br\/sobre\/#website","url":"https:\/\/www.encontrabelohorizonte.com.br\/sobre\/","name":"Encontra Belo Horizonte","description":"Not\u00edcias, eventos, informa\u00e7\u00f5es e dicas da cidade de Belo Horizonte e regi\u00e3o","inLanguage":"pt-BR","publisher":{"@id":"https:\/\/www.encontrabelohorizonte.com.br\/sobre\/#organization"}}]},"og:locale":"pt_BR","og:site_name":"Encontra Belo Horizonte | Not\u00edcias, eventos, informa\u00e7\u00f5es e dicas da cidade de Belo Horizonte e regi\u00e3o","og:type":"article","og:title":"Carnaval de Belo Horizonte atinge recordes hist\u00f3ricos em 2026 | Encontra Belo Horizonte","og:description":"Carnaval de Belo Horizonte 2026 alcan\u00e7a recordes de p\u00fablico e seguran\u00e7a.","og:url":"https:\/\/www.encontrabelohorizonte.com.br\/sobre\/carnaval-de-belo-horizonte-atinge-recordes-historicos-em-2026\/","article:published_time":"2026-03-04T08:28:05+00:00","article:modified_time":"2026-03-04T08:28:05+00:00","twitter:card":"summary","twitter:title":"Carnaval de Belo Horizonte atinge recordes hist\u00f3ricos em 2026 | Encontra Belo Horizonte","twitter:description":"Carnaval de Belo Horizonte 2026 alcan\u00e7a recordes de p\u00fablico e seguran\u00e7a."},"aioseo_meta_data":{"post_id":"3687","title":null,"description":null,"keywords":null,"keyphrases":null,"primary_term":null,"canonical_url":null,"og_title":null,"og_description":null,"og_object_type":"default","og_image_type":"default","og_image_url":null,"og_image_width":null,"og_image_height":null,"og_image_custom_url":null,"og_image_custom_fields":null,"og_video":null,"og_custom_url":null,"og_article_section":null,"og_article_tags":null,"twitter_use_og":false,"twitter_card":"default","twitter_image_type":"default","twitter_image_url":null,"twitter_image_custom_url":null,"twitter_image_custom_fields":null,"twitter_title":null,"twitter_description":null,"schema":{"blockGraphs":[],"customGraphs":[],"default":{"data":{"Article":[],"Course":[],"Dataset":[],"FAQPage":[],"Movie":[],"Person":[],"Product":[],"ProductReview":[],"Car":[],"Recipe":[],"Service":[],"SoftwareApplication":[],"WebPage":[]},"graphName":"Article","isEnabled":true},"graphs":[]},"schema_type":"default","schema_type_options":null,"pillar_content":false,"robots_default":true,"robots_noindex":false,"robots_noarchive":false,"robots_nosnippet":false,"robots_nofollow":false,"robots_noimageindex":false,"robots_noodp":false,"robots_notranslate":false,"robots_max_snippet":null,"robots_max_videopreview":null,"robots_max_imagepreview":"large","priority":null,"frequency":null,"local_seo":null,"breadcrumb_settings":null,"limit_modified_date":false,"ai":null,"created":"2026-03-04 08:28:08","updated":"2026-03-04 08:34:44","focus_keyword":null,"additional_keywords":null,"truseo_locale":null,"seo_analyzer_scan_date":null},"aioseo_breadcrumb":"<div class=\"aioseo-breadcrumbs\"><span class=\"aioseo-breadcrumb\">\n\t\t\t<a href=\"https:\/\/www.encontrabelohorizonte.com.br\/sobre\" title=\"In\u00edcio\">In\u00edcio<\/a>\n\t\t<\/span><span class=\"aioseo-breadcrumb-separator\">&raquo;<\/span><span class=\"aioseo-breadcrumb\">\n\t\t\t<a href=\"https:\/\/www.encontrabelohorizonte.com.br\/sobre\/noticias\/\" title=\"Not\u00edcias Belo Horizonte\">Not\u00edcias Belo Horizonte<\/a>\n\t\t<\/span><span class=\"aioseo-breadcrumb-separator\">&raquo;<\/span><span class=\"aioseo-breadcrumb\">\n\t\t\tCarnaval de Belo Horizonte atinge recordes hist\u00f3ricos em 2026\n\t\t<\/span><\/div>","aioseo_breadcrumb_json":[{"label":"In\u00edcio","link":"https:\/\/www.encontrabelohorizonte.com.br\/sobre"},{"label":"Not\u00edcias Belo Horizonte","link":"https:\/\/www.encontrabelohorizonte.com.br\/sobre\/noticias\/"},{"label":"Carnaval de Belo Horizonte atinge recordes hist\u00f3ricos em 2026","link":"https:\/\/www.encontrabelohorizonte.com.br\/sobre\/carnaval-de-belo-horizonte-atinge-recordes-historicos-em-2026\/"}],"_links":{"self":[{"href":"https:\/\/www.encontrabelohorizonte.com.br\/sobre\/wp-json\/wp\/v2\/posts\/3687","targetHints":{"allow":["GET"]}}],"collection":[{"href":"https:\/\/www.encontrabelohorizonte.com.br\/sobre\/wp-json\/wp\/v2\/posts"}],"about":[{"href":"https:\/\/www.encontrabelohorizonte.com.br\/sobre\/wp-json\/wp\/v2\/types\/post"}],"author":[{"embeddable":true,"href":"https:\/\/www.encontrabelohorizonte.com.br\/sobre\/wp-json\/wp\/v2\/users\/1"}],"replies":[{"embeddable":true,"href":"https:\/\/www.encontrabelohorizonte.com.br\/sobre\/wp-json\/wp\/v2\/comments?post=3687"}],"version-history":[{"count":0,"href":"https:\/\/www.encontrabelohorizonte.com.br\/sobre\/wp-json\/wp\/v2\/posts\/3687\/revisions"}],"wp:featuredmedia":[{"embeddable":true,"href":"https:\/\/www.encontrabelohorizonte.com.br\/sobre\/wp-json\/wp\/v2\/media\/3686"}],"wp:attachment":[{"href":"https:\/\/www.encontrabelohorizonte.com.br\/sobre\/wp-json\/wp\/v2\/media?parent=3687"}],"wp:term":[{"taxonomy":"category","embeddable":true,"href":"https:\/\/www.encontrabelohorizonte.com.br\/sobre\/wp-json\/wp\/v2\/categories?post=3687"},{"taxonomy":"post_tag","embeddable":true,"href":"https:\/\/www.encontrabelohorizonte.com.br\/sobre\/wp-json\/wp\/v2\/tags?post=3687"}],"curies":[{"name":"wp","href":"https:\/\/api.w.org\/{rel}","templated":true}]}}