{"id":3738,"date":"2026-03-17T05:16:31","date_gmt":"2026-03-17T08:16:31","guid":{"rendered":"https:\/\/www.encontrabelohorizonte.com.br\/sobre\/manifestantes-lotaram-praca-da-liberdade-em-bh-no-ato-acorda-brasil\/"},"modified":"2026-03-17T05:16:31","modified_gmt":"2026-03-17T08:16:31","slug":"manifestantes-lotaram-praca-da-liberdade-em-bh-no-ato-acorda-brasil","status":"publish","type":"post","link":"https:\/\/www.encontrabelohorizonte.com.br\/sobre\/manifestantes-lotaram-praca-da-liberdade-em-bh-no-ato-acorda-brasil\/","title":{"rendered":"Manifestantes lotaram Pra\u00e7a da Liberdade em BH no ato &#8220;Acorda Brasil&#8221;"},"content":{"rendered":"<div class=\"2e083cf0b19e2c11948dc6ac054ba979\" data-index=\"1\" style=\"float: none; margin:0px;\">\n<!-- Anuncio display - global -->\r\n<ins class=\"adsbygoogle\"\r\n     style=\"display:block\"\r\n     data-ad-client=\"ca-pub-8585364105181520\"\r\n     data-ad-slot=\"8789329856\"\r\n     data-ad-format=\"auto\"\r\n     data-full-width-responsive=\"true\"><\/ins>\r\n<script>\r\n     (adsbygoogle = window.adsbygoogle || []).push({});\r\n<\/script>\n<\/div>\n<h2>Manifesta\u00e7\u00e3o &#8216;Acorda Brasil&#8217; Re\u00fane Multid\u00f5es em BH<\/h2>\n<p>No \u00faltimo domingo, 1\u00ba de mar\u00e7o de 2026, a Pra\u00e7a da Liberdade em Belo Horizonte se tornou o ponto de encontro para um significativo protesto intitulado &#8220;Acorda Brasil&#8221;. Organizado por figuras proeminentes do movimento de direita, como o deputado federal Nikolas Ferreira, o evento atraiu uma grande multid\u00e3o que se reuniu para expressar suas opini\u00f5es e demandas em um clima de grande intensidade.<\/p>\n<h2>Lideran\u00e7as Pol\u00edticas Sobem ao Palanque<\/h2>\n<p>Com a manifesta\u00e7\u00e3o come\u00e7ando por volta das 10h, apoiadores come\u00e7aram a se concentrar rapidamente, evidenciando o forte apoio ao movimento. Al\u00e9m de Nikolas Ferreira, o governador de Minas Gerais, Romeu Zema, esteve presente no palco, refor\u00e7ando a legitimidade do ato. Vestindo uma camiseta com cr\u00edticas diretas ao presidente Lula e a ministros do Supremo Tribunal Federal, Ferreira utilizou seu tempo no palanque para expor as insatisfa\u00e7\u00f5es da base apoiadora.<\/p>\n<h2>Cr\u00edticas ao Governo Lula e ao STF<\/h2>\n<p>Os manifestantes utilizaram a ocasi\u00e3o para criticar abertamente a administra\u00e7\u00e3o de Luiz In\u00e1cio Lula da Silva e as decis\u00f5es do STF. Entre as solicita\u00e7\u00f5es mais proeminentes, destacava-se a exig\u00eancia de impeachment dos ministros considerados por eles como autorit\u00e1rios. A insatisfa\u00e7\u00e3o com o governo federal foi um tema recorrente em discursos e faixas exibidas durante o evento.<\/p>\n<p><img decoding=\"async\" src=\"https:\/\/www.encontrabelohorizonte.com.br\/sobre\/wp-content\/uploads\/manifestantes-lotaram-praca-da-liberdade-em-bh-no-ato-acorda-brasil.webp\" alt=\"protesto Acorda Brasil\" loading=\"lazy\" \/><\/p>\n<h2>Manifestantes Pedem Anistia aos Condenados<\/h2>\n<p>Outro ponto central do protesto foi o pedido de anistia para indiv\u00edduos envolvidos nos eventos de 8 de janeiro, considerados por muitos manifestantes como injustamente perseguidos. Esse apelo por amnistia foi um chamado \u00e0 mobiliza\u00e7\u00e3o de diversas cidades, mostrando que o descontentamento vai al\u00e9m das fronteiras de Minas Gerais.<\/p>\n<h2>O Impacto dos Protestos em Outras Cidades<\/h2>\n<p>A manifesta\u00e7\u00e3o de Belo Horizonte n\u00e3o foi um ato isolado. Em simult\u00e2neo, outras cidades no Brasil tamb\u00e9m concentraram protestos com reivindica\u00e7\u00f5es similares. Em S\u00e3o Paulo, por exemplo, a Avenida Paulista recebeu uma enorme audi\u00eancia que se uniu \u00e0 causa, demonstrando um movimento nacional que se fortalece constantemente.<\/p>\n<h2>Movimento de Direita Ganha For\u00e7a<\/h2>\n<p>O crescente n\u00famero de manifesta\u00e7\u00f5es organizadas por agrupamentos de direita mostra um fortalecimento desse movimento no Brasil. Com apoio robusto de figuras pol\u00edticas e da sociedade civil, as mobiliza\u00e7\u00f5es est\u00e3o se tornando cada vez mais frequentes e s\u00e3o reflexo das emo\u00e7\u00f5es coletivas em rela\u00e7\u00e3o \u00e0 situa\u00e7\u00e3o pol\u00edtica atual.<\/p>\n<h2>Rea\u00e7\u00f5es e Implica\u00e7\u00f5es Pol\u00edticas do Ato<\/h2>\n<p>A repercuss\u00e3o das manifesta\u00e7\u00f5es \u00e9 significativa e suscita debates importantes sobre a democracia e os direitos civis no Brasil. Cr\u00edticos do ato argumentam que ele representa uma amea\u00e7a \u00e0 ordem p\u00fablica, enquanto apoiadores veem a mobiliza\u00e7\u00e3o como um exerc\u00edcio fundamental de liberdade de express\u00e3o. O formato e a mensagem dessas manifesta\u00e7\u00f5es t\u00eam potencial para influenciar o cen\u00e1rio pol\u00edtico do pa\u00eds.<\/p>\n<h2>O Papel das Redes Sociais na Mobiliza\u00e7\u00e3o<\/h2>\n<p>As redes sociais foram cruciais para a divulga\u00e7\u00e3o e mobiliza\u00e7\u00e3o do ato &#8220;Acorda Brasil&#8221;. Atrav\u00e9s de plataformas como Facebook e Instagram, informa\u00e7\u00f5es sobre o protesto circularam rapidamente, possibilitando que mais pessoas se juntassem ao movimento e compartilhassem suas opini\u00f5es e experi\u00eancias, ampliando o alcance e resson\u00e2ncia da manifesta\u00e7\u00e3o.<\/p>\n<h2>Hist\u00f3rias de Participantes da Manifesta\u00e7\u00e3o<\/h2>\n<p>Os relatos dos participantes do protesto s\u00e3o variados e revelam a motiva\u00e7\u00e3o por tr\u00e1s de sua ades\u00e3o. Muitos expressam preocupa\u00e7\u00e3o com a dire\u00e7\u00e3o pol\u00edtica que o pa\u00eds est\u00e1 tomando e se sentem compelidos a agir. &#8220;Estar aqui \u00e9 um dever c\u00edvico&#8221;, afirmou um dos manifestantes. Essas hist\u00f3rias pessoais ajudam a entender a profundidade do sentimento que permeia a massa presente.<\/p>\n<h2>Expectativas Futuras para novas Manifesta\u00e7\u00f5es<\/h2>\n<p>Com a crescente mobiliza\u00e7\u00e3o e apoio popular, as expectativas para futuros protestos s\u00e3o altas. Os organizadores j\u00e1 est\u00e3o planejando mais eventos e estrat\u00e9gia para ampliar a participa\u00e7\u00e3o, criando um movimento ainda mais robusto que se oponha ao paradigma atual do governo. Essa cont\u00ednua manifesta\u00e7\u00e3o de ativismo pol\u00edtico demonstra que o debate em torno da governan\u00e7a e da justi\u00e7a no Brasil est\u00e1 longe de terminar.<\/p>\n\n<div style=\"font-size: 0px; height: 0px; line-height: 0px; margin: 0; padding: 0; clear: both;\"><\/div>","protected":false},"excerpt":{"rendered":"<p>Pra\u00e7a da Liberdade em BH foi palco do ato \u2018Acorda Brasil\u2019 que mobilizou manifesta\u00e7\u00f5es.<\/p>\n","protected":false},"author":1,"featured_media":3737,"comment_status":"closed","ping_status":"closed","sticky":false,"template":"","format":"standard","meta":{"footnotes":""},"categories":[6],"tags":[],"class_list":["post-3738","post","type-post","status-publish","format-standard","has-post-thumbnail","hentry","category-noticias","has_thumb"],"aioseo_notices":[],"aioseo_head":"\n\t\t<!-- All in One SEO 5.0.0.1 - aioseo.com -->\n\t<meta name=\"description\" content=\"Pra\u00e7a da Liberdade em BH foi palco do ato \u2018Acorda Brasil\u2019 que mobilizou manifesta\u00e7\u00f5es.\" \/>\n\t<meta name=\"robots\" content=\"max-image-preview:large\" \/>\n\t<meta name=\"author\" content=\"Encontra Belo Horizonte\"\/>\n\t<link rel=\"canonical\" href=\"https:\/\/www.encontrabelohorizonte.com.br\/sobre\/manifestantes-lotaram-praca-da-liberdade-em-bh-no-ato-acorda-brasil\/\" \/>\n\t<meta name=\"generator\" content=\"All in One SEO (AIOSEO) 5.0.0.1\" \/>\n\t\t<meta property=\"og:locale\" content=\"pt_BR\" \/>\n\t\t<meta property=\"og:site_name\" content=\"Encontra Belo Horizonte | Not\u00edcias, eventos, informa\u00e7\u00f5es e dicas da cidade de Belo Horizonte e regi\u00e3o\" \/>\n\t\t<meta property=\"og:type\" content=\"article\" \/>\n\t\t<meta property=\"og:title\" content=\"Manifestantes lotaram Pra\u00e7a da Liberdade em BH no ato \u201cAcorda Brasil\u201d | Encontra Belo Horizonte\" \/>\n\t\t<meta property=\"og:description\" content=\"Pra\u00e7a da Liberdade em BH foi palco do ato \u2018Acorda Brasil\u2019 que mobilizou manifesta\u00e7\u00f5es.\" \/>\n\t\t<meta property=\"og:url\" content=\"https:\/\/www.encontrabelohorizonte.com.br\/sobre\/manifestantes-lotaram-praca-da-liberdade-em-bh-no-ato-acorda-brasil\/\" \/>\n\t\t<meta property=\"article:published_time\" content=\"2026-03-17T08:16:31+00:00\" \/>\n\t\t<meta property=\"article:modified_time\" content=\"2026-03-17T08:16:31+00:00\" \/>\n\t\t<meta name=\"twitter:card\" content=\"summary\" \/>\n\t\t<meta name=\"twitter:title\" content=\"Manifestantes lotaram Pra\u00e7a da Liberdade em BH no ato \u201cAcorda Brasil\u201d | Encontra Belo Horizonte\" \/>\n\t\t<meta name=\"twitter:description\" content=\"Pra\u00e7a da Liberdade em BH foi palco do ato \u2018Acorda Brasil\u2019 que mobilizou manifesta\u00e7\u00f5es.\" \/>\n\t\t<script type=\"application\/ld+json\" class=\"aioseo-schema\">\n\t\t\t{\"@context\":\"https:\\\/\\\/schema.org\",\"@graph\":[{\"@type\":\"Article\",\"@id\":\"https:\\\/\\\/www.encontrabelohorizonte.com.br\\\/sobre\\\/manifestantes-lotaram-praca-da-liberdade-em-bh-no-ato-acorda-brasil\\\/#article\",\"name\":\"Manifestantes lotaram Pra\\u00e7a da Liberdade em BH no ato \\u201cAcorda Brasil\\u201d | Encontra Belo Horizonte\",\"headline\":\"Manifestantes lotaram Pra\\u00e7a da Liberdade em BH no ato &#8220;Acorda Brasil&#8221;\",\"author\":{\"@id\":\"https:\\\/\\\/www.encontrabelohorizonte.com.br\\\/sobre\\\/author\\\/ebelohorizonte\\\/#author\"},\"publisher\":{\"@id\":\"https:\\\/\\\/www.encontrabelohorizonte.com.br\\\/sobre\\\/#organization\"},\"image\":{\"@type\":\"ImageObject\",\"url\":\"https:\\\/\\\/www.encontrabelohorizonte.com.br\\\/sobre\\\/wp-content\\\/uploads\\\/manifestantes-lotaram-praca-da-liberdade-em-bh-no-ato-acorda-brasil.webp\",\"width\":280,\"height\":280,\"caption\":\"protesto Acorda Brasil\"},\"datePublished\":\"2026-03-17T05:16:31-03:00\",\"dateModified\":\"2026-03-17T05:16:31-03:00\",\"inLanguage\":\"pt-BR\",\"mainEntityOfPage\":{\"@id\":\"https:\\\/\\\/www.encontrabelohorizonte.com.br\\\/sobre\\\/manifestantes-lotaram-praca-da-liberdade-em-bh-no-ato-acorda-brasil\\\/#webpage\"},\"isPartOf\":{\"@id\":\"https:\\\/\\\/www.encontrabelohorizonte.com.br\\\/sobre\\\/manifestantes-lotaram-praca-da-liberdade-em-bh-no-ato-acorda-brasil\\\/#webpage\"},\"articleSection\":\"Not\\u00edcias Belo Horizonte\"},{\"@type\":\"BreadcrumbList\",\"@id\":\"https:\\\/\\\/www.encontrabelohorizonte.com.br\\\/sobre\\\/manifestantes-lotaram-praca-da-liberdade-em-bh-no-ato-acorda-brasil\\\/#breadcrumblist\",\"itemListElement\":[{\"@type\":\"ListItem\",\"@id\":\"https:\\\/\\\/www.encontrabelohorizonte.com.br\\\/sobre#listItem\",\"position\":1,\"name\":\"In\\u00edcio\",\"item\":\"https:\\\/\\\/www.encontrabelohorizonte.com.br\\\/sobre\",\"nextItem\":{\"@type\":\"ListItem\",\"@id\":\"https:\\\/\\\/www.encontrabelohorizonte.com.br\\\/sobre\\\/noticias\\\/#listItem\",\"name\":\"Not\\u00edcias Belo Horizonte\"}},{\"@type\":\"ListItem\",\"@id\":\"https:\\\/\\\/www.encontrabelohorizonte.com.br\\\/sobre\\\/noticias\\\/#listItem\",\"position\":2,\"name\":\"Not\\u00edcias Belo Horizonte\",\"item\":\"https:\\\/\\\/www.encontrabelohorizonte.com.br\\\/sobre\\\/noticias\\\/\",\"nextItem\":{\"@type\":\"ListItem\",\"@id\":\"https:\\\/\\\/www.encontrabelohorizonte.com.br\\\/sobre\\\/manifestantes-lotaram-praca-da-liberdade-em-bh-no-ato-acorda-brasil\\\/#listItem\",\"name\":\"Manifestantes lotaram Pra\\u00e7a da Liberdade em BH no ato &#8220;Acorda Brasil&#8221;\"},\"previousItem\":{\"@type\":\"ListItem\",\"@id\":\"https:\\\/\\\/www.encontrabelohorizonte.com.br\\\/sobre#listItem\",\"name\":\"In\\u00edcio\"}},{\"@type\":\"ListItem\",\"@id\":\"https:\\\/\\\/www.encontrabelohorizonte.com.br\\\/sobre\\\/manifestantes-lotaram-praca-da-liberdade-em-bh-no-ato-acorda-brasil\\\/#listItem\",\"position\":3,\"name\":\"Manifestantes lotaram Pra\\u00e7a da Liberdade em BH no ato &#8220;Acorda Brasil&#8221;\",\"previousItem\":{\"@type\":\"ListItem\",\"@id\":\"https:\\\/\\\/www.encontrabelohorizonte.com.br\\\/sobre\\\/noticias\\\/#listItem\",\"name\":\"Not\\u00edcias Belo Horizonte\"}}]},{\"@type\":\"Organization\",\"@id\":\"https:\\\/\\\/www.encontrabelohorizonte.com.br\\\/sobre\\\/#organization\",\"name\":\"Encontra Belo Horizonte\",\"description\":\"Not\\u00edcias, eventos, informa\\u00e7\\u00f5es e dicas da cidade de Belo Horizonte e regi\\u00e3o\",\"url\":\"https:\\\/\\\/www.encontrabelohorizonte.com.br\\\/sobre\\\/\"},{\"@type\":\"Person\",\"@id\":\"https:\\\/\\\/www.encontrabelohorizonte.com.br\\\/sobre\\\/author\\\/ebelohorizonte\\\/#author\",\"url\":\"https:\\\/\\\/www.encontrabelohorizonte.com.br\\\/sobre\\\/author\\\/ebelohorizonte\\\/\",\"name\":\"Encontra Belo Horizonte\",\"image\":{\"@type\":\"ImageObject\",\"@id\":\"https:\\\/\\\/www.encontrabelohorizonte.com.br\\\/sobre\\\/manifestantes-lotaram-praca-da-liberdade-em-bh-no-ato-acorda-brasil\\\/#authorImage\",\"url\":\"https:\\\/\\\/secure.gravatar.com\\\/avatar\\\/507340682b8270222e1f208e23198b6ae7e2c6a1033ae84e99bc6bce4f82a387?s=96&d=mm&r=g\",\"width\":96,\"height\":96,\"caption\":\"Encontra Belo Horizonte\"}},{\"@type\":\"WebPage\",\"@id\":\"https:\\\/\\\/www.encontrabelohorizonte.com.br\\\/sobre\\\/manifestantes-lotaram-praca-da-liberdade-em-bh-no-ato-acorda-brasil\\\/#webpage\",\"url\":\"https:\\\/\\\/www.encontrabelohorizonte.com.br\\\/sobre\\\/manifestantes-lotaram-praca-da-liberdade-em-bh-no-ato-acorda-brasil\\\/\",\"name\":\"Manifestantes lotaram Pra\\u00e7a da Liberdade em BH no ato \\u201cAcorda Brasil\\u201d | Encontra Belo Horizonte\",\"description\":\"Pra\\u00e7a da Liberdade em BH foi palco do ato \\u2018Acorda Brasil\\u2019 que mobilizou manifesta\\u00e7\\u00f5es.\",\"inLanguage\":\"pt-BR\",\"isPartOf\":{\"@id\":\"https:\\\/\\\/www.encontrabelohorizonte.com.br\\\/sobre\\\/#website\"},\"breadcrumb\":{\"@id\":\"https:\\\/\\\/www.encontrabelohorizonte.com.br\\\/sobre\\\/manifestantes-lotaram-praca-da-liberdade-em-bh-no-ato-acorda-brasil\\\/#breadcrumblist\"},\"author\":{\"@id\":\"https:\\\/\\\/www.encontrabelohorizonte.com.br\\\/sobre\\\/author\\\/ebelohorizonte\\\/#author\"},\"creator\":{\"@id\":\"https:\\\/\\\/www.encontrabelohorizonte.com.br\\\/sobre\\\/author\\\/ebelohorizonte\\\/#author\"},\"image\":{\"@type\":\"ImageObject\",\"url\":\"https:\\\/\\\/www.encontrabelohorizonte.com.br\\\/sobre\\\/wp-content\\\/uploads\\\/manifestantes-lotaram-praca-da-liberdade-em-bh-no-ato-acorda-brasil.webp\",\"@id\":\"https:\\\/\\\/www.encontrabelohorizonte.com.br\\\/sobre\\\/manifestantes-lotaram-praca-da-liberdade-em-bh-no-ato-acorda-brasil\\\/#mainImage\",\"width\":280,\"height\":280,\"caption\":\"protesto Acorda Brasil\"},\"primaryImageOfPage\":{\"@id\":\"https:\\\/\\\/www.encontrabelohorizonte.com.br\\\/sobre\\\/manifestantes-lotaram-praca-da-liberdade-em-bh-no-ato-acorda-brasil\\\/#mainImage\"},\"datePublished\":\"2026-03-17T05:16:31-03:00\",\"dateModified\":\"2026-03-17T05:16:31-03:00\"},{\"@type\":\"WebSite\",\"@id\":\"https:\\\/\\\/www.encontrabelohorizonte.com.br\\\/sobre\\\/#website\",\"url\":\"https:\\\/\\\/www.encontrabelohorizonte.com.br\\\/sobre\\\/\",\"name\":\"Encontra Belo Horizonte\",\"description\":\"Not\\u00edcias, eventos, informa\\u00e7\\u00f5es e dicas da cidade de Belo Horizonte e regi\\u00e3o\",\"inLanguage\":\"pt-BR\",\"publisher\":{\"@id\":\"https:\\\/\\\/www.encontrabelohorizonte.com.br\\\/sobre\\\/#organization\"}}]}\n\t\t<\/script>\n\t\t<!-- All in One SEO -->\n\n","aioseo_head_json":{"title":"Manifestantes lotaram Pra\u00e7a da Liberdade em BH no ato \u201cAcorda Brasil\u201d | Encontra Belo Horizonte","description":"Pra\u00e7a da Liberdade em BH foi palco do ato \u2018Acorda Brasil\u2019 que mobilizou manifesta\u00e7\u00f5es.","canonical_url":"https:\/\/www.encontrabelohorizonte.com.br\/sobre\/manifestantes-lotaram-praca-da-liberdade-em-bh-no-ato-acorda-brasil\/","robots":"max-image-preview:large","keywords":"","webmasterTools":{"miscellaneous":""},"schema":{"@context":"https:\/\/schema.org","@graph":[{"@type":"Article","@id":"https:\/\/www.encontrabelohorizonte.com.br\/sobre\/manifestantes-lotaram-praca-da-liberdade-em-bh-no-ato-acorda-brasil\/#article","name":"Manifestantes lotaram Pra\u00e7a da Liberdade em BH no ato \u201cAcorda Brasil\u201d | Encontra Belo Horizonte","headline":"Manifestantes lotaram Pra\u00e7a da Liberdade em BH no ato &#8220;Acorda Brasil&#8221;","author":{"@id":"https:\/\/www.encontrabelohorizonte.com.br\/sobre\/author\/ebelohorizonte\/#author"},"publisher":{"@id":"https:\/\/www.encontrabelohorizonte.com.br\/sobre\/#organization"},"image":{"@type":"ImageObject","url":"https:\/\/www.encontrabelohorizonte.com.br\/sobre\/wp-content\/uploads\/manifestantes-lotaram-praca-da-liberdade-em-bh-no-ato-acorda-brasil.webp","width":280,"height":280,"caption":"protesto Acorda Brasil"},"datePublished":"2026-03-17T05:16:31-03:00","dateModified":"2026-03-17T05:16:31-03:00","inLanguage":"pt-BR","mainEntityOfPage":{"@id":"https:\/\/www.encontrabelohorizonte.com.br\/sobre\/manifestantes-lotaram-praca-da-liberdade-em-bh-no-ato-acorda-brasil\/#webpage"},"isPartOf":{"@id":"https:\/\/www.encontrabelohorizonte.com.br\/sobre\/manifestantes-lotaram-praca-da-liberdade-em-bh-no-ato-acorda-brasil\/#webpage"},"articleSection":"Not\u00edcias Belo Horizonte"},{"@type":"BreadcrumbList","@id":"https:\/\/www.encontrabelohorizonte.com.br\/sobre\/manifestantes-lotaram-praca-da-liberdade-em-bh-no-ato-acorda-brasil\/#breadcrumblist","itemListElement":[{"@type":"ListItem","@id":"https:\/\/www.encontrabelohorizonte.com.br\/sobre#listItem","position":1,"name":"In\u00edcio","item":"https:\/\/www.encontrabelohorizonte.com.br\/sobre","nextItem":{"@type":"ListItem","@id":"https:\/\/www.encontrabelohorizonte.com.br\/sobre\/noticias\/#listItem","name":"Not\u00edcias Belo Horizonte"}},{"@type":"ListItem","@id":"https:\/\/www.encontrabelohorizonte.com.br\/sobre\/noticias\/#listItem","position":2,"name":"Not\u00edcias Belo Horizonte","item":"https:\/\/www.encontrabelohorizonte.com.br\/sobre\/noticias\/","nextItem":{"@type":"ListItem","@id":"https:\/\/www.encontrabelohorizonte.com.br\/sobre\/manifestantes-lotaram-praca-da-liberdade-em-bh-no-ato-acorda-brasil\/#listItem","name":"Manifestantes lotaram Pra\u00e7a da Liberdade em BH no ato &#8220;Acorda Brasil&#8221;"},"previousItem":{"@type":"ListItem","@id":"https:\/\/www.encontrabelohorizonte.com.br\/sobre#listItem","name":"In\u00edcio"}},{"@type":"ListItem","@id":"https:\/\/www.encontrabelohorizonte.com.br\/sobre\/manifestantes-lotaram-praca-da-liberdade-em-bh-no-ato-acorda-brasil\/#listItem","position":3,"name":"Manifestantes lotaram Pra\u00e7a da Liberdade em BH no ato &#8220;Acorda Brasil&#8221;","previousItem":{"@type":"ListItem","@id":"https:\/\/www.encontrabelohorizonte.com.br\/sobre\/noticias\/#listItem","name":"Not\u00edcias Belo Horizonte"}}]},{"@type":"Organization","@id":"https:\/\/www.encontrabelohorizonte.com.br\/sobre\/#organization","name":"Encontra Belo Horizonte","description":"Not\u00edcias, eventos, informa\u00e7\u00f5es e dicas da cidade de Belo Horizonte e regi\u00e3o","url":"https:\/\/www.encontrabelohorizonte.com.br\/sobre\/"},{"@type":"Person","@id":"https:\/\/www.encontrabelohorizonte.com.br\/sobre\/author\/ebelohorizonte\/#author","url":"https:\/\/www.encontrabelohorizonte.com.br\/sobre\/author\/ebelohorizonte\/","name":"Encontra Belo Horizonte","image":{"@type":"ImageObject","@id":"https:\/\/www.encontrabelohorizonte.com.br\/sobre\/manifestantes-lotaram-praca-da-liberdade-em-bh-no-ato-acorda-brasil\/#authorImage","url":"https:\/\/secure.gravatar.com\/avatar\/507340682b8270222e1f208e23198b6ae7e2c6a1033ae84e99bc6bce4f82a387?s=96&d=mm&r=g","width":96,"height":96,"caption":"Encontra Belo Horizonte"}},{"@type":"WebPage","@id":"https:\/\/www.encontrabelohorizonte.com.br\/sobre\/manifestantes-lotaram-praca-da-liberdade-em-bh-no-ato-acorda-brasil\/#webpage","url":"https:\/\/www.encontrabelohorizonte.com.br\/sobre\/manifestantes-lotaram-praca-da-liberdade-em-bh-no-ato-acorda-brasil\/","name":"Manifestantes lotaram Pra\u00e7a da Liberdade em BH no ato \u201cAcorda Brasil\u201d | Encontra Belo Horizonte","description":"Pra\u00e7a da Liberdade em BH foi palco do ato \u2018Acorda Brasil\u2019 que mobilizou manifesta\u00e7\u00f5es.","inLanguage":"pt-BR","isPartOf":{"@id":"https:\/\/www.encontrabelohorizonte.com.br\/sobre\/#website"},"breadcrumb":{"@id":"https:\/\/www.encontrabelohorizonte.com.br\/sobre\/manifestantes-lotaram-praca-da-liberdade-em-bh-no-ato-acorda-brasil\/#breadcrumblist"},"author":{"@id":"https:\/\/www.encontrabelohorizonte.com.br\/sobre\/author\/ebelohorizonte\/#author"},"creator":{"@id":"https:\/\/www.encontrabelohorizonte.com.br\/sobre\/author\/ebelohorizonte\/#author"},"image":{"@type":"ImageObject","url":"https:\/\/www.encontrabelohorizonte.com.br\/sobre\/wp-content\/uploads\/manifestantes-lotaram-praca-da-liberdade-em-bh-no-ato-acorda-brasil.webp","@id":"https:\/\/www.encontrabelohorizonte.com.br\/sobre\/manifestantes-lotaram-praca-da-liberdade-em-bh-no-ato-acorda-brasil\/#mainImage","width":280,"height":280,"caption":"protesto Acorda Brasil"},"primaryImageOfPage":{"@id":"https:\/\/www.encontrabelohorizonte.com.br\/sobre\/manifestantes-lotaram-praca-da-liberdade-em-bh-no-ato-acorda-brasil\/#mainImage"},"datePublished":"2026-03-17T05:16:31-03:00","dateModified":"2026-03-17T05:16:31-03:00"},{"@type":"WebSite","@id":"https:\/\/www.encontrabelohorizonte.com.br\/sobre\/#website","url":"https:\/\/www.encontrabelohorizonte.com.br\/sobre\/","name":"Encontra Belo Horizonte","description":"Not\u00edcias, eventos, informa\u00e7\u00f5es e dicas da cidade de Belo Horizonte e regi\u00e3o","inLanguage":"pt-BR","publisher":{"@id":"https:\/\/www.encontrabelohorizonte.com.br\/sobre\/#organization"}}]},"og:locale":"pt_BR","og:site_name":"Encontra Belo Horizonte | Not\u00edcias, eventos, informa\u00e7\u00f5es e dicas da cidade de Belo Horizonte e regi\u00e3o","og:type":"article","og:title":"Manifestantes lotaram Pra\u00e7a da Liberdade em BH no ato \u201cAcorda Brasil\u201d | Encontra Belo Horizonte","og:description":"Pra\u00e7a da Liberdade em BH foi palco do ato \u2018Acorda Brasil\u2019 que mobilizou manifesta\u00e7\u00f5es.","og:url":"https:\/\/www.encontrabelohorizonte.com.br\/sobre\/manifestantes-lotaram-praca-da-liberdade-em-bh-no-ato-acorda-brasil\/","article:published_time":"2026-03-17T08:16:31+00:00","article:modified_time":"2026-03-17T08:16:31+00:00","twitter:card":"summary","twitter:title":"Manifestantes lotaram Pra\u00e7a da Liberdade em BH no ato \u201cAcorda Brasil\u201d | Encontra Belo Horizonte","twitter:description":"Pra\u00e7a da Liberdade em BH foi palco do ato \u2018Acorda Brasil\u2019 que mobilizou manifesta\u00e7\u00f5es."},"aioseo_meta_data":{"post_id":"3738","title":null,"description":null,"keywords":null,"keyphrases":null,"primary_term":null,"canonical_url":null,"og_title":null,"og_description":null,"og_object_type":"default","og_image_type":"default","og_image_url":null,"og_image_width":null,"og_image_height":null,"og_image_custom_url":null,"og_image_custom_fields":null,"og_video":null,"og_custom_url":null,"og_article_section":null,"og_article_tags":null,"twitter_use_og":false,"twitter_card":"default","twitter_image_type":"default","twitter_image_url":null,"twitter_image_custom_url":null,"twitter_image_custom_fields":null,"twitter_title":null,"twitter_description":null,"schema":{"blockGraphs":[],"customGraphs":[],"default":{"data":{"Article":[],"Course":[],"Dataset":[],"FAQPage":[],"Movie":[],"Person":[],"Product":[],"ProductReview":[],"Car":[],"Recipe":[],"Service":[],"SoftwareApplication":[],"WebPage":[]},"graphName":"Article","isEnabled":true},"graphs":[]},"schema_type":"default","schema_type_options":null,"pillar_content":false,"robots_default":true,"robots_noindex":false,"robots_noarchive":false,"robots_nosnippet":false,"robots_nofollow":false,"robots_noimageindex":false,"robots_noodp":false,"robots_notranslate":false,"robots_max_snippet":null,"robots_max_videopreview":null,"robots_max_imagepreview":"large","priority":null,"frequency":null,"local_seo":null,"breadcrumb_settings":null,"limit_modified_date":false,"ai":null,"created":"2026-03-17 08:16:35","updated":"2026-03-17 08:17:47","focus_keyword":null,"additional_keywords":null,"truseo_locale":null,"seo_analyzer_scan_date":null},"aioseo_breadcrumb":"<div class=\"aioseo-breadcrumbs\"><span class=\"aioseo-breadcrumb\">\n\t\t\t<a href=\"https:\/\/www.encontrabelohorizonte.com.br\/sobre\" title=\"In\u00edcio\">In\u00edcio<\/a>\n\t\t<\/span><span class=\"aioseo-breadcrumb-separator\">&raquo;<\/span><span class=\"aioseo-breadcrumb\">\n\t\t\t<a href=\"https:\/\/www.encontrabelohorizonte.com.br\/sobre\/noticias\/\" title=\"Not\u00edcias Belo Horizonte\">Not\u00edcias Belo Horizonte<\/a>\n\t\t<\/span><span class=\"aioseo-breadcrumb-separator\">&raquo;<\/span><span class=\"aioseo-breadcrumb\">\n\t\t\tManifestantes lotaram Pra\u00e7a da Liberdade em BH no ato \u201cAcorda Brasil\u201d\n\t\t<\/span><\/div>","aioseo_breadcrumb_json":[{"label":"In\u00edcio","link":"https:\/\/www.encontrabelohorizonte.com.br\/sobre"},{"label":"Not\u00edcias Belo Horizonte","link":"https:\/\/www.encontrabelohorizonte.com.br\/sobre\/noticias\/"},{"label":"Manifestantes lotaram Pra\u00e7a da Liberdade em BH no ato &#8220;Acorda Brasil&#8221;","link":"https:\/\/www.encontrabelohorizonte.com.br\/sobre\/manifestantes-lotaram-praca-da-liberdade-em-bh-no-ato-acorda-brasil\/"}],"_links":{"self":[{"href":"https:\/\/www.encontrabelohorizonte.com.br\/sobre\/wp-json\/wp\/v2\/posts\/3738","targetHints":{"allow":["GET"]}}],"collection":[{"href":"https:\/\/www.encontrabelohorizonte.com.br\/sobre\/wp-json\/wp\/v2\/posts"}],"about":[{"href":"https:\/\/www.encontrabelohorizonte.com.br\/sobre\/wp-json\/wp\/v2\/types\/post"}],"author":[{"embeddable":true,"href":"https:\/\/www.encontrabelohorizonte.com.br\/sobre\/wp-json\/wp\/v2\/users\/1"}],"replies":[{"embeddable":true,"href":"https:\/\/www.encontrabelohorizonte.com.br\/sobre\/wp-json\/wp\/v2\/comments?post=3738"}],"version-history":[{"count":0,"href":"https:\/\/www.encontrabelohorizonte.com.br\/sobre\/wp-json\/wp\/v2\/posts\/3738\/revisions"}],"wp:featuredmedia":[{"embeddable":true,"href":"https:\/\/www.encontrabelohorizonte.com.br\/sobre\/wp-json\/wp\/v2\/media\/3737"}],"wp:attachment":[{"href":"https:\/\/www.encontrabelohorizonte.com.br\/sobre\/wp-json\/wp\/v2\/media?parent=3738"}],"wp:term":[{"taxonomy":"category","embeddable":true,"href":"https:\/\/www.encontrabelohorizonte.com.br\/sobre\/wp-json\/wp\/v2\/categories?post=3738"},{"taxonomy":"post_tag","embeddable":true,"href":"https:\/\/www.encontrabelohorizonte.com.br\/sobre\/wp-json\/wp\/v2\/tags?post=3738"}],"curies":[{"name":"wp","href":"https:\/\/api.w.org\/{rel}","templated":true}]}}