{"id":3750,"date":"2026-03-20T05:15:29","date_gmt":"2026-03-20T08:15:29","guid":{"rendered":"https:\/\/www.encontrabelohorizonte.com.br\/sobre\/belo-horizonte-recebera-r-29-milhoes-do-novo-pac-para-a-renovacao-da-sua-frota-de-onibus\/"},"modified":"2026-03-20T05:15:29","modified_gmt":"2026-03-20T08:15:29","slug":"belo-horizonte-recebera-r-29-milhoes-do-novo-pac-para-a-renovacao-da-sua-frota-de-onibus","status":"publish","type":"post","link":"https:\/\/www.encontrabelohorizonte.com.br\/sobre\/belo-horizonte-recebera-r-29-milhoes-do-novo-pac-para-a-renovacao-da-sua-frota-de-onibus\/","title":{"rendered":"Belo Horizonte receber\u00e1 R$ 29 milh\u00f5es do Novo PAC para a renova\u00e7\u00e3o da sua frota de \u00f4nibus"},"content":{"rendered":"<div class=\"2e083cf0b19e2c11948dc6ac054ba979\" data-index=\"1\" style=\"float: none; margin:0px;\">\n<!-- Anuncio display - global -->\r\n<ins class=\"adsbygoogle\"\r\n     style=\"display:block\"\r\n     data-ad-client=\"ca-pub-8585364105181520\"\r\n     data-ad-slot=\"8789329856\"\r\n     data-ad-format=\"auto\"\r\n     data-full-width-responsive=\"true\"><\/ins>\r\n<script>\r\n     (adsbygoogle = window.adsbygoogle || []).push({});\r\n<\/script>\n<\/div>\n<h2>Objetivos da Renova\u00e7\u00e3o da Frota<\/h2>\n<p>A renova\u00e7\u00e3o da frota de \u00f4nibus em Belo Horizonte tem como principal meta modernizar o sistema de transporte p\u00fablico, garantindo maior efici\u00eancia e seguran\u00e7a para os usu\u00e1rios. Al\u00e9m de atualizar os ve\u00edculos, busca-se melhorar a qualidade do servi\u00e7o oferecido, atendendo \u00e0s crescentes demandas da popula\u00e7\u00e3o e proporcionando uma experi\u00eancia de viagem mais confort\u00e1vel e acess\u00edvel.<\/p>\n<h2>Impacto no Transporte P\u00fablico em Belo Horizonte<\/h2>\n<p>Com a introdu\u00e7\u00e3o de \u00f4nibus mais modernos, espera-se uma redu\u00e7\u00e3o significativa na manuten\u00e7\u00e3o e custos operacionais, al\u00e9m de um aumento na disponibilidade de servi\u00e7os. A troca de ve\u00edculos antigos por novos pode resultar em uma redu\u00e7\u00e3o do tempo de espera e em um aumento da frequ\u00eancia dos trajetos, o que ser\u00e1 ben\u00e9fico para todos os usu\u00e1rios do transporte p\u00fablico na cidade.<\/p>\n<h2>Detalhes sobre o Novo PAC<\/h2>\n<p>O Novo PAC, programa de investimento em infraestrutura do governo federal, destina recursos para moderniza\u00e7\u00e3o de transportes em diversas cidades. Belo Horizonte foi selecionada para receber uma parte desses fundos, com inten\u00e7\u00e3o de alavancar as melhorias na frota de \u00f4nibus. Atrav\u00e9s dessa iniciativa, o governo federal est\u00e1 demonstrando seu compromisso em promover a mobilidade urbana eficiente e sustent\u00e1vel.<\/p>\n<p><img decoding=\"async\" src=\"https:\/\/www.encontrabelohorizonte.com.br\/sobre\/wp-content\/uploads\/belo-horizonte-recebera-r-29-milhoes-do-novo-pac-para-a-renovacao-da-sua-frota-de-onibus.webp\" alt=\"renova\u00e7\u00e3o da frota de \u00f4nibus\" loading=\"lazy\" \/><\/p>\n<h2>Verbas Destinadas e Suas Aplica\u00e7\u00f5es<\/h2>\n<p>Para Belo Horizonte, foram alocados R$ 29,4 milh\u00f5es para a renova\u00e7\u00e3o de sua frota de \u00f4nibus, divididos em duas parcelas principais. Esses recursos ser\u00e3o utilizados para a aquisi\u00e7\u00e3o de novos ve\u00edculos, que atendam a padr\u00f5es modernos de efici\u00eancia e sustentabilidade, promovendo assim melhorias significativas na qualidade do transporte p\u00fablico na cidade.<\/p>\n<h2>Cidades Selecionadas para Receber Recursos<\/h2>\n<p>Al\u00e9m de Belo Horizonte, outras cidades tamb\u00e9m foram selecionadas para receber verbas do Novo PAC. Essa iniciativa inclui munic\u00edpios de estados como S\u00e3o Paulo, Paran\u00e1 e Pernambuco. Aqui est\u00e3o algumas das cidades e os valores destinados a elas:<\/p>\n<ul>\n<li><strong>Caieiras (SP)<\/strong> \u2013 R$ 26.790.000,00<\/li>\n<li><strong>S\u00e3o Jos\u00e9 do Rio Preto (SP)<\/strong> \u2013 R$ 22.800.000,00<\/li>\n<li><strong>Itapecerica da Serra e S\u00e3o Paulo (SP)<\/strong> \u2013 R$ 44.683.772,50<\/li>\n<li><strong>Belo Horizonte (MG)<\/strong> \u2013 R$ 16.473.000,00 e R$ 12.953.250,00<\/li>\n<li><strong>Itamarac\u00e1, Ara\u00e7oiaba, Itapissuma, Igarassu, Abreu e Lima, Paulista, Olinda e Recife (PE)<\/strong> \u2013 R$ 9.120.000,00<\/li>\n<li><strong>Curitiba, Colombo e Bocaiuva do Sul (PR)<\/strong> \u2013 R$ 44.102.385,80<\/li>\n<\/ul>\n<h2>Benef\u00edcios Ambientais da Moderniza\u00e7\u00e3o<\/h2>\n<p>A moderniza\u00e7\u00e3o da frota de \u00f4nibus n\u00e3o apenas melhora a efici\u00eancia do sistema de transporte, mas tamb\u00e9m traz benef\u00edcios ambientais significativos. Os novos ve\u00edculos s\u00e3o projetados para terem menor emiss\u00e3o de poluentes e maior efici\u00eancia no consumo de combust\u00edvel, contribuindo para a redu\u00e7\u00e3o da polui\u00e7\u00e3o do ar e promovendo um ambiente mais limpo e saud\u00e1vel para a popula\u00e7\u00e3o.<\/p>\n<h2>Como a Iniciativa Melhorar\u00e1 a Mobilidade<\/h2>\n<p>Com a renova\u00e7\u00e3o da frota, a expectativa \u00e9 que haja um impacto positivo na mobilidade urbana. Ve\u00edculos mais modernos oferecem um servi\u00e7o mais confi\u00e1vel e pontual, o que pode incentivar as pessoas a utilizarem o transporte p\u00fablico em vez de carros particulares. Isso pode resultar em menos congestionamentos e uma circula\u00e7\u00e3o mais fluida nas vias da cidade.<\/p>\n<h2>Investimentos em Infraestrutura de Transporte<\/h2>\n<p>Os investimentos na renova\u00e7\u00e3o da frota est\u00e3o sendo feitos em conjunto com outros esfor\u00e7os para melhorar a infraestrutura de transporte na cidade. Isso inclui reformas em terminais de \u00f4nibus e a instala\u00e7\u00e3o de mais faixas exclusivas para \u00f4nibus, que permitir\u00e3o um deslocamento mais \u00e1gil e eficiente dos ve\u00edculos, favorecendo os usu\u00e1rios do transporte p\u00fablico.<\/p>\n<h2>Expectativas da Popula\u00e7\u00e3o com as Mudan\u00e7as<\/h2>\n<p>A popula\u00e7\u00e3o de Belo Horizonte espera que essas mudan\u00e7as tragam um transporte p\u00fablico mais acess\u00edvel, confi\u00e1vel e ambientalmente sustent\u00e1vel. Com os novos \u00f4nibus, a expectativa \u00e9 que os usu\u00e1rios sintam uma diferen\u00e7a na experi\u00eancia de viagem, com mais conforto, seguran\u00e7a e uma maior frequ\u00eancia de hor\u00e1rios.<\/p>\n<h2>Pr\u00f3ximos Passos para a Implementa\u00e7\u00e3o<\/h2>\n<p>Ap\u00f3s a aprova\u00e7\u00e3o dos recursos e a defini\u00e7\u00e3o do plano de a\u00e7\u00e3o, o pr\u00f3ximo passo \u00e9 o processo de licita\u00e7\u00e3o para aquisi\u00e7\u00e3o dos novos \u00f4nibus. Uma vez que os novos ve\u00edculos estejam em opera\u00e7\u00e3o, a popula\u00e7\u00e3o poder\u00e1 observar as melhorias prometidas em todos os aspectos do transporte p\u00fablico na cidade.<\/p>\n\n<div style=\"font-size: 0px; height: 0px; line-height: 0px; margin: 0; padding: 0; clear: both;\"><\/div>","protected":false},"excerpt":{"rendered":"<p>Belo Horizonte receber\u00e1 R$ 29 milh\u00f5es para modernizar a frota de \u00f4nibus e melhorar o transporte p\u00fablico.<\/p>\n","protected":false},"author":1,"featured_media":3749,"comment_status":"closed","ping_status":"closed","sticky":false,"template":"","format":"standard","meta":{"footnotes":""},"categories":[6],"tags":[],"class_list":["post-3750","post","type-post","status-publish","format-standard","has-post-thumbnail","hentry","category-noticias","has_thumb"],"aioseo_notices":[],"_links":{"self":[{"href":"https:\/\/www.encontrabelohorizonte.com.br\/sobre\/wp-json\/wp\/v2\/posts\/3750","targetHints":{"allow":["GET"]}}],"collection":[{"href":"https:\/\/www.encontrabelohorizonte.com.br\/sobre\/wp-json\/wp\/v2\/posts"}],"about":[{"href":"https:\/\/www.encontrabelohorizonte.com.br\/sobre\/wp-json\/wp\/v2\/types\/post"}],"author":[{"embeddable":true,"href":"https:\/\/www.encontrabelohorizonte.com.br\/sobre\/wp-json\/wp\/v2\/users\/1"}],"replies":[{"embeddable":true,"href":"https:\/\/www.encontrabelohorizonte.com.br\/sobre\/wp-json\/wp\/v2\/comments?post=3750"}],"version-history":[{"count":0,"href":"https:\/\/www.encontrabelohorizonte.com.br\/sobre\/wp-json\/wp\/v2\/posts\/3750\/revisions"}],"wp:featuredmedia":[{"embeddable":true,"href":"https:\/\/www.encontrabelohorizonte.com.br\/sobre\/wp-json\/wp\/v2\/media\/3749"}],"wp:attachment":[{"href":"https:\/\/www.encontrabelohorizonte.com.br\/sobre\/wp-json\/wp\/v2\/media?parent=3750"}],"wp:term":[{"taxonomy":"category","embeddable":true,"href":"https:\/\/www.encontrabelohorizonte.com.br\/sobre\/wp-json\/wp\/v2\/categories?post=3750"},{"taxonomy":"post_tag","embeddable":true,"href":"https:\/\/www.encontrabelohorizonte.com.br\/sobre\/wp-json\/wp\/v2\/tags?post=3750"}],"curies":[{"name":"wp","href":"https:\/\/api.w.org\/{rel}","templated":true}]}}