{"id":3757,"date":"2026-03-21T05:17:46","date_gmt":"2026-03-21T08:17:46","guid":{"rendered":"https:\/\/www.encontrabelohorizonte.com.br\/sobre\/belo-horizonte-deve-ter-um-dia-de-ceu-muito-nublado-com-tempestades-localizadas-nesta-quarta\/"},"modified":"2026-03-21T05:17:46","modified_gmt":"2026-03-21T08:17:46","slug":"belo-horizonte-deve-ter-um-dia-de-ceu-muito-nublado-com-tempestades-localizadas-nesta-quarta","status":"publish","type":"post","link":"https:\/\/www.encontrabelohorizonte.com.br\/sobre\/belo-horizonte-deve-ter-um-dia-de-ceu-muito-nublado-com-tempestades-localizadas-nesta-quarta\/","title":{"rendered":"Belo Horizonte deve ter um dia de c\u00e9u muito nublado com tempestades localizadas nesta quarta"},"content":{"rendered":"<div class=\"2e083cf0b19e2c11948dc6ac054ba979\" data-index=\"1\" style=\"float: none; margin:0px;\">\n<!-- Anuncio display - global -->\r\n<ins class=\"adsbygoogle\"\r\n     style=\"display:block\"\r\n     data-ad-client=\"ca-pub-8585364105181520\"\r\n     data-ad-slot=\"8789329856\"\r\n     data-ad-format=\"auto\"\r\n     data-full-width-responsive=\"true\"><\/ins>\r\n<script>\r\n     (adsbygoogle = window.adsbygoogle || []).push({});\r\n<\/script>\n<\/div>\n<h2>Condi\u00e7\u00f5es Meteorol\u00f3gicas para Belo Horizonte<\/h2>\n<p>No dia 25 de fevereiro de 2026, a previs\u00e3o para Belo Horizonte indica um c\u00e9u predominantemente nublado, podendo ocorrer tempestades localizadas ao longo do dia. As temperaturas ficar\u00e3o entre 18\u00b0C e 26\u00b0C, oferecendo uma varia\u00e7\u00e3o consider\u00e1vel.<\/p>\n<h2>Como ser\u00e1 o tempo durante o dia em Belo Horizonte?<\/h2>\n<p>A madrugada em Belo Horizonte se apresenta com temperaturas agrad\u00e1veis, em torno de 18\u00b0C, proporcionando um ambiente confort\u00e1vel. Pela manh\u00e3, espera-se um leve aumento na temperatura, com os term\u00f4metros atingindo at\u00e9 26\u00b0C. A tarde promete ser mais quente, com a temperatura m\u00e1xima alcan\u00e7ando novamente 26\u00b0C. No entanto, \u00e0 noite, as temperaturas tendem a se estabilizar, retornando a 18\u00b0C.<\/p>\n<h2>Umidade Relativa do Ar em Belo Horizonte<\/h2>\n<p>Durante o dia, a umidade relativa do ar em Belo Horizonte dever\u00e1 apresentar varia\u00e7\u00f5es significativas. A previs\u00e3o \u00e9 que alcance 100% nas primeiras horas da manh\u00e3 e diminua para cerca de 60% nas horas mais secas do dia, que geralmente ocorrem \u00e0 tarde.<\/p>\n<p><img decoding=\"async\" src=\"https:\/\/www.encontrabelohorizonte.com.br\/sobre\/wp-content\/uploads\/belo-horizonte-deve-ter-um-dia-de-ceu-muito-nublado-com-tempestades-localizadas-nesta-quarta.webp\" alt=\"previs\u00e3o do tempo em Belo Horizonte\" loading=\"lazy\" \/><\/p>\n<h2>Dire\u00e7\u00e3o e Intensidade do Vento em Belo Horizonte<\/h2>\n<p>Os ventos na regi\u00e3o ter\u00e3o intensidade predominante baixa, soprando principalmente do noroeste para o oeste ao longo do dia. O sol nascer\u00e1 \u00e0s 05h53 e se por\u00e1 \u00e0s 18h28, proporcionando um per\u00edodo adequado para atividades ao ar livre pela manh\u00e3.<\/p>\n<h2>Temperaturas Esperadas para Amanh\u00e3 em Belo Horizonte<\/h2>\n<ul>\n<li><strong>Data:<\/strong> 26 de fevereiro de 2026 &#8211; As previs\u00f5es indicam um c\u00e9u encoberto, com chuviscos pela manh\u00e3 e \u00e0 noite, e pancadas leves esperadas durante a tarde. As temperaturas estar\u00e3o entre 18\u00b0C e 28\u00b0C.<\/li>\n<li><strong>Data:<\/strong> 27 de fevereiro de 2026 &#8211; A previs\u00e3o \u00e9 de varia\u00e7\u00e3o entre 18\u00b0C e 28\u00b0C, com a possibilidade de chuvas r\u00e1pidas em forma de pancadas fortes.<\/li>\n<li><strong>Data:<\/strong> 28 de fevereiro de 2026 &#8211; As temperaturas dever\u00e3o ficar entre 16\u00b0C e 29\u00b0C; o c\u00e9u permanecer\u00e1 nublado com a possibilidade de pancadas r\u00e1pidas.<\/li>\n<li><strong>Data:<\/strong> 1 de mar\u00e7o de 2026 &#8211; Espera-se um intervalo de 15\u00b0C a 26\u00b0C, com c\u00e9u totalmente nublado.<\/li>\n<\/ul>\n<h2>Previs\u00e3o do Tempo para os Pr\u00f3ximos Dias<\/h2>\n<p>Nos dias subsequentes, a situa\u00e7\u00e3o meteorol\u00f3gica em Belo Horizonte permanecer\u00e1 inst\u00e1vel, com a persist\u00eancia de chuvas e varia\u00e7\u00f5es de temperatura. \u00c9 fundamental que os cidad\u00e3os estejam atentos a poss\u00edveis alertas meteorol\u00f3gicos, uma vez que as tempestades podem causar transtornos.<\/p>\n<h2>Efeitos das Tempestades na Cidade<\/h2>\n<p>Tempestades podem ter diversos efeitos adversos na cidade, incluindo alagamentos, quedas de \u00e1rvores e complica\u00e7\u00f5es na mobilidade urbana. \u00c9 crucial que a popula\u00e7\u00e3o adote precau\u00e7\u00f5es para evitar acidentes, principalmente durante per\u00edodos de forte chuva.<\/p>\n<h2>Dicas para se Proteger de Tempestades<\/h2>\n<p>Para garantir a seguran\u00e7a durante tempestades, recomenda-se:<\/p>\n<ul>\n<li>Ficar em locais cobertos e evitar a exposi\u00e7\u00e3o ao ar livre durante a chuva forte.<\/li>\n<li>Desligar aparelhos eletr\u00f4nicos e evitar o uso do telefone fixo durante tempestades el\u00e9tricas.<\/li>\n<li>Manter-se informado atrav\u00e9s de aplicativos ou servi\u00e7os de meteorologia.<\/li>\n<li>Ter um kit de emerg\u00eancia pronto, contendo lanternas, \u00e1gua e alimentos n\u00e3o perec\u00edveis.<\/li>\n<\/ul>\n<h2>O que Fazer em Caso de Alerta de Tempestade<\/h2>\n<p>Em caso de alerta de tempestade, siga estas orienta\u00e7\u00f5es:<\/p>\n<ul>\n<li>Acompanhe as not\u00edcias e atualiza\u00e7\u00f5es sobre a situa\u00e7\u00e3o meteorol\u00f3gica.<\/li>\n<li>Evite \u00e1reas ribeirinhas e eleva\u00e7\u00f5es que possam ser afetadas por deslizamentos.<\/li>\n<li>Comunique-se com familiares e amigos sobre a situa\u00e7\u00e3o e combinarem um local seguro em caso de emerg\u00eancia.<\/li>\n<\/ul>\n<h2>Hist\u00f3rico de Previs\u00f5es Clim\u00e1ticas em Belo Horizonte<\/h2>\n<p>Analisando o hist\u00f3rico de previs\u00f5es clim\u00e1ticas em Belo Horizonte, observa-se uma tend\u00eancia de chuvas durante o ver\u00e3o, t\u00edpicas na regi\u00e3o, geralmente associadas \u00e0 forma\u00e7\u00e3o de tempestades. A cobertura nuvem e os n\u00edveis de umidade s\u00e3o fatores cr\u00edticos que afetam n\u00e3o s\u00f3 o clima, mas tamb\u00e9m a vida cotidiana dos habitantes.<\/p>\n<h2>Import\u00e2ncia de Acompanhar a Previs\u00e3o do Tempo<\/h2>\n<p>Acompanhar as previs\u00f5es do tempo \u00e9 fundamental para a seguran\u00e7a e o planejamento das atividades di\u00e1rias. Com informa\u00e7\u00f5es atualizadas, a popula\u00e7\u00e3o pode evitar riscos e se preparar adequadamente para qualquer condi\u00e7\u00e3o clim\u00e1tica adversa que se apresente.<\/p>\n\n<div style=\"font-size: 0px; height: 0px; line-height: 0px; margin: 0; padding: 0; clear: both;\"><\/div>","protected":false},"excerpt":{"rendered":"<p>Belo Horizonte ter\u00e1 um dia nublado com tempestades localizadas e temperaturas entre 18\u00b0C e 26\u00b0C.<\/p>\n","protected":false},"author":1,"featured_media":3756,"comment_status":"closed","ping_status":"closed","sticky":false,"template":"","format":"standard","meta":{"footnotes":""},"categories":[6],"tags":[],"class_list":["post-3757","post","type-post","status-publish","format-standard","has-post-thumbnail","hentry","category-noticias","has_thumb"],"aioseo_notices":[],"aioseo_head":"\n\t\t<!-- All in One SEO 5.0.0.1 - aioseo.com -->\n\t<meta name=\"description\" content=\"Belo Horizonte ter\u00e1 um dia nublado com tempestades localizadas e temperaturas entre 18\u00b0C e 26\u00b0C.\" \/>\n\t<meta name=\"robots\" content=\"max-image-preview:large\" \/>\n\t<meta name=\"author\" content=\"Encontra Belo Horizonte\"\/>\n\t<link rel=\"canonical\" href=\"https:\/\/www.encontrabelohorizonte.com.br\/sobre\/belo-horizonte-deve-ter-um-dia-de-ceu-muito-nublado-com-tempestades-localizadas-nesta-quarta\/\" \/>\n\t<meta name=\"generator\" content=\"All in One SEO (AIOSEO) 5.0.0.1\" \/>\n\t\t<meta property=\"og:locale\" content=\"pt_BR\" \/>\n\t\t<meta property=\"og:site_name\" content=\"Encontra Belo Horizonte | Not\u00edcias, eventos, informa\u00e7\u00f5es e dicas da cidade de Belo Horizonte e regi\u00e3o\" \/>\n\t\t<meta property=\"og:type\" content=\"article\" \/>\n\t\t<meta property=\"og:title\" content=\"Belo Horizonte deve ter um dia de c\u00e9u muito nublado com tempestades localizadas nesta quarta | Encontra Belo Horizonte\" \/>\n\t\t<meta property=\"og:description\" content=\"Belo Horizonte ter\u00e1 um dia nublado com tempestades localizadas e temperaturas entre 18\u00b0C e 26\u00b0C.\" \/>\n\t\t<meta property=\"og:url\" content=\"https:\/\/www.encontrabelohorizonte.com.br\/sobre\/belo-horizonte-deve-ter-um-dia-de-ceu-muito-nublado-com-tempestades-localizadas-nesta-quarta\/\" \/>\n\t\t<meta property=\"article:published_time\" content=\"2026-03-21T08:17:46+00:00\" \/>\n\t\t<meta property=\"article:modified_time\" content=\"2026-03-21T08:17:46+00:00\" \/>\n\t\t<meta name=\"twitter:card\" content=\"summary\" \/>\n\t\t<meta name=\"twitter:title\" content=\"Belo Horizonte deve ter um dia de c\u00e9u muito nublado com tempestades localizadas nesta quarta | Encontra Belo Horizonte\" \/>\n\t\t<meta name=\"twitter:description\" content=\"Belo Horizonte ter\u00e1 um dia nublado com tempestades localizadas e temperaturas entre 18\u00b0C e 26\u00b0C.\" \/>\n\t\t<script type=\"application\/ld+json\" class=\"aioseo-schema\">\n\t\t\t{\"@context\":\"https:\\\/\\\/schema.org\",\"@graph\":[{\"@type\":\"Article\",\"@id\":\"https:\\\/\\\/www.encontrabelohorizonte.com.br\\\/sobre\\\/belo-horizonte-deve-ter-um-dia-de-ceu-muito-nublado-com-tempestades-localizadas-nesta-quarta\\\/#article\",\"name\":\"Belo Horizonte deve ter um dia de c\\u00e9u muito nublado com tempestades localizadas nesta quarta | Encontra Belo Horizonte\",\"headline\":\"Belo Horizonte deve ter um dia de c\\u00e9u muito nublado com tempestades localizadas nesta quarta\",\"author\":{\"@id\":\"https:\\\/\\\/www.encontrabelohorizonte.com.br\\\/sobre\\\/author\\\/ebelohorizonte\\\/#author\"},\"publisher\":{\"@id\":\"https:\\\/\\\/www.encontrabelohorizonte.com.br\\\/sobre\\\/#organization\"},\"image\":{\"@type\":\"ImageObject\",\"url\":\"https:\\\/\\\/www.encontrabelohorizonte.com.br\\\/sobre\\\/wp-content\\\/uploads\\\/belo-horizonte-deve-ter-um-dia-de-ceu-muito-nublado-com-tempestades-localizadas-nesta-quarta.webp\",\"width\":280,\"height\":280,\"caption\":\"previs\\u00e3o do tempo em Belo Horizonte\"},\"datePublished\":\"2026-03-21T05:17:46-03:00\",\"dateModified\":\"2026-03-21T05:17:46-03:00\",\"inLanguage\":\"pt-BR\",\"mainEntityOfPage\":{\"@id\":\"https:\\\/\\\/www.encontrabelohorizonte.com.br\\\/sobre\\\/belo-horizonte-deve-ter-um-dia-de-ceu-muito-nublado-com-tempestades-localizadas-nesta-quarta\\\/#webpage\"},\"isPartOf\":{\"@id\":\"https:\\\/\\\/www.encontrabelohorizonte.com.br\\\/sobre\\\/belo-horizonte-deve-ter-um-dia-de-ceu-muito-nublado-com-tempestades-localizadas-nesta-quarta\\\/#webpage\"},\"articleSection\":\"Not\\u00edcias Belo Horizonte\"},{\"@type\":\"BreadcrumbList\",\"@id\":\"https:\\\/\\\/www.encontrabelohorizonte.com.br\\\/sobre\\\/belo-horizonte-deve-ter-um-dia-de-ceu-muito-nublado-com-tempestades-localizadas-nesta-quarta\\\/#breadcrumblist\",\"itemListElement\":[{\"@type\":\"ListItem\",\"@id\":\"https:\\\/\\\/www.encontrabelohorizonte.com.br\\\/sobre#listItem\",\"position\":1,\"name\":\"In\\u00edcio\",\"item\":\"https:\\\/\\\/www.encontrabelohorizonte.com.br\\\/sobre\",\"nextItem\":{\"@type\":\"ListItem\",\"@id\":\"https:\\\/\\\/www.encontrabelohorizonte.com.br\\\/sobre\\\/noticias\\\/#listItem\",\"name\":\"Not\\u00edcias Belo Horizonte\"}},{\"@type\":\"ListItem\",\"@id\":\"https:\\\/\\\/www.encontrabelohorizonte.com.br\\\/sobre\\\/noticias\\\/#listItem\",\"position\":2,\"name\":\"Not\\u00edcias Belo Horizonte\",\"item\":\"https:\\\/\\\/www.encontrabelohorizonte.com.br\\\/sobre\\\/noticias\\\/\",\"nextItem\":{\"@type\":\"ListItem\",\"@id\":\"https:\\\/\\\/www.encontrabelohorizonte.com.br\\\/sobre\\\/belo-horizonte-deve-ter-um-dia-de-ceu-muito-nublado-com-tempestades-localizadas-nesta-quarta\\\/#listItem\",\"name\":\"Belo Horizonte deve ter um dia de c\\u00e9u muito nublado com tempestades localizadas nesta quarta\"},\"previousItem\":{\"@type\":\"ListItem\",\"@id\":\"https:\\\/\\\/www.encontrabelohorizonte.com.br\\\/sobre#listItem\",\"name\":\"In\\u00edcio\"}},{\"@type\":\"ListItem\",\"@id\":\"https:\\\/\\\/www.encontrabelohorizonte.com.br\\\/sobre\\\/belo-horizonte-deve-ter-um-dia-de-ceu-muito-nublado-com-tempestades-localizadas-nesta-quarta\\\/#listItem\",\"position\":3,\"name\":\"Belo Horizonte deve ter um dia de c\\u00e9u muito nublado com tempestades localizadas nesta quarta\",\"previousItem\":{\"@type\":\"ListItem\",\"@id\":\"https:\\\/\\\/www.encontrabelohorizonte.com.br\\\/sobre\\\/noticias\\\/#listItem\",\"name\":\"Not\\u00edcias Belo Horizonte\"}}]},{\"@type\":\"Organization\",\"@id\":\"https:\\\/\\\/www.encontrabelohorizonte.com.br\\\/sobre\\\/#organization\",\"name\":\"Encontra Belo Horizonte\",\"description\":\"Not\\u00edcias, eventos, informa\\u00e7\\u00f5es e dicas da cidade de Belo Horizonte e regi\\u00e3o\",\"url\":\"https:\\\/\\\/www.encontrabelohorizonte.com.br\\\/sobre\\\/\"},{\"@type\":\"Person\",\"@id\":\"https:\\\/\\\/www.encontrabelohorizonte.com.br\\\/sobre\\\/author\\\/ebelohorizonte\\\/#author\",\"url\":\"https:\\\/\\\/www.encontrabelohorizonte.com.br\\\/sobre\\\/author\\\/ebelohorizonte\\\/\",\"name\":\"Encontra Belo Horizonte\",\"image\":{\"@type\":\"ImageObject\",\"@id\":\"https:\\\/\\\/www.encontrabelohorizonte.com.br\\\/sobre\\\/belo-horizonte-deve-ter-um-dia-de-ceu-muito-nublado-com-tempestades-localizadas-nesta-quarta\\\/#authorImage\",\"url\":\"https:\\\/\\\/secure.gravatar.com\\\/avatar\\\/507340682b8270222e1f208e23198b6ae7e2c6a1033ae84e99bc6bce4f82a387?s=96&d=mm&r=g\",\"width\":96,\"height\":96,\"caption\":\"Encontra Belo Horizonte\"}},{\"@type\":\"WebPage\",\"@id\":\"https:\\\/\\\/www.encontrabelohorizonte.com.br\\\/sobre\\\/belo-horizonte-deve-ter-um-dia-de-ceu-muito-nublado-com-tempestades-localizadas-nesta-quarta\\\/#webpage\",\"url\":\"https:\\\/\\\/www.encontrabelohorizonte.com.br\\\/sobre\\\/belo-horizonte-deve-ter-um-dia-de-ceu-muito-nublado-com-tempestades-localizadas-nesta-quarta\\\/\",\"name\":\"Belo Horizonte deve ter um dia de c\\u00e9u muito nublado com tempestades localizadas nesta quarta | Encontra Belo Horizonte\",\"description\":\"Belo Horizonte ter\\u00e1 um dia nublado com tempestades localizadas e temperaturas entre 18\\u00b0C e 26\\u00b0C.\",\"inLanguage\":\"pt-BR\",\"isPartOf\":{\"@id\":\"https:\\\/\\\/www.encontrabelohorizonte.com.br\\\/sobre\\\/#website\"},\"breadcrumb\":{\"@id\":\"https:\\\/\\\/www.encontrabelohorizonte.com.br\\\/sobre\\\/belo-horizonte-deve-ter-um-dia-de-ceu-muito-nublado-com-tempestades-localizadas-nesta-quarta\\\/#breadcrumblist\"},\"author\":{\"@id\":\"https:\\\/\\\/www.encontrabelohorizonte.com.br\\\/sobre\\\/author\\\/ebelohorizonte\\\/#author\"},\"creator\":{\"@id\":\"https:\\\/\\\/www.encontrabelohorizonte.com.br\\\/sobre\\\/author\\\/ebelohorizonte\\\/#author\"},\"image\":{\"@type\":\"ImageObject\",\"url\":\"https:\\\/\\\/www.encontrabelohorizonte.com.br\\\/sobre\\\/wp-content\\\/uploads\\\/belo-horizonte-deve-ter-um-dia-de-ceu-muito-nublado-com-tempestades-localizadas-nesta-quarta.webp\",\"@id\":\"https:\\\/\\\/www.encontrabelohorizonte.com.br\\\/sobre\\\/belo-horizonte-deve-ter-um-dia-de-ceu-muito-nublado-com-tempestades-localizadas-nesta-quarta\\\/#mainImage\",\"width\":280,\"height\":280,\"caption\":\"previs\\u00e3o do tempo em Belo Horizonte\"},\"primaryImageOfPage\":{\"@id\":\"https:\\\/\\\/www.encontrabelohorizonte.com.br\\\/sobre\\\/belo-horizonte-deve-ter-um-dia-de-ceu-muito-nublado-com-tempestades-localizadas-nesta-quarta\\\/#mainImage\"},\"datePublished\":\"2026-03-21T05:17:46-03:00\",\"dateModified\":\"2026-03-21T05:17:46-03:00\"},{\"@type\":\"WebSite\",\"@id\":\"https:\\\/\\\/www.encontrabelohorizonte.com.br\\\/sobre\\\/#website\",\"url\":\"https:\\\/\\\/www.encontrabelohorizonte.com.br\\\/sobre\\\/\",\"name\":\"Encontra Belo Horizonte\",\"description\":\"Not\\u00edcias, eventos, informa\\u00e7\\u00f5es e dicas da cidade de Belo Horizonte e regi\\u00e3o\",\"inLanguage\":\"pt-BR\",\"publisher\":{\"@id\":\"https:\\\/\\\/www.encontrabelohorizonte.com.br\\\/sobre\\\/#organization\"}}]}\n\t\t<\/script>\n\t\t<!-- All in One SEO -->\n\n","aioseo_head_json":{"title":"Belo Horizonte deve ter um dia de c\u00e9u muito nublado com tempestades localizadas nesta quarta | Encontra Belo Horizonte","description":"Belo Horizonte ter\u00e1 um dia nublado com tempestades localizadas e temperaturas entre 18\u00b0C e 26\u00b0C.","canonical_url":"https:\/\/www.encontrabelohorizonte.com.br\/sobre\/belo-horizonte-deve-ter-um-dia-de-ceu-muito-nublado-com-tempestades-localizadas-nesta-quarta\/","robots":"max-image-preview:large","keywords":"","webmasterTools":{"miscellaneous":""},"schema":{"@context":"https:\/\/schema.org","@graph":[{"@type":"Article","@id":"https:\/\/www.encontrabelohorizonte.com.br\/sobre\/belo-horizonte-deve-ter-um-dia-de-ceu-muito-nublado-com-tempestades-localizadas-nesta-quarta\/#article","name":"Belo Horizonte deve ter um dia de c\u00e9u muito nublado com tempestades localizadas nesta quarta | Encontra Belo Horizonte","headline":"Belo Horizonte deve ter um dia de c\u00e9u muito nublado com tempestades localizadas nesta quarta","author":{"@id":"https:\/\/www.encontrabelohorizonte.com.br\/sobre\/author\/ebelohorizonte\/#author"},"publisher":{"@id":"https:\/\/www.encontrabelohorizonte.com.br\/sobre\/#organization"},"image":{"@type":"ImageObject","url":"https:\/\/www.encontrabelohorizonte.com.br\/sobre\/wp-content\/uploads\/belo-horizonte-deve-ter-um-dia-de-ceu-muito-nublado-com-tempestades-localizadas-nesta-quarta.webp","width":280,"height":280,"caption":"previs\u00e3o do tempo em Belo Horizonte"},"datePublished":"2026-03-21T05:17:46-03:00","dateModified":"2026-03-21T05:17:46-03:00","inLanguage":"pt-BR","mainEntityOfPage":{"@id":"https:\/\/www.encontrabelohorizonte.com.br\/sobre\/belo-horizonte-deve-ter-um-dia-de-ceu-muito-nublado-com-tempestades-localizadas-nesta-quarta\/#webpage"},"isPartOf":{"@id":"https:\/\/www.encontrabelohorizonte.com.br\/sobre\/belo-horizonte-deve-ter-um-dia-de-ceu-muito-nublado-com-tempestades-localizadas-nesta-quarta\/#webpage"},"articleSection":"Not\u00edcias Belo Horizonte"},{"@type":"BreadcrumbList","@id":"https:\/\/www.encontrabelohorizonte.com.br\/sobre\/belo-horizonte-deve-ter-um-dia-de-ceu-muito-nublado-com-tempestades-localizadas-nesta-quarta\/#breadcrumblist","itemListElement":[{"@type":"ListItem","@id":"https:\/\/www.encontrabelohorizonte.com.br\/sobre#listItem","position":1,"name":"In\u00edcio","item":"https:\/\/www.encontrabelohorizonte.com.br\/sobre","nextItem":{"@type":"ListItem","@id":"https:\/\/www.encontrabelohorizonte.com.br\/sobre\/noticias\/#listItem","name":"Not\u00edcias Belo Horizonte"}},{"@type":"ListItem","@id":"https:\/\/www.encontrabelohorizonte.com.br\/sobre\/noticias\/#listItem","position":2,"name":"Not\u00edcias Belo Horizonte","item":"https:\/\/www.encontrabelohorizonte.com.br\/sobre\/noticias\/","nextItem":{"@type":"ListItem","@id":"https:\/\/www.encontrabelohorizonte.com.br\/sobre\/belo-horizonte-deve-ter-um-dia-de-ceu-muito-nublado-com-tempestades-localizadas-nesta-quarta\/#listItem","name":"Belo Horizonte deve ter um dia de c\u00e9u muito nublado com tempestades localizadas nesta quarta"},"previousItem":{"@type":"ListItem","@id":"https:\/\/www.encontrabelohorizonte.com.br\/sobre#listItem","name":"In\u00edcio"}},{"@type":"ListItem","@id":"https:\/\/www.encontrabelohorizonte.com.br\/sobre\/belo-horizonte-deve-ter-um-dia-de-ceu-muito-nublado-com-tempestades-localizadas-nesta-quarta\/#listItem","position":3,"name":"Belo Horizonte deve ter um dia de c\u00e9u muito nublado com tempestades localizadas nesta quarta","previousItem":{"@type":"ListItem","@id":"https:\/\/www.encontrabelohorizonte.com.br\/sobre\/noticias\/#listItem","name":"Not\u00edcias Belo Horizonte"}}]},{"@type":"Organization","@id":"https:\/\/www.encontrabelohorizonte.com.br\/sobre\/#organization","name":"Encontra Belo Horizonte","description":"Not\u00edcias, eventos, informa\u00e7\u00f5es e dicas da cidade de Belo Horizonte e regi\u00e3o","url":"https:\/\/www.encontrabelohorizonte.com.br\/sobre\/"},{"@type":"Person","@id":"https:\/\/www.encontrabelohorizonte.com.br\/sobre\/author\/ebelohorizonte\/#author","url":"https:\/\/www.encontrabelohorizonte.com.br\/sobre\/author\/ebelohorizonte\/","name":"Encontra Belo Horizonte","image":{"@type":"ImageObject","@id":"https:\/\/www.encontrabelohorizonte.com.br\/sobre\/belo-horizonte-deve-ter-um-dia-de-ceu-muito-nublado-com-tempestades-localizadas-nesta-quarta\/#authorImage","url":"https:\/\/secure.gravatar.com\/avatar\/507340682b8270222e1f208e23198b6ae7e2c6a1033ae84e99bc6bce4f82a387?s=96&d=mm&r=g","width":96,"height":96,"caption":"Encontra Belo Horizonte"}},{"@type":"WebPage","@id":"https:\/\/www.encontrabelohorizonte.com.br\/sobre\/belo-horizonte-deve-ter-um-dia-de-ceu-muito-nublado-com-tempestades-localizadas-nesta-quarta\/#webpage","url":"https:\/\/www.encontrabelohorizonte.com.br\/sobre\/belo-horizonte-deve-ter-um-dia-de-ceu-muito-nublado-com-tempestades-localizadas-nesta-quarta\/","name":"Belo Horizonte deve ter um dia de c\u00e9u muito nublado com tempestades localizadas nesta quarta | Encontra Belo Horizonte","description":"Belo Horizonte ter\u00e1 um dia nublado com tempestades localizadas e temperaturas entre 18\u00b0C e 26\u00b0C.","inLanguage":"pt-BR","isPartOf":{"@id":"https:\/\/www.encontrabelohorizonte.com.br\/sobre\/#website"},"breadcrumb":{"@id":"https:\/\/www.encontrabelohorizonte.com.br\/sobre\/belo-horizonte-deve-ter-um-dia-de-ceu-muito-nublado-com-tempestades-localizadas-nesta-quarta\/#breadcrumblist"},"author":{"@id":"https:\/\/www.encontrabelohorizonte.com.br\/sobre\/author\/ebelohorizonte\/#author"},"creator":{"@id":"https:\/\/www.encontrabelohorizonte.com.br\/sobre\/author\/ebelohorizonte\/#author"},"image":{"@type":"ImageObject","url":"https:\/\/www.encontrabelohorizonte.com.br\/sobre\/wp-content\/uploads\/belo-horizonte-deve-ter-um-dia-de-ceu-muito-nublado-com-tempestades-localizadas-nesta-quarta.webp","@id":"https:\/\/www.encontrabelohorizonte.com.br\/sobre\/belo-horizonte-deve-ter-um-dia-de-ceu-muito-nublado-com-tempestades-localizadas-nesta-quarta\/#mainImage","width":280,"height":280,"caption":"previs\u00e3o do tempo em Belo Horizonte"},"primaryImageOfPage":{"@id":"https:\/\/www.encontrabelohorizonte.com.br\/sobre\/belo-horizonte-deve-ter-um-dia-de-ceu-muito-nublado-com-tempestades-localizadas-nesta-quarta\/#mainImage"},"datePublished":"2026-03-21T05:17:46-03:00","dateModified":"2026-03-21T05:17:46-03:00"},{"@type":"WebSite","@id":"https:\/\/www.encontrabelohorizonte.com.br\/sobre\/#website","url":"https:\/\/www.encontrabelohorizonte.com.br\/sobre\/","name":"Encontra Belo Horizonte","description":"Not\u00edcias, eventos, informa\u00e7\u00f5es e dicas da cidade de Belo Horizonte e regi\u00e3o","inLanguage":"pt-BR","publisher":{"@id":"https:\/\/www.encontrabelohorizonte.com.br\/sobre\/#organization"}}]},"og:locale":"pt_BR","og:site_name":"Encontra Belo Horizonte | Not\u00edcias, eventos, informa\u00e7\u00f5es e dicas da cidade de Belo Horizonte e regi\u00e3o","og:type":"article","og:title":"Belo Horizonte deve ter um dia de c\u00e9u muito nublado com tempestades localizadas nesta quarta | Encontra Belo Horizonte","og:description":"Belo Horizonte ter\u00e1 um dia nublado com tempestades localizadas e temperaturas entre 18\u00b0C e 26\u00b0C.","og:url":"https:\/\/www.encontrabelohorizonte.com.br\/sobre\/belo-horizonte-deve-ter-um-dia-de-ceu-muito-nublado-com-tempestades-localizadas-nesta-quarta\/","article:published_time":"2026-03-21T08:17:46+00:00","article:modified_time":"2026-03-21T08:17:46+00:00","twitter:card":"summary","twitter:title":"Belo Horizonte deve ter um dia de c\u00e9u muito nublado com tempestades localizadas nesta quarta | Encontra Belo Horizonte","twitter:description":"Belo Horizonte ter\u00e1 um dia nublado com tempestades localizadas e temperaturas entre 18\u00b0C e 26\u00b0C."},"aioseo_meta_data":{"post_id":"3757","title":null,"description":null,"keywords":null,"keyphrases":null,"primary_term":null,"canonical_url":null,"og_title":null,"og_description":null,"og_object_type":"default","og_image_type":"default","og_image_url":null,"og_image_width":null,"og_image_height":null,"og_image_custom_url":null,"og_image_custom_fields":null,"og_video":null,"og_custom_url":null,"og_article_section":null,"og_article_tags":null,"twitter_use_og":false,"twitter_card":"default","twitter_image_type":"default","twitter_image_url":null,"twitter_image_custom_url":null,"twitter_image_custom_fields":null,"twitter_title":null,"twitter_description":null,"schema":{"blockGraphs":[],"customGraphs":[],"default":{"data":{"Article":[],"Course":[],"Dataset":[],"FAQPage":[],"Movie":[],"Person":[],"Product":[],"ProductReview":[],"Car":[],"Recipe":[],"Service":[],"SoftwareApplication":[],"WebPage":[]},"graphName":"WebPage","isEnabled":true},"graphs":[]},"schema_type":"default","schema_type_options":null,"pillar_content":false,"robots_default":true,"robots_noindex":false,"robots_noarchive":false,"robots_nosnippet":false,"robots_nofollow":false,"robots_noimageindex":false,"robots_noodp":false,"robots_notranslate":false,"robots_max_snippet":null,"robots_max_videopreview":null,"robots_max_imagepreview":"large","priority":null,"frequency":null,"local_seo":null,"breadcrumb_settings":null,"limit_modified_date":false,"ai":null,"created":"2026-03-21 08:17:50","updated":"2026-03-21 08:35:37","focus_keyword":null,"additional_keywords":null,"truseo_locale":null,"seo_analyzer_scan_date":null},"aioseo_breadcrumb":"<div class=\"aioseo-breadcrumbs\"><span class=\"aioseo-breadcrumb\">\n\t\t\t<a href=\"https:\/\/www.encontrabelohorizonte.com.br\/sobre\" title=\"In\u00edcio\">In\u00edcio<\/a>\n\t\t<\/span><span class=\"aioseo-breadcrumb-separator\">&raquo;<\/span><span class=\"aioseo-breadcrumb\">\n\t\t\t<a href=\"https:\/\/www.encontrabelohorizonte.com.br\/sobre\/noticias\/\" title=\"Not\u00edcias Belo Horizonte\">Not\u00edcias Belo Horizonte<\/a>\n\t\t<\/span><span class=\"aioseo-breadcrumb-separator\">&raquo;<\/span><span class=\"aioseo-breadcrumb\">\n\t\t\tBelo Horizonte deve ter um dia de c\u00e9u muito nublado com tempestades localizadas nesta quarta\n\t\t<\/span><\/div>","aioseo_breadcrumb_json":[{"label":"In\u00edcio","link":"https:\/\/www.encontrabelohorizonte.com.br\/sobre"},{"label":"Not\u00edcias Belo Horizonte","link":"https:\/\/www.encontrabelohorizonte.com.br\/sobre\/noticias\/"},{"label":"Belo Horizonte deve ter um dia de c\u00e9u muito nublado com tempestades localizadas nesta quarta","link":"https:\/\/www.encontrabelohorizonte.com.br\/sobre\/belo-horizonte-deve-ter-um-dia-de-ceu-muito-nublado-com-tempestades-localizadas-nesta-quarta\/"}],"_links":{"self":[{"href":"https:\/\/www.encontrabelohorizonte.com.br\/sobre\/wp-json\/wp\/v2\/posts\/3757","targetHints":{"allow":["GET"]}}],"collection":[{"href":"https:\/\/www.encontrabelohorizonte.com.br\/sobre\/wp-json\/wp\/v2\/posts"}],"about":[{"href":"https:\/\/www.encontrabelohorizonte.com.br\/sobre\/wp-json\/wp\/v2\/types\/post"}],"author":[{"embeddable":true,"href":"https:\/\/www.encontrabelohorizonte.com.br\/sobre\/wp-json\/wp\/v2\/users\/1"}],"replies":[{"embeddable":true,"href":"https:\/\/www.encontrabelohorizonte.com.br\/sobre\/wp-json\/wp\/v2\/comments?post=3757"}],"version-history":[{"count":0,"href":"https:\/\/www.encontrabelohorizonte.com.br\/sobre\/wp-json\/wp\/v2\/posts\/3757\/revisions"}],"wp:featuredmedia":[{"embeddable":true,"href":"https:\/\/www.encontrabelohorizonte.com.br\/sobre\/wp-json\/wp\/v2\/media\/3756"}],"wp:attachment":[{"href":"https:\/\/www.encontrabelohorizonte.com.br\/sobre\/wp-json\/wp\/v2\/media?parent=3757"}],"wp:term":[{"taxonomy":"category","embeddable":true,"href":"https:\/\/www.encontrabelohorizonte.com.br\/sobre\/wp-json\/wp\/v2\/categories?post=3757"},{"taxonomy":"post_tag","embeddable":true,"href":"https:\/\/www.encontrabelohorizonte.com.br\/sobre\/wp-json\/wp\/v2\/tags?post=3757"}],"curies":[{"name":"wp","href":"https:\/\/api.w.org\/{rel}","templated":true}]}}