{"id":3764,"date":"2026-03-23T05:18:12","date_gmt":"2026-03-23T08:18:12","guid":{"rendered":"https:\/\/www.encontrabelohorizonte.com.br\/sobre\/qual-a-previsao-do-tempo-para-minas-gerais-nesta-quarta-25-chuvas-devem-continuar-atingindo-cidades\/"},"modified":"2026-03-23T05:18:12","modified_gmt":"2026-03-23T08:18:12","slug":"qual-a-previsao-do-tempo-para-minas-gerais-nesta-quarta-25-chuvas-devem-continuar-atingindo-cidades","status":"publish","type":"post","link":"https:\/\/www.encontrabelohorizonte.com.br\/sobre\/qual-a-previsao-do-tempo-para-minas-gerais-nesta-quarta-25-chuvas-devem-continuar-atingindo-cidades\/","title":{"rendered":"Qual a previs\u00e3o do tempo para Minas Gerais nesta quarta (25)? Chuvas devem continuar atingindo cidades"},"content":{"rendered":"<div class=\"2e083cf0b19e2c11948dc6ac054ba979\" data-index=\"1\" style=\"float: none; margin:0px;\">\n<!-- Anuncio display - global -->\r\n<ins class=\"adsbygoogle\"\r\n     style=\"display:block\"\r\n     data-ad-client=\"ca-pub-8585364105181520\"\r\n     data-ad-slot=\"8789329856\"\r\n     data-ad-format=\"auto\"\r\n     data-full-width-responsive=\"true\"><\/ins>\r\n<script>\r\n     (adsbygoogle = window.adsbygoogle || []).push({});\r\n<\/script>\n<\/div>\n<h2>Situa\u00e7\u00e3o Atual das Chuvas em Minas Gerais<\/h2>\n<p>Nesta quarta-feira (25), Minas Gerais enfrenta um dia marcado por precipita\u00e7\u00f5es intensas, seguindo a sequ\u00eancia de chuvas que tem afetado o estado. De acordo com os especialistas do Climatempo, o evento clim\u00e1tico \u00e9 especialmente severo no norte do estado, onde uma nova \u00e1rea de baixa press\u00e3o est\u00e1 se formando no oceano, contribuindo para a instabilidade nas condi\u00e7\u00f5es atmosf\u00e9ricas, resultando em chuvas cont\u00ednuas.<\/p>\n<h2>Impactos das Chuvas na Regi\u00e3o Norte<\/h2>\n<p>As chuvas no norte de Minas Gerais est\u00e3o apresentando um quadro alarmante, sendo aguardadas pancadas de chuvas moderadas a fortes ao longo do dia. Isso inclui as cidades de Minas, S\u00e3o Paulo, Esp\u00edrito Santo, e Rio de Janeiro, com possibilidade de temporais, especialmente nas \u00e1reas mais vulner\u00e1veis. O cen\u00e1rio traz preocupa\u00e7\u00f5es, uma vez que a regi\u00e3o j\u00e1 apresenta vulnerabilidades de infraestrutura devido \u00e0s chuvas anteriores, o que acarreta riscos adicionais de alagamentos e deslizamentos de terra.<\/p>\n<h2>Prevendo o Tempo: Como Funciona?<\/h2>\n<p>A previs\u00e3o do tempo \u00e9 realizada a partir de um conjunto complexo de dados meteorol\u00f3gicos coletados por sat\u00e9lites, esta\u00e7\u00f5es meteorol\u00f3gicas e radar meteorol\u00f3gico, que permitem aos meteorologistas desenvolverem modelos para prever o comportamento do clima em regi\u00f5es espec\u00edficas. Essa modelagem \u00e9 fundamental para a emiss\u00e3o de alertas antecipados, permitindo que as autoridades e a popula\u00e7\u00e3o se preparem para eventos clim\u00e1ticos adversos.<\/p>\n<h2>Consequ\u00eancias das Chuvas Intensas<\/h2>\n<p>As consequ\u00eancias de chuvas intensas podem ser devastadoras, incluindo o desabamento de edifica\u00e7\u00f5es, alagamentos e a perda de vidas. A recente situa\u00e7\u00e3o em Minas Gerais j\u00e1 resultou em trag\u00e9dias, com diversas mortes ocorridas na Zona da Mata, deixando resqu\u00edcios de devasta\u00e7\u00e3o e provocando a evacua\u00e7\u00e3o de fam\u00edlias de suas resid\u00eancias. O munic\u00edpio de Juiz de Fora, em particular, est\u00e1 sob alerta elevado devido ao risco de deslizamentos, exigindo a\u00e7\u00e3o imediata das autoridades locais.<\/p>\n<h2>Medidas de Seguran\u00e7a em Per\u00edodos de Tempestade<\/h2>\n<p>Durante per\u00edodos de tempestade, \u00e9 crucial que a popula\u00e7\u00e3o siga algumas medidas de seguran\u00e7a:<\/p>\n<ul>\n<li><strong>Fique Atualizado:<\/strong> Monitorar as previs\u00f5es do tempo e avisos das autoridades \u00e9 fundamental. Ter um r\u00e1dio ou aplicativo de clima pode ajudar.<\/li>\n<li><strong>Deslocamento Seguro:<\/strong> Evite sair de casa durante temporais; em caso de necessidade, prefira rotas seguras e evite \u00e1reas propensas a alagamentos.<\/li>\n<li><strong>Alojamento Emergencial:<\/strong> Estar ciente de locais pr\u00f3ximos que sirvam como abrigo em caso de evacua\u00e7\u00e3o.<\/li>\n<li><strong>Evitar o Uso de Equipamentos El\u00e9tricos:<\/strong> Durante tempestades, desconecte aparelhos para evitar danos ou perigos de choque el\u00e9trico.<\/li>\n<\/ul>\n<h2>Hist\u00f3rico de Chuvas em Minas Gerais<\/h2>\n<p>Minas Gerais possui um hist\u00f3rico de chuvas que, em v\u00e1rias ocasi\u00f5es, se mostraram intensas e destrutivas. O estado \u00e9 conhecido por sua varia\u00e7\u00e3o clim\u00e1tica, onde per\u00edodos de seca podem ser seguidos por chuvas torrenciais. Em fevereiro, por exemplo, a cidade de Juiz de Fora registrou quase 600 mil\u00edmetros de chuvas, o dobro do esperado para o m\u00eas, estabelecendo recordes hist\u00f3ricos em seu volume de precipita\u00e7\u00e3o.<\/p>\n<h2>O Papel do Climatempo nas Previs\u00f5es<\/h2>\n<p>O Climatempo desempenha um papel fundamental ao oferecer informa\u00e7\u00f5es meteorol\u00f3gicas precisas e em tempo real, permitindo que a popula\u00e7\u00e3o e as autoridades se preparem para eventos clim\u00e1ticos adversos. O acesso a dados atualizados \u00e9 vital para minimizar os impactos das chuvas intensas, fornecendo previs\u00f5es que ajudam na mobiliza\u00e7\u00e3o de recursos e na organiza\u00e7\u00e3o de a\u00e7\u00f5es de emerg\u00eancia.<\/p>\n<h2>A\u00e7\u00e3o das Autoridades em Situa\u00e7\u00f5es de Emerg\u00eancia<\/h2>\n<p>Em resposta \u00e0s trag\u00e9dias provocadas pelas chuvas, as autoridades estaduais t\u00eam agido rapidamente para oferecer assist\u00eancia e recursos \u00e0s \u00e1reas afetadas. O governo de Minas Gerais, por exemplo, j\u00e1 liberou doa\u00e7\u00f5es significativas para ajudar as v\u00edtimas, mobilizando equipes de emerg\u00eancia, como bombeiros e agentes de Defesa Civil, para trabalho no resgate e apoio aos desabrigados.<\/p>\n<h2>O Que Esperar para as Pr\u00f3ximas Semanas?<\/h2>\n<p>As previs\u00f5es meteorol\u00f3gicas indicam que a instabilidade continuar\u00e1, com a possibilidade de novas \u00e1reas de baixa press\u00e3o se formarem na costa. Portanto, a popula\u00e7\u00e3o deve se preparar para novos epis\u00f3dios de chuva ao longo das pr\u00f3ximas semanas, o que pode agravar ainda mais a situa\u00e7\u00e3o j\u00e1 cr\u00edtica em regi\u00f5es onde o solo est\u00e1 saturado e suscet\u00edvel a deslizamentos.<\/p>\n<h2>Dicas para se Preparar para as Chuvas<\/h2>\n<p>Para se preparar adequadamente para as chuvas que se aproximam, considere as seguintes dicas:<\/p>\n<ul>\n<li><strong>Elabore um Plano Familiar:<\/strong> Tenha um plano com sua fam\u00edlia sobre o que fazer e para onde ir em caso de emerg\u00eancia.<\/li>\n<li><strong>Mantenha um Kit de Emerg\u00eancia:<\/strong> Inclua lanterna, \u00e1gua, alimentos n\u00e3o perec\u00edveis, medicamentos e documentos importantes.<\/li>\n<li><strong>Identifique Riscos na Sua Resid\u00eancia:<\/strong> Conhe\u00e7a os pontos mais vulner\u00e1veis da sua casa relativos a inunda\u00e7\u00f5es e deslizamentos.<\/li>\n<li><strong>Participe de Simulados:<\/strong> Esteja preparado para evacua\u00e7\u00f5es e siga os protocolos de seguran\u00e7a estabelecidos pela Defesa Civil.<\/li>\n<\/ul>\n\n<div style=\"font-size: 0px; height: 0px; line-height: 0px; margin: 0; padding: 0; clear: both;\"><\/div>","protected":false},"excerpt":{"rendered":"<p>Qual a previs\u00e3o do tempo para Minas Gerais nesta quarta-feira com possibilidade de chuvas intensas?<\/p>\n","protected":false},"author":1,"featured_media":0,"comment_status":"closed","ping_status":"closed","sticky":false,"template":"","format":"standard","meta":{"footnotes":""},"categories":[6],"tags":[],"class_list":["post-3764","post","type-post","status-publish","format-standard","hentry","category-noticias"],"aioseo_notices":[],"aioseo_head":"\n\t\t<!-- All in One SEO 5.0.0.1 - aioseo.com -->\n\t<meta name=\"description\" content=\"Qual a previs\u00e3o do tempo para Minas Gerais nesta quarta-feira com possibilidade de chuvas intensas?\" \/>\n\t<meta name=\"robots\" content=\"max-image-preview:large\" \/>\n\t<meta name=\"author\" content=\"Encontra Belo Horizonte\"\/>\n\t<link rel=\"canonical\" href=\"https:\/\/www.encontrabelohorizonte.com.br\/sobre\/qual-a-previsao-do-tempo-para-minas-gerais-nesta-quarta-25-chuvas-devem-continuar-atingindo-cidades\/\" \/>\n\t<meta name=\"generator\" content=\"All in One SEO (AIOSEO) 5.0.0.1\" \/>\n\t\t<meta property=\"og:locale\" content=\"pt_BR\" \/>\n\t\t<meta property=\"og:site_name\" content=\"Encontra Belo Horizonte | Not\u00edcias, eventos, informa\u00e7\u00f5es e dicas da cidade de Belo Horizonte e regi\u00e3o\" \/>\n\t\t<meta property=\"og:type\" content=\"article\" \/>\n\t\t<meta property=\"og:title\" content=\"Qual a previs\u00e3o do tempo para Minas Gerais nesta quarta (25)? Chuvas devem continuar atingindo cidades | Encontra Belo Horizonte\" \/>\n\t\t<meta property=\"og:description\" content=\"Qual a previs\u00e3o do tempo para Minas Gerais nesta quarta-feira com possibilidade de chuvas intensas?\" \/>\n\t\t<meta property=\"og:url\" content=\"https:\/\/www.encontrabelohorizonte.com.br\/sobre\/qual-a-previsao-do-tempo-para-minas-gerais-nesta-quarta-25-chuvas-devem-continuar-atingindo-cidades\/\" \/>\n\t\t<meta property=\"article:published_time\" content=\"2026-03-23T08:18:12+00:00\" \/>\n\t\t<meta property=\"article:modified_time\" content=\"2026-03-23T08:18:12+00:00\" \/>\n\t\t<meta name=\"twitter:card\" content=\"summary\" \/>\n\t\t<meta name=\"twitter:title\" content=\"Qual a previs\u00e3o do tempo para Minas Gerais nesta quarta (25)? Chuvas devem continuar atingindo cidades | Encontra Belo Horizonte\" \/>\n\t\t<meta name=\"twitter:description\" content=\"Qual a previs\u00e3o do tempo para Minas Gerais nesta quarta-feira com possibilidade de chuvas intensas?\" \/>\n\t\t<script type=\"application\/ld+json\" class=\"aioseo-schema\">\n\t\t\t{\"@context\":\"https:\\\/\\\/schema.org\",\"@graph\":[{\"@type\":\"Article\",\"@id\":\"https:\\\/\\\/www.encontrabelohorizonte.com.br\\\/sobre\\\/qual-a-previsao-do-tempo-para-minas-gerais-nesta-quarta-25-chuvas-devem-continuar-atingindo-cidades\\\/#article\",\"name\":\"Qual a previs\\u00e3o do tempo para Minas Gerais nesta quarta (25)? Chuvas devem continuar atingindo cidades | Encontra Belo Horizonte\",\"headline\":\"Qual a previs\\u00e3o do tempo para Minas Gerais nesta quarta (25)? Chuvas devem continuar atingindo cidades\",\"author\":{\"@id\":\"https:\\\/\\\/www.encontrabelohorizonte.com.br\\\/sobre\\\/author\\\/ebelohorizonte\\\/#author\"},\"publisher\":{\"@id\":\"https:\\\/\\\/www.encontrabelohorizonte.com.br\\\/sobre\\\/#organization\"},\"datePublished\":\"2026-03-23T05:18:12-03:00\",\"dateModified\":\"2026-03-23T05:18:12-03:00\",\"inLanguage\":\"pt-BR\",\"mainEntityOfPage\":{\"@id\":\"https:\\\/\\\/www.encontrabelohorizonte.com.br\\\/sobre\\\/qual-a-previsao-do-tempo-para-minas-gerais-nesta-quarta-25-chuvas-devem-continuar-atingindo-cidades\\\/#webpage\"},\"isPartOf\":{\"@id\":\"https:\\\/\\\/www.encontrabelohorizonte.com.br\\\/sobre\\\/qual-a-previsao-do-tempo-para-minas-gerais-nesta-quarta-25-chuvas-devem-continuar-atingindo-cidades\\\/#webpage\"},\"articleSection\":\"Not\\u00edcias Belo Horizonte\"},{\"@type\":\"BreadcrumbList\",\"@id\":\"https:\\\/\\\/www.encontrabelohorizonte.com.br\\\/sobre\\\/qual-a-previsao-do-tempo-para-minas-gerais-nesta-quarta-25-chuvas-devem-continuar-atingindo-cidades\\\/#breadcrumblist\",\"itemListElement\":[{\"@type\":\"ListItem\",\"@id\":\"https:\\\/\\\/www.encontrabelohorizonte.com.br\\\/sobre#listItem\",\"position\":1,\"name\":\"In\\u00edcio\",\"item\":\"https:\\\/\\\/www.encontrabelohorizonte.com.br\\\/sobre\",\"nextItem\":{\"@type\":\"ListItem\",\"@id\":\"https:\\\/\\\/www.encontrabelohorizonte.com.br\\\/sobre\\\/noticias\\\/#listItem\",\"name\":\"Not\\u00edcias Belo Horizonte\"}},{\"@type\":\"ListItem\",\"@id\":\"https:\\\/\\\/www.encontrabelohorizonte.com.br\\\/sobre\\\/noticias\\\/#listItem\",\"position\":2,\"name\":\"Not\\u00edcias Belo Horizonte\",\"item\":\"https:\\\/\\\/www.encontrabelohorizonte.com.br\\\/sobre\\\/noticias\\\/\",\"nextItem\":{\"@type\":\"ListItem\",\"@id\":\"https:\\\/\\\/www.encontrabelohorizonte.com.br\\\/sobre\\\/qual-a-previsao-do-tempo-para-minas-gerais-nesta-quarta-25-chuvas-devem-continuar-atingindo-cidades\\\/#listItem\",\"name\":\"Qual a previs\\u00e3o do tempo para Minas Gerais nesta quarta (25)? Chuvas devem continuar atingindo cidades\"},\"previousItem\":{\"@type\":\"ListItem\",\"@id\":\"https:\\\/\\\/www.encontrabelohorizonte.com.br\\\/sobre#listItem\",\"name\":\"In\\u00edcio\"}},{\"@type\":\"ListItem\",\"@id\":\"https:\\\/\\\/www.encontrabelohorizonte.com.br\\\/sobre\\\/qual-a-previsao-do-tempo-para-minas-gerais-nesta-quarta-25-chuvas-devem-continuar-atingindo-cidades\\\/#listItem\",\"position\":3,\"name\":\"Qual a previs\\u00e3o do tempo para Minas Gerais nesta quarta (25)? Chuvas devem continuar atingindo cidades\",\"previousItem\":{\"@type\":\"ListItem\",\"@id\":\"https:\\\/\\\/www.encontrabelohorizonte.com.br\\\/sobre\\\/noticias\\\/#listItem\",\"name\":\"Not\\u00edcias Belo Horizonte\"}}]},{\"@type\":\"Organization\",\"@id\":\"https:\\\/\\\/www.encontrabelohorizonte.com.br\\\/sobre\\\/#organization\",\"name\":\"Encontra Belo Horizonte\",\"description\":\"Not\\u00edcias, eventos, informa\\u00e7\\u00f5es e dicas da cidade de Belo Horizonte e regi\\u00e3o\",\"url\":\"https:\\\/\\\/www.encontrabelohorizonte.com.br\\\/sobre\\\/\"},{\"@type\":\"Person\",\"@id\":\"https:\\\/\\\/www.encontrabelohorizonte.com.br\\\/sobre\\\/author\\\/ebelohorizonte\\\/#author\",\"url\":\"https:\\\/\\\/www.encontrabelohorizonte.com.br\\\/sobre\\\/author\\\/ebelohorizonte\\\/\",\"name\":\"Encontra Belo Horizonte\",\"image\":{\"@type\":\"ImageObject\",\"@id\":\"https:\\\/\\\/www.encontrabelohorizonte.com.br\\\/sobre\\\/qual-a-previsao-do-tempo-para-minas-gerais-nesta-quarta-25-chuvas-devem-continuar-atingindo-cidades\\\/#authorImage\",\"url\":\"https:\\\/\\\/secure.gravatar.com\\\/avatar\\\/507340682b8270222e1f208e23198b6ae7e2c6a1033ae84e99bc6bce4f82a387?s=96&d=mm&r=g\",\"width\":96,\"height\":96,\"caption\":\"Encontra Belo Horizonte\"}},{\"@type\":\"WebPage\",\"@id\":\"https:\\\/\\\/www.encontrabelohorizonte.com.br\\\/sobre\\\/qual-a-previsao-do-tempo-para-minas-gerais-nesta-quarta-25-chuvas-devem-continuar-atingindo-cidades\\\/#webpage\",\"url\":\"https:\\\/\\\/www.encontrabelohorizonte.com.br\\\/sobre\\\/qual-a-previsao-do-tempo-para-minas-gerais-nesta-quarta-25-chuvas-devem-continuar-atingindo-cidades\\\/\",\"name\":\"Qual a previs\\u00e3o do tempo para Minas Gerais nesta quarta (25)? Chuvas devem continuar atingindo cidades | Encontra Belo Horizonte\",\"description\":\"Qual a previs\\u00e3o do tempo para Minas Gerais nesta quarta-feira com possibilidade de chuvas intensas?\",\"inLanguage\":\"pt-BR\",\"isPartOf\":{\"@id\":\"https:\\\/\\\/www.encontrabelohorizonte.com.br\\\/sobre\\\/#website\"},\"breadcrumb\":{\"@id\":\"https:\\\/\\\/www.encontrabelohorizonte.com.br\\\/sobre\\\/qual-a-previsao-do-tempo-para-minas-gerais-nesta-quarta-25-chuvas-devem-continuar-atingindo-cidades\\\/#breadcrumblist\"},\"author\":{\"@id\":\"https:\\\/\\\/www.encontrabelohorizonte.com.br\\\/sobre\\\/author\\\/ebelohorizonte\\\/#author\"},\"creator\":{\"@id\":\"https:\\\/\\\/www.encontrabelohorizonte.com.br\\\/sobre\\\/author\\\/ebelohorizonte\\\/#author\"},\"datePublished\":\"2026-03-23T05:18:12-03:00\",\"dateModified\":\"2026-03-23T05:18:12-03:00\"},{\"@type\":\"WebSite\",\"@id\":\"https:\\\/\\\/www.encontrabelohorizonte.com.br\\\/sobre\\\/#website\",\"url\":\"https:\\\/\\\/www.encontrabelohorizonte.com.br\\\/sobre\\\/\",\"name\":\"Encontra Belo Horizonte\",\"description\":\"Not\\u00edcias, eventos, informa\\u00e7\\u00f5es e dicas da cidade de Belo Horizonte e regi\\u00e3o\",\"inLanguage\":\"pt-BR\",\"publisher\":{\"@id\":\"https:\\\/\\\/www.encontrabelohorizonte.com.br\\\/sobre\\\/#organization\"}}]}\n\t\t<\/script>\n\t\t<!-- All in One SEO -->\n\n","aioseo_head_json":{"title":"Qual a previs\u00e3o do tempo para Minas Gerais nesta quarta (25)? Chuvas devem continuar atingindo cidades | Encontra Belo Horizonte","description":"Qual a previs\u00e3o do tempo para Minas Gerais nesta quarta-feira com possibilidade de chuvas intensas?","canonical_url":"https:\/\/www.encontrabelohorizonte.com.br\/sobre\/qual-a-previsao-do-tempo-para-minas-gerais-nesta-quarta-25-chuvas-devem-continuar-atingindo-cidades\/","robots":"max-image-preview:large","keywords":"","webmasterTools":{"miscellaneous":""},"schema":{"@context":"https:\/\/schema.org","@graph":[{"@type":"Article","@id":"https:\/\/www.encontrabelohorizonte.com.br\/sobre\/qual-a-previsao-do-tempo-para-minas-gerais-nesta-quarta-25-chuvas-devem-continuar-atingindo-cidades\/#article","name":"Qual a previs\u00e3o do tempo para Minas Gerais nesta quarta (25)? Chuvas devem continuar atingindo cidades | Encontra Belo Horizonte","headline":"Qual a previs\u00e3o do tempo para Minas Gerais nesta quarta (25)? Chuvas devem continuar atingindo cidades","author":{"@id":"https:\/\/www.encontrabelohorizonte.com.br\/sobre\/author\/ebelohorizonte\/#author"},"publisher":{"@id":"https:\/\/www.encontrabelohorizonte.com.br\/sobre\/#organization"},"datePublished":"2026-03-23T05:18:12-03:00","dateModified":"2026-03-23T05:18:12-03:00","inLanguage":"pt-BR","mainEntityOfPage":{"@id":"https:\/\/www.encontrabelohorizonte.com.br\/sobre\/qual-a-previsao-do-tempo-para-minas-gerais-nesta-quarta-25-chuvas-devem-continuar-atingindo-cidades\/#webpage"},"isPartOf":{"@id":"https:\/\/www.encontrabelohorizonte.com.br\/sobre\/qual-a-previsao-do-tempo-para-minas-gerais-nesta-quarta-25-chuvas-devem-continuar-atingindo-cidades\/#webpage"},"articleSection":"Not\u00edcias Belo Horizonte"},{"@type":"BreadcrumbList","@id":"https:\/\/www.encontrabelohorizonte.com.br\/sobre\/qual-a-previsao-do-tempo-para-minas-gerais-nesta-quarta-25-chuvas-devem-continuar-atingindo-cidades\/#breadcrumblist","itemListElement":[{"@type":"ListItem","@id":"https:\/\/www.encontrabelohorizonte.com.br\/sobre#listItem","position":1,"name":"In\u00edcio","item":"https:\/\/www.encontrabelohorizonte.com.br\/sobre","nextItem":{"@type":"ListItem","@id":"https:\/\/www.encontrabelohorizonte.com.br\/sobre\/noticias\/#listItem","name":"Not\u00edcias Belo Horizonte"}},{"@type":"ListItem","@id":"https:\/\/www.encontrabelohorizonte.com.br\/sobre\/noticias\/#listItem","position":2,"name":"Not\u00edcias Belo Horizonte","item":"https:\/\/www.encontrabelohorizonte.com.br\/sobre\/noticias\/","nextItem":{"@type":"ListItem","@id":"https:\/\/www.encontrabelohorizonte.com.br\/sobre\/qual-a-previsao-do-tempo-para-minas-gerais-nesta-quarta-25-chuvas-devem-continuar-atingindo-cidades\/#listItem","name":"Qual a previs\u00e3o do tempo para Minas Gerais nesta quarta (25)? Chuvas devem continuar atingindo cidades"},"previousItem":{"@type":"ListItem","@id":"https:\/\/www.encontrabelohorizonte.com.br\/sobre#listItem","name":"In\u00edcio"}},{"@type":"ListItem","@id":"https:\/\/www.encontrabelohorizonte.com.br\/sobre\/qual-a-previsao-do-tempo-para-minas-gerais-nesta-quarta-25-chuvas-devem-continuar-atingindo-cidades\/#listItem","position":3,"name":"Qual a previs\u00e3o do tempo para Minas Gerais nesta quarta (25)? Chuvas devem continuar atingindo cidades","previousItem":{"@type":"ListItem","@id":"https:\/\/www.encontrabelohorizonte.com.br\/sobre\/noticias\/#listItem","name":"Not\u00edcias Belo Horizonte"}}]},{"@type":"Organization","@id":"https:\/\/www.encontrabelohorizonte.com.br\/sobre\/#organization","name":"Encontra Belo Horizonte","description":"Not\u00edcias, eventos, informa\u00e7\u00f5es e dicas da cidade de Belo Horizonte e regi\u00e3o","url":"https:\/\/www.encontrabelohorizonte.com.br\/sobre\/"},{"@type":"Person","@id":"https:\/\/www.encontrabelohorizonte.com.br\/sobre\/author\/ebelohorizonte\/#author","url":"https:\/\/www.encontrabelohorizonte.com.br\/sobre\/author\/ebelohorizonte\/","name":"Encontra Belo Horizonte","image":{"@type":"ImageObject","@id":"https:\/\/www.encontrabelohorizonte.com.br\/sobre\/qual-a-previsao-do-tempo-para-minas-gerais-nesta-quarta-25-chuvas-devem-continuar-atingindo-cidades\/#authorImage","url":"https:\/\/secure.gravatar.com\/avatar\/507340682b8270222e1f208e23198b6ae7e2c6a1033ae84e99bc6bce4f82a387?s=96&d=mm&r=g","width":96,"height":96,"caption":"Encontra Belo Horizonte"}},{"@type":"WebPage","@id":"https:\/\/www.encontrabelohorizonte.com.br\/sobre\/qual-a-previsao-do-tempo-para-minas-gerais-nesta-quarta-25-chuvas-devem-continuar-atingindo-cidades\/#webpage","url":"https:\/\/www.encontrabelohorizonte.com.br\/sobre\/qual-a-previsao-do-tempo-para-minas-gerais-nesta-quarta-25-chuvas-devem-continuar-atingindo-cidades\/","name":"Qual a previs\u00e3o do tempo para Minas Gerais nesta quarta (25)? Chuvas devem continuar atingindo cidades | Encontra Belo Horizonte","description":"Qual a previs\u00e3o do tempo para Minas Gerais nesta quarta-feira com possibilidade de chuvas intensas?","inLanguage":"pt-BR","isPartOf":{"@id":"https:\/\/www.encontrabelohorizonte.com.br\/sobre\/#website"},"breadcrumb":{"@id":"https:\/\/www.encontrabelohorizonte.com.br\/sobre\/qual-a-previsao-do-tempo-para-minas-gerais-nesta-quarta-25-chuvas-devem-continuar-atingindo-cidades\/#breadcrumblist"},"author":{"@id":"https:\/\/www.encontrabelohorizonte.com.br\/sobre\/author\/ebelohorizonte\/#author"},"creator":{"@id":"https:\/\/www.encontrabelohorizonte.com.br\/sobre\/author\/ebelohorizonte\/#author"},"datePublished":"2026-03-23T05:18:12-03:00","dateModified":"2026-03-23T05:18:12-03:00"},{"@type":"WebSite","@id":"https:\/\/www.encontrabelohorizonte.com.br\/sobre\/#website","url":"https:\/\/www.encontrabelohorizonte.com.br\/sobre\/","name":"Encontra Belo Horizonte","description":"Not\u00edcias, eventos, informa\u00e7\u00f5es e dicas da cidade de Belo Horizonte e regi\u00e3o","inLanguage":"pt-BR","publisher":{"@id":"https:\/\/www.encontrabelohorizonte.com.br\/sobre\/#organization"}}]},"og:locale":"pt_BR","og:site_name":"Encontra Belo Horizonte | Not\u00edcias, eventos, informa\u00e7\u00f5es e dicas da cidade de Belo Horizonte e regi\u00e3o","og:type":"article","og:title":"Qual a previs\u00e3o do tempo para Minas Gerais nesta quarta (25)? Chuvas devem continuar atingindo cidades | Encontra Belo Horizonte","og:description":"Qual a previs\u00e3o do tempo para Minas Gerais nesta quarta-feira com possibilidade de chuvas intensas?","og:url":"https:\/\/www.encontrabelohorizonte.com.br\/sobre\/qual-a-previsao-do-tempo-para-minas-gerais-nesta-quarta-25-chuvas-devem-continuar-atingindo-cidades\/","article:published_time":"2026-03-23T08:18:12+00:00","article:modified_time":"2026-03-23T08:18:12+00:00","twitter:card":"summary","twitter:title":"Qual a previs\u00e3o do tempo para Minas Gerais nesta quarta (25)? Chuvas devem continuar atingindo cidades | Encontra Belo Horizonte","twitter:description":"Qual a previs\u00e3o do tempo para Minas Gerais nesta quarta-feira com possibilidade de chuvas intensas?"},"aioseo_meta_data":{"post_id":"3764","title":null,"description":null,"keywords":null,"keyphrases":null,"primary_term":null,"canonical_url":null,"og_title":null,"og_description":null,"og_object_type":"default","og_image_type":"default","og_image_url":null,"og_image_width":null,"og_image_height":null,"og_image_custom_url":null,"og_image_custom_fields":null,"og_video":null,"og_custom_url":null,"og_article_section":null,"og_article_tags":null,"twitter_use_og":false,"twitter_card":"default","twitter_image_type":"default","twitter_image_url":null,"twitter_image_custom_url":null,"twitter_image_custom_fields":null,"twitter_title":null,"twitter_description":null,"schema":{"blockGraphs":[],"customGraphs":[],"default":{"data":{"Article":[],"Course":[],"Dataset":[],"FAQPage":[],"Movie":[],"Person":[],"Product":[],"ProductReview":[],"Car":[],"Recipe":[],"Service":[],"SoftwareApplication":[],"WebPage":[]},"graphName":"Article","isEnabled":true},"graphs":[]},"schema_type":"default","schema_type_options":null,"pillar_content":false,"robots_default":true,"robots_noindex":false,"robots_noarchive":false,"robots_nosnippet":false,"robots_nofollow":false,"robots_noimageindex":false,"robots_noodp":false,"robots_notranslate":false,"robots_max_snippet":null,"robots_max_videopreview":null,"robots_max_imagepreview":"large","priority":null,"frequency":null,"local_seo":null,"breadcrumb_settings":null,"limit_modified_date":false,"ai":null,"created":"2026-03-23 08:18:14","updated":"2026-03-23 08:26:40","focus_keyword":null,"additional_keywords":null,"truseo_locale":null,"seo_analyzer_scan_date":null},"aioseo_breadcrumb":"<div class=\"aioseo-breadcrumbs\"><span class=\"aioseo-breadcrumb\">\n\t\t\t<a href=\"https:\/\/www.encontrabelohorizonte.com.br\/sobre\" title=\"In\u00edcio\">In\u00edcio<\/a>\n\t\t<\/span><span class=\"aioseo-breadcrumb-separator\">&raquo;<\/span><span class=\"aioseo-breadcrumb\">\n\t\t\t<a href=\"https:\/\/www.encontrabelohorizonte.com.br\/sobre\/noticias\/\" title=\"Not\u00edcias Belo Horizonte\">Not\u00edcias Belo Horizonte<\/a>\n\t\t<\/span><span class=\"aioseo-breadcrumb-separator\">&raquo;<\/span><span class=\"aioseo-breadcrumb\">\n\t\t\tQual a previs\u00e3o do tempo para Minas Gerais nesta quarta (25)? Chuvas devem continuar atingindo cidades\n\t\t<\/span><\/div>","aioseo_breadcrumb_json":[{"label":"In\u00edcio","link":"https:\/\/www.encontrabelohorizonte.com.br\/sobre"},{"label":"Not\u00edcias Belo Horizonte","link":"https:\/\/www.encontrabelohorizonte.com.br\/sobre\/noticias\/"},{"label":"Qual a previs\u00e3o do tempo para Minas Gerais nesta quarta (25)? Chuvas devem continuar atingindo cidades","link":"https:\/\/www.encontrabelohorizonte.com.br\/sobre\/qual-a-previsao-do-tempo-para-minas-gerais-nesta-quarta-25-chuvas-devem-continuar-atingindo-cidades\/"}],"_links":{"self":[{"href":"https:\/\/www.encontrabelohorizonte.com.br\/sobre\/wp-json\/wp\/v2\/posts\/3764","targetHints":{"allow":["GET"]}}],"collection":[{"href":"https:\/\/www.encontrabelohorizonte.com.br\/sobre\/wp-json\/wp\/v2\/posts"}],"about":[{"href":"https:\/\/www.encontrabelohorizonte.com.br\/sobre\/wp-json\/wp\/v2\/types\/post"}],"author":[{"embeddable":true,"href":"https:\/\/www.encontrabelohorizonte.com.br\/sobre\/wp-json\/wp\/v2\/users\/1"}],"replies":[{"embeddable":true,"href":"https:\/\/www.encontrabelohorizonte.com.br\/sobre\/wp-json\/wp\/v2\/comments?post=3764"}],"version-history":[{"count":0,"href":"https:\/\/www.encontrabelohorizonte.com.br\/sobre\/wp-json\/wp\/v2\/posts\/3764\/revisions"}],"wp:attachment":[{"href":"https:\/\/www.encontrabelohorizonte.com.br\/sobre\/wp-json\/wp\/v2\/media?parent=3764"}],"wp:term":[{"taxonomy":"category","embeddable":true,"href":"https:\/\/www.encontrabelohorizonte.com.br\/sobre\/wp-json\/wp\/v2\/categories?post=3764"},{"taxonomy":"post_tag","embeddable":true,"href":"https:\/\/www.encontrabelohorizonte.com.br\/sobre\/wp-json\/wp\/v2\/tags?post=3764"}],"curies":[{"name":"wp","href":"https:\/\/api.w.org\/{rel}","templated":true}]}}