{"id":3777,"date":"2026-03-26T05:27:41","date_gmt":"2026-03-26T08:27:41","guid":{"rendered":"https:\/\/www.encontrabelohorizonte.com.br\/sobre\/camara-aprova-projeto-que-autoriza-internacao-involuntaria-de-dependentes-quimicos-em-bh\/"},"modified":"2026-03-26T05:27:41","modified_gmt":"2026-03-26T08:27:41","slug":"camara-aprova-projeto-que-autoriza-internacao-involuntaria-de-dependentes-quimicos-em-bh","status":"publish","type":"post","link":"https:\/\/www.encontrabelohorizonte.com.br\/sobre\/camara-aprova-projeto-que-autoriza-internacao-involuntaria-de-dependentes-quimicos-em-bh\/","title":{"rendered":"C\u00e2mara aprova projeto que autoriza interna\u00e7\u00e3o involunt\u00e1ria de dependentes qu\u00edmicos em BH"},"content":{"rendered":"<div class=\"2e083cf0b19e2c11948dc6ac054ba979\" data-index=\"1\" style=\"float: none; margin:0px;\">\n<!-- Anuncio display - global -->\r\n<ins class=\"adsbygoogle\"\r\n     style=\"display:block\"\r\n     data-ad-client=\"ca-pub-8585364105181520\"\r\n     data-ad-slot=\"8789329856\"\r\n     data-ad-format=\"auto\"\r\n     data-full-width-responsive=\"true\"><\/ins>\r\n<script>\r\n     (adsbygoogle = window.adsbygoogle || []).push({});\r\n<\/script>\n<\/div>\n<h2>Entenda o Projeto de Interna\u00e7\u00e3o Involunt\u00e1ria<\/h2>\n<p>Recentemente, a C\u00e2mara Municipal de Belo Horizonte (BH) aprovou, em segundo turno, um projeto de lei que avaliza a interna\u00e7\u00e3o involunt\u00e1ria de pessoas com depend\u00eancia qu\u00edmica na rede de sa\u00fade municipal. A medida visa oferecer um sistema de tratamento mais eficaz para indiv\u00edduos que estejam em situa\u00e7\u00f5es que possam colocar em risco a sua integridade f\u00edsica ou a de terceiros. O projeto, elaborado pelo vereador Braulio Lara, foi resultado de uma ampla discuss\u00e3o dentro da c\u00e2mara e recebeu tanto apoio quanto resist\u00eancia da popula\u00e7\u00e3o e dos vereadores.<\/p>\n<p>A proposta inicial foi modificada ao longo do processo, recebendo emendas que ajustaram seu conte\u00fado e abrang\u00eancia. A aprova\u00e7\u00e3o ocorreu em meio a debates intensos e manifesta\u00e7\u00f5es de grupos favor\u00e1veis e contr\u00e1rios \u00e0 medida, refletindo a polariza\u00e7\u00e3o do tema na sociedade.<\/p>\n<h2>Impactos da Vota\u00e7\u00e3o na Sa\u00fade Mental<\/h2>\n<p>A legisla\u00e7\u00e3o que autoriza a interna\u00e7\u00e3o involunt\u00e1ria pode ter impactos significativos na sa\u00fade mental da popula\u00e7\u00e3o atingida. Por um lado, oferece uma alternativa para aqueles que n\u00e3o conseguem buscar ajuda por conta pr\u00f3pria. Por outro, gera preocupa\u00e7\u00f5es sobre a viola\u00e7\u00e3o de direitos humanos e a possibilidade de abusos no processo de interna\u00e7\u00e3o.<\/p>\n<p><img decoding=\"async\" src=\"https:\/\/www.encontrabelohorizonte.com.br\/sobre\/wp-content\/uploads\/camara-aprova-projeto-que-autoriza-internacao-involuntaria-de-dependentes-quimicos-em-bh.webp\" alt=\"interna\u00e7\u00e3o involunt\u00e1ria de dependentes qu\u00edmicos\" loading=\"lazy\" \/><\/p>\n<p>As implica\u00e7\u00f5es \u00e9ticas e sociais da lei s\u00e3o amplas. Profissionais de sa\u00fade mental e defensores dos direitos humanos destacam que a interna\u00e7\u00e3o, se n\u00e3o for bem monitorada, pode prejudicar a assist\u00eancia que deveria ser oferecida, levando a um tratamento coercivo e desumanizado. \u00c9 vital que a implementa\u00e7\u00e3o da lei conte com protocolos rigorosos e monitoramentos constantes para garantir que os direitos dos pacientes sejam respeitados e que o tratamento oferecido seja realmente efetivo.<\/p>\n<h2>Rea\u00e7\u00f5es da Comunidade e Movimentos Sociais<\/h2>\n<p>Desde a proposta inicial at\u00e9 a vota\u00e7\u00e3o final, diversos grupos sociais se mobilizaram para expressar seu posicionamento sobre o projeto de lei. Entre eles, houve representantes de movimentos sociais, ativistas da sa\u00fade mental e da luta antimanicomial e cidad\u00e3os comuns preocupados com as repercuss\u00f5es da interna\u00e7\u00e3o involunt\u00e1ria.<\/p>\n<p>Os cr\u00edticos argumentam que a decis\u00e3o de retirar a liberdade de um indiv\u00edduo pode ser contraproducente, uma vez que a recupera\u00e7\u00e3o efetiva requer consentimento e motiva\u00e7\u00e3o interna para mudar. Por outro lado, apoiadores da proposta defendem que muitos dependentes qu\u00edmicos precisam de interven\u00e7\u00e3o agressiva devido \u00e0 gravidade de seu estado.<\/p>\n<h2>O Papel da C\u00e2mara Municipal na Decis\u00e3o<\/h2>\n<p>A C\u00e2mara Municipal desempenha um papel crucial na elabora\u00e7\u00e3o de leis que afetam diretamente a vida dos cidad\u00e3os. A aprova\u00e7\u00e3o do projeto de interna\u00e7\u00e3o involunt\u00e1ria demonstra a necessidade de equilibrar as medidas de sa\u00fade p\u00fablica com o respeito aos direitos individuais.<\/p>\n<p>O papel dos vereadores, que s\u00e3o representantes da popula\u00e7\u00e3o, \u00e9 garantir que a legisla\u00e7\u00e3o atenda \u00e0s necessidades da sociedade e que seja discutida amplamente antes da aprova\u00e7\u00e3o. A participa\u00e7\u00e3o ativa da comunidade e a transpar\u00eancia nas decis\u00f5es s\u00e3o essenciais para construir um sistema de sa\u00fade mais justo e eficaz.<\/p>\n<h2>Como Funciona a Interna\u00e7\u00e3o Involunt\u00e1ria<\/h2>\n<p>O processo de interna\u00e7\u00e3o involunt\u00e1ria, conforme estabelecido pelo projeto, pode ser solicitado por familiares, representantes legais ou profissionais de sa\u00fade em casos extremos. Para que a interna\u00e7\u00e3o ocorra, \u00e9 necess\u00e1rio um parecer m\u00e9dico que avalie a necessidade do tratamento.<\/p>\n<p>Al\u00e9m disso, a interna\u00e7\u00e3o involunt\u00e1ria s\u00f3 poder\u00e1 ser realizada ap\u00f3s a constata\u00e7\u00e3o de que outras terapias ambulatoriais n\u00e3o foram eficazes. Essa progress\u00e3o visa assegurar que a interna\u00e7\u00e3o seja uma medida extrema, aplicada apenas em casos onde o paciente representa risco para si ou para outros.<\/p>\n<h2>Quest\u00f5es de Direitos Humanos Envolvidas<\/h2>\n<p>Um dos maiores pontos de discuss\u00e3o sobre a nova legisla\u00e7\u00e3o \u00e9 a quest\u00e3o dos direitos humanos. Internar um indiv\u00edduo sem seu consentimento \u00e9 uma medida extrema que levanta preocupa\u00e7\u00f5es sobre poss\u00edveis viola\u00e7\u00f5es dos direitos fundamentais dos cidad\u00e3os.<\/p>\n<p>Organiza\u00e7\u00f5es de direitos humanos argumentam que a abordagem coercitiva pode levar a situa\u00e7\u00f5es de abuso e sofrimento desnecess\u00e1rio. Para garantir que a pol\u00edtica seja aplicada de maneira \u00e9tica, \u00e9 fundamental estabelecer mecanismos de controle e supervis\u00e3o, assim como garantir que os profissionais envolvidos estejam devidamente treinados para abordar os pacientes com respeito e dignidade.<\/p>\n<h2>Protestos e Apoios Durante a Vota\u00e7\u00e3o<\/h2>\n<p>Durante a vota\u00e7\u00e3o, a presen\u00e7a de apoiadores e opositores do projeto no plen\u00e1rio da C\u00e2mara Municipal foi marcante. Enquanto alguns grupos organizavam protestos contra a medida, outros defendiam a urg\u00eancia de implementar mecanismos para tratar dependentes qu\u00edmicos que n\u00e3o buscam ajuda voluntariamente.<\/p>\n<p>A sess\u00e3o foi marcada por tumultos e interrup\u00e7\u00f5es, mostrando a tens\u00e3o gerada pela proposta. O apoio e a resist\u00eancia \u00e0 interna\u00e7\u00e3o involunt\u00e1ria refletem as diferentes percep\u00e7\u00f5es que a sociedade tem sobre a depend\u00eancia qu\u00edmica e o papel do Estado na interven\u00e7\u00e3o nesses casos.<\/p>\n<h2>Emendas e Altera\u00e7\u00f5es no Texto Original<\/h2>\n<p>O projeto passou por altera\u00e7\u00f5es significativas antes de sua aprova\u00e7\u00e3o final. As emendas foram integradas para proporcionar mais seguran\u00e7a e delimitar o tempo de interna\u00e7\u00e3o, estabelecendo um limite de 90 dias, por exemplo.<\/p>\n<p>Essas modifica\u00e7\u00f5es foram uma resposta \u00e0s preocupa\u00e7\u00f5es expressas por diversos vereadores e pela popula\u00e7\u00e3o, refletindo uma necessidade de aproxima\u00e7\u00e3o na legisla\u00e7\u00e3o que busca respeitar tanto a sa\u00fade p\u00fablica quanto os direitos individuais dos pacientes.<\/p>\n<h2>Pr\u00f3ximos Passos Ap\u00f3s a Aprova\u00e7\u00e3o<\/h2>\n<p>Com a aprova\u00e7\u00e3o do projeto, o pr\u00f3ximo passo ser\u00e1 a sua reda\u00e7\u00e3o final e o envio ao prefeito para san\u00e7\u00e3o ou veto. Dependendo da decis\u00e3o do prefeito, o projeto poder\u00e1 ser implementado e operacionalizado na rede de sa\u00fade municipal.<\/p>\n<p>A implementa\u00e7\u00e3o efetiva da lei exigir\u00e1 o desenvolvimento de protocolos claros e a capacita\u00e7\u00e3o de equipes de sa\u00fade para atender os dependentes qu\u00edmicos nas condi\u00e7\u00f5es estabelecidas pela nova legisla\u00e7\u00e3o. Isso \u00e9 vital para garantir que os recursos sejam aplicados de forma adequada e que o tratamento realizado seja digno e eficaz.<\/p>\n<h2>Perspectivas Futuras para Dependentes Qu\u00edmicos<\/h2>\n<p>O futuro da interna\u00e7\u00e3o involunt\u00e1ria de dependentes qu\u00edmicos em BH depender\u00e1 da supervis\u00e3o constante dessa nova pol\u00edtica, da capacidade do sistema de sa\u00fade de se adaptar \u00e0s demandas e da habilidade dos profissionais envolvidos para lidar com situa\u00e7\u00f5es delicadas.<\/p>\n<p>A sociedade, por sua vez, precisa continuar engajada em discuss\u00f5es sobre sa\u00fade mental e depend\u00eancia qu\u00edmica, promovendo a educa\u00e7\u00e3o e a conscientiza\u00e7\u00e3o sobre o tema. Isso pode ajudar a mudar percep\u00e7\u00f5es e facilitar o acesso a tratamentos mais humanizados, que v\u00e3o al\u00e9m da interna\u00e7\u00e3o e que ofere\u00e7am suporte efetivo \u00e0s pessoas que sofrem com a depend\u00eancia qu\u00edmica em nossa comunidade.<\/p>\n\n<div style=\"font-size: 0px; height: 0px; line-height: 0px; margin: 0; padding: 0; clear: both;\"><\/div>","protected":false},"excerpt":{"rendered":"<p>Belo Horizonte aprova interna\u00e7\u00e3o involunt\u00e1ria de dependentes, causando pol\u00eamica entre a popula\u00e7\u00e3o.<\/p>\n","protected":false},"author":1,"featured_media":3776,"comment_status":"closed","ping_status":"closed","sticky":false,"template":"","format":"standard","meta":{"footnotes":""},"categories":[6],"tags":[],"class_list":["post-3777","post","type-post","status-publish","format-standard","has-post-thumbnail","hentry","category-noticias","has_thumb"],"aioseo_notices":[],"_links":{"self":[{"href":"https:\/\/www.encontrabelohorizonte.com.br\/sobre\/wp-json\/wp\/v2\/posts\/3777","targetHints":{"allow":["GET"]}}],"collection":[{"href":"https:\/\/www.encontrabelohorizonte.com.br\/sobre\/wp-json\/wp\/v2\/posts"}],"about":[{"href":"https:\/\/www.encontrabelohorizonte.com.br\/sobre\/wp-json\/wp\/v2\/types\/post"}],"author":[{"embeddable":true,"href":"https:\/\/www.encontrabelohorizonte.com.br\/sobre\/wp-json\/wp\/v2\/users\/1"}],"replies":[{"embeddable":true,"href":"https:\/\/www.encontrabelohorizonte.com.br\/sobre\/wp-json\/wp\/v2\/comments?post=3777"}],"version-history":[{"count":0,"href":"https:\/\/www.encontrabelohorizonte.com.br\/sobre\/wp-json\/wp\/v2\/posts\/3777\/revisions"}],"wp:featuredmedia":[{"embeddable":true,"href":"https:\/\/www.encontrabelohorizonte.com.br\/sobre\/wp-json\/wp\/v2\/media\/3776"}],"wp:attachment":[{"href":"https:\/\/www.encontrabelohorizonte.com.br\/sobre\/wp-json\/wp\/v2\/media?parent=3777"}],"wp:term":[{"taxonomy":"category","embeddable":true,"href":"https:\/\/www.encontrabelohorizonte.com.br\/sobre\/wp-json\/wp\/v2\/categories?post=3777"},{"taxonomy":"post_tag","embeddable":true,"href":"https:\/\/www.encontrabelohorizonte.com.br\/sobre\/wp-json\/wp\/v2\/tags?post=3777"}],"curies":[{"name":"wp","href":"https:\/\/api.w.org\/{rel}","templated":true}]}}