{"id":3779,"date":"2026-03-26T05:29:05","date_gmt":"2026-03-26T08:29:05","guid":{"rendered":"https:\/\/www.encontrabelohorizonte.com.br\/sobre\/pbh-deve-informar-sobre-fila-de-espera-em-creches-e-oferta-de-ensino-integral\/"},"modified":"2026-03-26T05:29:05","modified_gmt":"2026-03-26T08:29:05","slug":"pbh-deve-informar-sobre-fila-de-espera-em-creches-e-oferta-de-ensino-integral","status":"publish","type":"post","link":"https:\/\/www.encontrabelohorizonte.com.br\/sobre\/pbh-deve-informar-sobre-fila-de-espera-em-creches-e-oferta-de-ensino-integral\/","title":{"rendered":"PBH deve informar sobre fila de espera em creches e oferta de ensino integral"},"content":{"rendered":"<div class=\"2e083cf0b19e2c11948dc6ac054ba979\" data-index=\"1\" style=\"float: none; margin:0px;\">\n<!-- Anuncio display - global -->\r\n<ins class=\"adsbygoogle\"\r\n     style=\"display:block\"\r\n     data-ad-client=\"ca-pub-8585364105181520\"\r\n     data-ad-slot=\"8789329856\"\r\n     data-ad-format=\"auto\"\r\n     data-full-width-responsive=\"true\"><\/ins>\r\n<script>\r\n     (adsbygoogle = window.adsbygoogle || []).push({});\r\n<\/script>\n<\/div>\n<h2>Contexto da Fila de Espera<\/h2>\n<p>Em Belo Horizonte, a quest\u00e3o da fila de espera por vagas em creches se tornou uma tema recorrente nas discuss\u00f5es sobre educa\u00e7\u00e3o. A demanda por servi\u00e7os de educa\u00e7\u00e3o infantil continua altas, levando a um n\u00famero consider\u00e1vel de crian\u00e7as aguardando para serem matriculadas nas institui\u00e7\u00f5es. Para abordar essa situa\u00e7\u00e3o, a Prefeitura deve ser transparente em rela\u00e7\u00e3o aos dados e relat\u00f3rios que possibilitem um panorama mais claro sobre a situa\u00e7\u00e3o atual das creches municipais.<\/p>\n<h2>Crit\u00e9rios para Inclus\u00e3o nas Creches<\/h2>\n<p>Os crit\u00e9rios espec\u00edficos que definem a inclus\u00e3o das crian\u00e7as nas creches municipais s\u00e3o de suma import\u00e2ncia. Saber quais s\u00e3o as diretrizes adotadas \u00e9 fundamental para que os pais e respons\u00e1veis compreendam como funciona o processo de matr\u00edcula. A falta de clareza nos crit\u00e9rios pode gerar inseguran\u00e7a entre as fam\u00edlias, o que torna ainda mais vital que a administra\u00e7\u00e3o p\u00fablica forne\u00e7a detalhes sobre as prioridades na aloca\u00e7\u00e3o de vagas.<\/p>\n<h2>Import\u00e2ncia do Ensino Integral<\/h2>\n<p>A educa\u00e7\u00e3o integral \u00e9 uma forma de maximizar a aprendizagem das crian\u00e7as, oferecendo n\u00e3o apenas atividades acad\u00eamicas, mas tamb\u00e9m uma variedade de experi\u00eancias de desenvolvimento pessoal e social. Com a amplia\u00e7\u00e3o do ensino integral na rede municipal, espera-se n\u00e3o apenas atender a demanda por vagas, mas tamb\u00e9m aprimorar a qualidade do ensino. Para isso, \u00e9 necess\u00e1rio um planejamento adequado, acompanhado por investimentos significativos.<\/p>\n<p><img decoding=\"async\" src=\"https:\/\/www.encontrabelohorizonte.com.br\/sobre\/wp-content\/uploads\/pbh-deve-informar-sobre-fila-de-espera-em-creches-e-oferta-de-ensino-integral.webp\" alt=\"fila de espera em creches\" loading=\"lazy\" \/><\/p>\n<h2>Metas para Redu\u00e7\u00e3o da Fila<\/h2>\n<p>Estabelecer metas claras e realistas para a redu\u00e7\u00e3o das filas de espera em creches \u00e9 um passo crucial. Essas metas devem ser acompanhadas por um cronograma detalhado que permita \u00e0 comunidade observar o progresso. A transpar\u00eancia nesse processo \u00e9 essencial para construir a confian\u00e7a da popula\u00e7\u00e3o em rela\u00e7\u00e3o \u00e0s pol\u00edticas p\u00fablicas implementadas.<\/p>\n<h2>Investimentos Necess\u00e1rios na Educa\u00e7\u00e3o<\/h2>\n<p>\u00c9 indispens\u00e1vel que haja um investimento consider\u00e1vel na infraestrutura e nos recursos humanos das creches para garantir que todas as crian\u00e7as que necessitam de atendimento possam ser acolhidas. Esses investimentos devem n\u00e3o apenas assegurar a abertura de novas vagas, mas tamb\u00e9m a melhoria das condi\u00e7\u00f5es j\u00e1 existentes nas unidades de ensino.<\/p>\n<h2>Estrat\u00e9gias de Recupera\u00e7\u00e3o da Aprendizagem<\/h2>\n<p>Diante de desafios educacionais, estrat\u00e9gias de recupera\u00e7\u00e3o da aprendizagem s\u00e3o necess\u00e1rias para auxiliar crian\u00e7as que enfrentaram dificuldades durante o processo escolar. \u00c9 vital que as pol\u00edticas de educa\u00e7\u00e3o incluam programas de refor\u00e7o, capacita\u00e7\u00e3o dos professores e atividades l\u00fadicas que favore\u00e7am a aprendizagem.  Com um foco na recupera\u00e7\u00e3o, diversas abordagens podem ser implementadas para atender \u00e0s diferentes necessidades das crian\u00e7as, garantindo que todos tenham acesso a um ensino de qualidade.<\/p>\n<h2>Dados Sobre Tempo de Espera<\/h2>\n<p>A disponibiliza\u00e7\u00e3o de dados sobre o tempo m\u00e9dio de espera para vagas em creches \u00e9 essencial para a melhoria da situa\u00e7\u00e3o. Esses dados devem ser publicamente acess\u00edveis, permitindo que os cidad\u00e3os acompanhem a evolu\u00e7\u00e3o das filas. Tamb\u00e9m \u00e9 importante que esses n\u00fameros sejam claros e compreens\u00edveis, pois informa\u00e7\u00f5es obscuras podem gerar desconfian\u00e7a na gest\u00e3o p\u00fablica.<\/p>\n<h2>Resultados do Sobrecadastro Permanente<\/h2>\n<p>O sistema de Sobrecadastro Permanente, crucial para a organiza\u00e7\u00e3o das vagas nas creches, deve ser analisado para garantir sua efici\u00eancia. Informa\u00e7\u00f5es sobre quantas crian\u00e7as est\u00e3o cadastradas, a taxa de vagas dispon\u00edveis e os motivos que influenciam a lota\u00e7\u00e3o podem ajudar a calibrar melhor a oferta de vagas. Com a adequa\u00e7\u00e3o desse sistema, busca-se melhorar a gest\u00e3o das filas e, consequentemente, proporcionar um atendimento mais amplo e efetivo.<\/p>\n<h2>Planejamento para o Futuro Educacional<\/h2>\n<p>O planejamento educacional deve ser baseado em dados concretos e di\u00e1logos com a sociedade. O intuito \u00e9 formar um futuro onde cada crian\u00e7a tenha a oportunidade de ser matriculada em uma creche que atenda suas necessidades. O envolvimento da comunidade nesse planejamento pode resultar em solu\u00e7\u00f5es inovadoras e mais eficazes.<\/p>\n<h2>Transpar\u00eancia na Gest\u00e3o da Educa\u00e7\u00e3o<\/h2>\n<p>A transpar\u00eancia \u00e9 um fator-chave para a confian\u00e7a da popula\u00e7\u00e3o nas pol\u00edticas da educa\u00e7\u00e3o. Informar os cidad\u00e3os sobre cada passo tomado, desde a aloca\u00e7\u00e3o de recursos at\u00e9 o desempenho das crian\u00e7as, \u00e9 fundamental para garantir que todos possam participar das discuss\u00f5es e ajustes necess\u00e1rios no sistema educacional. Portanto, a Prefeitura deve fornecer relat\u00f3rios peri\u00f3dicos que detalhem o andamento das a\u00e7\u00f5es implementadas nas creches e os resultados obtidos com essas iniciativas.<\/p>\n<p>Com um esfor\u00e7o conjunto entre a administra\u00e7\u00e3o p\u00fablica e a popula\u00e7\u00e3o, espera-se que a quest\u00e3o das filas de espera nas creches de Belo Horizonte seja resolvida, proporcionando um futuro mais promissor e igualit\u00e1rio para todas as crian\u00e7as da cidade.<\/p>\n\n<div style=\"font-size: 0px; height: 0px; line-height: 0px; margin: 0; padding: 0; clear: both;\"><\/div>","protected":false},"excerpt":{"rendered":"<p>Fila de espera em creches \u00e9 uma preocupa\u00e7\u00e3o que exige aten\u00e7\u00e3o!<\/p>\n","protected":false},"author":1,"featured_media":3778,"comment_status":"closed","ping_status":"closed","sticky":false,"template":"","format":"standard","meta":{"footnotes":""},"categories":[6],"tags":[],"class_list":["post-3779","post","type-post","status-publish","format-standard","has-post-thumbnail","hentry","category-noticias","has_thumb"],"aioseo_notices":[],"aioseo_head":"\n\t\t<!-- All in One SEO 5.0.0.1 - aioseo.com -->\n\t<meta name=\"description\" content=\"Fila de espera em creches \u00e9 uma preocupa\u00e7\u00e3o que exige aten\u00e7\u00e3o!\" \/>\n\t<meta name=\"robots\" content=\"max-image-preview:large\" \/>\n\t<meta name=\"author\" content=\"Encontra Belo Horizonte\"\/>\n\t<link rel=\"canonical\" href=\"https:\/\/www.encontrabelohorizonte.com.br\/sobre\/pbh-deve-informar-sobre-fila-de-espera-em-creches-e-oferta-de-ensino-integral\/\" \/>\n\t<meta name=\"generator\" content=\"All in One SEO (AIOSEO) 5.0.0.1\" \/>\n\t\t<meta property=\"og:locale\" content=\"pt_BR\" \/>\n\t\t<meta property=\"og:site_name\" content=\"Encontra Belo Horizonte | Not\u00edcias, eventos, informa\u00e7\u00f5es e dicas da cidade de Belo Horizonte e regi\u00e3o\" \/>\n\t\t<meta property=\"og:type\" content=\"article\" \/>\n\t\t<meta property=\"og:title\" content=\"PBH deve informar sobre fila de espera em creches e oferta de ensino integral | Encontra Belo Horizonte\" \/>\n\t\t<meta property=\"og:description\" content=\"Fila de espera em creches \u00e9 uma preocupa\u00e7\u00e3o que exige aten\u00e7\u00e3o!\" \/>\n\t\t<meta property=\"og:url\" content=\"https:\/\/www.encontrabelohorizonte.com.br\/sobre\/pbh-deve-informar-sobre-fila-de-espera-em-creches-e-oferta-de-ensino-integral\/\" \/>\n\t\t<meta property=\"article:published_time\" content=\"2026-03-26T08:29:05+00:00\" \/>\n\t\t<meta property=\"article:modified_time\" content=\"2026-03-26T08:29:05+00:00\" \/>\n\t\t<meta name=\"twitter:card\" content=\"summary\" \/>\n\t\t<meta name=\"twitter:title\" content=\"PBH deve informar sobre fila de espera em creches e oferta de ensino integral | Encontra Belo Horizonte\" \/>\n\t\t<meta name=\"twitter:description\" content=\"Fila de espera em creches \u00e9 uma preocupa\u00e7\u00e3o que exige aten\u00e7\u00e3o!\" \/>\n\t\t<script type=\"application\/ld+json\" class=\"aioseo-schema\">\n\t\t\t{\"@context\":\"https:\\\/\\\/schema.org\",\"@graph\":[{\"@type\":\"Article\",\"@id\":\"https:\\\/\\\/www.encontrabelohorizonte.com.br\\\/sobre\\\/pbh-deve-informar-sobre-fila-de-espera-em-creches-e-oferta-de-ensino-integral\\\/#article\",\"name\":\"PBH deve informar sobre fila de espera em creches e oferta de ensino integral | Encontra Belo Horizonte\",\"headline\":\"PBH deve informar sobre fila de espera em creches e oferta de ensino integral\",\"author\":{\"@id\":\"https:\\\/\\\/www.encontrabelohorizonte.com.br\\\/sobre\\\/author\\\/ebelohorizonte\\\/#author\"},\"publisher\":{\"@id\":\"https:\\\/\\\/www.encontrabelohorizonte.com.br\\\/sobre\\\/#organization\"},\"image\":{\"@type\":\"ImageObject\",\"url\":\"https:\\\/\\\/www.encontrabelohorizonte.com.br\\\/sobre\\\/wp-content\\\/uploads\\\/pbh-deve-informar-sobre-fila-de-espera-em-creches-e-oferta-de-ensino-integral.webp\",\"width\":280,\"height\":280,\"caption\":\"fila de espera em creches\"},\"datePublished\":\"2026-03-26T05:29:05-03:00\",\"dateModified\":\"2026-03-26T05:29:05-03:00\",\"inLanguage\":\"pt-BR\",\"mainEntityOfPage\":{\"@id\":\"https:\\\/\\\/www.encontrabelohorizonte.com.br\\\/sobre\\\/pbh-deve-informar-sobre-fila-de-espera-em-creches-e-oferta-de-ensino-integral\\\/#webpage\"},\"isPartOf\":{\"@id\":\"https:\\\/\\\/www.encontrabelohorizonte.com.br\\\/sobre\\\/pbh-deve-informar-sobre-fila-de-espera-em-creches-e-oferta-de-ensino-integral\\\/#webpage\"},\"articleSection\":\"Not\\u00edcias Belo Horizonte\"},{\"@type\":\"BreadcrumbList\",\"@id\":\"https:\\\/\\\/www.encontrabelohorizonte.com.br\\\/sobre\\\/pbh-deve-informar-sobre-fila-de-espera-em-creches-e-oferta-de-ensino-integral\\\/#breadcrumblist\",\"itemListElement\":[{\"@type\":\"ListItem\",\"@id\":\"https:\\\/\\\/www.encontrabelohorizonte.com.br\\\/sobre#listItem\",\"position\":1,\"name\":\"In\\u00edcio\",\"item\":\"https:\\\/\\\/www.encontrabelohorizonte.com.br\\\/sobre\",\"nextItem\":{\"@type\":\"ListItem\",\"@id\":\"https:\\\/\\\/www.encontrabelohorizonte.com.br\\\/sobre\\\/noticias\\\/#listItem\",\"name\":\"Not\\u00edcias Belo Horizonte\"}},{\"@type\":\"ListItem\",\"@id\":\"https:\\\/\\\/www.encontrabelohorizonte.com.br\\\/sobre\\\/noticias\\\/#listItem\",\"position\":2,\"name\":\"Not\\u00edcias Belo Horizonte\",\"item\":\"https:\\\/\\\/www.encontrabelohorizonte.com.br\\\/sobre\\\/noticias\\\/\",\"nextItem\":{\"@type\":\"ListItem\",\"@id\":\"https:\\\/\\\/www.encontrabelohorizonte.com.br\\\/sobre\\\/pbh-deve-informar-sobre-fila-de-espera-em-creches-e-oferta-de-ensino-integral\\\/#listItem\",\"name\":\"PBH deve informar sobre fila de espera em creches e oferta de ensino integral\"},\"previousItem\":{\"@type\":\"ListItem\",\"@id\":\"https:\\\/\\\/www.encontrabelohorizonte.com.br\\\/sobre#listItem\",\"name\":\"In\\u00edcio\"}},{\"@type\":\"ListItem\",\"@id\":\"https:\\\/\\\/www.encontrabelohorizonte.com.br\\\/sobre\\\/pbh-deve-informar-sobre-fila-de-espera-em-creches-e-oferta-de-ensino-integral\\\/#listItem\",\"position\":3,\"name\":\"PBH deve informar sobre fila de espera em creches e oferta de ensino integral\",\"previousItem\":{\"@type\":\"ListItem\",\"@id\":\"https:\\\/\\\/www.encontrabelohorizonte.com.br\\\/sobre\\\/noticias\\\/#listItem\",\"name\":\"Not\\u00edcias Belo Horizonte\"}}]},{\"@type\":\"Organization\",\"@id\":\"https:\\\/\\\/www.encontrabelohorizonte.com.br\\\/sobre\\\/#organization\",\"name\":\"Encontra Belo Horizonte\",\"description\":\"Not\\u00edcias, eventos, informa\\u00e7\\u00f5es e dicas da cidade de Belo Horizonte e regi\\u00e3o\",\"url\":\"https:\\\/\\\/www.encontrabelohorizonte.com.br\\\/sobre\\\/\"},{\"@type\":\"Person\",\"@id\":\"https:\\\/\\\/www.encontrabelohorizonte.com.br\\\/sobre\\\/author\\\/ebelohorizonte\\\/#author\",\"url\":\"https:\\\/\\\/www.encontrabelohorizonte.com.br\\\/sobre\\\/author\\\/ebelohorizonte\\\/\",\"name\":\"Encontra Belo Horizonte\",\"image\":{\"@type\":\"ImageObject\",\"@id\":\"https:\\\/\\\/www.encontrabelohorizonte.com.br\\\/sobre\\\/pbh-deve-informar-sobre-fila-de-espera-em-creches-e-oferta-de-ensino-integral\\\/#authorImage\",\"url\":\"https:\\\/\\\/secure.gravatar.com\\\/avatar\\\/507340682b8270222e1f208e23198b6ae7e2c6a1033ae84e99bc6bce4f82a387?s=96&d=mm&r=g\",\"width\":96,\"height\":96,\"caption\":\"Encontra Belo Horizonte\"}},{\"@type\":\"WebPage\",\"@id\":\"https:\\\/\\\/www.encontrabelohorizonte.com.br\\\/sobre\\\/pbh-deve-informar-sobre-fila-de-espera-em-creches-e-oferta-de-ensino-integral\\\/#webpage\",\"url\":\"https:\\\/\\\/www.encontrabelohorizonte.com.br\\\/sobre\\\/pbh-deve-informar-sobre-fila-de-espera-em-creches-e-oferta-de-ensino-integral\\\/\",\"name\":\"PBH deve informar sobre fila de espera em creches e oferta de ensino integral | Encontra Belo Horizonte\",\"description\":\"Fila de espera em creches \\u00e9 uma preocupa\\u00e7\\u00e3o que exige aten\\u00e7\\u00e3o!\",\"inLanguage\":\"pt-BR\",\"isPartOf\":{\"@id\":\"https:\\\/\\\/www.encontrabelohorizonte.com.br\\\/sobre\\\/#website\"},\"breadcrumb\":{\"@id\":\"https:\\\/\\\/www.encontrabelohorizonte.com.br\\\/sobre\\\/pbh-deve-informar-sobre-fila-de-espera-em-creches-e-oferta-de-ensino-integral\\\/#breadcrumblist\"},\"author\":{\"@id\":\"https:\\\/\\\/www.encontrabelohorizonte.com.br\\\/sobre\\\/author\\\/ebelohorizonte\\\/#author\"},\"creator\":{\"@id\":\"https:\\\/\\\/www.encontrabelohorizonte.com.br\\\/sobre\\\/author\\\/ebelohorizonte\\\/#author\"},\"image\":{\"@type\":\"ImageObject\",\"url\":\"https:\\\/\\\/www.encontrabelohorizonte.com.br\\\/sobre\\\/wp-content\\\/uploads\\\/pbh-deve-informar-sobre-fila-de-espera-em-creches-e-oferta-de-ensino-integral.webp\",\"@id\":\"https:\\\/\\\/www.encontrabelohorizonte.com.br\\\/sobre\\\/pbh-deve-informar-sobre-fila-de-espera-em-creches-e-oferta-de-ensino-integral\\\/#mainImage\",\"width\":280,\"height\":280,\"caption\":\"fila de espera em creches\"},\"primaryImageOfPage\":{\"@id\":\"https:\\\/\\\/www.encontrabelohorizonte.com.br\\\/sobre\\\/pbh-deve-informar-sobre-fila-de-espera-em-creches-e-oferta-de-ensino-integral\\\/#mainImage\"},\"datePublished\":\"2026-03-26T05:29:05-03:00\",\"dateModified\":\"2026-03-26T05:29:05-03:00\"},{\"@type\":\"WebSite\",\"@id\":\"https:\\\/\\\/www.encontrabelohorizonte.com.br\\\/sobre\\\/#website\",\"url\":\"https:\\\/\\\/www.encontrabelohorizonte.com.br\\\/sobre\\\/\",\"name\":\"Encontra Belo Horizonte\",\"description\":\"Not\\u00edcias, eventos, informa\\u00e7\\u00f5es e dicas da cidade de Belo Horizonte e regi\\u00e3o\",\"inLanguage\":\"pt-BR\",\"publisher\":{\"@id\":\"https:\\\/\\\/www.encontrabelohorizonte.com.br\\\/sobre\\\/#organization\"}}]}\n\t\t<\/script>\n\t\t<!-- All in One SEO -->\n\n","aioseo_head_json":{"title":"PBH deve informar sobre fila de espera em creches e oferta de ensino integral | Encontra Belo Horizonte","description":"Fila de espera em creches \u00e9 uma preocupa\u00e7\u00e3o que exige aten\u00e7\u00e3o!","canonical_url":"https:\/\/www.encontrabelohorizonte.com.br\/sobre\/pbh-deve-informar-sobre-fila-de-espera-em-creches-e-oferta-de-ensino-integral\/","robots":"max-image-preview:large","keywords":"","webmasterTools":{"miscellaneous":""},"schema":{"@context":"https:\/\/schema.org","@graph":[{"@type":"Article","@id":"https:\/\/www.encontrabelohorizonte.com.br\/sobre\/pbh-deve-informar-sobre-fila-de-espera-em-creches-e-oferta-de-ensino-integral\/#article","name":"PBH deve informar sobre fila de espera em creches e oferta de ensino integral | Encontra Belo Horizonte","headline":"PBH deve informar sobre fila de espera em creches e oferta de ensino integral","author":{"@id":"https:\/\/www.encontrabelohorizonte.com.br\/sobre\/author\/ebelohorizonte\/#author"},"publisher":{"@id":"https:\/\/www.encontrabelohorizonte.com.br\/sobre\/#organization"},"image":{"@type":"ImageObject","url":"https:\/\/www.encontrabelohorizonte.com.br\/sobre\/wp-content\/uploads\/pbh-deve-informar-sobre-fila-de-espera-em-creches-e-oferta-de-ensino-integral.webp","width":280,"height":280,"caption":"fila de espera em creches"},"datePublished":"2026-03-26T05:29:05-03:00","dateModified":"2026-03-26T05:29:05-03:00","inLanguage":"pt-BR","mainEntityOfPage":{"@id":"https:\/\/www.encontrabelohorizonte.com.br\/sobre\/pbh-deve-informar-sobre-fila-de-espera-em-creches-e-oferta-de-ensino-integral\/#webpage"},"isPartOf":{"@id":"https:\/\/www.encontrabelohorizonte.com.br\/sobre\/pbh-deve-informar-sobre-fila-de-espera-em-creches-e-oferta-de-ensino-integral\/#webpage"},"articleSection":"Not\u00edcias Belo Horizonte"},{"@type":"BreadcrumbList","@id":"https:\/\/www.encontrabelohorizonte.com.br\/sobre\/pbh-deve-informar-sobre-fila-de-espera-em-creches-e-oferta-de-ensino-integral\/#breadcrumblist","itemListElement":[{"@type":"ListItem","@id":"https:\/\/www.encontrabelohorizonte.com.br\/sobre#listItem","position":1,"name":"In\u00edcio","item":"https:\/\/www.encontrabelohorizonte.com.br\/sobre","nextItem":{"@type":"ListItem","@id":"https:\/\/www.encontrabelohorizonte.com.br\/sobre\/noticias\/#listItem","name":"Not\u00edcias Belo Horizonte"}},{"@type":"ListItem","@id":"https:\/\/www.encontrabelohorizonte.com.br\/sobre\/noticias\/#listItem","position":2,"name":"Not\u00edcias Belo Horizonte","item":"https:\/\/www.encontrabelohorizonte.com.br\/sobre\/noticias\/","nextItem":{"@type":"ListItem","@id":"https:\/\/www.encontrabelohorizonte.com.br\/sobre\/pbh-deve-informar-sobre-fila-de-espera-em-creches-e-oferta-de-ensino-integral\/#listItem","name":"PBH deve informar sobre fila de espera em creches e oferta de ensino integral"},"previousItem":{"@type":"ListItem","@id":"https:\/\/www.encontrabelohorizonte.com.br\/sobre#listItem","name":"In\u00edcio"}},{"@type":"ListItem","@id":"https:\/\/www.encontrabelohorizonte.com.br\/sobre\/pbh-deve-informar-sobre-fila-de-espera-em-creches-e-oferta-de-ensino-integral\/#listItem","position":3,"name":"PBH deve informar sobre fila de espera em creches e oferta de ensino integral","previousItem":{"@type":"ListItem","@id":"https:\/\/www.encontrabelohorizonte.com.br\/sobre\/noticias\/#listItem","name":"Not\u00edcias Belo Horizonte"}}]},{"@type":"Organization","@id":"https:\/\/www.encontrabelohorizonte.com.br\/sobre\/#organization","name":"Encontra Belo Horizonte","description":"Not\u00edcias, eventos, informa\u00e7\u00f5es e dicas da cidade de Belo Horizonte e regi\u00e3o","url":"https:\/\/www.encontrabelohorizonte.com.br\/sobre\/"},{"@type":"Person","@id":"https:\/\/www.encontrabelohorizonte.com.br\/sobre\/author\/ebelohorizonte\/#author","url":"https:\/\/www.encontrabelohorizonte.com.br\/sobre\/author\/ebelohorizonte\/","name":"Encontra Belo Horizonte","image":{"@type":"ImageObject","@id":"https:\/\/www.encontrabelohorizonte.com.br\/sobre\/pbh-deve-informar-sobre-fila-de-espera-em-creches-e-oferta-de-ensino-integral\/#authorImage","url":"https:\/\/secure.gravatar.com\/avatar\/507340682b8270222e1f208e23198b6ae7e2c6a1033ae84e99bc6bce4f82a387?s=96&d=mm&r=g","width":96,"height":96,"caption":"Encontra Belo Horizonte"}},{"@type":"WebPage","@id":"https:\/\/www.encontrabelohorizonte.com.br\/sobre\/pbh-deve-informar-sobre-fila-de-espera-em-creches-e-oferta-de-ensino-integral\/#webpage","url":"https:\/\/www.encontrabelohorizonte.com.br\/sobre\/pbh-deve-informar-sobre-fila-de-espera-em-creches-e-oferta-de-ensino-integral\/","name":"PBH deve informar sobre fila de espera em creches e oferta de ensino integral | Encontra Belo Horizonte","description":"Fila de espera em creches \u00e9 uma preocupa\u00e7\u00e3o que exige aten\u00e7\u00e3o!","inLanguage":"pt-BR","isPartOf":{"@id":"https:\/\/www.encontrabelohorizonte.com.br\/sobre\/#website"},"breadcrumb":{"@id":"https:\/\/www.encontrabelohorizonte.com.br\/sobre\/pbh-deve-informar-sobre-fila-de-espera-em-creches-e-oferta-de-ensino-integral\/#breadcrumblist"},"author":{"@id":"https:\/\/www.encontrabelohorizonte.com.br\/sobre\/author\/ebelohorizonte\/#author"},"creator":{"@id":"https:\/\/www.encontrabelohorizonte.com.br\/sobre\/author\/ebelohorizonte\/#author"},"image":{"@type":"ImageObject","url":"https:\/\/www.encontrabelohorizonte.com.br\/sobre\/wp-content\/uploads\/pbh-deve-informar-sobre-fila-de-espera-em-creches-e-oferta-de-ensino-integral.webp","@id":"https:\/\/www.encontrabelohorizonte.com.br\/sobre\/pbh-deve-informar-sobre-fila-de-espera-em-creches-e-oferta-de-ensino-integral\/#mainImage","width":280,"height":280,"caption":"fila de espera em creches"},"primaryImageOfPage":{"@id":"https:\/\/www.encontrabelohorizonte.com.br\/sobre\/pbh-deve-informar-sobre-fila-de-espera-em-creches-e-oferta-de-ensino-integral\/#mainImage"},"datePublished":"2026-03-26T05:29:05-03:00","dateModified":"2026-03-26T05:29:05-03:00"},{"@type":"WebSite","@id":"https:\/\/www.encontrabelohorizonte.com.br\/sobre\/#website","url":"https:\/\/www.encontrabelohorizonte.com.br\/sobre\/","name":"Encontra Belo Horizonte","description":"Not\u00edcias, eventos, informa\u00e7\u00f5es e dicas da cidade de Belo Horizonte e regi\u00e3o","inLanguage":"pt-BR","publisher":{"@id":"https:\/\/www.encontrabelohorizonte.com.br\/sobre\/#organization"}}]},"og:locale":"pt_BR","og:site_name":"Encontra Belo Horizonte | Not\u00edcias, eventos, informa\u00e7\u00f5es e dicas da cidade de Belo Horizonte e regi\u00e3o","og:type":"article","og:title":"PBH deve informar sobre fila de espera em creches e oferta de ensino integral | Encontra Belo Horizonte","og:description":"Fila de espera em creches \u00e9 uma preocupa\u00e7\u00e3o que exige aten\u00e7\u00e3o!","og:url":"https:\/\/www.encontrabelohorizonte.com.br\/sobre\/pbh-deve-informar-sobre-fila-de-espera-em-creches-e-oferta-de-ensino-integral\/","article:published_time":"2026-03-26T08:29:05+00:00","article:modified_time":"2026-03-26T08:29:05+00:00","twitter:card":"summary","twitter:title":"PBH deve informar sobre fila de espera em creches e oferta de ensino integral | Encontra Belo Horizonte","twitter:description":"Fila de espera em creches \u00e9 uma preocupa\u00e7\u00e3o que exige aten\u00e7\u00e3o!"},"aioseo_meta_data":{"post_id":"3779","title":null,"description":null,"keywords":null,"keyphrases":null,"primary_term":null,"canonical_url":null,"og_title":null,"og_description":null,"og_object_type":"default","og_image_type":"default","og_image_url":null,"og_image_width":null,"og_image_height":null,"og_image_custom_url":null,"og_image_custom_fields":null,"og_video":null,"og_custom_url":null,"og_article_section":null,"og_article_tags":null,"twitter_use_og":false,"twitter_card":"default","twitter_image_type":"default","twitter_image_url":null,"twitter_image_custom_url":null,"twitter_image_custom_fields":null,"twitter_title":null,"twitter_description":null,"schema":{"blockGraphs":[],"customGraphs":[],"default":{"data":{"Article":[],"Course":[],"Dataset":[],"FAQPage":[],"Movie":[],"Person":[],"Product":[],"ProductReview":[],"Car":[],"Recipe":[],"Service":[],"SoftwareApplication":[],"WebPage":[]},"graphName":"Article","isEnabled":true},"graphs":[]},"schema_type":"default","schema_type_options":null,"pillar_content":false,"robots_default":true,"robots_noindex":false,"robots_noarchive":false,"robots_nosnippet":false,"robots_nofollow":false,"robots_noimageindex":false,"robots_noodp":false,"robots_notranslate":false,"robots_max_snippet":null,"robots_max_videopreview":null,"robots_max_imagepreview":"large","priority":null,"frequency":null,"local_seo":null,"breadcrumb_settings":null,"limit_modified_date":false,"ai":null,"created":"2026-03-26 08:29:08","updated":"2026-03-26 08:49:59","focus_keyword":null,"additional_keywords":null,"truseo_locale":null,"seo_analyzer_scan_date":null},"aioseo_breadcrumb":"<div class=\"aioseo-breadcrumbs\"><span class=\"aioseo-breadcrumb\">\n\t\t\t<a href=\"https:\/\/www.encontrabelohorizonte.com.br\/sobre\" title=\"In\u00edcio\">In\u00edcio<\/a>\n\t\t<\/span><span class=\"aioseo-breadcrumb-separator\">&raquo;<\/span><span class=\"aioseo-breadcrumb\">\n\t\t\t<a href=\"https:\/\/www.encontrabelohorizonte.com.br\/sobre\/noticias\/\" title=\"Not\u00edcias Belo Horizonte\">Not\u00edcias Belo Horizonte<\/a>\n\t\t<\/span><span class=\"aioseo-breadcrumb-separator\">&raquo;<\/span><span class=\"aioseo-breadcrumb\">\n\t\t\tPBH deve informar sobre fila de espera em creches e oferta de ensino integral\n\t\t<\/span><\/div>","aioseo_breadcrumb_json":[{"label":"In\u00edcio","link":"https:\/\/www.encontrabelohorizonte.com.br\/sobre"},{"label":"Not\u00edcias Belo Horizonte","link":"https:\/\/www.encontrabelohorizonte.com.br\/sobre\/noticias\/"},{"label":"PBH deve informar sobre fila de espera em creches e oferta de ensino integral","link":"https:\/\/www.encontrabelohorizonte.com.br\/sobre\/pbh-deve-informar-sobre-fila-de-espera-em-creches-e-oferta-de-ensino-integral\/"}],"_links":{"self":[{"href":"https:\/\/www.encontrabelohorizonte.com.br\/sobre\/wp-json\/wp\/v2\/posts\/3779","targetHints":{"allow":["GET"]}}],"collection":[{"href":"https:\/\/www.encontrabelohorizonte.com.br\/sobre\/wp-json\/wp\/v2\/posts"}],"about":[{"href":"https:\/\/www.encontrabelohorizonte.com.br\/sobre\/wp-json\/wp\/v2\/types\/post"}],"author":[{"embeddable":true,"href":"https:\/\/www.encontrabelohorizonte.com.br\/sobre\/wp-json\/wp\/v2\/users\/1"}],"replies":[{"embeddable":true,"href":"https:\/\/www.encontrabelohorizonte.com.br\/sobre\/wp-json\/wp\/v2\/comments?post=3779"}],"version-history":[{"count":0,"href":"https:\/\/www.encontrabelohorizonte.com.br\/sobre\/wp-json\/wp\/v2\/posts\/3779\/revisions"}],"wp:featuredmedia":[{"embeddable":true,"href":"https:\/\/www.encontrabelohorizonte.com.br\/sobre\/wp-json\/wp\/v2\/media\/3778"}],"wp:attachment":[{"href":"https:\/\/www.encontrabelohorizonte.com.br\/sobre\/wp-json\/wp\/v2\/media?parent=3779"}],"wp:term":[{"taxonomy":"category","embeddable":true,"href":"https:\/\/www.encontrabelohorizonte.com.br\/sobre\/wp-json\/wp\/v2\/categories?post=3779"},{"taxonomy":"post_tag","embeddable":true,"href":"https:\/\/www.encontrabelohorizonte.com.br\/sobre\/wp-json\/wp\/v2\/tags?post=3779"}],"curies":[{"name":"wp","href":"https:\/\/api.w.org\/{rel}","templated":true}]}}